{"id":77,"date":"2020-01-23T11:12:37","date_gmt":"2020-01-23T14:12:37","guid":{"rendered":"http:\/\/patrocinados.estadao.com.br\/spbemnafoto\/2020\/?p=77"},"modified":"2020-01-30T12:46:32","modified_gmt":"2020-01-30T15:46:32","slug":"passeio-de-domingo-na-avenida-paulista","status":"publish","type":"post","link":"https:\/\/patrocinados.estadao.com.br\/spbemnafoto\/passeio-de-domingo-na-avenida-paulista\/","title":{"rendered":"Passeio de domingo na Avenida Paulista"},"content":{"rendered":"<h2>Geografia Mascarada<\/h2>\n<h3>Em um dos pontos altos da cidade, Paulista divide as bacias dos rios Tiet\u00ea e Pinheiros<\/h3>\n<div class='alignright'>\n\t<div class='dfp-tmeio1'><\/div>\n\t<script type='text\/javascript'>\n\tDFP.renderHtml({\n\t'selector':'div.dfp-tmeio1',\n\t'targets':{\n\t'formato':'tmeio1'\n\t},\n\t'screenmap':'Tile_300_250_T_250',\n\t'force': true\n\t});\n\t<\/script>\n\t<\/div><p>A verticaliza\u00e7\u00e3o da metr\u00f3pole camufla a impon\u00eancia geogr\u00e1fica do espig\u00e3o da Avenida Paulista. Mas os milhares de visitantes que lotam o lugar aos domingos, desde que ele passou a ser fechado para os autom\u00f3veis e \u00f4nibus em 2015, podem perceber como uma brisa muitas vezes refrescante no ver\u00e3o ou um vento gelado no inverno sopram sobre os seus rostos em \u00e1reas mais abertas, onde os altos edif\u00edcios que ladeiam o asfalto n\u00e3o sufocam tanto o ambiente.<\/p>\n<div class=\"alignleft\">\n<p><img loading=\"lazy\" decoding=\"async\" class=\"alignnone size-medium wp-image-180\" src=\"https:\/\/patrocinados.estadao.com.br\/spbemnafoto\/2020\/wp-content\/uploads\/2020\/01\/paulista-aos-domingos-57-1-300x225.jpg\" alt=\"\" width=\"300\" height=\"225\" srcset=\"https:\/\/patrocinados.estadao.com.br\/spbemnafoto\/wp-content\/uploads\/2020\/01\/paulista-aos-domingos-57-1-300x225.jpg 300w, https:\/\/patrocinados.estadao.com.br\/spbemnafoto\/wp-content\/uploads\/2020\/01\/paulista-aos-domingos-57-1-768x576.jpg 768w, https:\/\/patrocinados.estadao.com.br\/spbemnafoto\/wp-content\/uploads\/2020\/01\/paulista-aos-domingos-57-1.jpg 800w\" sizes=\"auto, (max-width: 300px) 85vw, 300px\" \/><\/p>\n<blockquote><p><em>\u00c9 a primeira vez que volto a S\u00e3o Paulo e passeio pela Paulista fechada aos carros, estou adorando<\/em><\/p>\n<p><em>A diversidade cultural dispon\u00edvel nesta avenida \u00e9 muit\u00edsimo interessante. Com esta variedade de op\u00e7\u00f5es virou mesmo a praia de quem vive na cidade<\/em><\/p>\n<p><strong>Mari Jeziokowski,<\/strong> (acima \u00e0 direita) nasceu na Bahia, mas vive como guia tur\u00edstica em Berlim h\u00e1 23 anos<\/p><\/blockquote>\n<\/div>\n<p>&nbsp;<\/p>\n<p>O plat\u00f4 por onde a avenida corre \u2013 e a Paulista n\u00e3o \u00e9 uma linha reta como pode se perceber, por exemplo, do alto do mirante do Sesc Paulista ou do pr\u00e9dio do Instituto Moreira Salles \u2013 \u00e9 um dos pontos mais altos da cidade. Por isso, a quantidade enorme de torres de televis\u00e3o e de r\u00e1dio que est\u00e3o espalhadas pela regi\u00e3o.<\/p>\n<div class=\"alignright\">\n<p><img loading=\"lazy\" decoding=\"async\" class=\"alignnone size-full wp-image-178\" src=\"https:\/\/patrocinados.estadao.com.br\/spbemnafoto\/2020\/wp-content\/uploads\/2020\/01\/paulista-aos-domingos-15.jpg\" alt=\"\" width=\"300\" height=\"385\" srcset=\"https:\/\/patrocinados.estadao.com.br\/spbemnafoto\/wp-content\/uploads\/2020\/01\/paulista-aos-domingos-15.jpg 300w, https:\/\/patrocinados.estadao.com.br\/spbemnafoto\/wp-content\/uploads\/2020\/01\/paulista-aos-domingos-15-234x300.jpg 234w\" sizes=\"auto, (max-width: 300px) 85vw, 300px\" \/><\/p>\n<blockquote><p><em>A experi\u00eancia, principalmente para as crian\u00e7as desde o passeio de metr\u00f4, \u00e9 muito boa<\/em><\/p>\n<p><strong>Elton Ricciardi<\/strong>, morador da zona sul<\/p><\/blockquote>\n<\/div>\n<p>Na eleg\u00e2ncia da geografia paulistana, a Avenida Paulista tamb\u00e9m \u00e9 literalmente um divisor de \u00e1guas. Por ser um morro, que os \u00edndios que viviam no planalto conheciam muito bem e chamavam o espig\u00e3o central de Caagua\u00e7u (Mata Grande), ele separa as bacias hidrogr\u00e1ficas dos Rios Tiet\u00ea e Pinheiros. Toda a \u00e1gua, seja da chuva, dos pr\u00e9dios ou at\u00e9 de nascentes que rolam morro abaixo pelo lado voltado para o centro paulistano (atr\u00e1s do Masp, por exemplo), tende a chegar de alguma forma ao Tiet\u00ea. Do lado oposto, onde ficam os Jardins, o destino ser\u00e1 a bacia do Pinheiros, a n\u00e3o ser que entupimentos e o concreto impe\u00e7am a \u00e1gua de fluir pelo seu caminho natural.<\/p>\n<p>Aberta em 1891, a Paulista tamb\u00e9m \u00e9 o grande s\u00edmbolo paulistano, como apontaram os leitores do <strong>Estad\u00e3o <\/strong>nesta enquete para o anivers\u00e1rio da cidade em 2020, porque ela registra, em suas constru\u00e7\u00f5es, os grandes momentos da cidade de S\u00e3o Paulo. Como os casar\u00f5es para as fam\u00edlias influentes da cidade na primeira metade do s\u00e9culo 20, a chegada da arquitetura moderna \u2013 o pr\u00e9dio do Conjunto Nacional \u00e9 um exemplo \u2013 em meados do s\u00e9culo passado e a forte liga\u00e7\u00e3o com o mundo das artes. Museus e cinemas tamb\u00e9m sempre est\u00e3o renovando a regi\u00e3o. Se o Masp e o Ita\u00fa Cultural s\u00e3o exemplos mais antigos dessa liga\u00e7\u00e3o entre a avenida e a sempre empolgante cultura paulistana, mais recentemente o Sesc Paulista, o Instituto Moreira Salles e a Japan House passaram a refor\u00e7ar ainda mais essa voca\u00e7\u00e3o da Paulista.<\/p>\n<div class=\"banner_interno\">\n\t<!-- In\u00edcio Banner 970x250 --><\/p>\n<div class=\"dfp-htopo\"><\/div>\n<p>\t<script type=\"text\/javascript\">\n\tDFP.renderHtml({\n\t'selector':'div.dfp-htopo',\n\t'targets':{\n\t'formato':'htopo',\n\t'tags':''\n\t},\n\t'screenmap':'Horizontal_970_250_T_60',\n\t'force': true\n\t});\n\t<\/script><br \/>\n\t<!-- Fim Banner 970x250 -->\n<\/div>\n<div class=\"alignleft\">\n<p><img loading=\"lazy\" decoding=\"async\" class=\"alignnone size-full wp-image-179\" src=\"https:\/\/patrocinados.estadao.com.br\/spbemnafoto\/2020\/wp-content\/uploads\/2020\/01\/paulista-aos-domingos-20.jpg\" alt=\"\" width=\"300\" height=\"385\" srcset=\"https:\/\/patrocinados.estadao.com.br\/spbemnafoto\/wp-content\/uploads\/2020\/01\/paulista-aos-domingos-20.jpg 300w, https:\/\/patrocinados.estadao.com.br\/spbemnafoto\/wp-content\/uploads\/2020\/01\/paulista-aos-domingos-20-234x300.jpg 234w\" sizes=\"auto, (max-width: 300px) 85vw, 300px\" \/><\/p>\n<blockquote><p><em>Ele adora a Paulista, por causa da m\u00fasica e da variedade de atra\u00e7\u00f5es como o Sesc<\/em><\/p>\n<p><strong>Fabio Correia<\/strong>, pai do Miguel<\/p><\/blockquote>\n<\/div>\n<p>Mesmo com toda a transforma\u00e7\u00e3o ao longo de d\u00e9cadas, o\u00e1sis do passado ainda est\u00e3o presentes. H\u00e1 a mans\u00e3o da Casa das Rosas (no n\u00famero 37 desde 1935), o Hospital Santa Catarina (no n\u00famero 200 desde 1906), o Instituto Pasteur (no n\u00famero 393 desde 1904) e a mata ainda preservada do Trianon, em frente ao Masp, parque aberto em 1892, um ano ap\u00f3s a inaugura\u00e7\u00e3o da pr\u00f3pria Paulista.<\/p>\n<p><img loading=\"lazy\" decoding=\"async\" class=\"size-full wp-image-182 alignright\" src=\"https:\/\/patrocinados.estadao.com.br\/spbemnafoto\/2020\/wp-content\/uploads\/2020\/01\/paulista-aos-domingos-59.jpg\" alt=\"\" width=\"300\" height=\"385\" srcset=\"https:\/\/patrocinados.estadao.com.br\/spbemnafoto\/wp-content\/uploads\/2020\/01\/paulista-aos-domingos-59.jpg 300w, https:\/\/patrocinados.estadao.com.br\/spbemnafoto\/wp-content\/uploads\/2020\/01\/paulista-aos-domingos-59-234x300.jpg 234w\" sizes=\"auto, (max-width: 300px) 85vw, 300px\" \/><\/p>\n","protected":false},"excerpt":{"rendered":"<p>A verticaliza\u00e7\u00e3o da metr\u00f3pole camufla a impon\u00eancia geogr\u00e1fica do espig\u00e3o da Avenida Paulista. Mas os milhares de visitantes que lotam o lugar aos domingos, desde que ele passou a ser fechado para os autom\u00f3veis e&#8230; <a href=\"https:\/\/patrocinados.estadao.com.br\/spbemnafoto\/passeio-de-domingo-na-avenida-paulista\/\" class=\"btn_veja_mais\" rel=\"nofollow\"> veja mais \u00bb <\/a><\/p>\n","protected":false},"author":2,"featured_media":140,"comment_status":"open","ping_status":"closed","sticky":false,"template":"template-avenida-paulista.php","format":"standard","meta":{"_acf_changed":false,"ngg_post_thumbnail":0,"footnotes":""},"categories":[4],"tags":[],"class_list":["post-77","post","type-post","status-publish","format-standard","has-post-thumbnail","hentry","category-lazer"],"acf":[],"yoast_head":"<!-- This site is optimized with the Yoast SEO plugin v27.1.1 - https:\/\/yoast.com\/product\/yoast-seo-wordpress\/ -->\n<title>Passeio de domingo na Avenida Paulista - S\u00e3o Paulo Bem na Foto 3a Edi\u00e7\u00e3o<\/title>\n<meta name=\"description\" content=\"Grande vencedor: Passeio de domingo na Avenida Paulista, Em um dos pontos altos da cidade, Paulista divide as bacias dos rios Tiet\u00ea e Pinheiro\" \/>\n<meta name=\"robots\" content=\"index, follow, max-snippet:-1, max-image-preview:large, max-video-preview:-1\" \/>\n<link rel=\"canonical\" href=\"https:\/\/patrocinados.estadao.com.br\/spbemnafoto\/passeio-de-domingo-na-avenida-paulista\/\" \/>\n<meta property=\"og:locale\" content=\"pt_BR\" \/>\n<meta property=\"og:type\" content=\"article\" \/>\n<meta property=\"og:title\" content=\"Passeio de domingo na Avenida Paulista - S\u00e3o Paulo Bem na Foto 3a Edi\u00e7\u00e3o\" \/>\n<meta property=\"og:description\" content=\"Grande vencedor: Passeio de domingo na Avenida Paulista, Em um dos pontos altos da cidade, Paulista divide as bacias dos rios Tiet\u00ea e Pinheiro\" \/>\n<meta property=\"og:url\" content=\"https:\/\/patrocinados.estadao.com.br\/spbemnafoto\/passeio-de-domingo-na-avenida-paulista\/\" \/>\n<meta property=\"og:site_name\" content=\"S\u00e3o Paulo Bem na Foto 3a Edi\u00e7\u00e3o\" \/>\n<meta property=\"article:published_time\" content=\"2020-01-23T14:12:37+00:00\" \/>\n<meta property=\"article:modified_time\" content=\"2020-01-30T15:46:32+00:00\" \/>\n<meta property=\"og:image\" content=\"https:\/\/patrocinados.estadao.com.br\/spbemnafoto\/wp-content\/uploads\/2020\/01\/paulista-aos-domingos-44-scaled.jpg\" \/>\n\t<meta property=\"og:image:width\" content=\"2560\" \/>\n\t<meta property=\"og:image:height\" content=\"1707\" \/>\n\t<meta property=\"og:image:type\" content=\"image\/jpeg\" \/>\n<meta name=\"author\" content=\"Henrique Gois\" \/>\n<meta name=\"twitter:card\" content=\"summary_large_image\" \/>\n<meta name=\"twitter:label1\" content=\"Escrito por\" \/>\n\t<meta name=\"twitter:data1\" content=\"Henrique Gois\" \/>\n\t<meta name=\"twitter:label2\" content=\"Est. tempo de leitura\" \/>\n\t<meta name=\"twitter:data2\" content=\"3 minutos\" \/>\n<script type=\"application\/ld+json\" class=\"yoast-schema-graph\">{\"@context\":\"https:\/\/schema.org\",\"@graph\":[{\"@type\":\"Article\",\"@id\":\"https:\/\/patrocinados.estadao.com.br\/spbemnafoto\/passeio-de-domingo-na-avenida-paulista\/#article\",\"isPartOf\":{\"@id\":\"https:\/\/patrocinados.estadao.com.br\/spbemnafoto\/passeio-de-domingo-na-avenida-paulista\/\"},\"author\":{\"name\":\"Henrique Gois\",\"@id\":\"https:\/\/patrocinados.estadao.com.br\/spbemnafoto\/#\/schema\/person\/a4ee91793954932c28a2ff291f70943e\"},\"headline\":\"Passeio de domingo na Avenida Paulista\",\"datePublished\":\"2020-01-23T14:12:37+00:00\",\"dateModified\":\"2020-01-30T15:46:32+00:00\",\"mainEntityOfPage\":{\"@id\":\"https:\/\/patrocinados.estadao.com.br\/spbemnafoto\/passeio-de-domingo-na-avenida-paulista\/\"},\"wordCount\":620,\"commentCount\":0,\"image\":{\"@id\":\"https:\/\/patrocinados.estadao.com.br\/spbemnafoto\/passeio-de-domingo-na-avenida-paulista\/#primaryimage\"},\"thumbnailUrl\":\"https:\/\/patrocinados.estadao.com.br\/spbemnafoto\/wp-content\/uploads\/2020\/01\/paulista-aos-domingos-44-scaled.jpg\",\"articleSection\":[\"Lazer\"],\"inLanguage\":\"pt-BR\",\"potentialAction\":[{\"@type\":\"CommentAction\",\"name\":\"Comment\",\"target\":[\"https:\/\/patrocinados.estadao.com.br\/spbemnafoto\/passeio-de-domingo-na-avenida-paulista\/#respond\"]}]},{\"@type\":\"WebPage\",\"@id\":\"https:\/\/patrocinados.estadao.com.br\/spbemnafoto\/passeio-de-domingo-na-avenida-paulista\/\",\"url\":\"https:\/\/patrocinados.estadao.com.br\/spbemnafoto\/passeio-de-domingo-na-avenida-paulista\/\",\"name\":\"Passeio de domingo na Avenida Paulista - S\u00e3o Paulo Bem na Foto 3a Edi\u00e7\u00e3o\",\"isPartOf\":{\"@id\":\"https:\/\/patrocinados.estadao.com.br\/spbemnafoto\/#website\"},\"primaryImageOfPage\":{\"@id\":\"https:\/\/patrocinados.estadao.com.br\/spbemnafoto\/passeio-de-domingo-na-avenida-paulista\/#primaryimage\"},\"image\":{\"@id\":\"https:\/\/patrocinados.estadao.com.br\/spbemnafoto\/passeio-de-domingo-na-avenida-paulista\/#primaryimage\"},\"thumbnailUrl\":\"https:\/\/patrocinados.estadao.com.br\/spbemnafoto\/wp-content\/uploads\/2020\/01\/paulista-aos-domingos-44-scaled.jpg\",\"datePublished\":\"2020-01-23T14:12:37+00:00\",\"dateModified\":\"2020-01-30T15:46:32+00:00\",\"author\":{\"@id\":\"https:\/\/patrocinados.estadao.com.br\/spbemnafoto\/#\/schema\/person\/a4ee91793954932c28a2ff291f70943e\"},\"description\":\"Grande vencedor: Passeio de domingo na Avenida Paulista, Em um dos pontos altos da cidade, Paulista divide as bacias dos rios Tiet\u00ea e Pinheiro\",\"breadcrumb\":{\"@id\":\"https:\/\/patrocinados.estadao.com.br\/spbemnafoto\/passeio-de-domingo-na-avenida-paulista\/#breadcrumb\"},\"inLanguage\":\"pt-BR\",\"potentialAction\":[{\"@type\":\"ReadAction\",\"target\":[\"https:\/\/patrocinados.estadao.com.br\/spbemnafoto\/passeio-de-domingo-na-avenida-paulista\/\"]}]},{\"@type\":\"ImageObject\",\"inLanguage\":\"pt-BR\",\"@id\":\"https:\/\/patrocinados.estadao.com.br\/spbemnafoto\/passeio-de-domingo-na-avenida-paulista\/#primaryimage\",\"url\":\"https:\/\/patrocinados.estadao.com.br\/spbemnafoto\/wp-content\/uploads\/2020\/01\/paulista-aos-domingos-44-scaled.jpg\",\"contentUrl\":\"https:\/\/patrocinados.estadao.com.br\/spbemnafoto\/wp-content\/uploads\/2020\/01\/paulista-aos-domingos-44-scaled.jpg\",\"width\":2560,\"height\":1707,\"caption\":\"12\/02\/2020 - Especial Anivers\u00e1rio de S\u00e3o Paulo - Fotos da Avenida Paulista fechada para carros no domingo , que foi escolhida como o melhor passeio de SP. At\u00e9 mesmo com chuva as pessoas transitam para curtir v\u00e1rias atra\u00e7\u00f5es ao longo da via. Fotos: Marco Ankosqui\"},{\"@type\":\"BreadcrumbList\",\"@id\":\"https:\/\/patrocinados.estadao.com.br\/spbemnafoto\/passeio-de-domingo-na-avenida-paulista\/#breadcrumb\",\"itemListElement\":[{\"@type\":\"ListItem\",\"position\":1,\"name\":\"In\u00edcio\",\"item\":\"https:\/\/patrocinados.estadao.com.br\/spbemnafoto\/\"},{\"@type\":\"ListItem\",\"position\":2,\"name\":\"Passeio de domingo na Avenida Paulista\"}]},{\"@type\":\"WebSite\",\"@id\":\"https:\/\/patrocinados.estadao.com.br\/spbemnafoto\/#website\",\"url\":\"https:\/\/patrocinados.estadao.com.br\/spbemnafoto\/\",\"name\":\"S\u00e3o Paulo Bem na Foto 3a Edi\u00e7\u00e3o\",\"description\":\"25 pontos interessantes da capital que est\u00e1 completando 466 anos de hist\u00f3ria\",\"potentialAction\":[{\"@type\":\"SearchAction\",\"target\":{\"@type\":\"EntryPoint\",\"urlTemplate\":\"https:\/\/patrocinados.estadao.com.br\/spbemnafoto\/?s={search_term_string}\"},\"query-input\":{\"@type\":\"PropertyValueSpecification\",\"valueRequired\":true,\"valueName\":\"search_term_string\"}}],\"inLanguage\":\"pt-BR\"},{\"@type\":\"Person\",\"@id\":\"https:\/\/patrocinados.estadao.com.br\/spbemnafoto\/#\/schema\/person\/a4ee91793954932c28a2ff291f70943e\",\"name\":\"Henrique Gois\",\"image\":{\"@type\":\"ImageObject\",\"inLanguage\":\"pt-BR\",\"@id\":\"https:\/\/patrocinados.estadao.com.br\/spbemnafoto\/#\/schema\/person\/image\/\",\"url\":\"https:\/\/secure.gravatar.com\/avatar\/9d33d40efdce4963188a84bd4777a5f81f7c8e9cfcc15e6853c05f5cfee4c0ab?s=96&d=mm&r=g\",\"contentUrl\":\"https:\/\/secure.gravatar.com\/avatar\/9d33d40efdce4963188a84bd4777a5f81f7c8e9cfcc15e6853c05f5cfee4c0ab?s=96&d=mm&r=g\",\"caption\":\"Henrique Gois\"},\"sameAs\":[\"http:\/\/www.geosfera.com.br\/\"],\"url\":\"https:\/\/patrocinados.estadao.com.br\/spbemnafoto\/author\/henrique_geosfera\/\"}]}<\/script>\n<!-- \/ Yoast SEO plugin. -->","yoast_head_json":{"title":"Passeio de domingo na Avenida Paulista - S\u00e3o Paulo Bem na Foto 3a Edi\u00e7\u00e3o","description":"Grande vencedor: Passeio de domingo na Avenida Paulista, Em um dos pontos altos da cidade, Paulista divide as bacias dos rios Tiet\u00ea e Pinheiro","robots":{"index":"index","follow":"follow","max-snippet":"max-snippet:-1","max-image-preview":"max-image-preview:large","max-video-preview":"max-video-preview:-1"},"canonical":"https:\/\/patrocinados.estadao.com.br\/spbemnafoto\/passeio-de-domingo-na-avenida-paulista\/","og_locale":"pt_BR","og_type":"article","og_title":"Passeio de domingo na Avenida Paulista - S\u00e3o Paulo Bem na Foto 3a Edi\u00e7\u00e3o","og_description":"Grande vencedor: Passeio de domingo na Avenida Paulista, Em um dos pontos altos da cidade, Paulista divide as bacias dos rios Tiet\u00ea e Pinheiro","og_url":"https:\/\/patrocinados.estadao.com.br\/spbemnafoto\/passeio-de-domingo-na-avenida-paulista\/","og_site_name":"S\u00e3o Paulo Bem na Foto 3a Edi\u00e7\u00e3o","article_published_time":"2020-01-23T14:12:37+00:00","article_modified_time":"2020-01-30T15:46:32+00:00","og_image":[{"width":2560,"height":1707,"url":"https:\/\/patrocinados.estadao.com.br\/spbemnafoto\/wp-content\/uploads\/2020\/01\/paulista-aos-domingos-44-scaled.jpg","type":"image\/jpeg"}],"author":"Henrique Gois","twitter_card":"summary_large_image","twitter_misc":{"Escrito por":"Henrique Gois","Est. tempo de leitura":"3 minutos"},"schema":{"@context":"https:\/\/schema.org","@graph":[{"@type":"Article","@id":"https:\/\/patrocinados.estadao.com.br\/spbemnafoto\/passeio-de-domingo-na-avenida-paulista\/#article","isPartOf":{"@id":"https:\/\/patrocinados.estadao.com.br\/spbemnafoto\/passeio-de-domingo-na-avenida-paulista\/"},"author":{"name":"Henrique Gois","@id":"https:\/\/patrocinados.estadao.com.br\/spbemnafoto\/#\/schema\/person\/a4ee91793954932c28a2ff291f70943e"},"headline":"Passeio de domingo na Avenida Paulista","datePublished":"2020-01-23T14:12:37+00:00","dateModified":"2020-01-30T15:46:32+00:00","mainEntityOfPage":{"@id":"https:\/\/patrocinados.estadao.com.br\/spbemnafoto\/passeio-de-domingo-na-avenida-paulista\/"},"wordCount":620,"commentCount":0,"image":{"@id":"https:\/\/patrocinados.estadao.com.br\/spbemnafoto\/passeio-de-domingo-na-avenida-paulista\/#primaryimage"},"thumbnailUrl":"https:\/\/patrocinados.estadao.com.br\/spbemnafoto\/wp-content\/uploads\/2020\/01\/paulista-aos-domingos-44-scaled.jpg","articleSection":["Lazer"],"inLanguage":"pt-BR","potentialAction":[{"@type":"CommentAction","name":"Comment","target":["https:\/\/patrocinados.estadao.com.br\/spbemnafoto\/passeio-de-domingo-na-avenida-paulista\/#respond"]}]},{"@type":"WebPage","@id":"https:\/\/patrocinados.estadao.com.br\/spbemnafoto\/passeio-de-domingo-na-avenida-paulista\/","url":"https:\/\/patrocinados.estadao.com.br\/spbemnafoto\/passeio-de-domingo-na-avenida-paulista\/","name":"Passeio de domingo na Avenida Paulista - S\u00e3o Paulo Bem na Foto 3a Edi\u00e7\u00e3o","isPartOf":{"@id":"https:\/\/patrocinados.estadao.com.br\/spbemnafoto\/#website"},"primaryImageOfPage":{"@id":"https:\/\/patrocinados.estadao.com.br\/spbemnafoto\/passeio-de-domingo-na-avenida-paulista\/#primaryimage"},"image":{"@id":"https:\/\/patrocinados.estadao.com.br\/spbemnafoto\/passeio-de-domingo-na-avenida-paulista\/#primaryimage"},"thumbnailUrl":"https:\/\/patrocinados.estadao.com.br\/spbemnafoto\/wp-content\/uploads\/2020\/01\/paulista-aos-domingos-44-scaled.jpg","datePublished":"2020-01-23T14:12:37+00:00","dateModified":"2020-01-30T15:46:32+00:00","author":{"@id":"https:\/\/patrocinados.estadao.com.br\/spbemnafoto\/#\/schema\/person\/a4ee91793954932c28a2ff291f70943e"},"description":"Grande vencedor: Passeio de domingo na Avenida Paulista, Em um dos pontos altos da cidade, Paulista divide as bacias dos rios Tiet\u00ea e Pinheiro","breadcrumb":{"@id":"https:\/\/patrocinados.estadao.com.br\/spbemnafoto\/passeio-de-domingo-na-avenida-paulista\/#breadcrumb"},"inLanguage":"pt-BR","potentialAction":[{"@type":"ReadAction","target":["https:\/\/patrocinados.estadao.com.br\/spbemnafoto\/passeio-de-domingo-na-avenida-paulista\/"]}]},{"@type":"ImageObject","inLanguage":"pt-BR","@id":"https:\/\/patrocinados.estadao.com.br\/spbemnafoto\/passeio-de-domingo-na-avenida-paulista\/#primaryimage","url":"https:\/\/patrocinados.estadao.com.br\/spbemnafoto\/wp-content\/uploads\/2020\/01\/paulista-aos-domingos-44-scaled.jpg","contentUrl":"https:\/\/patrocinados.estadao.com.br\/spbemnafoto\/wp-content\/uploads\/2020\/01\/paulista-aos-domingos-44-scaled.jpg","width":2560,"height":1707,"caption":"12\/02\/2020 - Especial Anivers\u00e1rio de S\u00e3o Paulo - Fotos da Avenida Paulista fechada para carros no domingo , que foi escolhida como o melhor passeio de SP. At\u00e9 mesmo com chuva as pessoas transitam para curtir v\u00e1rias atra\u00e7\u00f5es ao longo da via. Fotos: Marco Ankosqui"},{"@type":"BreadcrumbList","@id":"https:\/\/patrocinados.estadao.com.br\/spbemnafoto\/passeio-de-domingo-na-avenida-paulista\/#breadcrumb","itemListElement":[{"@type":"ListItem","position":1,"name":"In\u00edcio","item":"https:\/\/patrocinados.estadao.com.br\/spbemnafoto\/"},{"@type":"ListItem","position":2,"name":"Passeio de domingo na Avenida Paulista"}]},{"@type":"WebSite","@id":"https:\/\/patrocinados.estadao.com.br\/spbemnafoto\/#website","url":"https:\/\/patrocinados.estadao.com.br\/spbemnafoto\/","name":"S\u00e3o Paulo Bem na Foto 3a Edi\u00e7\u00e3o","description":"25 pontos interessantes da capital que est\u00e1 completando 466 anos de hist\u00f3ria","potentialAction":[{"@type":"SearchAction","target":{"@type":"EntryPoint","urlTemplate":"https:\/\/patrocinados.estadao.com.br\/spbemnafoto\/?s={search_term_string}"},"query-input":{"@type":"PropertyValueSpecification","valueRequired":true,"valueName":"search_term_string"}}],"inLanguage":"pt-BR"},{"@type":"Person","@id":"https:\/\/patrocinados.estadao.com.br\/spbemnafoto\/#\/schema\/person\/a4ee91793954932c28a2ff291f70943e","name":"Henrique Gois","image":{"@type":"ImageObject","inLanguage":"pt-BR","@id":"https:\/\/patrocinados.estadao.com.br\/spbemnafoto\/#\/schema\/person\/image\/","url":"https:\/\/secure.gravatar.com\/avatar\/9d33d40efdce4963188a84bd4777a5f81f7c8e9cfcc15e6853c05f5cfee4c0ab?s=96&d=mm&r=g","contentUrl":"https:\/\/secure.gravatar.com\/avatar\/9d33d40efdce4963188a84bd4777a5f81f7c8e9cfcc15e6853c05f5cfee4c0ab?s=96&d=mm&r=g","caption":"Henrique Gois"},"sameAs":["http:\/\/www.geosfera.com.br\/"],"url":"https:\/\/patrocinados.estadao.com.br\/spbemnafoto\/author\/henrique_geosfera\/"}]}},"_links":{"self":[{"href":"https:\/\/patrocinados.estadao.com.br\/spbemnafoto\/wp-json\/wp\/v2\/posts\/77","targetHints":{"allow":["GET"]}}],"collection":[{"href":"https:\/\/patrocinados.estadao.com.br\/spbemnafoto\/wp-json\/wp\/v2\/posts"}],"about":[{"href":"https:\/\/patrocinados.estadao.com.br\/spbemnafoto\/wp-json\/wp\/v2\/types\/post"}],"author":[{"embeddable":true,"href":"https:\/\/patrocinados.estadao.com.br\/spbemnafoto\/wp-json\/wp\/v2\/users\/2"}],"replies":[{"embeddable":true,"href":"https:\/\/patrocinados.estadao.com.br\/spbemnafoto\/wp-json\/wp\/v2\/comments?post=77"}],"version-history":[{"count":24,"href":"https:\/\/patrocinados.estadao.com.br\/spbemnafoto\/wp-json\/wp\/v2\/posts\/77\/revisions"}],"predecessor-version":[{"id":469,"href":"https:\/\/patrocinados.estadao.com.br\/spbemnafoto\/wp-json\/wp\/v2\/posts\/77\/revisions\/469"}],"wp:featuredmedia":[{"embeddable":true,"href":"https:\/\/patrocinados.estadao.com.br\/spbemnafoto\/wp-json\/wp\/v2\/media\/140"}],"wp:attachment":[{"href":"https:\/\/patrocinados.estadao.com.br\/spbemnafoto\/wp-json\/wp\/v2\/media?parent=77"}],"wp:term":[{"taxonomy":"category","embeddable":true,"href":"https:\/\/patrocinados.estadao.com.br\/spbemnafoto\/wp-json\/wp\/v2\/categories?post=77"},{"taxonomy":"post_tag","embeddable":true,"href":"https:\/\/patrocinados.estadao.com.br\/spbemnafoto\/wp-json\/wp\/v2\/tags?post=77"}],"curies":[{"name":"wp","href":"https:\/\/api.w.org\/{rel}","templated":true}]}}