{"id":64,"date":"2020-01-22T11:00:11","date_gmt":"2020-01-22T14:00:11","guid":{"rendered":"http:\/\/patrocinados.estadao.com.br\/spbemnafoto\/2020\/?p=64"},"modified":"2020-01-27T10:49:45","modified_gmt":"2020-01-27T13:49:45","slug":"ensaio-de-carnaval-na-quadra-de-uma-escola-de-samba","status":"publish","type":"post","link":"https:\/\/patrocinados.estadao.com.br\/spbemnafoto\/ensaio-de-carnaval-na-quadra-de-uma-escola-de-samba\/","title":{"rendered":"Ensaio de carnaval na quadra de uma escola de samba"},"content":{"rendered":"<h2><strong>Samba \u00e9 tradi\u00e7\u00e3o<\/strong><\/h2>\n<h3>Nos meses antes do Carnaval, dezenas de ensaios se espalham semanalmente pela capital<\/h3>\n<div class='alignright'>\n\t<div class='dfp-tmeio1'><\/div>\n\t<script type='text\/javascript'>\n\tDFP.renderHtml({\n\t'selector':'div.dfp-tmeio1',\n\t'targets':{\n\t'formato':'tmeio1'\n\t},\n\t'screenmap':'Tile_300_250_T_250',\n\t'force': true\n\t});\n\t<\/script>\n\t<\/div><p>Um ensaio de uma escola de samba em sua quadra, semanas antes do carnaval, \u00e9 um espet\u00e1culo por si s\u00f3. Se na avenida tem toda a correria e a preocupa\u00e7\u00e3o com o regulamento, al\u00e9m da personalidade e das estrelas que muitas vezes t\u00eam pouco a ver com o dia a dia da comunidade, nos ensaios tudo costuma ser diferente. O objetivo de todos ali \u00e9 cantar o samba, afinar a melodia e, principalmente, unir toda a comunidade com alegria e garra. Claro que cada escola tem a sua peculiaridade. Existem as grandes e tradicionais, as mais jovens e igualmente entusiasmadas, al\u00e9m daquelas mais ligadas \u00e0s agremia\u00e7\u00f5es de futebol. Ao todo, no chamado Grupo Especial, a primeira divis\u00e3o do carnaval paulistano, s\u00e3o 14 op\u00e7\u00f5es, o que rende muitos ensaios divertidos entre janeiro e fevereiro.<\/p>\n<p><img loading=\"lazy\" decoding=\"async\" class=\"size-medium wp-image-163 alignleft\" src=\"https:\/\/patrocinados.estadao.com.br\/spbemnafoto\/2020\/wp-content\/uploads\/2020\/01\/cultura_ensaio01-1-300x225.jpg\" alt=\"\" width=\"300\" height=\"225\" srcset=\"https:\/\/patrocinados.estadao.com.br\/spbemnafoto\/wp-content\/uploads\/2020\/01\/cultura_ensaio01-1-300x225.jpg 300w, https:\/\/patrocinados.estadao.com.br\/spbemnafoto\/wp-content\/uploads\/2020\/01\/cultura_ensaio01-1.jpg 684w\" sizes=\"auto, (max-width: 300px) 85vw, 300px\" \/>A maioria dos ensaios ocorre aos domingos porque muitas das escolas de samba, ao longo de outras noites da semana, precisam cumprir um extenso calend\u00e1rio dos ensaios t\u00e9cnicos no pr\u00f3prio Anhembi. Neste ano, existe uma peculiaridade, bandeiras tradicionais do samba paulistano como Nen\u00ea de Vila Matilde, Leandro de Itaquera, Camisa Verde e Branco e Vai-Vai v\u00e3o disputar o grupo de acesso, ou seja, a segunda divis\u00e3o do carnaval de S\u00e3o Paulo.<\/p>\n<h4>Mais informa\u00e7\u00f5es<\/h4>\n<p>Consulte os pre\u00e7os dos ingressos para os desfiles no Anhembi: <a href=\"https:\/\/ingressosligasp.com.br\/\" target=\"_blank\" rel=\"noopener noreferrer\"><strong>ingressosligasp.com.br<\/strong><\/a><\/p>\n","protected":false},"excerpt":{"rendered":"<p>Um ensaio de uma escola de samba em sua quadra, semanas antes do carnaval, \u00e9 um espet\u00e1culo por si s\u00f3. Se na avenida tem toda a correria e a preocupa\u00e7\u00e3o com o regulamento, al\u00e9m da&#8230; <a href=\"https:\/\/patrocinados.estadao.com.br\/spbemnafoto\/ensaio-de-carnaval-na-quadra-de-uma-escola-de-samba\/\" class=\"btn_veja_mais\" rel=\"nofollow\"> veja mais \u00bb <\/a><\/p>\n","protected":false},"author":2,"featured_media":65,"comment_status":"open","ping_status":"closed","sticky":false,"template":"","format":"standard","meta":{"_acf_changed":false,"ngg_post_thumbnail":0,"footnotes":""},"categories":[2],"tags":[],"class_list":["post-64","post","type-post","status-publish","format-standard","has-post-thumbnail","hentry","category-cultura"],"acf":[],"yoast_head":"<!-- This site is optimized with the Yoast SEO plugin v27.1.1 - https:\/\/yoast.com\/product\/yoast-seo-wordpress\/ -->\n<title>Ensaio de carnaval na quadra de uma escola de samba - S\u00e3o Paulo Bem na Foto 3a Edi\u00e7\u00e3o<\/title>\n<meta name=\"description\" content=\"Samba \u00e9 tradi\u00e7\u00e3o - Nos meses antes do Carnaval, dezenas de ensaios se espalham semanalmente pela capital\" \/>\n<meta name=\"robots\" content=\"index, follow, max-snippet:-1, max-image-preview:large, max-video-preview:-1\" \/>\n<link rel=\"canonical\" href=\"https:\/\/patrocinados.estadao.com.br\/spbemnafoto\/ensaio-de-carnaval-na-quadra-de-uma-escola-de-samba\/\" \/>\n<meta property=\"og:locale\" content=\"pt_BR\" \/>\n<meta property=\"og:type\" content=\"article\" \/>\n<meta property=\"og:title\" content=\"Ensaio de carnaval na quadra de uma escola de samba - S\u00e3o Paulo Bem na Foto 3a Edi\u00e7\u00e3o\" \/>\n<meta property=\"og:description\" content=\"Samba \u00e9 tradi\u00e7\u00e3o - Nos meses antes do Carnaval, dezenas de ensaios se espalham semanalmente pela capital\" \/>\n<meta property=\"og:url\" content=\"https:\/\/patrocinados.estadao.com.br\/spbemnafoto\/ensaio-de-carnaval-na-quadra-de-uma-escola-de-samba\/\" \/>\n<meta property=\"og:site_name\" content=\"S\u00e3o Paulo Bem na Foto 3a Edi\u00e7\u00e3o\" \/>\n<meta property=\"article:published_time\" content=\"2020-01-22T14:00:11+00:00\" \/>\n<meta property=\"article:modified_time\" content=\"2020-01-27T13:49:45+00:00\" \/>\n<meta property=\"og:image\" content=\"https:\/\/patrocinados.estadao.com.br\/spbemnafoto\/wp-content\/uploads\/2020\/01\/cultura_ensaio02-scaled.jpg\" \/>\n\t<meta property=\"og:image:width\" content=\"1915\" \/>\n\t<meta property=\"og:image:height\" content=\"2560\" \/>\n\t<meta property=\"og:image:type\" content=\"image\/jpeg\" \/>\n<meta name=\"author\" content=\"Henrique Gois\" \/>\n<meta name=\"twitter:card\" content=\"summary_large_image\" \/>\n<meta name=\"twitter:label1\" content=\"Escrito por\" \/>\n\t<meta name=\"twitter:data1\" content=\"Henrique Gois\" \/>\n\t<meta name=\"twitter:label2\" content=\"Est. tempo de leitura\" \/>\n\t<meta name=\"twitter:data2\" content=\"1 minuto\" \/>\n<script type=\"application\/ld+json\" class=\"yoast-schema-graph\">{\"@context\":\"https:\/\/schema.org\",\"@graph\":[{\"@type\":\"Article\",\"@id\":\"https:\/\/patrocinados.estadao.com.br\/spbemnafoto\/ensaio-de-carnaval-na-quadra-de-uma-escola-de-samba\/#article\",\"isPartOf\":{\"@id\":\"https:\/\/patrocinados.estadao.com.br\/spbemnafoto\/ensaio-de-carnaval-na-quadra-de-uma-escola-de-samba\/\"},\"author\":{\"name\":\"Henrique Gois\",\"@id\":\"https:\/\/patrocinados.estadao.com.br\/spbemnafoto\/#\/schema\/person\/a4ee91793954932c28a2ff291f70943e\"},\"headline\":\"Ensaio de carnaval na quadra de uma escola de samba\",\"datePublished\":\"2020-01-22T14:00:11+00:00\",\"dateModified\":\"2020-01-27T13:49:45+00:00\",\"mainEntityOfPage\":{\"@id\":\"https:\/\/patrocinados.estadao.com.br\/spbemnafoto\/ensaio-de-carnaval-na-quadra-de-uma-escola-de-samba\/\"},\"wordCount\":259,\"commentCount\":0,\"image\":{\"@id\":\"https:\/\/patrocinados.estadao.com.br\/spbemnafoto\/ensaio-de-carnaval-na-quadra-de-uma-escola-de-samba\/#primaryimage\"},\"thumbnailUrl\":\"https:\/\/patrocinados.estadao.com.br\/spbemnafoto\/wp-content\/uploads\/2020\/01\/cultura_ensaio02-scaled.jpg\",\"articleSection\":[\"Cultura\"],\"inLanguage\":\"pt-BR\",\"potentialAction\":[{\"@type\":\"CommentAction\",\"name\":\"Comment\",\"target\":[\"https:\/\/patrocinados.estadao.com.br\/spbemnafoto\/ensaio-de-carnaval-na-quadra-de-uma-escola-de-samba\/#respond\"]}]},{\"@type\":\"WebPage\",\"@id\":\"https:\/\/patrocinados.estadao.com.br\/spbemnafoto\/ensaio-de-carnaval-na-quadra-de-uma-escola-de-samba\/\",\"url\":\"https:\/\/patrocinados.estadao.com.br\/spbemnafoto\/ensaio-de-carnaval-na-quadra-de-uma-escola-de-samba\/\",\"name\":\"Ensaio de carnaval na quadra de uma escola de samba - S\u00e3o Paulo Bem na Foto 3a Edi\u00e7\u00e3o\",\"isPartOf\":{\"@id\":\"https:\/\/patrocinados.estadao.com.br\/spbemnafoto\/#website\"},\"primaryImageOfPage\":{\"@id\":\"https:\/\/patrocinados.estadao.com.br\/spbemnafoto\/ensaio-de-carnaval-na-quadra-de-uma-escola-de-samba\/#primaryimage\"},\"image\":{\"@id\":\"https:\/\/patrocinados.estadao.com.br\/spbemnafoto\/ensaio-de-carnaval-na-quadra-de-uma-escola-de-samba\/#primaryimage\"},\"thumbnailUrl\":\"https:\/\/patrocinados.estadao.com.br\/spbemnafoto\/wp-content\/uploads\/2020\/01\/cultura_ensaio02-scaled.jpg\",\"datePublished\":\"2020-01-22T14:00:11+00:00\",\"dateModified\":\"2020-01-27T13:49:45+00:00\",\"author\":{\"@id\":\"https:\/\/patrocinados.estadao.com.br\/spbemnafoto\/#\/schema\/person\/a4ee91793954932c28a2ff291f70943e\"},\"description\":\"Samba \u00e9 tradi\u00e7\u00e3o - Nos meses antes do Carnaval, dezenas de ensaios se espalham semanalmente pela capital\",\"breadcrumb\":{\"@id\":\"https:\/\/patrocinados.estadao.com.br\/spbemnafoto\/ensaio-de-carnaval-na-quadra-de-uma-escola-de-samba\/#breadcrumb\"},\"inLanguage\":\"pt-BR\",\"potentialAction\":[{\"@type\":\"ReadAction\",\"target\":[\"https:\/\/patrocinados.estadao.com.br\/spbemnafoto\/ensaio-de-carnaval-na-quadra-de-uma-escola-de-samba\/\"]}]},{\"@type\":\"ImageObject\",\"inLanguage\":\"pt-BR\",\"@id\":\"https:\/\/patrocinados.estadao.com.br\/spbemnafoto\/ensaio-de-carnaval-na-quadra-de-uma-escola-de-samba\/#primaryimage\",\"url\":\"https:\/\/patrocinados.estadao.com.br\/spbemnafoto\/wp-content\/uploads\/2020\/01\/cultura_ensaio02-scaled.jpg\",\"contentUrl\":\"https:\/\/patrocinados.estadao.com.br\/spbemnafoto\/wp-content\/uploads\/2020\/01\/cultura_ensaio02-scaled.jpg\",\"width\":1915,\"height\":2560,\"caption\":\"TQ S\u00c3O PAULO 08.02.2017 METR\u00d3POLE ESPECIAL EXCLUSIVO EMBARGADO CARNAVAL PERUCHE Ensaio na escola de Samba Unidos do Peruche. FOTO TIAGO QUEIROZ\/ESTAD\u00c3O - TIRADA COM MOTO Z PLAY + HASSELBLAD TRUE ZOOM\"},{\"@type\":\"BreadcrumbList\",\"@id\":\"https:\/\/patrocinados.estadao.com.br\/spbemnafoto\/ensaio-de-carnaval-na-quadra-de-uma-escola-de-samba\/#breadcrumb\",\"itemListElement\":[{\"@type\":\"ListItem\",\"position\":1,\"name\":\"In\u00edcio\",\"item\":\"https:\/\/patrocinados.estadao.com.br\/spbemnafoto\/\"},{\"@type\":\"ListItem\",\"position\":2,\"name\":\"Ensaio de carnaval na quadra de uma escola de samba\"}]},{\"@type\":\"WebSite\",\"@id\":\"https:\/\/patrocinados.estadao.com.br\/spbemnafoto\/#website\",\"url\":\"https:\/\/patrocinados.estadao.com.br\/spbemnafoto\/\",\"name\":\"S\u00e3o Paulo Bem na Foto 3a Edi\u00e7\u00e3o\",\"description\":\"25 pontos interessantes da capital que est\u00e1 completando 466 anos de hist\u00f3ria\",\"potentialAction\":[{\"@type\":\"SearchAction\",\"target\":{\"@type\":\"EntryPoint\",\"urlTemplate\":\"https:\/\/patrocinados.estadao.com.br\/spbemnafoto\/?s={search_term_string}\"},\"query-input\":{\"@type\":\"PropertyValueSpecification\",\"valueRequired\":true,\"valueName\":\"search_term_string\"}}],\"inLanguage\":\"pt-BR\"},{\"@type\":\"Person\",\"@id\":\"https:\/\/patrocinados.estadao.com.br\/spbemnafoto\/#\/schema\/person\/a4ee91793954932c28a2ff291f70943e\",\"name\":\"Henrique Gois\",\"image\":{\"@type\":\"ImageObject\",\"inLanguage\":\"pt-BR\",\"@id\":\"https:\/\/patrocinados.estadao.com.br\/spbemnafoto\/#\/schema\/person\/image\/\",\"url\":\"https:\/\/secure.gravatar.com\/avatar\/9d33d40efdce4963188a84bd4777a5f81f7c8e9cfcc15e6853c05f5cfee4c0ab?s=96&d=mm&r=g\",\"contentUrl\":\"https:\/\/secure.gravatar.com\/avatar\/9d33d40efdce4963188a84bd4777a5f81f7c8e9cfcc15e6853c05f5cfee4c0ab?s=96&d=mm&r=g\",\"caption\":\"Henrique Gois\"},\"sameAs\":[\"http:\/\/www.geosfera.com.br\/\"],\"url\":\"https:\/\/patrocinados.estadao.com.br\/spbemnafoto\/author\/henrique_geosfera\/\"}]}<\/script>\n<!-- \/ Yoast SEO plugin. -->","yoast_head_json":{"title":"Ensaio de carnaval na quadra de uma escola de samba - S\u00e3o Paulo Bem na Foto 3a Edi\u00e7\u00e3o","description":"Samba \u00e9 tradi\u00e7\u00e3o - Nos meses antes do Carnaval, dezenas de ensaios se espalham semanalmente pela capital","robots":{"index":"index","follow":"follow","max-snippet":"max-snippet:-1","max-image-preview":"max-image-preview:large","max-video-preview":"max-video-preview:-1"},"canonical":"https:\/\/patrocinados.estadao.com.br\/spbemnafoto\/ensaio-de-carnaval-na-quadra-de-uma-escola-de-samba\/","og_locale":"pt_BR","og_type":"article","og_title":"Ensaio de carnaval na quadra de uma escola de samba - S\u00e3o Paulo Bem na Foto 3a Edi\u00e7\u00e3o","og_description":"Samba \u00e9 tradi\u00e7\u00e3o - Nos meses antes do Carnaval, dezenas de ensaios se espalham semanalmente pela capital","og_url":"https:\/\/patrocinados.estadao.com.br\/spbemnafoto\/ensaio-de-carnaval-na-quadra-de-uma-escola-de-samba\/","og_site_name":"S\u00e3o Paulo Bem na Foto 3a Edi\u00e7\u00e3o","article_published_time":"2020-01-22T14:00:11+00:00","article_modified_time":"2020-01-27T13:49:45+00:00","og_image":[{"width":1915,"height":2560,"url":"https:\/\/patrocinados.estadao.com.br\/spbemnafoto\/wp-content\/uploads\/2020\/01\/cultura_ensaio02-scaled.jpg","type":"image\/jpeg"}],"author":"Henrique Gois","twitter_card":"summary_large_image","twitter_misc":{"Escrito por":"Henrique Gois","Est. tempo de leitura":"1 minuto"},"schema":{"@context":"https:\/\/schema.org","@graph":[{"@type":"Article","@id":"https:\/\/patrocinados.estadao.com.br\/spbemnafoto\/ensaio-de-carnaval-na-quadra-de-uma-escola-de-samba\/#article","isPartOf":{"@id":"https:\/\/patrocinados.estadao.com.br\/spbemnafoto\/ensaio-de-carnaval-na-quadra-de-uma-escola-de-samba\/"},"author":{"name":"Henrique Gois","@id":"https:\/\/patrocinados.estadao.com.br\/spbemnafoto\/#\/schema\/person\/a4ee91793954932c28a2ff291f70943e"},"headline":"Ensaio de carnaval na quadra de uma escola de samba","datePublished":"2020-01-22T14:00:11+00:00","dateModified":"2020-01-27T13:49:45+00:00","mainEntityOfPage":{"@id":"https:\/\/patrocinados.estadao.com.br\/spbemnafoto\/ensaio-de-carnaval-na-quadra-de-uma-escola-de-samba\/"},"wordCount":259,"commentCount":0,"image":{"@id":"https:\/\/patrocinados.estadao.com.br\/spbemnafoto\/ensaio-de-carnaval-na-quadra-de-uma-escola-de-samba\/#primaryimage"},"thumbnailUrl":"https:\/\/patrocinados.estadao.com.br\/spbemnafoto\/wp-content\/uploads\/2020\/01\/cultura_ensaio02-scaled.jpg","articleSection":["Cultura"],"inLanguage":"pt-BR","potentialAction":[{"@type":"CommentAction","name":"Comment","target":["https:\/\/patrocinados.estadao.com.br\/spbemnafoto\/ensaio-de-carnaval-na-quadra-de-uma-escola-de-samba\/#respond"]}]},{"@type":"WebPage","@id":"https:\/\/patrocinados.estadao.com.br\/spbemnafoto\/ensaio-de-carnaval-na-quadra-de-uma-escola-de-samba\/","url":"https:\/\/patrocinados.estadao.com.br\/spbemnafoto\/ensaio-de-carnaval-na-quadra-de-uma-escola-de-samba\/","name":"Ensaio de carnaval na quadra de uma escola de samba - S\u00e3o Paulo Bem na Foto 3a Edi\u00e7\u00e3o","isPartOf":{"@id":"https:\/\/patrocinados.estadao.com.br\/spbemnafoto\/#website"},"primaryImageOfPage":{"@id":"https:\/\/patrocinados.estadao.com.br\/spbemnafoto\/ensaio-de-carnaval-na-quadra-de-uma-escola-de-samba\/#primaryimage"},"image":{"@id":"https:\/\/patrocinados.estadao.com.br\/spbemnafoto\/ensaio-de-carnaval-na-quadra-de-uma-escola-de-samba\/#primaryimage"},"thumbnailUrl":"https:\/\/patrocinados.estadao.com.br\/spbemnafoto\/wp-content\/uploads\/2020\/01\/cultura_ensaio02-scaled.jpg","datePublished":"2020-01-22T14:00:11+00:00","dateModified":"2020-01-27T13:49:45+00:00","author":{"@id":"https:\/\/patrocinados.estadao.com.br\/spbemnafoto\/#\/schema\/person\/a4ee91793954932c28a2ff291f70943e"},"description":"Samba \u00e9 tradi\u00e7\u00e3o - Nos meses antes do Carnaval, dezenas de ensaios se espalham semanalmente pela capital","breadcrumb":{"@id":"https:\/\/patrocinados.estadao.com.br\/spbemnafoto\/ensaio-de-carnaval-na-quadra-de-uma-escola-de-samba\/#breadcrumb"},"inLanguage":"pt-BR","potentialAction":[{"@type":"ReadAction","target":["https:\/\/patrocinados.estadao.com.br\/spbemnafoto\/ensaio-de-carnaval-na-quadra-de-uma-escola-de-samba\/"]}]},{"@type":"ImageObject","inLanguage":"pt-BR","@id":"https:\/\/patrocinados.estadao.com.br\/spbemnafoto\/ensaio-de-carnaval-na-quadra-de-uma-escola-de-samba\/#primaryimage","url":"https:\/\/patrocinados.estadao.com.br\/spbemnafoto\/wp-content\/uploads\/2020\/01\/cultura_ensaio02-scaled.jpg","contentUrl":"https:\/\/patrocinados.estadao.com.br\/spbemnafoto\/wp-content\/uploads\/2020\/01\/cultura_ensaio02-scaled.jpg","width":1915,"height":2560,"caption":"TQ S\u00c3O PAULO 08.02.2017 METR\u00d3POLE ESPECIAL EXCLUSIVO EMBARGADO CARNAVAL PERUCHE Ensaio na escola de Samba Unidos do Peruche. FOTO TIAGO QUEIROZ\/ESTAD\u00c3O - TIRADA COM MOTO Z PLAY + HASSELBLAD TRUE ZOOM"},{"@type":"BreadcrumbList","@id":"https:\/\/patrocinados.estadao.com.br\/spbemnafoto\/ensaio-de-carnaval-na-quadra-de-uma-escola-de-samba\/#breadcrumb","itemListElement":[{"@type":"ListItem","position":1,"name":"In\u00edcio","item":"https:\/\/patrocinados.estadao.com.br\/spbemnafoto\/"},{"@type":"ListItem","position":2,"name":"Ensaio de carnaval na quadra de uma escola de samba"}]},{"@type":"WebSite","@id":"https:\/\/patrocinados.estadao.com.br\/spbemnafoto\/#website","url":"https:\/\/patrocinados.estadao.com.br\/spbemnafoto\/","name":"S\u00e3o Paulo Bem na Foto 3a Edi\u00e7\u00e3o","description":"25 pontos interessantes da capital que est\u00e1 completando 466 anos de hist\u00f3ria","potentialAction":[{"@type":"SearchAction","target":{"@type":"EntryPoint","urlTemplate":"https:\/\/patrocinados.estadao.com.br\/spbemnafoto\/?s={search_term_string}"},"query-input":{"@type":"PropertyValueSpecification","valueRequired":true,"valueName":"search_term_string"}}],"inLanguage":"pt-BR"},{"@type":"Person","@id":"https:\/\/patrocinados.estadao.com.br\/spbemnafoto\/#\/schema\/person\/a4ee91793954932c28a2ff291f70943e","name":"Henrique Gois","image":{"@type":"ImageObject","inLanguage":"pt-BR","@id":"https:\/\/patrocinados.estadao.com.br\/spbemnafoto\/#\/schema\/person\/image\/","url":"https:\/\/secure.gravatar.com\/avatar\/9d33d40efdce4963188a84bd4777a5f81f7c8e9cfcc15e6853c05f5cfee4c0ab?s=96&d=mm&r=g","contentUrl":"https:\/\/secure.gravatar.com\/avatar\/9d33d40efdce4963188a84bd4777a5f81f7c8e9cfcc15e6853c05f5cfee4c0ab?s=96&d=mm&r=g","caption":"Henrique Gois"},"sameAs":["http:\/\/www.geosfera.com.br\/"],"url":"https:\/\/patrocinados.estadao.com.br\/spbemnafoto\/author\/henrique_geosfera\/"}]}},"_links":{"self":[{"href":"https:\/\/patrocinados.estadao.com.br\/spbemnafoto\/wp-json\/wp\/v2\/posts\/64","targetHints":{"allow":["GET"]}}],"collection":[{"href":"https:\/\/patrocinados.estadao.com.br\/spbemnafoto\/wp-json\/wp\/v2\/posts"}],"about":[{"href":"https:\/\/patrocinados.estadao.com.br\/spbemnafoto\/wp-json\/wp\/v2\/types\/post"}],"author":[{"embeddable":true,"href":"https:\/\/patrocinados.estadao.com.br\/spbemnafoto\/wp-json\/wp\/v2\/users\/2"}],"replies":[{"embeddable":true,"href":"https:\/\/patrocinados.estadao.com.br\/spbemnafoto\/wp-json\/wp\/v2\/comments?post=64"}],"version-history":[{"count":5,"href":"https:\/\/patrocinados.estadao.com.br\/spbemnafoto\/wp-json\/wp\/v2\/posts\/64\/revisions"}],"predecessor-version":[{"id":447,"href":"https:\/\/patrocinados.estadao.com.br\/spbemnafoto\/wp-json\/wp\/v2\/posts\/64\/revisions\/447"}],"wp:featuredmedia":[{"embeddable":true,"href":"https:\/\/patrocinados.estadao.com.br\/spbemnafoto\/wp-json\/wp\/v2\/media\/65"}],"wp:attachment":[{"href":"https:\/\/patrocinados.estadao.com.br\/spbemnafoto\/wp-json\/wp\/v2\/media?parent=64"}],"wp:term":[{"taxonomy":"category","embeddable":true,"href":"https:\/\/patrocinados.estadao.com.br\/spbemnafoto\/wp-json\/wp\/v2\/categories?post=64"},{"taxonomy":"post_tag","embeddable":true,"href":"https:\/\/patrocinados.estadao.com.br\/spbemnafoto\/wp-json\/wp\/v2\/tags?post=64"}],"curies":[{"name":"wp","href":"https:\/\/api.w.org\/{rel}","templated":true}]}}