{"id":61,"date":"2020-01-22T12:00:51","date_gmt":"2020-01-22T15:00:51","guid":{"rendered":"http:\/\/patrocinados.estadao.com.br\/spbemnafoto\/2020\/?p=61"},"modified":"2020-01-27T10:45:05","modified_gmt":"2020-01-27T13:45:05","slug":"feira-de-artes-da-praca-benedito-calixto","status":"publish","type":"post","link":"https:\/\/patrocinados.estadao.com.br\/spbemnafoto\/feira-de-artes-da-praca-benedito-calixto\/","title":{"rendered":"Feira de artes da Pra\u00e7a Benedito Calixto"},"content":{"rendered":"<h2><strong>Garimpo na pra\u00e7a<\/strong><\/h2>\n<h3>A Feira da Benedito Calixto aponta tend\u00eancias e exibe desde pe\u00e7as de design&nbsp; at\u00e9 brinquedos aos clientes<\/h3>\n<div class='alignright'>\n\t<div class='dfp-tmeio1'><\/div>\n\t<script type='text\/javascript'>\n\tDFP.renderHtml({\n\t'selector':'div.dfp-tmeio1',\n\t'targets':{\n\t'formato':'tmeio1'\n\t},\n\t'screenmap':'Tile_300_250_T_250',\n\t'force': true\n\t});\n\t<\/script>\n\t<\/div><p>H\u00e1 mais de 30 anos, os s\u00e1bados s\u00e3o marcados pela agita\u00e7\u00e3o na <strong>Pra\u00e7a Benedito Calixto<\/strong>, na zona oeste de S\u00e3o Paulo. O p\u00fablico diverso vai atr\u00e1s tamb\u00e9m dos mais variados itens, seja nas pr\u00f3prias barraquinhas da pra\u00e7a, seja nas lojas f\u00edsicas dos arredores, que tamb\u00e9m funcionam durante toda a semana. A Feira da Pra\u00e7a e seus expositores apontam tend\u00eancias, oferecem moda de qualidade, al\u00e9m de pe\u00e7as de design e muitos itens de artesanato. O passeio envolve ter muito olho cl\u00ednico e paci\u00eancia para conseguir achar aquilo que procura entre centenas de op\u00e7\u00f5es.<\/p>\n<figure id=\"attachment_62\" aria-describedby=\"caption-attachment-62\" style=\"width: 300px\" class=\"wp-caption alignleft\"><img loading=\"lazy\" decoding=\"async\" class=\"size-medium wp-image-62\" src=\"https:\/\/patrocinados.estadao.com.br\/spbemnafoto\/2020\/wp-content\/uploads\/2020\/01\/cultura_feirabenedito01-300x200.jpg\" alt=\"\" width=\"300\" height=\"200\" srcset=\"https:\/\/patrocinados.estadao.com.br\/spbemnafoto\/wp-content\/uploads\/2020\/01\/cultura_feirabenedito01-300x200.jpg 300w, https:\/\/patrocinados.estadao.com.br\/spbemnafoto\/wp-content\/uploads\/2020\/01\/cultura_feirabenedito01-1024x683.jpg 1024w, https:\/\/patrocinados.estadao.com.br\/spbemnafoto\/wp-content\/uploads\/2020\/01\/cultura_feirabenedito01-768x512.jpg 768w\" sizes=\"auto, (max-width: 300px) 85vw, 300px\" \/><figcaption id=\"caption-attachment-62\" class=\"wp-caption-text\">Fotos da feirinha da Pra\u00e7a Benedito Calixto. FOTO: FELIPE RAU\/ESTADAO<\/figcaption><\/figure>\n<p>Existem brinquedos antigos, roupas, m\u00f3veis e os cada vez mais na moda discos de vinil. Depois de achar o que procura, o visitante ainda tem a chance, na pra\u00e7a de alimenta\u00e7\u00e3o do local, formada por barraquinhas de feira, de ouvir um bom chorinho, interpretado por um regional. Se a ideia \u00e9 ainda explorar as lojas e restaurantes das ruas vizinhas, existem outras dezenas de op\u00e7\u00f5es. Em alguns s\u00e1bados do m\u00eas, os visitantes que tiverem a sorte de presenciar uma sess\u00e3o do projeto Autor na Pra\u00e7a poder\u00e3o comprar livros dos pr\u00f3prios autores das obras. H\u00e1 um centro cultural na Benedito Calixto, que mistura livraria, sebo, galeria de arte e uma cafeteria. A divers\u00e3o \u00e9 garantida, e o mergulho em muita cultura, por v\u00e1rias horas, tamb\u00e9m.<\/p>\n<h4>Mais informa\u00e7\u00f5es<\/h4>\n<p><strong>Funcionamento:<br \/>\n<\/strong>Todos os s\u00e1bados, <strong>das 9h \u00e0s 19h.<\/strong> As apresenta\u00e7\u00f5es de chorinho costumam ocorrer a partir das <strong>14h30.<br \/>\n<\/strong><a href=\"http:\/\/pracabeneditocalixto.com.br\/\" target=\"_blank\" rel=\"noopener noreferrer\">pracabeneditocalixto.com.br<\/a><strong><br \/>\n<\/strong><\/p>\n","protected":false},"excerpt":{"rendered":"<p>H\u00e1 mais de 30 anos, os s\u00e1bados s\u00e3o marcados pela agita\u00e7\u00e3o na Pra\u00e7a Benedito Calixto, na zona oeste de S\u00e3o Paulo. O p\u00fablico diverso vai atr\u00e1s tamb\u00e9m dos mais variados itens, seja nas pr\u00f3prias barraquinhas&#8230; <a href=\"https:\/\/patrocinados.estadao.com.br\/spbemnafoto\/feira-de-artes-da-praca-benedito-calixto\/\" class=\"btn_veja_mais\" rel=\"nofollow\"> veja mais \u00bb <\/a><\/p>\n","protected":false},"author":2,"featured_media":159,"comment_status":"open","ping_status":"closed","sticky":false,"template":"","format":"standard","meta":{"_acf_changed":false,"ngg_post_thumbnail":0,"footnotes":""},"categories":[2],"tags":[],"class_list":["post-61","post","type-post","status-publish","format-standard","has-post-thumbnail","hentry","category-cultura"],"acf":[],"yoast_head":"<!-- This site is optimized with the Yoast SEO plugin v27.1.1 - https:\/\/yoast.com\/product\/yoast-seo-wordpress\/ -->\n<title>Feira de artes da Pra\u00e7a Benedito Calixto - S\u00e3o Paulo Bem na Foto 3a Edi\u00e7\u00e3o<\/title>\n<meta name=\"description\" content=\"Garimpo na pra\u00e7a - A Feira da Benedito Calixto aponta tend\u00eancias e exibe desde pe\u00e7as de design at\u00e9 brinquedos aos clientes\" \/>\n<meta name=\"robots\" content=\"index, follow, max-snippet:-1, max-image-preview:large, max-video-preview:-1\" \/>\n<link rel=\"canonical\" href=\"https:\/\/patrocinados.estadao.com.br\/spbemnafoto\/feira-de-artes-da-praca-benedito-calixto\/\" \/>\n<meta property=\"og:locale\" content=\"pt_BR\" \/>\n<meta property=\"og:type\" content=\"article\" \/>\n<meta property=\"og:title\" content=\"Feira de artes da Pra\u00e7a Benedito Calixto - S\u00e3o Paulo Bem na Foto 3a Edi\u00e7\u00e3o\" \/>\n<meta property=\"og:description\" content=\"Garimpo na pra\u00e7a - A Feira da Benedito Calixto aponta tend\u00eancias e exibe desde pe\u00e7as de design at\u00e9 brinquedos aos clientes\" \/>\n<meta property=\"og:url\" content=\"https:\/\/patrocinados.estadao.com.br\/spbemnafoto\/feira-de-artes-da-praca-benedito-calixto\/\" \/>\n<meta property=\"og:site_name\" content=\"S\u00e3o Paulo Bem na Foto 3a Edi\u00e7\u00e3o\" \/>\n<meta property=\"article:published_time\" content=\"2020-01-22T15:00:51+00:00\" \/>\n<meta property=\"article:modified_time\" content=\"2020-01-27T13:45:05+00:00\" \/>\n<meta property=\"og:image\" content=\"https:\/\/patrocinados.estadao.com.br\/spbemnafoto\/wp-content\/uploads\/2020\/01\/FeiraBeneditoCalixto003.jpg\" \/>\n\t<meta property=\"og:image:width\" content=\"768\" \/>\n\t<meta property=\"og:image:height\" content=\"512\" \/>\n\t<meta property=\"og:image:type\" content=\"image\/jpeg\" \/>\n<meta name=\"author\" content=\"Henrique Gois\" \/>\n<meta name=\"twitter:card\" content=\"summary_large_image\" \/>\n<meta name=\"twitter:label1\" content=\"Escrito por\" \/>\n\t<meta name=\"twitter:data1\" content=\"Henrique Gois\" \/>\n\t<meta name=\"twitter:label2\" content=\"Est. tempo de leitura\" \/>\n\t<meta name=\"twitter:data2\" content=\"2 minutos\" \/>\n<script type=\"application\/ld+json\" class=\"yoast-schema-graph\">{\"@context\":\"https:\/\/schema.org\",\"@graph\":[{\"@type\":\"Article\",\"@id\":\"https:\/\/patrocinados.estadao.com.br\/spbemnafoto\/feira-de-artes-da-praca-benedito-calixto\/#article\",\"isPartOf\":{\"@id\":\"https:\/\/patrocinados.estadao.com.br\/spbemnafoto\/feira-de-artes-da-praca-benedito-calixto\/\"},\"author\":{\"name\":\"Henrique Gois\",\"@id\":\"https:\/\/patrocinados.estadao.com.br\/spbemnafoto\/#\/schema\/person\/a4ee91793954932c28a2ff291f70943e\"},\"headline\":\"Feira de artes da Pra\u00e7a Benedito Calixto\",\"datePublished\":\"2020-01-22T15:00:51+00:00\",\"dateModified\":\"2020-01-27T13:45:05+00:00\",\"mainEntityOfPage\":{\"@id\":\"https:\/\/patrocinados.estadao.com.br\/spbemnafoto\/feira-de-artes-da-praca-benedito-calixto\/\"},\"wordCount\":322,\"commentCount\":0,\"image\":{\"@id\":\"https:\/\/patrocinados.estadao.com.br\/spbemnafoto\/feira-de-artes-da-praca-benedito-calixto\/#primaryimage\"},\"thumbnailUrl\":\"https:\/\/patrocinados.estadao.com.br\/spbemnafoto\/wp-content\/uploads\/2020\/01\/FeiraBeneditoCalixto003.jpg\",\"articleSection\":[\"Cultura\"],\"inLanguage\":\"pt-BR\",\"potentialAction\":[{\"@type\":\"CommentAction\",\"name\":\"Comment\",\"target\":[\"https:\/\/patrocinados.estadao.com.br\/spbemnafoto\/feira-de-artes-da-praca-benedito-calixto\/#respond\"]}]},{\"@type\":\"WebPage\",\"@id\":\"https:\/\/patrocinados.estadao.com.br\/spbemnafoto\/feira-de-artes-da-praca-benedito-calixto\/\",\"url\":\"https:\/\/patrocinados.estadao.com.br\/spbemnafoto\/feira-de-artes-da-praca-benedito-calixto\/\",\"name\":\"Feira de artes da Pra\u00e7a Benedito Calixto - S\u00e3o Paulo Bem na Foto 3a Edi\u00e7\u00e3o\",\"isPartOf\":{\"@id\":\"https:\/\/patrocinados.estadao.com.br\/spbemnafoto\/#website\"},\"primaryImageOfPage\":{\"@id\":\"https:\/\/patrocinados.estadao.com.br\/spbemnafoto\/feira-de-artes-da-praca-benedito-calixto\/#primaryimage\"},\"image\":{\"@id\":\"https:\/\/patrocinados.estadao.com.br\/spbemnafoto\/feira-de-artes-da-praca-benedito-calixto\/#primaryimage\"},\"thumbnailUrl\":\"https:\/\/patrocinados.estadao.com.br\/spbemnafoto\/wp-content\/uploads\/2020\/01\/FeiraBeneditoCalixto003.jpg\",\"datePublished\":\"2020-01-22T15:00:51+00:00\",\"dateModified\":\"2020-01-27T13:45:05+00:00\",\"author\":{\"@id\":\"https:\/\/patrocinados.estadao.com.br\/spbemnafoto\/#\/schema\/person\/a4ee91793954932c28a2ff291f70943e\"},\"description\":\"Garimpo na pra\u00e7a - A Feira da Benedito Calixto aponta tend\u00eancias e exibe desde pe\u00e7as de design at\u00e9 brinquedos aos clientes\",\"breadcrumb\":{\"@id\":\"https:\/\/patrocinados.estadao.com.br\/spbemnafoto\/feira-de-artes-da-praca-benedito-calixto\/#breadcrumb\"},\"inLanguage\":\"pt-BR\",\"potentialAction\":[{\"@type\":\"ReadAction\",\"target\":[\"https:\/\/patrocinados.estadao.com.br\/spbemnafoto\/feira-de-artes-da-praca-benedito-calixto\/\"]}]},{\"@type\":\"ImageObject\",\"inLanguage\":\"pt-BR\",\"@id\":\"https:\/\/patrocinados.estadao.com.br\/spbemnafoto\/feira-de-artes-da-praca-benedito-calixto\/#primaryimage\",\"url\":\"https:\/\/patrocinados.estadao.com.br\/spbemnafoto\/wp-content\/uploads\/2020\/01\/FeiraBeneditoCalixto003.jpg\",\"contentUrl\":\"https:\/\/patrocinados.estadao.com.br\/spbemnafoto\/wp-content\/uploads\/2020\/01\/FeiraBeneditoCalixto003.jpg\",\"width\":768,\"height\":512},{\"@type\":\"BreadcrumbList\",\"@id\":\"https:\/\/patrocinados.estadao.com.br\/spbemnafoto\/feira-de-artes-da-praca-benedito-calixto\/#breadcrumb\",\"itemListElement\":[{\"@type\":\"ListItem\",\"position\":1,\"name\":\"In\u00edcio\",\"item\":\"https:\/\/patrocinados.estadao.com.br\/spbemnafoto\/\"},{\"@type\":\"ListItem\",\"position\":2,\"name\":\"Feira de artes da Pra\u00e7a Benedito Calixto\"}]},{\"@type\":\"WebSite\",\"@id\":\"https:\/\/patrocinados.estadao.com.br\/spbemnafoto\/#website\",\"url\":\"https:\/\/patrocinados.estadao.com.br\/spbemnafoto\/\",\"name\":\"S\u00e3o Paulo Bem na Foto 3a Edi\u00e7\u00e3o\",\"description\":\"25 pontos interessantes da capital que est\u00e1 completando 466 anos de hist\u00f3ria\",\"potentialAction\":[{\"@type\":\"SearchAction\",\"target\":{\"@type\":\"EntryPoint\",\"urlTemplate\":\"https:\/\/patrocinados.estadao.com.br\/spbemnafoto\/?s={search_term_string}\"},\"query-input\":{\"@type\":\"PropertyValueSpecification\",\"valueRequired\":true,\"valueName\":\"search_term_string\"}}],\"inLanguage\":\"pt-BR\"},{\"@type\":\"Person\",\"@id\":\"https:\/\/patrocinados.estadao.com.br\/spbemnafoto\/#\/schema\/person\/a4ee91793954932c28a2ff291f70943e\",\"name\":\"Henrique Gois\",\"image\":{\"@type\":\"ImageObject\",\"inLanguage\":\"pt-BR\",\"@id\":\"https:\/\/patrocinados.estadao.com.br\/spbemnafoto\/#\/schema\/person\/image\/\",\"url\":\"https:\/\/secure.gravatar.com\/avatar\/9d33d40efdce4963188a84bd4777a5f81f7c8e9cfcc15e6853c05f5cfee4c0ab?s=96&d=mm&r=g\",\"contentUrl\":\"https:\/\/secure.gravatar.com\/avatar\/9d33d40efdce4963188a84bd4777a5f81f7c8e9cfcc15e6853c05f5cfee4c0ab?s=96&d=mm&r=g\",\"caption\":\"Henrique Gois\"},\"sameAs\":[\"http:\/\/www.geosfera.com.br\/\"],\"url\":\"https:\/\/patrocinados.estadao.com.br\/spbemnafoto\/author\/henrique_geosfera\/\"}]}<\/script>\n<!-- \/ Yoast SEO plugin. -->","yoast_head_json":{"title":"Feira de artes da Pra\u00e7a Benedito Calixto - S\u00e3o Paulo Bem na Foto 3a Edi\u00e7\u00e3o","description":"Garimpo na pra\u00e7a - A Feira da Benedito Calixto aponta tend\u00eancias e exibe desde pe\u00e7as de design at\u00e9 brinquedos aos clientes","robots":{"index":"index","follow":"follow","max-snippet":"max-snippet:-1","max-image-preview":"max-image-preview:large","max-video-preview":"max-video-preview:-1"},"canonical":"https:\/\/patrocinados.estadao.com.br\/spbemnafoto\/feira-de-artes-da-praca-benedito-calixto\/","og_locale":"pt_BR","og_type":"article","og_title":"Feira de artes da Pra\u00e7a Benedito Calixto - S\u00e3o Paulo Bem na Foto 3a Edi\u00e7\u00e3o","og_description":"Garimpo na pra\u00e7a - A Feira da Benedito Calixto aponta tend\u00eancias e exibe desde pe\u00e7as de design at\u00e9 brinquedos aos clientes","og_url":"https:\/\/patrocinados.estadao.com.br\/spbemnafoto\/feira-de-artes-da-praca-benedito-calixto\/","og_site_name":"S\u00e3o Paulo Bem na Foto 3a Edi\u00e7\u00e3o","article_published_time":"2020-01-22T15:00:51+00:00","article_modified_time":"2020-01-27T13:45:05+00:00","og_image":[{"width":768,"height":512,"url":"https:\/\/patrocinados.estadao.com.br\/spbemnafoto\/wp-content\/uploads\/2020\/01\/FeiraBeneditoCalixto003.jpg","type":"image\/jpeg"}],"author":"Henrique Gois","twitter_card":"summary_large_image","twitter_misc":{"Escrito por":"Henrique Gois","Est. tempo de leitura":"2 minutos"},"schema":{"@context":"https:\/\/schema.org","@graph":[{"@type":"Article","@id":"https:\/\/patrocinados.estadao.com.br\/spbemnafoto\/feira-de-artes-da-praca-benedito-calixto\/#article","isPartOf":{"@id":"https:\/\/patrocinados.estadao.com.br\/spbemnafoto\/feira-de-artes-da-praca-benedito-calixto\/"},"author":{"name":"Henrique Gois","@id":"https:\/\/patrocinados.estadao.com.br\/spbemnafoto\/#\/schema\/person\/a4ee91793954932c28a2ff291f70943e"},"headline":"Feira de artes da Pra\u00e7a Benedito Calixto","datePublished":"2020-01-22T15:00:51+00:00","dateModified":"2020-01-27T13:45:05+00:00","mainEntityOfPage":{"@id":"https:\/\/patrocinados.estadao.com.br\/spbemnafoto\/feira-de-artes-da-praca-benedito-calixto\/"},"wordCount":322,"commentCount":0,"image":{"@id":"https:\/\/patrocinados.estadao.com.br\/spbemnafoto\/feira-de-artes-da-praca-benedito-calixto\/#primaryimage"},"thumbnailUrl":"https:\/\/patrocinados.estadao.com.br\/spbemnafoto\/wp-content\/uploads\/2020\/01\/FeiraBeneditoCalixto003.jpg","articleSection":["Cultura"],"inLanguage":"pt-BR","potentialAction":[{"@type":"CommentAction","name":"Comment","target":["https:\/\/patrocinados.estadao.com.br\/spbemnafoto\/feira-de-artes-da-praca-benedito-calixto\/#respond"]}]},{"@type":"WebPage","@id":"https:\/\/patrocinados.estadao.com.br\/spbemnafoto\/feira-de-artes-da-praca-benedito-calixto\/","url":"https:\/\/patrocinados.estadao.com.br\/spbemnafoto\/feira-de-artes-da-praca-benedito-calixto\/","name":"Feira de artes da Pra\u00e7a Benedito Calixto - S\u00e3o Paulo Bem na Foto 3a Edi\u00e7\u00e3o","isPartOf":{"@id":"https:\/\/patrocinados.estadao.com.br\/spbemnafoto\/#website"},"primaryImageOfPage":{"@id":"https:\/\/patrocinados.estadao.com.br\/spbemnafoto\/feira-de-artes-da-praca-benedito-calixto\/#primaryimage"},"image":{"@id":"https:\/\/patrocinados.estadao.com.br\/spbemnafoto\/feira-de-artes-da-praca-benedito-calixto\/#primaryimage"},"thumbnailUrl":"https:\/\/patrocinados.estadao.com.br\/spbemnafoto\/wp-content\/uploads\/2020\/01\/FeiraBeneditoCalixto003.jpg","datePublished":"2020-01-22T15:00:51+00:00","dateModified":"2020-01-27T13:45:05+00:00","author":{"@id":"https:\/\/patrocinados.estadao.com.br\/spbemnafoto\/#\/schema\/person\/a4ee91793954932c28a2ff291f70943e"},"description":"Garimpo na pra\u00e7a - A Feira da Benedito Calixto aponta tend\u00eancias e exibe desde pe\u00e7as de design at\u00e9 brinquedos aos clientes","breadcrumb":{"@id":"https:\/\/patrocinados.estadao.com.br\/spbemnafoto\/feira-de-artes-da-praca-benedito-calixto\/#breadcrumb"},"inLanguage":"pt-BR","potentialAction":[{"@type":"ReadAction","target":["https:\/\/patrocinados.estadao.com.br\/spbemnafoto\/feira-de-artes-da-praca-benedito-calixto\/"]}]},{"@type":"ImageObject","inLanguage":"pt-BR","@id":"https:\/\/patrocinados.estadao.com.br\/spbemnafoto\/feira-de-artes-da-praca-benedito-calixto\/#primaryimage","url":"https:\/\/patrocinados.estadao.com.br\/spbemnafoto\/wp-content\/uploads\/2020\/01\/FeiraBeneditoCalixto003.jpg","contentUrl":"https:\/\/patrocinados.estadao.com.br\/spbemnafoto\/wp-content\/uploads\/2020\/01\/FeiraBeneditoCalixto003.jpg","width":768,"height":512},{"@type":"BreadcrumbList","@id":"https:\/\/patrocinados.estadao.com.br\/spbemnafoto\/feira-de-artes-da-praca-benedito-calixto\/#breadcrumb","itemListElement":[{"@type":"ListItem","position":1,"name":"In\u00edcio","item":"https:\/\/patrocinados.estadao.com.br\/spbemnafoto\/"},{"@type":"ListItem","position":2,"name":"Feira de artes da Pra\u00e7a Benedito Calixto"}]},{"@type":"WebSite","@id":"https:\/\/patrocinados.estadao.com.br\/spbemnafoto\/#website","url":"https:\/\/patrocinados.estadao.com.br\/spbemnafoto\/","name":"S\u00e3o Paulo Bem na Foto 3a Edi\u00e7\u00e3o","description":"25 pontos interessantes da capital que est\u00e1 completando 466 anos de hist\u00f3ria","potentialAction":[{"@type":"SearchAction","target":{"@type":"EntryPoint","urlTemplate":"https:\/\/patrocinados.estadao.com.br\/spbemnafoto\/?s={search_term_string}"},"query-input":{"@type":"PropertyValueSpecification","valueRequired":true,"valueName":"search_term_string"}}],"inLanguage":"pt-BR"},{"@type":"Person","@id":"https:\/\/patrocinados.estadao.com.br\/spbemnafoto\/#\/schema\/person\/a4ee91793954932c28a2ff291f70943e","name":"Henrique Gois","image":{"@type":"ImageObject","inLanguage":"pt-BR","@id":"https:\/\/patrocinados.estadao.com.br\/spbemnafoto\/#\/schema\/person\/image\/","url":"https:\/\/secure.gravatar.com\/avatar\/9d33d40efdce4963188a84bd4777a5f81f7c8e9cfcc15e6853c05f5cfee4c0ab?s=96&d=mm&r=g","contentUrl":"https:\/\/secure.gravatar.com\/avatar\/9d33d40efdce4963188a84bd4777a5f81f7c8e9cfcc15e6853c05f5cfee4c0ab?s=96&d=mm&r=g","caption":"Henrique Gois"},"sameAs":["http:\/\/www.geosfera.com.br\/"],"url":"https:\/\/patrocinados.estadao.com.br\/spbemnafoto\/author\/henrique_geosfera\/"}]}},"_links":{"self":[{"href":"https:\/\/patrocinados.estadao.com.br\/spbemnafoto\/wp-json\/wp\/v2\/posts\/61","targetHints":{"allow":["GET"]}}],"collection":[{"href":"https:\/\/patrocinados.estadao.com.br\/spbemnafoto\/wp-json\/wp\/v2\/posts"}],"about":[{"href":"https:\/\/patrocinados.estadao.com.br\/spbemnafoto\/wp-json\/wp\/v2\/types\/post"}],"author":[{"embeddable":true,"href":"https:\/\/patrocinados.estadao.com.br\/spbemnafoto\/wp-json\/wp\/v2\/users\/2"}],"replies":[{"embeddable":true,"href":"https:\/\/patrocinados.estadao.com.br\/spbemnafoto\/wp-json\/wp\/v2\/comments?post=61"}],"version-history":[{"count":6,"href":"https:\/\/patrocinados.estadao.com.br\/spbemnafoto\/wp-json\/wp\/v2\/posts\/61\/revisions"}],"predecessor-version":[{"id":448,"href":"https:\/\/patrocinados.estadao.com.br\/spbemnafoto\/wp-json\/wp\/v2\/posts\/61\/revisions\/448"}],"wp:featuredmedia":[{"embeddable":true,"href":"https:\/\/patrocinados.estadao.com.br\/spbemnafoto\/wp-json\/wp\/v2\/media\/159"}],"wp:attachment":[{"href":"https:\/\/patrocinados.estadao.com.br\/spbemnafoto\/wp-json\/wp\/v2\/media?parent=61"}],"wp:term":[{"taxonomy":"category","embeddable":true,"href":"https:\/\/patrocinados.estadao.com.br\/spbemnafoto\/wp-json\/wp\/v2\/categories?post=61"},{"taxonomy":"post_tag","embeddable":true,"href":"https:\/\/patrocinados.estadao.com.br\/spbemnafoto\/wp-json\/wp\/v2\/tags?post=61"}],"curies":[{"name":"wp","href":"https:\/\/api.w.org\/{rel}","templated":true}]}}