{"id":58,"date":"2020-01-22T13:00:14","date_gmt":"2020-01-22T16:00:14","guid":{"rendered":"http:\/\/patrocinados.estadao.com.br\/spbemnafoto\/2020\/?p=58"},"modified":"2020-01-27T10:44:21","modified_gmt":"2020-01-27T13:44:21","slug":"concerto-na-sala-sao-paulo","status":"publish","type":"post","link":"https:\/\/patrocinados.estadao.com.br\/spbemnafoto\/concerto-na-sala-sao-paulo\/","title":{"rendered":"Concerto na Sala S\u00e3o Paulo"},"content":{"rendered":"<h2><strong>Arquitetura para os ouvidos<\/strong><\/h2>\n<h3>Antiga esta\u00e7\u00e3o de trem do s\u00e9culo 20 conspira, agora, pela audi\u00e7\u00e3o perfeita<\/h3>\n<div class='alignright'>\n\t<div class='dfp-tmeio1'><\/div>\n\t<script type='text\/javascript'>\n\tDFP.renderHtml({\n\t'selector':'div.dfp-tmeio1',\n\t'targets':{\n\t'formato':'tmeio1'\n\t},\n\t'screenmap':'Tile_300_250_T_250',\n\t'force': true\n\t});\n\t<\/script>\n\t<\/div><p>Um programa que agrada a todos, sejam profundos conhecedores de m\u00fasica cl\u00e1ssica, sejam visitantes iniciantes na beleza das composi\u00e7\u00f5es sinf\u00f4nicas. Assistir a um concerto na <strong>Sala S\u00e3o Paulo<\/strong>, al\u00e9m do acesso a boa m\u00fasica e de perceber como m\u00fasicos e um maestro trabalham arduamente na dire\u00e7\u00e3o da apresenta\u00e7\u00e3o perfeita, para deleite do p\u00fablico, \u00e9 tamb\u00e9m uma aula de hist\u00f3ria. O pr\u00e9dio onde hoje se vivem momentos memor\u00e1veis durante os grandes concertos da Orquestra Sinf\u00f4nica do Estado de S\u00e3o Paulo presenciou principalmente entre os anos 1920 e a Segunda Guerra Mundial o auge da Estrada de Ferro Sorocabana. O grande projeto para uma esta\u00e7\u00e3o de trem no local, inspirado na Grand Central de Nova York, demorou a ser finalizado, o que ocorreu apenas em 1938. O mundo vivia a d\u00e9cada posterior \u00e0 quebra da Bolsa de 1929 e o cultivo do caf\u00e9 passava por s\u00e9rias dificuldades. Os trens, com isso, rapidamente tamb\u00e9m sucumbiram. Apenas no final dos anos 1990, com a edifica\u00e7\u00e3o voltando para o governo do Estado de S\u00e3o Paulo, a esta\u00e7\u00e3o passou por toda uma revitaliza\u00e7\u00e3o para ser o que \u00e9 hoje.<\/p>\n<p><img loading=\"lazy\" decoding=\"async\" class=\"size-medium wp-image-156 alignleft\" src=\"https:\/\/patrocinados.estadao.com.br\/spbemnafoto\/2020\/wp-content\/uploads\/2020\/01\/ConcertoSalaSaoPaulo004-300x200.jpg\" alt=\"\" width=\"300\" height=\"200\" srcset=\"https:\/\/patrocinados.estadao.com.br\/spbemnafoto\/wp-content\/uploads\/2020\/01\/ConcertoSalaSaoPaulo004-300x200.jpg 300w, https:\/\/patrocinados.estadao.com.br\/spbemnafoto\/wp-content\/uploads\/2020\/01\/ConcertoSalaSaoPaulo004.jpg 600w\" sizes=\"auto, (max-width: 300px) 85vw, 300px\" \/><\/p>\n<p>Nesse projeto para revigorar a J\u00falio Prestes, apesar de os trens locais continuarem passando pelos trilhos, as inova\u00e7\u00f5es ac\u00fasticas do local evidenciaram ainda mais o projeto original da sala. Tudo parece conspirar para o som perfeito. N\u00e3o h\u00e1 cortinas nem tapetes, mas madeiras e paredes espessas. O local, al\u00e9m dos concertos, ainda pode ser visitado por meio de sess\u00f5es guiadas, nas quais v\u00e1rias informa\u00e7\u00f5es sobre patrim\u00f4nio hist\u00f3rico e a restaura\u00e7\u00e3o do pr\u00e9dio s\u00e3o fornecidas aos visitantes.<\/p>\n<p>&nbsp;<\/p>\n<h4>Mais informa\u00e7\u00f5es<\/h4>\n<p>Para saber sobre hor\u00e1rios, visitas guiadas e a rica programa\u00e7\u00e3o cultural, visite o site: <a href=\"http:\/\/www.salasaopaulo.art.br\/\" target=\"_blank\" rel=\"noopener noreferrer\"><strong>www.salasaopaulo.art.br<\/strong><\/a><\/p>\n","protected":false},"excerpt":{"rendered":"<p>Um programa que agrada a todos, sejam profundos conhecedores de m\u00fasica cl\u00e1ssica, sejam visitantes iniciantes na beleza das composi\u00e7\u00f5es sinf\u00f4nicas. Assistir a um concerto na Sala S\u00e3o Paulo, al\u00e9m do acesso a boa m\u00fasica e&#8230; <a href=\"https:\/\/patrocinados.estadao.com.br\/spbemnafoto\/concerto-na-sala-sao-paulo\/\" class=\"btn_veja_mais\" rel=\"nofollow\"> veja mais \u00bb <\/a><\/p>\n","protected":false},"author":2,"featured_media":155,"comment_status":"open","ping_status":"closed","sticky":false,"template":"","format":"standard","meta":{"_acf_changed":false,"ngg_post_thumbnail":0,"footnotes":""},"categories":[2],"tags":[],"class_list":["post-58","post","type-post","status-publish","format-standard","has-post-thumbnail","hentry","category-cultura"],"acf":[],"yoast_head":"<!-- This site is optimized with the Yoast SEO plugin v27.1.1 - https:\/\/yoast.com\/product\/yoast-seo-wordpress\/ -->\n<title>Concerto na Sala S\u00e3o Paulo - S\u00e3o Paulo Bem na Foto 3a Edi\u00e7\u00e3o<\/title>\n<meta name=\"description\" content=\"Arquitetura para os ouvidos - Antiga esta\u00e7\u00e3o de trem do s\u00e9culo 20 conspira, agora, pela audi\u00e7\u00e3o perfeita\" \/>\n<meta name=\"robots\" content=\"index, follow, max-snippet:-1, max-image-preview:large, max-video-preview:-1\" \/>\n<link rel=\"canonical\" href=\"https:\/\/patrocinados.estadao.com.br\/spbemnafoto\/concerto-na-sala-sao-paulo\/\" \/>\n<meta property=\"og:locale\" content=\"pt_BR\" \/>\n<meta property=\"og:type\" content=\"article\" \/>\n<meta property=\"og:title\" content=\"Concerto na Sala S\u00e3o Paulo - S\u00e3o Paulo Bem na Foto 3a Edi\u00e7\u00e3o\" \/>\n<meta property=\"og:description\" content=\"Arquitetura para os ouvidos - Antiga esta\u00e7\u00e3o de trem do s\u00e9culo 20 conspira, agora, pela audi\u00e7\u00e3o perfeita\" \/>\n<meta property=\"og:url\" content=\"https:\/\/patrocinados.estadao.com.br\/spbemnafoto\/concerto-na-sala-sao-paulo\/\" \/>\n<meta property=\"og:site_name\" content=\"S\u00e3o Paulo Bem na Foto 3a Edi\u00e7\u00e3o\" \/>\n<meta property=\"article:published_time\" content=\"2020-01-22T16:00:14+00:00\" \/>\n<meta property=\"article:modified_time\" content=\"2020-01-27T13:44:21+00:00\" \/>\n<meta property=\"og:image\" content=\"https:\/\/patrocinados.estadao.com.br\/spbemnafoto\/wp-content\/uploads\/2020\/01\/ConcertoSalaSaoPaulo003.jpg\" \/>\n\t<meta property=\"og:image:width\" content=\"768\" \/>\n\t<meta property=\"og:image:height\" content=\"512\" \/>\n\t<meta property=\"og:image:type\" content=\"image\/jpeg\" \/>\n<meta name=\"author\" content=\"Henrique Gois\" \/>\n<meta name=\"twitter:card\" content=\"summary_large_image\" \/>\n<meta name=\"twitter:label1\" content=\"Escrito por\" \/>\n\t<meta name=\"twitter:data1\" content=\"Henrique Gois\" \/>\n\t<meta name=\"twitter:label2\" content=\"Est. tempo de leitura\" \/>\n\t<meta name=\"twitter:data2\" content=\"2 minutos\" \/>\n<script type=\"application\/ld+json\" class=\"yoast-schema-graph\">{\"@context\":\"https:\/\/schema.org\",\"@graph\":[{\"@type\":\"Article\",\"@id\":\"https:\/\/patrocinados.estadao.com.br\/spbemnafoto\/concerto-na-sala-sao-paulo\/#article\",\"isPartOf\":{\"@id\":\"https:\/\/patrocinados.estadao.com.br\/spbemnafoto\/concerto-na-sala-sao-paulo\/\"},\"author\":{\"name\":\"Henrique Gois\",\"@id\":\"https:\/\/patrocinados.estadao.com.br\/spbemnafoto\/#\/schema\/person\/a4ee91793954932c28a2ff291f70943e\"},\"headline\":\"Concerto na Sala S\u00e3o Paulo\",\"datePublished\":\"2020-01-22T16:00:14+00:00\",\"dateModified\":\"2020-01-27T13:44:21+00:00\",\"mainEntityOfPage\":{\"@id\":\"https:\/\/patrocinados.estadao.com.br\/spbemnafoto\/concerto-na-sala-sao-paulo\/\"},\"wordCount\":338,\"commentCount\":0,\"image\":{\"@id\":\"https:\/\/patrocinados.estadao.com.br\/spbemnafoto\/concerto-na-sala-sao-paulo\/#primaryimage\"},\"thumbnailUrl\":\"https:\/\/patrocinados.estadao.com.br\/spbemnafoto\/wp-content\/uploads\/2020\/01\/ConcertoSalaSaoPaulo003.jpg\",\"articleSection\":[\"Cultura\"],\"inLanguage\":\"pt-BR\",\"potentialAction\":[{\"@type\":\"CommentAction\",\"name\":\"Comment\",\"target\":[\"https:\/\/patrocinados.estadao.com.br\/spbemnafoto\/concerto-na-sala-sao-paulo\/#respond\"]}]},{\"@type\":\"WebPage\",\"@id\":\"https:\/\/patrocinados.estadao.com.br\/spbemnafoto\/concerto-na-sala-sao-paulo\/\",\"url\":\"https:\/\/patrocinados.estadao.com.br\/spbemnafoto\/concerto-na-sala-sao-paulo\/\",\"name\":\"Concerto na Sala S\u00e3o Paulo - S\u00e3o Paulo Bem na Foto 3a Edi\u00e7\u00e3o\",\"isPartOf\":{\"@id\":\"https:\/\/patrocinados.estadao.com.br\/spbemnafoto\/#website\"},\"primaryImageOfPage\":{\"@id\":\"https:\/\/patrocinados.estadao.com.br\/spbemnafoto\/concerto-na-sala-sao-paulo\/#primaryimage\"},\"image\":{\"@id\":\"https:\/\/patrocinados.estadao.com.br\/spbemnafoto\/concerto-na-sala-sao-paulo\/#primaryimage\"},\"thumbnailUrl\":\"https:\/\/patrocinados.estadao.com.br\/spbemnafoto\/wp-content\/uploads\/2020\/01\/ConcertoSalaSaoPaulo003.jpg\",\"datePublished\":\"2020-01-22T16:00:14+00:00\",\"dateModified\":\"2020-01-27T13:44:21+00:00\",\"author\":{\"@id\":\"https:\/\/patrocinados.estadao.com.br\/spbemnafoto\/#\/schema\/person\/a4ee91793954932c28a2ff291f70943e\"},\"description\":\"Arquitetura para os ouvidos - Antiga esta\u00e7\u00e3o de trem do s\u00e9culo 20 conspira, agora, pela audi\u00e7\u00e3o perfeita\",\"breadcrumb\":{\"@id\":\"https:\/\/patrocinados.estadao.com.br\/spbemnafoto\/concerto-na-sala-sao-paulo\/#breadcrumb\"},\"inLanguage\":\"pt-BR\",\"potentialAction\":[{\"@type\":\"ReadAction\",\"target\":[\"https:\/\/patrocinados.estadao.com.br\/spbemnafoto\/concerto-na-sala-sao-paulo\/\"]}]},{\"@type\":\"ImageObject\",\"inLanguage\":\"pt-BR\",\"@id\":\"https:\/\/patrocinados.estadao.com.br\/spbemnafoto\/concerto-na-sala-sao-paulo\/#primaryimage\",\"url\":\"https:\/\/patrocinados.estadao.com.br\/spbemnafoto\/wp-content\/uploads\/2020\/01\/ConcertoSalaSaoPaulo003.jpg\",\"contentUrl\":\"https:\/\/patrocinados.estadao.com.br\/spbemnafoto\/wp-content\/uploads\/2020\/01\/ConcertoSalaSaoPaulo003.jpg\",\"width\":768,\"height\":512},{\"@type\":\"BreadcrumbList\",\"@id\":\"https:\/\/patrocinados.estadao.com.br\/spbemnafoto\/concerto-na-sala-sao-paulo\/#breadcrumb\",\"itemListElement\":[{\"@type\":\"ListItem\",\"position\":1,\"name\":\"In\u00edcio\",\"item\":\"https:\/\/patrocinados.estadao.com.br\/spbemnafoto\/\"},{\"@type\":\"ListItem\",\"position\":2,\"name\":\"Concerto na Sala S\u00e3o Paulo\"}]},{\"@type\":\"WebSite\",\"@id\":\"https:\/\/patrocinados.estadao.com.br\/spbemnafoto\/#website\",\"url\":\"https:\/\/patrocinados.estadao.com.br\/spbemnafoto\/\",\"name\":\"S\u00e3o Paulo Bem na Foto 3a Edi\u00e7\u00e3o\",\"description\":\"25 pontos interessantes da capital que est\u00e1 completando 466 anos de hist\u00f3ria\",\"potentialAction\":[{\"@type\":\"SearchAction\",\"target\":{\"@type\":\"EntryPoint\",\"urlTemplate\":\"https:\/\/patrocinados.estadao.com.br\/spbemnafoto\/?s={search_term_string}\"},\"query-input\":{\"@type\":\"PropertyValueSpecification\",\"valueRequired\":true,\"valueName\":\"search_term_string\"}}],\"inLanguage\":\"pt-BR\"},{\"@type\":\"Person\",\"@id\":\"https:\/\/patrocinados.estadao.com.br\/spbemnafoto\/#\/schema\/person\/a4ee91793954932c28a2ff291f70943e\",\"name\":\"Henrique Gois\",\"image\":{\"@type\":\"ImageObject\",\"inLanguage\":\"pt-BR\",\"@id\":\"https:\/\/patrocinados.estadao.com.br\/spbemnafoto\/#\/schema\/person\/image\/\",\"url\":\"https:\/\/secure.gravatar.com\/avatar\/9d33d40efdce4963188a84bd4777a5f81f7c8e9cfcc15e6853c05f5cfee4c0ab?s=96&d=mm&r=g\",\"contentUrl\":\"https:\/\/secure.gravatar.com\/avatar\/9d33d40efdce4963188a84bd4777a5f81f7c8e9cfcc15e6853c05f5cfee4c0ab?s=96&d=mm&r=g\",\"caption\":\"Henrique Gois\"},\"sameAs\":[\"http:\/\/www.geosfera.com.br\/\"],\"url\":\"https:\/\/patrocinados.estadao.com.br\/spbemnafoto\/author\/henrique_geosfera\/\"}]}<\/script>\n<!-- \/ Yoast SEO plugin. -->","yoast_head_json":{"title":"Concerto na Sala S\u00e3o Paulo - S\u00e3o Paulo Bem na Foto 3a Edi\u00e7\u00e3o","description":"Arquitetura para os ouvidos - Antiga esta\u00e7\u00e3o de trem do s\u00e9culo 20 conspira, agora, pela audi\u00e7\u00e3o perfeita","robots":{"index":"index","follow":"follow","max-snippet":"max-snippet:-1","max-image-preview":"max-image-preview:large","max-video-preview":"max-video-preview:-1"},"canonical":"https:\/\/patrocinados.estadao.com.br\/spbemnafoto\/concerto-na-sala-sao-paulo\/","og_locale":"pt_BR","og_type":"article","og_title":"Concerto na Sala S\u00e3o Paulo - S\u00e3o Paulo Bem na Foto 3a Edi\u00e7\u00e3o","og_description":"Arquitetura para os ouvidos - Antiga esta\u00e7\u00e3o de trem do s\u00e9culo 20 conspira, agora, pela audi\u00e7\u00e3o perfeita","og_url":"https:\/\/patrocinados.estadao.com.br\/spbemnafoto\/concerto-na-sala-sao-paulo\/","og_site_name":"S\u00e3o Paulo Bem na Foto 3a Edi\u00e7\u00e3o","article_published_time":"2020-01-22T16:00:14+00:00","article_modified_time":"2020-01-27T13:44:21+00:00","og_image":[{"width":768,"height":512,"url":"https:\/\/patrocinados.estadao.com.br\/spbemnafoto\/wp-content\/uploads\/2020\/01\/ConcertoSalaSaoPaulo003.jpg","type":"image\/jpeg"}],"author":"Henrique Gois","twitter_card":"summary_large_image","twitter_misc":{"Escrito por":"Henrique Gois","Est. tempo de leitura":"2 minutos"},"schema":{"@context":"https:\/\/schema.org","@graph":[{"@type":"Article","@id":"https:\/\/patrocinados.estadao.com.br\/spbemnafoto\/concerto-na-sala-sao-paulo\/#article","isPartOf":{"@id":"https:\/\/patrocinados.estadao.com.br\/spbemnafoto\/concerto-na-sala-sao-paulo\/"},"author":{"name":"Henrique Gois","@id":"https:\/\/patrocinados.estadao.com.br\/spbemnafoto\/#\/schema\/person\/a4ee91793954932c28a2ff291f70943e"},"headline":"Concerto na Sala S\u00e3o Paulo","datePublished":"2020-01-22T16:00:14+00:00","dateModified":"2020-01-27T13:44:21+00:00","mainEntityOfPage":{"@id":"https:\/\/patrocinados.estadao.com.br\/spbemnafoto\/concerto-na-sala-sao-paulo\/"},"wordCount":338,"commentCount":0,"image":{"@id":"https:\/\/patrocinados.estadao.com.br\/spbemnafoto\/concerto-na-sala-sao-paulo\/#primaryimage"},"thumbnailUrl":"https:\/\/patrocinados.estadao.com.br\/spbemnafoto\/wp-content\/uploads\/2020\/01\/ConcertoSalaSaoPaulo003.jpg","articleSection":["Cultura"],"inLanguage":"pt-BR","potentialAction":[{"@type":"CommentAction","name":"Comment","target":["https:\/\/patrocinados.estadao.com.br\/spbemnafoto\/concerto-na-sala-sao-paulo\/#respond"]}]},{"@type":"WebPage","@id":"https:\/\/patrocinados.estadao.com.br\/spbemnafoto\/concerto-na-sala-sao-paulo\/","url":"https:\/\/patrocinados.estadao.com.br\/spbemnafoto\/concerto-na-sala-sao-paulo\/","name":"Concerto na Sala S\u00e3o Paulo - S\u00e3o Paulo Bem na Foto 3a Edi\u00e7\u00e3o","isPartOf":{"@id":"https:\/\/patrocinados.estadao.com.br\/spbemnafoto\/#website"},"primaryImageOfPage":{"@id":"https:\/\/patrocinados.estadao.com.br\/spbemnafoto\/concerto-na-sala-sao-paulo\/#primaryimage"},"image":{"@id":"https:\/\/patrocinados.estadao.com.br\/spbemnafoto\/concerto-na-sala-sao-paulo\/#primaryimage"},"thumbnailUrl":"https:\/\/patrocinados.estadao.com.br\/spbemnafoto\/wp-content\/uploads\/2020\/01\/ConcertoSalaSaoPaulo003.jpg","datePublished":"2020-01-22T16:00:14+00:00","dateModified":"2020-01-27T13:44:21+00:00","author":{"@id":"https:\/\/patrocinados.estadao.com.br\/spbemnafoto\/#\/schema\/person\/a4ee91793954932c28a2ff291f70943e"},"description":"Arquitetura para os ouvidos - Antiga esta\u00e7\u00e3o de trem do s\u00e9culo 20 conspira, agora, pela audi\u00e7\u00e3o perfeita","breadcrumb":{"@id":"https:\/\/patrocinados.estadao.com.br\/spbemnafoto\/concerto-na-sala-sao-paulo\/#breadcrumb"},"inLanguage":"pt-BR","potentialAction":[{"@type":"ReadAction","target":["https:\/\/patrocinados.estadao.com.br\/spbemnafoto\/concerto-na-sala-sao-paulo\/"]}]},{"@type":"ImageObject","inLanguage":"pt-BR","@id":"https:\/\/patrocinados.estadao.com.br\/spbemnafoto\/concerto-na-sala-sao-paulo\/#primaryimage","url":"https:\/\/patrocinados.estadao.com.br\/spbemnafoto\/wp-content\/uploads\/2020\/01\/ConcertoSalaSaoPaulo003.jpg","contentUrl":"https:\/\/patrocinados.estadao.com.br\/spbemnafoto\/wp-content\/uploads\/2020\/01\/ConcertoSalaSaoPaulo003.jpg","width":768,"height":512},{"@type":"BreadcrumbList","@id":"https:\/\/patrocinados.estadao.com.br\/spbemnafoto\/concerto-na-sala-sao-paulo\/#breadcrumb","itemListElement":[{"@type":"ListItem","position":1,"name":"In\u00edcio","item":"https:\/\/patrocinados.estadao.com.br\/spbemnafoto\/"},{"@type":"ListItem","position":2,"name":"Concerto na Sala S\u00e3o Paulo"}]},{"@type":"WebSite","@id":"https:\/\/patrocinados.estadao.com.br\/spbemnafoto\/#website","url":"https:\/\/patrocinados.estadao.com.br\/spbemnafoto\/","name":"S\u00e3o Paulo Bem na Foto 3a Edi\u00e7\u00e3o","description":"25 pontos interessantes da capital que est\u00e1 completando 466 anos de hist\u00f3ria","potentialAction":[{"@type":"SearchAction","target":{"@type":"EntryPoint","urlTemplate":"https:\/\/patrocinados.estadao.com.br\/spbemnafoto\/?s={search_term_string}"},"query-input":{"@type":"PropertyValueSpecification","valueRequired":true,"valueName":"search_term_string"}}],"inLanguage":"pt-BR"},{"@type":"Person","@id":"https:\/\/patrocinados.estadao.com.br\/spbemnafoto\/#\/schema\/person\/a4ee91793954932c28a2ff291f70943e","name":"Henrique Gois","image":{"@type":"ImageObject","inLanguage":"pt-BR","@id":"https:\/\/patrocinados.estadao.com.br\/spbemnafoto\/#\/schema\/person\/image\/","url":"https:\/\/secure.gravatar.com\/avatar\/9d33d40efdce4963188a84bd4777a5f81f7c8e9cfcc15e6853c05f5cfee4c0ab?s=96&d=mm&r=g","contentUrl":"https:\/\/secure.gravatar.com\/avatar\/9d33d40efdce4963188a84bd4777a5f81f7c8e9cfcc15e6853c05f5cfee4c0ab?s=96&d=mm&r=g","caption":"Henrique Gois"},"sameAs":["http:\/\/www.geosfera.com.br\/"],"url":"https:\/\/patrocinados.estadao.com.br\/spbemnafoto\/author\/henrique_geosfera\/"}]}},"_links":{"self":[{"href":"https:\/\/patrocinados.estadao.com.br\/spbemnafoto\/wp-json\/wp\/v2\/posts\/58","targetHints":{"allow":["GET"]}}],"collection":[{"href":"https:\/\/patrocinados.estadao.com.br\/spbemnafoto\/wp-json\/wp\/v2\/posts"}],"about":[{"href":"https:\/\/patrocinados.estadao.com.br\/spbemnafoto\/wp-json\/wp\/v2\/types\/post"}],"author":[{"embeddable":true,"href":"https:\/\/patrocinados.estadao.com.br\/spbemnafoto\/wp-json\/wp\/v2\/users\/2"}],"replies":[{"embeddable":true,"href":"https:\/\/patrocinados.estadao.com.br\/spbemnafoto\/wp-json\/wp\/v2\/comments?post=58"}],"version-history":[{"count":7,"href":"https:\/\/patrocinados.estadao.com.br\/spbemnafoto\/wp-json\/wp\/v2\/posts\/58\/revisions"}],"predecessor-version":[{"id":445,"href":"https:\/\/patrocinados.estadao.com.br\/spbemnafoto\/wp-json\/wp\/v2\/posts\/58\/revisions\/445"}],"wp:featuredmedia":[{"embeddable":true,"href":"https:\/\/patrocinados.estadao.com.br\/spbemnafoto\/wp-json\/wp\/v2\/media\/155"}],"wp:attachment":[{"href":"https:\/\/patrocinados.estadao.com.br\/spbemnafoto\/wp-json\/wp\/v2\/media?parent=58"}],"wp:term":[{"taxonomy":"category","embeddable":true,"href":"https:\/\/patrocinados.estadao.com.br\/spbemnafoto\/wp-json\/wp\/v2\/categories?post=58"},{"taxonomy":"post_tag","embeddable":true,"href":"https:\/\/patrocinados.estadao.com.br\/spbemnafoto\/wp-json\/wp\/v2\/tags?post=58"}],"curies":[{"name":"wp","href":"https:\/\/api.w.org\/{rel}","templated":true}]}}