{"id":55,"date":"2020-01-22T14:00:23","date_gmt":"2020-01-22T17:00:23","guid":{"rendered":"http:\/\/patrocinados.estadao.com.br\/spbemnafoto\/2020\/?p=55"},"modified":"2020-01-27T10:41:30","modified_gmt":"2020-01-27T13:41:30","slug":"espetaculo-no-theatro-municipal","status":"publish","type":"post","link":"https:\/\/patrocinados.estadao.com.br\/spbemnafoto\/espetaculo-no-theatro-municipal\/","title":{"rendered":"Espet\u00e1culo no Theatro Municipal"},"content":{"rendered":"<h2><strong>P\u00fablico abra\u00e7a o Municipal<\/strong><\/h2>\n<h3>M\u00fasica, dan\u00e7a, circo e teatro estar\u00e3o em cena durante 2020<\/h3>\n<div class='alignright'>\n\t<div class='dfp-tmeio1'><\/div>\n\t<script type='text\/javascript'>\n\tDFP.renderHtml({\n\t'selector':'div.dfp-tmeio1',\n\t'targets':{\n\t'formato':'tmeio1'\n\t},\n\t'screenmap':'Tile_300_250_T_250',\n\t'force': true\n\t});\n\t<\/script>\n\t<\/div><p>O hist\u00f3rico edif\u00edcio inaugurado em 1911 no ent\u00e3o chamado Morro do Ch\u00e1 \u00e9 um dos grandes cart\u00f5es-postais de S\u00e3o Paulo. O Theatro Municipal, onde j\u00e1 pisaram os grandes nomes da m\u00fasica cl\u00e1ssica nacional e internacional, continua a todo vapor nestes anos 20 do s\u00e9culo 21. Por isso, em 2020, a dire\u00e7\u00e3o da casa, pensando principalmente no p\u00fablico jovem e em pessoas que visitam pela primeira vez o local, preparou uma programa\u00e7\u00e3o que engloba m\u00fasica, dan\u00e7a, circo e teatro.<br \/>\nAs pesquisas feitas com os frequentadores mostram que em 2019 por volta de 40% do p\u00fablico que esteve no teatro estava pisando na magistral sala de espet\u00e1culos pela primeira vez. Al\u00e9m disso, a maioria das pessoas que resolveram explorar o centro paulistano tinha menos de 30 anos de idade. Assim como ocorreu h\u00e1 quase 100 anos, quando o palco do Municipal abrigou a programa\u00e7\u00e3o transformadora da Semana de Arte Moderna de S\u00e3o Paulo, s\u00e3o os jovens que est\u00e3o cada vez mais se voltando para o teatro. Em 1922, nos dias 13, 15 e 17, ficaram famosas as apresenta\u00e7\u00f5es de m\u00fasica e poesia que inauguraram o Modernismo no Brasil. O centro e o Theatro respiram cada vez mais.<\/p>\n<div id='gallery-1' class='gallery galleryid-55 gallery-columns-2 gallery-size-medium'><figure class='gallery-item'>\n\t\t\t<div class='gallery-icon landscape'>\n\t\t\t\t<img loading=\"lazy\" decoding=\"async\" width=\"300\" height=\"200\" src=\"https:\/\/patrocinados.estadao.com.br\/spbemnafoto\/wp-content\/uploads\/2020\/01\/cultura_municipal02-1-300x200.jpg\" class=\"attachment-medium size-medium\" alt=\"\" srcset=\"https:\/\/patrocinados.estadao.com.br\/spbemnafoto\/wp-content\/uploads\/2020\/01\/cultura_municipal02-1-300x200.jpg 300w, https:\/\/patrocinados.estadao.com.br\/spbemnafoto\/wp-content\/uploads\/2020\/01\/cultura_municipal02-1.jpg 600w\" sizes=\"auto, (max-width: 300px) 85vw, 300px\" \/>\n\t\t\t<\/div><\/figure><figure class='gallery-item'>\n\t\t\t<div class='gallery-icon landscape'>\n\t\t\t\t<img loading=\"lazy\" decoding=\"async\" width=\"300\" height=\"200\" src=\"https:\/\/patrocinados.estadao.com.br\/spbemnafoto\/wp-content\/uploads\/2020\/01\/cultura_municipal03-1-300x200.jpg\" class=\"attachment-medium size-medium\" alt=\"\" srcset=\"https:\/\/patrocinados.estadao.com.br\/spbemnafoto\/wp-content\/uploads\/2020\/01\/cultura_municipal03-1-300x200.jpg 300w, https:\/\/patrocinados.estadao.com.br\/spbemnafoto\/wp-content\/uploads\/2020\/01\/cultura_municipal03-1.jpg 600w\" sizes=\"auto, (max-width: 300px) 85vw, 300px\" \/>\n\t\t\t<\/div><\/figure>\n\t\t<\/div>\n\n<p>&nbsp;<\/p>\n<h4><strong>Mais informa\u00e7\u00f5es:<\/strong><\/h4>\n<p><a href=\"http:\/\/theatromunicipal.org.br\/\" target=\"_blank\" rel=\"noopener noreferrer\"><strong>theatromunicipal.org.br<\/strong><\/a><\/p>\n","protected":false},"excerpt":{"rendered":"<p>O hist\u00f3rico edif\u00edcio inaugurado em 1911 no ent\u00e3o chamado Morro do Ch\u00e1 \u00e9 um dos grandes cart\u00f5es-postais de S\u00e3o Paulo. O Theatro Municipal, onde j\u00e1 pisaram os grandes nomes da m\u00fasica cl\u00e1ssica nacional e internacional,&#8230; <a href=\"https:\/\/patrocinados.estadao.com.br\/spbemnafoto\/espetaculo-no-theatro-municipal\/\" class=\"btn_veja_mais\" rel=\"nofollow\"> veja mais \u00bb <\/a><\/p>\n","protected":false},"author":2,"featured_media":56,"comment_status":"open","ping_status":"closed","sticky":false,"template":"","format":"standard","meta":{"_acf_changed":false,"ngg_post_thumbnail":0,"footnotes":""},"categories":[2],"tags":[],"class_list":["post-55","post","type-post","status-publish","format-standard","has-post-thumbnail","hentry","category-cultura"],"acf":[],"yoast_head":"<!-- This site is optimized with the Yoast SEO plugin v27.1.1 - https:\/\/yoast.com\/product\/yoast-seo-wordpress\/ -->\n<title>Espet\u00e1culo no Theatro Municipal - S\u00e3o Paulo Bem na Foto 3a Edi\u00e7\u00e3o<\/title>\n<meta name=\"description\" content=\"P\u00fablico abra\u00e7a o Municipal - M\u00fasica, dan\u00e7a, circo e teatro estar\u00e3o em cena durante 2020\" \/>\n<meta name=\"robots\" content=\"index, follow, max-snippet:-1, max-image-preview:large, max-video-preview:-1\" \/>\n<link rel=\"canonical\" href=\"https:\/\/patrocinados.estadao.com.br\/spbemnafoto\/espetaculo-no-theatro-municipal\/\" \/>\n<meta property=\"og:locale\" content=\"pt_BR\" \/>\n<meta property=\"og:type\" content=\"article\" \/>\n<meta property=\"og:title\" content=\"Espet\u00e1culo no Theatro Municipal - S\u00e3o Paulo Bem na Foto 3a Edi\u00e7\u00e3o\" \/>\n<meta property=\"og:description\" content=\"P\u00fablico abra\u00e7a o Municipal - M\u00fasica, dan\u00e7a, circo e teatro estar\u00e3o em cena durante 2020\" \/>\n<meta property=\"og:url\" content=\"https:\/\/patrocinados.estadao.com.br\/spbemnafoto\/espetaculo-no-theatro-municipal\/\" \/>\n<meta property=\"og:site_name\" content=\"S\u00e3o Paulo Bem na Foto 3a Edi\u00e7\u00e3o\" \/>\n<meta property=\"article:published_time\" content=\"2020-01-22T17:00:23+00:00\" \/>\n<meta property=\"article:modified_time\" content=\"2020-01-27T13:41:30+00:00\" \/>\n<meta property=\"og:image\" content=\"https:\/\/patrocinados.estadao.com.br\/spbemnafoto\/wp-content\/uploads\/2020\/01\/cultura_municipal01-scaled.jpg\" \/>\n\t<meta property=\"og:image:width\" content=\"2560\" \/>\n\t<meta property=\"og:image:height\" content=\"1920\" \/>\n\t<meta property=\"og:image:type\" content=\"image\/jpeg\" \/>\n<meta name=\"author\" content=\"Henrique Gois\" \/>\n<meta name=\"twitter:card\" content=\"summary_large_image\" \/>\n<meta name=\"twitter:label1\" content=\"Escrito por\" \/>\n\t<meta name=\"twitter:data1\" content=\"Henrique Gois\" \/>\n\t<meta name=\"twitter:label2\" content=\"Est. tempo de leitura\" \/>\n\t<meta name=\"twitter:data2\" content=\"1 minuto\" \/>\n<script type=\"application\/ld+json\" class=\"yoast-schema-graph\">{\"@context\":\"https:\/\/schema.org\",\"@graph\":[{\"@type\":\"Article\",\"@id\":\"https:\/\/patrocinados.estadao.com.br\/spbemnafoto\/espetaculo-no-theatro-municipal\/#article\",\"isPartOf\":{\"@id\":\"https:\/\/patrocinados.estadao.com.br\/spbemnafoto\/espetaculo-no-theatro-municipal\/\"},\"author\":{\"name\":\"Henrique Gois\",\"@id\":\"https:\/\/patrocinados.estadao.com.br\/spbemnafoto\/#\/schema\/person\/a4ee91793954932c28a2ff291f70943e\"},\"headline\":\"Espet\u00e1culo no Theatro Municipal\",\"datePublished\":\"2020-01-22T17:00:23+00:00\",\"dateModified\":\"2020-01-27T13:41:30+00:00\",\"mainEntityOfPage\":{\"@id\":\"https:\/\/patrocinados.estadao.com.br\/spbemnafoto\/espetaculo-no-theatro-municipal\/\"},\"wordCount\":241,\"commentCount\":0,\"image\":{\"@id\":\"https:\/\/patrocinados.estadao.com.br\/spbemnafoto\/espetaculo-no-theatro-municipal\/#primaryimage\"},\"thumbnailUrl\":\"https:\/\/patrocinados.estadao.com.br\/spbemnafoto\/wp-content\/uploads\/2020\/01\/cultura_municipal01-scaled.jpg\",\"articleSection\":[\"Cultura\"],\"inLanguage\":\"pt-BR\",\"potentialAction\":[{\"@type\":\"CommentAction\",\"name\":\"Comment\",\"target\":[\"https:\/\/patrocinados.estadao.com.br\/spbemnafoto\/espetaculo-no-theatro-municipal\/#respond\"]}]},{\"@type\":\"WebPage\",\"@id\":\"https:\/\/patrocinados.estadao.com.br\/spbemnafoto\/espetaculo-no-theatro-municipal\/\",\"url\":\"https:\/\/patrocinados.estadao.com.br\/spbemnafoto\/espetaculo-no-theatro-municipal\/\",\"name\":\"Espet\u00e1culo no Theatro Municipal - S\u00e3o Paulo Bem na Foto 3a Edi\u00e7\u00e3o\",\"isPartOf\":{\"@id\":\"https:\/\/patrocinados.estadao.com.br\/spbemnafoto\/#website\"},\"primaryImageOfPage\":{\"@id\":\"https:\/\/patrocinados.estadao.com.br\/spbemnafoto\/espetaculo-no-theatro-municipal\/#primaryimage\"},\"image\":{\"@id\":\"https:\/\/patrocinados.estadao.com.br\/spbemnafoto\/espetaculo-no-theatro-municipal\/#primaryimage\"},\"thumbnailUrl\":\"https:\/\/patrocinados.estadao.com.br\/spbemnafoto\/wp-content\/uploads\/2020\/01\/cultura_municipal01-scaled.jpg\",\"datePublished\":\"2020-01-22T17:00:23+00:00\",\"dateModified\":\"2020-01-27T13:41:30+00:00\",\"author\":{\"@id\":\"https:\/\/patrocinados.estadao.com.br\/spbemnafoto\/#\/schema\/person\/a4ee91793954932c28a2ff291f70943e\"},\"description\":\"P\u00fablico abra\u00e7a o Municipal - M\u00fasica, dan\u00e7a, circo e teatro estar\u00e3o em cena durante 2020\",\"breadcrumb\":{\"@id\":\"https:\/\/patrocinados.estadao.com.br\/spbemnafoto\/espetaculo-no-theatro-municipal\/#breadcrumb\"},\"inLanguage\":\"pt-BR\",\"potentialAction\":[{\"@type\":\"ReadAction\",\"target\":[\"https:\/\/patrocinados.estadao.com.br\/spbemnafoto\/espetaculo-no-theatro-municipal\/\"]}]},{\"@type\":\"ImageObject\",\"inLanguage\":\"pt-BR\",\"@id\":\"https:\/\/patrocinados.estadao.com.br\/spbemnafoto\/espetaculo-no-theatro-municipal\/#primaryimage\",\"url\":\"https:\/\/patrocinados.estadao.com.br\/spbemnafoto\/wp-content\/uploads\/2020\/01\/cultura_municipal01-scaled.jpg\",\"contentUrl\":\"https:\/\/patrocinados.estadao.com.br\/spbemnafoto\/wp-content\/uploads\/2020\/01\/cultura_municipal01-scaled.jpg\",\"width\":2560,\"height\":1920,\"caption\":\"SAO PAULO SP 10\/01\/2019 EMBARGADO METROPOLE \/ TEATRO MUNICIPAL - Vista aerea feita por drone do Theatro Municipal no centro de Sao Paulo FOTO LEO SOUZA \/ ESTADAO\"},{\"@type\":\"BreadcrumbList\",\"@id\":\"https:\/\/patrocinados.estadao.com.br\/spbemnafoto\/espetaculo-no-theatro-municipal\/#breadcrumb\",\"itemListElement\":[{\"@type\":\"ListItem\",\"position\":1,\"name\":\"In\u00edcio\",\"item\":\"https:\/\/patrocinados.estadao.com.br\/spbemnafoto\/\"},{\"@type\":\"ListItem\",\"position\":2,\"name\":\"Espet\u00e1culo no Theatro Municipal\"}]},{\"@type\":\"WebSite\",\"@id\":\"https:\/\/patrocinados.estadao.com.br\/spbemnafoto\/#website\",\"url\":\"https:\/\/patrocinados.estadao.com.br\/spbemnafoto\/\",\"name\":\"S\u00e3o Paulo Bem na Foto 3a Edi\u00e7\u00e3o\",\"description\":\"25 pontos interessantes da capital que est\u00e1 completando 466 anos de hist\u00f3ria\",\"potentialAction\":[{\"@type\":\"SearchAction\",\"target\":{\"@type\":\"EntryPoint\",\"urlTemplate\":\"https:\/\/patrocinados.estadao.com.br\/spbemnafoto\/?s={search_term_string}\"},\"query-input\":{\"@type\":\"PropertyValueSpecification\",\"valueRequired\":true,\"valueName\":\"search_term_string\"}}],\"inLanguage\":\"pt-BR\"},{\"@type\":\"Person\",\"@id\":\"https:\/\/patrocinados.estadao.com.br\/spbemnafoto\/#\/schema\/person\/a4ee91793954932c28a2ff291f70943e\",\"name\":\"Henrique Gois\",\"image\":{\"@type\":\"ImageObject\",\"inLanguage\":\"pt-BR\",\"@id\":\"https:\/\/patrocinados.estadao.com.br\/spbemnafoto\/#\/schema\/person\/image\/\",\"url\":\"https:\/\/secure.gravatar.com\/avatar\/9d33d40efdce4963188a84bd4777a5f81f7c8e9cfcc15e6853c05f5cfee4c0ab?s=96&d=mm&r=g\",\"contentUrl\":\"https:\/\/secure.gravatar.com\/avatar\/9d33d40efdce4963188a84bd4777a5f81f7c8e9cfcc15e6853c05f5cfee4c0ab?s=96&d=mm&r=g\",\"caption\":\"Henrique Gois\"},\"sameAs\":[\"http:\/\/www.geosfera.com.br\/\"],\"url\":\"https:\/\/patrocinados.estadao.com.br\/spbemnafoto\/author\/henrique_geosfera\/\"}]}<\/script>\n<!-- \/ Yoast SEO plugin. -->","yoast_head_json":{"title":"Espet\u00e1culo no Theatro Municipal - S\u00e3o Paulo Bem na Foto 3a Edi\u00e7\u00e3o","description":"P\u00fablico abra\u00e7a o Municipal - M\u00fasica, dan\u00e7a, circo e teatro estar\u00e3o em cena durante 2020","robots":{"index":"index","follow":"follow","max-snippet":"max-snippet:-1","max-image-preview":"max-image-preview:large","max-video-preview":"max-video-preview:-1"},"canonical":"https:\/\/patrocinados.estadao.com.br\/spbemnafoto\/espetaculo-no-theatro-municipal\/","og_locale":"pt_BR","og_type":"article","og_title":"Espet\u00e1culo no Theatro Municipal - S\u00e3o Paulo Bem na Foto 3a Edi\u00e7\u00e3o","og_description":"P\u00fablico abra\u00e7a o Municipal - M\u00fasica, dan\u00e7a, circo e teatro estar\u00e3o em cena durante 2020","og_url":"https:\/\/patrocinados.estadao.com.br\/spbemnafoto\/espetaculo-no-theatro-municipal\/","og_site_name":"S\u00e3o Paulo Bem na Foto 3a Edi\u00e7\u00e3o","article_published_time":"2020-01-22T17:00:23+00:00","article_modified_time":"2020-01-27T13:41:30+00:00","og_image":[{"width":2560,"height":1920,"url":"https:\/\/patrocinados.estadao.com.br\/spbemnafoto\/wp-content\/uploads\/2020\/01\/cultura_municipal01-scaled.jpg","type":"image\/jpeg"}],"author":"Henrique Gois","twitter_card":"summary_large_image","twitter_misc":{"Escrito por":"Henrique Gois","Est. tempo de leitura":"1 minuto"},"schema":{"@context":"https:\/\/schema.org","@graph":[{"@type":"Article","@id":"https:\/\/patrocinados.estadao.com.br\/spbemnafoto\/espetaculo-no-theatro-municipal\/#article","isPartOf":{"@id":"https:\/\/patrocinados.estadao.com.br\/spbemnafoto\/espetaculo-no-theatro-municipal\/"},"author":{"name":"Henrique Gois","@id":"https:\/\/patrocinados.estadao.com.br\/spbemnafoto\/#\/schema\/person\/a4ee91793954932c28a2ff291f70943e"},"headline":"Espet\u00e1culo no Theatro Municipal","datePublished":"2020-01-22T17:00:23+00:00","dateModified":"2020-01-27T13:41:30+00:00","mainEntityOfPage":{"@id":"https:\/\/patrocinados.estadao.com.br\/spbemnafoto\/espetaculo-no-theatro-municipal\/"},"wordCount":241,"commentCount":0,"image":{"@id":"https:\/\/patrocinados.estadao.com.br\/spbemnafoto\/espetaculo-no-theatro-municipal\/#primaryimage"},"thumbnailUrl":"https:\/\/patrocinados.estadao.com.br\/spbemnafoto\/wp-content\/uploads\/2020\/01\/cultura_municipal01-scaled.jpg","articleSection":["Cultura"],"inLanguage":"pt-BR","potentialAction":[{"@type":"CommentAction","name":"Comment","target":["https:\/\/patrocinados.estadao.com.br\/spbemnafoto\/espetaculo-no-theatro-municipal\/#respond"]}]},{"@type":"WebPage","@id":"https:\/\/patrocinados.estadao.com.br\/spbemnafoto\/espetaculo-no-theatro-municipal\/","url":"https:\/\/patrocinados.estadao.com.br\/spbemnafoto\/espetaculo-no-theatro-municipal\/","name":"Espet\u00e1culo no Theatro Municipal - S\u00e3o Paulo Bem na Foto 3a Edi\u00e7\u00e3o","isPartOf":{"@id":"https:\/\/patrocinados.estadao.com.br\/spbemnafoto\/#website"},"primaryImageOfPage":{"@id":"https:\/\/patrocinados.estadao.com.br\/spbemnafoto\/espetaculo-no-theatro-municipal\/#primaryimage"},"image":{"@id":"https:\/\/patrocinados.estadao.com.br\/spbemnafoto\/espetaculo-no-theatro-municipal\/#primaryimage"},"thumbnailUrl":"https:\/\/patrocinados.estadao.com.br\/spbemnafoto\/wp-content\/uploads\/2020\/01\/cultura_municipal01-scaled.jpg","datePublished":"2020-01-22T17:00:23+00:00","dateModified":"2020-01-27T13:41:30+00:00","author":{"@id":"https:\/\/patrocinados.estadao.com.br\/spbemnafoto\/#\/schema\/person\/a4ee91793954932c28a2ff291f70943e"},"description":"P\u00fablico abra\u00e7a o Municipal - M\u00fasica, dan\u00e7a, circo e teatro estar\u00e3o em cena durante 2020","breadcrumb":{"@id":"https:\/\/patrocinados.estadao.com.br\/spbemnafoto\/espetaculo-no-theatro-municipal\/#breadcrumb"},"inLanguage":"pt-BR","potentialAction":[{"@type":"ReadAction","target":["https:\/\/patrocinados.estadao.com.br\/spbemnafoto\/espetaculo-no-theatro-municipal\/"]}]},{"@type":"ImageObject","inLanguage":"pt-BR","@id":"https:\/\/patrocinados.estadao.com.br\/spbemnafoto\/espetaculo-no-theatro-municipal\/#primaryimage","url":"https:\/\/patrocinados.estadao.com.br\/spbemnafoto\/wp-content\/uploads\/2020\/01\/cultura_municipal01-scaled.jpg","contentUrl":"https:\/\/patrocinados.estadao.com.br\/spbemnafoto\/wp-content\/uploads\/2020\/01\/cultura_municipal01-scaled.jpg","width":2560,"height":1920,"caption":"SAO PAULO SP 10\/01\/2019 EMBARGADO METROPOLE \/ TEATRO MUNICIPAL - Vista aerea feita por drone do Theatro Municipal no centro de Sao Paulo FOTO LEO SOUZA \/ ESTADAO"},{"@type":"BreadcrumbList","@id":"https:\/\/patrocinados.estadao.com.br\/spbemnafoto\/espetaculo-no-theatro-municipal\/#breadcrumb","itemListElement":[{"@type":"ListItem","position":1,"name":"In\u00edcio","item":"https:\/\/patrocinados.estadao.com.br\/spbemnafoto\/"},{"@type":"ListItem","position":2,"name":"Espet\u00e1culo no Theatro Municipal"}]},{"@type":"WebSite","@id":"https:\/\/patrocinados.estadao.com.br\/spbemnafoto\/#website","url":"https:\/\/patrocinados.estadao.com.br\/spbemnafoto\/","name":"S\u00e3o Paulo Bem na Foto 3a Edi\u00e7\u00e3o","description":"25 pontos interessantes da capital que est\u00e1 completando 466 anos de hist\u00f3ria","potentialAction":[{"@type":"SearchAction","target":{"@type":"EntryPoint","urlTemplate":"https:\/\/patrocinados.estadao.com.br\/spbemnafoto\/?s={search_term_string}"},"query-input":{"@type":"PropertyValueSpecification","valueRequired":true,"valueName":"search_term_string"}}],"inLanguage":"pt-BR"},{"@type":"Person","@id":"https:\/\/patrocinados.estadao.com.br\/spbemnafoto\/#\/schema\/person\/a4ee91793954932c28a2ff291f70943e","name":"Henrique Gois","image":{"@type":"ImageObject","inLanguage":"pt-BR","@id":"https:\/\/patrocinados.estadao.com.br\/spbemnafoto\/#\/schema\/person\/image\/","url":"https:\/\/secure.gravatar.com\/avatar\/9d33d40efdce4963188a84bd4777a5f81f7c8e9cfcc15e6853c05f5cfee4c0ab?s=96&d=mm&r=g","contentUrl":"https:\/\/secure.gravatar.com\/avatar\/9d33d40efdce4963188a84bd4777a5f81f7c8e9cfcc15e6853c05f5cfee4c0ab?s=96&d=mm&r=g","caption":"Henrique Gois"},"sameAs":["http:\/\/www.geosfera.com.br\/"],"url":"https:\/\/patrocinados.estadao.com.br\/spbemnafoto\/author\/henrique_geosfera\/"}]}},"_links":{"self":[{"href":"https:\/\/patrocinados.estadao.com.br\/spbemnafoto\/wp-json\/wp\/v2\/posts\/55","targetHints":{"allow":["GET"]}}],"collection":[{"href":"https:\/\/patrocinados.estadao.com.br\/spbemnafoto\/wp-json\/wp\/v2\/posts"}],"about":[{"href":"https:\/\/patrocinados.estadao.com.br\/spbemnafoto\/wp-json\/wp\/v2\/types\/post"}],"author":[{"embeddable":true,"href":"https:\/\/patrocinados.estadao.com.br\/spbemnafoto\/wp-json\/wp\/v2\/users\/2"}],"replies":[{"embeddable":true,"href":"https:\/\/patrocinados.estadao.com.br\/spbemnafoto\/wp-json\/wp\/v2\/comments?post=55"}],"version-history":[{"count":7,"href":"https:\/\/patrocinados.estadao.com.br\/spbemnafoto\/wp-json\/wp\/v2\/posts\/55\/revisions"}],"predecessor-version":[{"id":444,"href":"https:\/\/patrocinados.estadao.com.br\/spbemnafoto\/wp-json\/wp\/v2\/posts\/55\/revisions\/444"}],"wp:featuredmedia":[{"embeddable":true,"href":"https:\/\/patrocinados.estadao.com.br\/spbemnafoto\/wp-json\/wp\/v2\/media\/56"}],"wp:attachment":[{"href":"https:\/\/patrocinados.estadao.com.br\/spbemnafoto\/wp-json\/wp\/v2\/media?parent=55"}],"wp:term":[{"taxonomy":"category","embeddable":true,"href":"https:\/\/patrocinados.estadao.com.br\/spbemnafoto\/wp-json\/wp\/v2\/categories?post=55"},{"taxonomy":"post_tag","embeddable":true,"href":"https:\/\/patrocinados.estadao.com.br\/spbemnafoto\/wp-json\/wp\/v2\/tags?post=55"}],"curies":[{"name":"wp","href":"https:\/\/api.w.org\/{rel}","templated":true}]}}