{"id":52,"date":"2020-01-22T15:00:12","date_gmt":"2020-01-22T18:00:12","guid":{"rendered":"http:\/\/patrocinados.estadao.com.br\/spbemnafoto\/2020\/?p=52"},"modified":"2020-01-27T10:36:12","modified_gmt":"2020-01-27T13:36:12","slug":"exposicao-no-masp","status":"publish","type":"post","link":"https:\/\/patrocinados.estadao.com.br\/spbemnafoto\/exposicao-no-masp\/","title":{"rendered":"Exposi\u00e7\u00e3o no MASP"},"content":{"rendered":"<h2><strong>Museu dan\u00e7ante<\/strong><\/h2>\n<h3>Em 2020, principais exposi\u00e7\u00f5es do MASP est\u00e3o focadas na dan\u00e7a<\/h3>\n<div class='alignright'>\n\t<div class='dfp-tmeio1'><\/div>\n\t<script type='text\/javascript'>\n\tDFP.renderHtml({\n\t'selector':'div.dfp-tmeio1',\n\t'targets':{\n\t'formato':'tmeio1'\n\t},\n\t'screenmap':'Tile_300_250_T_250',\n\t'force': true\n\t});\n\t<\/script>\n\t<\/div><p>O sempre imperd\u00edvel <strong>Museu de Arte de S\u00e3o Paulo<\/strong> \u00e9 um programa cultural que pode ser feito v\u00e1rias vezes em um mesmo ano. Agora em 2020, as principais exposi\u00e7\u00f5es de uma das grandes institui\u00e7\u00f5es-s\u00edmbolo de S\u00e3o Paulo est\u00e3o focadas na dan\u00e7a. No dia 20 de mar\u00e7o deste ano, por exemplo, estreia <em>H\u00e9lio Oiticica: A Dan\u00e7a na Minha Experi\u00eancia<\/em>. Foi em 1964, quando come\u00e7ou a frequentar a Escola de Samba Esta\u00e7\u00e3o Primeira de Mangueira para se tornar passista, que a vida e a obra do artista se transformaram.<br \/>\nA partir desse divisor de \u00e1guas, surgiram os Parangol\u00e9s, como s\u00e3o chamadas as capas, faixas e bandeiras de tecidos coloridos usadas pelo espectador da obra para que ele se torne o grande int\u00e9rprete do trabalho. A experi\u00eancia de estar e sentir o <strong>Masp<\/strong>, seja nas pr\u00f3ximas exposi\u00e7\u00f5es ligadas \u00e0 dan\u00e7a que estar\u00e3o presentes at\u00e9 2021 ou para apreciar as tamb\u00e9m sempre importantes obras de arte do acervo, abrange ainda um terceiro ingrediente: a est\u00e9tica arquitet\u00f4nica do edif\u00edcio, que parece pairar sobre a agitada e multicultural Avenida Paulista, tanto no dia a dia da cidade como no domingo de sol ou nas manifesta\u00e7\u00f5es culturais e pol\u00edticas sempre presentes em frente ao museu. Vidro e concreto bastaram para a arquitetura de Lina Bo Bardi (1914-1992) se eternizar. Superf\u00edcies \u00e1speras contrastam com a leveza, transpar\u00eancia e a suspens\u00e3o do pr\u00e9dio. Se na prancheta a vontade da arquiteta era realmente criar uma pra\u00e7a p\u00fablica embaixo do edif\u00edcio, o desejo se concretizou totalmente como se pode ver nos \u00faltimos anos.<\/p>\n<figure id=\"attachment_147\" aria-describedby=\"caption-attachment-147\" style=\"width: 450px\" class=\"wp-caption alignleft\"><img loading=\"lazy\" decoding=\"async\" class=\"wp-image-147\" src=\"https:\/\/patrocinados.estadao.com.br\/spbemnafoto\/2020\/wp-content\/uploads\/2020\/01\/ExposicoesMasp002-300x201.jpg\" alt=\"\" width=\"450\" height=\"302\" srcset=\"https:\/\/patrocinados.estadao.com.br\/spbemnafoto\/wp-content\/uploads\/2020\/01\/ExposicoesMasp002-300x201.jpg 300w, https:\/\/patrocinados.estadao.com.br\/spbemnafoto\/wp-content\/uploads\/2020\/01\/ExposicoesMasp002.jpg 597w\" sizes=\"auto, (max-width: 450px) 85vw, 450px\" \/><figcaption id=\"caption-attachment-147\" class=\"wp-caption-text\">Mostra especial sobre Tarsila do Amaral bateu recorde de p\u00fablico em 2019<\/figcaption><\/figure>\n<p>O interesse pelo museu s\u00f3 aumenta. Em 2019, os n\u00fameros oficiais registraram uma marca hist\u00f3rica. As grandes filas para a mostra Tarsila Popular levaram o museu a ter 729.325 visitantes. S\u00f3 a mostra da pintora brasileira, entre abril e julho, foi vista por 402.850 pessoas. Desde 2014, o gosto dos paulistanos revelou-se ecl\u00e9tico. Nesse per\u00edodo, a mostra mais vista antes do evento sobre Tarsila foi Hist\u00f3rias Afro-Atl\u00e2nticas, em 2018, que teve 180 mil visitantes. A exposi\u00e7\u00e3o Toulouse-Lautrec em Vermelho, em 2017, havia recebido 165 mil pessoas.<\/p>\n<h4>Mais informa\u00e7\u00f5es<\/h4>\n<p>Para informa\u00e7\u00f5es sobre hor\u00e1rios, programa\u00e7\u00e3o e pre\u00e7os, consulte o site: <a href=\"http:\/\/masp.org.br\/\" target=\"_blank\" rel=\"noopener noreferrer\"><strong>masp.org.br<\/strong><\/a><\/p>\n","protected":false},"excerpt":{"rendered":"<p>O sempre imperd\u00edvel Museu de Arte de S\u00e3o Paulo \u00e9 um programa cultural que pode ser feito v\u00e1rias vezes em um mesmo ano. Agora em 2020, as principais exposi\u00e7\u00f5es de uma das grandes institui\u00e7\u00f5es-s\u00edmbolo de&#8230; <a href=\"https:\/\/patrocinados.estadao.com.br\/spbemnafoto\/exposicao-no-masp\/\" class=\"btn_veja_mais\" rel=\"nofollow\"> veja mais \u00bb <\/a><\/p>\n","protected":false},"author":2,"featured_media":53,"comment_status":"open","ping_status":"closed","sticky":false,"template":"","format":"standard","meta":{"_acf_changed":false,"ngg_post_thumbnail":0,"footnotes":""},"categories":[2],"tags":[],"class_list":["post-52","post","type-post","status-publish","format-standard","has-post-thumbnail","hentry","category-cultura"],"acf":[],"yoast_head":"<!-- This site is optimized with the Yoast SEO plugin v27.1.1 - https:\/\/yoast.com\/product\/yoast-seo-wordpress\/ -->\n<title>Exposi\u00e7\u00e3o no MASP - S\u00e3o Paulo Bem na Foto 3a Edi\u00e7\u00e3o<\/title>\n<meta name=\"description\" content=\"Museu dan\u00e7ante - Em 2020, principais exposi\u00e7\u00f5es do MASP est\u00e3o focadas na dan\u00e7a\" \/>\n<meta name=\"robots\" content=\"index, follow, max-snippet:-1, max-image-preview:large, max-video-preview:-1\" \/>\n<link rel=\"canonical\" href=\"https:\/\/patrocinados.estadao.com.br\/spbemnafoto\/exposicao-no-masp\/\" \/>\n<meta property=\"og:locale\" content=\"pt_BR\" \/>\n<meta property=\"og:type\" content=\"article\" \/>\n<meta property=\"og:title\" content=\"Exposi\u00e7\u00e3o no MASP - S\u00e3o Paulo Bem na Foto 3a Edi\u00e7\u00e3o\" \/>\n<meta property=\"og:description\" content=\"Museu dan\u00e7ante - Em 2020, principais exposi\u00e7\u00f5es do MASP est\u00e3o focadas na dan\u00e7a\" \/>\n<meta property=\"og:url\" content=\"https:\/\/patrocinados.estadao.com.br\/spbemnafoto\/exposicao-no-masp\/\" \/>\n<meta property=\"og:site_name\" content=\"S\u00e3o Paulo Bem na Foto 3a Edi\u00e7\u00e3o\" \/>\n<meta property=\"article:published_time\" content=\"2020-01-22T18:00:12+00:00\" \/>\n<meta property=\"article:modified_time\" content=\"2020-01-27T13:36:12+00:00\" \/>\n<meta property=\"og:image\" content=\"https:\/\/patrocinados.estadao.com.br\/spbemnafoto\/wp-content\/uploads\/2020\/01\/cultura_masp01-scaled.jpg\" \/>\n\t<meta property=\"og:image:width\" content=\"2560\" \/>\n\t<meta property=\"og:image:height\" content=\"1706\" \/>\n\t<meta property=\"og:image:type\" content=\"image\/jpeg\" \/>\n<meta name=\"author\" content=\"Henrique Gois\" \/>\n<meta name=\"twitter:card\" content=\"summary_large_image\" \/>\n<meta name=\"twitter:label1\" content=\"Escrito por\" \/>\n\t<meta name=\"twitter:data1\" content=\"Henrique Gois\" \/>\n\t<meta name=\"twitter:label2\" content=\"Est. tempo de leitura\" \/>\n\t<meta name=\"twitter:data2\" content=\"2 minutos\" \/>\n<script type=\"application\/ld+json\" class=\"yoast-schema-graph\">{\"@context\":\"https:\/\/schema.org\",\"@graph\":[{\"@type\":\"Article\",\"@id\":\"https:\/\/patrocinados.estadao.com.br\/spbemnafoto\/exposicao-no-masp\/#article\",\"isPartOf\":{\"@id\":\"https:\/\/patrocinados.estadao.com.br\/spbemnafoto\/exposicao-no-masp\/\"},\"author\":{\"name\":\"Henrique Gois\",\"@id\":\"https:\/\/patrocinados.estadao.com.br\/spbemnafoto\/#\/schema\/person\/a4ee91793954932c28a2ff291f70943e\"},\"headline\":\"Exposi\u00e7\u00e3o no MASP\",\"datePublished\":\"2020-01-22T18:00:12+00:00\",\"dateModified\":\"2020-01-27T13:36:12+00:00\",\"mainEntityOfPage\":{\"@id\":\"https:\/\/patrocinados.estadao.com.br\/spbemnafoto\/exposicao-no-masp\/\"},\"wordCount\":425,\"commentCount\":0,\"image\":{\"@id\":\"https:\/\/patrocinados.estadao.com.br\/spbemnafoto\/exposicao-no-masp\/#primaryimage\"},\"thumbnailUrl\":\"https:\/\/patrocinados.estadao.com.br\/spbemnafoto\/wp-content\/uploads\/2020\/01\/cultura_masp01-scaled.jpg\",\"articleSection\":[\"Cultura\"],\"inLanguage\":\"pt-BR\",\"potentialAction\":[{\"@type\":\"CommentAction\",\"name\":\"Comment\",\"target\":[\"https:\/\/patrocinados.estadao.com.br\/spbemnafoto\/exposicao-no-masp\/#respond\"]}]},{\"@type\":\"WebPage\",\"@id\":\"https:\/\/patrocinados.estadao.com.br\/spbemnafoto\/exposicao-no-masp\/\",\"url\":\"https:\/\/patrocinados.estadao.com.br\/spbemnafoto\/exposicao-no-masp\/\",\"name\":\"Exposi\u00e7\u00e3o no MASP - S\u00e3o Paulo Bem na Foto 3a Edi\u00e7\u00e3o\",\"isPartOf\":{\"@id\":\"https:\/\/patrocinados.estadao.com.br\/spbemnafoto\/#website\"},\"primaryImageOfPage\":{\"@id\":\"https:\/\/patrocinados.estadao.com.br\/spbemnafoto\/exposicao-no-masp\/#primaryimage\"},\"image\":{\"@id\":\"https:\/\/patrocinados.estadao.com.br\/spbemnafoto\/exposicao-no-masp\/#primaryimage\"},\"thumbnailUrl\":\"https:\/\/patrocinados.estadao.com.br\/spbemnafoto\/wp-content\/uploads\/2020\/01\/cultura_masp01-scaled.jpg\",\"datePublished\":\"2020-01-22T18:00:12+00:00\",\"dateModified\":\"2020-01-27T13:36:12+00:00\",\"author\":{\"@id\":\"https:\/\/patrocinados.estadao.com.br\/spbemnafoto\/#\/schema\/person\/a4ee91793954932c28a2ff291f70943e\"},\"description\":\"Museu dan\u00e7ante - Em 2020, principais exposi\u00e7\u00f5es do MASP est\u00e3o focadas na dan\u00e7a\",\"breadcrumb\":{\"@id\":\"https:\/\/patrocinados.estadao.com.br\/spbemnafoto\/exposicao-no-masp\/#breadcrumb\"},\"inLanguage\":\"pt-BR\",\"potentialAction\":[{\"@type\":\"ReadAction\",\"target\":[\"https:\/\/patrocinados.estadao.com.br\/spbemnafoto\/exposicao-no-masp\/\"]}]},{\"@type\":\"ImageObject\",\"inLanguage\":\"pt-BR\",\"@id\":\"https:\/\/patrocinados.estadao.com.br\/spbemnafoto\/exposicao-no-masp\/#primaryimage\",\"url\":\"https:\/\/patrocinados.estadao.com.br\/spbemnafoto\/wp-content\/uploads\/2020\/01\/cultura_masp01-scaled.jpg\",\"contentUrl\":\"https:\/\/patrocinados.estadao.com.br\/spbemnafoto\/wp-content\/uploads\/2020\/01\/cultura_masp01-scaled.jpg\",\"width\":2560,\"height\":1706,\"caption\":\"DNT 01-04-2019 SAO PAULO - SP - CIDADES METROPOLE OE \/ A SAO PAULO DE LINA BO BARDI E TARSILA DO AMARAL - Predio do MASP na Av. Paulista em Sao Paulo - FOTO DANIEL TEIXEIRA\/ESTADAO\"},{\"@type\":\"BreadcrumbList\",\"@id\":\"https:\/\/patrocinados.estadao.com.br\/spbemnafoto\/exposicao-no-masp\/#breadcrumb\",\"itemListElement\":[{\"@type\":\"ListItem\",\"position\":1,\"name\":\"In\u00edcio\",\"item\":\"https:\/\/patrocinados.estadao.com.br\/spbemnafoto\/\"},{\"@type\":\"ListItem\",\"position\":2,\"name\":\"Exposi\u00e7\u00e3o no MASP\"}]},{\"@type\":\"WebSite\",\"@id\":\"https:\/\/patrocinados.estadao.com.br\/spbemnafoto\/#website\",\"url\":\"https:\/\/patrocinados.estadao.com.br\/spbemnafoto\/\",\"name\":\"S\u00e3o Paulo Bem na Foto 3a Edi\u00e7\u00e3o\",\"description\":\"25 pontos interessantes da capital que est\u00e1 completando 466 anos de hist\u00f3ria\",\"potentialAction\":[{\"@type\":\"SearchAction\",\"target\":{\"@type\":\"EntryPoint\",\"urlTemplate\":\"https:\/\/patrocinados.estadao.com.br\/spbemnafoto\/?s={search_term_string}\"},\"query-input\":{\"@type\":\"PropertyValueSpecification\",\"valueRequired\":true,\"valueName\":\"search_term_string\"}}],\"inLanguage\":\"pt-BR\"},{\"@type\":\"Person\",\"@id\":\"https:\/\/patrocinados.estadao.com.br\/spbemnafoto\/#\/schema\/person\/a4ee91793954932c28a2ff291f70943e\",\"name\":\"Henrique Gois\",\"image\":{\"@type\":\"ImageObject\",\"inLanguage\":\"pt-BR\",\"@id\":\"https:\/\/patrocinados.estadao.com.br\/spbemnafoto\/#\/schema\/person\/image\/\",\"url\":\"https:\/\/secure.gravatar.com\/avatar\/9d33d40efdce4963188a84bd4777a5f81f7c8e9cfcc15e6853c05f5cfee4c0ab?s=96&d=mm&r=g\",\"contentUrl\":\"https:\/\/secure.gravatar.com\/avatar\/9d33d40efdce4963188a84bd4777a5f81f7c8e9cfcc15e6853c05f5cfee4c0ab?s=96&d=mm&r=g\",\"caption\":\"Henrique Gois\"},\"sameAs\":[\"http:\/\/www.geosfera.com.br\/\"],\"url\":\"https:\/\/patrocinados.estadao.com.br\/spbemnafoto\/author\/henrique_geosfera\/\"}]}<\/script>\n<!-- \/ Yoast SEO plugin. -->","yoast_head_json":{"title":"Exposi\u00e7\u00e3o no MASP - S\u00e3o Paulo Bem na Foto 3a Edi\u00e7\u00e3o","description":"Museu dan\u00e7ante - Em 2020, principais exposi\u00e7\u00f5es do MASP est\u00e3o focadas na dan\u00e7a","robots":{"index":"index","follow":"follow","max-snippet":"max-snippet:-1","max-image-preview":"max-image-preview:large","max-video-preview":"max-video-preview:-1"},"canonical":"https:\/\/patrocinados.estadao.com.br\/spbemnafoto\/exposicao-no-masp\/","og_locale":"pt_BR","og_type":"article","og_title":"Exposi\u00e7\u00e3o no MASP - S\u00e3o Paulo Bem na Foto 3a Edi\u00e7\u00e3o","og_description":"Museu dan\u00e7ante - Em 2020, principais exposi\u00e7\u00f5es do MASP est\u00e3o focadas na dan\u00e7a","og_url":"https:\/\/patrocinados.estadao.com.br\/spbemnafoto\/exposicao-no-masp\/","og_site_name":"S\u00e3o Paulo Bem na Foto 3a Edi\u00e7\u00e3o","article_published_time":"2020-01-22T18:00:12+00:00","article_modified_time":"2020-01-27T13:36:12+00:00","og_image":[{"width":2560,"height":1706,"url":"https:\/\/patrocinados.estadao.com.br\/spbemnafoto\/wp-content\/uploads\/2020\/01\/cultura_masp01-scaled.jpg","type":"image\/jpeg"}],"author":"Henrique Gois","twitter_card":"summary_large_image","twitter_misc":{"Escrito por":"Henrique Gois","Est. tempo de leitura":"2 minutos"},"schema":{"@context":"https:\/\/schema.org","@graph":[{"@type":"Article","@id":"https:\/\/patrocinados.estadao.com.br\/spbemnafoto\/exposicao-no-masp\/#article","isPartOf":{"@id":"https:\/\/patrocinados.estadao.com.br\/spbemnafoto\/exposicao-no-masp\/"},"author":{"name":"Henrique Gois","@id":"https:\/\/patrocinados.estadao.com.br\/spbemnafoto\/#\/schema\/person\/a4ee91793954932c28a2ff291f70943e"},"headline":"Exposi\u00e7\u00e3o no MASP","datePublished":"2020-01-22T18:00:12+00:00","dateModified":"2020-01-27T13:36:12+00:00","mainEntityOfPage":{"@id":"https:\/\/patrocinados.estadao.com.br\/spbemnafoto\/exposicao-no-masp\/"},"wordCount":425,"commentCount":0,"image":{"@id":"https:\/\/patrocinados.estadao.com.br\/spbemnafoto\/exposicao-no-masp\/#primaryimage"},"thumbnailUrl":"https:\/\/patrocinados.estadao.com.br\/spbemnafoto\/wp-content\/uploads\/2020\/01\/cultura_masp01-scaled.jpg","articleSection":["Cultura"],"inLanguage":"pt-BR","potentialAction":[{"@type":"CommentAction","name":"Comment","target":["https:\/\/patrocinados.estadao.com.br\/spbemnafoto\/exposicao-no-masp\/#respond"]}]},{"@type":"WebPage","@id":"https:\/\/patrocinados.estadao.com.br\/spbemnafoto\/exposicao-no-masp\/","url":"https:\/\/patrocinados.estadao.com.br\/spbemnafoto\/exposicao-no-masp\/","name":"Exposi\u00e7\u00e3o no MASP - S\u00e3o Paulo Bem na Foto 3a Edi\u00e7\u00e3o","isPartOf":{"@id":"https:\/\/patrocinados.estadao.com.br\/spbemnafoto\/#website"},"primaryImageOfPage":{"@id":"https:\/\/patrocinados.estadao.com.br\/spbemnafoto\/exposicao-no-masp\/#primaryimage"},"image":{"@id":"https:\/\/patrocinados.estadao.com.br\/spbemnafoto\/exposicao-no-masp\/#primaryimage"},"thumbnailUrl":"https:\/\/patrocinados.estadao.com.br\/spbemnafoto\/wp-content\/uploads\/2020\/01\/cultura_masp01-scaled.jpg","datePublished":"2020-01-22T18:00:12+00:00","dateModified":"2020-01-27T13:36:12+00:00","author":{"@id":"https:\/\/patrocinados.estadao.com.br\/spbemnafoto\/#\/schema\/person\/a4ee91793954932c28a2ff291f70943e"},"description":"Museu dan\u00e7ante - Em 2020, principais exposi\u00e7\u00f5es do MASP est\u00e3o focadas na dan\u00e7a","breadcrumb":{"@id":"https:\/\/patrocinados.estadao.com.br\/spbemnafoto\/exposicao-no-masp\/#breadcrumb"},"inLanguage":"pt-BR","potentialAction":[{"@type":"ReadAction","target":["https:\/\/patrocinados.estadao.com.br\/spbemnafoto\/exposicao-no-masp\/"]}]},{"@type":"ImageObject","inLanguage":"pt-BR","@id":"https:\/\/patrocinados.estadao.com.br\/spbemnafoto\/exposicao-no-masp\/#primaryimage","url":"https:\/\/patrocinados.estadao.com.br\/spbemnafoto\/wp-content\/uploads\/2020\/01\/cultura_masp01-scaled.jpg","contentUrl":"https:\/\/patrocinados.estadao.com.br\/spbemnafoto\/wp-content\/uploads\/2020\/01\/cultura_masp01-scaled.jpg","width":2560,"height":1706,"caption":"DNT 01-04-2019 SAO PAULO - SP - CIDADES METROPOLE OE \/ A SAO PAULO DE LINA BO BARDI E TARSILA DO AMARAL - Predio do MASP na Av. Paulista em Sao Paulo - FOTO DANIEL TEIXEIRA\/ESTADAO"},{"@type":"BreadcrumbList","@id":"https:\/\/patrocinados.estadao.com.br\/spbemnafoto\/exposicao-no-masp\/#breadcrumb","itemListElement":[{"@type":"ListItem","position":1,"name":"In\u00edcio","item":"https:\/\/patrocinados.estadao.com.br\/spbemnafoto\/"},{"@type":"ListItem","position":2,"name":"Exposi\u00e7\u00e3o no MASP"}]},{"@type":"WebSite","@id":"https:\/\/patrocinados.estadao.com.br\/spbemnafoto\/#website","url":"https:\/\/patrocinados.estadao.com.br\/spbemnafoto\/","name":"S\u00e3o Paulo Bem na Foto 3a Edi\u00e7\u00e3o","description":"25 pontos interessantes da capital que est\u00e1 completando 466 anos de hist\u00f3ria","potentialAction":[{"@type":"SearchAction","target":{"@type":"EntryPoint","urlTemplate":"https:\/\/patrocinados.estadao.com.br\/spbemnafoto\/?s={search_term_string}"},"query-input":{"@type":"PropertyValueSpecification","valueRequired":true,"valueName":"search_term_string"}}],"inLanguage":"pt-BR"},{"@type":"Person","@id":"https:\/\/patrocinados.estadao.com.br\/spbemnafoto\/#\/schema\/person\/a4ee91793954932c28a2ff291f70943e","name":"Henrique Gois","image":{"@type":"ImageObject","inLanguage":"pt-BR","@id":"https:\/\/patrocinados.estadao.com.br\/spbemnafoto\/#\/schema\/person\/image\/","url":"https:\/\/secure.gravatar.com\/avatar\/9d33d40efdce4963188a84bd4777a5f81f7c8e9cfcc15e6853c05f5cfee4c0ab?s=96&d=mm&r=g","contentUrl":"https:\/\/secure.gravatar.com\/avatar\/9d33d40efdce4963188a84bd4777a5f81f7c8e9cfcc15e6853c05f5cfee4c0ab?s=96&d=mm&r=g","caption":"Henrique Gois"},"sameAs":["http:\/\/www.geosfera.com.br\/"],"url":"https:\/\/patrocinados.estadao.com.br\/spbemnafoto\/author\/henrique_geosfera\/"}]}},"_links":{"self":[{"href":"https:\/\/patrocinados.estadao.com.br\/spbemnafoto\/wp-json\/wp\/v2\/posts\/52","targetHints":{"allow":["GET"]}}],"collection":[{"href":"https:\/\/patrocinados.estadao.com.br\/spbemnafoto\/wp-json\/wp\/v2\/posts"}],"about":[{"href":"https:\/\/patrocinados.estadao.com.br\/spbemnafoto\/wp-json\/wp\/v2\/types\/post"}],"author":[{"embeddable":true,"href":"https:\/\/patrocinados.estadao.com.br\/spbemnafoto\/wp-json\/wp\/v2\/users\/2"}],"replies":[{"embeddable":true,"href":"https:\/\/patrocinados.estadao.com.br\/spbemnafoto\/wp-json\/wp\/v2\/comments?post=52"}],"version-history":[{"count":6,"href":"https:\/\/patrocinados.estadao.com.br\/spbemnafoto\/wp-json\/wp\/v2\/posts\/52\/revisions"}],"predecessor-version":[{"id":443,"href":"https:\/\/patrocinados.estadao.com.br\/spbemnafoto\/wp-json\/wp\/v2\/posts\/52\/revisions\/443"}],"wp:featuredmedia":[{"embeddable":true,"href":"https:\/\/patrocinados.estadao.com.br\/spbemnafoto\/wp-json\/wp\/v2\/media\/53"}],"wp:attachment":[{"href":"https:\/\/patrocinados.estadao.com.br\/spbemnafoto\/wp-json\/wp\/v2\/media?parent=52"}],"wp:term":[{"taxonomy":"category","embeddable":true,"href":"https:\/\/patrocinados.estadao.com.br\/spbemnafoto\/wp-json\/wp\/v2\/categories?post=52"},{"taxonomy":"post_tag","embeddable":true,"href":"https:\/\/patrocinados.estadao.com.br\/spbemnafoto\/wp-json\/wp\/v2\/tags?post=52"}],"curies":[{"name":"wp","href":"https:\/\/api.w.org\/{rel}","templated":true}]}}