{"id":49,"date":"2020-01-22T10:00:33","date_gmt":"2020-01-22T13:00:33","guid":{"rendered":"http:\/\/patrocinados.estadao.com.br\/spbemnafoto\/2020\/?p=49"},"modified":"2020-01-27T10:50:59","modified_gmt":"2020-01-27T13:50:59","slug":"coxinhas-do-veloso-bar","status":"publish","type":"post","link":"https:\/\/patrocinados.estadao.com.br\/spbemnafoto\/coxinhas-do-veloso-bar\/","title":{"rendered":"Coxinhas do Veloso Bar"},"content":{"rendered":"<h2><strong>Doce balan\u00e7o a caminho do bar<\/strong><\/h2>\n<div class='alignright'>\n\t<div class='dfp-tmeio1'><\/div>\n\t<script type='text\/javascript'>\n\tDFP.renderHtml({\n\t'selector':'div.dfp-tmeio1',\n\t'targets':{\n\t'formato':'tmeio1'\n\t},\n\t'screenmap':'Tile_300_250_T_250',\n\t'force': true\n\t});\n\t<\/script>\n\t<\/div><p>Caipirinha de tangerina com pimenta dedo-de-mo\u00e7a e uma coxinha de frango com catupiry para acompanhar, ou seria o contr\u00e1rio? Uma combina\u00e7\u00e3o perfeita, assim como v\u00e1rias outras, que desde 2005 atrai muitos paulistanos e turistas para uma rua pacata, de paralelep\u00edpedos, da Vila Mariana, na zona sul de S\u00e3o Paulo. O <strong>Veloso Bar,<\/strong> que leva esse nome por causa do hom\u00f4nimo botequim carioca em que Vin\u00edcius de Morais e Tom Jobim assistiam \u00e0 garota de Ipanema (Hel\u00f4 Pinheiro) passear rumo \u00e0 praia, tem apenas 14 mesas, sempre muito concorridas. O card\u00e1pio, que vai muito al\u00e9m das premiadas coxinhas, sempre secas e crocantes, e das caipirinhas, tamb\u00e9m pode ser saboreado, da mesma forma, no vizinho <strong>Armaz\u00e9m Veloso,<\/strong> que \u00e9 bem mais espa\u00e7oso, mas j\u00e1 sem a mesma tradi\u00e7\u00e3o do original. O Veloso da esquina, o aut\u00eantico botequim, tem ainda na decora\u00e7\u00e3o itens que remontam ao samba e ao futebol do passado. S\u00e3o fotos que despertam longas conversas, ainda mais se forem regadas \u00e0 tamb\u00e9m interessante e saborosa feijoada servida no local.<\/p>\n<h4>Mais Informa\u00e7\u00f5es<\/h4>\n<p><strong>Hor\u00e1rios de funcionamento:<br \/>\n<\/strong>Ter\u00e7a a sexta, das 17h30 \u00e0 0h30&nbsp; |&nbsp; S\u00e1bado, das 12h30 \u00e0 0h30&nbsp; |&nbsp; Domingo, das 16h \u00e0s 22h30.<br \/>\nA cozinha fecha \u00e0 meia-noite (ter\u00e7a a s\u00e1bado) e \u00e0s 22h (domingo).<br \/>\n<a href=\"http:\/\/www.velosobar.com.br\/\" target=\"_blank\" rel=\"noopener noreferrer\"><strong>www.velosobar.com.br<\/strong><\/a><\/p>\n<p>&nbsp;<\/p>\n","protected":false},"excerpt":{"rendered":"<p>Caipirinha de tangerina com pimenta dedo-de-mo\u00e7a e uma coxinha de frango com catupiry para acompanhar, ou seria o contr\u00e1rio? Uma combina\u00e7\u00e3o perfeita, assim como v\u00e1rias outras, que desde 2005 atrai muitos paulistanos e turistas para&#8230; <a href=\"https:\/\/patrocinados.estadao.com.br\/spbemnafoto\/coxinhas-do-veloso-bar\/\" class=\"btn_veja_mais\" rel=\"nofollow\"> veja mais \u00bb <\/a><\/p>\n","protected":false},"author":2,"featured_media":50,"comment_status":"open","ping_status":"closed","sticky":false,"template":"","format":"standard","meta":{"_acf_changed":false,"ngg_post_thumbnail":0,"footnotes":""},"categories":[3],"tags":[],"class_list":["post-49","post","type-post","status-publish","format-standard","has-post-thumbnail","hentry","category-gastronomia"],"acf":[],"yoast_head":"<!-- This site is optimized with the Yoast SEO plugin v27.1.1 - https:\/\/yoast.com\/product\/yoast-seo-wordpress\/ -->\n<title>Coxinhas do Veloso Bar - S\u00e3o Paulo Bem na Foto 3a Edi\u00e7\u00e3o<\/title>\n<meta name=\"description\" content=\"Doce balan\u00e7o a caminho do bar - Caipirinha de tangerina com pimenta dedo-de-mo\u00e7a e uma coxinha de frango com catupiry para acompanhar, ou seria o contr\u00e1rio?\" \/>\n<meta name=\"robots\" content=\"index, follow, max-snippet:-1, max-image-preview:large, max-video-preview:-1\" \/>\n<link rel=\"canonical\" href=\"https:\/\/patrocinados.estadao.com.br\/spbemnafoto\/coxinhas-do-veloso-bar\/\" \/>\n<meta property=\"og:locale\" content=\"pt_BR\" \/>\n<meta property=\"og:type\" content=\"article\" \/>\n<meta property=\"og:title\" content=\"Coxinhas do Veloso Bar - S\u00e3o Paulo Bem na Foto 3a Edi\u00e7\u00e3o\" \/>\n<meta property=\"og:description\" content=\"Doce balan\u00e7o a caminho do bar - Caipirinha de tangerina com pimenta dedo-de-mo\u00e7a e uma coxinha de frango com catupiry para acompanhar, ou seria o contr\u00e1rio?\" \/>\n<meta property=\"og:url\" content=\"https:\/\/patrocinados.estadao.com.br\/spbemnafoto\/coxinhas-do-veloso-bar\/\" \/>\n<meta property=\"og:site_name\" content=\"S\u00e3o Paulo Bem na Foto 3a Edi\u00e7\u00e3o\" \/>\n<meta property=\"article:published_time\" content=\"2020-01-22T13:00:33+00:00\" \/>\n<meta property=\"article:modified_time\" content=\"2020-01-27T13:50:59+00:00\" \/>\n<meta property=\"og:image\" content=\"https:\/\/patrocinados.estadao.com.br\/spbemnafoto\/wp-content\/uploads\/2020\/01\/gastro_coxinhaveloso01-scaled.jpg\" \/>\n\t<meta property=\"og:image:width\" content=\"2560\" \/>\n\t<meta property=\"og:image:height\" content=\"1707\" \/>\n\t<meta property=\"og:image:type\" content=\"image\/jpeg\" \/>\n<meta name=\"author\" content=\"Henrique Gois\" \/>\n<meta name=\"twitter:card\" content=\"summary_large_image\" \/>\n<meta name=\"twitter:label1\" content=\"Escrito por\" \/>\n\t<meta name=\"twitter:data1\" content=\"Henrique Gois\" \/>\n\t<meta name=\"twitter:label2\" content=\"Est. tempo de leitura\" \/>\n\t<meta name=\"twitter:data2\" content=\"1 minuto\" \/>\n<script type=\"application\/ld+json\" class=\"yoast-schema-graph\">{\"@context\":\"https:\/\/schema.org\",\"@graph\":[{\"@type\":\"Article\",\"@id\":\"https:\/\/patrocinados.estadao.com.br\/spbemnafoto\/coxinhas-do-veloso-bar\/#article\",\"isPartOf\":{\"@id\":\"https:\/\/patrocinados.estadao.com.br\/spbemnafoto\/coxinhas-do-veloso-bar\/\"},\"author\":{\"name\":\"Henrique Gois\",\"@id\":\"https:\/\/patrocinados.estadao.com.br\/spbemnafoto\/#\/schema\/person\/a4ee91793954932c28a2ff291f70943e\"},\"headline\":\"Coxinhas do Veloso Bar\",\"datePublished\":\"2020-01-22T13:00:33+00:00\",\"dateModified\":\"2020-01-27T13:50:59+00:00\",\"mainEntityOfPage\":{\"@id\":\"https:\/\/patrocinados.estadao.com.br\/spbemnafoto\/coxinhas-do-veloso-bar\/\"},\"wordCount\":238,\"commentCount\":0,\"image\":{\"@id\":\"https:\/\/patrocinados.estadao.com.br\/spbemnafoto\/coxinhas-do-veloso-bar\/#primaryimage\"},\"thumbnailUrl\":\"https:\/\/patrocinados.estadao.com.br\/spbemnafoto\/wp-content\/uploads\/2020\/01\/gastro_coxinhaveloso01-scaled.jpg\",\"articleSection\":[\"Gastronomia\"],\"inLanguage\":\"pt-BR\",\"potentialAction\":[{\"@type\":\"CommentAction\",\"name\":\"Comment\",\"target\":[\"https:\/\/patrocinados.estadao.com.br\/spbemnafoto\/coxinhas-do-veloso-bar\/#respond\"]}]},{\"@type\":\"WebPage\",\"@id\":\"https:\/\/patrocinados.estadao.com.br\/spbemnafoto\/coxinhas-do-veloso-bar\/\",\"url\":\"https:\/\/patrocinados.estadao.com.br\/spbemnafoto\/coxinhas-do-veloso-bar\/\",\"name\":\"Coxinhas do Veloso Bar - S\u00e3o Paulo Bem na Foto 3a Edi\u00e7\u00e3o\",\"isPartOf\":{\"@id\":\"https:\/\/patrocinados.estadao.com.br\/spbemnafoto\/#website\"},\"primaryImageOfPage\":{\"@id\":\"https:\/\/patrocinados.estadao.com.br\/spbemnafoto\/coxinhas-do-veloso-bar\/#primaryimage\"},\"image\":{\"@id\":\"https:\/\/patrocinados.estadao.com.br\/spbemnafoto\/coxinhas-do-veloso-bar\/#primaryimage\"},\"thumbnailUrl\":\"https:\/\/patrocinados.estadao.com.br\/spbemnafoto\/wp-content\/uploads\/2020\/01\/gastro_coxinhaveloso01-scaled.jpg\",\"datePublished\":\"2020-01-22T13:00:33+00:00\",\"dateModified\":\"2020-01-27T13:50:59+00:00\",\"author\":{\"@id\":\"https:\/\/patrocinados.estadao.com.br\/spbemnafoto\/#\/schema\/person\/a4ee91793954932c28a2ff291f70943e\"},\"description\":\"Doce balan\u00e7o a caminho do bar - Caipirinha de tangerina com pimenta dedo-de-mo\u00e7a e uma coxinha de frango com catupiry para acompanhar, ou seria o contr\u00e1rio?\",\"breadcrumb\":{\"@id\":\"https:\/\/patrocinados.estadao.com.br\/spbemnafoto\/coxinhas-do-veloso-bar\/#breadcrumb\"},\"inLanguage\":\"pt-BR\",\"potentialAction\":[{\"@type\":\"ReadAction\",\"target\":[\"https:\/\/patrocinados.estadao.com.br\/spbemnafoto\/coxinhas-do-veloso-bar\/\"]}]},{\"@type\":\"ImageObject\",\"inLanguage\":\"pt-BR\",\"@id\":\"https:\/\/patrocinados.estadao.com.br\/spbemnafoto\/coxinhas-do-veloso-bar\/#primaryimage\",\"url\":\"https:\/\/patrocinados.estadao.com.br\/spbemnafoto\/wp-content\/uploads\/2020\/01\/gastro_coxinhaveloso01-scaled.jpg\",\"contentUrl\":\"https:\/\/patrocinados.estadao.com.br\/spbemnafoto\/wp-content\/uploads\/2020\/01\/gastro_coxinhaveloso01-scaled.jpg\",\"width\":2560,\"height\":1707,\"caption\":\"DNT 15-01-2020 SAO PAULO - SP - CIDADES METROPOLE OE \/ SP BEM NA FOTO \/ COXINHA VELOSO BAR - Porcao de 6 coxinhas do Veloso Bar localizado na R. Conceicao Veloso, 54 na Vila Mariana - FOTO DANIEL TEIXEIRA\/ESTADAO\"},{\"@type\":\"BreadcrumbList\",\"@id\":\"https:\/\/patrocinados.estadao.com.br\/spbemnafoto\/coxinhas-do-veloso-bar\/#breadcrumb\",\"itemListElement\":[{\"@type\":\"ListItem\",\"position\":1,\"name\":\"In\u00edcio\",\"item\":\"https:\/\/patrocinados.estadao.com.br\/spbemnafoto\/\"},{\"@type\":\"ListItem\",\"position\":2,\"name\":\"Coxinhas do Veloso Bar\"}]},{\"@type\":\"WebSite\",\"@id\":\"https:\/\/patrocinados.estadao.com.br\/spbemnafoto\/#website\",\"url\":\"https:\/\/patrocinados.estadao.com.br\/spbemnafoto\/\",\"name\":\"S\u00e3o Paulo Bem na Foto 3a Edi\u00e7\u00e3o\",\"description\":\"25 pontos interessantes da capital que est\u00e1 completando 466 anos de hist\u00f3ria\",\"potentialAction\":[{\"@type\":\"SearchAction\",\"target\":{\"@type\":\"EntryPoint\",\"urlTemplate\":\"https:\/\/patrocinados.estadao.com.br\/spbemnafoto\/?s={search_term_string}\"},\"query-input\":{\"@type\":\"PropertyValueSpecification\",\"valueRequired\":true,\"valueName\":\"search_term_string\"}}],\"inLanguage\":\"pt-BR\"},{\"@type\":\"Person\",\"@id\":\"https:\/\/patrocinados.estadao.com.br\/spbemnafoto\/#\/schema\/person\/a4ee91793954932c28a2ff291f70943e\",\"name\":\"Henrique Gois\",\"image\":{\"@type\":\"ImageObject\",\"inLanguage\":\"pt-BR\",\"@id\":\"https:\/\/patrocinados.estadao.com.br\/spbemnafoto\/#\/schema\/person\/image\/\",\"url\":\"https:\/\/secure.gravatar.com\/avatar\/9d33d40efdce4963188a84bd4777a5f81f7c8e9cfcc15e6853c05f5cfee4c0ab?s=96&d=mm&r=g\",\"contentUrl\":\"https:\/\/secure.gravatar.com\/avatar\/9d33d40efdce4963188a84bd4777a5f81f7c8e9cfcc15e6853c05f5cfee4c0ab?s=96&d=mm&r=g\",\"caption\":\"Henrique Gois\"},\"sameAs\":[\"http:\/\/www.geosfera.com.br\/\"],\"url\":\"https:\/\/patrocinados.estadao.com.br\/spbemnafoto\/author\/henrique_geosfera\/\"}]}<\/script>\n<!-- \/ Yoast SEO plugin. -->","yoast_head_json":{"title":"Coxinhas do Veloso Bar - S\u00e3o Paulo Bem na Foto 3a Edi\u00e7\u00e3o","description":"Doce balan\u00e7o a caminho do bar - Caipirinha de tangerina com pimenta dedo-de-mo\u00e7a e uma coxinha de frango com catupiry para acompanhar, ou seria o contr\u00e1rio?","robots":{"index":"index","follow":"follow","max-snippet":"max-snippet:-1","max-image-preview":"max-image-preview:large","max-video-preview":"max-video-preview:-1"},"canonical":"https:\/\/patrocinados.estadao.com.br\/spbemnafoto\/coxinhas-do-veloso-bar\/","og_locale":"pt_BR","og_type":"article","og_title":"Coxinhas do Veloso Bar - S\u00e3o Paulo Bem na Foto 3a Edi\u00e7\u00e3o","og_description":"Doce balan\u00e7o a caminho do bar - Caipirinha de tangerina com pimenta dedo-de-mo\u00e7a e uma coxinha de frango com catupiry para acompanhar, ou seria o contr\u00e1rio?","og_url":"https:\/\/patrocinados.estadao.com.br\/spbemnafoto\/coxinhas-do-veloso-bar\/","og_site_name":"S\u00e3o Paulo Bem na Foto 3a Edi\u00e7\u00e3o","article_published_time":"2020-01-22T13:00:33+00:00","article_modified_time":"2020-01-27T13:50:59+00:00","og_image":[{"width":2560,"height":1707,"url":"https:\/\/patrocinados.estadao.com.br\/spbemnafoto\/wp-content\/uploads\/2020\/01\/gastro_coxinhaveloso01-scaled.jpg","type":"image\/jpeg"}],"author":"Henrique Gois","twitter_card":"summary_large_image","twitter_misc":{"Escrito por":"Henrique Gois","Est. tempo de leitura":"1 minuto"},"schema":{"@context":"https:\/\/schema.org","@graph":[{"@type":"Article","@id":"https:\/\/patrocinados.estadao.com.br\/spbemnafoto\/coxinhas-do-veloso-bar\/#article","isPartOf":{"@id":"https:\/\/patrocinados.estadao.com.br\/spbemnafoto\/coxinhas-do-veloso-bar\/"},"author":{"name":"Henrique Gois","@id":"https:\/\/patrocinados.estadao.com.br\/spbemnafoto\/#\/schema\/person\/a4ee91793954932c28a2ff291f70943e"},"headline":"Coxinhas do Veloso Bar","datePublished":"2020-01-22T13:00:33+00:00","dateModified":"2020-01-27T13:50:59+00:00","mainEntityOfPage":{"@id":"https:\/\/patrocinados.estadao.com.br\/spbemnafoto\/coxinhas-do-veloso-bar\/"},"wordCount":238,"commentCount":0,"image":{"@id":"https:\/\/patrocinados.estadao.com.br\/spbemnafoto\/coxinhas-do-veloso-bar\/#primaryimage"},"thumbnailUrl":"https:\/\/patrocinados.estadao.com.br\/spbemnafoto\/wp-content\/uploads\/2020\/01\/gastro_coxinhaveloso01-scaled.jpg","articleSection":["Gastronomia"],"inLanguage":"pt-BR","potentialAction":[{"@type":"CommentAction","name":"Comment","target":["https:\/\/patrocinados.estadao.com.br\/spbemnafoto\/coxinhas-do-veloso-bar\/#respond"]}]},{"@type":"WebPage","@id":"https:\/\/patrocinados.estadao.com.br\/spbemnafoto\/coxinhas-do-veloso-bar\/","url":"https:\/\/patrocinados.estadao.com.br\/spbemnafoto\/coxinhas-do-veloso-bar\/","name":"Coxinhas do Veloso Bar - S\u00e3o Paulo Bem na Foto 3a Edi\u00e7\u00e3o","isPartOf":{"@id":"https:\/\/patrocinados.estadao.com.br\/spbemnafoto\/#website"},"primaryImageOfPage":{"@id":"https:\/\/patrocinados.estadao.com.br\/spbemnafoto\/coxinhas-do-veloso-bar\/#primaryimage"},"image":{"@id":"https:\/\/patrocinados.estadao.com.br\/spbemnafoto\/coxinhas-do-veloso-bar\/#primaryimage"},"thumbnailUrl":"https:\/\/patrocinados.estadao.com.br\/spbemnafoto\/wp-content\/uploads\/2020\/01\/gastro_coxinhaveloso01-scaled.jpg","datePublished":"2020-01-22T13:00:33+00:00","dateModified":"2020-01-27T13:50:59+00:00","author":{"@id":"https:\/\/patrocinados.estadao.com.br\/spbemnafoto\/#\/schema\/person\/a4ee91793954932c28a2ff291f70943e"},"description":"Doce balan\u00e7o a caminho do bar - Caipirinha de tangerina com pimenta dedo-de-mo\u00e7a e uma coxinha de frango com catupiry para acompanhar, ou seria o contr\u00e1rio?","breadcrumb":{"@id":"https:\/\/patrocinados.estadao.com.br\/spbemnafoto\/coxinhas-do-veloso-bar\/#breadcrumb"},"inLanguage":"pt-BR","potentialAction":[{"@type":"ReadAction","target":["https:\/\/patrocinados.estadao.com.br\/spbemnafoto\/coxinhas-do-veloso-bar\/"]}]},{"@type":"ImageObject","inLanguage":"pt-BR","@id":"https:\/\/patrocinados.estadao.com.br\/spbemnafoto\/coxinhas-do-veloso-bar\/#primaryimage","url":"https:\/\/patrocinados.estadao.com.br\/spbemnafoto\/wp-content\/uploads\/2020\/01\/gastro_coxinhaveloso01-scaled.jpg","contentUrl":"https:\/\/patrocinados.estadao.com.br\/spbemnafoto\/wp-content\/uploads\/2020\/01\/gastro_coxinhaveloso01-scaled.jpg","width":2560,"height":1707,"caption":"DNT 15-01-2020 SAO PAULO - SP - CIDADES METROPOLE OE \/ SP BEM NA FOTO \/ COXINHA VELOSO BAR - Porcao de 6 coxinhas do Veloso Bar localizado na R. Conceicao Veloso, 54 na Vila Mariana - FOTO DANIEL TEIXEIRA\/ESTADAO"},{"@type":"BreadcrumbList","@id":"https:\/\/patrocinados.estadao.com.br\/spbemnafoto\/coxinhas-do-veloso-bar\/#breadcrumb","itemListElement":[{"@type":"ListItem","position":1,"name":"In\u00edcio","item":"https:\/\/patrocinados.estadao.com.br\/spbemnafoto\/"},{"@type":"ListItem","position":2,"name":"Coxinhas do Veloso Bar"}]},{"@type":"WebSite","@id":"https:\/\/patrocinados.estadao.com.br\/spbemnafoto\/#website","url":"https:\/\/patrocinados.estadao.com.br\/spbemnafoto\/","name":"S\u00e3o Paulo Bem na Foto 3a Edi\u00e7\u00e3o","description":"25 pontos interessantes da capital que est\u00e1 completando 466 anos de hist\u00f3ria","potentialAction":[{"@type":"SearchAction","target":{"@type":"EntryPoint","urlTemplate":"https:\/\/patrocinados.estadao.com.br\/spbemnafoto\/?s={search_term_string}"},"query-input":{"@type":"PropertyValueSpecification","valueRequired":true,"valueName":"search_term_string"}}],"inLanguage":"pt-BR"},{"@type":"Person","@id":"https:\/\/patrocinados.estadao.com.br\/spbemnafoto\/#\/schema\/person\/a4ee91793954932c28a2ff291f70943e","name":"Henrique Gois","image":{"@type":"ImageObject","inLanguage":"pt-BR","@id":"https:\/\/patrocinados.estadao.com.br\/spbemnafoto\/#\/schema\/person\/image\/","url":"https:\/\/secure.gravatar.com\/avatar\/9d33d40efdce4963188a84bd4777a5f81f7c8e9cfcc15e6853c05f5cfee4c0ab?s=96&d=mm&r=g","contentUrl":"https:\/\/secure.gravatar.com\/avatar\/9d33d40efdce4963188a84bd4777a5f81f7c8e9cfcc15e6853c05f5cfee4c0ab?s=96&d=mm&r=g","caption":"Henrique Gois"},"sameAs":["http:\/\/www.geosfera.com.br\/"],"url":"https:\/\/patrocinados.estadao.com.br\/spbemnafoto\/author\/henrique_geosfera\/"}]}},"_links":{"self":[{"href":"https:\/\/patrocinados.estadao.com.br\/spbemnafoto\/wp-json\/wp\/v2\/posts\/49","targetHints":{"allow":["GET"]}}],"collection":[{"href":"https:\/\/patrocinados.estadao.com.br\/spbemnafoto\/wp-json\/wp\/v2\/posts"}],"about":[{"href":"https:\/\/patrocinados.estadao.com.br\/spbemnafoto\/wp-json\/wp\/v2\/types\/post"}],"author":[{"embeddable":true,"href":"https:\/\/patrocinados.estadao.com.br\/spbemnafoto\/wp-json\/wp\/v2\/users\/2"}],"replies":[{"embeddable":true,"href":"https:\/\/patrocinados.estadao.com.br\/spbemnafoto\/wp-json\/wp\/v2\/comments?post=49"}],"version-history":[{"count":5,"href":"https:\/\/patrocinados.estadao.com.br\/spbemnafoto\/wp-json\/wp\/v2\/posts\/49\/revisions"}],"predecessor-version":[{"id":450,"href":"https:\/\/patrocinados.estadao.com.br\/spbemnafoto\/wp-json\/wp\/v2\/posts\/49\/revisions\/450"}],"wp:featuredmedia":[{"embeddable":true,"href":"https:\/\/patrocinados.estadao.com.br\/spbemnafoto\/wp-json\/wp\/v2\/media\/50"}],"wp:attachment":[{"href":"https:\/\/patrocinados.estadao.com.br\/spbemnafoto\/wp-json\/wp\/v2\/media?parent=49"}],"wp:term":[{"taxonomy":"category","embeddable":true,"href":"https:\/\/patrocinados.estadao.com.br\/spbemnafoto\/wp-json\/wp\/v2\/categories?post=49"},{"taxonomy":"post_tag","embeddable":true,"href":"https:\/\/patrocinados.estadao.com.br\/spbemnafoto\/wp-json\/wp\/v2\/tags?post=49"}],"curies":[{"name":"wp","href":"https:\/\/api.w.org\/{rel}","templated":true}]}}