{"id":43,"date":"2020-01-22T12:00:48","date_gmt":"2020-01-22T15:00:48","guid":{"rendered":"http:\/\/patrocinados.estadao.com.br\/spbemnafoto\/2020\/?p=43"},"modified":"2020-01-27T10:47:46","modified_gmt":"2020-01-27T13:47:46","slug":"restaurante-no-terraco-italia","status":"publish","type":"post","link":"https:\/\/patrocinados.estadao.com.br\/spbemnafoto\/restaurante-no-terraco-italia\/","title":{"rendered":"Restaurante Terra\u00e7o It\u00e1lia"},"content":{"rendered":"<h2>S\u00e3o Paulo, S\u00e3o Paulo<\/h2>\n<h3>Uma das casas s\u00edmbolo da capital fica a 165 metros de altura e j\u00e1 recebeu Frank Sinatra<\/h3>\n<div class='alignright'>\n\t<div class='dfp-tmeio1'><\/div>\n\t<script type='text\/javascript'>\n\tDFP.renderHtml({\n\t'selector':'div.dfp-tmeio1',\n\t'targets':{\n\t'formato':'tmeio1'\n\t},\n\t'screenmap':'Tile_300_250_T_250',\n\t'force': true\n\t});\n\t<\/script>\n\t<\/div><p>Como diz a letra da m\u00fasica S\u00e3o Paulo, S\u00e3o Paulo, do Premeditando o Breque, o Prem\u00ea, \u201cum ponto de partida pra subir na vida em S\u00e3o Paulo\u201d \u00e9 o Terra\u00e7o It\u00e1lia. Apesar da irrever\u00eancia do grupo musical criado no fim dos anos 1970 e que fez um hino paulistano a partir das refer\u00eancias de New York, New York, o bar e restaurante encravado no centro paulistano \u00e9 um lugar e tanto para quem, al\u00e9m da gastronomia e dos bons drinques, quer apreciar toda a imensid\u00e3o do concreto da capital. Seja de dia ou principalmente \u00e0 noite, a vista \u00e9 inesquec\u00edvel. O romantismo costuma se enredar ao cotidiano do local, tanto que os funcion\u00e1rios da casa est\u00e3o acostumados com os pedidos emocionados de casamento que sempre ocorrem nas mesas de um dos tr\u00eas sal\u00f5es do restaurante principal. Inaugurado em 29 de setembro de 1967, o Terra\u00e7o It\u00e1lia j\u00e1 teve entre os seus visitantes ilustres o cantor Frank Sinatra. A casa, que fica a 165 metros de altura, se distribui entre os pavimentos 41\u00ba e 42\u00ba de outro s\u00edmbolo da cidade, o Edif\u00edcio It\u00e1lia, inaugurado em 1965, que tamb\u00e9m marca o fato de S\u00e3o Paulo ter recebido milh\u00f5es de imigrantes italianos. Evaristo Comolatti havia desembarcado da It\u00e1lia em 1948, em uma S\u00e3o Paulo com ent\u00e3o aproximadamente 3 milh\u00f5es de habitantes, quando conheceu as obras do futuro edif\u00edcio e teve a ideia de construir um restaurante de luxo bem l\u00e1 no alto.<br \/>\nO Terra\u00e7o It\u00e1lia tem v\u00e1rios ambientes. A sala Nobre e a sala S\u00e3o Paulo, que abre para almo\u00e7o a partir das 12h e para o jantar, todas as noites, al\u00e9m da sala Panorama, que funciona desde as 19h30 entre quinta e s\u00e1bado, mas tem m\u00fasica ao vivo a partir das 20h30. O bar abre de segunda a sexta \u00e0s 15h e aos fins de semana \u00e0s 12h.<\/p>\n<p><strong>Telefone para reservas: <\/strong>(11) 2189-2929<strong><br \/>\n<\/strong><a href=\"https:\/\/www.terracoitalia.com.br\/\" target=\"_blank\" rel=\"noopener noreferrer\">www.terracoitalia.com.br<\/a><\/p>\n","protected":false},"excerpt":{"rendered":"<p>Como diz a letra da m\u00fasica S\u00e3o Paulo, S\u00e3o Paulo, do Premeditando o Breque, o Prem\u00ea, \u201cum ponto de partida pra subir na vida em S\u00e3o Paulo\u201d \u00e9 o Terra\u00e7o It\u00e1lia. Apesar da irrever\u00eancia do&#8230; <a href=\"https:\/\/patrocinados.estadao.com.br\/spbemnafoto\/restaurante-no-terraco-italia\/\" class=\"btn_veja_mais\" rel=\"nofollow\"> veja mais \u00bb <\/a><\/p>\n","protected":false},"author":2,"featured_media":44,"comment_status":"open","ping_status":"closed","sticky":false,"template":"","format":"standard","meta":{"_acf_changed":false,"ngg_post_thumbnail":0,"footnotes":""},"categories":[3],"tags":[],"class_list":["post-43","post","type-post","status-publish","format-standard","has-post-thumbnail","hentry","category-gastronomia"],"acf":[],"yoast_head":"<!-- This site is optimized with the Yoast SEO plugin v27.1.1 - https:\/\/yoast.com\/product\/yoast-seo-wordpress\/ -->\n<title>Restaurante Terra\u00e7o It\u00e1lia - S\u00e3o Paulo Bem na Foto 3a Edi\u00e7\u00e3o<\/title>\n<meta name=\"description\" content=\"S\u00e3o Paulo, S\u00e3o Paulo - Uma das casas s\u00edmbolo da capital fica a 165 metros de altura e j\u00e1 recebeu Frank Sinatra\" \/>\n<meta name=\"robots\" content=\"index, follow, max-snippet:-1, max-image-preview:large, max-video-preview:-1\" \/>\n<link rel=\"canonical\" href=\"https:\/\/patrocinados.estadao.com.br\/spbemnafoto\/restaurante-no-terraco-italia\/\" \/>\n<meta property=\"og:locale\" content=\"pt_BR\" \/>\n<meta property=\"og:type\" content=\"article\" \/>\n<meta property=\"og:title\" content=\"Restaurante Terra\u00e7o It\u00e1lia - S\u00e3o Paulo Bem na Foto 3a Edi\u00e7\u00e3o\" \/>\n<meta property=\"og:description\" content=\"S\u00e3o Paulo, S\u00e3o Paulo - Uma das casas s\u00edmbolo da capital fica a 165 metros de altura e j\u00e1 recebeu Frank Sinatra\" \/>\n<meta property=\"og:url\" content=\"https:\/\/patrocinados.estadao.com.br\/spbemnafoto\/restaurante-no-terraco-italia\/\" \/>\n<meta property=\"og:site_name\" content=\"S\u00e3o Paulo Bem na Foto 3a Edi\u00e7\u00e3o\" \/>\n<meta property=\"article:published_time\" content=\"2020-01-22T15:00:48+00:00\" \/>\n<meta property=\"article:modified_time\" content=\"2020-01-27T13:47:46+00:00\" \/>\n<meta property=\"og:image\" content=\"https:\/\/patrocinados.estadao.com.br\/spbemnafoto\/wp-content\/uploads\/2020\/01\/gastro_terracoitalia01-scaled.jpg\" \/>\n\t<meta property=\"og:image:width\" content=\"2560\" \/>\n\t<meta property=\"og:image:height\" content=\"1706\" \/>\n\t<meta property=\"og:image:type\" content=\"image\/jpeg\" \/>\n<meta name=\"author\" content=\"Henrique Gois\" \/>\n<meta name=\"twitter:card\" content=\"summary_large_image\" \/>\n<meta name=\"twitter:label1\" content=\"Escrito por\" \/>\n\t<meta name=\"twitter:data1\" content=\"Henrique Gois\" \/>\n\t<meta name=\"twitter:label2\" content=\"Est. tempo de leitura\" \/>\n\t<meta name=\"twitter:data2\" content=\"2 minutos\" \/>\n<script type=\"application\/ld+json\" class=\"yoast-schema-graph\">{\"@context\":\"https:\/\/schema.org\",\"@graph\":[{\"@type\":\"Article\",\"@id\":\"https:\/\/patrocinados.estadao.com.br\/spbemnafoto\/restaurante-no-terraco-italia\/#article\",\"isPartOf\":{\"@id\":\"https:\/\/patrocinados.estadao.com.br\/spbemnafoto\/restaurante-no-terraco-italia\/\"},\"author\":{\"name\":\"Henrique Gois\",\"@id\":\"https:\/\/patrocinados.estadao.com.br\/spbemnafoto\/#\/schema\/person\/a4ee91793954932c28a2ff291f70943e\"},\"headline\":\"Restaurante Terra\u00e7o It\u00e1lia\",\"datePublished\":\"2020-01-22T15:00:48+00:00\",\"dateModified\":\"2020-01-27T13:47:46+00:00\",\"mainEntityOfPage\":{\"@id\":\"https:\/\/patrocinados.estadao.com.br\/spbemnafoto\/restaurante-no-terraco-italia\/\"},\"wordCount\":365,\"commentCount\":0,\"image\":{\"@id\":\"https:\/\/patrocinados.estadao.com.br\/spbemnafoto\/restaurante-no-terraco-italia\/#primaryimage\"},\"thumbnailUrl\":\"https:\/\/patrocinados.estadao.com.br\/spbemnafoto\/wp-content\/uploads\/2020\/01\/gastro_terracoitalia01-scaled.jpg\",\"articleSection\":[\"Gastronomia\"],\"inLanguage\":\"pt-BR\",\"potentialAction\":[{\"@type\":\"CommentAction\",\"name\":\"Comment\",\"target\":[\"https:\/\/patrocinados.estadao.com.br\/spbemnafoto\/restaurante-no-terraco-italia\/#respond\"]}]},{\"@type\":\"WebPage\",\"@id\":\"https:\/\/patrocinados.estadao.com.br\/spbemnafoto\/restaurante-no-terraco-italia\/\",\"url\":\"https:\/\/patrocinados.estadao.com.br\/spbemnafoto\/restaurante-no-terraco-italia\/\",\"name\":\"Restaurante Terra\u00e7o It\u00e1lia - S\u00e3o Paulo Bem na Foto 3a Edi\u00e7\u00e3o\",\"isPartOf\":{\"@id\":\"https:\/\/patrocinados.estadao.com.br\/spbemnafoto\/#website\"},\"primaryImageOfPage\":{\"@id\":\"https:\/\/patrocinados.estadao.com.br\/spbemnafoto\/restaurante-no-terraco-italia\/#primaryimage\"},\"image\":{\"@id\":\"https:\/\/patrocinados.estadao.com.br\/spbemnafoto\/restaurante-no-terraco-italia\/#primaryimage\"},\"thumbnailUrl\":\"https:\/\/patrocinados.estadao.com.br\/spbemnafoto\/wp-content\/uploads\/2020\/01\/gastro_terracoitalia01-scaled.jpg\",\"datePublished\":\"2020-01-22T15:00:48+00:00\",\"dateModified\":\"2020-01-27T13:47:46+00:00\",\"author\":{\"@id\":\"https:\/\/patrocinados.estadao.com.br\/spbemnafoto\/#\/schema\/person\/a4ee91793954932c28a2ff291f70943e\"},\"description\":\"S\u00e3o Paulo, S\u00e3o Paulo - Uma das casas s\u00edmbolo da capital fica a 165 metros de altura e j\u00e1 recebeu Frank Sinatra\",\"breadcrumb\":{\"@id\":\"https:\/\/patrocinados.estadao.com.br\/spbemnafoto\/restaurante-no-terraco-italia\/#breadcrumb\"},\"inLanguage\":\"pt-BR\",\"potentialAction\":[{\"@type\":\"ReadAction\",\"target\":[\"https:\/\/patrocinados.estadao.com.br\/spbemnafoto\/restaurante-no-terraco-italia\/\"]}]},{\"@type\":\"ImageObject\",\"inLanguage\":\"pt-BR\",\"@id\":\"https:\/\/patrocinados.estadao.com.br\/spbemnafoto\/restaurante-no-terraco-italia\/#primaryimage\",\"url\":\"https:\/\/patrocinados.estadao.com.br\/spbemnafoto\/wp-content\/uploads\/2020\/01\/gastro_terracoitalia01-scaled.jpg\",\"contentUrl\":\"https:\/\/patrocinados.estadao.com.br\/spbemnafoto\/wp-content\/uploads\/2020\/01\/gastro_terracoitalia01-scaled.jpg\",\"width\":2560,\"height\":1706,\"caption\":\"TQ S\u00c3O PAULO 22.01.2019 ANIVERS\u00c1RIO 465 ANOS SP EXCLUSIVO EMBARGADO S\u00e3o Paulo e seus personagens nas alturas. Chef italiano (de Floren\u00e7a), Pasquale Mancini, de 60 anos, chef do restaurante do Terra\u00e7o It\u00e1lia. Retratos do chef e cenas panor\u00e2micas da cidade, com diversos cart\u00f5es postais da metr\u00f3pole, como o ed\u00edficio Copan, a Prefeitura, Pra\u00e7a da S\u00e9, entre outros. FOTO TIAGO QUEIROZ\/ESTAD\u00c3O\"},{\"@type\":\"BreadcrumbList\",\"@id\":\"https:\/\/patrocinados.estadao.com.br\/spbemnafoto\/restaurante-no-terraco-italia\/#breadcrumb\",\"itemListElement\":[{\"@type\":\"ListItem\",\"position\":1,\"name\":\"In\u00edcio\",\"item\":\"https:\/\/patrocinados.estadao.com.br\/spbemnafoto\/\"},{\"@type\":\"ListItem\",\"position\":2,\"name\":\"Restaurante Terra\u00e7o It\u00e1lia\"}]},{\"@type\":\"WebSite\",\"@id\":\"https:\/\/patrocinados.estadao.com.br\/spbemnafoto\/#website\",\"url\":\"https:\/\/patrocinados.estadao.com.br\/spbemnafoto\/\",\"name\":\"S\u00e3o Paulo Bem na Foto 3a Edi\u00e7\u00e3o\",\"description\":\"25 pontos interessantes da capital que est\u00e1 completando 466 anos de hist\u00f3ria\",\"potentialAction\":[{\"@type\":\"SearchAction\",\"target\":{\"@type\":\"EntryPoint\",\"urlTemplate\":\"https:\/\/patrocinados.estadao.com.br\/spbemnafoto\/?s={search_term_string}\"},\"query-input\":{\"@type\":\"PropertyValueSpecification\",\"valueRequired\":true,\"valueName\":\"search_term_string\"}}],\"inLanguage\":\"pt-BR\"},{\"@type\":\"Person\",\"@id\":\"https:\/\/patrocinados.estadao.com.br\/spbemnafoto\/#\/schema\/person\/a4ee91793954932c28a2ff291f70943e\",\"name\":\"Henrique Gois\",\"image\":{\"@type\":\"ImageObject\",\"inLanguage\":\"pt-BR\",\"@id\":\"https:\/\/patrocinados.estadao.com.br\/spbemnafoto\/#\/schema\/person\/image\/\",\"url\":\"https:\/\/secure.gravatar.com\/avatar\/9d33d40efdce4963188a84bd4777a5f81f7c8e9cfcc15e6853c05f5cfee4c0ab?s=96&d=mm&r=g\",\"contentUrl\":\"https:\/\/secure.gravatar.com\/avatar\/9d33d40efdce4963188a84bd4777a5f81f7c8e9cfcc15e6853c05f5cfee4c0ab?s=96&d=mm&r=g\",\"caption\":\"Henrique Gois\"},\"sameAs\":[\"http:\/\/www.geosfera.com.br\/\"],\"url\":\"https:\/\/patrocinados.estadao.com.br\/spbemnafoto\/author\/henrique_geosfera\/\"}]}<\/script>\n<!-- \/ Yoast SEO plugin. -->","yoast_head_json":{"title":"Restaurante Terra\u00e7o It\u00e1lia - S\u00e3o Paulo Bem na Foto 3a Edi\u00e7\u00e3o","description":"S\u00e3o Paulo, S\u00e3o Paulo - Uma das casas s\u00edmbolo da capital fica a 165 metros de altura e j\u00e1 recebeu Frank Sinatra","robots":{"index":"index","follow":"follow","max-snippet":"max-snippet:-1","max-image-preview":"max-image-preview:large","max-video-preview":"max-video-preview:-1"},"canonical":"https:\/\/patrocinados.estadao.com.br\/spbemnafoto\/restaurante-no-terraco-italia\/","og_locale":"pt_BR","og_type":"article","og_title":"Restaurante Terra\u00e7o It\u00e1lia - S\u00e3o Paulo Bem na Foto 3a Edi\u00e7\u00e3o","og_description":"S\u00e3o Paulo, S\u00e3o Paulo - Uma das casas s\u00edmbolo da capital fica a 165 metros de altura e j\u00e1 recebeu Frank Sinatra","og_url":"https:\/\/patrocinados.estadao.com.br\/spbemnafoto\/restaurante-no-terraco-italia\/","og_site_name":"S\u00e3o Paulo Bem na Foto 3a Edi\u00e7\u00e3o","article_published_time":"2020-01-22T15:00:48+00:00","article_modified_time":"2020-01-27T13:47:46+00:00","og_image":[{"width":2560,"height":1706,"url":"https:\/\/patrocinados.estadao.com.br\/spbemnafoto\/wp-content\/uploads\/2020\/01\/gastro_terracoitalia01-scaled.jpg","type":"image\/jpeg"}],"author":"Henrique Gois","twitter_card":"summary_large_image","twitter_misc":{"Escrito por":"Henrique Gois","Est. tempo de leitura":"2 minutos"},"schema":{"@context":"https:\/\/schema.org","@graph":[{"@type":"Article","@id":"https:\/\/patrocinados.estadao.com.br\/spbemnafoto\/restaurante-no-terraco-italia\/#article","isPartOf":{"@id":"https:\/\/patrocinados.estadao.com.br\/spbemnafoto\/restaurante-no-terraco-italia\/"},"author":{"name":"Henrique Gois","@id":"https:\/\/patrocinados.estadao.com.br\/spbemnafoto\/#\/schema\/person\/a4ee91793954932c28a2ff291f70943e"},"headline":"Restaurante Terra\u00e7o It\u00e1lia","datePublished":"2020-01-22T15:00:48+00:00","dateModified":"2020-01-27T13:47:46+00:00","mainEntityOfPage":{"@id":"https:\/\/patrocinados.estadao.com.br\/spbemnafoto\/restaurante-no-terraco-italia\/"},"wordCount":365,"commentCount":0,"image":{"@id":"https:\/\/patrocinados.estadao.com.br\/spbemnafoto\/restaurante-no-terraco-italia\/#primaryimage"},"thumbnailUrl":"https:\/\/patrocinados.estadao.com.br\/spbemnafoto\/wp-content\/uploads\/2020\/01\/gastro_terracoitalia01-scaled.jpg","articleSection":["Gastronomia"],"inLanguage":"pt-BR","potentialAction":[{"@type":"CommentAction","name":"Comment","target":["https:\/\/patrocinados.estadao.com.br\/spbemnafoto\/restaurante-no-terraco-italia\/#respond"]}]},{"@type":"WebPage","@id":"https:\/\/patrocinados.estadao.com.br\/spbemnafoto\/restaurante-no-terraco-italia\/","url":"https:\/\/patrocinados.estadao.com.br\/spbemnafoto\/restaurante-no-terraco-italia\/","name":"Restaurante Terra\u00e7o It\u00e1lia - S\u00e3o Paulo Bem na Foto 3a Edi\u00e7\u00e3o","isPartOf":{"@id":"https:\/\/patrocinados.estadao.com.br\/spbemnafoto\/#website"},"primaryImageOfPage":{"@id":"https:\/\/patrocinados.estadao.com.br\/spbemnafoto\/restaurante-no-terraco-italia\/#primaryimage"},"image":{"@id":"https:\/\/patrocinados.estadao.com.br\/spbemnafoto\/restaurante-no-terraco-italia\/#primaryimage"},"thumbnailUrl":"https:\/\/patrocinados.estadao.com.br\/spbemnafoto\/wp-content\/uploads\/2020\/01\/gastro_terracoitalia01-scaled.jpg","datePublished":"2020-01-22T15:00:48+00:00","dateModified":"2020-01-27T13:47:46+00:00","author":{"@id":"https:\/\/patrocinados.estadao.com.br\/spbemnafoto\/#\/schema\/person\/a4ee91793954932c28a2ff291f70943e"},"description":"S\u00e3o Paulo, S\u00e3o Paulo - Uma das casas s\u00edmbolo da capital fica a 165 metros de altura e j\u00e1 recebeu Frank Sinatra","breadcrumb":{"@id":"https:\/\/patrocinados.estadao.com.br\/spbemnafoto\/restaurante-no-terraco-italia\/#breadcrumb"},"inLanguage":"pt-BR","potentialAction":[{"@type":"ReadAction","target":["https:\/\/patrocinados.estadao.com.br\/spbemnafoto\/restaurante-no-terraco-italia\/"]}]},{"@type":"ImageObject","inLanguage":"pt-BR","@id":"https:\/\/patrocinados.estadao.com.br\/spbemnafoto\/restaurante-no-terraco-italia\/#primaryimage","url":"https:\/\/patrocinados.estadao.com.br\/spbemnafoto\/wp-content\/uploads\/2020\/01\/gastro_terracoitalia01-scaled.jpg","contentUrl":"https:\/\/patrocinados.estadao.com.br\/spbemnafoto\/wp-content\/uploads\/2020\/01\/gastro_terracoitalia01-scaled.jpg","width":2560,"height":1706,"caption":"TQ S\u00c3O PAULO 22.01.2019 ANIVERS\u00c1RIO 465 ANOS SP EXCLUSIVO EMBARGADO S\u00e3o Paulo e seus personagens nas alturas. Chef italiano (de Floren\u00e7a), Pasquale Mancini, de 60 anos, chef do restaurante do Terra\u00e7o It\u00e1lia. Retratos do chef e cenas panor\u00e2micas da cidade, com diversos cart\u00f5es postais da metr\u00f3pole, como o ed\u00edficio Copan, a Prefeitura, Pra\u00e7a da S\u00e9, entre outros. FOTO TIAGO QUEIROZ\/ESTAD\u00c3O"},{"@type":"BreadcrumbList","@id":"https:\/\/patrocinados.estadao.com.br\/spbemnafoto\/restaurante-no-terraco-italia\/#breadcrumb","itemListElement":[{"@type":"ListItem","position":1,"name":"In\u00edcio","item":"https:\/\/patrocinados.estadao.com.br\/spbemnafoto\/"},{"@type":"ListItem","position":2,"name":"Restaurante Terra\u00e7o It\u00e1lia"}]},{"@type":"WebSite","@id":"https:\/\/patrocinados.estadao.com.br\/spbemnafoto\/#website","url":"https:\/\/patrocinados.estadao.com.br\/spbemnafoto\/","name":"S\u00e3o Paulo Bem na Foto 3a Edi\u00e7\u00e3o","description":"25 pontos interessantes da capital que est\u00e1 completando 466 anos de hist\u00f3ria","potentialAction":[{"@type":"SearchAction","target":{"@type":"EntryPoint","urlTemplate":"https:\/\/patrocinados.estadao.com.br\/spbemnafoto\/?s={search_term_string}"},"query-input":{"@type":"PropertyValueSpecification","valueRequired":true,"valueName":"search_term_string"}}],"inLanguage":"pt-BR"},{"@type":"Person","@id":"https:\/\/patrocinados.estadao.com.br\/spbemnafoto\/#\/schema\/person\/a4ee91793954932c28a2ff291f70943e","name":"Henrique Gois","image":{"@type":"ImageObject","inLanguage":"pt-BR","@id":"https:\/\/patrocinados.estadao.com.br\/spbemnafoto\/#\/schema\/person\/image\/","url":"https:\/\/secure.gravatar.com\/avatar\/9d33d40efdce4963188a84bd4777a5f81f7c8e9cfcc15e6853c05f5cfee4c0ab?s=96&d=mm&r=g","contentUrl":"https:\/\/secure.gravatar.com\/avatar\/9d33d40efdce4963188a84bd4777a5f81f7c8e9cfcc15e6853c05f5cfee4c0ab?s=96&d=mm&r=g","caption":"Henrique Gois"},"sameAs":["http:\/\/www.geosfera.com.br\/"],"url":"https:\/\/patrocinados.estadao.com.br\/spbemnafoto\/author\/henrique_geosfera\/"}]}},"_links":{"self":[{"href":"https:\/\/patrocinados.estadao.com.br\/spbemnafoto\/wp-json\/wp\/v2\/posts\/43","targetHints":{"allow":["GET"]}}],"collection":[{"href":"https:\/\/patrocinados.estadao.com.br\/spbemnafoto\/wp-json\/wp\/v2\/posts"}],"about":[{"href":"https:\/\/patrocinados.estadao.com.br\/spbemnafoto\/wp-json\/wp\/v2\/types\/post"}],"author":[{"embeddable":true,"href":"https:\/\/patrocinados.estadao.com.br\/spbemnafoto\/wp-json\/wp\/v2\/users\/2"}],"replies":[{"embeddable":true,"href":"https:\/\/patrocinados.estadao.com.br\/spbemnafoto\/wp-json\/wp\/v2\/comments?post=43"}],"version-history":[{"count":8,"href":"https:\/\/patrocinados.estadao.com.br\/spbemnafoto\/wp-json\/wp\/v2\/posts\/43\/revisions"}],"predecessor-version":[{"id":439,"href":"https:\/\/patrocinados.estadao.com.br\/spbemnafoto\/wp-json\/wp\/v2\/posts\/43\/revisions\/439"}],"wp:featuredmedia":[{"embeddable":true,"href":"https:\/\/patrocinados.estadao.com.br\/spbemnafoto\/wp-json\/wp\/v2\/media\/44"}],"wp:attachment":[{"href":"https:\/\/patrocinados.estadao.com.br\/spbemnafoto\/wp-json\/wp\/v2\/media?parent=43"}],"wp:term":[{"taxonomy":"category","embeddable":true,"href":"https:\/\/patrocinados.estadao.com.br\/spbemnafoto\/wp-json\/wp\/v2\/categories?post=43"},{"taxonomy":"post_tag","embeddable":true,"href":"https:\/\/patrocinados.estadao.com.br\/spbemnafoto\/wp-json\/wp\/v2\/tags?post=43"}],"curies":[{"name":"wp","href":"https:\/\/api.w.org\/{rel}","templated":true}]}}