{"id":35,"date":"2020-01-22T15:00:20","date_gmt":"2020-01-22T18:00:20","guid":{"rendered":"http:\/\/patrocinados.estadao.com.br\/spbemnafoto\/2020\/?p=35"},"modified":"2020-01-27T10:35:34","modified_gmt":"2020-01-27T13:35:34","slug":"cantinas-italianas-do-bixiga","status":"publish","type":"post","link":"https:\/\/patrocinados.estadao.com.br\/spbemnafoto\/cantinas-italianas-do-bixiga\/","title":{"rendered":"Cantinas Italianas do Bexiga"},"content":{"rendered":"<h2><strong>O aroma do Bexiga<\/strong><\/h2>\n<h3><strong>Ao longo de d\u00e9cadas, cantinas t\u00edpicas e padarias hist\u00f3ricas transformam os sabores que v\u00eam da It\u00e1lia<br \/>\n<\/strong><\/h3>\n<div class='alignright'>\n\t<div class='dfp-tmeio1'><\/div>\n\t<script type='text\/javascript'>\n\tDFP.renderHtml({\n\t'selector':'div.dfp-tmeio1',\n\t'targets':{\n\t'formato':'tmeio1'\n\t},\n\t'screenmap':'Tile_300_250_T_250',\n\t'force': true\n\t});\n\t<\/script>\n\t<\/div><p>O Bexiga, um dos bairros-s\u00edntese de S\u00e3o Paulo, recebeu ao longo de d\u00e9cadas desde o s\u00e9culo 19 v\u00e1rios povos e etnias, entre eles muitos italianos. Com eles vieram as comidas e os restaurantes, que se transformaram muito ao longo do tempo. Alguns pratos, por exemplo, foram criados totalmente do lado de c\u00e1 do Atl\u00e2ntico. Essa grande dist\u00e2ncia gastron\u00f4mica entre Brasil e Europa \u00e9 que acabou por transformar as cantinas italianas do t\u00edpico bairro paulistano em um dos \u00edcones do sabor da capital. Entre alguns exemplos \u00e0 disposi\u00e7\u00e3o dos clientes, depois do triste fim da Cantina Capuano, a mais antiga em funcionamento ininterrupto em S\u00e3o Paulo entre 1907 e abril de 2018, est\u00e3o as tradicionais Cantina Conchetta, com seu conhecido rod\u00edzio de massas, e a Montechiaro, criada em 1974. Al\u00e9m da C&#8230;Que Sabe e sua tarantela desde 1931. O aroma das cantinas, nome que na It\u00e1lia \u00e9 dado mais para o local que produz e vende o vinho, mistura-se no Bexiga ao cheiro do p\u00e3o de padarias centen\u00e1rias, tamb\u00e9m trazidas pelos italianos ao Brasil. Caso da Italianinha, de 1896, da 14 de Julho, de 1897, da S\u00e3o Domingos (1913) e da Basilicata (1914). Todas ainda sendo administradas pelos descendentes dos fundadores.<\/p>\n<h4>Mais informa\u00e7\u00f5es<\/h4>\n<p><strong>Cantina Conchetta<br \/>\n<\/strong>(11) 2894-7869&nbsp; |&nbsp; <a href=\"http:\/\/conchetta.com.br\/\" target=\"_blank\" rel=\"noopener noreferrer\">conchetta.com.br<\/a><\/p>\n<p><strong>Cantina Montechiaro<br \/>\n<\/strong>(11) 3259-2727&nbsp; |&nbsp; <a href=\"http:\/\/montechiaro.com.br\/\" target=\"_blank\" rel=\"noopener noreferrer\">montechiaro.com.br<\/a><\/p>\n<p><strong>Cantina C&#8230;Que Sabe<br \/>\n<\/strong>(11) 3289-2574 |&nbsp; <a href=\"http:\/\/cquesabe.com.br\/\" target=\"_blank\" rel=\"noopener noreferrer\">cquesabe.com.br<\/a><\/p>\n","protected":false},"excerpt":{"rendered":"<p>Ao longo de d\u00e9cadas, cantinas t\u00edpicas e padarias hist\u00f3ricas transformam os sabores que v\u00eam da It\u00e1lia O Bexiga, um dos bairros-s\u00edntese de S\u00e3o Paulo, recebeu ao longo de d\u00e9cadas desde o s\u00e9culo 19 v\u00e1rios povos&#8230; <a href=\"https:\/\/patrocinados.estadao.com.br\/spbemnafoto\/cantinas-italianas-do-bixiga\/\" class=\"btn_veja_mais\" rel=\"nofollow\"> veja mais \u00bb <\/a><\/p>\n","protected":false},"author":2,"featured_media":37,"comment_status":"open","ping_status":"closed","sticky":false,"template":"","format":"standard","meta":{"_acf_changed":false,"ngg_post_thumbnail":0,"footnotes":""},"categories":[3],"tags":[],"class_list":["post-35","post","type-post","status-publish","format-standard","has-post-thumbnail","hentry","category-gastronomia"],"acf":[],"yoast_head":"<!-- This site is optimized with the Yoast SEO plugin v27.1.1 - https:\/\/yoast.com\/product\/yoast-seo-wordpress\/ -->\n<title>Cantinas Italianas do Bexiga - S\u00e3o Paulo Bem na Foto 3a Edi\u00e7\u00e3o<\/title>\n<meta name=\"description\" content=\"O aroma do Bexiga - Ao longo de d\u00e9cadas, cantinas t\u00edpicas e padarias hist\u00f3ricas transformam os sabores que v\u00eam da It\u00e1lia\" \/>\n<meta name=\"robots\" content=\"index, follow, max-snippet:-1, max-image-preview:large, max-video-preview:-1\" \/>\n<link rel=\"canonical\" href=\"https:\/\/patrocinados.estadao.com.br\/spbemnafoto\/cantinas-italianas-do-bixiga\/\" \/>\n<meta property=\"og:locale\" content=\"pt_BR\" \/>\n<meta property=\"og:type\" content=\"article\" \/>\n<meta property=\"og:title\" content=\"Cantinas Italianas do Bexiga - S\u00e3o Paulo Bem na Foto 3a Edi\u00e7\u00e3o\" \/>\n<meta property=\"og:description\" content=\"O aroma do Bexiga - Ao longo de d\u00e9cadas, cantinas t\u00edpicas e padarias hist\u00f3ricas transformam os sabores que v\u00eam da It\u00e1lia\" \/>\n<meta property=\"og:url\" content=\"https:\/\/patrocinados.estadao.com.br\/spbemnafoto\/cantinas-italianas-do-bixiga\/\" \/>\n<meta property=\"og:site_name\" content=\"S\u00e3o Paulo Bem na Foto 3a Edi\u00e7\u00e3o\" \/>\n<meta property=\"article:published_time\" content=\"2020-01-22T18:00:20+00:00\" \/>\n<meta property=\"article:modified_time\" content=\"2020-01-27T13:35:34+00:00\" \/>\n<meta property=\"og:image\" content=\"https:\/\/patrocinados.estadao.com.br\/spbemnafoto\/wp-content\/uploads\/2020\/01\/gastro_cantina01-scaled.jpg\" \/>\n\t<meta property=\"og:image:width\" content=\"2560\" \/>\n\t<meta property=\"og:image:height\" content=\"1295\" \/>\n\t<meta property=\"og:image:type\" content=\"image\/jpeg\" \/>\n<meta name=\"author\" content=\"Henrique Gois\" \/>\n<meta name=\"twitter:card\" content=\"summary_large_image\" \/>\n<meta name=\"twitter:label1\" content=\"Escrito por\" \/>\n\t<meta name=\"twitter:data1\" content=\"Henrique Gois\" \/>\n\t<meta name=\"twitter:label2\" content=\"Est. tempo de leitura\" \/>\n\t<meta name=\"twitter:data2\" content=\"1 minuto\" \/>\n<script type=\"application\/ld+json\" class=\"yoast-schema-graph\">{\"@context\":\"https:\/\/schema.org\",\"@graph\":[{\"@type\":\"Article\",\"@id\":\"https:\/\/patrocinados.estadao.com.br\/spbemnafoto\/cantinas-italianas-do-bixiga\/#article\",\"isPartOf\":{\"@id\":\"https:\/\/patrocinados.estadao.com.br\/spbemnafoto\/cantinas-italianas-do-bixiga\/\"},\"author\":{\"name\":\"Henrique Gois\",\"@id\":\"https:\/\/patrocinados.estadao.com.br\/spbemnafoto\/#\/schema\/person\/a4ee91793954932c28a2ff291f70943e\"},\"headline\":\"Cantinas Italianas do Bexiga\",\"datePublished\":\"2020-01-22T18:00:20+00:00\",\"dateModified\":\"2020-01-27T13:35:34+00:00\",\"mainEntityOfPage\":{\"@id\":\"https:\/\/patrocinados.estadao.com.br\/spbemnafoto\/cantinas-italianas-do-bixiga\/\"},\"wordCount\":264,\"commentCount\":0,\"image\":{\"@id\":\"https:\/\/patrocinados.estadao.com.br\/spbemnafoto\/cantinas-italianas-do-bixiga\/#primaryimage\"},\"thumbnailUrl\":\"https:\/\/patrocinados.estadao.com.br\/spbemnafoto\/wp-content\/uploads\/2020\/01\/gastro_cantina01-scaled.jpg\",\"articleSection\":[\"Gastronomia\"],\"inLanguage\":\"pt-BR\",\"potentialAction\":[{\"@type\":\"CommentAction\",\"name\":\"Comment\",\"target\":[\"https:\/\/patrocinados.estadao.com.br\/spbemnafoto\/cantinas-italianas-do-bixiga\/#respond\"]}]},{\"@type\":\"WebPage\",\"@id\":\"https:\/\/patrocinados.estadao.com.br\/spbemnafoto\/cantinas-italianas-do-bixiga\/\",\"url\":\"https:\/\/patrocinados.estadao.com.br\/spbemnafoto\/cantinas-italianas-do-bixiga\/\",\"name\":\"Cantinas Italianas do Bexiga - S\u00e3o Paulo Bem na Foto 3a Edi\u00e7\u00e3o\",\"isPartOf\":{\"@id\":\"https:\/\/patrocinados.estadao.com.br\/spbemnafoto\/#website\"},\"primaryImageOfPage\":{\"@id\":\"https:\/\/patrocinados.estadao.com.br\/spbemnafoto\/cantinas-italianas-do-bixiga\/#primaryimage\"},\"image\":{\"@id\":\"https:\/\/patrocinados.estadao.com.br\/spbemnafoto\/cantinas-italianas-do-bixiga\/#primaryimage\"},\"thumbnailUrl\":\"https:\/\/patrocinados.estadao.com.br\/spbemnafoto\/wp-content\/uploads\/2020\/01\/gastro_cantina01-scaled.jpg\",\"datePublished\":\"2020-01-22T18:00:20+00:00\",\"dateModified\":\"2020-01-27T13:35:34+00:00\",\"author\":{\"@id\":\"https:\/\/patrocinados.estadao.com.br\/spbemnafoto\/#\/schema\/person\/a4ee91793954932c28a2ff291f70943e\"},\"description\":\"O aroma do Bexiga - Ao longo de d\u00e9cadas, cantinas t\u00edpicas e padarias hist\u00f3ricas transformam os sabores que v\u00eam da It\u00e1lia\",\"breadcrumb\":{\"@id\":\"https:\/\/patrocinados.estadao.com.br\/spbemnafoto\/cantinas-italianas-do-bixiga\/#breadcrumb\"},\"inLanguage\":\"pt-BR\",\"potentialAction\":[{\"@type\":\"ReadAction\",\"target\":[\"https:\/\/patrocinados.estadao.com.br\/spbemnafoto\/cantinas-italianas-do-bixiga\/\"]}]},{\"@type\":\"ImageObject\",\"inLanguage\":\"pt-BR\",\"@id\":\"https:\/\/patrocinados.estadao.com.br\/spbemnafoto\/cantinas-italianas-do-bixiga\/#primaryimage\",\"url\":\"https:\/\/patrocinados.estadao.com.br\/spbemnafoto\/wp-content\/uploads\/2020\/01\/gastro_cantina01-scaled.jpg\",\"contentUrl\":\"https:\/\/patrocinados.estadao.com.br\/spbemnafoto\/wp-content\/uploads\/2020\/01\/gastro_cantina01-scaled.jpg\",\"width\":2560,\"height\":1295,\"caption\":\"VGCIDADE44 S\u00e3o Paulo 22-05-2008 \/ Especial Anivers\u00e1rio de S\u00e3o Paulo \/ S\u00e3o Paulo e o c\u00e9u \/ As Cidades Invis\u00edveis \/ Geral \/ JT Walter Taverna presidente do Centro da Mem\u00f3ria do Bixiga em seu restaurante Cantina da Conchetta FOTO VALERIA GONCALVEZ\/AE\"},{\"@type\":\"BreadcrumbList\",\"@id\":\"https:\/\/patrocinados.estadao.com.br\/spbemnafoto\/cantinas-italianas-do-bixiga\/#breadcrumb\",\"itemListElement\":[{\"@type\":\"ListItem\",\"position\":1,\"name\":\"In\u00edcio\",\"item\":\"https:\/\/patrocinados.estadao.com.br\/spbemnafoto\/\"},{\"@type\":\"ListItem\",\"position\":2,\"name\":\"Cantinas Italianas do Bexiga\"}]},{\"@type\":\"WebSite\",\"@id\":\"https:\/\/patrocinados.estadao.com.br\/spbemnafoto\/#website\",\"url\":\"https:\/\/patrocinados.estadao.com.br\/spbemnafoto\/\",\"name\":\"S\u00e3o Paulo Bem na Foto 3a Edi\u00e7\u00e3o\",\"description\":\"25 pontos interessantes da capital que est\u00e1 completando 466 anos de hist\u00f3ria\",\"potentialAction\":[{\"@type\":\"SearchAction\",\"target\":{\"@type\":\"EntryPoint\",\"urlTemplate\":\"https:\/\/patrocinados.estadao.com.br\/spbemnafoto\/?s={search_term_string}\"},\"query-input\":{\"@type\":\"PropertyValueSpecification\",\"valueRequired\":true,\"valueName\":\"search_term_string\"}}],\"inLanguage\":\"pt-BR\"},{\"@type\":\"Person\",\"@id\":\"https:\/\/patrocinados.estadao.com.br\/spbemnafoto\/#\/schema\/person\/a4ee91793954932c28a2ff291f70943e\",\"name\":\"Henrique Gois\",\"image\":{\"@type\":\"ImageObject\",\"inLanguage\":\"pt-BR\",\"@id\":\"https:\/\/patrocinados.estadao.com.br\/spbemnafoto\/#\/schema\/person\/image\/\",\"url\":\"https:\/\/secure.gravatar.com\/avatar\/9d33d40efdce4963188a84bd4777a5f81f7c8e9cfcc15e6853c05f5cfee4c0ab?s=96&d=mm&r=g\",\"contentUrl\":\"https:\/\/secure.gravatar.com\/avatar\/9d33d40efdce4963188a84bd4777a5f81f7c8e9cfcc15e6853c05f5cfee4c0ab?s=96&d=mm&r=g\",\"caption\":\"Henrique Gois\"},\"sameAs\":[\"http:\/\/www.geosfera.com.br\/\"],\"url\":\"https:\/\/patrocinados.estadao.com.br\/spbemnafoto\/author\/henrique_geosfera\/\"}]}<\/script>\n<!-- \/ Yoast SEO plugin. -->","yoast_head_json":{"title":"Cantinas Italianas do Bexiga - S\u00e3o Paulo Bem na Foto 3a Edi\u00e7\u00e3o","description":"O aroma do Bexiga - Ao longo de d\u00e9cadas, cantinas t\u00edpicas e padarias hist\u00f3ricas transformam os sabores que v\u00eam da It\u00e1lia","robots":{"index":"index","follow":"follow","max-snippet":"max-snippet:-1","max-image-preview":"max-image-preview:large","max-video-preview":"max-video-preview:-1"},"canonical":"https:\/\/patrocinados.estadao.com.br\/spbemnafoto\/cantinas-italianas-do-bixiga\/","og_locale":"pt_BR","og_type":"article","og_title":"Cantinas Italianas do Bexiga - S\u00e3o Paulo Bem na Foto 3a Edi\u00e7\u00e3o","og_description":"O aroma do Bexiga - Ao longo de d\u00e9cadas, cantinas t\u00edpicas e padarias hist\u00f3ricas transformam os sabores que v\u00eam da It\u00e1lia","og_url":"https:\/\/patrocinados.estadao.com.br\/spbemnafoto\/cantinas-italianas-do-bixiga\/","og_site_name":"S\u00e3o Paulo Bem na Foto 3a Edi\u00e7\u00e3o","article_published_time":"2020-01-22T18:00:20+00:00","article_modified_time":"2020-01-27T13:35:34+00:00","og_image":[{"width":2560,"height":1295,"url":"https:\/\/patrocinados.estadao.com.br\/spbemnafoto\/wp-content\/uploads\/2020\/01\/gastro_cantina01-scaled.jpg","type":"image\/jpeg"}],"author":"Henrique Gois","twitter_card":"summary_large_image","twitter_misc":{"Escrito por":"Henrique Gois","Est. tempo de leitura":"1 minuto"},"schema":{"@context":"https:\/\/schema.org","@graph":[{"@type":"Article","@id":"https:\/\/patrocinados.estadao.com.br\/spbemnafoto\/cantinas-italianas-do-bixiga\/#article","isPartOf":{"@id":"https:\/\/patrocinados.estadao.com.br\/spbemnafoto\/cantinas-italianas-do-bixiga\/"},"author":{"name":"Henrique Gois","@id":"https:\/\/patrocinados.estadao.com.br\/spbemnafoto\/#\/schema\/person\/a4ee91793954932c28a2ff291f70943e"},"headline":"Cantinas Italianas do Bexiga","datePublished":"2020-01-22T18:00:20+00:00","dateModified":"2020-01-27T13:35:34+00:00","mainEntityOfPage":{"@id":"https:\/\/patrocinados.estadao.com.br\/spbemnafoto\/cantinas-italianas-do-bixiga\/"},"wordCount":264,"commentCount":0,"image":{"@id":"https:\/\/patrocinados.estadao.com.br\/spbemnafoto\/cantinas-italianas-do-bixiga\/#primaryimage"},"thumbnailUrl":"https:\/\/patrocinados.estadao.com.br\/spbemnafoto\/wp-content\/uploads\/2020\/01\/gastro_cantina01-scaled.jpg","articleSection":["Gastronomia"],"inLanguage":"pt-BR","potentialAction":[{"@type":"CommentAction","name":"Comment","target":["https:\/\/patrocinados.estadao.com.br\/spbemnafoto\/cantinas-italianas-do-bixiga\/#respond"]}]},{"@type":"WebPage","@id":"https:\/\/patrocinados.estadao.com.br\/spbemnafoto\/cantinas-italianas-do-bixiga\/","url":"https:\/\/patrocinados.estadao.com.br\/spbemnafoto\/cantinas-italianas-do-bixiga\/","name":"Cantinas Italianas do Bexiga - S\u00e3o Paulo Bem na Foto 3a Edi\u00e7\u00e3o","isPartOf":{"@id":"https:\/\/patrocinados.estadao.com.br\/spbemnafoto\/#website"},"primaryImageOfPage":{"@id":"https:\/\/patrocinados.estadao.com.br\/spbemnafoto\/cantinas-italianas-do-bixiga\/#primaryimage"},"image":{"@id":"https:\/\/patrocinados.estadao.com.br\/spbemnafoto\/cantinas-italianas-do-bixiga\/#primaryimage"},"thumbnailUrl":"https:\/\/patrocinados.estadao.com.br\/spbemnafoto\/wp-content\/uploads\/2020\/01\/gastro_cantina01-scaled.jpg","datePublished":"2020-01-22T18:00:20+00:00","dateModified":"2020-01-27T13:35:34+00:00","author":{"@id":"https:\/\/patrocinados.estadao.com.br\/spbemnafoto\/#\/schema\/person\/a4ee91793954932c28a2ff291f70943e"},"description":"O aroma do Bexiga - Ao longo de d\u00e9cadas, cantinas t\u00edpicas e padarias hist\u00f3ricas transformam os sabores que v\u00eam da It\u00e1lia","breadcrumb":{"@id":"https:\/\/patrocinados.estadao.com.br\/spbemnafoto\/cantinas-italianas-do-bixiga\/#breadcrumb"},"inLanguage":"pt-BR","potentialAction":[{"@type":"ReadAction","target":["https:\/\/patrocinados.estadao.com.br\/spbemnafoto\/cantinas-italianas-do-bixiga\/"]}]},{"@type":"ImageObject","inLanguage":"pt-BR","@id":"https:\/\/patrocinados.estadao.com.br\/spbemnafoto\/cantinas-italianas-do-bixiga\/#primaryimage","url":"https:\/\/patrocinados.estadao.com.br\/spbemnafoto\/wp-content\/uploads\/2020\/01\/gastro_cantina01-scaled.jpg","contentUrl":"https:\/\/patrocinados.estadao.com.br\/spbemnafoto\/wp-content\/uploads\/2020\/01\/gastro_cantina01-scaled.jpg","width":2560,"height":1295,"caption":"VGCIDADE44 S\u00e3o Paulo 22-05-2008 \/ Especial Anivers\u00e1rio de S\u00e3o Paulo \/ S\u00e3o Paulo e o c\u00e9u \/ As Cidades Invis\u00edveis \/ Geral \/ JT Walter Taverna presidente do Centro da Mem\u00f3ria do Bixiga em seu restaurante Cantina da Conchetta FOTO VALERIA GONCALVEZ\/AE"},{"@type":"BreadcrumbList","@id":"https:\/\/patrocinados.estadao.com.br\/spbemnafoto\/cantinas-italianas-do-bixiga\/#breadcrumb","itemListElement":[{"@type":"ListItem","position":1,"name":"In\u00edcio","item":"https:\/\/patrocinados.estadao.com.br\/spbemnafoto\/"},{"@type":"ListItem","position":2,"name":"Cantinas Italianas do Bexiga"}]},{"@type":"WebSite","@id":"https:\/\/patrocinados.estadao.com.br\/spbemnafoto\/#website","url":"https:\/\/patrocinados.estadao.com.br\/spbemnafoto\/","name":"S\u00e3o Paulo Bem na Foto 3a Edi\u00e7\u00e3o","description":"25 pontos interessantes da capital que est\u00e1 completando 466 anos de hist\u00f3ria","potentialAction":[{"@type":"SearchAction","target":{"@type":"EntryPoint","urlTemplate":"https:\/\/patrocinados.estadao.com.br\/spbemnafoto\/?s={search_term_string}"},"query-input":{"@type":"PropertyValueSpecification","valueRequired":true,"valueName":"search_term_string"}}],"inLanguage":"pt-BR"},{"@type":"Person","@id":"https:\/\/patrocinados.estadao.com.br\/spbemnafoto\/#\/schema\/person\/a4ee91793954932c28a2ff291f70943e","name":"Henrique Gois","image":{"@type":"ImageObject","inLanguage":"pt-BR","@id":"https:\/\/patrocinados.estadao.com.br\/spbemnafoto\/#\/schema\/person\/image\/","url":"https:\/\/secure.gravatar.com\/avatar\/9d33d40efdce4963188a84bd4777a5f81f7c8e9cfcc15e6853c05f5cfee4c0ab?s=96&d=mm&r=g","contentUrl":"https:\/\/secure.gravatar.com\/avatar\/9d33d40efdce4963188a84bd4777a5f81f7c8e9cfcc15e6853c05f5cfee4c0ab?s=96&d=mm&r=g","caption":"Henrique Gois"},"sameAs":["http:\/\/www.geosfera.com.br\/"],"url":"https:\/\/patrocinados.estadao.com.br\/spbemnafoto\/author\/henrique_geosfera\/"}]}},"_links":{"self":[{"href":"https:\/\/patrocinados.estadao.com.br\/spbemnafoto\/wp-json\/wp\/v2\/posts\/35","targetHints":{"allow":["GET"]}}],"collection":[{"href":"https:\/\/patrocinados.estadao.com.br\/spbemnafoto\/wp-json\/wp\/v2\/posts"}],"about":[{"href":"https:\/\/patrocinados.estadao.com.br\/spbemnafoto\/wp-json\/wp\/v2\/types\/post"}],"author":[{"embeddable":true,"href":"https:\/\/patrocinados.estadao.com.br\/spbemnafoto\/wp-json\/wp\/v2\/users\/2"}],"replies":[{"embeddable":true,"href":"https:\/\/patrocinados.estadao.com.br\/spbemnafoto\/wp-json\/wp\/v2\/comments?post=35"}],"version-history":[{"count":10,"href":"https:\/\/patrocinados.estadao.com.br\/spbemnafoto\/wp-json\/wp\/v2\/posts\/35\/revisions"}],"predecessor-version":[{"id":426,"href":"https:\/\/patrocinados.estadao.com.br\/spbemnafoto\/wp-json\/wp\/v2\/posts\/35\/revisions\/426"}],"wp:featuredmedia":[{"embeddable":true,"href":"https:\/\/patrocinados.estadao.com.br\/spbemnafoto\/wp-json\/wp\/v2\/media\/37"}],"wp:attachment":[{"href":"https:\/\/patrocinados.estadao.com.br\/spbemnafoto\/wp-json\/wp\/v2\/media?parent=35"}],"wp:term":[{"taxonomy":"category","embeddable":true,"href":"https:\/\/patrocinados.estadao.com.br\/spbemnafoto\/wp-json\/wp\/v2\/categories?post=35"},{"taxonomy":"post_tag","embeddable":true,"href":"https:\/\/patrocinados.estadao.com.br\/spbemnafoto\/wp-json\/wp\/v2\/tags?post=35"}],"curies":[{"name":"wp","href":"https:\/\/api.w.org\/{rel}","templated":true}]}}