{"id":32,"date":"2020-01-22T10:00:36","date_gmt":"2020-01-22T13:00:36","guid":{"rendered":"http:\/\/patrocinados.estadao.com.br\/spbemnafoto\/2020\/?p=32"},"modified":"2020-01-27T10:50:23","modified_gmt":"2020-01-27T13:50:23","slug":"fazer-uma-trilha-no-parque-estadual-da-cantareira","status":"publish","type":"post","link":"https:\/\/patrocinados.estadao.com.br\/spbemnafoto\/fazer-uma-trilha-no-parque-estadual-da-cantareira\/","title":{"rendered":"Fazer uma trilha no Parque Estadual da Cantareira"},"content":{"rendered":"<h2><strong>Mirante natural<\/strong><\/h2>\n<div class='alignright'>\n\t<div class='dfp-tmeio1'><\/div>\n\t<script type='text\/javascript'>\n\tDFP.renderHtml({\n\t'selector':'div.dfp-tmeio1',\n\t'targets':{\n\t'formato':'tmeio1'\n\t},\n\t'screenmap':'Tile_300_250_T_250',\n\t'force': true\n\t});\n\t<\/script>\n\t<\/div><p>Dentro de uma das maiores florestas urbanas do mundo, existem 29 quil\u00f4metros de trilhas com boa sinaliza\u00e7\u00e3o que podem ser feitas de forma autoguiada. No card\u00e1pio das atra\u00e7\u00f5es dentro do <strong>Parque Estadual da Cantareira,<\/strong> na zona norte de S\u00e3o Paulo, h\u00e1 cachoeiras, lagos e mirantes naturais. Um dos caminhos que mais se destacam entre os visitantes das mais variadas idades \u00e9 a trilha da Pedra Grande. Totalmente asfaltada por ser uma antiga estrada, e bastante larga, ela leva at\u00e9 uma esp\u00e9cie de laje natural a mil metros de altitude de onde se pode ver, principalmente nos dias claros, boa parte da aniversariante S\u00e3o Paulo. S\u00e3o 9 quil\u00f4metros (ida e volta) de um trajeto f\u00e1cil, apesar de muita subida no percurso de ida, feito entre a entrada do N\u00facleo Pedra Grande, na Rua do Horto, e o mirante. A Mata Atl\u00e2ntica bem preservada merece uma aten\u00e7\u00e3o especial n\u00e3o apenas pela sombra agrad\u00e1vel que as grandes \u00e1rvores fazem sobre o asfalto nos dias quentes e ensolarados do ver\u00e3o. Durante a caminhada, muitas vezes, \u00e9 poss\u00edvel avistar entre as \u00e1rvores pequenos mam\u00edferos, como quatis, esquilos e macacos-prego. Quem prefere as cachoeiras pode fazer a trilha de 3 quil\u00f4metros no N\u00facleo Engordador, que demora por volta de uma hora e meia (ida e volta) e \u00e9 quase toda bastante plana.<\/p>\n<h4>Mais informa\u00e7\u00f5es<\/h4>\n<p><strong>Hor\u00e1rio de funcionamento:<br \/>\n<\/strong>Das 8h \u00e0s 17h (s\u00e1bado, domingo e feriados).<br \/>\nConsulte pre\u00e7o atualizado pelo telefone: (11) 2203-0115.<\/p>\n","protected":false},"excerpt":{"rendered":"<p>Dentro de uma das maiores florestas urbanas do mundo, existem 29 quil\u00f4metros de trilhas com boa sinaliza\u00e7\u00e3o que podem ser feitas de forma autoguiada. No card\u00e1pio das atra\u00e7\u00f5es dentro do Parque Estadual da Cantareira, na&#8230; <a href=\"https:\/\/patrocinados.estadao.com.br\/spbemnafoto\/fazer-uma-trilha-no-parque-estadual-da-cantareira\/\" class=\"btn_veja_mais\" rel=\"nofollow\"> veja mais \u00bb <\/a><\/p>\n","protected":false},"author":2,"featured_media":33,"comment_status":"open","ping_status":"closed","sticky":false,"template":"","format":"standard","meta":{"_acf_changed":false,"ngg_post_thumbnail":0,"footnotes":""},"categories":[4],"tags":[],"class_list":["post-32","post","type-post","status-publish","format-standard","has-post-thumbnail","hentry","category-lazer"],"acf":[],"yoast_head":"<!-- This site is optimized with the Yoast SEO plugin v27.1.1 - https:\/\/yoast.com\/product\/yoast-seo-wordpress\/ -->\n<title>Fazer uma trilha no Parque Estadual da Cantareira - S\u00e3o Paulo Bem na Foto 3a Edi\u00e7\u00e3o<\/title>\n<meta name=\"description\" content=\"Mirante natural - Dentro de uma das maiores florestas urbanas do mundo, existem 29 quil\u00f4metros de trilhas com boa sinaliza\u00e7\u00e3o que podem ser feitas de forma autoguiada.\" \/>\n<meta name=\"robots\" content=\"index, follow, max-snippet:-1, max-image-preview:large, max-video-preview:-1\" \/>\n<link rel=\"canonical\" href=\"https:\/\/patrocinados.estadao.com.br\/spbemnafoto\/fazer-uma-trilha-no-parque-estadual-da-cantareira\/\" \/>\n<meta property=\"og:locale\" content=\"pt_BR\" \/>\n<meta property=\"og:type\" content=\"article\" \/>\n<meta property=\"og:title\" content=\"Fazer uma trilha no Parque Estadual da Cantareira - S\u00e3o Paulo Bem na Foto 3a Edi\u00e7\u00e3o\" \/>\n<meta property=\"og:description\" content=\"Mirante natural - Dentro de uma das maiores florestas urbanas do mundo, existem 29 quil\u00f4metros de trilhas com boa sinaliza\u00e7\u00e3o que podem ser feitas de forma autoguiada.\" \/>\n<meta property=\"og:url\" content=\"https:\/\/patrocinados.estadao.com.br\/spbemnafoto\/fazer-uma-trilha-no-parque-estadual-da-cantareira\/\" \/>\n<meta property=\"og:site_name\" content=\"S\u00e3o Paulo Bem na Foto 3a Edi\u00e7\u00e3o\" \/>\n<meta property=\"article:published_time\" content=\"2020-01-22T13:00:36+00:00\" \/>\n<meta property=\"article:modified_time\" content=\"2020-01-27T13:50:23+00:00\" \/>\n<meta property=\"og:image\" content=\"https:\/\/patrocinados.estadao.com.br\/spbemnafoto\/wp-content\/uploads\/2020\/01\/lazer_pqcantareira01-1024x640.jpg\" \/>\n\t<meta property=\"og:image:width\" content=\"1024\" \/>\n\t<meta property=\"og:image:height\" content=\"640\" \/>\n\t<meta property=\"og:image:type\" content=\"image\/jpeg\" \/>\n<meta name=\"author\" content=\"Henrique Gois\" \/>\n<meta name=\"twitter:card\" content=\"summary_large_image\" \/>\n<meta name=\"twitter:label1\" content=\"Escrito por\" \/>\n\t<meta name=\"twitter:data1\" content=\"Henrique Gois\" \/>\n\t<meta name=\"twitter:label2\" content=\"Est. tempo de leitura\" \/>\n\t<meta name=\"twitter:data2\" content=\"1 minuto\" \/>\n<script type=\"application\/ld+json\" class=\"yoast-schema-graph\">{\"@context\":\"https:\/\/schema.org\",\"@graph\":[{\"@type\":\"Article\",\"@id\":\"https:\/\/patrocinados.estadao.com.br\/spbemnafoto\/fazer-uma-trilha-no-parque-estadual-da-cantareira\/#article\",\"isPartOf\":{\"@id\":\"https:\/\/patrocinados.estadao.com.br\/spbemnafoto\/fazer-uma-trilha-no-parque-estadual-da-cantareira\/\"},\"author\":{\"name\":\"Henrique Gois\",\"@id\":\"https:\/\/patrocinados.estadao.com.br\/spbemnafoto\/#\/schema\/person\/a4ee91793954932c28a2ff291f70943e\"},\"headline\":\"Fazer uma trilha no Parque Estadual da Cantareira\",\"datePublished\":\"2020-01-22T13:00:36+00:00\",\"dateModified\":\"2020-01-27T13:50:23+00:00\",\"mainEntityOfPage\":{\"@id\":\"https:\/\/patrocinados.estadao.com.br\/spbemnafoto\/fazer-uma-trilha-no-parque-estadual-da-cantareira\/\"},\"wordCount\":263,\"commentCount\":0,\"image\":{\"@id\":\"https:\/\/patrocinados.estadao.com.br\/spbemnafoto\/fazer-uma-trilha-no-parque-estadual-da-cantareira\/#primaryimage\"},\"thumbnailUrl\":\"https:\/\/patrocinados.estadao.com.br\/spbemnafoto\/wp-content\/uploads\/2020\/01\/lazer_pqcantareira01.jpg\",\"articleSection\":[\"Lazer\"],\"inLanguage\":\"pt-BR\",\"potentialAction\":[{\"@type\":\"CommentAction\",\"name\":\"Comment\",\"target\":[\"https:\/\/patrocinados.estadao.com.br\/spbemnafoto\/fazer-uma-trilha-no-parque-estadual-da-cantareira\/#respond\"]}]},{\"@type\":\"WebPage\",\"@id\":\"https:\/\/patrocinados.estadao.com.br\/spbemnafoto\/fazer-uma-trilha-no-parque-estadual-da-cantareira\/\",\"url\":\"https:\/\/patrocinados.estadao.com.br\/spbemnafoto\/fazer-uma-trilha-no-parque-estadual-da-cantareira\/\",\"name\":\"Fazer uma trilha no Parque Estadual da Cantareira - S\u00e3o Paulo Bem na Foto 3a Edi\u00e7\u00e3o\",\"isPartOf\":{\"@id\":\"https:\/\/patrocinados.estadao.com.br\/spbemnafoto\/#website\"},\"primaryImageOfPage\":{\"@id\":\"https:\/\/patrocinados.estadao.com.br\/spbemnafoto\/fazer-uma-trilha-no-parque-estadual-da-cantareira\/#primaryimage\"},\"image\":{\"@id\":\"https:\/\/patrocinados.estadao.com.br\/spbemnafoto\/fazer-uma-trilha-no-parque-estadual-da-cantareira\/#primaryimage\"},\"thumbnailUrl\":\"https:\/\/patrocinados.estadao.com.br\/spbemnafoto\/wp-content\/uploads\/2020\/01\/lazer_pqcantareira01.jpg\",\"datePublished\":\"2020-01-22T13:00:36+00:00\",\"dateModified\":\"2020-01-27T13:50:23+00:00\",\"author\":{\"@id\":\"https:\/\/patrocinados.estadao.com.br\/spbemnafoto\/#\/schema\/person\/a4ee91793954932c28a2ff291f70943e\"},\"description\":\"Mirante natural - Dentro de uma das maiores florestas urbanas do mundo, existem 29 quil\u00f4metros de trilhas com boa sinaliza\u00e7\u00e3o que podem ser feitas de forma autoguiada.\",\"breadcrumb\":{\"@id\":\"https:\/\/patrocinados.estadao.com.br\/spbemnafoto\/fazer-uma-trilha-no-parque-estadual-da-cantareira\/#breadcrumb\"},\"inLanguage\":\"pt-BR\",\"potentialAction\":[{\"@type\":\"ReadAction\",\"target\":[\"https:\/\/patrocinados.estadao.com.br\/spbemnafoto\/fazer-uma-trilha-no-parque-estadual-da-cantareira\/\"]}]},{\"@type\":\"ImageObject\",\"inLanguage\":\"pt-BR\",\"@id\":\"https:\/\/patrocinados.estadao.com.br\/spbemnafoto\/fazer-uma-trilha-no-parque-estadual-da-cantareira\/#primaryimage\",\"url\":\"https:\/\/patrocinados.estadao.com.br\/spbemnafoto\/wp-content\/uploads\/2020\/01\/lazer_pqcantareira01.jpg\",\"contentUrl\":\"https:\/\/patrocinados.estadao.com.br\/spbemnafoto\/wp-content\/uploads\/2020\/01\/lazer_pqcantareira01.jpg\",\"width\":2184,\"height\":1366,\"caption\":\"S\u00e3o Paulo 22-05-2008 CIDADES Especial Anivers\u00e1rio de S\u00e3o Paulo \/As Cidades Invis\u00edveis \/ Geral \/ JT \/ Paulistanos na Pedra Grande , Parque Estadual da Serra da Cantareira , zona norte de S\u00e3o Paulo - Visitante descansa e contempla a vista da cidade de Sp da Pedra Grande FOTO VALERIA GONCALVEZ\/ESTADAO\"},{\"@type\":\"BreadcrumbList\",\"@id\":\"https:\/\/patrocinados.estadao.com.br\/spbemnafoto\/fazer-uma-trilha-no-parque-estadual-da-cantareira\/#breadcrumb\",\"itemListElement\":[{\"@type\":\"ListItem\",\"position\":1,\"name\":\"In\u00edcio\",\"item\":\"https:\/\/patrocinados.estadao.com.br\/spbemnafoto\/\"},{\"@type\":\"ListItem\",\"position\":2,\"name\":\"Fazer uma trilha no Parque Estadual da Cantareira\"}]},{\"@type\":\"WebSite\",\"@id\":\"https:\/\/patrocinados.estadao.com.br\/spbemnafoto\/#website\",\"url\":\"https:\/\/patrocinados.estadao.com.br\/spbemnafoto\/\",\"name\":\"S\u00e3o Paulo Bem na Foto 3a Edi\u00e7\u00e3o\",\"description\":\"25 pontos interessantes da capital que est\u00e1 completando 466 anos de hist\u00f3ria\",\"potentialAction\":[{\"@type\":\"SearchAction\",\"target\":{\"@type\":\"EntryPoint\",\"urlTemplate\":\"https:\/\/patrocinados.estadao.com.br\/spbemnafoto\/?s={search_term_string}\"},\"query-input\":{\"@type\":\"PropertyValueSpecification\",\"valueRequired\":true,\"valueName\":\"search_term_string\"}}],\"inLanguage\":\"pt-BR\"},{\"@type\":\"Person\",\"@id\":\"https:\/\/patrocinados.estadao.com.br\/spbemnafoto\/#\/schema\/person\/a4ee91793954932c28a2ff291f70943e\",\"name\":\"Henrique Gois\",\"image\":{\"@type\":\"ImageObject\",\"inLanguage\":\"pt-BR\",\"@id\":\"https:\/\/patrocinados.estadao.com.br\/spbemnafoto\/#\/schema\/person\/image\/\",\"url\":\"https:\/\/secure.gravatar.com\/avatar\/9d33d40efdce4963188a84bd4777a5f81f7c8e9cfcc15e6853c05f5cfee4c0ab?s=96&d=mm&r=g\",\"contentUrl\":\"https:\/\/secure.gravatar.com\/avatar\/9d33d40efdce4963188a84bd4777a5f81f7c8e9cfcc15e6853c05f5cfee4c0ab?s=96&d=mm&r=g\",\"caption\":\"Henrique Gois\"},\"sameAs\":[\"http:\/\/www.geosfera.com.br\/\"],\"url\":\"https:\/\/patrocinados.estadao.com.br\/spbemnafoto\/author\/henrique_geosfera\/\"}]}<\/script>\n<!-- \/ Yoast SEO plugin. -->","yoast_head_json":{"title":"Fazer uma trilha no Parque Estadual da Cantareira - S\u00e3o Paulo Bem na Foto 3a Edi\u00e7\u00e3o","description":"Mirante natural - Dentro de uma das maiores florestas urbanas do mundo, existem 29 quil\u00f4metros de trilhas com boa sinaliza\u00e7\u00e3o que podem ser feitas de forma autoguiada.","robots":{"index":"index","follow":"follow","max-snippet":"max-snippet:-1","max-image-preview":"max-image-preview:large","max-video-preview":"max-video-preview:-1"},"canonical":"https:\/\/patrocinados.estadao.com.br\/spbemnafoto\/fazer-uma-trilha-no-parque-estadual-da-cantareira\/","og_locale":"pt_BR","og_type":"article","og_title":"Fazer uma trilha no Parque Estadual da Cantareira - S\u00e3o Paulo Bem na Foto 3a Edi\u00e7\u00e3o","og_description":"Mirante natural - Dentro de uma das maiores florestas urbanas do mundo, existem 29 quil\u00f4metros de trilhas com boa sinaliza\u00e7\u00e3o que podem ser feitas de forma autoguiada.","og_url":"https:\/\/patrocinados.estadao.com.br\/spbemnafoto\/fazer-uma-trilha-no-parque-estadual-da-cantareira\/","og_site_name":"S\u00e3o Paulo Bem na Foto 3a Edi\u00e7\u00e3o","article_published_time":"2020-01-22T13:00:36+00:00","article_modified_time":"2020-01-27T13:50:23+00:00","og_image":[{"width":1024,"height":640,"url":"https:\/\/patrocinados.estadao.com.br\/spbemnafoto\/wp-content\/uploads\/2020\/01\/lazer_pqcantareira01-1024x640.jpg","type":"image\/jpeg"}],"author":"Henrique Gois","twitter_card":"summary_large_image","twitter_misc":{"Escrito por":"Henrique Gois","Est. tempo de leitura":"1 minuto"},"schema":{"@context":"https:\/\/schema.org","@graph":[{"@type":"Article","@id":"https:\/\/patrocinados.estadao.com.br\/spbemnafoto\/fazer-uma-trilha-no-parque-estadual-da-cantareira\/#article","isPartOf":{"@id":"https:\/\/patrocinados.estadao.com.br\/spbemnafoto\/fazer-uma-trilha-no-parque-estadual-da-cantareira\/"},"author":{"name":"Henrique Gois","@id":"https:\/\/patrocinados.estadao.com.br\/spbemnafoto\/#\/schema\/person\/a4ee91793954932c28a2ff291f70943e"},"headline":"Fazer uma trilha no Parque Estadual da Cantareira","datePublished":"2020-01-22T13:00:36+00:00","dateModified":"2020-01-27T13:50:23+00:00","mainEntityOfPage":{"@id":"https:\/\/patrocinados.estadao.com.br\/spbemnafoto\/fazer-uma-trilha-no-parque-estadual-da-cantareira\/"},"wordCount":263,"commentCount":0,"image":{"@id":"https:\/\/patrocinados.estadao.com.br\/spbemnafoto\/fazer-uma-trilha-no-parque-estadual-da-cantareira\/#primaryimage"},"thumbnailUrl":"https:\/\/patrocinados.estadao.com.br\/spbemnafoto\/wp-content\/uploads\/2020\/01\/lazer_pqcantareira01.jpg","articleSection":["Lazer"],"inLanguage":"pt-BR","potentialAction":[{"@type":"CommentAction","name":"Comment","target":["https:\/\/patrocinados.estadao.com.br\/spbemnafoto\/fazer-uma-trilha-no-parque-estadual-da-cantareira\/#respond"]}]},{"@type":"WebPage","@id":"https:\/\/patrocinados.estadao.com.br\/spbemnafoto\/fazer-uma-trilha-no-parque-estadual-da-cantareira\/","url":"https:\/\/patrocinados.estadao.com.br\/spbemnafoto\/fazer-uma-trilha-no-parque-estadual-da-cantareira\/","name":"Fazer uma trilha no Parque Estadual da Cantareira - S\u00e3o Paulo Bem na Foto 3a Edi\u00e7\u00e3o","isPartOf":{"@id":"https:\/\/patrocinados.estadao.com.br\/spbemnafoto\/#website"},"primaryImageOfPage":{"@id":"https:\/\/patrocinados.estadao.com.br\/spbemnafoto\/fazer-uma-trilha-no-parque-estadual-da-cantareira\/#primaryimage"},"image":{"@id":"https:\/\/patrocinados.estadao.com.br\/spbemnafoto\/fazer-uma-trilha-no-parque-estadual-da-cantareira\/#primaryimage"},"thumbnailUrl":"https:\/\/patrocinados.estadao.com.br\/spbemnafoto\/wp-content\/uploads\/2020\/01\/lazer_pqcantareira01.jpg","datePublished":"2020-01-22T13:00:36+00:00","dateModified":"2020-01-27T13:50:23+00:00","author":{"@id":"https:\/\/patrocinados.estadao.com.br\/spbemnafoto\/#\/schema\/person\/a4ee91793954932c28a2ff291f70943e"},"description":"Mirante natural - Dentro de uma das maiores florestas urbanas do mundo, existem 29 quil\u00f4metros de trilhas com boa sinaliza\u00e7\u00e3o que podem ser feitas de forma autoguiada.","breadcrumb":{"@id":"https:\/\/patrocinados.estadao.com.br\/spbemnafoto\/fazer-uma-trilha-no-parque-estadual-da-cantareira\/#breadcrumb"},"inLanguage":"pt-BR","potentialAction":[{"@type":"ReadAction","target":["https:\/\/patrocinados.estadao.com.br\/spbemnafoto\/fazer-uma-trilha-no-parque-estadual-da-cantareira\/"]}]},{"@type":"ImageObject","inLanguage":"pt-BR","@id":"https:\/\/patrocinados.estadao.com.br\/spbemnafoto\/fazer-uma-trilha-no-parque-estadual-da-cantareira\/#primaryimage","url":"https:\/\/patrocinados.estadao.com.br\/spbemnafoto\/wp-content\/uploads\/2020\/01\/lazer_pqcantareira01.jpg","contentUrl":"https:\/\/patrocinados.estadao.com.br\/spbemnafoto\/wp-content\/uploads\/2020\/01\/lazer_pqcantareira01.jpg","width":2184,"height":1366,"caption":"S\u00e3o Paulo 22-05-2008 CIDADES Especial Anivers\u00e1rio de S\u00e3o Paulo \/As Cidades Invis\u00edveis \/ Geral \/ JT \/ Paulistanos na Pedra Grande , Parque Estadual da Serra da Cantareira , zona norte de S\u00e3o Paulo - Visitante descansa e contempla a vista da cidade de Sp da Pedra Grande FOTO VALERIA GONCALVEZ\/ESTADAO"},{"@type":"BreadcrumbList","@id":"https:\/\/patrocinados.estadao.com.br\/spbemnafoto\/fazer-uma-trilha-no-parque-estadual-da-cantareira\/#breadcrumb","itemListElement":[{"@type":"ListItem","position":1,"name":"In\u00edcio","item":"https:\/\/patrocinados.estadao.com.br\/spbemnafoto\/"},{"@type":"ListItem","position":2,"name":"Fazer uma trilha no Parque Estadual da Cantareira"}]},{"@type":"WebSite","@id":"https:\/\/patrocinados.estadao.com.br\/spbemnafoto\/#website","url":"https:\/\/patrocinados.estadao.com.br\/spbemnafoto\/","name":"S\u00e3o Paulo Bem na Foto 3a Edi\u00e7\u00e3o","description":"25 pontos interessantes da capital que est\u00e1 completando 466 anos de hist\u00f3ria","potentialAction":[{"@type":"SearchAction","target":{"@type":"EntryPoint","urlTemplate":"https:\/\/patrocinados.estadao.com.br\/spbemnafoto\/?s={search_term_string}"},"query-input":{"@type":"PropertyValueSpecification","valueRequired":true,"valueName":"search_term_string"}}],"inLanguage":"pt-BR"},{"@type":"Person","@id":"https:\/\/patrocinados.estadao.com.br\/spbemnafoto\/#\/schema\/person\/a4ee91793954932c28a2ff291f70943e","name":"Henrique Gois","image":{"@type":"ImageObject","inLanguage":"pt-BR","@id":"https:\/\/patrocinados.estadao.com.br\/spbemnafoto\/#\/schema\/person\/image\/","url":"https:\/\/secure.gravatar.com\/avatar\/9d33d40efdce4963188a84bd4777a5f81f7c8e9cfcc15e6853c05f5cfee4c0ab?s=96&d=mm&r=g","contentUrl":"https:\/\/secure.gravatar.com\/avatar\/9d33d40efdce4963188a84bd4777a5f81f7c8e9cfcc15e6853c05f5cfee4c0ab?s=96&d=mm&r=g","caption":"Henrique Gois"},"sameAs":["http:\/\/www.geosfera.com.br\/"],"url":"https:\/\/patrocinados.estadao.com.br\/spbemnafoto\/author\/henrique_geosfera\/"}]}},"_links":{"self":[{"href":"https:\/\/patrocinados.estadao.com.br\/spbemnafoto\/wp-json\/wp\/v2\/posts\/32","targetHints":{"allow":["GET"]}}],"collection":[{"href":"https:\/\/patrocinados.estadao.com.br\/spbemnafoto\/wp-json\/wp\/v2\/posts"}],"about":[{"href":"https:\/\/patrocinados.estadao.com.br\/spbemnafoto\/wp-json\/wp\/v2\/types\/post"}],"author":[{"embeddable":true,"href":"https:\/\/patrocinados.estadao.com.br\/spbemnafoto\/wp-json\/wp\/v2\/users\/2"}],"replies":[{"embeddable":true,"href":"https:\/\/patrocinados.estadao.com.br\/spbemnafoto\/wp-json\/wp\/v2\/comments?post=32"}],"version-history":[{"count":6,"href":"https:\/\/patrocinados.estadao.com.br\/spbemnafoto\/wp-json\/wp\/v2\/posts\/32\/revisions"}],"predecessor-version":[{"id":432,"href":"https:\/\/patrocinados.estadao.com.br\/spbemnafoto\/wp-json\/wp\/v2\/posts\/32\/revisions\/432"}],"wp:featuredmedia":[{"embeddable":true,"href":"https:\/\/patrocinados.estadao.com.br\/spbemnafoto\/wp-json\/wp\/v2\/media\/33"}],"wp:attachment":[{"href":"https:\/\/patrocinados.estadao.com.br\/spbemnafoto\/wp-json\/wp\/v2\/media?parent=32"}],"wp:term":[{"taxonomy":"category","embeddable":true,"href":"https:\/\/patrocinados.estadao.com.br\/spbemnafoto\/wp-json\/wp\/v2\/categories?post=32"},{"taxonomy":"post_tag","embeddable":true,"href":"https:\/\/patrocinados.estadao.com.br\/spbemnafoto\/wp-json\/wp\/v2\/tags?post=32"}],"curies":[{"name":"wp","href":"https:\/\/api.w.org\/{rel}","templated":true}]}}