{"id":26,"date":"2020-01-22T12:00:23","date_gmt":"2020-01-22T15:00:23","guid":{"rendered":"http:\/\/patrocinados.estadao.com.br\/spbemnafoto\/2020\/?p=26"},"modified":"2020-01-27T10:48:14","modified_gmt":"2020-01-27T13:48:14","slug":"visita-a-galeria-do-rock","status":"publish","type":"post","link":"https:\/\/patrocinados.estadao.com.br\/spbemnafoto\/visita-a-galeria-do-rock\/","title":{"rendered":"Visita \u00e0 Galeria do Rock"},"content":{"rendered":"<h2><strong>Arquitetura do rock<\/strong><\/h2>\n<h3><strong>Revitalizada nos anos 1990 depois de uma fase de ostracismo, galeria virou refer\u00eancia no centro<br \/>\n<\/strong><\/h3>\n<div class='alignright'>\n\t<div class='dfp-tmeio1'><\/div>\n\t<script type='text\/javascript'>\n\tDFP.renderHtml({\n\t'selector':'div.dfp-tmeio1',\n\t'targets':{\n\t'formato':'tmeio1'\n\t},\n\t'screenmap':'Tile_300_250_T_250',\n\t'force': true\n\t});\n\t<\/script>\n\t<\/div><p>Frases como \u201co maior centro comercial de S\u00e3o Paulo\u201d e \u201cgrandiosas ruas cobertas\u201d estavam em um an\u00fancio publicado no jornal <strong>O Estado de S. Paulo<\/strong> em 1960 sobre um novo projeto arquitet\u00f4nico lan\u00e7ado no centro da capital paulista, assinado pelo casal de arquitetos italianos Ermanno Siffredi e Maria Bardelli. Apesar do sucesso de vendas, com a chegada dos grandes shopping centers \u00e0 capital anos depois, as grandes galerias do centro sucumbiram e viraram locais urbanos atrelados \u00e0 viol\u00eancia e \u00e0 venda de drogas.<\/p>\n<p><img loading=\"lazy\" decoding=\"async\" class=\"wp-image-188 alignleft\" src=\"https:\/\/patrocinados.estadao.com.br\/spbemnafoto\/2020\/wp-content\/uploads\/2020\/01\/lazer_galeriarock03.jpg\" alt=\"\" width=\"450\" height=\"300\" srcset=\"https:\/\/patrocinados.estadao.com.br\/spbemnafoto\/wp-content\/uploads\/2020\/01\/lazer_galeriarock03.jpg 600w, https:\/\/patrocinados.estadao.com.br\/spbemnafoto\/wp-content\/uploads\/2020\/01\/lazer_galeriarock03-300x200.jpg 300w\" sizes=\"auto, (max-width: 450px) 85vw, 450px\" \/><\/p>\n<p>Na \u00e9poca do in\u00edcio da reforma, havia por volta de 50 lojas funcionando no espa\u00e7o. Atualmente, enquanto os aficionados por rock t\u00eam dezenas de lugares \u00e0 disposi\u00e7\u00e3o, quem gosta de outros estilos musicais tamb\u00e9m pode garimpar muita coisa nos aproximadamente 450 estabelecimentos comerciais em funcionamento.<\/p>\n<p>O p\u00fablico estimado que frequenta os corredores da galeria todos os meses est\u00e1 na ordem de 510 mil pessoas. Nem todos v\u00e3o ao local apenas por causa da m\u00fasica. H\u00e1 loja com materiais esportivos, op\u00e7\u00f5es para quem quer uma tatuagem, espa\u00e7o para compra de um skate e at\u00e9 locais para garimpar um bom acess\u00f3rio. A galeria tamb\u00e9m conta com eventos culturais sobre o ritmo musical que a projetou em todo o Brasil.<\/p>\n<h4>Mais informa\u00e7\u00f5es<\/h4>\n<p>As lojas costumam funcionar das <strong>9h \u00e0s 19h30<\/strong> de segunda a sexta. No s\u00e1bado, <strong>das 9h \u00e0s 18h.<\/strong><br \/>\n<a href=\"http:\/\/galeriadorock.com.br\/\" target=\"_blank\" rel=\"noopener noreferrer\"><strong>galeriadorock.com.br<\/strong><\/a><\/p>\n","protected":false},"excerpt":{"rendered":"<p>Revitalizada nos anos 1990 depois de uma fase de ostracismo, galeria virou refer\u00eancia no centro Frases como \u201co maior centro comercial de S\u00e3o Paulo\u201d e \u201cgrandiosas ruas cobertas\u201d estavam em um an\u00fancio publicado no jornal&#8230; <a href=\"https:\/\/patrocinados.estadao.com.br\/spbemnafoto\/visita-a-galeria-do-rock\/\" class=\"btn_veja_mais\" rel=\"nofollow\"> veja mais \u00bb <\/a><\/p>\n","protected":false},"author":2,"featured_media":79,"comment_status":"open","ping_status":"closed","sticky":false,"template":"","format":"standard","meta":{"_acf_changed":false,"ngg_post_thumbnail":0,"footnotes":""},"categories":[4],"tags":[],"class_list":["post-26","post","type-post","status-publish","format-standard","has-post-thumbnail","hentry","category-lazer"],"acf":[],"yoast_head":"<!-- This site is optimized with the Yoast SEO plugin v27.1.1 - https:\/\/yoast.com\/product\/yoast-seo-wordpress\/ -->\n<title>Visita \u00e0 Galeria do Rock - S\u00e3o Paulo Bem na Foto 3a Edi\u00e7\u00e3o<\/title>\n<meta name=\"description\" content=\"Arquitetura do rock - Revitalizada nos anos 1990 depois de uma fase de ostracismo, galeria virou refer\u00eancia no centro\" \/>\n<meta name=\"robots\" content=\"index, follow, max-snippet:-1, max-image-preview:large, max-video-preview:-1\" \/>\n<link rel=\"canonical\" href=\"https:\/\/patrocinados.estadao.com.br\/spbemnafoto\/visita-a-galeria-do-rock\/\" \/>\n<meta property=\"og:locale\" content=\"pt_BR\" \/>\n<meta property=\"og:type\" content=\"article\" \/>\n<meta property=\"og:title\" content=\"Visita \u00e0 Galeria do Rock - S\u00e3o Paulo Bem na Foto 3a Edi\u00e7\u00e3o\" \/>\n<meta property=\"og:description\" content=\"Arquitetura do rock - Revitalizada nos anos 1990 depois de uma fase de ostracismo, galeria virou refer\u00eancia no centro\" \/>\n<meta property=\"og:url\" content=\"https:\/\/patrocinados.estadao.com.br\/spbemnafoto\/visita-a-galeria-do-rock\/\" \/>\n<meta property=\"og:site_name\" content=\"S\u00e3o Paulo Bem na Foto 3a Edi\u00e7\u00e3o\" \/>\n<meta property=\"article:published_time\" content=\"2020-01-22T15:00:23+00:00\" \/>\n<meta property=\"article:modified_time\" content=\"2020-01-27T13:48:14+00:00\" \/>\n<meta property=\"og:image\" content=\"https:\/\/patrocinados.estadao.com.br\/spbemnafoto\/wp-content\/uploads\/2020\/01\/GROCK014.jpg\" \/>\n\t<meta property=\"og:image:width\" content=\"768\" \/>\n\t<meta property=\"og:image:height\" content=\"512\" \/>\n\t<meta property=\"og:image:type\" content=\"image\/jpeg\" \/>\n<meta name=\"author\" content=\"Henrique Gois\" \/>\n<meta name=\"twitter:card\" content=\"summary_large_image\" \/>\n<meta name=\"twitter:label1\" content=\"Escrito por\" \/>\n\t<meta name=\"twitter:data1\" content=\"Henrique Gois\" \/>\n\t<meta name=\"twitter:label2\" content=\"Est. tempo de leitura\" \/>\n\t<meta name=\"twitter:data2\" content=\"1 minuto\" \/>\n<script type=\"application\/ld+json\" class=\"yoast-schema-graph\">{\"@context\":\"https:\/\/schema.org\",\"@graph\":[{\"@type\":\"Article\",\"@id\":\"https:\/\/patrocinados.estadao.com.br\/spbemnafoto\/visita-a-galeria-do-rock\/#article\",\"isPartOf\":{\"@id\":\"https:\/\/patrocinados.estadao.com.br\/spbemnafoto\/visita-a-galeria-do-rock\/\"},\"author\":{\"name\":\"Henrique Gois\",\"@id\":\"https:\/\/patrocinados.estadao.com.br\/spbemnafoto\/#\/schema\/person\/a4ee91793954932c28a2ff291f70943e\"},\"headline\":\"Visita \u00e0 Galeria do Rock\",\"datePublished\":\"2020-01-22T15:00:23+00:00\",\"dateModified\":\"2020-01-27T13:48:14+00:00\",\"mainEntityOfPage\":{\"@id\":\"https:\/\/patrocinados.estadao.com.br\/spbemnafoto\/visita-a-galeria-do-rock\/\"},\"wordCount\":256,\"commentCount\":0,\"image\":{\"@id\":\"https:\/\/patrocinados.estadao.com.br\/spbemnafoto\/visita-a-galeria-do-rock\/#primaryimage\"},\"thumbnailUrl\":\"https:\/\/patrocinados.estadao.com.br\/spbemnafoto\/wp-content\/uploads\/2020\/01\/GROCK014.jpg\",\"articleSection\":[\"Lazer\"],\"inLanguage\":\"pt-BR\",\"potentialAction\":[{\"@type\":\"CommentAction\",\"name\":\"Comment\",\"target\":[\"https:\/\/patrocinados.estadao.com.br\/spbemnafoto\/visita-a-galeria-do-rock\/#respond\"]}]},{\"@type\":\"WebPage\",\"@id\":\"https:\/\/patrocinados.estadao.com.br\/spbemnafoto\/visita-a-galeria-do-rock\/\",\"url\":\"https:\/\/patrocinados.estadao.com.br\/spbemnafoto\/visita-a-galeria-do-rock\/\",\"name\":\"Visita \u00e0 Galeria do Rock - S\u00e3o Paulo Bem na Foto 3a Edi\u00e7\u00e3o\",\"isPartOf\":{\"@id\":\"https:\/\/patrocinados.estadao.com.br\/spbemnafoto\/#website\"},\"primaryImageOfPage\":{\"@id\":\"https:\/\/patrocinados.estadao.com.br\/spbemnafoto\/visita-a-galeria-do-rock\/#primaryimage\"},\"image\":{\"@id\":\"https:\/\/patrocinados.estadao.com.br\/spbemnafoto\/visita-a-galeria-do-rock\/#primaryimage\"},\"thumbnailUrl\":\"https:\/\/patrocinados.estadao.com.br\/spbemnafoto\/wp-content\/uploads\/2020\/01\/GROCK014.jpg\",\"datePublished\":\"2020-01-22T15:00:23+00:00\",\"dateModified\":\"2020-01-27T13:48:14+00:00\",\"author\":{\"@id\":\"https:\/\/patrocinados.estadao.com.br\/spbemnafoto\/#\/schema\/person\/a4ee91793954932c28a2ff291f70943e\"},\"description\":\"Arquitetura do rock - Revitalizada nos anos 1990 depois de uma fase de ostracismo, galeria virou refer\u00eancia no centro\",\"breadcrumb\":{\"@id\":\"https:\/\/patrocinados.estadao.com.br\/spbemnafoto\/visita-a-galeria-do-rock\/#breadcrumb\"},\"inLanguage\":\"pt-BR\",\"potentialAction\":[{\"@type\":\"ReadAction\",\"target\":[\"https:\/\/patrocinados.estadao.com.br\/spbemnafoto\/visita-a-galeria-do-rock\/\"]}]},{\"@type\":\"ImageObject\",\"inLanguage\":\"pt-BR\",\"@id\":\"https:\/\/patrocinados.estadao.com.br\/spbemnafoto\/visita-a-galeria-do-rock\/#primaryimage\",\"url\":\"https:\/\/patrocinados.estadao.com.br\/spbemnafoto\/wp-content\/uploads\/2020\/01\/GROCK014.jpg\",\"contentUrl\":\"https:\/\/patrocinados.estadao.com.br\/spbemnafoto\/wp-content\/uploads\/2020\/01\/GROCK014.jpg\",\"width\":768,\"height\":512},{\"@type\":\"BreadcrumbList\",\"@id\":\"https:\/\/patrocinados.estadao.com.br\/spbemnafoto\/visita-a-galeria-do-rock\/#breadcrumb\",\"itemListElement\":[{\"@type\":\"ListItem\",\"position\":1,\"name\":\"In\u00edcio\",\"item\":\"https:\/\/patrocinados.estadao.com.br\/spbemnafoto\/\"},{\"@type\":\"ListItem\",\"position\":2,\"name\":\"Visita \u00e0 Galeria do Rock\"}]},{\"@type\":\"WebSite\",\"@id\":\"https:\/\/patrocinados.estadao.com.br\/spbemnafoto\/#website\",\"url\":\"https:\/\/patrocinados.estadao.com.br\/spbemnafoto\/\",\"name\":\"S\u00e3o Paulo Bem na Foto 3a Edi\u00e7\u00e3o\",\"description\":\"25 pontos interessantes da capital que est\u00e1 completando 466 anos de hist\u00f3ria\",\"potentialAction\":[{\"@type\":\"SearchAction\",\"target\":{\"@type\":\"EntryPoint\",\"urlTemplate\":\"https:\/\/patrocinados.estadao.com.br\/spbemnafoto\/?s={search_term_string}\"},\"query-input\":{\"@type\":\"PropertyValueSpecification\",\"valueRequired\":true,\"valueName\":\"search_term_string\"}}],\"inLanguage\":\"pt-BR\"},{\"@type\":\"Person\",\"@id\":\"https:\/\/patrocinados.estadao.com.br\/spbemnafoto\/#\/schema\/person\/a4ee91793954932c28a2ff291f70943e\",\"name\":\"Henrique Gois\",\"image\":{\"@type\":\"ImageObject\",\"inLanguage\":\"pt-BR\",\"@id\":\"https:\/\/patrocinados.estadao.com.br\/spbemnafoto\/#\/schema\/person\/image\/\",\"url\":\"https:\/\/secure.gravatar.com\/avatar\/9d33d40efdce4963188a84bd4777a5f81f7c8e9cfcc15e6853c05f5cfee4c0ab?s=96&d=mm&r=g\",\"contentUrl\":\"https:\/\/secure.gravatar.com\/avatar\/9d33d40efdce4963188a84bd4777a5f81f7c8e9cfcc15e6853c05f5cfee4c0ab?s=96&d=mm&r=g\",\"caption\":\"Henrique Gois\"},\"sameAs\":[\"http:\/\/www.geosfera.com.br\/\"],\"url\":\"https:\/\/patrocinados.estadao.com.br\/spbemnafoto\/author\/henrique_geosfera\/\"}]}<\/script>\n<!-- \/ Yoast SEO plugin. -->","yoast_head_json":{"title":"Visita \u00e0 Galeria do Rock - S\u00e3o Paulo Bem na Foto 3a Edi\u00e7\u00e3o","description":"Arquitetura do rock - Revitalizada nos anos 1990 depois de uma fase de ostracismo, galeria virou refer\u00eancia no centro","robots":{"index":"index","follow":"follow","max-snippet":"max-snippet:-1","max-image-preview":"max-image-preview:large","max-video-preview":"max-video-preview:-1"},"canonical":"https:\/\/patrocinados.estadao.com.br\/spbemnafoto\/visita-a-galeria-do-rock\/","og_locale":"pt_BR","og_type":"article","og_title":"Visita \u00e0 Galeria do Rock - S\u00e3o Paulo Bem na Foto 3a Edi\u00e7\u00e3o","og_description":"Arquitetura do rock - Revitalizada nos anos 1990 depois de uma fase de ostracismo, galeria virou refer\u00eancia no centro","og_url":"https:\/\/patrocinados.estadao.com.br\/spbemnafoto\/visita-a-galeria-do-rock\/","og_site_name":"S\u00e3o Paulo Bem na Foto 3a Edi\u00e7\u00e3o","article_published_time":"2020-01-22T15:00:23+00:00","article_modified_time":"2020-01-27T13:48:14+00:00","og_image":[{"width":768,"height":512,"url":"https:\/\/patrocinados.estadao.com.br\/spbemnafoto\/wp-content\/uploads\/2020\/01\/GROCK014.jpg","type":"image\/jpeg"}],"author":"Henrique Gois","twitter_card":"summary_large_image","twitter_misc":{"Escrito por":"Henrique Gois","Est. tempo de leitura":"1 minuto"},"schema":{"@context":"https:\/\/schema.org","@graph":[{"@type":"Article","@id":"https:\/\/patrocinados.estadao.com.br\/spbemnafoto\/visita-a-galeria-do-rock\/#article","isPartOf":{"@id":"https:\/\/patrocinados.estadao.com.br\/spbemnafoto\/visita-a-galeria-do-rock\/"},"author":{"name":"Henrique Gois","@id":"https:\/\/patrocinados.estadao.com.br\/spbemnafoto\/#\/schema\/person\/a4ee91793954932c28a2ff291f70943e"},"headline":"Visita \u00e0 Galeria do Rock","datePublished":"2020-01-22T15:00:23+00:00","dateModified":"2020-01-27T13:48:14+00:00","mainEntityOfPage":{"@id":"https:\/\/patrocinados.estadao.com.br\/spbemnafoto\/visita-a-galeria-do-rock\/"},"wordCount":256,"commentCount":0,"image":{"@id":"https:\/\/patrocinados.estadao.com.br\/spbemnafoto\/visita-a-galeria-do-rock\/#primaryimage"},"thumbnailUrl":"https:\/\/patrocinados.estadao.com.br\/spbemnafoto\/wp-content\/uploads\/2020\/01\/GROCK014.jpg","articleSection":["Lazer"],"inLanguage":"pt-BR","potentialAction":[{"@type":"CommentAction","name":"Comment","target":["https:\/\/patrocinados.estadao.com.br\/spbemnafoto\/visita-a-galeria-do-rock\/#respond"]}]},{"@type":"WebPage","@id":"https:\/\/patrocinados.estadao.com.br\/spbemnafoto\/visita-a-galeria-do-rock\/","url":"https:\/\/patrocinados.estadao.com.br\/spbemnafoto\/visita-a-galeria-do-rock\/","name":"Visita \u00e0 Galeria do Rock - S\u00e3o Paulo Bem na Foto 3a Edi\u00e7\u00e3o","isPartOf":{"@id":"https:\/\/patrocinados.estadao.com.br\/spbemnafoto\/#website"},"primaryImageOfPage":{"@id":"https:\/\/patrocinados.estadao.com.br\/spbemnafoto\/visita-a-galeria-do-rock\/#primaryimage"},"image":{"@id":"https:\/\/patrocinados.estadao.com.br\/spbemnafoto\/visita-a-galeria-do-rock\/#primaryimage"},"thumbnailUrl":"https:\/\/patrocinados.estadao.com.br\/spbemnafoto\/wp-content\/uploads\/2020\/01\/GROCK014.jpg","datePublished":"2020-01-22T15:00:23+00:00","dateModified":"2020-01-27T13:48:14+00:00","author":{"@id":"https:\/\/patrocinados.estadao.com.br\/spbemnafoto\/#\/schema\/person\/a4ee91793954932c28a2ff291f70943e"},"description":"Arquitetura do rock - Revitalizada nos anos 1990 depois de uma fase de ostracismo, galeria virou refer\u00eancia no centro","breadcrumb":{"@id":"https:\/\/patrocinados.estadao.com.br\/spbemnafoto\/visita-a-galeria-do-rock\/#breadcrumb"},"inLanguage":"pt-BR","potentialAction":[{"@type":"ReadAction","target":["https:\/\/patrocinados.estadao.com.br\/spbemnafoto\/visita-a-galeria-do-rock\/"]}]},{"@type":"ImageObject","inLanguage":"pt-BR","@id":"https:\/\/patrocinados.estadao.com.br\/spbemnafoto\/visita-a-galeria-do-rock\/#primaryimage","url":"https:\/\/patrocinados.estadao.com.br\/spbemnafoto\/wp-content\/uploads\/2020\/01\/GROCK014.jpg","contentUrl":"https:\/\/patrocinados.estadao.com.br\/spbemnafoto\/wp-content\/uploads\/2020\/01\/GROCK014.jpg","width":768,"height":512},{"@type":"BreadcrumbList","@id":"https:\/\/patrocinados.estadao.com.br\/spbemnafoto\/visita-a-galeria-do-rock\/#breadcrumb","itemListElement":[{"@type":"ListItem","position":1,"name":"In\u00edcio","item":"https:\/\/patrocinados.estadao.com.br\/spbemnafoto\/"},{"@type":"ListItem","position":2,"name":"Visita \u00e0 Galeria do Rock"}]},{"@type":"WebSite","@id":"https:\/\/patrocinados.estadao.com.br\/spbemnafoto\/#website","url":"https:\/\/patrocinados.estadao.com.br\/spbemnafoto\/","name":"S\u00e3o Paulo Bem na Foto 3a Edi\u00e7\u00e3o","description":"25 pontos interessantes da capital que est\u00e1 completando 466 anos de hist\u00f3ria","potentialAction":[{"@type":"SearchAction","target":{"@type":"EntryPoint","urlTemplate":"https:\/\/patrocinados.estadao.com.br\/spbemnafoto\/?s={search_term_string}"},"query-input":{"@type":"PropertyValueSpecification","valueRequired":true,"valueName":"search_term_string"}}],"inLanguage":"pt-BR"},{"@type":"Person","@id":"https:\/\/patrocinados.estadao.com.br\/spbemnafoto\/#\/schema\/person\/a4ee91793954932c28a2ff291f70943e","name":"Henrique Gois","image":{"@type":"ImageObject","inLanguage":"pt-BR","@id":"https:\/\/patrocinados.estadao.com.br\/spbemnafoto\/#\/schema\/person\/image\/","url":"https:\/\/secure.gravatar.com\/avatar\/9d33d40efdce4963188a84bd4777a5f81f7c8e9cfcc15e6853c05f5cfee4c0ab?s=96&d=mm&r=g","contentUrl":"https:\/\/secure.gravatar.com\/avatar\/9d33d40efdce4963188a84bd4777a5f81f7c8e9cfcc15e6853c05f5cfee4c0ab?s=96&d=mm&r=g","caption":"Henrique Gois"},"sameAs":["http:\/\/www.geosfera.com.br\/"],"url":"https:\/\/patrocinados.estadao.com.br\/spbemnafoto\/author\/henrique_geosfera\/"}]}},"_links":{"self":[{"href":"https:\/\/patrocinados.estadao.com.br\/spbemnafoto\/wp-json\/wp\/v2\/posts\/26","targetHints":{"allow":["GET"]}}],"collection":[{"href":"https:\/\/patrocinados.estadao.com.br\/spbemnafoto\/wp-json\/wp\/v2\/posts"}],"about":[{"href":"https:\/\/patrocinados.estadao.com.br\/spbemnafoto\/wp-json\/wp\/v2\/types\/post"}],"author":[{"embeddable":true,"href":"https:\/\/patrocinados.estadao.com.br\/spbemnafoto\/wp-json\/wp\/v2\/users\/2"}],"replies":[{"embeddable":true,"href":"https:\/\/patrocinados.estadao.com.br\/spbemnafoto\/wp-json\/wp\/v2\/comments?post=26"}],"version-history":[{"count":11,"href":"https:\/\/patrocinados.estadao.com.br\/spbemnafoto\/wp-json\/wp\/v2\/posts\/26\/revisions"}],"predecessor-version":[{"id":189,"href":"https:\/\/patrocinados.estadao.com.br\/spbemnafoto\/wp-json\/wp\/v2\/posts\/26\/revisions\/189"}],"wp:featuredmedia":[{"embeddable":true,"href":"https:\/\/patrocinados.estadao.com.br\/spbemnafoto\/wp-json\/wp\/v2\/media\/79"}],"wp:attachment":[{"href":"https:\/\/patrocinados.estadao.com.br\/spbemnafoto\/wp-json\/wp\/v2\/media?parent=26"}],"wp:term":[{"taxonomy":"category","embeddable":true,"href":"https:\/\/patrocinados.estadao.com.br\/spbemnafoto\/wp-json\/wp\/v2\/categories?post=26"},{"taxonomy":"post_tag","embeddable":true,"href":"https:\/\/patrocinados.estadao.com.br\/spbemnafoto\/wp-json\/wp\/v2\/tags?post=26"}],"curies":[{"name":"wp","href":"https:\/\/api.w.org\/{rel}","templated":true}]}}