{"id":23,"date":"2020-01-22T13:00:19","date_gmt":"2020-01-22T16:00:19","guid":{"rendered":"http:\/\/patrocinados.estadao.com.br\/spbemnafoto\/2020\/?p=23"},"modified":"2020-01-27T10:43:52","modified_gmt":"2020-01-27T13:43:52","slug":"conhecer-o-jardim-botanico","status":"publish","type":"post","link":"https:\/\/patrocinados.estadao.com.br\/spbemnafoto\/conhecer-o-jardim-botanico\/","title":{"rendered":"Conhecer o Jardim Bot\u00e2nico"},"content":{"rendered":"<h2><strong>Inspirado em jardins europeus<\/strong><\/h2>\n<h3><strong>Hist\u00f3ria da bot\u00e2nica nacional e Mata Atl\u00e2ntica preservada ao alcance do p\u00fablico<br \/>\n<\/strong><\/h3>\n<div class='alignright'>\n\t<div class='dfp-tmeio1'><\/div>\n\t<script type='text\/javascript'>\n\tDFP.renderHtml({\n\t'selector':'div.dfp-tmeio1',\n\t'targets':{\n\t'formato':'tmeio1'\n\t},\n\t'screenmap':'Tile_300_250_T_250',\n\t'force': true\n\t});\n\t<\/script>\n\t<\/div><p>Um dos pontos mais tranquilos e inspiradores da capital, o <strong>Jardim Bot\u00e2nico<\/strong> de S\u00e3o Paulo \u00e9 um resqu\u00edcio cada vez mais importante da Mata Atl\u00e2ntica brasileira, ecossistema que teve mais de 80% de sua cobertura original destru\u00edda em 500 anos. Al\u00e9m de pau-brasil, imbuias e outras esp\u00e9cies em extin\u00e7\u00e3o, o visitante do parque, que tamb\u00e9m protege as nascentes do Riacho do Ipiranga, pode conhecer o Jardim de Lineu, \u00e1rea com uma estrutura paisag\u00edstica muito comum aos jardins europeus do s\u00e9culo 18. A arquitetura do local, com um grande espelho d\u2019\u00e1gua central, \u00e9 inspirada no Jardim Bot\u00e2nico de Upsala, na Su\u00e9cia, onde trabalhou Carl Von Linnaeus, um dos maiores bot\u00e2nicos da hist\u00f3ria.<\/p>\n<p>A visita ao cora\u00e7\u00e3o do parque fica ainda mais interessante no outono-inverno quando as suin\u00e3s, \u00e1rvores que ladeiam o Jardim de Lineu, perdem as folhas, mas ganham flores de colora\u00e7\u00e3o vermelha, que atraem beija-flores e outros p\u00e1ssaros.<\/p>\n<p><img loading=\"lazy\" decoding=\"async\" class=\"alignleft wp-image-169\" src=\"https:\/\/patrocinados.estadao.com.br\/spbemnafoto\/2020\/wp-content\/uploads\/2020\/01\/lazer_jdbotanico01.jpg\" alt=\"\" width=\"450\" height=\"299\" srcset=\"https:\/\/patrocinados.estadao.com.br\/spbemnafoto\/wp-content\/uploads\/2020\/01\/lazer_jdbotanico01.jpg 678w, https:\/\/patrocinados.estadao.com.br\/spbemnafoto\/wp-content\/uploads\/2020\/01\/lazer_jdbotanico01-300x199.jpg 300w\" sizes=\"auto, (max-width: 450px) 85vw, 450px\" \/><\/p>\n<p>Al\u00e9m da beleza c\u00eanica, uma visita ao Parque Estadual das Fontes do Ipiranga, nome oficial do local administrado pelo governo do Estado, pode ser um convite a um bom piquenique ou tamb\u00e9m a um mergulho na hist\u00f3ria.<\/p>\n<p>O pequeno museu no interior do Jardim Bot\u00e2nico conta em detalhes momentos hist\u00f3ricos da bot\u00e2nica no Brasil. Em um dos vitrais dos anos 1940, o visitante pode apreciar, por exemplo, diversas esp\u00e9cies de orqu\u00eddeas.<\/p>\n<h4>Mais informa\u00e7\u00f5es<\/h4>\n<p><strong>Funcionamento:<br \/>\n<\/strong>De ter\u00e7a a domingo e feriados (inclusive os que caem na segunda-feira), das 9h \u00e0s 17h.<\/p>\n<p><strong>Pre\u00e7o:<br \/>\n<\/strong>R$ 10,00 (p\u00fablico em geral). <a href=\"https:\/\/www.infraestruturameioambiente.sp.gov.br\/jardimbotanico\/\" target=\"_blank\" rel=\"noopener noreferrer\"><strong>www.infraestruturameioambiente.sp.gov.br\/jardimbotanico<\/strong><\/a><\/p>\n","protected":false},"excerpt":{"rendered":"<p>Hist\u00f3ria da bot\u00e2nica nacional e Mata Atl\u00e2ntica preservada ao alcance do p\u00fablico Um dos pontos mais tranquilos e inspiradores da capital, o Jardim Bot\u00e2nico de S\u00e3o Paulo \u00e9 um resqu\u00edcio cada vez mais importante da&#8230; <a href=\"https:\/\/patrocinados.estadao.com.br\/spbemnafoto\/conhecer-o-jardim-botanico\/\" class=\"btn_veja_mais\" rel=\"nofollow\"> veja mais \u00bb <\/a><\/p>\n","protected":false},"author":2,"featured_media":24,"comment_status":"open","ping_status":"closed","sticky":false,"template":"","format":"standard","meta":{"_acf_changed":false,"ngg_post_thumbnail":0,"footnotes":""},"categories":[4],"tags":[],"class_list":["post-23","post","type-post","status-publish","format-standard","has-post-thumbnail","hentry","category-lazer"],"acf":[],"yoast_head":"<!-- This site is optimized with the Yoast SEO plugin v27.1.1 - https:\/\/yoast.com\/product\/yoast-seo-wordpress\/ -->\n<title>Conhecer o Jardim Bot\u00e2nico - S\u00e3o Paulo Bem na Foto 3a Edi\u00e7\u00e3o<\/title>\n<meta name=\"description\" content=\"Inspirado em jardins europeus - Hist\u00f3ria da bot\u00e2nica nacional e Mata Atl\u00e2ntica preservada ao alcance do p\u00fablico\" \/>\n<meta name=\"robots\" content=\"index, follow, max-snippet:-1, max-image-preview:large, max-video-preview:-1\" \/>\n<link rel=\"canonical\" href=\"https:\/\/patrocinados.estadao.com.br\/spbemnafoto\/conhecer-o-jardim-botanico\/\" \/>\n<meta property=\"og:locale\" content=\"pt_BR\" \/>\n<meta property=\"og:type\" content=\"article\" \/>\n<meta property=\"og:title\" content=\"Conhecer o Jardim Bot\u00e2nico - S\u00e3o Paulo Bem na Foto 3a Edi\u00e7\u00e3o\" \/>\n<meta property=\"og:description\" content=\"Inspirado em jardins europeus - Hist\u00f3ria da bot\u00e2nica nacional e Mata Atl\u00e2ntica preservada ao alcance do p\u00fablico\" \/>\n<meta property=\"og:url\" content=\"https:\/\/patrocinados.estadao.com.br\/spbemnafoto\/conhecer-o-jardim-botanico\/\" \/>\n<meta property=\"og:site_name\" content=\"S\u00e3o Paulo Bem na Foto 3a Edi\u00e7\u00e3o\" \/>\n<meta property=\"article:published_time\" content=\"2020-01-22T16:00:19+00:00\" \/>\n<meta property=\"article:modified_time\" content=\"2020-01-27T13:43:52+00:00\" \/>\n<meta property=\"og:image\" content=\"https:\/\/patrocinados.estadao.com.br\/spbemnafoto\/wp-content\/uploads\/2020\/01\/lazer_jdbotanico02.jpg\" \/>\n\t<meta property=\"og:image:width\" content=\"2048\" \/>\n\t<meta property=\"og:image:height\" content=\"1360\" \/>\n\t<meta property=\"og:image:type\" content=\"image\/jpeg\" \/>\n<meta name=\"author\" content=\"Henrique Gois\" \/>\n<meta name=\"twitter:card\" content=\"summary_large_image\" \/>\n<meta name=\"twitter:label1\" content=\"Escrito por\" \/>\n\t<meta name=\"twitter:data1\" content=\"Henrique Gois\" \/>\n\t<meta name=\"twitter:label2\" content=\"Est. tempo de leitura\" \/>\n\t<meta name=\"twitter:data2\" content=\"1 minuto\" \/>\n<script type=\"application\/ld+json\" class=\"yoast-schema-graph\">{\"@context\":\"https:\/\/schema.org\",\"@graph\":[{\"@type\":\"Article\",\"@id\":\"https:\/\/patrocinados.estadao.com.br\/spbemnafoto\/conhecer-o-jardim-botanico\/#article\",\"isPartOf\":{\"@id\":\"https:\/\/patrocinados.estadao.com.br\/spbemnafoto\/conhecer-o-jardim-botanico\/\"},\"author\":{\"name\":\"Henrique Gois\",\"@id\":\"https:\/\/patrocinados.estadao.com.br\/spbemnafoto\/#\/schema\/person\/a4ee91793954932c28a2ff291f70943e\"},\"headline\":\"Conhecer o Jardim Bot\u00e2nico\",\"datePublished\":\"2020-01-22T16:00:19+00:00\",\"dateModified\":\"2020-01-27T13:43:52+00:00\",\"mainEntityOfPage\":{\"@id\":\"https:\/\/patrocinados.estadao.com.br\/spbemnafoto\/conhecer-o-jardim-botanico\/\"},\"wordCount\":301,\"commentCount\":0,\"image\":{\"@id\":\"https:\/\/patrocinados.estadao.com.br\/spbemnafoto\/conhecer-o-jardim-botanico\/#primaryimage\"},\"thumbnailUrl\":\"https:\/\/patrocinados.estadao.com.br\/spbemnafoto\/wp-content\/uploads\/2020\/01\/lazer_jdbotanico02.jpg\",\"articleSection\":[\"Lazer\"],\"inLanguage\":\"pt-BR\",\"potentialAction\":[{\"@type\":\"CommentAction\",\"name\":\"Comment\",\"target\":[\"https:\/\/patrocinados.estadao.com.br\/spbemnafoto\/conhecer-o-jardim-botanico\/#respond\"]}]},{\"@type\":\"WebPage\",\"@id\":\"https:\/\/patrocinados.estadao.com.br\/spbemnafoto\/conhecer-o-jardim-botanico\/\",\"url\":\"https:\/\/patrocinados.estadao.com.br\/spbemnafoto\/conhecer-o-jardim-botanico\/\",\"name\":\"Conhecer o Jardim Bot\u00e2nico - S\u00e3o Paulo Bem na Foto 3a Edi\u00e7\u00e3o\",\"isPartOf\":{\"@id\":\"https:\/\/patrocinados.estadao.com.br\/spbemnafoto\/#website\"},\"primaryImageOfPage\":{\"@id\":\"https:\/\/patrocinados.estadao.com.br\/spbemnafoto\/conhecer-o-jardim-botanico\/#primaryimage\"},\"image\":{\"@id\":\"https:\/\/patrocinados.estadao.com.br\/spbemnafoto\/conhecer-o-jardim-botanico\/#primaryimage\"},\"thumbnailUrl\":\"https:\/\/patrocinados.estadao.com.br\/spbemnafoto\/wp-content\/uploads\/2020\/01\/lazer_jdbotanico02.jpg\",\"datePublished\":\"2020-01-22T16:00:19+00:00\",\"dateModified\":\"2020-01-27T13:43:52+00:00\",\"author\":{\"@id\":\"https:\/\/patrocinados.estadao.com.br\/spbemnafoto\/#\/schema\/person\/a4ee91793954932c28a2ff291f70943e\"},\"description\":\"Inspirado em jardins europeus - Hist\u00f3ria da bot\u00e2nica nacional e Mata Atl\u00e2ntica preservada ao alcance do p\u00fablico\",\"breadcrumb\":{\"@id\":\"https:\/\/patrocinados.estadao.com.br\/spbemnafoto\/conhecer-o-jardim-botanico\/#breadcrumb\"},\"inLanguage\":\"pt-BR\",\"potentialAction\":[{\"@type\":\"ReadAction\",\"target\":[\"https:\/\/patrocinados.estadao.com.br\/spbemnafoto\/conhecer-o-jardim-botanico\/\"]}]},{\"@type\":\"ImageObject\",\"inLanguage\":\"pt-BR\",\"@id\":\"https:\/\/patrocinados.estadao.com.br\/spbemnafoto\/conhecer-o-jardim-botanico\/#primaryimage\",\"url\":\"https:\/\/patrocinados.estadao.com.br\/spbemnafoto\/wp-content\/uploads\/2020\/01\/lazer_jdbotanico02.jpg\",\"contentUrl\":\"https:\/\/patrocinados.estadao.com.br\/spbemnafoto\/wp-content\/uploads\/2020\/01\/lazer_jdbotanico02.jpg\",\"width\":2048,\"height\":1360,\"caption\":\"BOT5 03.11.2004 16:55 S\u00c3O PAULO CIDADES JARDIM BOTANICO. O Jardim Botanico \u00e8 uma op\u00e7\u00e3o de passeio pouco conhecida pelas paulistanos. JOS\u00c8 PATRICIO\/AE\"},{\"@type\":\"BreadcrumbList\",\"@id\":\"https:\/\/patrocinados.estadao.com.br\/spbemnafoto\/conhecer-o-jardim-botanico\/#breadcrumb\",\"itemListElement\":[{\"@type\":\"ListItem\",\"position\":1,\"name\":\"In\u00edcio\",\"item\":\"https:\/\/patrocinados.estadao.com.br\/spbemnafoto\/\"},{\"@type\":\"ListItem\",\"position\":2,\"name\":\"Conhecer o Jardim Bot\u00e2nico\"}]},{\"@type\":\"WebSite\",\"@id\":\"https:\/\/patrocinados.estadao.com.br\/spbemnafoto\/#website\",\"url\":\"https:\/\/patrocinados.estadao.com.br\/spbemnafoto\/\",\"name\":\"S\u00e3o Paulo Bem na Foto 3a Edi\u00e7\u00e3o\",\"description\":\"25 pontos interessantes da capital que est\u00e1 completando 466 anos de hist\u00f3ria\",\"potentialAction\":[{\"@type\":\"SearchAction\",\"target\":{\"@type\":\"EntryPoint\",\"urlTemplate\":\"https:\/\/patrocinados.estadao.com.br\/spbemnafoto\/?s={search_term_string}\"},\"query-input\":{\"@type\":\"PropertyValueSpecification\",\"valueRequired\":true,\"valueName\":\"search_term_string\"}}],\"inLanguage\":\"pt-BR\"},{\"@type\":\"Person\",\"@id\":\"https:\/\/patrocinados.estadao.com.br\/spbemnafoto\/#\/schema\/person\/a4ee91793954932c28a2ff291f70943e\",\"name\":\"Henrique Gois\",\"image\":{\"@type\":\"ImageObject\",\"inLanguage\":\"pt-BR\",\"@id\":\"https:\/\/patrocinados.estadao.com.br\/spbemnafoto\/#\/schema\/person\/image\/\",\"url\":\"https:\/\/secure.gravatar.com\/avatar\/9d33d40efdce4963188a84bd4777a5f81f7c8e9cfcc15e6853c05f5cfee4c0ab?s=96&d=mm&r=g\",\"contentUrl\":\"https:\/\/secure.gravatar.com\/avatar\/9d33d40efdce4963188a84bd4777a5f81f7c8e9cfcc15e6853c05f5cfee4c0ab?s=96&d=mm&r=g\",\"caption\":\"Henrique Gois\"},\"sameAs\":[\"http:\/\/www.geosfera.com.br\/\"],\"url\":\"https:\/\/patrocinados.estadao.com.br\/spbemnafoto\/author\/henrique_geosfera\/\"}]}<\/script>\n<!-- \/ Yoast SEO plugin. -->","yoast_head_json":{"title":"Conhecer o Jardim Bot\u00e2nico - S\u00e3o Paulo Bem na Foto 3a Edi\u00e7\u00e3o","description":"Inspirado em jardins europeus - Hist\u00f3ria da bot\u00e2nica nacional e Mata Atl\u00e2ntica preservada ao alcance do p\u00fablico","robots":{"index":"index","follow":"follow","max-snippet":"max-snippet:-1","max-image-preview":"max-image-preview:large","max-video-preview":"max-video-preview:-1"},"canonical":"https:\/\/patrocinados.estadao.com.br\/spbemnafoto\/conhecer-o-jardim-botanico\/","og_locale":"pt_BR","og_type":"article","og_title":"Conhecer o Jardim Bot\u00e2nico - S\u00e3o Paulo Bem na Foto 3a Edi\u00e7\u00e3o","og_description":"Inspirado em jardins europeus - Hist\u00f3ria da bot\u00e2nica nacional e Mata Atl\u00e2ntica preservada ao alcance do p\u00fablico","og_url":"https:\/\/patrocinados.estadao.com.br\/spbemnafoto\/conhecer-o-jardim-botanico\/","og_site_name":"S\u00e3o Paulo Bem na Foto 3a Edi\u00e7\u00e3o","article_published_time":"2020-01-22T16:00:19+00:00","article_modified_time":"2020-01-27T13:43:52+00:00","og_image":[{"width":2048,"height":1360,"url":"https:\/\/patrocinados.estadao.com.br\/spbemnafoto\/wp-content\/uploads\/2020\/01\/lazer_jdbotanico02.jpg","type":"image\/jpeg"}],"author":"Henrique Gois","twitter_card":"summary_large_image","twitter_misc":{"Escrito por":"Henrique Gois","Est. tempo de leitura":"1 minuto"},"schema":{"@context":"https:\/\/schema.org","@graph":[{"@type":"Article","@id":"https:\/\/patrocinados.estadao.com.br\/spbemnafoto\/conhecer-o-jardim-botanico\/#article","isPartOf":{"@id":"https:\/\/patrocinados.estadao.com.br\/spbemnafoto\/conhecer-o-jardim-botanico\/"},"author":{"name":"Henrique Gois","@id":"https:\/\/patrocinados.estadao.com.br\/spbemnafoto\/#\/schema\/person\/a4ee91793954932c28a2ff291f70943e"},"headline":"Conhecer o Jardim Bot\u00e2nico","datePublished":"2020-01-22T16:00:19+00:00","dateModified":"2020-01-27T13:43:52+00:00","mainEntityOfPage":{"@id":"https:\/\/patrocinados.estadao.com.br\/spbemnafoto\/conhecer-o-jardim-botanico\/"},"wordCount":301,"commentCount":0,"image":{"@id":"https:\/\/patrocinados.estadao.com.br\/spbemnafoto\/conhecer-o-jardim-botanico\/#primaryimage"},"thumbnailUrl":"https:\/\/patrocinados.estadao.com.br\/spbemnafoto\/wp-content\/uploads\/2020\/01\/lazer_jdbotanico02.jpg","articleSection":["Lazer"],"inLanguage":"pt-BR","potentialAction":[{"@type":"CommentAction","name":"Comment","target":["https:\/\/patrocinados.estadao.com.br\/spbemnafoto\/conhecer-o-jardim-botanico\/#respond"]}]},{"@type":"WebPage","@id":"https:\/\/patrocinados.estadao.com.br\/spbemnafoto\/conhecer-o-jardim-botanico\/","url":"https:\/\/patrocinados.estadao.com.br\/spbemnafoto\/conhecer-o-jardim-botanico\/","name":"Conhecer o Jardim Bot\u00e2nico - S\u00e3o Paulo Bem na Foto 3a Edi\u00e7\u00e3o","isPartOf":{"@id":"https:\/\/patrocinados.estadao.com.br\/spbemnafoto\/#website"},"primaryImageOfPage":{"@id":"https:\/\/patrocinados.estadao.com.br\/spbemnafoto\/conhecer-o-jardim-botanico\/#primaryimage"},"image":{"@id":"https:\/\/patrocinados.estadao.com.br\/spbemnafoto\/conhecer-o-jardim-botanico\/#primaryimage"},"thumbnailUrl":"https:\/\/patrocinados.estadao.com.br\/spbemnafoto\/wp-content\/uploads\/2020\/01\/lazer_jdbotanico02.jpg","datePublished":"2020-01-22T16:00:19+00:00","dateModified":"2020-01-27T13:43:52+00:00","author":{"@id":"https:\/\/patrocinados.estadao.com.br\/spbemnafoto\/#\/schema\/person\/a4ee91793954932c28a2ff291f70943e"},"description":"Inspirado em jardins europeus - Hist\u00f3ria da bot\u00e2nica nacional e Mata Atl\u00e2ntica preservada ao alcance do p\u00fablico","breadcrumb":{"@id":"https:\/\/patrocinados.estadao.com.br\/spbemnafoto\/conhecer-o-jardim-botanico\/#breadcrumb"},"inLanguage":"pt-BR","potentialAction":[{"@type":"ReadAction","target":["https:\/\/patrocinados.estadao.com.br\/spbemnafoto\/conhecer-o-jardim-botanico\/"]}]},{"@type":"ImageObject","inLanguage":"pt-BR","@id":"https:\/\/patrocinados.estadao.com.br\/spbemnafoto\/conhecer-o-jardim-botanico\/#primaryimage","url":"https:\/\/patrocinados.estadao.com.br\/spbemnafoto\/wp-content\/uploads\/2020\/01\/lazer_jdbotanico02.jpg","contentUrl":"https:\/\/patrocinados.estadao.com.br\/spbemnafoto\/wp-content\/uploads\/2020\/01\/lazer_jdbotanico02.jpg","width":2048,"height":1360,"caption":"BOT5 03.11.2004 16:55 S\u00c3O PAULO CIDADES JARDIM BOTANICO. O Jardim Botanico \u00e8 uma op\u00e7\u00e3o de passeio pouco conhecida pelas paulistanos. JOS\u00c8 PATRICIO\/AE"},{"@type":"BreadcrumbList","@id":"https:\/\/patrocinados.estadao.com.br\/spbemnafoto\/conhecer-o-jardim-botanico\/#breadcrumb","itemListElement":[{"@type":"ListItem","position":1,"name":"In\u00edcio","item":"https:\/\/patrocinados.estadao.com.br\/spbemnafoto\/"},{"@type":"ListItem","position":2,"name":"Conhecer o Jardim Bot\u00e2nico"}]},{"@type":"WebSite","@id":"https:\/\/patrocinados.estadao.com.br\/spbemnafoto\/#website","url":"https:\/\/patrocinados.estadao.com.br\/spbemnafoto\/","name":"S\u00e3o Paulo Bem na Foto 3a Edi\u00e7\u00e3o","description":"25 pontos interessantes da capital que est\u00e1 completando 466 anos de hist\u00f3ria","potentialAction":[{"@type":"SearchAction","target":{"@type":"EntryPoint","urlTemplate":"https:\/\/patrocinados.estadao.com.br\/spbemnafoto\/?s={search_term_string}"},"query-input":{"@type":"PropertyValueSpecification","valueRequired":true,"valueName":"search_term_string"}}],"inLanguage":"pt-BR"},{"@type":"Person","@id":"https:\/\/patrocinados.estadao.com.br\/spbemnafoto\/#\/schema\/person\/a4ee91793954932c28a2ff291f70943e","name":"Henrique Gois","image":{"@type":"ImageObject","inLanguage":"pt-BR","@id":"https:\/\/patrocinados.estadao.com.br\/spbemnafoto\/#\/schema\/person\/image\/","url":"https:\/\/secure.gravatar.com\/avatar\/9d33d40efdce4963188a84bd4777a5f81f7c8e9cfcc15e6853c05f5cfee4c0ab?s=96&d=mm&r=g","contentUrl":"https:\/\/secure.gravatar.com\/avatar\/9d33d40efdce4963188a84bd4777a5f81f7c8e9cfcc15e6853c05f5cfee4c0ab?s=96&d=mm&r=g","caption":"Henrique Gois"},"sameAs":["http:\/\/www.geosfera.com.br\/"],"url":"https:\/\/patrocinados.estadao.com.br\/spbemnafoto\/author\/henrique_geosfera\/"}]}},"_links":{"self":[{"href":"https:\/\/patrocinados.estadao.com.br\/spbemnafoto\/wp-json\/wp\/v2\/posts\/23","targetHints":{"allow":["GET"]}}],"collection":[{"href":"https:\/\/patrocinados.estadao.com.br\/spbemnafoto\/wp-json\/wp\/v2\/posts"}],"about":[{"href":"https:\/\/patrocinados.estadao.com.br\/spbemnafoto\/wp-json\/wp\/v2\/types\/post"}],"author":[{"embeddable":true,"href":"https:\/\/patrocinados.estadao.com.br\/spbemnafoto\/wp-json\/wp\/v2\/users\/2"}],"replies":[{"embeddable":true,"href":"https:\/\/patrocinados.estadao.com.br\/spbemnafoto\/wp-json\/wp\/v2\/comments?post=23"}],"version-history":[{"count":11,"href":"https:\/\/patrocinados.estadao.com.br\/spbemnafoto\/wp-json\/wp\/v2\/posts\/23\/revisions"}],"predecessor-version":[{"id":324,"href":"https:\/\/patrocinados.estadao.com.br\/spbemnafoto\/wp-json\/wp\/v2\/posts\/23\/revisions\/324"}],"wp:featuredmedia":[{"embeddable":true,"href":"https:\/\/patrocinados.estadao.com.br\/spbemnafoto\/wp-json\/wp\/v2\/media\/24"}],"wp:attachment":[{"href":"https:\/\/patrocinados.estadao.com.br\/spbemnafoto\/wp-json\/wp\/v2\/media?parent=23"}],"wp:term":[{"taxonomy":"category","embeddable":true,"href":"https:\/\/patrocinados.estadao.com.br\/spbemnafoto\/wp-json\/wp\/v2\/categories?post=23"},{"taxonomy":"post_tag","embeddable":true,"href":"https:\/\/patrocinados.estadao.com.br\/spbemnafoto\/wp-json\/wp\/v2\/tags?post=23"}],"curies":[{"name":"wp","href":"https:\/\/api.w.org\/{rel}","templated":true}]}}