{"id":4,"count":6,"description":"Entre os parques, o Horto Florestal e o Jardim Bot\u00e2nico. No centro, as agitadas 25 de Mar\u00e7o e Galeria do Rock. Conhe\u00e7a a lista de atividades de lazer que s\u00e3o imperd\u00edveis em S\u00e3o Paulo, segundo vota\u00e7\u00e3o eletr\u00f4nica com os leitores do Estado.","link":"https:\/\/patrocinados.estadao.com.br\/spbemnafoto\/categoria\/lazer\/","name":"Lazer","slug":"lazer","taxonomy":"category","parent":0,"meta":[],"acf":[],"yoast_head":"<!-- This site is optimized with the Yoast SEO plugin v27.1.1 - https:\/\/yoast.com\/product\/yoast-seo-wordpress\/ -->\n<title>Arquivos Lazer - S\u00e3o Paulo Bem na Foto 3a Edi\u00e7\u00e3o<\/title>\n<meta name=\"robots\" content=\"index, follow, max-snippet:-1, max-image-preview:large, max-video-preview:-1\" \/>\n<link rel=\"canonical\" href=\"https:\/\/patrocinados.estadao.com.br\/spbemnafoto\/categoria\/lazer\/\" \/>\n<meta property=\"og:locale\" content=\"pt_BR\" \/>\n<meta property=\"og:type\" content=\"article\" \/>\n<meta property=\"og:title\" content=\"Arquivos Lazer - S\u00e3o Paulo Bem na Foto 3a Edi\u00e7\u00e3o\" \/>\n<meta property=\"og:description\" content=\"Entre os parques, o Horto Florestal e o Jardim Bot\u00e2nico. No centro, as agitadas 25 de Mar\u00e7o e Galeria do Rock. Conhe\u00e7a a lista de atividades de lazer que s\u00e3o imperd\u00edveis em S\u00e3o Paulo, segundo vota\u00e7\u00e3o eletr\u00f4nica com os leitores do Estado.\" \/>\n<meta property=\"og:url\" content=\"https:\/\/patrocinados.estadao.com.br\/spbemnafoto\/categoria\/lazer\/\" \/>\n<meta property=\"og:site_name\" content=\"S\u00e3o Paulo Bem na Foto 3a Edi\u00e7\u00e3o\" \/>\n<meta name=\"twitter:card\" content=\"summary_large_image\" \/>\n<script type=\"application\/ld+json\" class=\"yoast-schema-graph\">{\"@context\":\"https:\/\/schema.org\",\"@graph\":[{\"@type\":\"CollectionPage\",\"@id\":\"https:\/\/patrocinados.estadao.com.br\/spbemnafoto\/categoria\/lazer\/\",\"url\":\"https:\/\/patrocinados.estadao.com.br\/spbemnafoto\/categoria\/lazer\/\",\"name\":\"Arquivos Lazer - S\u00e3o Paulo Bem na Foto 3a Edi\u00e7\u00e3o\",\"isPartOf\":{\"@id\":\"https:\/\/patrocinados.estadao.com.br\/spbemnafoto\/#website\"},\"breadcrumb\":{\"@id\":\"https:\/\/patrocinados.estadao.com.br\/spbemnafoto\/categoria\/lazer\/#breadcrumb\"},\"inLanguage\":\"pt-BR\"},{\"@type\":\"BreadcrumbList\",\"@id\":\"https:\/\/patrocinados.estadao.com.br\/spbemnafoto\/categoria\/lazer\/#breadcrumb\",\"itemListElement\":[{\"@type\":\"ListItem\",\"position\":1,\"name\":\"In\u00edcio\",\"item\":\"https:\/\/patrocinados.estadao.com.br\/spbemnafoto\/\"},{\"@type\":\"ListItem\",\"position\":2,\"name\":\"Lazer\"}]},{\"@type\":\"WebSite\",\"@id\":\"https:\/\/patrocinados.estadao.com.br\/spbemnafoto\/#website\",\"url\":\"https:\/\/patrocinados.estadao.com.br\/spbemnafoto\/\",\"name\":\"S\u00e3o Paulo Bem na Foto 3a Edi\u00e7\u00e3o\",\"description\":\"25 pontos interessantes da capital que est\u00e1 completando 466 anos de hist\u00f3ria\",\"potentialAction\":[{\"@type\":\"SearchAction\",\"target\":{\"@type\":\"EntryPoint\",\"urlTemplate\":\"https:\/\/patrocinados.estadao.com.br\/spbemnafoto\/?s={search_term_string}\"},\"query-input\":{\"@type\":\"PropertyValueSpecification\",\"valueRequired\":true,\"valueName\":\"search_term_string\"}}],\"inLanguage\":\"pt-BR\"}]}<\/script>\n<!-- \/ Yoast SEO plugin. -->","yoast_head_json":{"title":"Arquivos Lazer - S\u00e3o Paulo Bem na Foto 3a Edi\u00e7\u00e3o","robots":{"index":"index","follow":"follow","max-snippet":"max-snippet:-1","max-image-preview":"max-image-preview:large","max-video-preview":"max-video-preview:-1"},"canonical":"https:\/\/patrocinados.estadao.com.br\/spbemnafoto\/categoria\/lazer\/","og_locale":"pt_BR","og_type":"article","og_title":"Arquivos Lazer - S\u00e3o Paulo Bem na Foto 3a Edi\u00e7\u00e3o","og_description":"Entre os parques, o Horto Florestal e o Jardim Bot\u00e2nico. No centro, as agitadas 25 de Mar\u00e7o e Galeria do Rock. Conhe\u00e7a a lista de atividades de lazer que s\u00e3o imperd\u00edveis em S\u00e3o Paulo, segundo vota\u00e7\u00e3o eletr\u00f4nica com os leitores do Estado.","og_url":"https:\/\/patrocinados.estadao.com.br\/spbemnafoto\/categoria\/lazer\/","og_site_name":"S\u00e3o Paulo Bem na Foto 3a Edi\u00e7\u00e3o","twitter_card":"summary_large_image","schema":{"@context":"https:\/\/schema.org","@graph":[{"@type":"CollectionPage","@id":"https:\/\/patrocinados.estadao.com.br\/spbemnafoto\/categoria\/lazer\/","url":"https:\/\/patrocinados.estadao.com.br\/spbemnafoto\/categoria\/lazer\/","name":"Arquivos Lazer - S\u00e3o Paulo Bem na Foto 3a Edi\u00e7\u00e3o","isPartOf":{"@id":"https:\/\/patrocinados.estadao.com.br\/spbemnafoto\/#website"},"breadcrumb":{"@id":"https:\/\/patrocinados.estadao.com.br\/spbemnafoto\/categoria\/lazer\/#breadcrumb"},"inLanguage":"pt-BR"},{"@type":"BreadcrumbList","@id":"https:\/\/patrocinados.estadao.com.br\/spbemnafoto\/categoria\/lazer\/#breadcrumb","itemListElement":[{"@type":"ListItem","position":1,"name":"In\u00edcio","item":"https:\/\/patrocinados.estadao.com.br\/spbemnafoto\/"},{"@type":"ListItem","position":2,"name":"Lazer"}]},{"@type":"WebSite","@id":"https:\/\/patrocinados.estadao.com.br\/spbemnafoto\/#website","url":"https:\/\/patrocinados.estadao.com.br\/spbemnafoto\/","name":"S\u00e3o Paulo Bem na Foto 3a Edi\u00e7\u00e3o","description":"25 pontos interessantes da capital que est\u00e1 completando 466 anos de hist\u00f3ria","potentialAction":[{"@type":"SearchAction","target":{"@type":"EntryPoint","urlTemplate":"https:\/\/patrocinados.estadao.com.br\/spbemnafoto\/?s={search_term_string}"},"query-input":{"@type":"PropertyValueSpecification","valueRequired":true,"valueName":"search_term_string"}}],"inLanguage":"pt-BR"}]}},"_links":{"self":[{"href":"https:\/\/patrocinados.estadao.com.br\/spbemnafoto\/wp-json\/wp\/v2\/categories\/4","targetHints":{"allow":["GET"]}}],"collection":[{"href":"https:\/\/patrocinados.estadao.com.br\/spbemnafoto\/wp-json\/wp\/v2\/categories"}],"about":[{"href":"https:\/\/patrocinados.estadao.com.br\/spbemnafoto\/wp-json\/wp\/v2\/taxonomies\/category"}],"wp:post_type":[{"href":"https:\/\/patrocinados.estadao.com.br\/spbemnafoto\/wp-json\/wp\/v2\/posts?categories=4"}],"curies":[{"name":"wp","href":"https:\/\/api.w.org\/{rel}","templated":true}]}}