{"id":97,"date":"2014-12-23T15:35:21","date_gmt":"2014-12-23T15:35:21","guid":{"rendered":"https:\/\/patrocinados.estadao.com.br\/deloitte-esg-esg\/?p=97"},"modified":"2021-09-20T13:01:51","modified_gmt":"2021-09-20T16:01:51","slug":"os-desafios-para-os-conselhos-de-administracao-em-2015","status":"publish","type":"post","link":"https:\/\/patrocinados.estadao.com.br\/deloitte-jornada-da-sustentabilidade\/2014\/12\/23\/os-desafios-para-os-conselhos-de-administracao-em-2015\/","title":{"rendered":"Os desafios para os conselhos de administra\u00e7\u00e3o em 2015"},"content":{"rendered":"<p>Em um cen\u00e1rio de neg\u00f3cios\u00a0din\u00e2mico e em constante\u00a0desenvolvimento, \u00e9 natural\u00a0que as preocupa\u00e7\u00f5es e os desafios\u00a0dos conselhos de administra\u00e7\u00e3o\u00a0das empresas tamb\u00e9m mudem,\u00a0diante de um mercado cada vez\u00a0mais exigente.<\/p>\n<p>\u201cEm alguns pa\u00edses, os conselheiros\u00a0est\u00e3o satisfeitos com suas\u00a0pr\u00e1ticas de gest\u00e3o de compliance,\u00a0enquanto, em outros, notam uma\u00a0falta de flexibilidade \u2013 tanto dos\u00a0conselhos quanto dos reguladores\u00a0\u2013 em achar um equil\u00edbrio entre as\u00a0exig\u00eancias regulat\u00f3rias e as formas\u00a0de se fazer neg\u00f3cios em sua regi\u00e3o,\u00a0buscando avan\u00e7ar nesse sentido\u201d,<br \/>\nexplica Gustavo Lucena, s\u00f3cio da\u00a0\u00e1rea de Consultoria em Gest\u00e3o de\u00a0Riscos Empresariais da Deloitte.<\/p>\n<p>A pesquisa \u201cDirector 360\u00b0 \u2013\u00a0Crescimento de todas as dire\u00e7\u00f5es\u201d,\u00a0conduzida pela Deloitte\u00a0com 317 membros de conselhos\u00a0de 15 pa\u00edses, aponta que hoje as\u00a0aten\u00e7\u00f5es est\u00e3o voltadas para alguns\u00a0pilares fundamentais (veja\u00a0a seguir) e que devem ser tema de\u00a0preocupa\u00e7\u00e3o dos conselheiros ao\u00a0longo de 2015:<\/p>\n<p><strong>Rela\u00e7\u00e3o com os\u00a0acionistas<\/strong><br \/>\nA maioria dos executivos entrevistados\u00a0(70%) tem como expectativa o maior envolvimento dos\u00a0acionistas nas empresas nos pr\u00f3ximos\u00a0anos e reconhecem a necessidade\u00a0de uma postura mais proativa\u00a0por parte dos conselhos para\u00a0estreitar e manter uma rela\u00e7\u00e3o de\u00a0confian\u00e7a com esse p\u00fablico, hoje\u00a0mais atuante e interessado pelos\u00a0neg\u00f3cios da companhia.<\/p>\n<p>\u201cO conselho deve atuar respeitando\u00a0os princ\u00edpios da equidade\u00a0dos acionistas. H\u00e1 hoje uma diferen\u00e7a\u00a0entre a presta\u00e7\u00e3o de contas\u00a0para o acionista controlador e para\u00a0os acionistas minorit\u00e1rios. Ambos\u00a0est\u00e3o mais atuantes, com necessidades\u00a0similares, por\u00e9m, com objetivos\u00a0distintos. Essa diversidade\u00a0de interesses provoca o conselho<br \/>\nde administra\u00e7\u00e3o a se municiar\u00a0de mais informa\u00e7\u00f5es para tomar\u00a0as decis\u00f5es com base em fontes\u00a0seguras, precisas, com qualidade\u00a0e com maior transpar\u00eancia\u201d, esclarece\u00a0Lucena.<\/p>\n<p><strong>Compliance e gest\u00e3o\u00a0de riscos<\/strong><br \/>\nOs conselheiros de todo o mundo\u00a0t\u00eam ampliado e aprofundado\u00a0suas atividades na supervis\u00e3o dos\u00a0riscos da empresa. \u201cN\u00e3o est\u00e3o apenas\u00a0assumindo uma postura mais\u00a0ativa na defini\u00e7\u00e3o da pol\u00edtica de risco\u00a0da organiza\u00e7\u00e3o, mas tamb\u00e9m na\u00a0supervis\u00e3o, em mat\u00e9ria de conformidade e de combate \u00e0 corrup\u00e7\u00e3o\u201d,\u00a0afirma Lucena.<\/p>\n<p>Segundo o estudo da Deloitte, as principais preocupa\u00e7\u00f5es est\u00e3o voltadas \u00e0 reputa\u00e7\u00e3o e \u00e0 reten\u00e7\u00e3o de clientes que possuem maior identifica\u00e7\u00e3o com sua marca. \u201cOs riscos de reputa\u00e7\u00e3o podem ser incontrol\u00e1veis. Monitorar m\u00eddias sociais hoje, por exemplo, ser\u00e1 antever riscos de ruptura da marca com clientes e fornecedores\u201d, destaca.<\/p>\n<p>Lucena tamb\u00e9m aponta que, no Brasil, a realidade dos conselhos n\u00e3o \u00e9 diferente em termos de foco. \u201cPor\u00e9m, existe ainda aqui um passo importante a ser dado, relacionado aos investimentos em tecnologia, seguran\u00e7a e compliance\u201d.<\/p>\n<p><strong>Efici\u00eancia e efic\u00e1cia<\/strong><br \/>\nO s\u00f3cio da Deloitte argumenta\u00a0que, com as ferramentas e os conhecimentos\u00a0necess\u00e1rios para operar\u00a0de forma eficaz, os conselheiros\u00a0t\u00eam o dever de proporcionar uma\u00a0administra\u00e7\u00e3o voltada aos interesses\u00a0dos acionistas.<\/p>\n<p>No Brasil, considerando a composi\u00e7\u00e3o dos conselhos, a maioria tem membros com qualidades e compet\u00eancias comuns, bastante parecidas. No entanto, come\u00e7a-se a buscar diversidade de conhecimento para compor esse quadro, o que \u00e9 altamente positivo. \u201cEssa diversidade trar\u00e1 novas vis\u00f5es para os conselhos de administra\u00e7\u00e3o no Brasil, para enfrentar novos desafios que o mercado e os acionistas est\u00e3o gerando\u201d, explica.<\/p>\n<p><strong>Resultados \u201cDirector 360\u201d<\/strong><br \/>\nConfira os resultados completos\u00a0do estudo em <a href=\"http:\/\/www.deloitte.com.br\" target=\"_blank\" rel=\"noopener\">www.deloitte.com.br<\/a>. Aproveite para acessar tamb\u00e9m\u00a0neste site outros conte\u00fados sobre\u00a0governan\u00e7a corporativa.<\/p>\n<p>&nbsp;<\/p>\n","protected":false},"excerpt":{"rendered":"<p>Veja o que mostra a pesquisa \u201cDirector 360\u00b0 \u2013 Crescimento de todas as dire\u00e7\u00f5es\u201d, com membros de conselhos de 15 pa\u00edses<\/p>\n","protected":false},"author":2,"featured_media":1714,"comment_status":"open","ping_status":"closed","sticky":false,"template":"","format":"standard","meta":{"_acf_changed":false,"footnotes":""},"categories":[1],"tags":[],"class_list":["post-97","post","type-post","status-publish","format-standard","has-post-thumbnail","hentry","category-sem-categoria"],"acf":[],"yoast_head":"<!-- This site is optimized with the Yoast SEO plugin v27.1.1 - https:\/\/yoast.com\/product\/yoast-seo-wordpress\/ -->\n<title>Os desafios para os conselhos de administra\u00e7\u00e3o em 2015 - Jornada da Sustentabilidade, oferecido por Deloitte<\/title>\n<meta name=\"robots\" content=\"index, follow, max-snippet:-1, max-image-preview:large, max-video-preview:-1\" \/>\n<link rel=\"canonical\" href=\"https:\/\/patrocinados.estadao.com.br\/deloitte-jornada-da-sustentabilidade\/2014\/12\/23\/os-desafios-para-os-conselhos-de-administracao-em-2015\/\" \/>\n<meta property=\"og:locale\" content=\"pt_BR\" \/>\n<meta property=\"og:type\" content=\"article\" \/>\n<meta property=\"og:title\" content=\"Os desafios para os conselhos de administra\u00e7\u00e3o em 2015 - Jornada da Sustentabilidade, oferecido por Deloitte\" \/>\n<meta property=\"og:description\" content=\"Veja o que mostra a pesquisa \u201cDirector 360\u00b0 \u2013 Crescimento de todas as dire\u00e7\u00f5es\u201d, com membros de conselhos de 15 pa\u00edses\" \/>\n<meta property=\"og:url\" content=\"https:\/\/patrocinados.estadao.com.br\/deloitte-jornada-da-sustentabilidade\/2014\/12\/23\/os-desafios-para-os-conselhos-de-administracao-em-2015\/\" \/>\n<meta property=\"og:site_name\" content=\"Jornada da Sustentabilidade, oferecido por Deloitte\" \/>\n<meta property=\"article:published_time\" content=\"2014-12-23T15:35:21+00:00\" \/>\n<meta property=\"article:modified_time\" content=\"2021-09-20T16:01:51+00:00\" \/>\n<meta property=\"og:image\" content=\"https:\/\/patrocinados.estadao.com.br\/deloitte-jornada-da-sustentabilidade\/wp-content\/uploads\/2021\/09\/5_932.jpg\" \/>\n\t<meta property=\"og:image:width\" content=\"932\" \/>\n\t<meta property=\"og:image:height\" content=\"524\" \/>\n\t<meta property=\"og:image:type\" content=\"image\/jpeg\" \/>\n<meta name=\"author\" content=\"Geosfera\" \/>\n<meta name=\"twitter:card\" content=\"summary_large_image\" \/>\n<meta name=\"twitter:label1\" content=\"Escrito por\" \/>\n\t<meta name=\"twitter:data1\" content=\"Geosfera\" \/>\n\t<meta name=\"twitter:label2\" content=\"Est. tempo de leitura\" \/>\n\t<meta name=\"twitter:data2\" content=\"3 minutos\" \/>\n<script type=\"application\/ld+json\" class=\"yoast-schema-graph\">{\"@context\":\"https:\/\/schema.org\",\"@graph\":[{\"@type\":\"Article\",\"@id\":\"https:\/\/patrocinados.estadao.com.br\/deloitte-jornada-da-sustentabilidade\/2014\/12\/23\/os-desafios-para-os-conselhos-de-administracao-em-2015\/#article\",\"isPartOf\":{\"@id\":\"https:\/\/patrocinados.estadao.com.br\/deloitte-jornada-da-sustentabilidade\/2014\/12\/23\/os-desafios-para-os-conselhos-de-administracao-em-2015\/\"},\"author\":{\"name\":\"Geosfera\",\"@id\":\"https:\/\/patrocinados.estadao.com.br\/deloitte-jornada-da-sustentabilidade\/#\/schema\/person\/9be56940425d4f31e0c82015d0fd725f\"},\"headline\":\"Os desafios para os conselhos de administra\u00e7\u00e3o em 2015\",\"datePublished\":\"2014-12-23T15:35:21+00:00\",\"dateModified\":\"2021-09-20T16:01:51+00:00\",\"mainEntityOfPage\":{\"@id\":\"https:\/\/patrocinados.estadao.com.br\/deloitte-jornada-da-sustentabilidade\/2014\/12\/23\/os-desafios-para-os-conselhos-de-administracao-em-2015\/\"},\"wordCount\":609,\"commentCount\":0,\"image\":{\"@id\":\"https:\/\/patrocinados.estadao.com.br\/deloitte-jornada-da-sustentabilidade\/2014\/12\/23\/os-desafios-para-os-conselhos-de-administracao-em-2015\/#primaryimage\"},\"thumbnailUrl\":\"https:\/\/patrocinados.estadao.com.br\/deloitte-jornada-da-sustentabilidade\/wp-content\/uploads\/2021\/09\/5_932.jpg\",\"inLanguage\":\"pt-BR\",\"potentialAction\":[{\"@type\":\"CommentAction\",\"name\":\"Comment\",\"target\":[\"https:\/\/patrocinados.estadao.com.br\/deloitte-jornada-da-sustentabilidade\/2014\/12\/23\/os-desafios-para-os-conselhos-de-administracao-em-2015\/#respond\"]}]},{\"@type\":\"WebPage\",\"@id\":\"https:\/\/patrocinados.estadao.com.br\/deloitte-jornada-da-sustentabilidade\/2014\/12\/23\/os-desafios-para-os-conselhos-de-administracao-em-2015\/\",\"url\":\"https:\/\/patrocinados.estadao.com.br\/deloitte-jornada-da-sustentabilidade\/2014\/12\/23\/os-desafios-para-os-conselhos-de-administracao-em-2015\/\",\"name\":\"Os desafios para os conselhos de administra\u00e7\u00e3o em 2015 - Jornada da Sustentabilidade, oferecido por Deloitte\",\"isPartOf\":{\"@id\":\"https:\/\/patrocinados.estadao.com.br\/deloitte-jornada-da-sustentabilidade\/#website\"},\"primaryImageOfPage\":{\"@id\":\"https:\/\/patrocinados.estadao.com.br\/deloitte-jornada-da-sustentabilidade\/2014\/12\/23\/os-desafios-para-os-conselhos-de-administracao-em-2015\/#primaryimage\"},\"image\":{\"@id\":\"https:\/\/patrocinados.estadao.com.br\/deloitte-jornada-da-sustentabilidade\/2014\/12\/23\/os-desafios-para-os-conselhos-de-administracao-em-2015\/#primaryimage\"},\"thumbnailUrl\":\"https:\/\/patrocinados.estadao.com.br\/deloitte-jornada-da-sustentabilidade\/wp-content\/uploads\/2021\/09\/5_932.jpg\",\"datePublished\":\"2014-12-23T15:35:21+00:00\",\"dateModified\":\"2021-09-20T16:01:51+00:00\",\"author\":{\"@id\":\"https:\/\/patrocinados.estadao.com.br\/deloitte-jornada-da-sustentabilidade\/#\/schema\/person\/9be56940425d4f31e0c82015d0fd725f\"},\"breadcrumb\":{\"@id\":\"https:\/\/patrocinados.estadao.com.br\/deloitte-jornada-da-sustentabilidade\/2014\/12\/23\/os-desafios-para-os-conselhos-de-administracao-em-2015\/#breadcrumb\"},\"inLanguage\":\"pt-BR\",\"potentialAction\":[{\"@type\":\"ReadAction\",\"target\":[\"https:\/\/patrocinados.estadao.com.br\/deloitte-jornada-da-sustentabilidade\/2014\/12\/23\/os-desafios-para-os-conselhos-de-administracao-em-2015\/\"]}]},{\"@type\":\"ImageObject\",\"inLanguage\":\"pt-BR\",\"@id\":\"https:\/\/patrocinados.estadao.com.br\/deloitte-jornada-da-sustentabilidade\/2014\/12\/23\/os-desafios-para-os-conselhos-de-administracao-em-2015\/#primaryimage\",\"url\":\"https:\/\/patrocinados.estadao.com.br\/deloitte-jornada-da-sustentabilidade\/wp-content\/uploads\/2021\/09\/5_932.jpg\",\"contentUrl\":\"https:\/\/patrocinados.estadao.com.br\/deloitte-jornada-da-sustentabilidade\/wp-content\/uploads\/2021\/09\/5_932.jpg\",\"width\":932,\"height\":524},{\"@type\":\"BreadcrumbList\",\"@id\":\"https:\/\/patrocinados.estadao.com.br\/deloitte-jornada-da-sustentabilidade\/2014\/12\/23\/os-desafios-para-os-conselhos-de-administracao-em-2015\/#breadcrumb\",\"itemListElement\":[{\"@type\":\"ListItem\",\"position\":1,\"name\":\"In\u00edcio\",\"item\":\"https:\/\/patrocinados.estadao.com.br\/deloitte-jornada-da-sustentabilidade\/\"},{\"@type\":\"ListItem\",\"position\":2,\"name\":\"Os desafios para os conselhos de administra\u00e7\u00e3o em 2015\"}]},{\"@type\":\"WebSite\",\"@id\":\"https:\/\/patrocinados.estadao.com.br\/deloitte-jornada-da-sustentabilidade\/#website\",\"url\":\"https:\/\/patrocinados.estadao.com.br\/deloitte-jornada-da-sustentabilidade\/\",\"name\":\"Jornada da Sustentabilidade, oferecido por Deloitte\",\"description\":\"Solu\u00e7\u00f5es de governan\u00e7a corporativa para seus desafios de neg\u00f3cios\",\"potentialAction\":[{\"@type\":\"SearchAction\",\"target\":{\"@type\":\"EntryPoint\",\"urlTemplate\":\"https:\/\/patrocinados.estadao.com.br\/deloitte-jornada-da-sustentabilidade\/?s={search_term_string}\"},\"query-input\":{\"@type\":\"PropertyValueSpecification\",\"valueRequired\":true,\"valueName\":\"search_term_string\"}}],\"inLanguage\":\"pt-BR\"},{\"@type\":\"Person\",\"@id\":\"https:\/\/patrocinados.estadao.com.br\/deloitte-jornada-da-sustentabilidade\/#\/schema\/person\/9be56940425d4f31e0c82015d0fd725f\",\"name\":\"Geosfera\",\"image\":{\"@type\":\"ImageObject\",\"inLanguage\":\"pt-BR\",\"@id\":\"https:\/\/patrocinados.estadao.com.br\/deloitte-jornada-da-sustentabilidade\/#\/schema\/person\/image\/\",\"url\":\"https:\/\/secure.gravatar.com\/avatar\/9d33d40efdce4963188a84bd4777a5f81f7c8e9cfcc15e6853c05f5cfee4c0ab?s=96&d=mm&r=g\",\"contentUrl\":\"https:\/\/secure.gravatar.com\/avatar\/9d33d40efdce4963188a84bd4777a5f81f7c8e9cfcc15e6853c05f5cfee4c0ab?s=96&d=mm&r=g\",\"caption\":\"Geosfera\"},\"sameAs\":[\"http:\/\/geosfera.com.br\"],\"url\":\"https:\/\/patrocinados.estadao.com.br\/deloitte-jornada-da-sustentabilidade\/author\/geosfera_deloitte\/\"}]}<\/script>\n<!-- \/ Yoast SEO plugin. -->","yoast_head_json":{"title":"Os desafios para os conselhos de administra\u00e7\u00e3o em 2015 - Jornada da Sustentabilidade, oferecido por Deloitte","robots":{"index":"index","follow":"follow","max-snippet":"max-snippet:-1","max-image-preview":"max-image-preview:large","max-video-preview":"max-video-preview:-1"},"canonical":"https:\/\/patrocinados.estadao.com.br\/deloitte-jornada-da-sustentabilidade\/2014\/12\/23\/os-desafios-para-os-conselhos-de-administracao-em-2015\/","og_locale":"pt_BR","og_type":"article","og_title":"Os desafios para os conselhos de administra\u00e7\u00e3o em 2015 - Jornada da Sustentabilidade, oferecido por Deloitte","og_description":"Veja o que mostra a pesquisa \u201cDirector 360\u00b0 \u2013 Crescimento de todas as dire\u00e7\u00f5es\u201d, com membros de conselhos de 15 pa\u00edses","og_url":"https:\/\/patrocinados.estadao.com.br\/deloitte-jornada-da-sustentabilidade\/2014\/12\/23\/os-desafios-para-os-conselhos-de-administracao-em-2015\/","og_site_name":"Jornada da Sustentabilidade, oferecido por Deloitte","article_published_time":"2014-12-23T15:35:21+00:00","article_modified_time":"2021-09-20T16:01:51+00:00","og_image":[{"width":932,"height":524,"url":"https:\/\/patrocinados.estadao.com.br\/deloitte-jornada-da-sustentabilidade\/wp-content\/uploads\/2021\/09\/5_932.jpg","type":"image\/jpeg"}],"author":"Geosfera","twitter_card":"summary_large_image","twitter_misc":{"Escrito por":"Geosfera","Est. tempo de leitura":"3 minutos"},"schema":{"@context":"https:\/\/schema.org","@graph":[{"@type":"Article","@id":"https:\/\/patrocinados.estadao.com.br\/deloitte-jornada-da-sustentabilidade\/2014\/12\/23\/os-desafios-para-os-conselhos-de-administracao-em-2015\/#article","isPartOf":{"@id":"https:\/\/patrocinados.estadao.com.br\/deloitte-jornada-da-sustentabilidade\/2014\/12\/23\/os-desafios-para-os-conselhos-de-administracao-em-2015\/"},"author":{"name":"Geosfera","@id":"https:\/\/patrocinados.estadao.com.br\/deloitte-jornada-da-sustentabilidade\/#\/schema\/person\/9be56940425d4f31e0c82015d0fd725f"},"headline":"Os desafios para os conselhos de administra\u00e7\u00e3o em 2015","datePublished":"2014-12-23T15:35:21+00:00","dateModified":"2021-09-20T16:01:51+00:00","mainEntityOfPage":{"@id":"https:\/\/patrocinados.estadao.com.br\/deloitte-jornada-da-sustentabilidade\/2014\/12\/23\/os-desafios-para-os-conselhos-de-administracao-em-2015\/"},"wordCount":609,"commentCount":0,"image":{"@id":"https:\/\/patrocinados.estadao.com.br\/deloitte-jornada-da-sustentabilidade\/2014\/12\/23\/os-desafios-para-os-conselhos-de-administracao-em-2015\/#primaryimage"},"thumbnailUrl":"https:\/\/patrocinados.estadao.com.br\/deloitte-jornada-da-sustentabilidade\/wp-content\/uploads\/2021\/09\/5_932.jpg","inLanguage":"pt-BR","potentialAction":[{"@type":"CommentAction","name":"Comment","target":["https:\/\/patrocinados.estadao.com.br\/deloitte-jornada-da-sustentabilidade\/2014\/12\/23\/os-desafios-para-os-conselhos-de-administracao-em-2015\/#respond"]}]},{"@type":"WebPage","@id":"https:\/\/patrocinados.estadao.com.br\/deloitte-jornada-da-sustentabilidade\/2014\/12\/23\/os-desafios-para-os-conselhos-de-administracao-em-2015\/","url":"https:\/\/patrocinados.estadao.com.br\/deloitte-jornada-da-sustentabilidade\/2014\/12\/23\/os-desafios-para-os-conselhos-de-administracao-em-2015\/","name":"Os desafios para os conselhos de administra\u00e7\u00e3o em 2015 - Jornada da Sustentabilidade, oferecido por Deloitte","isPartOf":{"@id":"https:\/\/patrocinados.estadao.com.br\/deloitte-jornada-da-sustentabilidade\/#website"},"primaryImageOfPage":{"@id":"https:\/\/patrocinados.estadao.com.br\/deloitte-jornada-da-sustentabilidade\/2014\/12\/23\/os-desafios-para-os-conselhos-de-administracao-em-2015\/#primaryimage"},"image":{"@id":"https:\/\/patrocinados.estadao.com.br\/deloitte-jornada-da-sustentabilidade\/2014\/12\/23\/os-desafios-para-os-conselhos-de-administracao-em-2015\/#primaryimage"},"thumbnailUrl":"https:\/\/patrocinados.estadao.com.br\/deloitte-jornada-da-sustentabilidade\/wp-content\/uploads\/2021\/09\/5_932.jpg","datePublished":"2014-12-23T15:35:21+00:00","dateModified":"2021-09-20T16:01:51+00:00","author":{"@id":"https:\/\/patrocinados.estadao.com.br\/deloitte-jornada-da-sustentabilidade\/#\/schema\/person\/9be56940425d4f31e0c82015d0fd725f"},"breadcrumb":{"@id":"https:\/\/patrocinados.estadao.com.br\/deloitte-jornada-da-sustentabilidade\/2014\/12\/23\/os-desafios-para-os-conselhos-de-administracao-em-2015\/#breadcrumb"},"inLanguage":"pt-BR","potentialAction":[{"@type":"ReadAction","target":["https:\/\/patrocinados.estadao.com.br\/deloitte-jornada-da-sustentabilidade\/2014\/12\/23\/os-desafios-para-os-conselhos-de-administracao-em-2015\/"]}]},{"@type":"ImageObject","inLanguage":"pt-BR","@id":"https:\/\/patrocinados.estadao.com.br\/deloitte-jornada-da-sustentabilidade\/2014\/12\/23\/os-desafios-para-os-conselhos-de-administracao-em-2015\/#primaryimage","url":"https:\/\/patrocinados.estadao.com.br\/deloitte-jornada-da-sustentabilidade\/wp-content\/uploads\/2021\/09\/5_932.jpg","contentUrl":"https:\/\/patrocinados.estadao.com.br\/deloitte-jornada-da-sustentabilidade\/wp-content\/uploads\/2021\/09\/5_932.jpg","width":932,"height":524},{"@type":"BreadcrumbList","@id":"https:\/\/patrocinados.estadao.com.br\/deloitte-jornada-da-sustentabilidade\/2014\/12\/23\/os-desafios-para-os-conselhos-de-administracao-em-2015\/#breadcrumb","itemListElement":[{"@type":"ListItem","position":1,"name":"In\u00edcio","item":"https:\/\/patrocinados.estadao.com.br\/deloitte-jornada-da-sustentabilidade\/"},{"@type":"ListItem","position":2,"name":"Os desafios para os conselhos de administra\u00e7\u00e3o em 2015"}]},{"@type":"WebSite","@id":"https:\/\/patrocinados.estadao.com.br\/deloitte-jornada-da-sustentabilidade\/#website","url":"https:\/\/patrocinados.estadao.com.br\/deloitte-jornada-da-sustentabilidade\/","name":"Jornada da Sustentabilidade, oferecido por Deloitte","description":"Solu\u00e7\u00f5es de governan\u00e7a corporativa para seus desafios de neg\u00f3cios","potentialAction":[{"@type":"SearchAction","target":{"@type":"EntryPoint","urlTemplate":"https:\/\/patrocinados.estadao.com.br\/deloitte-jornada-da-sustentabilidade\/?s={search_term_string}"},"query-input":{"@type":"PropertyValueSpecification","valueRequired":true,"valueName":"search_term_string"}}],"inLanguage":"pt-BR"},{"@type":"Person","@id":"https:\/\/patrocinados.estadao.com.br\/deloitte-jornada-da-sustentabilidade\/#\/schema\/person\/9be56940425d4f31e0c82015d0fd725f","name":"Geosfera","image":{"@type":"ImageObject","inLanguage":"pt-BR","@id":"https:\/\/patrocinados.estadao.com.br\/deloitte-jornada-da-sustentabilidade\/#\/schema\/person\/image\/","url":"https:\/\/secure.gravatar.com\/avatar\/9d33d40efdce4963188a84bd4777a5f81f7c8e9cfcc15e6853c05f5cfee4c0ab?s=96&d=mm&r=g","contentUrl":"https:\/\/secure.gravatar.com\/avatar\/9d33d40efdce4963188a84bd4777a5f81f7c8e9cfcc15e6853c05f5cfee4c0ab?s=96&d=mm&r=g","caption":"Geosfera"},"sameAs":["http:\/\/geosfera.com.br"],"url":"https:\/\/patrocinados.estadao.com.br\/deloitte-jornada-da-sustentabilidade\/author\/geosfera_deloitte\/"}]}},"_links":{"self":[{"href":"https:\/\/patrocinados.estadao.com.br\/deloitte-jornada-da-sustentabilidade\/wp-json\/wp\/v2\/posts\/97","targetHints":{"allow":["GET"]}}],"collection":[{"href":"https:\/\/patrocinados.estadao.com.br\/deloitte-jornada-da-sustentabilidade\/wp-json\/wp\/v2\/posts"}],"about":[{"href":"https:\/\/patrocinados.estadao.com.br\/deloitte-jornada-da-sustentabilidade\/wp-json\/wp\/v2\/types\/post"}],"author":[{"embeddable":true,"href":"https:\/\/patrocinados.estadao.com.br\/deloitte-jornada-da-sustentabilidade\/wp-json\/wp\/v2\/users\/2"}],"replies":[{"embeddable":true,"href":"https:\/\/patrocinados.estadao.com.br\/deloitte-jornada-da-sustentabilidade\/wp-json\/wp\/v2\/comments?post=97"}],"version-history":[{"count":1,"href":"https:\/\/patrocinados.estadao.com.br\/deloitte-jornada-da-sustentabilidade\/wp-json\/wp\/v2\/posts\/97\/revisions"}],"predecessor-version":[{"id":1995,"href":"https:\/\/patrocinados.estadao.com.br\/deloitte-jornada-da-sustentabilidade\/wp-json\/wp\/v2\/posts\/97\/revisions\/1995"}],"wp:featuredmedia":[{"embeddable":true,"href":"https:\/\/patrocinados.estadao.com.br\/deloitte-jornada-da-sustentabilidade\/wp-json\/wp\/v2\/media\/1714"}],"wp:attachment":[{"href":"https:\/\/patrocinados.estadao.com.br\/deloitte-jornada-da-sustentabilidade\/wp-json\/wp\/v2\/media?parent=97"}],"wp:term":[{"taxonomy":"category","embeddable":true,"href":"https:\/\/patrocinados.estadao.com.br\/deloitte-jornada-da-sustentabilidade\/wp-json\/wp\/v2\/categories?post=97"},{"taxonomy":"post_tag","embeddable":true,"href":"https:\/\/patrocinados.estadao.com.br\/deloitte-jornada-da-sustentabilidade\/wp-json\/wp\/v2\/tags?post=97"}],"curies":[{"name":"wp","href":"https:\/\/api.w.org\/{rel}","templated":true}]}}