{"id":94,"date":"2014-12-09T15:24:54","date_gmt":"2014-12-09T15:24:54","guid":{"rendered":"https:\/\/patrocinados.estadao.com.br\/deloitte-esg-esg\/?p=94"},"modified":"2021-09-20T13:02:11","modified_gmt":"2021-09-20T16:02:11","slug":"como-os-controles-internos-podem-ajudar-a-prevenir-danos-de-reputacao","status":"publish","type":"post","link":"https:\/\/patrocinados.estadao.com.br\/deloitte-jornada-da-sustentabilidade\/2014\/12\/09\/como-os-controles-internos-podem-ajudar-a-prevenir-danos-de-reputacao\/","title":{"rendered":"Como os controles internos podem ajudar a prevenir danos de reputa\u00e7\u00e3o"},"content":{"rendered":"<p>Se, por um lado, leva-se muito tempo para construir e consolidar o nome de uma empresa no mercado, o comprometimento de sua imagem pode acontecer, sem exageros, da noite para o dia. \u201cDiante de um mundo globalizado, forte concorr\u00eancia, busca acelerada por resultados e velocidade da informa\u00e7\u00e3o, a exposi\u00e7\u00e3o e a vulnerabilidade das empresas aumenta consideravelmente\u201d, pondera Alex Borges, s\u00f3cio da \u00e1rea de Consultoria em Gest\u00e3o de Riscos da Deloitte.<\/p>\n<p>Segundo a pesquisa \u201cReputational@Risk\u201d, organizada neste ano pela Deloitte com executivos de todo o mundo, 87% dos participantes reconhecem a import\u00e2ncia do tema. O risco reputacional \u00e9 impulsionado por uma ampla gama de outros riscos de neg\u00f3cios (veja a seguir), que devem ser ativamente gerenciados, a partir de instrumentos estruturados de acompanhamento:<\/p>\n<p>&#8211; \u00c9tica e integridade (riscos de fraude, suborno e corrup\u00e7\u00e3o);<br \/>\n&#8211; Seguran\u00e7a da informa\u00e7\u00e3o (cyber security);<br \/>\n&#8211; Falhas de produtos e servi\u00e7os;<br \/>\n&#8211; Sa\u00fade e meio ambiente;<br \/>\n&#8211; Relacionamento com terceiros.<\/p>\n<p><strong>Processos e desafios<\/strong><\/p>\n<p>Segundo Borges, as organiza\u00e7\u00f5es hoje s\u00e3o mais cobradas, o que demanda processos robustos e informa\u00e7\u00f5es r\u00e1pidas e precisas. Em sua vis\u00e3o, os tr\u00eas principais desafios das organiza\u00e7\u00f5es relacionados ao tema s\u00e3o:<br \/>\n&#8211; Conhecer e gerir seus riscos reputacionais;<br \/>\n&#8211; Verificar se seus processos s\u00e3o eficazes para controlar e minimizar os riscos reputacionais, na velocidade adequada;<br \/>\n&#8211; Identificar quais s\u00e3o os processos para, tempestivamente, agir diante de um risco materializado, o que configura uma gest\u00e3o de crise.<\/p>\n<p>Borges destaca a import\u00e2ncia de a empresa reconhecer e estabelecer mecanismos para a an\u00e1lise do impacto do risco reputacional no valor do seu neg\u00f3cio. \u201cOs acionistas valorizam empresas que possuem alto n\u00edvel de governan\u00e7a corporativa, que podem lhe trazer conforto e bons resultados no final de um exerc\u00edcio que definirem\u201d.<\/p>\n<p><strong>Seguran\u00e7a da informa\u00e7\u00e3o ganha for\u00e7a<br \/>\n<\/strong><br \/>\nJulio Laurino, s\u00f3cio da Deloitte especialista em seguran\u00e7a cibern\u00e9tica (cyber secutiry), completa, alertando sobre a necessidade de destacar como os aspectos relacionados \u00e0 seguran\u00e7a da informa\u00e7\u00e3o potencializam o risco reputacional. \u201cGrupos exploram vulnerabilidades, em benef\u00edcio pr\u00f3prio. \u00c9 preciso aten\u00e7\u00e3o ao risco reputacional causado por invas\u00e3o e vazamento de informa\u00e7\u00f5es\u201d.<br \/>\n<strong>Reputational@Risk<\/strong><\/p>\n<p><strong>Perspectivas: disposi\u00e7\u00e3o para investimentos<\/strong> \u2013 As empresas t\u00eam buscado efetuar mais investimentos para minimizar riscos de reputa\u00e7\u00e3o. De acordo com a pesquisa \u201cReputational@Risk\u201d, da Deloitte, as organiza\u00e7\u00f5es pretendem destinar mais investimentos para:<\/p>\n<p><strong>63%<\/strong> \u2013 Tecnologia<br \/>\n<strong>58%<\/strong> \u2013 Gest\u00e3o de dados<br \/>\n<strong>50%<\/strong> \u2013 Pessoas<br \/>\n<strong>40%<\/strong> \u2013 Desenvolvimento de processos de riscos de reputa\u00e7\u00e3o<br \/>\n<strong>37%<\/strong> \u2013 Desenvolvimento de processos e capacidades para gest\u00e3o de crise<\/p>\n<p>(em % de respondentes que assinalaram cada \u00e1rea-alvo de investimento)<\/p>\n<p><strong>Responsabilidades e impactos<\/strong> \u2013 Conforme a pesquisa da Deloitte, a responsabilidade pelo risco de reputa\u00e7\u00e3o reside nos n\u00edveis mais altos da hierarquia:<\/p>\n<p>Diretor executivo \u2013<strong> 36%<\/strong><br \/>\nL\u00edder de gest\u00e3o de risco \u2013<strong> 21%<\/strong><br \/>\nConselho de Administra\u00e7\u00e3o \u2013 <strong>14%<\/strong><br \/>\nDiretor financeiro \u2013 <strong>11%<\/strong><\/p>\n<p>(em % de respondentes que assinalaram cada perfil de cargo nas organiza\u00e7\u00f5es)<\/p>\n<p><strong>Resultados \u201cReputational@Risk\u201d<\/strong><br \/>\nConfira os resultados completos do estudo e um infogr\u00e1fico em <a href=\"http:\/\/www.deloitte.com.br\" target=\"_blank\" rel=\"noopener\">www.deloitte.com.br<\/a>. Aproveite para acessar neste site outros conte\u00fados sobre governan\u00e7a corporativa.<\/p>\n","protected":false},"excerpt":{"rendered":"<p>\u201cOs acionistas valorizam empresas que possuem alto n\u00edvel de governan\u00e7a corporativa&#8221;, destaca especialista em gest\u00e3o de riscos da Deloitte<\/p>\n","protected":false},"author":2,"featured_media":1713,"comment_status":"open","ping_status":"closed","sticky":false,"template":"","format":"standard","meta":{"_acf_changed":false,"footnotes":""},"categories":[1],"tags":[],"class_list":["post-94","post","type-post","status-publish","format-standard","has-post-thumbnail","hentry","category-sem-categoria"],"acf":[],"yoast_head":"<!-- This site is optimized with the Yoast SEO plugin v27.1.1 - https:\/\/yoast.com\/product\/yoast-seo-wordpress\/ -->\n<title>Como os controles internos podem ajudar a prevenir danos de reputa\u00e7\u00e3o - Jornada da Sustentabilidade, oferecido por Deloitte<\/title>\n<meta name=\"robots\" content=\"index, follow, max-snippet:-1, max-image-preview:large, max-video-preview:-1\" \/>\n<link rel=\"canonical\" href=\"https:\/\/patrocinados.estadao.com.br\/deloitte-jornada-da-sustentabilidade\/2014\/12\/09\/como-os-controles-internos-podem-ajudar-a-prevenir-danos-de-reputacao\/\" \/>\n<meta property=\"og:locale\" content=\"pt_BR\" \/>\n<meta property=\"og:type\" content=\"article\" \/>\n<meta property=\"og:title\" content=\"Como os controles internos podem ajudar a prevenir danos de reputa\u00e7\u00e3o - Jornada da Sustentabilidade, oferecido por Deloitte\" \/>\n<meta property=\"og:description\" content=\"\u201cOs acionistas valorizam empresas que possuem alto n\u00edvel de governan\u00e7a corporativa&quot;, destaca especialista em gest\u00e3o de riscos da Deloitte\" \/>\n<meta property=\"og:url\" content=\"https:\/\/patrocinados.estadao.com.br\/deloitte-jornada-da-sustentabilidade\/2014\/12\/09\/como-os-controles-internos-podem-ajudar-a-prevenir-danos-de-reputacao\/\" \/>\n<meta property=\"og:site_name\" content=\"Jornada da Sustentabilidade, oferecido por Deloitte\" \/>\n<meta property=\"article:published_time\" content=\"2014-12-09T15:24:54+00:00\" \/>\n<meta property=\"article:modified_time\" content=\"2021-09-20T16:02:11+00:00\" \/>\n<meta property=\"og:image\" content=\"https:\/\/patrocinados.estadao.com.br\/deloitte-jornada-da-sustentabilidade\/wp-content\/uploads\/2021\/09\/4_deloitte_932x524.jpg\" \/>\n\t<meta property=\"og:image:width\" content=\"932\" \/>\n\t<meta property=\"og:image:height\" content=\"524\" \/>\n\t<meta property=\"og:image:type\" content=\"image\/jpeg\" \/>\n<meta name=\"author\" content=\"Geosfera\" \/>\n<meta name=\"twitter:card\" content=\"summary_large_image\" \/>\n<meta name=\"twitter:label1\" content=\"Escrito por\" \/>\n\t<meta name=\"twitter:data1\" content=\"Geosfera\" \/>\n\t<meta name=\"twitter:label2\" content=\"Est. tempo de leitura\" \/>\n\t<meta name=\"twitter:data2\" content=\"3 minutos\" \/>\n<script type=\"application\/ld+json\" class=\"yoast-schema-graph\">{\"@context\":\"https:\/\/schema.org\",\"@graph\":[{\"@type\":\"Article\",\"@id\":\"https:\/\/patrocinados.estadao.com.br\/deloitte-jornada-da-sustentabilidade\/2014\/12\/09\/como-os-controles-internos-podem-ajudar-a-prevenir-danos-de-reputacao\/#article\",\"isPartOf\":{\"@id\":\"https:\/\/patrocinados.estadao.com.br\/deloitte-jornada-da-sustentabilidade\/2014\/12\/09\/como-os-controles-internos-podem-ajudar-a-prevenir-danos-de-reputacao\/\"},\"author\":{\"name\":\"Geosfera\",\"@id\":\"https:\/\/patrocinados.estadao.com.br\/deloitte-jornada-da-sustentabilidade\/#\/schema\/person\/9be56940425d4f31e0c82015d0fd725f\"},\"headline\":\"Como os controles internos podem ajudar a prevenir danos de reputa\u00e7\u00e3o\",\"datePublished\":\"2014-12-09T15:24:54+00:00\",\"dateModified\":\"2021-09-20T16:02:11+00:00\",\"mainEntityOfPage\":{\"@id\":\"https:\/\/patrocinados.estadao.com.br\/deloitte-jornada-da-sustentabilidade\/2014\/12\/09\/como-os-controles-internos-podem-ajudar-a-prevenir-danos-de-reputacao\/\"},\"wordCount\":538,\"commentCount\":0,\"image\":{\"@id\":\"https:\/\/patrocinados.estadao.com.br\/deloitte-jornada-da-sustentabilidade\/2014\/12\/09\/como-os-controles-internos-podem-ajudar-a-prevenir-danos-de-reputacao\/#primaryimage\"},\"thumbnailUrl\":\"https:\/\/patrocinados.estadao.com.br\/deloitte-jornada-da-sustentabilidade\/wp-content\/uploads\/2021\/09\/4_deloitte_932x524.jpg\",\"inLanguage\":\"pt-BR\",\"potentialAction\":[{\"@type\":\"CommentAction\",\"name\":\"Comment\",\"target\":[\"https:\/\/patrocinados.estadao.com.br\/deloitte-jornada-da-sustentabilidade\/2014\/12\/09\/como-os-controles-internos-podem-ajudar-a-prevenir-danos-de-reputacao\/#respond\"]}]},{\"@type\":\"WebPage\",\"@id\":\"https:\/\/patrocinados.estadao.com.br\/deloitte-jornada-da-sustentabilidade\/2014\/12\/09\/como-os-controles-internos-podem-ajudar-a-prevenir-danos-de-reputacao\/\",\"url\":\"https:\/\/patrocinados.estadao.com.br\/deloitte-jornada-da-sustentabilidade\/2014\/12\/09\/como-os-controles-internos-podem-ajudar-a-prevenir-danos-de-reputacao\/\",\"name\":\"Como os controles internos podem ajudar a prevenir danos de reputa\u00e7\u00e3o - Jornada da Sustentabilidade, oferecido por Deloitte\",\"isPartOf\":{\"@id\":\"https:\/\/patrocinados.estadao.com.br\/deloitte-jornada-da-sustentabilidade\/#website\"},\"primaryImageOfPage\":{\"@id\":\"https:\/\/patrocinados.estadao.com.br\/deloitte-jornada-da-sustentabilidade\/2014\/12\/09\/como-os-controles-internos-podem-ajudar-a-prevenir-danos-de-reputacao\/#primaryimage\"},\"image\":{\"@id\":\"https:\/\/patrocinados.estadao.com.br\/deloitte-jornada-da-sustentabilidade\/2014\/12\/09\/como-os-controles-internos-podem-ajudar-a-prevenir-danos-de-reputacao\/#primaryimage\"},\"thumbnailUrl\":\"https:\/\/patrocinados.estadao.com.br\/deloitte-jornada-da-sustentabilidade\/wp-content\/uploads\/2021\/09\/4_deloitte_932x524.jpg\",\"datePublished\":\"2014-12-09T15:24:54+00:00\",\"dateModified\":\"2021-09-20T16:02:11+00:00\",\"author\":{\"@id\":\"https:\/\/patrocinados.estadao.com.br\/deloitte-jornada-da-sustentabilidade\/#\/schema\/person\/9be56940425d4f31e0c82015d0fd725f\"},\"breadcrumb\":{\"@id\":\"https:\/\/patrocinados.estadao.com.br\/deloitte-jornada-da-sustentabilidade\/2014\/12\/09\/como-os-controles-internos-podem-ajudar-a-prevenir-danos-de-reputacao\/#breadcrumb\"},\"inLanguage\":\"pt-BR\",\"potentialAction\":[{\"@type\":\"ReadAction\",\"target\":[\"https:\/\/patrocinados.estadao.com.br\/deloitte-jornada-da-sustentabilidade\/2014\/12\/09\/como-os-controles-internos-podem-ajudar-a-prevenir-danos-de-reputacao\/\"]}]},{\"@type\":\"ImageObject\",\"inLanguage\":\"pt-BR\",\"@id\":\"https:\/\/patrocinados.estadao.com.br\/deloitte-jornada-da-sustentabilidade\/2014\/12\/09\/como-os-controles-internos-podem-ajudar-a-prevenir-danos-de-reputacao\/#primaryimage\",\"url\":\"https:\/\/patrocinados.estadao.com.br\/deloitte-jornada-da-sustentabilidade\/wp-content\/uploads\/2021\/09\/4_deloitte_932x524.jpg\",\"contentUrl\":\"https:\/\/patrocinados.estadao.com.br\/deloitte-jornada-da-sustentabilidade\/wp-content\/uploads\/2021\/09\/4_deloitte_932x524.jpg\",\"width\":932,\"height\":524},{\"@type\":\"BreadcrumbList\",\"@id\":\"https:\/\/patrocinados.estadao.com.br\/deloitte-jornada-da-sustentabilidade\/2014\/12\/09\/como-os-controles-internos-podem-ajudar-a-prevenir-danos-de-reputacao\/#breadcrumb\",\"itemListElement\":[{\"@type\":\"ListItem\",\"position\":1,\"name\":\"In\u00edcio\",\"item\":\"https:\/\/patrocinados.estadao.com.br\/deloitte-jornada-da-sustentabilidade\/\"},{\"@type\":\"ListItem\",\"position\":2,\"name\":\"Como os controles internos podem ajudar a prevenir danos de reputa\u00e7\u00e3o\"}]},{\"@type\":\"WebSite\",\"@id\":\"https:\/\/patrocinados.estadao.com.br\/deloitte-jornada-da-sustentabilidade\/#website\",\"url\":\"https:\/\/patrocinados.estadao.com.br\/deloitte-jornada-da-sustentabilidade\/\",\"name\":\"Jornada da Sustentabilidade, oferecido por Deloitte\",\"description\":\"Solu\u00e7\u00f5es de governan\u00e7a corporativa para seus desafios de neg\u00f3cios\",\"potentialAction\":[{\"@type\":\"SearchAction\",\"target\":{\"@type\":\"EntryPoint\",\"urlTemplate\":\"https:\/\/patrocinados.estadao.com.br\/deloitte-jornada-da-sustentabilidade\/?s={search_term_string}\"},\"query-input\":{\"@type\":\"PropertyValueSpecification\",\"valueRequired\":true,\"valueName\":\"search_term_string\"}}],\"inLanguage\":\"pt-BR\"},{\"@type\":\"Person\",\"@id\":\"https:\/\/patrocinados.estadao.com.br\/deloitte-jornada-da-sustentabilidade\/#\/schema\/person\/9be56940425d4f31e0c82015d0fd725f\",\"name\":\"Geosfera\",\"image\":{\"@type\":\"ImageObject\",\"inLanguage\":\"pt-BR\",\"@id\":\"https:\/\/patrocinados.estadao.com.br\/deloitte-jornada-da-sustentabilidade\/#\/schema\/person\/image\/\",\"url\":\"https:\/\/secure.gravatar.com\/avatar\/9d33d40efdce4963188a84bd4777a5f81f7c8e9cfcc15e6853c05f5cfee4c0ab?s=96&d=mm&r=g\",\"contentUrl\":\"https:\/\/secure.gravatar.com\/avatar\/9d33d40efdce4963188a84bd4777a5f81f7c8e9cfcc15e6853c05f5cfee4c0ab?s=96&d=mm&r=g\",\"caption\":\"Geosfera\"},\"sameAs\":[\"http:\/\/geosfera.com.br\"],\"url\":\"https:\/\/patrocinados.estadao.com.br\/deloitte-jornada-da-sustentabilidade\/author\/geosfera_deloitte\/\"}]}<\/script>\n<!-- \/ Yoast SEO plugin. -->","yoast_head_json":{"title":"Como os controles internos podem ajudar a prevenir danos de reputa\u00e7\u00e3o - Jornada da Sustentabilidade, oferecido por Deloitte","robots":{"index":"index","follow":"follow","max-snippet":"max-snippet:-1","max-image-preview":"max-image-preview:large","max-video-preview":"max-video-preview:-1"},"canonical":"https:\/\/patrocinados.estadao.com.br\/deloitte-jornada-da-sustentabilidade\/2014\/12\/09\/como-os-controles-internos-podem-ajudar-a-prevenir-danos-de-reputacao\/","og_locale":"pt_BR","og_type":"article","og_title":"Como os controles internos podem ajudar a prevenir danos de reputa\u00e7\u00e3o - Jornada da Sustentabilidade, oferecido por Deloitte","og_description":"\u201cOs acionistas valorizam empresas que possuem alto n\u00edvel de governan\u00e7a corporativa\", destaca especialista em gest\u00e3o de riscos da Deloitte","og_url":"https:\/\/patrocinados.estadao.com.br\/deloitte-jornada-da-sustentabilidade\/2014\/12\/09\/como-os-controles-internos-podem-ajudar-a-prevenir-danos-de-reputacao\/","og_site_name":"Jornada da Sustentabilidade, oferecido por Deloitte","article_published_time":"2014-12-09T15:24:54+00:00","article_modified_time":"2021-09-20T16:02:11+00:00","og_image":[{"width":932,"height":524,"url":"https:\/\/patrocinados.estadao.com.br\/deloitte-jornada-da-sustentabilidade\/wp-content\/uploads\/2021\/09\/4_deloitte_932x524.jpg","type":"image\/jpeg"}],"author":"Geosfera","twitter_card":"summary_large_image","twitter_misc":{"Escrito por":"Geosfera","Est. tempo de leitura":"3 minutos"},"schema":{"@context":"https:\/\/schema.org","@graph":[{"@type":"Article","@id":"https:\/\/patrocinados.estadao.com.br\/deloitte-jornada-da-sustentabilidade\/2014\/12\/09\/como-os-controles-internos-podem-ajudar-a-prevenir-danos-de-reputacao\/#article","isPartOf":{"@id":"https:\/\/patrocinados.estadao.com.br\/deloitte-jornada-da-sustentabilidade\/2014\/12\/09\/como-os-controles-internos-podem-ajudar-a-prevenir-danos-de-reputacao\/"},"author":{"name":"Geosfera","@id":"https:\/\/patrocinados.estadao.com.br\/deloitte-jornada-da-sustentabilidade\/#\/schema\/person\/9be56940425d4f31e0c82015d0fd725f"},"headline":"Como os controles internos podem ajudar a prevenir danos de reputa\u00e7\u00e3o","datePublished":"2014-12-09T15:24:54+00:00","dateModified":"2021-09-20T16:02:11+00:00","mainEntityOfPage":{"@id":"https:\/\/patrocinados.estadao.com.br\/deloitte-jornada-da-sustentabilidade\/2014\/12\/09\/como-os-controles-internos-podem-ajudar-a-prevenir-danos-de-reputacao\/"},"wordCount":538,"commentCount":0,"image":{"@id":"https:\/\/patrocinados.estadao.com.br\/deloitte-jornada-da-sustentabilidade\/2014\/12\/09\/como-os-controles-internos-podem-ajudar-a-prevenir-danos-de-reputacao\/#primaryimage"},"thumbnailUrl":"https:\/\/patrocinados.estadao.com.br\/deloitte-jornada-da-sustentabilidade\/wp-content\/uploads\/2021\/09\/4_deloitte_932x524.jpg","inLanguage":"pt-BR","potentialAction":[{"@type":"CommentAction","name":"Comment","target":["https:\/\/patrocinados.estadao.com.br\/deloitte-jornada-da-sustentabilidade\/2014\/12\/09\/como-os-controles-internos-podem-ajudar-a-prevenir-danos-de-reputacao\/#respond"]}]},{"@type":"WebPage","@id":"https:\/\/patrocinados.estadao.com.br\/deloitte-jornada-da-sustentabilidade\/2014\/12\/09\/como-os-controles-internos-podem-ajudar-a-prevenir-danos-de-reputacao\/","url":"https:\/\/patrocinados.estadao.com.br\/deloitte-jornada-da-sustentabilidade\/2014\/12\/09\/como-os-controles-internos-podem-ajudar-a-prevenir-danos-de-reputacao\/","name":"Como os controles internos podem ajudar a prevenir danos de reputa\u00e7\u00e3o - Jornada da Sustentabilidade, oferecido por Deloitte","isPartOf":{"@id":"https:\/\/patrocinados.estadao.com.br\/deloitte-jornada-da-sustentabilidade\/#website"},"primaryImageOfPage":{"@id":"https:\/\/patrocinados.estadao.com.br\/deloitte-jornada-da-sustentabilidade\/2014\/12\/09\/como-os-controles-internos-podem-ajudar-a-prevenir-danos-de-reputacao\/#primaryimage"},"image":{"@id":"https:\/\/patrocinados.estadao.com.br\/deloitte-jornada-da-sustentabilidade\/2014\/12\/09\/como-os-controles-internos-podem-ajudar-a-prevenir-danos-de-reputacao\/#primaryimage"},"thumbnailUrl":"https:\/\/patrocinados.estadao.com.br\/deloitte-jornada-da-sustentabilidade\/wp-content\/uploads\/2021\/09\/4_deloitte_932x524.jpg","datePublished":"2014-12-09T15:24:54+00:00","dateModified":"2021-09-20T16:02:11+00:00","author":{"@id":"https:\/\/patrocinados.estadao.com.br\/deloitte-jornada-da-sustentabilidade\/#\/schema\/person\/9be56940425d4f31e0c82015d0fd725f"},"breadcrumb":{"@id":"https:\/\/patrocinados.estadao.com.br\/deloitte-jornada-da-sustentabilidade\/2014\/12\/09\/como-os-controles-internos-podem-ajudar-a-prevenir-danos-de-reputacao\/#breadcrumb"},"inLanguage":"pt-BR","potentialAction":[{"@type":"ReadAction","target":["https:\/\/patrocinados.estadao.com.br\/deloitte-jornada-da-sustentabilidade\/2014\/12\/09\/como-os-controles-internos-podem-ajudar-a-prevenir-danos-de-reputacao\/"]}]},{"@type":"ImageObject","inLanguage":"pt-BR","@id":"https:\/\/patrocinados.estadao.com.br\/deloitte-jornada-da-sustentabilidade\/2014\/12\/09\/como-os-controles-internos-podem-ajudar-a-prevenir-danos-de-reputacao\/#primaryimage","url":"https:\/\/patrocinados.estadao.com.br\/deloitte-jornada-da-sustentabilidade\/wp-content\/uploads\/2021\/09\/4_deloitte_932x524.jpg","contentUrl":"https:\/\/patrocinados.estadao.com.br\/deloitte-jornada-da-sustentabilidade\/wp-content\/uploads\/2021\/09\/4_deloitte_932x524.jpg","width":932,"height":524},{"@type":"BreadcrumbList","@id":"https:\/\/patrocinados.estadao.com.br\/deloitte-jornada-da-sustentabilidade\/2014\/12\/09\/como-os-controles-internos-podem-ajudar-a-prevenir-danos-de-reputacao\/#breadcrumb","itemListElement":[{"@type":"ListItem","position":1,"name":"In\u00edcio","item":"https:\/\/patrocinados.estadao.com.br\/deloitte-jornada-da-sustentabilidade\/"},{"@type":"ListItem","position":2,"name":"Como os controles internos podem ajudar a prevenir danos de reputa\u00e7\u00e3o"}]},{"@type":"WebSite","@id":"https:\/\/patrocinados.estadao.com.br\/deloitte-jornada-da-sustentabilidade\/#website","url":"https:\/\/patrocinados.estadao.com.br\/deloitte-jornada-da-sustentabilidade\/","name":"Jornada da Sustentabilidade, oferecido por Deloitte","description":"Solu\u00e7\u00f5es de governan\u00e7a corporativa para seus desafios de neg\u00f3cios","potentialAction":[{"@type":"SearchAction","target":{"@type":"EntryPoint","urlTemplate":"https:\/\/patrocinados.estadao.com.br\/deloitte-jornada-da-sustentabilidade\/?s={search_term_string}"},"query-input":{"@type":"PropertyValueSpecification","valueRequired":true,"valueName":"search_term_string"}}],"inLanguage":"pt-BR"},{"@type":"Person","@id":"https:\/\/patrocinados.estadao.com.br\/deloitte-jornada-da-sustentabilidade\/#\/schema\/person\/9be56940425d4f31e0c82015d0fd725f","name":"Geosfera","image":{"@type":"ImageObject","inLanguage":"pt-BR","@id":"https:\/\/patrocinados.estadao.com.br\/deloitte-jornada-da-sustentabilidade\/#\/schema\/person\/image\/","url":"https:\/\/secure.gravatar.com\/avatar\/9d33d40efdce4963188a84bd4777a5f81f7c8e9cfcc15e6853c05f5cfee4c0ab?s=96&d=mm&r=g","contentUrl":"https:\/\/secure.gravatar.com\/avatar\/9d33d40efdce4963188a84bd4777a5f81f7c8e9cfcc15e6853c05f5cfee4c0ab?s=96&d=mm&r=g","caption":"Geosfera"},"sameAs":["http:\/\/geosfera.com.br"],"url":"https:\/\/patrocinados.estadao.com.br\/deloitte-jornada-da-sustentabilidade\/author\/geosfera_deloitte\/"}]}},"_links":{"self":[{"href":"https:\/\/patrocinados.estadao.com.br\/deloitte-jornada-da-sustentabilidade\/wp-json\/wp\/v2\/posts\/94","targetHints":{"allow":["GET"]}}],"collection":[{"href":"https:\/\/patrocinados.estadao.com.br\/deloitte-jornada-da-sustentabilidade\/wp-json\/wp\/v2\/posts"}],"about":[{"href":"https:\/\/patrocinados.estadao.com.br\/deloitte-jornada-da-sustentabilidade\/wp-json\/wp\/v2\/types\/post"}],"author":[{"embeddable":true,"href":"https:\/\/patrocinados.estadao.com.br\/deloitte-jornada-da-sustentabilidade\/wp-json\/wp\/v2\/users\/2"}],"replies":[{"embeddable":true,"href":"https:\/\/patrocinados.estadao.com.br\/deloitte-jornada-da-sustentabilidade\/wp-json\/wp\/v2\/comments?post=94"}],"version-history":[{"count":1,"href":"https:\/\/patrocinados.estadao.com.br\/deloitte-jornada-da-sustentabilidade\/wp-json\/wp\/v2\/posts\/94\/revisions"}],"predecessor-version":[{"id":1996,"href":"https:\/\/patrocinados.estadao.com.br\/deloitte-jornada-da-sustentabilidade\/wp-json\/wp\/v2\/posts\/94\/revisions\/1996"}],"wp:featuredmedia":[{"embeddable":true,"href":"https:\/\/patrocinados.estadao.com.br\/deloitte-jornada-da-sustentabilidade\/wp-json\/wp\/v2\/media\/1713"}],"wp:attachment":[{"href":"https:\/\/patrocinados.estadao.com.br\/deloitte-jornada-da-sustentabilidade\/wp-json\/wp\/v2\/media?parent=94"}],"wp:term":[{"taxonomy":"category","embeddable":true,"href":"https:\/\/patrocinados.estadao.com.br\/deloitte-jornada-da-sustentabilidade\/wp-json\/wp\/v2\/categories?post=94"},{"taxonomy":"post_tag","embeddable":true,"href":"https:\/\/patrocinados.estadao.com.br\/deloitte-jornada-da-sustentabilidade\/wp-json\/wp\/v2\/tags?post=94"}],"curies":[{"name":"wp","href":"https:\/\/api.w.org\/{rel}","templated":true}]}}