{"id":855,"date":"2018-09-18T16:01:02","date_gmt":"2018-09-18T16:01:02","guid":{"rendered":"https:\/\/patrocinados.estadao.com.br\/deloitte-esg-esg\/?p=855"},"modified":"2021-09-20T11:43:33","modified_gmt":"2021-09-20T14:43:33","slug":"desafios-do-setor-de-mineracao-exigem-postura-transformadora","status":"publish","type":"post","link":"https:\/\/patrocinados.estadao.com.br\/deloitte-jornada-da-sustentabilidade\/2018\/09\/18\/desafios-do-setor-de-mineracao-exigem-postura-transformadora\/","title":{"rendered":"Desafios do setor de minera\u00e7\u00e3o exigem postura transformadora"},"content":{"rendered":"<p>Diante dos desafios pelos quais passa a \u00e1rea de minera\u00e7\u00e3o, as empresas t\u00eam assumido uma postura de inova\u00e7\u00e3o, que deve ser ainda mais forte na pr\u00f3xima d\u00e9cada. \u201cEsta \u00e9 a quest\u00e3o mais gritante para o setor e deve ser o foco das mineradoras. Tudo o que estiver relacionado \u00e0 melhoria da efici\u00eancia tem grande relev\u00e2ncia hoje e \u00e9 tend\u00eancia para o futuro pr\u00f3ximo\u201d, explica Patricia Muricy, s\u00f3cia-l\u00edder de Minera\u00e7\u00e3o da Deloitte, com base no estudo anual <a href=\"https:\/\/www2.deloitte.com\/br\/pt\/pages\/energy-and-resources\/articles\/tendencias-mineracao.html\">As tend\u00eancias da minera\u00e7\u00e3o 2018 &#8211; 10 quest\u00f5es que v\u00e3o impactar a ind\u00fastria da minera\u00e7\u00e3o<\/a>, conduzido pela pr\u00f3pria consultoria.<\/p>\n<p>Nos \u00faltimos anos, acompanhamos empresas adotando pr\u00e1ticas transformadoras. Para a pr\u00f3xima d\u00e9cada, veremos a continua\u00e7\u00e3o da r\u00e1pida mudan\u00e7a na ind\u00fastria em um cen\u00e1rio de decl\u00ednio nos volumes de reservas, diminuindo a disponibilidade de ativos de primeira linha e foco cont\u00ednuo nos retornos aos acionistas. \u201cComo observamos uma demanda em retra\u00e7\u00e3o, a efici\u00eancia da produ\u00e7\u00e3o se torna bem mais relevante. Novas tecnologias, a ado\u00e7\u00e3o de mais abordagens inovadoras envolvendo os p\u00fablicos de interesse e a identifica\u00e7\u00e3o da demanda futura de mercado s\u00e3o alguns fatores fundamentais\u201d, pontua a executiva.<\/p>\n<p>Ao abrir novos caminhos para o futuro, o objetivo agora \u00e9 mudar para impulsionar investimentos cont\u00ednuos em inova\u00e7\u00e3o e digitaliza\u00e7\u00e3o, voltados \u00e0 for\u00e7a de trabalho do futuro, manifestando seu compromisso de fortalecer as rela\u00e7\u00f5es com governo e comunidade e orientando seus esfor\u00e7os para reparar sua imagem p\u00fablica.<\/p>\n<p><strong>Risco cibern\u00e9tico<\/strong><\/p>\n<p>Tantas novidades e desafios pedem uma estrutura de governan\u00e7a ainda mais robusta. Segundo Patricia, muitas a\u00e7\u00f5es passam por uma estrutura de automa\u00e7\u00e3o remota, o que aumenta o risco cibern\u00e9tico. \u201cO tratamento da \u00e1gua, a quest\u00e3o energ\u00e9tica, o futuro da for\u00e7a de trabalho, todos esses pontos passam pelo acesso remoto. Por esse motivo, em 2019, a seguran\u00e7a cibern\u00e9tica estar\u00e1 na pauta das empresas.&#8221; H\u00e1 ainda uma preocupa\u00e7\u00e3o com controle e gest\u00e3o de riscos de forma global, incluindo riscos antes tratados de forma descentralizada ou nas opera\u00e7\u00f5es dentro dos pain\u00e9is de monitoramento da alta administra\u00e7\u00e3o e Conselho, aumentando a transpar\u00eancia e dando maior agilidade ao processo.<\/p>\n<p><strong>Diversidade dos conselhos<\/strong><\/p>\n<p>A reestrutura\u00e7\u00e3o dos conselhos tamb\u00e9m deve fazer parte da agenda das empresas, com o objetivo principal de incorporar maior diversidade. \u201cNovas habilidades s\u00e3o necess\u00e1rias para ajudar a impulsionar a transforma\u00e7\u00e3o. De olho nisso, as empresas precisar\u00e3o garantir que a sua governan\u00e7a tenha compet\u00eancias\u00a0diversificadas para abra\u00e7ar as mudan\u00e7as, al\u00e9m de ganhar a aprova\u00e7\u00e3o das autoridades, da sociedade, dos investidores e de outros\u00a0p\u00fablicos de interesse. \u00c9 importante unir pessoas diferentes, levantar ideias contrapostas para gerar mais discuss\u00e3o, mais experi\u00eancia. Tudo isso contribui para uma gest\u00e3o de riscos mais efetiva e decis\u00f5es muito mais assertivas\u201d, comenta Patricia Muricy.<\/p>\n<h2 style=\"text-align: center;\">As tend\u00eancias de minera\u00e7\u00e3o 2018<\/h2>\n<p><strong>1 &#8211; Trazer o digital para o uso di\u00e1rio &#8211;\u00a0<\/strong>Usar<em>\u00a0insights<\/em>\u00a0orientados por dados que, al\u00e9m de gerar valor, estimulam novos modelos de neg\u00f3cios, permitem a cria\u00e7\u00e3o de estrat\u00e9gias e pr\u00e1ticas para transformar os principais processos de minera\u00e7\u00e3o, aumentam o fluxo de informa\u00e7\u00f5es e facilitam o apoio a m\u00e9todos de\u00a0<em>back office<\/em>.<\/p>\n<p><strong>2 &#8211; Superar as barreiras para inovar\u00a0<\/strong>&#8211; Tra\u00e7ar um caminho para a maturidade em inova\u00e7\u00e3o \u00e9 necess\u00e1rio para a ind\u00fastria se transformar. Inova\u00e7\u00f5es tecnol\u00f3gicas, ado\u00e7\u00e3o de mais abordagens inovadoras envolvendo os\u00a0<em>stakeholders\u00a0<\/em>e identifica\u00e7\u00e3o da demanda de mercado futura s\u00e3o alguns fatores que podem ser alcan\u00e7ados.<\/p>\n<p><strong style=\"font-size: 16px;\">3 &#8211; Futuro do trabalho\u00a0<\/strong><span style=\"font-size: 16px;\">\u2013 Com a automa\u00e7\u00e3o transformando o mercado de trabalho e com a digitaliza\u00e7\u00e3o das minas e dos processos, a gest\u00e3o de pessoas no setor de minera\u00e7\u00e3o muda drasticamente. Novos processos corporativos surgir\u00e3o com o uso de rob\u00f4s e estes passar\u00e3o a apoiar a for\u00e7a de trabalho. Outro fator interessante ser\u00e1 a facilidade de trabalhar de locais remotos, al\u00e9m da contrata\u00e7\u00e3o de funcion\u00e1rios em tempo parcial e de pessoas com defici\u00eancias f\u00edsicas.<\/span><\/p>\n<p>4 &#8211;\u00a0<strong>A imagem do setor\u00a0<\/strong>&#8211; Mudar as percep\u00e7\u00f5es de imagem do p\u00fablico, funcion\u00e1rios e clientes, n\u00e3o parece ser um trabalho f\u00e1cil, diante das ocorr\u00eancias de danos ao meio ambiente e impactos na sociedade, mas o setor de minera\u00e7\u00e3o tem apresentado uma significativa contribui\u00e7\u00e3o para a economia mundial, o que dever\u00e1 tornar esse trabalho menos complicado frente a um cen\u00e1rio hist\u00f3rico negativo.<\/p>\n<p><strong>5 &#8211; Transformar o relacionamento com os\u00a0<em>stakeholders\u00a0<\/em><\/strong>\u2013 Para expandir as oportunidades de emprego local, melhorar a arrecada\u00e7\u00e3o e atender aos pedidos de melhor infraestrutura e menor impacto ao meio ambiente, os governos de pa\u00edses ricos em recursos naturais pressionam cada vez mais a ind\u00fastria de minera\u00e7\u00e3o. Para alcan\u00e7ar resultados sociais mensur\u00e1veis, \u00e9 necess\u00e1rio trabalhar novas formas de abordagem e relacionamento com os\u00a0<em>stakeholders<\/em>\u00a0e todas as outras partes interessadas.<\/p>\n<p><strong>6 &#8211; Gerenciamento da \u00e1gua<\/strong>&#8211; Encontrar solu\u00e7\u00f5es sustent\u00e1veis para essa quest\u00e3o \u00e9 um dos desafios mais urgentes. A \u00e1gua tornou-se um dos recursos mais cr\u00edticos para o setor de minera\u00e7\u00e3o. Cada vez mais relevante para garantir um bom n\u00edvel de min\u00e9rio. E essa demanda se torna delicada, pois a escassez de \u00e1gua, segundo a ONU, j\u00e1 afeta grande parte da popula\u00e7\u00e3o global.<\/p>\n<p><strong>7 &#8211; Atender \u00e0s novas expectativas dos acionistas\u00a0<\/strong>&#8211; Investidores exigem maior responsabilidade e retorno de valor da ind\u00fastria. Durante d\u00e9cadas, esses fatores dependiam mais das realidades do mercado. Hoje, essa expectativa \u00e9 maior e mais exigente, com pedidos de crescimento de fortuna corporativa em forma de aumento de dividendos, recompra de a\u00e7\u00f5es e maior retorno total para os acionistas.<\/p>\n<p><strong>8 &#8211; Encontrar um equil\u00edbrio entre cautela e coragem<\/strong>\u2013 Gra\u00e7as ao intenso corte de custos, foco nos fundamentos e o compromisso com a simplifica\u00e7\u00e3o do portf\u00f3lio, as fortunas de muitas empresas de minera\u00e7\u00e3o est\u00e3o em recupera\u00e7\u00e3o. No entanto, esta tentativa de reviravolta n\u00e3o pode remediar as restri\u00e7\u00f5es de oferta que atualmente assolam a ind\u00fastria. Nos 10 anos anteriores a 2016, a quantidade de ouro descoberta diminuiu 85%, portanto \u00e9 necess\u00e1rio encontrar um equil\u00edbrio entre as medidas de redu\u00e7\u00e3o de gastos e o investimento na busca de novas reservas.<\/p>\n<p><strong>9 &#8211; Realinhar sua Governan\u00e7a<\/strong>&#8211; Novas habilidades s\u00e3o necess\u00e1rias para ajudar a impulsionar a transforma\u00e7\u00e3o. De olho nisso, as empresas precisar\u00e3o garantir que a sua Governan\u00e7a tenha a diversidade de\u00a0<em>skills<\/em>\u00a0necess\u00e1rios para abra\u00e7ar as mudan\u00e7as, ganhar a aprova\u00e7\u00e3o das autoridades e da sociedade, investidores e outros\u00a0<em>stakeholders<\/em>, assim como reparar imagens negativas.<\/p>\n<p><strong>10 &#8211; Prever as commodities do futuro<\/strong>\u2013 Para avaliar em quais commodities investir e\/ou desinvestir, as empresas precisam manter o foco nas demandas flutuantes do consumidor global, nas mudan\u00e7as demogr\u00e1ficas e econ\u00f4micas, nos efeitos das mudan\u00e7as clim\u00e1ticas e na ado\u00e7\u00e3o de novas tecnologias pelo mercado.<\/p>\n","protected":false},"excerpt":{"rendered":"<p>Para impulsionar a transforma\u00e7\u00e3o do segmento e o crescimento sustent\u00e1vel, as empresas precisar\u00e3o inovar e se preparar para o futuro<\/p>\n","protected":false},"author":2,"featured_media":1834,"comment_status":"open","ping_status":"closed","sticky":false,"template":"","format":"standard","meta":{"_acf_changed":false,"footnotes":""},"categories":[1],"tags":[],"class_list":["post-855","post","type-post","status-publish","format-standard","has-post-thumbnail","hentry","category-sem-categoria"],"acf":[],"yoast_head":"<!-- This site is optimized with the Yoast SEO plugin v27.1.1 - https:\/\/yoast.com\/product\/yoast-seo-wordpress\/ -->\n<title>Desafios do setor de minera\u00e7\u00e3o exigem postura transformadora - Jornada da Sustentabilidade, oferecido por Deloitte<\/title>\n<meta name=\"robots\" content=\"index, follow, max-snippet:-1, max-image-preview:large, max-video-preview:-1\" \/>\n<link rel=\"canonical\" href=\"https:\/\/patrocinados.estadao.com.br\/deloitte-jornada-da-sustentabilidade\/2018\/09\/18\/desafios-do-setor-de-mineracao-exigem-postura-transformadora\/\" \/>\n<meta property=\"og:locale\" content=\"pt_BR\" \/>\n<meta property=\"og:type\" content=\"article\" \/>\n<meta property=\"og:title\" content=\"Desafios do setor de minera\u00e7\u00e3o exigem postura transformadora - Jornada da Sustentabilidade, oferecido por Deloitte\" \/>\n<meta property=\"og:description\" content=\"Para impulsionar a transforma\u00e7\u00e3o do segmento e o crescimento sustent\u00e1vel, as empresas precisar\u00e3o inovar e se preparar para o futuro\" \/>\n<meta property=\"og:url\" content=\"https:\/\/patrocinados.estadao.com.br\/deloitte-jornada-da-sustentabilidade\/2018\/09\/18\/desafios-do-setor-de-mineracao-exigem-postura-transformadora\/\" \/>\n<meta property=\"og:site_name\" content=\"Jornada da Sustentabilidade, oferecido por Deloitte\" \/>\n<meta property=\"article:published_time\" content=\"2018-09-18T16:01:02+00:00\" \/>\n<meta property=\"article:modified_time\" content=\"2021-09-20T14:43:33+00:00\" \/>\n<meta property=\"og:image\" content=\"https:\/\/patrocinados.estadao.com.br\/deloitte-jornada-da-sustentabilidade\/wp-content\/uploads\/2021\/09\/Mineracao-deloitte.jpg\" \/>\n\t<meta property=\"og:image:width\" content=\"760\" \/>\n\t<meta property=\"og:image:height\" content=\"428\" \/>\n\t<meta property=\"og:image:type\" content=\"image\/jpeg\" \/>\n<meta name=\"author\" content=\"Geosfera\" \/>\n<meta name=\"twitter:card\" content=\"summary_large_image\" \/>\n<meta name=\"twitter:label1\" content=\"Escrito por\" \/>\n\t<meta name=\"twitter:data1\" content=\"Geosfera\" \/>\n\t<meta name=\"twitter:label2\" content=\"Est. tempo de leitura\" \/>\n\t<meta name=\"twitter:data2\" content=\"6 minutos\" \/>\n<script type=\"application\/ld+json\" class=\"yoast-schema-graph\">{\"@context\":\"https:\/\/schema.org\",\"@graph\":[{\"@type\":\"Article\",\"@id\":\"https:\/\/patrocinados.estadao.com.br\/deloitte-jornada-da-sustentabilidade\/2018\/09\/18\/desafios-do-setor-de-mineracao-exigem-postura-transformadora\/#article\",\"isPartOf\":{\"@id\":\"https:\/\/patrocinados.estadao.com.br\/deloitte-jornada-da-sustentabilidade\/2018\/09\/18\/desafios-do-setor-de-mineracao-exigem-postura-transformadora\/\"},\"author\":{\"name\":\"Geosfera\",\"@id\":\"https:\/\/patrocinados.estadao.com.br\/deloitte-jornada-da-sustentabilidade\/#\/schema\/person\/9be56940425d4f31e0c82015d0fd725f\"},\"headline\":\"Desafios do setor de minera\u00e7\u00e3o exigem postura transformadora\",\"datePublished\":\"2018-09-18T16:01:02+00:00\",\"dateModified\":\"2021-09-20T14:43:33+00:00\",\"mainEntityOfPage\":{\"@id\":\"https:\/\/patrocinados.estadao.com.br\/deloitte-jornada-da-sustentabilidade\/2018\/09\/18\/desafios-do-setor-de-mineracao-exigem-postura-transformadora\/\"},\"wordCount\":1206,\"commentCount\":0,\"image\":{\"@id\":\"https:\/\/patrocinados.estadao.com.br\/deloitte-jornada-da-sustentabilidade\/2018\/09\/18\/desafios-do-setor-de-mineracao-exigem-postura-transformadora\/#primaryimage\"},\"thumbnailUrl\":\"https:\/\/patrocinados.estadao.com.br\/deloitte-jornada-da-sustentabilidade\/wp-content\/uploads\/2021\/09\/Mineracao-deloitte.jpg\",\"inLanguage\":\"pt-BR\",\"potentialAction\":[{\"@type\":\"CommentAction\",\"name\":\"Comment\",\"target\":[\"https:\/\/patrocinados.estadao.com.br\/deloitte-jornada-da-sustentabilidade\/2018\/09\/18\/desafios-do-setor-de-mineracao-exigem-postura-transformadora\/#respond\"]}]},{\"@type\":\"WebPage\",\"@id\":\"https:\/\/patrocinados.estadao.com.br\/deloitte-jornada-da-sustentabilidade\/2018\/09\/18\/desafios-do-setor-de-mineracao-exigem-postura-transformadora\/\",\"url\":\"https:\/\/patrocinados.estadao.com.br\/deloitte-jornada-da-sustentabilidade\/2018\/09\/18\/desafios-do-setor-de-mineracao-exigem-postura-transformadora\/\",\"name\":\"Desafios do setor de minera\u00e7\u00e3o exigem postura transformadora - Jornada da Sustentabilidade, oferecido por Deloitte\",\"isPartOf\":{\"@id\":\"https:\/\/patrocinados.estadao.com.br\/deloitte-jornada-da-sustentabilidade\/#website\"},\"primaryImageOfPage\":{\"@id\":\"https:\/\/patrocinados.estadao.com.br\/deloitte-jornada-da-sustentabilidade\/2018\/09\/18\/desafios-do-setor-de-mineracao-exigem-postura-transformadora\/#primaryimage\"},\"image\":{\"@id\":\"https:\/\/patrocinados.estadao.com.br\/deloitte-jornada-da-sustentabilidade\/2018\/09\/18\/desafios-do-setor-de-mineracao-exigem-postura-transformadora\/#primaryimage\"},\"thumbnailUrl\":\"https:\/\/patrocinados.estadao.com.br\/deloitte-jornada-da-sustentabilidade\/wp-content\/uploads\/2021\/09\/Mineracao-deloitte.jpg\",\"datePublished\":\"2018-09-18T16:01:02+00:00\",\"dateModified\":\"2021-09-20T14:43:33+00:00\",\"author\":{\"@id\":\"https:\/\/patrocinados.estadao.com.br\/deloitte-jornada-da-sustentabilidade\/#\/schema\/person\/9be56940425d4f31e0c82015d0fd725f\"},\"breadcrumb\":{\"@id\":\"https:\/\/patrocinados.estadao.com.br\/deloitte-jornada-da-sustentabilidade\/2018\/09\/18\/desafios-do-setor-de-mineracao-exigem-postura-transformadora\/#breadcrumb\"},\"inLanguage\":\"pt-BR\",\"potentialAction\":[{\"@type\":\"ReadAction\",\"target\":[\"https:\/\/patrocinados.estadao.com.br\/deloitte-jornada-da-sustentabilidade\/2018\/09\/18\/desafios-do-setor-de-mineracao-exigem-postura-transformadora\/\"]}]},{\"@type\":\"ImageObject\",\"inLanguage\":\"pt-BR\",\"@id\":\"https:\/\/patrocinados.estadao.com.br\/deloitte-jornada-da-sustentabilidade\/2018\/09\/18\/desafios-do-setor-de-mineracao-exigem-postura-transformadora\/#primaryimage\",\"url\":\"https:\/\/patrocinados.estadao.com.br\/deloitte-jornada-da-sustentabilidade\/wp-content\/uploads\/2021\/09\/Mineracao-deloitte.jpg\",\"contentUrl\":\"https:\/\/patrocinados.estadao.com.br\/deloitte-jornada-da-sustentabilidade\/wp-content\/uploads\/2021\/09\/Mineracao-deloitte.jpg\",\"width\":760,\"height\":428},{\"@type\":\"BreadcrumbList\",\"@id\":\"https:\/\/patrocinados.estadao.com.br\/deloitte-jornada-da-sustentabilidade\/2018\/09\/18\/desafios-do-setor-de-mineracao-exigem-postura-transformadora\/#breadcrumb\",\"itemListElement\":[{\"@type\":\"ListItem\",\"position\":1,\"name\":\"In\u00edcio\",\"item\":\"https:\/\/patrocinados.estadao.com.br\/deloitte-jornada-da-sustentabilidade\/\"},{\"@type\":\"ListItem\",\"position\":2,\"name\":\"Desafios do setor de minera\u00e7\u00e3o exigem postura transformadora\"}]},{\"@type\":\"WebSite\",\"@id\":\"https:\/\/patrocinados.estadao.com.br\/deloitte-jornada-da-sustentabilidade\/#website\",\"url\":\"https:\/\/patrocinados.estadao.com.br\/deloitte-jornada-da-sustentabilidade\/\",\"name\":\"Jornada da Sustentabilidade, oferecido por Deloitte\",\"description\":\"Solu\u00e7\u00f5es de governan\u00e7a corporativa para seus desafios de neg\u00f3cios\",\"potentialAction\":[{\"@type\":\"SearchAction\",\"target\":{\"@type\":\"EntryPoint\",\"urlTemplate\":\"https:\/\/patrocinados.estadao.com.br\/deloitte-jornada-da-sustentabilidade\/?s={search_term_string}\"},\"query-input\":{\"@type\":\"PropertyValueSpecification\",\"valueRequired\":true,\"valueName\":\"search_term_string\"}}],\"inLanguage\":\"pt-BR\"},{\"@type\":\"Person\",\"@id\":\"https:\/\/patrocinados.estadao.com.br\/deloitte-jornada-da-sustentabilidade\/#\/schema\/person\/9be56940425d4f31e0c82015d0fd725f\",\"name\":\"Geosfera\",\"image\":{\"@type\":\"ImageObject\",\"inLanguage\":\"pt-BR\",\"@id\":\"https:\/\/patrocinados.estadao.com.br\/deloitte-jornada-da-sustentabilidade\/#\/schema\/person\/image\/\",\"url\":\"https:\/\/secure.gravatar.com\/avatar\/9d33d40efdce4963188a84bd4777a5f81f7c8e9cfcc15e6853c05f5cfee4c0ab?s=96&d=mm&r=g\",\"contentUrl\":\"https:\/\/secure.gravatar.com\/avatar\/9d33d40efdce4963188a84bd4777a5f81f7c8e9cfcc15e6853c05f5cfee4c0ab?s=96&d=mm&r=g\",\"caption\":\"Geosfera\"},\"sameAs\":[\"http:\/\/geosfera.com.br\"],\"url\":\"https:\/\/patrocinados.estadao.com.br\/deloitte-jornada-da-sustentabilidade\/author\/geosfera_deloitte\/\"}]}<\/script>\n<!-- \/ Yoast SEO plugin. -->","yoast_head_json":{"title":"Desafios do setor de minera\u00e7\u00e3o exigem postura transformadora - Jornada da Sustentabilidade, oferecido por Deloitte","robots":{"index":"index","follow":"follow","max-snippet":"max-snippet:-1","max-image-preview":"max-image-preview:large","max-video-preview":"max-video-preview:-1"},"canonical":"https:\/\/patrocinados.estadao.com.br\/deloitte-jornada-da-sustentabilidade\/2018\/09\/18\/desafios-do-setor-de-mineracao-exigem-postura-transformadora\/","og_locale":"pt_BR","og_type":"article","og_title":"Desafios do setor de minera\u00e7\u00e3o exigem postura transformadora - Jornada da Sustentabilidade, oferecido por Deloitte","og_description":"Para impulsionar a transforma\u00e7\u00e3o do segmento e o crescimento sustent\u00e1vel, as empresas precisar\u00e3o inovar e se preparar para o futuro","og_url":"https:\/\/patrocinados.estadao.com.br\/deloitte-jornada-da-sustentabilidade\/2018\/09\/18\/desafios-do-setor-de-mineracao-exigem-postura-transformadora\/","og_site_name":"Jornada da Sustentabilidade, oferecido por Deloitte","article_published_time":"2018-09-18T16:01:02+00:00","article_modified_time":"2021-09-20T14:43:33+00:00","og_image":[{"width":760,"height":428,"url":"https:\/\/patrocinados.estadao.com.br\/deloitte-jornada-da-sustentabilidade\/wp-content\/uploads\/2021\/09\/Mineracao-deloitte.jpg","type":"image\/jpeg"}],"author":"Geosfera","twitter_card":"summary_large_image","twitter_misc":{"Escrito por":"Geosfera","Est. tempo de leitura":"6 minutos"},"schema":{"@context":"https:\/\/schema.org","@graph":[{"@type":"Article","@id":"https:\/\/patrocinados.estadao.com.br\/deloitte-jornada-da-sustentabilidade\/2018\/09\/18\/desafios-do-setor-de-mineracao-exigem-postura-transformadora\/#article","isPartOf":{"@id":"https:\/\/patrocinados.estadao.com.br\/deloitte-jornada-da-sustentabilidade\/2018\/09\/18\/desafios-do-setor-de-mineracao-exigem-postura-transformadora\/"},"author":{"name":"Geosfera","@id":"https:\/\/patrocinados.estadao.com.br\/deloitte-jornada-da-sustentabilidade\/#\/schema\/person\/9be56940425d4f31e0c82015d0fd725f"},"headline":"Desafios do setor de minera\u00e7\u00e3o exigem postura transformadora","datePublished":"2018-09-18T16:01:02+00:00","dateModified":"2021-09-20T14:43:33+00:00","mainEntityOfPage":{"@id":"https:\/\/patrocinados.estadao.com.br\/deloitte-jornada-da-sustentabilidade\/2018\/09\/18\/desafios-do-setor-de-mineracao-exigem-postura-transformadora\/"},"wordCount":1206,"commentCount":0,"image":{"@id":"https:\/\/patrocinados.estadao.com.br\/deloitte-jornada-da-sustentabilidade\/2018\/09\/18\/desafios-do-setor-de-mineracao-exigem-postura-transformadora\/#primaryimage"},"thumbnailUrl":"https:\/\/patrocinados.estadao.com.br\/deloitte-jornada-da-sustentabilidade\/wp-content\/uploads\/2021\/09\/Mineracao-deloitte.jpg","inLanguage":"pt-BR","potentialAction":[{"@type":"CommentAction","name":"Comment","target":["https:\/\/patrocinados.estadao.com.br\/deloitte-jornada-da-sustentabilidade\/2018\/09\/18\/desafios-do-setor-de-mineracao-exigem-postura-transformadora\/#respond"]}]},{"@type":"WebPage","@id":"https:\/\/patrocinados.estadao.com.br\/deloitte-jornada-da-sustentabilidade\/2018\/09\/18\/desafios-do-setor-de-mineracao-exigem-postura-transformadora\/","url":"https:\/\/patrocinados.estadao.com.br\/deloitte-jornada-da-sustentabilidade\/2018\/09\/18\/desafios-do-setor-de-mineracao-exigem-postura-transformadora\/","name":"Desafios do setor de minera\u00e7\u00e3o exigem postura transformadora - Jornada da Sustentabilidade, oferecido por Deloitte","isPartOf":{"@id":"https:\/\/patrocinados.estadao.com.br\/deloitte-jornada-da-sustentabilidade\/#website"},"primaryImageOfPage":{"@id":"https:\/\/patrocinados.estadao.com.br\/deloitte-jornada-da-sustentabilidade\/2018\/09\/18\/desafios-do-setor-de-mineracao-exigem-postura-transformadora\/#primaryimage"},"image":{"@id":"https:\/\/patrocinados.estadao.com.br\/deloitte-jornada-da-sustentabilidade\/2018\/09\/18\/desafios-do-setor-de-mineracao-exigem-postura-transformadora\/#primaryimage"},"thumbnailUrl":"https:\/\/patrocinados.estadao.com.br\/deloitte-jornada-da-sustentabilidade\/wp-content\/uploads\/2021\/09\/Mineracao-deloitte.jpg","datePublished":"2018-09-18T16:01:02+00:00","dateModified":"2021-09-20T14:43:33+00:00","author":{"@id":"https:\/\/patrocinados.estadao.com.br\/deloitte-jornada-da-sustentabilidade\/#\/schema\/person\/9be56940425d4f31e0c82015d0fd725f"},"breadcrumb":{"@id":"https:\/\/patrocinados.estadao.com.br\/deloitte-jornada-da-sustentabilidade\/2018\/09\/18\/desafios-do-setor-de-mineracao-exigem-postura-transformadora\/#breadcrumb"},"inLanguage":"pt-BR","potentialAction":[{"@type":"ReadAction","target":["https:\/\/patrocinados.estadao.com.br\/deloitte-jornada-da-sustentabilidade\/2018\/09\/18\/desafios-do-setor-de-mineracao-exigem-postura-transformadora\/"]}]},{"@type":"ImageObject","inLanguage":"pt-BR","@id":"https:\/\/patrocinados.estadao.com.br\/deloitte-jornada-da-sustentabilidade\/2018\/09\/18\/desafios-do-setor-de-mineracao-exigem-postura-transformadora\/#primaryimage","url":"https:\/\/patrocinados.estadao.com.br\/deloitte-jornada-da-sustentabilidade\/wp-content\/uploads\/2021\/09\/Mineracao-deloitte.jpg","contentUrl":"https:\/\/patrocinados.estadao.com.br\/deloitte-jornada-da-sustentabilidade\/wp-content\/uploads\/2021\/09\/Mineracao-deloitte.jpg","width":760,"height":428},{"@type":"BreadcrumbList","@id":"https:\/\/patrocinados.estadao.com.br\/deloitte-jornada-da-sustentabilidade\/2018\/09\/18\/desafios-do-setor-de-mineracao-exigem-postura-transformadora\/#breadcrumb","itemListElement":[{"@type":"ListItem","position":1,"name":"In\u00edcio","item":"https:\/\/patrocinados.estadao.com.br\/deloitte-jornada-da-sustentabilidade\/"},{"@type":"ListItem","position":2,"name":"Desafios do setor de minera\u00e7\u00e3o exigem postura transformadora"}]},{"@type":"WebSite","@id":"https:\/\/patrocinados.estadao.com.br\/deloitte-jornada-da-sustentabilidade\/#website","url":"https:\/\/patrocinados.estadao.com.br\/deloitte-jornada-da-sustentabilidade\/","name":"Jornada da Sustentabilidade, oferecido por Deloitte","description":"Solu\u00e7\u00f5es de governan\u00e7a corporativa para seus desafios de neg\u00f3cios","potentialAction":[{"@type":"SearchAction","target":{"@type":"EntryPoint","urlTemplate":"https:\/\/patrocinados.estadao.com.br\/deloitte-jornada-da-sustentabilidade\/?s={search_term_string}"},"query-input":{"@type":"PropertyValueSpecification","valueRequired":true,"valueName":"search_term_string"}}],"inLanguage":"pt-BR"},{"@type":"Person","@id":"https:\/\/patrocinados.estadao.com.br\/deloitte-jornada-da-sustentabilidade\/#\/schema\/person\/9be56940425d4f31e0c82015d0fd725f","name":"Geosfera","image":{"@type":"ImageObject","inLanguage":"pt-BR","@id":"https:\/\/patrocinados.estadao.com.br\/deloitte-jornada-da-sustentabilidade\/#\/schema\/person\/image\/","url":"https:\/\/secure.gravatar.com\/avatar\/9d33d40efdce4963188a84bd4777a5f81f7c8e9cfcc15e6853c05f5cfee4c0ab?s=96&d=mm&r=g","contentUrl":"https:\/\/secure.gravatar.com\/avatar\/9d33d40efdce4963188a84bd4777a5f81f7c8e9cfcc15e6853c05f5cfee4c0ab?s=96&d=mm&r=g","caption":"Geosfera"},"sameAs":["http:\/\/geosfera.com.br"],"url":"https:\/\/patrocinados.estadao.com.br\/deloitte-jornada-da-sustentabilidade\/author\/geosfera_deloitte\/"}]}},"_links":{"self":[{"href":"https:\/\/patrocinados.estadao.com.br\/deloitte-jornada-da-sustentabilidade\/wp-json\/wp\/v2\/posts\/855","targetHints":{"allow":["GET"]}}],"collection":[{"href":"https:\/\/patrocinados.estadao.com.br\/deloitte-jornada-da-sustentabilidade\/wp-json\/wp\/v2\/posts"}],"about":[{"href":"https:\/\/patrocinados.estadao.com.br\/deloitte-jornada-da-sustentabilidade\/wp-json\/wp\/v2\/types\/post"}],"author":[{"embeddable":true,"href":"https:\/\/patrocinados.estadao.com.br\/deloitte-jornada-da-sustentabilidade\/wp-json\/wp\/v2\/users\/2"}],"replies":[{"embeddable":true,"href":"https:\/\/patrocinados.estadao.com.br\/deloitte-jornada-da-sustentabilidade\/wp-json\/wp\/v2\/comments?post=855"}],"version-history":[{"count":1,"href":"https:\/\/patrocinados.estadao.com.br\/deloitte-jornada-da-sustentabilidade\/wp-json\/wp\/v2\/posts\/855\/revisions"}],"predecessor-version":[{"id":1895,"href":"https:\/\/patrocinados.estadao.com.br\/deloitte-jornada-da-sustentabilidade\/wp-json\/wp\/v2\/posts\/855\/revisions\/1895"}],"wp:featuredmedia":[{"embeddable":true,"href":"https:\/\/patrocinados.estadao.com.br\/deloitte-jornada-da-sustentabilidade\/wp-json\/wp\/v2\/media\/1834"}],"wp:attachment":[{"href":"https:\/\/patrocinados.estadao.com.br\/deloitte-jornada-da-sustentabilidade\/wp-json\/wp\/v2\/media?parent=855"}],"wp:term":[{"taxonomy":"category","embeddable":true,"href":"https:\/\/patrocinados.estadao.com.br\/deloitte-jornada-da-sustentabilidade\/wp-json\/wp\/v2\/categories?post=855"},{"taxonomy":"post_tag","embeddable":true,"href":"https:\/\/patrocinados.estadao.com.br\/deloitte-jornada-da-sustentabilidade\/wp-json\/wp\/v2\/tags?post=855"}],"curies":[{"name":"wp","href":"https:\/\/api.w.org\/{rel}","templated":true}]}}