{"id":708,"date":"2018-05-29T15:11:19","date_gmt":"2018-05-29T15:11:19","guid":{"rendered":"https:\/\/patrocinados.estadao.com.br\/deloitte-esg-esg\/?p=708"},"modified":"2021-09-20T11:48:13","modified_gmt":"2021-09-20T14:48:13","slug":"postura-preventiva-reduziria-necessidade-de-acordos-com-orgaos-publicos","status":"publish","type":"post","link":"https:\/\/patrocinados.estadao.com.br\/deloitte-jornada-da-sustentabilidade\/2018\/05\/29\/postura-preventiva-reduziria-necessidade-de-acordos-com-orgaos-publicos\/","title":{"rendered":"Preven\u00e7\u00e3o reduziria necessidade de acordos com \u00f3rg\u00e3os p\u00fablicos"},"content":{"rendered":"<p>Por meio do levantamento \u201c<a href=\"https:\/\/www2.deloitte.com\/br\/pt\/pages\/risk\/articles\/acordos-de-colaboracao.html\">Acordos de Colabora\u00e7\u00e3o 2018 \u2013 Percep\u00e7\u00e3o do Empresariado sobre o Tema e Pr\u00e1ticas Adotadas\u201d<\/a>, elaborado pela Deloitte em parceira com o IBDEE (Instituto Brasileiro de Direito e \u00c9tica Empresarial), nos \u00faltimos cinco anos, as empresas participantes do estudo realizaram, em m\u00e9dia, quatro acordos por ano com \u00f3rg\u00e3os p\u00fablicos.<\/p>\n<p>\u201cNotamos um crescimento expressivo de acordos sendo firmados com \u00f3rg\u00e3os p\u00fablicos, seja na modalidade de Termos de Acordo de Conduta ou em Acordos de Leni\u00eancia. Nosso foco \u00e9 entender o porqu\u00ea deste aumento: n\u00e3o seria mais f\u00e1cil trabalhar na preven\u00e7\u00e3o das irregularidades e n\u00e3o conformidades (Compliance), em vez de assumir publicamente o erro e se comprometer a resolv\u00ea-lo, muitas vezes a um custo bastante alto?\u201d, pondera Camila Ara\u00fajo, s\u00f3cia da \u00e1rea de Risco Regulat\u00f3rio da Deloitte.<\/p>\n<p>Giuseppe Giamundo Neto, vice-presidente do IBDEE, concorda com a import\u00e2ncia de uma postura mais preventiva por parte das empresas, que poderiam assim evitar a necessidade de acordos. Destaca, por\u00e9m, o posicionamento do Poder P\u00fablico que, segundo ele, hoje tende a ser muito mais pragm\u00e1tico e utilitarista, valendo-se da coopera\u00e7\u00e3o com as empresas infratoras, para alcance de resultados \u00fateis e mais c\u00e9leres. \u201cNesse contexto, \u00e9 fundamental que as empresas estejam preparadas e capacitadas para a utiliza\u00e7\u00e3o desse novo modelo de ajuste de substitui\u00e7\u00e3o de san\u00e7\u00f5es e de conformidade \u00e0 lei\u201d, alerta.<\/p>\n<p><strong>Envolvimento deve ir al\u00e9m do Jur\u00eddico<\/strong><\/p>\n<p>O estudo destaca tamb\u00e9m o papel do Jur\u00eddico neste processo, evidenciando a necessidade do envolvimento de outras \u00e1reas, para melhores resultados. \u201cO Departamento Jur\u00eddico das empresas tem um papel relevante na negocia\u00e7\u00e3o dos acordos, entretanto n\u00e3o tem condi\u00e7\u00f5es de mitigar as causas dos problemas que originaram as irregularidades num primeiro momento. Os advogados, muitas vezes, t\u00eam a responsabilidade, o interesse, mas n\u00e3o t\u00eam o or\u00e7amento, ou at\u00e9 mesmo o conhecimento necess\u00e1rio para tratar das causas. \u00a0E, portanto, deveriam contar com apoio de outras \u00e1reas da companhia, como Compliance, Auditoria Interna, Financeiro, Projetos etc.\u201d, explica Camila Ara\u00fajo.<\/p>\n<p>Segundo ela, essa colabora\u00e7\u00e3o interna ainda \u00e9 algo novo e depende muito das diretrizes da Alta Administra\u00e7\u00e3o. O fato de as empresas assinarem, em m\u00e9dia, quatro acordos por ano, pode demonstrar, na vis\u00e3o da executiva, um desinteresse no fortalecimento do Compliance, que teria como principal papel mitigar as causas dos problemas. \u201cPercebe-se que as empresas t\u00eam achado \u2018mais simples\u2019 assinar acordos, do que mudar suas estruturas internas de processos e controles\u201d, pontua.<\/p>\n<p>Giuseppe Giamundo Neto complementa: \u201cal\u00e9m dos aspectos jur\u00eddicos envolvidos, todo e qualquer acordo firmado com o Poder P\u00fablico, que substitua san\u00e7\u00f5es ou que busque a conformidade da empresa \u00e0 lei, tem reflexos financeiros e operacionais\u201d.<\/p>\n<p>Por isso, ele lembra que, antes de celebrar o ajuste, a empresa precisa fazer um planejamento de custos e de execu\u00e7\u00e3o, de modo a dar cumprimento ao que pretende se obrigar. \u201cCaso n\u00e3o haja esse planejamento, as consequ\u00eancias podem ser catastr\u00f3ficas, tanto sob o aspecto patrimonial, como de imagem. Desse modo, \u00e9 fundamental a participa\u00e7\u00e3o de todas as \u00e1reas da empresa que, de modo direto ou indireto, sejam afetadas ou que possam contribuir para a consecu\u00e7\u00e3o do acordo. O Financeiro\/Cont\u00e1bil e a Auditoria Interna\/Compliance, portanto, t\u00eam papel fundamental para o sucesso da colabora\u00e7\u00e3o\u201d.<\/p>\n<p><strong>Acordos de colabora\u00e7\u00e3o s\u00e3o maioria entre empresas <\/strong><\/p>\n<p>A <a href=\"https:\/\/www2.deloitte.com\/br\/pt\/pages\/risk\/articles\/acordos-de-colaboracao.html\">pesquisa<\/a> (com respostas m\u00faltiplas) aponta que os acordos mais frequentes firmados com \u00f3rg\u00e3os p\u00fablicos s\u00e3o TACs (Termo de Ajustamento de Conduta), com 80% das respostas, e Acordos de Leni\u00eancia, com 30%.<\/p>\n<p>Os TACs s\u00e3o instrumentos mais antigos, e t\u00eam sido bastante usados, porque podem ser negociados por qualquer esfera governamental. \u201cIsso quer dizer que, al\u00e9m do Minist\u00e9rio P\u00fablico, a Uni\u00e3o, os Estados, os Munic\u00edpios, as autarquias e funda\u00e7\u00f5es podem celebr\u00e1-lo. Al\u00e9m disso, seu objeto pode envolver mat\u00e9rias de variadas naturezas, como Direito do Trabalho, Direito Imobili\u00e1rio, Direito do Consumidor, dentre outras, o que faz com que a celebra\u00e7\u00e3o de TACs seja muito mais comum para uma empresa do que outros tipos de acordo\u201d, esclarece o vice-presidente do IBDEE.<\/p>\n<p>\u201cJ\u00e1 os Acordos de Leni\u00eancia, mais recentemente, t\u00eam sido utilizados em resposta ao fortalecimento das leis anticorrup\u00e7\u00e3o e das investiga\u00e7\u00f5es em andamento\u201d, esclarece Camila Ara\u00fajo.<\/p>\n<p>A natureza dos acordos de colabora\u00e7\u00e3o celebrados pelas empresas foi, em sua maioria, Trabalhista (67%), seguida por Seguran\u00e7a, Sa\u00fade e Meio Ambiente (56%). A pesquisa aponta que, para 74% dos respondentes, o principal desafio enfrentado durante Acordos de Colabora\u00e7\u00e3o \u00e9 atender aos crit\u00e9rios de fiscaliza\u00e7\u00e3o do poder p\u00fablico.<\/p>\n<p>\u201cO interesse do \u00f3rg\u00e3o p\u00fablico deveria ser de apoiar as empresas a resolverem o problema interno que causou a irregularidade. Hoje, o que vemos, \u00e9 o interesse do \u00f3rg\u00e3o p\u00fablico, muitas vezes, de punir publicamente e arrecadar fundos por meio de multas, sem se preocupar se a companhia ter\u00e1 condi\u00e7\u00f5es de cumprir o acordo ou n\u00e3o (afinal, a empresa deveria advogar por causa pr\u00f3pria)\u201d, alerta Camila.<\/p>\n<p>E ela continua, ao destacar a import\u00e2ncia de medidas preventivas, que mitiguem riscos dessa natureza: \u201cacordos n\u00e3o cumpridos podem causar a pris\u00e3o dos envolvidos e novas multas, al\u00e9m de um impacto enorme na reputa\u00e7\u00e3o da empresa. Leva-se anos para reconstruir a reputa\u00e7\u00e3o, a um custo bastante alto\u201d.<\/p>\n<p><strong>Apoio geral dos envolvidos<\/strong><\/p>\n<p>Nas etapas de planejamento, execu\u00e7\u00e3o e monitoramento de Acordos de Colabora\u00e7\u00e3o, destaca-se a necessidade de contar com o trabalho de todos os envolvidos, para melhor endere\u00e7ar, e tratar, os gaps regulat\u00f3rios, como mostra o quadro abaixo:<\/p>\n<p style=\"text-align: center;\"><a style=\"text-align: center;\" href=\"https:\/\/patrocinados.estadao.com.br\/deloitte-esg-esg\/wp-content\/uploads\/sites\/39\/2018\/05\/Sem-t\u00edtulo.jpg\"><img loading=\"lazy\" decoding=\"async\" class=\"wp-image-709 size-full aligncenter\" src=\"https:\/\/patrocinados.estadao.com.br\/deloitte-esg-esg\/wp-content\/uploads\/sites\/39\/2018\/05\/Sem-t\u00edtulo.jpg\" alt=\"\" width=\"234\" height=\"239\" \/><\/a><\/p>\n<p><strong>Planejamento<\/strong><\/p>\n<ul>\n<li>Acompanhamento das negocia\u00e7\u00f5es com \u00f3rg\u00e3o p\u00fablico;<\/li>\n<li>Benchmarking com signat\u00e1rios de acordos similares;<\/li>\n<li>An\u00e1lise geral de riscos;<\/li>\n<li>Forma\u00e7\u00e3o de equipe multidisciplinar interna;<\/li>\n<li>Plano de comunica\u00e7\u00e3o interno\/externo.<\/li>\n<\/ul>\n<p><strong>Execu\u00e7\u00e3o<\/strong><\/p>\n<ul>\n<li>Desenho de processos e controles de resposta;<\/li>\n<li>Elabora\u00e7\u00e3o de protocolos, pol\u00edticas e procedimentos;<\/li>\n<li>Treinamentos e capacita\u00e7\u00e3o das equipes;<\/li>\n<li>Gest\u00e3o do relacionamento com \u00f3rg\u00e3o p\u00fablico.<\/li>\n<\/ul>\n<p><strong>Monitoramento<\/strong><\/p>\n<ul>\n<li>Project Management Office;<\/li>\n<li>Monitoramento de riscos;<\/li>\n<li>An\u00e1lise de performance;<\/li>\n<li>Acompanhamento de cl\u00e1usulas cr\u00edticas;<\/li>\n<li>Monitoramento da percep\u00e7\u00e3o de stakeholders.<\/li>\n<\/ul>\n<p><strong>Para acesso ao Centro de Governan\u00e7a Corporativa Deloitte, visite:<\/strong><\/p>\n<p><a href=\"https:\/\/www2.deloitte.com\/br\/pt\/pages\/governance-risk-and-compliance\/topics\/dttl-global-center-for-corporate-governance.html\">https:\/\/www2.deloitte.com\/br\/pt\/pages\/governance-risk-and-compliance\/topics\/dttl-global-center-for-corporate-governance.html<\/a><\/p>\n","protected":false},"excerpt":{"rendered":"<p>Levantamento da Deloitte analisa o posicionamento das empresas nos acordos com institui\u00e7\u00f5es governamentais<\/p>\n","protected":false},"author":2,"featured_media":1809,"comment_status":"open","ping_status":"closed","sticky":false,"template":"","format":"standard","meta":{"_acf_changed":false,"footnotes":""},"categories":[1],"tags":[],"class_list":["post-708","post","type-post","status-publish","format-standard","has-post-thumbnail","hentry","category-sem-categoria"],"acf":[],"yoast_head":"<!-- This site is optimized with the Yoast SEO plugin v27.1.1 - https:\/\/yoast.com\/product\/yoast-seo-wordpress\/ -->\n<title>Preven\u00e7\u00e3o reduziria necessidade de acordos com \u00f3rg\u00e3os p\u00fablicos - Jornada da Sustentabilidade, oferecido por Deloitte<\/title>\n<meta name=\"robots\" content=\"index, follow, max-snippet:-1, max-image-preview:large, max-video-preview:-1\" \/>\n<link rel=\"canonical\" href=\"https:\/\/patrocinados.estadao.com.br\/deloitte-jornada-da-sustentabilidade\/2018\/05\/29\/postura-preventiva-reduziria-necessidade-de-acordos-com-orgaos-publicos\/\" \/>\n<meta property=\"og:locale\" content=\"pt_BR\" \/>\n<meta property=\"og:type\" content=\"article\" \/>\n<meta property=\"og:title\" content=\"Preven\u00e7\u00e3o reduziria necessidade de acordos com \u00f3rg\u00e3os p\u00fablicos - Jornada da Sustentabilidade, oferecido por Deloitte\" \/>\n<meta property=\"og:description\" content=\"Levantamento da Deloitte analisa o posicionamento das empresas nos acordos com institui\u00e7\u00f5es governamentais\" \/>\n<meta property=\"og:url\" content=\"https:\/\/patrocinados.estadao.com.br\/deloitte-jornada-da-sustentabilidade\/2018\/05\/29\/postura-preventiva-reduziria-necessidade-de-acordos-com-orgaos-publicos\/\" \/>\n<meta property=\"og:site_name\" content=\"Jornada da Sustentabilidade, oferecido por Deloitte\" \/>\n<meta property=\"article:published_time\" content=\"2018-05-29T15:11:19+00:00\" \/>\n<meta property=\"article:modified_time\" content=\"2021-09-20T14:48:13+00:00\" \/>\n<meta property=\"og:image\" content=\"https:\/\/patrocinados.estadao.com.br\/deloitte-jornada-da-sustentabilidade\/wp-content\/uploads\/2021\/09\/Estadao_29.05.2018.png\" \/>\n\t<meta property=\"og:image:width\" content=\"1181\" \/>\n\t<meta property=\"og:image:height\" content=\"1181\" \/>\n\t<meta property=\"og:image:type\" content=\"image\/png\" \/>\n<meta name=\"author\" content=\"Geosfera\" \/>\n<meta name=\"twitter:card\" content=\"summary_large_image\" \/>\n<meta name=\"twitter:label1\" content=\"Escrito por\" \/>\n\t<meta name=\"twitter:data1\" content=\"Geosfera\" \/>\n\t<meta name=\"twitter:label2\" content=\"Est. tempo de leitura\" \/>\n\t<meta name=\"twitter:data2\" content=\"5 minutos\" \/>\n<script type=\"application\/ld+json\" class=\"yoast-schema-graph\">{\"@context\":\"https:\/\/schema.org\",\"@graph\":[{\"@type\":\"Article\",\"@id\":\"https:\/\/patrocinados.estadao.com.br\/deloitte-jornada-da-sustentabilidade\/2018\/05\/29\/postura-preventiva-reduziria-necessidade-de-acordos-com-orgaos-publicos\/#article\",\"isPartOf\":{\"@id\":\"https:\/\/patrocinados.estadao.com.br\/deloitte-jornada-da-sustentabilidade\/2018\/05\/29\/postura-preventiva-reduziria-necessidade-de-acordos-com-orgaos-publicos\/\"},\"author\":{\"name\":\"Geosfera\",\"@id\":\"https:\/\/patrocinados.estadao.com.br\/deloitte-jornada-da-sustentabilidade\/#\/schema\/person\/9be56940425d4f31e0c82015d0fd725f\"},\"headline\":\"Preven\u00e7\u00e3o reduziria necessidade de acordos com \u00f3rg\u00e3os p\u00fablicos\",\"datePublished\":\"2018-05-29T15:11:19+00:00\",\"dateModified\":\"2021-09-20T14:48:13+00:00\",\"mainEntityOfPage\":{\"@id\":\"https:\/\/patrocinados.estadao.com.br\/deloitte-jornada-da-sustentabilidade\/2018\/05\/29\/postura-preventiva-reduziria-necessidade-de-acordos-com-orgaos-publicos\/\"},\"wordCount\":1087,\"commentCount\":0,\"image\":{\"@id\":\"https:\/\/patrocinados.estadao.com.br\/deloitte-jornada-da-sustentabilidade\/2018\/05\/29\/postura-preventiva-reduziria-necessidade-de-acordos-com-orgaos-publicos\/#primaryimage\"},\"thumbnailUrl\":\"https:\/\/patrocinados.estadao.com.br\/deloitte-jornada-da-sustentabilidade\/wp-content\/uploads\/2021\/09\/Estadao_29.05.2018.png\",\"inLanguage\":\"pt-BR\",\"potentialAction\":[{\"@type\":\"CommentAction\",\"name\":\"Comment\",\"target\":[\"https:\/\/patrocinados.estadao.com.br\/deloitte-jornada-da-sustentabilidade\/2018\/05\/29\/postura-preventiva-reduziria-necessidade-de-acordos-com-orgaos-publicos\/#respond\"]}]},{\"@type\":\"WebPage\",\"@id\":\"https:\/\/patrocinados.estadao.com.br\/deloitte-jornada-da-sustentabilidade\/2018\/05\/29\/postura-preventiva-reduziria-necessidade-de-acordos-com-orgaos-publicos\/\",\"url\":\"https:\/\/patrocinados.estadao.com.br\/deloitte-jornada-da-sustentabilidade\/2018\/05\/29\/postura-preventiva-reduziria-necessidade-de-acordos-com-orgaos-publicos\/\",\"name\":\"Preven\u00e7\u00e3o reduziria necessidade de acordos com \u00f3rg\u00e3os p\u00fablicos - Jornada da Sustentabilidade, oferecido por Deloitte\",\"isPartOf\":{\"@id\":\"https:\/\/patrocinados.estadao.com.br\/deloitte-jornada-da-sustentabilidade\/#website\"},\"primaryImageOfPage\":{\"@id\":\"https:\/\/patrocinados.estadao.com.br\/deloitte-jornada-da-sustentabilidade\/2018\/05\/29\/postura-preventiva-reduziria-necessidade-de-acordos-com-orgaos-publicos\/#primaryimage\"},\"image\":{\"@id\":\"https:\/\/patrocinados.estadao.com.br\/deloitte-jornada-da-sustentabilidade\/2018\/05\/29\/postura-preventiva-reduziria-necessidade-de-acordos-com-orgaos-publicos\/#primaryimage\"},\"thumbnailUrl\":\"https:\/\/patrocinados.estadao.com.br\/deloitte-jornada-da-sustentabilidade\/wp-content\/uploads\/2021\/09\/Estadao_29.05.2018.png\",\"datePublished\":\"2018-05-29T15:11:19+00:00\",\"dateModified\":\"2021-09-20T14:48:13+00:00\",\"author\":{\"@id\":\"https:\/\/patrocinados.estadao.com.br\/deloitte-jornada-da-sustentabilidade\/#\/schema\/person\/9be56940425d4f31e0c82015d0fd725f\"},\"breadcrumb\":{\"@id\":\"https:\/\/patrocinados.estadao.com.br\/deloitte-jornada-da-sustentabilidade\/2018\/05\/29\/postura-preventiva-reduziria-necessidade-de-acordos-com-orgaos-publicos\/#breadcrumb\"},\"inLanguage\":\"pt-BR\",\"potentialAction\":[{\"@type\":\"ReadAction\",\"target\":[\"https:\/\/patrocinados.estadao.com.br\/deloitte-jornada-da-sustentabilidade\/2018\/05\/29\/postura-preventiva-reduziria-necessidade-de-acordos-com-orgaos-publicos\/\"]}]},{\"@type\":\"ImageObject\",\"inLanguage\":\"pt-BR\",\"@id\":\"https:\/\/patrocinados.estadao.com.br\/deloitte-jornada-da-sustentabilidade\/2018\/05\/29\/postura-preventiva-reduziria-necessidade-de-acordos-com-orgaos-publicos\/#primaryimage\",\"url\":\"https:\/\/patrocinados.estadao.com.br\/deloitte-jornada-da-sustentabilidade\/wp-content\/uploads\/2021\/09\/Estadao_29.05.2018.png\",\"contentUrl\":\"https:\/\/patrocinados.estadao.com.br\/deloitte-jornada-da-sustentabilidade\/wp-content\/uploads\/2021\/09\/Estadao_29.05.2018.png\",\"width\":1181,\"height\":1181},{\"@type\":\"BreadcrumbList\",\"@id\":\"https:\/\/patrocinados.estadao.com.br\/deloitte-jornada-da-sustentabilidade\/2018\/05\/29\/postura-preventiva-reduziria-necessidade-de-acordos-com-orgaos-publicos\/#breadcrumb\",\"itemListElement\":[{\"@type\":\"ListItem\",\"position\":1,\"name\":\"In\u00edcio\",\"item\":\"https:\/\/patrocinados.estadao.com.br\/deloitte-jornada-da-sustentabilidade\/\"},{\"@type\":\"ListItem\",\"position\":2,\"name\":\"Preven\u00e7\u00e3o reduziria necessidade de acordos com \u00f3rg\u00e3os p\u00fablicos\"}]},{\"@type\":\"WebSite\",\"@id\":\"https:\/\/patrocinados.estadao.com.br\/deloitte-jornada-da-sustentabilidade\/#website\",\"url\":\"https:\/\/patrocinados.estadao.com.br\/deloitte-jornada-da-sustentabilidade\/\",\"name\":\"Jornada da Sustentabilidade, oferecido por Deloitte\",\"description\":\"Solu\u00e7\u00f5es de governan\u00e7a corporativa para seus desafios de neg\u00f3cios\",\"potentialAction\":[{\"@type\":\"SearchAction\",\"target\":{\"@type\":\"EntryPoint\",\"urlTemplate\":\"https:\/\/patrocinados.estadao.com.br\/deloitte-jornada-da-sustentabilidade\/?s={search_term_string}\"},\"query-input\":{\"@type\":\"PropertyValueSpecification\",\"valueRequired\":true,\"valueName\":\"search_term_string\"}}],\"inLanguage\":\"pt-BR\"},{\"@type\":\"Person\",\"@id\":\"https:\/\/patrocinados.estadao.com.br\/deloitte-jornada-da-sustentabilidade\/#\/schema\/person\/9be56940425d4f31e0c82015d0fd725f\",\"name\":\"Geosfera\",\"image\":{\"@type\":\"ImageObject\",\"inLanguage\":\"pt-BR\",\"@id\":\"https:\/\/patrocinados.estadao.com.br\/deloitte-jornada-da-sustentabilidade\/#\/schema\/person\/image\/\",\"url\":\"https:\/\/secure.gravatar.com\/avatar\/9d33d40efdce4963188a84bd4777a5f81f7c8e9cfcc15e6853c05f5cfee4c0ab?s=96&d=mm&r=g\",\"contentUrl\":\"https:\/\/secure.gravatar.com\/avatar\/9d33d40efdce4963188a84bd4777a5f81f7c8e9cfcc15e6853c05f5cfee4c0ab?s=96&d=mm&r=g\",\"caption\":\"Geosfera\"},\"sameAs\":[\"http:\/\/geosfera.com.br\"],\"url\":\"https:\/\/patrocinados.estadao.com.br\/deloitte-jornada-da-sustentabilidade\/author\/geosfera_deloitte\/\"}]}<\/script>\n<!-- \/ Yoast SEO plugin. -->","yoast_head_json":{"title":"Preven\u00e7\u00e3o reduziria necessidade de acordos com \u00f3rg\u00e3os p\u00fablicos - Jornada da Sustentabilidade, oferecido por Deloitte","robots":{"index":"index","follow":"follow","max-snippet":"max-snippet:-1","max-image-preview":"max-image-preview:large","max-video-preview":"max-video-preview:-1"},"canonical":"https:\/\/patrocinados.estadao.com.br\/deloitte-jornada-da-sustentabilidade\/2018\/05\/29\/postura-preventiva-reduziria-necessidade-de-acordos-com-orgaos-publicos\/","og_locale":"pt_BR","og_type":"article","og_title":"Preven\u00e7\u00e3o reduziria necessidade de acordos com \u00f3rg\u00e3os p\u00fablicos - Jornada da Sustentabilidade, oferecido por Deloitte","og_description":"Levantamento da Deloitte analisa o posicionamento das empresas nos acordos com institui\u00e7\u00f5es governamentais","og_url":"https:\/\/patrocinados.estadao.com.br\/deloitte-jornada-da-sustentabilidade\/2018\/05\/29\/postura-preventiva-reduziria-necessidade-de-acordos-com-orgaos-publicos\/","og_site_name":"Jornada da Sustentabilidade, oferecido por Deloitte","article_published_time":"2018-05-29T15:11:19+00:00","article_modified_time":"2021-09-20T14:48:13+00:00","og_image":[{"width":1181,"height":1181,"url":"https:\/\/patrocinados.estadao.com.br\/deloitte-jornada-da-sustentabilidade\/wp-content\/uploads\/2021\/09\/Estadao_29.05.2018.png","type":"image\/png"}],"author":"Geosfera","twitter_card":"summary_large_image","twitter_misc":{"Escrito por":"Geosfera","Est. tempo de leitura":"5 minutos"},"schema":{"@context":"https:\/\/schema.org","@graph":[{"@type":"Article","@id":"https:\/\/patrocinados.estadao.com.br\/deloitte-jornada-da-sustentabilidade\/2018\/05\/29\/postura-preventiva-reduziria-necessidade-de-acordos-com-orgaos-publicos\/#article","isPartOf":{"@id":"https:\/\/patrocinados.estadao.com.br\/deloitte-jornada-da-sustentabilidade\/2018\/05\/29\/postura-preventiva-reduziria-necessidade-de-acordos-com-orgaos-publicos\/"},"author":{"name":"Geosfera","@id":"https:\/\/patrocinados.estadao.com.br\/deloitte-jornada-da-sustentabilidade\/#\/schema\/person\/9be56940425d4f31e0c82015d0fd725f"},"headline":"Preven\u00e7\u00e3o reduziria necessidade de acordos com \u00f3rg\u00e3os p\u00fablicos","datePublished":"2018-05-29T15:11:19+00:00","dateModified":"2021-09-20T14:48:13+00:00","mainEntityOfPage":{"@id":"https:\/\/patrocinados.estadao.com.br\/deloitte-jornada-da-sustentabilidade\/2018\/05\/29\/postura-preventiva-reduziria-necessidade-de-acordos-com-orgaos-publicos\/"},"wordCount":1087,"commentCount":0,"image":{"@id":"https:\/\/patrocinados.estadao.com.br\/deloitte-jornada-da-sustentabilidade\/2018\/05\/29\/postura-preventiva-reduziria-necessidade-de-acordos-com-orgaos-publicos\/#primaryimage"},"thumbnailUrl":"https:\/\/patrocinados.estadao.com.br\/deloitte-jornada-da-sustentabilidade\/wp-content\/uploads\/2021\/09\/Estadao_29.05.2018.png","inLanguage":"pt-BR","potentialAction":[{"@type":"CommentAction","name":"Comment","target":["https:\/\/patrocinados.estadao.com.br\/deloitte-jornada-da-sustentabilidade\/2018\/05\/29\/postura-preventiva-reduziria-necessidade-de-acordos-com-orgaos-publicos\/#respond"]}]},{"@type":"WebPage","@id":"https:\/\/patrocinados.estadao.com.br\/deloitte-jornada-da-sustentabilidade\/2018\/05\/29\/postura-preventiva-reduziria-necessidade-de-acordos-com-orgaos-publicos\/","url":"https:\/\/patrocinados.estadao.com.br\/deloitte-jornada-da-sustentabilidade\/2018\/05\/29\/postura-preventiva-reduziria-necessidade-de-acordos-com-orgaos-publicos\/","name":"Preven\u00e7\u00e3o reduziria necessidade de acordos com \u00f3rg\u00e3os p\u00fablicos - Jornada da Sustentabilidade, oferecido por Deloitte","isPartOf":{"@id":"https:\/\/patrocinados.estadao.com.br\/deloitte-jornada-da-sustentabilidade\/#website"},"primaryImageOfPage":{"@id":"https:\/\/patrocinados.estadao.com.br\/deloitte-jornada-da-sustentabilidade\/2018\/05\/29\/postura-preventiva-reduziria-necessidade-de-acordos-com-orgaos-publicos\/#primaryimage"},"image":{"@id":"https:\/\/patrocinados.estadao.com.br\/deloitte-jornada-da-sustentabilidade\/2018\/05\/29\/postura-preventiva-reduziria-necessidade-de-acordos-com-orgaos-publicos\/#primaryimage"},"thumbnailUrl":"https:\/\/patrocinados.estadao.com.br\/deloitte-jornada-da-sustentabilidade\/wp-content\/uploads\/2021\/09\/Estadao_29.05.2018.png","datePublished":"2018-05-29T15:11:19+00:00","dateModified":"2021-09-20T14:48:13+00:00","author":{"@id":"https:\/\/patrocinados.estadao.com.br\/deloitte-jornada-da-sustentabilidade\/#\/schema\/person\/9be56940425d4f31e0c82015d0fd725f"},"breadcrumb":{"@id":"https:\/\/patrocinados.estadao.com.br\/deloitte-jornada-da-sustentabilidade\/2018\/05\/29\/postura-preventiva-reduziria-necessidade-de-acordos-com-orgaos-publicos\/#breadcrumb"},"inLanguage":"pt-BR","potentialAction":[{"@type":"ReadAction","target":["https:\/\/patrocinados.estadao.com.br\/deloitte-jornada-da-sustentabilidade\/2018\/05\/29\/postura-preventiva-reduziria-necessidade-de-acordos-com-orgaos-publicos\/"]}]},{"@type":"ImageObject","inLanguage":"pt-BR","@id":"https:\/\/patrocinados.estadao.com.br\/deloitte-jornada-da-sustentabilidade\/2018\/05\/29\/postura-preventiva-reduziria-necessidade-de-acordos-com-orgaos-publicos\/#primaryimage","url":"https:\/\/patrocinados.estadao.com.br\/deloitte-jornada-da-sustentabilidade\/wp-content\/uploads\/2021\/09\/Estadao_29.05.2018.png","contentUrl":"https:\/\/patrocinados.estadao.com.br\/deloitte-jornada-da-sustentabilidade\/wp-content\/uploads\/2021\/09\/Estadao_29.05.2018.png","width":1181,"height":1181},{"@type":"BreadcrumbList","@id":"https:\/\/patrocinados.estadao.com.br\/deloitte-jornada-da-sustentabilidade\/2018\/05\/29\/postura-preventiva-reduziria-necessidade-de-acordos-com-orgaos-publicos\/#breadcrumb","itemListElement":[{"@type":"ListItem","position":1,"name":"In\u00edcio","item":"https:\/\/patrocinados.estadao.com.br\/deloitte-jornada-da-sustentabilidade\/"},{"@type":"ListItem","position":2,"name":"Preven\u00e7\u00e3o reduziria necessidade de acordos com \u00f3rg\u00e3os p\u00fablicos"}]},{"@type":"WebSite","@id":"https:\/\/patrocinados.estadao.com.br\/deloitte-jornada-da-sustentabilidade\/#website","url":"https:\/\/patrocinados.estadao.com.br\/deloitte-jornada-da-sustentabilidade\/","name":"Jornada da Sustentabilidade, oferecido por Deloitte","description":"Solu\u00e7\u00f5es de governan\u00e7a corporativa para seus desafios de neg\u00f3cios","potentialAction":[{"@type":"SearchAction","target":{"@type":"EntryPoint","urlTemplate":"https:\/\/patrocinados.estadao.com.br\/deloitte-jornada-da-sustentabilidade\/?s={search_term_string}"},"query-input":{"@type":"PropertyValueSpecification","valueRequired":true,"valueName":"search_term_string"}}],"inLanguage":"pt-BR"},{"@type":"Person","@id":"https:\/\/patrocinados.estadao.com.br\/deloitte-jornada-da-sustentabilidade\/#\/schema\/person\/9be56940425d4f31e0c82015d0fd725f","name":"Geosfera","image":{"@type":"ImageObject","inLanguage":"pt-BR","@id":"https:\/\/patrocinados.estadao.com.br\/deloitte-jornada-da-sustentabilidade\/#\/schema\/person\/image\/","url":"https:\/\/secure.gravatar.com\/avatar\/9d33d40efdce4963188a84bd4777a5f81f7c8e9cfcc15e6853c05f5cfee4c0ab?s=96&d=mm&r=g","contentUrl":"https:\/\/secure.gravatar.com\/avatar\/9d33d40efdce4963188a84bd4777a5f81f7c8e9cfcc15e6853c05f5cfee4c0ab?s=96&d=mm&r=g","caption":"Geosfera"},"sameAs":["http:\/\/geosfera.com.br"],"url":"https:\/\/patrocinados.estadao.com.br\/deloitte-jornada-da-sustentabilidade\/author\/geosfera_deloitte\/"}]}},"_links":{"self":[{"href":"https:\/\/patrocinados.estadao.com.br\/deloitte-jornada-da-sustentabilidade\/wp-json\/wp\/v2\/posts\/708","targetHints":{"allow":["GET"]}}],"collection":[{"href":"https:\/\/patrocinados.estadao.com.br\/deloitte-jornada-da-sustentabilidade\/wp-json\/wp\/v2\/posts"}],"about":[{"href":"https:\/\/patrocinados.estadao.com.br\/deloitte-jornada-da-sustentabilidade\/wp-json\/wp\/v2\/types\/post"}],"author":[{"embeddable":true,"href":"https:\/\/patrocinados.estadao.com.br\/deloitte-jornada-da-sustentabilidade\/wp-json\/wp\/v2\/users\/2"}],"replies":[{"embeddable":true,"href":"https:\/\/patrocinados.estadao.com.br\/deloitte-jornada-da-sustentabilidade\/wp-json\/wp\/v2\/comments?post=708"}],"version-history":[{"count":1,"href":"https:\/\/patrocinados.estadao.com.br\/deloitte-jornada-da-sustentabilidade\/wp-json\/wp\/v2\/posts\/708\/revisions"}],"predecessor-version":[{"id":1904,"href":"https:\/\/patrocinados.estadao.com.br\/deloitte-jornada-da-sustentabilidade\/wp-json\/wp\/v2\/posts\/708\/revisions\/1904"}],"wp:featuredmedia":[{"embeddable":true,"href":"https:\/\/patrocinados.estadao.com.br\/deloitte-jornada-da-sustentabilidade\/wp-json\/wp\/v2\/media\/1809"}],"wp:attachment":[{"href":"https:\/\/patrocinados.estadao.com.br\/deloitte-jornada-da-sustentabilidade\/wp-json\/wp\/v2\/media?parent=708"}],"wp:term":[{"taxonomy":"category","embeddable":true,"href":"https:\/\/patrocinados.estadao.com.br\/deloitte-jornada-da-sustentabilidade\/wp-json\/wp\/v2\/categories?post=708"},{"taxonomy":"post_tag","embeddable":true,"href":"https:\/\/patrocinados.estadao.com.br\/deloitte-jornada-da-sustentabilidade\/wp-json\/wp\/v2\/tags?post=708"}],"curies":[{"name":"wp","href":"https:\/\/api.w.org\/{rel}","templated":true}]}}