{"id":652,"date":"2018-03-20T06:02:25","date_gmt":"2018-03-20T06:02:25","guid":{"rendered":"https:\/\/patrocinados.estadao.com.br\/deloitte-esg-esg\/?p=652"},"modified":"2021-09-20T11:51:27","modified_gmt":"2021-09-20T14:51:27","slug":"boards-avancam-em-defesa-da-reputacao-da-empresa","status":"publish","type":"post","link":"https:\/\/patrocinados.estadao.com.br\/deloitte-jornada-da-sustentabilidade\/2018\/03\/20\/boards-avancam-em-defesa-da-reputacao-da-empresa\/","title":{"rendered":"Boards avan\u00e7am em defesa da reputa\u00e7\u00e3o da empresa"},"content":{"rendered":"<p>Os riscos ligados \u00e0 reputa\u00e7\u00e3o \u2013 que est\u00e1 entre os ativos mais valiosos de uma empresa \u2013 est\u00e3o aumentando de forma constante. Em um mundo hiperconectado como o de hoje, a informa\u00e7\u00e3o (seja positiva ou negativa) se propaga em velocidade n\u00e3o mais controlada. Assim, o <em>Directors\u2019 Alert 2018 Linkages to Sucess<\/em>, da Deloitte, destaca a import\u00e2ncia do <em>Board<\/em> (Conselho), junto com a Alta Administra\u00e7\u00e3o, na gest\u00e3o de riscos de marca e reputa\u00e7\u00e3o.<\/p>\n<p>\u201cA melhor forma de\u00a0envolv\u00ea-los \u00e9 conscientiz\u00e1-los de que a agenda estrat\u00e9gica da empresa pode ser diretamente impactada por neglig\u00eancias na gest\u00e3o dos riscos que afetam a reputa\u00e7\u00e3o\u201d, declara Gustavo Lucena, s\u00f3cio-l\u00edder de Risco Regulat\u00f3rio da Deloitte.<\/p>\n<p>O sucesso da reputa\u00e7\u00e3o depende de um complexo sistema de relacionamento com os <em>stakeholders<\/em> (investidores, reguladores, mercado de\u00a0capitais, legisladores, escrit\u00f3rios de\u00a0advocacia, m\u00eddia, clientes, sociedade, funcion\u00e1rios, parceiros, fornecedores estrat\u00e9gicos, ex-funcion\u00e1rios, seguradora etc.).<\/p>\n<p>Camila Ara\u00fajo, s\u00f3cia da \u00e1rea de <em>Risk Advisory<\/em> da Deloitte, explica que a gest\u00e3o da reputa\u00e7\u00e3o \u00e9 um tema novo na agenda dos conselhos de administra\u00e7\u00e3o, sendo muitas vezes negligenciado por falta de conhecimento ou preparo dos conselheiros para lidar com o tema. \u201cA falta de prepara\u00e7\u00e3o do Conselho e de resili\u00eancia da Alta Administra\u00e7\u00e3o deixa a empresa vulner\u00e1vel em tempos de mudan\u00e7a ou crise\u201d, completa Lucena.<\/p>\n<p>\u201cO uso de especialistas para apoiar no diagn\u00f3stico da reputa\u00e7\u00e3o e nas a\u00e7\u00f5es de gest\u00e3o \u00e9 altamente recomendado, mas ainda \u00e9 visto como algo secund\u00e1rio no Pa\u00eds\u201d, revela Camila. \u201cSomente empresas que passaram por constrangimentos reputacionais \u00e9 que refor\u00e7aram a gest\u00e3o deste tipo de risco internamente\u201d, argumenta a executiva.<\/p>\n<p><strong>Proatividade na gest\u00e3o de riscos<\/strong><\/p>\n<p>Lucena tamb\u00e9m destaca a import\u00e2ncia de o Board assumir uma postura proativa na gest\u00e3o dos riscos de reputa\u00e7\u00e3o. \u201cEmpresas que tiveram um evento de reputa\u00e7\u00e3o negativa foram afetadas por perda do valor da marca, investiga\u00e7\u00e3o de reguladores,\u00a0esc\u00e2ndalos de corrup\u00e7\u00e3o e de\u00a0desrespeito ao consumidor, perda de suas receitas. Esses fatores, geralmente, chegaram ao\u00a0conhecimento do Board somente ap\u00f3s o fato ter acontecido. Por esse motivo, a postura proativa do <em>Board<\/em> \u00e9 primordial hoje. Torna-se uma vantagem competitiva para a empresa\u201d.<\/p>\n<p>Os riscos de reputa\u00e7\u00e3o geralmente s\u00e3o geridos\u00a0e acompanhados por outros riscos, tais\u00a0como culturais, cibern\u00e9ticos e de terceiros. Se for feito de forma s\u00e9ria e met\u00f3dica, um risco incorrido dentro e\u00a0fora da empresa de qualquer tipo pode gerar um risco reputacional significativo, especialmente se n\u00e3o for controlado. \u201cChamo isso de\u00a0risco de cont\u00e1gio\u201d, explica Lucena. \u201cPor essa raz\u00e3o, os Conselhos e os CEOs est\u00e3o buscando cada vez mais maneiras de identificar e gerenciar fontes de risco de reputa\u00e7\u00e3o\u201d.<\/p>\n<p>A pesquisa da Deloitte focou nos seguintes: Estrat\u00e9gia e Apetite de risco, Sucess\u00e3o de CEOs e Cultura Organizacional, e Inova\u00e7\u00e3o Digital. O papel do Conselho na sucess\u00e3o de CEOs \u00e9 a agenda mais importante para manter a cultura da empresa (um dos principais pilares da reputa\u00e7\u00e3o organizacional) blindada.<\/p>\n<p>Lucena argumenta que a supervis\u00e3o da estrat\u00e9gia e do apetite de risco est\u00e1 na responsabilidade do Conselho, onde \u00e9 essencial assumir riscos para criar valor e tornar a empresa mais competitiva. \u201cEm contrapartida, \u00e9 necess\u00e1rio evitar riscos que corroem o valor da companhia j\u00e1 consolidado no mercado\u201d, pondera.<\/p>\n<p>A inova\u00e7\u00e3o digital impulsiona o crescimento em muitas organiza\u00e7\u00f5es, mas tem riscos que devem ser supervisionados por conselhos que podem n\u00e3o estar\u00a0familiarizados com os caminhos da inova\u00e7\u00e3o. \u201cQuando se trata de digital, os membros do Conselho precisam rapidamente atualizar seus conhecimentos e recursos de forma cont\u00ednua\u201d, pontua Lucena.<\/p>\n<p><strong>Composi\u00e7\u00e3o do <em>Board<\/em><\/strong><\/p>\n<p>Gustavo esclarece que cada empresa precisa ter a composi\u00e7\u00e3o que se adeque ao seu segmento, tamanho, desafios\u00a0estrat\u00e9gicos e experi\u00eancia para apoiar o CEO nas suas atribui\u00e7\u00f5es e desafios<strong>. \u201c<\/strong>A boa composi\u00e7\u00e3o de um\u00a0board \u00e9 a\u00a0distin\u00e7\u00e3o\/diferencia\u00e7\u00e3o dos seus membros, aonde a soma deles traz um <em>Board\u00a0<\/em>preparado para o futuro da empresa.\u201d<\/p>\n<p>O s\u00f3cio complementa: \u201c\u00c9 essencial que a soma dos membros do Board tenha skills profissionais de Risco e\u00a0Compliance, Estrat\u00e9gia, Finan\u00e7as e Auditoria, Gest\u00e3o Executiva (para avaliar a Alta Administra\u00e7\u00e3o),\u00a0Tecnologia e Inova\u00e7\u00e3o. Somam-se a esses as qualidades pessoais de lideran\u00e7a, integridade, proatividade de contribuir, negocia\u00e7\u00e3o e de gest\u00e3o de crises\u201d, sugere.<\/p>\n<p><strong>E como proteger a reputa\u00e7\u00e3o?<\/strong><\/p>\n<p>Lucena explica que, primeiramente, os membros do Conselho precisam\u00a0definir tr\u00eas palavras que melhor representam a reputa\u00e7\u00e3o desejada. Para cada palavra, devem identificar os atributos ou caracter\u00edsticas de suporte que d\u00e3o vida a essa reputa\u00e7\u00e3o. Em seguida, devem avaliar\u00a0quais s\u00e3o as maiores amea\u00e7as \u00e0 reputa\u00e7\u00e3o da empresa, engajando o CEO, Alta Administra\u00e7\u00e3o, gestores de riscos, pesquisa de clima, pesquisa de mercado e outras ferramentas de\u00a0captura de\u00a0percep\u00e7\u00f5es.<\/p>\n<p>\u201cDevem\u00a0construir um mapa de partes interessadas identificando os principais grupos e subgrupos de partes interessadas,\u00a0quem \u00e9 o contato por stakeholder e quem gerencia o relacionamento do dia a dia e\u00a0quais m\u00e9tricas o Board e a Alta Administra\u00e7\u00e3o possuem para ajudar a entender as cren\u00e7as, comportamentos e resultados das partes interessadas. Ap\u00f3s esta jornada precisam garantir\u00a0que os riscos est\u00e3o sendo detectados e gerenciados atualmente com reporte direto ao CEO e ao <em>Board<\/em>\u201d, finaliza Lucena.<\/p>\n<p><strong>Principais desafios do Board hoje:<\/strong><\/p>\n<ul>\n<li>Desenvolver a estrat\u00e9gia da marca e implementar a mensagem na empresa.<\/li>\n<li>Engajar os funcion\u00e1rios quanto \u00e0 promo\u00e7\u00e3o e \u00e0 prote\u00e7\u00e3o da marca.<\/li>\n<li>Desenvolver stakeholders externos como defensores da marca.<\/li>\n<li>Desenvolver compet\u00eancias para identificar amea\u00e7as com anteced\u00eancia.<\/li>\n<li>Identificar e avaliar o impacto do risco dentro e fora da companhia.<\/li>\n<li>Preparar a empresa para responder a amea\u00e7as.<\/li>\n<li>Aprender, adaptar e melhorar continuamente o programa de governan\u00e7a da reputa\u00e7\u00e3o.<\/li>\n<li>Gerir, monitorar e medir a estrat\u00e9gia de reputa\u00e7\u00e3o anualmente.<\/li>\n<\/ul>\n<p><strong>Para acesso \u00e0 pesquisa: <\/strong><\/p>\n<p><a href=\"https:\/\/www2.deloitte.com\/global\/en\/pages\/risk\/articles\/deloitte-risk-directors-alert-2018.html\">https:\/\/www2.deloitte.com\/global\/en\/pages\/risk\/articles\/deloitte-risk-directors-alert-2018.html<\/a><\/p>\n<p><strong>Para acesso a outros estudos realizados pela Deloitte:<\/strong><\/p>\n<p><a href=\"https:\/\/www2.deloitte.com\/br\/pt.html\">https:\/\/www2.deloitte.com\/br\/pt.html<\/a><\/p>\n","protected":false},"excerpt":{"rendered":"<p>\u00c9 essencial que a soma dos membros da gest\u00e3o tenha qualidades profissionais de risco e compliance, estrat\u00e9gia, finan\u00e7as e auditoria, gest\u00e3o executiva, tecnologia e inova\u00e7\u00e3o<\/p>\n","protected":false},"author":2,"featured_media":1826,"comment_status":"open","ping_status":"closed","sticky":false,"template":"","format":"standard","meta":{"_acf_changed":false,"footnotes":""},"categories":[1],"tags":[],"class_list":["post-652","post","type-post","status-publish","format-standard","has-post-thumbnail","hentry","category-sem-categoria"],"acf":[],"yoast_head":"<!-- This site is optimized with the Yoast SEO plugin v27.1.1 - https:\/\/yoast.com\/product\/yoast-seo-wordpress\/ -->\n<title>Boards avan\u00e7am em defesa da reputa\u00e7\u00e3o da empresa - Jornada da Sustentabilidade, oferecido por Deloitte<\/title>\n<meta name=\"robots\" content=\"index, follow, max-snippet:-1, max-image-preview:large, max-video-preview:-1\" \/>\n<link rel=\"canonical\" href=\"https:\/\/patrocinados.estadao.com.br\/deloitte-jornada-da-sustentabilidade\/2018\/03\/20\/boards-avancam-em-defesa-da-reputacao-da-empresa\/\" \/>\n<meta property=\"og:locale\" content=\"pt_BR\" \/>\n<meta property=\"og:type\" content=\"article\" \/>\n<meta property=\"og:title\" content=\"Boards avan\u00e7am em defesa da reputa\u00e7\u00e3o da empresa - Jornada da Sustentabilidade, oferecido por Deloitte\" \/>\n<meta property=\"og:description\" content=\"\u00c9 essencial que a soma dos membros da gest\u00e3o tenha qualidades profissionais de risco e compliance, estrat\u00e9gia, finan\u00e7as e auditoria, gest\u00e3o executiva, tecnologia e inova\u00e7\u00e3o\" \/>\n<meta property=\"og:url\" content=\"https:\/\/patrocinados.estadao.com.br\/deloitte-jornada-da-sustentabilidade\/2018\/03\/20\/boards-avancam-em-defesa-da-reputacao-da-empresa\/\" \/>\n<meta property=\"og:site_name\" content=\"Jornada da Sustentabilidade, oferecido por Deloitte\" \/>\n<meta property=\"article:published_time\" content=\"2018-03-20T06:02:25+00:00\" \/>\n<meta property=\"article:modified_time\" content=\"2021-09-20T14:51:27+00:00\" \/>\n<meta property=\"og:image\" content=\"https:\/\/patrocinados.estadao.com.br\/deloitte-jornada-da-sustentabilidade\/wp-content\/uploads\/2021\/09\/Imagem_Estadao_20.03.2018-scaled.jpg\" \/>\n\t<meta property=\"og:image:width\" content=\"2560\" \/>\n\t<meta property=\"og:image:height\" content=\"1707\" \/>\n\t<meta property=\"og:image:type\" content=\"image\/jpeg\" \/>\n<meta name=\"author\" content=\"Geosfera\" \/>\n<meta name=\"twitter:card\" content=\"summary_large_image\" \/>\n<meta name=\"twitter:label1\" content=\"Escrito por\" \/>\n\t<meta name=\"twitter:data1\" content=\"Geosfera\" \/>\n\t<meta name=\"twitter:label2\" content=\"Est. tempo de leitura\" \/>\n\t<meta name=\"twitter:data2\" content=\"5 minutos\" \/>\n<script type=\"application\/ld+json\" class=\"yoast-schema-graph\">{\"@context\":\"https:\/\/schema.org\",\"@graph\":[{\"@type\":\"Article\",\"@id\":\"https:\/\/patrocinados.estadao.com.br\/deloitte-jornada-da-sustentabilidade\/2018\/03\/20\/boards-avancam-em-defesa-da-reputacao-da-empresa\/#article\",\"isPartOf\":{\"@id\":\"https:\/\/patrocinados.estadao.com.br\/deloitte-jornada-da-sustentabilidade\/2018\/03\/20\/boards-avancam-em-defesa-da-reputacao-da-empresa\/\"},\"author\":{\"name\":\"Geosfera\",\"@id\":\"https:\/\/patrocinados.estadao.com.br\/deloitte-jornada-da-sustentabilidade\/#\/schema\/person\/9be56940425d4f31e0c82015d0fd725f\"},\"headline\":\"Boards avan\u00e7am em defesa da reputa\u00e7\u00e3o da empresa\",\"datePublished\":\"2018-03-20T06:02:25+00:00\",\"dateModified\":\"2021-09-20T14:51:27+00:00\",\"mainEntityOfPage\":{\"@id\":\"https:\/\/patrocinados.estadao.com.br\/deloitte-jornada-da-sustentabilidade\/2018\/03\/20\/boards-avancam-em-defesa-da-reputacao-da-empresa\/\"},\"wordCount\":1049,\"commentCount\":0,\"image\":{\"@id\":\"https:\/\/patrocinados.estadao.com.br\/deloitte-jornada-da-sustentabilidade\/2018\/03\/20\/boards-avancam-em-defesa-da-reputacao-da-empresa\/#primaryimage\"},\"thumbnailUrl\":\"https:\/\/patrocinados.estadao.com.br\/deloitte-jornada-da-sustentabilidade\/wp-content\/uploads\/2021\/09\/Imagem_Estadao_20.03.2018-scaled.jpg\",\"inLanguage\":\"pt-BR\",\"potentialAction\":[{\"@type\":\"CommentAction\",\"name\":\"Comment\",\"target\":[\"https:\/\/patrocinados.estadao.com.br\/deloitte-jornada-da-sustentabilidade\/2018\/03\/20\/boards-avancam-em-defesa-da-reputacao-da-empresa\/#respond\"]}]},{\"@type\":\"WebPage\",\"@id\":\"https:\/\/patrocinados.estadao.com.br\/deloitte-jornada-da-sustentabilidade\/2018\/03\/20\/boards-avancam-em-defesa-da-reputacao-da-empresa\/\",\"url\":\"https:\/\/patrocinados.estadao.com.br\/deloitte-jornada-da-sustentabilidade\/2018\/03\/20\/boards-avancam-em-defesa-da-reputacao-da-empresa\/\",\"name\":\"Boards avan\u00e7am em defesa da reputa\u00e7\u00e3o da empresa - Jornada da Sustentabilidade, oferecido por Deloitte\",\"isPartOf\":{\"@id\":\"https:\/\/patrocinados.estadao.com.br\/deloitte-jornada-da-sustentabilidade\/#website\"},\"primaryImageOfPage\":{\"@id\":\"https:\/\/patrocinados.estadao.com.br\/deloitte-jornada-da-sustentabilidade\/2018\/03\/20\/boards-avancam-em-defesa-da-reputacao-da-empresa\/#primaryimage\"},\"image\":{\"@id\":\"https:\/\/patrocinados.estadao.com.br\/deloitte-jornada-da-sustentabilidade\/2018\/03\/20\/boards-avancam-em-defesa-da-reputacao-da-empresa\/#primaryimage\"},\"thumbnailUrl\":\"https:\/\/patrocinados.estadao.com.br\/deloitte-jornada-da-sustentabilidade\/wp-content\/uploads\/2021\/09\/Imagem_Estadao_20.03.2018-scaled.jpg\",\"datePublished\":\"2018-03-20T06:02:25+00:00\",\"dateModified\":\"2021-09-20T14:51:27+00:00\",\"author\":{\"@id\":\"https:\/\/patrocinados.estadao.com.br\/deloitte-jornada-da-sustentabilidade\/#\/schema\/person\/9be56940425d4f31e0c82015d0fd725f\"},\"breadcrumb\":{\"@id\":\"https:\/\/patrocinados.estadao.com.br\/deloitte-jornada-da-sustentabilidade\/2018\/03\/20\/boards-avancam-em-defesa-da-reputacao-da-empresa\/#breadcrumb\"},\"inLanguage\":\"pt-BR\",\"potentialAction\":[{\"@type\":\"ReadAction\",\"target\":[\"https:\/\/patrocinados.estadao.com.br\/deloitte-jornada-da-sustentabilidade\/2018\/03\/20\/boards-avancam-em-defesa-da-reputacao-da-empresa\/\"]}]},{\"@type\":\"ImageObject\",\"inLanguage\":\"pt-BR\",\"@id\":\"https:\/\/patrocinados.estadao.com.br\/deloitte-jornada-da-sustentabilidade\/2018\/03\/20\/boards-avancam-em-defesa-da-reputacao-da-empresa\/#primaryimage\",\"url\":\"https:\/\/patrocinados.estadao.com.br\/deloitte-jornada-da-sustentabilidade\/wp-content\/uploads\/2021\/09\/Imagem_Estadao_20.03.2018-scaled.jpg\",\"contentUrl\":\"https:\/\/patrocinados.estadao.com.br\/deloitte-jornada-da-sustentabilidade\/wp-content\/uploads\/2021\/09\/Imagem_Estadao_20.03.2018-scaled.jpg\",\"width\":2560,\"height\":1707,\"caption\":\"Solution\"},{\"@type\":\"BreadcrumbList\",\"@id\":\"https:\/\/patrocinados.estadao.com.br\/deloitte-jornada-da-sustentabilidade\/2018\/03\/20\/boards-avancam-em-defesa-da-reputacao-da-empresa\/#breadcrumb\",\"itemListElement\":[{\"@type\":\"ListItem\",\"position\":1,\"name\":\"In\u00edcio\",\"item\":\"https:\/\/patrocinados.estadao.com.br\/deloitte-jornada-da-sustentabilidade\/\"},{\"@type\":\"ListItem\",\"position\":2,\"name\":\"Boards avan\u00e7am em defesa da reputa\u00e7\u00e3o da empresa\"}]},{\"@type\":\"WebSite\",\"@id\":\"https:\/\/patrocinados.estadao.com.br\/deloitte-jornada-da-sustentabilidade\/#website\",\"url\":\"https:\/\/patrocinados.estadao.com.br\/deloitte-jornada-da-sustentabilidade\/\",\"name\":\"Jornada da Sustentabilidade, oferecido por Deloitte\",\"description\":\"Solu\u00e7\u00f5es de governan\u00e7a corporativa para seus desafios de neg\u00f3cios\",\"potentialAction\":[{\"@type\":\"SearchAction\",\"target\":{\"@type\":\"EntryPoint\",\"urlTemplate\":\"https:\/\/patrocinados.estadao.com.br\/deloitte-jornada-da-sustentabilidade\/?s={search_term_string}\"},\"query-input\":{\"@type\":\"PropertyValueSpecification\",\"valueRequired\":true,\"valueName\":\"search_term_string\"}}],\"inLanguage\":\"pt-BR\"},{\"@type\":\"Person\",\"@id\":\"https:\/\/patrocinados.estadao.com.br\/deloitte-jornada-da-sustentabilidade\/#\/schema\/person\/9be56940425d4f31e0c82015d0fd725f\",\"name\":\"Geosfera\",\"image\":{\"@type\":\"ImageObject\",\"inLanguage\":\"pt-BR\",\"@id\":\"https:\/\/patrocinados.estadao.com.br\/deloitte-jornada-da-sustentabilidade\/#\/schema\/person\/image\/\",\"url\":\"https:\/\/secure.gravatar.com\/avatar\/9d33d40efdce4963188a84bd4777a5f81f7c8e9cfcc15e6853c05f5cfee4c0ab?s=96&d=mm&r=g\",\"contentUrl\":\"https:\/\/secure.gravatar.com\/avatar\/9d33d40efdce4963188a84bd4777a5f81f7c8e9cfcc15e6853c05f5cfee4c0ab?s=96&d=mm&r=g\",\"caption\":\"Geosfera\"},\"sameAs\":[\"http:\/\/geosfera.com.br\"],\"url\":\"https:\/\/patrocinados.estadao.com.br\/deloitte-jornada-da-sustentabilidade\/author\/geosfera_deloitte\/\"}]}<\/script>\n<!-- \/ Yoast SEO plugin. -->","yoast_head_json":{"title":"Boards avan\u00e7am em defesa da reputa\u00e7\u00e3o da empresa - Jornada da Sustentabilidade, oferecido por Deloitte","robots":{"index":"index","follow":"follow","max-snippet":"max-snippet:-1","max-image-preview":"max-image-preview:large","max-video-preview":"max-video-preview:-1"},"canonical":"https:\/\/patrocinados.estadao.com.br\/deloitte-jornada-da-sustentabilidade\/2018\/03\/20\/boards-avancam-em-defesa-da-reputacao-da-empresa\/","og_locale":"pt_BR","og_type":"article","og_title":"Boards avan\u00e7am em defesa da reputa\u00e7\u00e3o da empresa - Jornada da Sustentabilidade, oferecido por Deloitte","og_description":"\u00c9 essencial que a soma dos membros da gest\u00e3o tenha qualidades profissionais de risco e compliance, estrat\u00e9gia, finan\u00e7as e auditoria, gest\u00e3o executiva, tecnologia e inova\u00e7\u00e3o","og_url":"https:\/\/patrocinados.estadao.com.br\/deloitte-jornada-da-sustentabilidade\/2018\/03\/20\/boards-avancam-em-defesa-da-reputacao-da-empresa\/","og_site_name":"Jornada da Sustentabilidade, oferecido por Deloitte","article_published_time":"2018-03-20T06:02:25+00:00","article_modified_time":"2021-09-20T14:51:27+00:00","og_image":[{"width":2560,"height":1707,"url":"https:\/\/patrocinados.estadao.com.br\/deloitte-jornada-da-sustentabilidade\/wp-content\/uploads\/2021\/09\/Imagem_Estadao_20.03.2018-scaled.jpg","type":"image\/jpeg"}],"author":"Geosfera","twitter_card":"summary_large_image","twitter_misc":{"Escrito por":"Geosfera","Est. tempo de leitura":"5 minutos"},"schema":{"@context":"https:\/\/schema.org","@graph":[{"@type":"Article","@id":"https:\/\/patrocinados.estadao.com.br\/deloitte-jornada-da-sustentabilidade\/2018\/03\/20\/boards-avancam-em-defesa-da-reputacao-da-empresa\/#article","isPartOf":{"@id":"https:\/\/patrocinados.estadao.com.br\/deloitte-jornada-da-sustentabilidade\/2018\/03\/20\/boards-avancam-em-defesa-da-reputacao-da-empresa\/"},"author":{"name":"Geosfera","@id":"https:\/\/patrocinados.estadao.com.br\/deloitte-jornada-da-sustentabilidade\/#\/schema\/person\/9be56940425d4f31e0c82015d0fd725f"},"headline":"Boards avan\u00e7am em defesa da reputa\u00e7\u00e3o da empresa","datePublished":"2018-03-20T06:02:25+00:00","dateModified":"2021-09-20T14:51:27+00:00","mainEntityOfPage":{"@id":"https:\/\/patrocinados.estadao.com.br\/deloitte-jornada-da-sustentabilidade\/2018\/03\/20\/boards-avancam-em-defesa-da-reputacao-da-empresa\/"},"wordCount":1049,"commentCount":0,"image":{"@id":"https:\/\/patrocinados.estadao.com.br\/deloitte-jornada-da-sustentabilidade\/2018\/03\/20\/boards-avancam-em-defesa-da-reputacao-da-empresa\/#primaryimage"},"thumbnailUrl":"https:\/\/patrocinados.estadao.com.br\/deloitte-jornada-da-sustentabilidade\/wp-content\/uploads\/2021\/09\/Imagem_Estadao_20.03.2018-scaled.jpg","inLanguage":"pt-BR","potentialAction":[{"@type":"CommentAction","name":"Comment","target":["https:\/\/patrocinados.estadao.com.br\/deloitte-jornada-da-sustentabilidade\/2018\/03\/20\/boards-avancam-em-defesa-da-reputacao-da-empresa\/#respond"]}]},{"@type":"WebPage","@id":"https:\/\/patrocinados.estadao.com.br\/deloitte-jornada-da-sustentabilidade\/2018\/03\/20\/boards-avancam-em-defesa-da-reputacao-da-empresa\/","url":"https:\/\/patrocinados.estadao.com.br\/deloitte-jornada-da-sustentabilidade\/2018\/03\/20\/boards-avancam-em-defesa-da-reputacao-da-empresa\/","name":"Boards avan\u00e7am em defesa da reputa\u00e7\u00e3o da empresa - Jornada da Sustentabilidade, oferecido por Deloitte","isPartOf":{"@id":"https:\/\/patrocinados.estadao.com.br\/deloitte-jornada-da-sustentabilidade\/#website"},"primaryImageOfPage":{"@id":"https:\/\/patrocinados.estadao.com.br\/deloitte-jornada-da-sustentabilidade\/2018\/03\/20\/boards-avancam-em-defesa-da-reputacao-da-empresa\/#primaryimage"},"image":{"@id":"https:\/\/patrocinados.estadao.com.br\/deloitte-jornada-da-sustentabilidade\/2018\/03\/20\/boards-avancam-em-defesa-da-reputacao-da-empresa\/#primaryimage"},"thumbnailUrl":"https:\/\/patrocinados.estadao.com.br\/deloitte-jornada-da-sustentabilidade\/wp-content\/uploads\/2021\/09\/Imagem_Estadao_20.03.2018-scaled.jpg","datePublished":"2018-03-20T06:02:25+00:00","dateModified":"2021-09-20T14:51:27+00:00","author":{"@id":"https:\/\/patrocinados.estadao.com.br\/deloitte-jornada-da-sustentabilidade\/#\/schema\/person\/9be56940425d4f31e0c82015d0fd725f"},"breadcrumb":{"@id":"https:\/\/patrocinados.estadao.com.br\/deloitte-jornada-da-sustentabilidade\/2018\/03\/20\/boards-avancam-em-defesa-da-reputacao-da-empresa\/#breadcrumb"},"inLanguage":"pt-BR","potentialAction":[{"@type":"ReadAction","target":["https:\/\/patrocinados.estadao.com.br\/deloitte-jornada-da-sustentabilidade\/2018\/03\/20\/boards-avancam-em-defesa-da-reputacao-da-empresa\/"]}]},{"@type":"ImageObject","inLanguage":"pt-BR","@id":"https:\/\/patrocinados.estadao.com.br\/deloitte-jornada-da-sustentabilidade\/2018\/03\/20\/boards-avancam-em-defesa-da-reputacao-da-empresa\/#primaryimage","url":"https:\/\/patrocinados.estadao.com.br\/deloitte-jornada-da-sustentabilidade\/wp-content\/uploads\/2021\/09\/Imagem_Estadao_20.03.2018-scaled.jpg","contentUrl":"https:\/\/patrocinados.estadao.com.br\/deloitte-jornada-da-sustentabilidade\/wp-content\/uploads\/2021\/09\/Imagem_Estadao_20.03.2018-scaled.jpg","width":2560,"height":1707,"caption":"Solution"},{"@type":"BreadcrumbList","@id":"https:\/\/patrocinados.estadao.com.br\/deloitte-jornada-da-sustentabilidade\/2018\/03\/20\/boards-avancam-em-defesa-da-reputacao-da-empresa\/#breadcrumb","itemListElement":[{"@type":"ListItem","position":1,"name":"In\u00edcio","item":"https:\/\/patrocinados.estadao.com.br\/deloitte-jornada-da-sustentabilidade\/"},{"@type":"ListItem","position":2,"name":"Boards avan\u00e7am em defesa da reputa\u00e7\u00e3o da empresa"}]},{"@type":"WebSite","@id":"https:\/\/patrocinados.estadao.com.br\/deloitte-jornada-da-sustentabilidade\/#website","url":"https:\/\/patrocinados.estadao.com.br\/deloitte-jornada-da-sustentabilidade\/","name":"Jornada da Sustentabilidade, oferecido por Deloitte","description":"Solu\u00e7\u00f5es de governan\u00e7a corporativa para seus desafios de neg\u00f3cios","potentialAction":[{"@type":"SearchAction","target":{"@type":"EntryPoint","urlTemplate":"https:\/\/patrocinados.estadao.com.br\/deloitte-jornada-da-sustentabilidade\/?s={search_term_string}"},"query-input":{"@type":"PropertyValueSpecification","valueRequired":true,"valueName":"search_term_string"}}],"inLanguage":"pt-BR"},{"@type":"Person","@id":"https:\/\/patrocinados.estadao.com.br\/deloitte-jornada-da-sustentabilidade\/#\/schema\/person\/9be56940425d4f31e0c82015d0fd725f","name":"Geosfera","image":{"@type":"ImageObject","inLanguage":"pt-BR","@id":"https:\/\/patrocinados.estadao.com.br\/deloitte-jornada-da-sustentabilidade\/#\/schema\/person\/image\/","url":"https:\/\/secure.gravatar.com\/avatar\/9d33d40efdce4963188a84bd4777a5f81f7c8e9cfcc15e6853c05f5cfee4c0ab?s=96&d=mm&r=g","contentUrl":"https:\/\/secure.gravatar.com\/avatar\/9d33d40efdce4963188a84bd4777a5f81f7c8e9cfcc15e6853c05f5cfee4c0ab?s=96&d=mm&r=g","caption":"Geosfera"},"sameAs":["http:\/\/geosfera.com.br"],"url":"https:\/\/patrocinados.estadao.com.br\/deloitte-jornada-da-sustentabilidade\/author\/geosfera_deloitte\/"}]}},"_links":{"self":[{"href":"https:\/\/patrocinados.estadao.com.br\/deloitte-jornada-da-sustentabilidade\/wp-json\/wp\/v2\/posts\/652","targetHints":{"allow":["GET"]}}],"collection":[{"href":"https:\/\/patrocinados.estadao.com.br\/deloitte-jornada-da-sustentabilidade\/wp-json\/wp\/v2\/posts"}],"about":[{"href":"https:\/\/patrocinados.estadao.com.br\/deloitte-jornada-da-sustentabilidade\/wp-json\/wp\/v2\/types\/post"}],"author":[{"embeddable":true,"href":"https:\/\/patrocinados.estadao.com.br\/deloitte-jornada-da-sustentabilidade\/wp-json\/wp\/v2\/users\/2"}],"replies":[{"embeddable":true,"href":"https:\/\/patrocinados.estadao.com.br\/deloitte-jornada-da-sustentabilidade\/wp-json\/wp\/v2\/comments?post=652"}],"version-history":[{"count":1,"href":"https:\/\/patrocinados.estadao.com.br\/deloitte-jornada-da-sustentabilidade\/wp-json\/wp\/v2\/posts\/652\/revisions"}],"predecessor-version":[{"id":1910,"href":"https:\/\/patrocinados.estadao.com.br\/deloitte-jornada-da-sustentabilidade\/wp-json\/wp\/v2\/posts\/652\/revisions\/1910"}],"wp:featuredmedia":[{"embeddable":true,"href":"https:\/\/patrocinados.estadao.com.br\/deloitte-jornada-da-sustentabilidade\/wp-json\/wp\/v2\/media\/1826"}],"wp:attachment":[{"href":"https:\/\/patrocinados.estadao.com.br\/deloitte-jornada-da-sustentabilidade\/wp-json\/wp\/v2\/media?parent=652"}],"wp:term":[{"taxonomy":"category","embeddable":true,"href":"https:\/\/patrocinados.estadao.com.br\/deloitte-jornada-da-sustentabilidade\/wp-json\/wp\/v2\/categories?post=652"},{"taxonomy":"post_tag","embeddable":true,"href":"https:\/\/patrocinados.estadao.com.br\/deloitte-jornada-da-sustentabilidade\/wp-json\/wp\/v2\/tags?post=652"}],"curies":[{"name":"wp","href":"https:\/\/api.w.org\/{rel}","templated":true}]}}