{"id":538,"date":"2017-09-29T22:15:27","date_gmt":"2017-09-29T22:15:27","guid":{"rendered":"https:\/\/patrocinados.estadao.com.br\/deloitte-esg-esg\/?p=538"},"modified":"2021-09-20T11:55:44","modified_gmt":"2021-09-20T14:55:44","slug":"tendencias-na-gestao-empresarial-frente-as-mudancas-climaticas-riscos-e-transparencia","status":"publish","type":"post","link":"https:\/\/patrocinados.estadao.com.br\/deloitte-jornada-da-sustentabilidade\/2017\/09\/29\/tendencias-na-gestao-empresarial-frente-as-mudancas-climaticas-riscos-e-transparencia\/","title":{"rendered":"Tend\u00eancias na gest\u00e3o empresarial frente \u00e0s mudan\u00e7as clim\u00e1ticas: riscos e transpar\u00eancia"},"content":{"rendered":"<p>Desde 2011, o <em>World Economic Forum<\/em> vem reportando na sua publica\u00e7\u00e3o <em>The Global Risk Report<\/em>, os riscos relacionados \u00e0s mudan\u00e7as do clima como uma das principais amea\u00e7as globais aos neg\u00f3cios<em>. <\/em>Em sua 12\u00aa edi\u00e7\u00e3o, publicada em janeiro deste ano e elaborada com base na opini\u00e3o de quase 750 participantes entre executivos de empresas, representantes governamentais, academia, ONGs, organiza\u00e7\u00f5es internacionais e especialistas, mostrou que os eventos clim\u00e1ticos extremos se encontram no topo da lista dos maiores riscos para o meio empresarial. Tal cen\u00e1rio aponta para a necessidade de se desenvolverem solu\u00e7\u00f5es compartilhadas, reconhecendo o papel dos diversos setores empresariais na gest\u00e3o mais respons\u00e1vel e responsiva ao risco global.<\/p>\n<p>Diante de uma amea\u00e7a real para a economia, as mudan\u00e7as clim\u00e1ticas est\u00e3o impulsionando as empresas para o desenvolvimento de metas <em>Science Based Targets (SBTs)<\/em> e ferramentas anal\u00edticas (<em>climate analytics)<\/em> com o objetivo de aprimorar a avalia\u00e7\u00e3o de vulnerabilidade e riscos associados \u00e0 mudan\u00e7a do clima. Nesse contexto, as bases cient\u00edficas \u2013 mais robustas e atualizadas \u2013 passam a compor os fundamentos e diretrizes para avalia\u00e7\u00f5es peri\u00f3dicas n\u00e3o somente a respeito das mudan\u00e7as clim\u00e1ticas, mas tamb\u00e9m sobre seus impactos, riscos e formas de mitiga\u00e7\u00e3o.<\/p>\n<p>Expostas aos riscos das mudan\u00e7as do clima e sua potencial materializa\u00e7\u00e3o \u2013 seja com a perda do valor econ\u00f4mico de ativos, danos a propriedades por eventos extremos, multas decorrentes de n\u00e3o atendimento \u00e0s exig\u00eancias legais e regulamenta\u00e7\u00f5es de mercado, dentre outros \u2013 um n\u00famero cada vez maior de empresas busca meios de adapta\u00e7\u00e3o considerando o risco clim\u00e1tico que amea\u00e7a a perenidade e sustentabilidade dos seus neg\u00f3cios.<\/p>\n<p>Tais riscos passam a ter maior import\u00e2ncia e aten\u00e7\u00e3o do mercado global ap\u00f3s o lan\u00e7amento, em junho deste ano, do relat\u00f3rio do Conselho de Estabilidade Financeira (FSB, na sigla em ingl\u00eas) com recomenda\u00e7\u00f5es sobre como as empresas podem relatar os riscos e oportunidades relacionadas \u00e0s quest\u00f5es clim\u00e1ticas. Logo ap\u00f3s o Acordo de Paris ter sido assinado em dezembro de 2015, o FSB, \u00f3rg\u00e3o ligado ao G20, estabeleceu uma For\u00e7a Tarefa (<em>Task Force on Climate-related Financial Disclosure \u2013 TCFD)<\/em> que elaboroueste relat\u00f3rio, o qual apresenta uma s\u00e9rie de recomenda\u00e7\u00f5es e a\u00e7\u00f5es volunt\u00e1rias a organiza\u00e7\u00f5es de diferentes setores sobre a forma de relatar riscos e oportunidades clim\u00e1ticas em seus relat\u00f3rios financeiros.<\/p>\n<p>Se implementadas, as recomenda\u00e7\u00f5es resultar\u00e3o em maior transpar\u00eancia na divulga\u00e7\u00e3o dos atuais e potencias impactos financeiros relacionados aos riscos e oportunidades clim\u00e1ticas. Globalmente, \u00a0onze institui\u00e7\u00f5es financeiras (Ita\u00fa, Bradesco, ANZ, Barclays, Citi, National Australia Bank, Royal Bank of Canada, Santander, Standard Chartered, TD Bank Group e UBS), que representam 7 trilh\u00f5es de d\u00f3lares em ativos, j\u00e1 adotaram as recomenda\u00e7\u00f5es do TCFD na busca por uma gest\u00e3o mais eficaz e mais transparente, o que poder\u00e1 impulsionar as empresas a assumirem o compromisso da divulga\u00e7\u00e3o mais clara e precisa sobre os aspectos que as impactam, al\u00e9m dos meios de mitiga\u00e7\u00e3o e oportunidades de neg\u00f3cio nas a\u00e7\u00f5es pelo clima.<\/p>\n<p>No Brasil, ap\u00f3s o governo federal ter firmado um acordo global desafiador para o avan\u00e7o no combate \u00e0s mudan\u00e7as do clima \u2013 se comprometendo a reduzir 37% das emiss\u00f5es de gases de efeito estufa (GEE) at\u00e9 2025 e 43% at\u00e9 2030, em rela\u00e7\u00e3o aos n\u00edveis de 2005 \u2014 observamos a mobiliza\u00e7\u00e3o de diversos setores empresariais \u00a0para tratar tend\u00eancias e antecipar futuras tributa\u00e7\u00f5es mandat\u00f3rias, e assim, incorporarem um novo direcionamento na cadeia de valor que poder\u00e1 impactar positivamente os resultados dos neg\u00f3cios. Nesse sentido, os sistemas de precifica\u00e7\u00e3o de carbono v\u00eam sendo discutidos e considerados pelo governo brasileiro como importantes mecanismos para a promo\u00e7\u00e3o da redu\u00e7\u00e3o de gases GEE, j\u00e1 que podem incentivar o aumento de investimentos em pesquisa visando o desenvolvimento de meios de produ\u00e7\u00e3o e novas tecnologias menos \u201ccarbono-intensivas\u201d.<\/p>\n<p>Importante pontuar que, para minimizar os potenciais impactos relativos aos riscos clim\u00e1ticos, as empresas devem, primeiramente, compreend\u00ea-los segundo suas especificidades para, ent\u00e3o, incorporar controles \u00e0 gest\u00e3o de riscos empresarial. Apesar dos compromissos j\u00e1 assumidos pelo setor financeiro, vale destacar que h\u00e1 um longo caminho na busca da efetiva gest\u00e3o dos riscos clim\u00e1ticos.<\/p>\n<p>Neste momento, questiona-se a maturidade das estrat\u00e9gias empresariais, que necessitam efetiva absor\u00e7\u00e3o das quest\u00f5es de sustentabilidade. O que pode-se afirmar com seguran\u00e7a \u00e9 que a resposta das organiza\u00e7\u00f5es diante dos efeitos das mudan\u00e7as clim\u00e1ticas em seus neg\u00f3cios requer uma estrat\u00e9gia disruptiva de gest\u00e3o de riscos.<\/p>\n<p><em>Por: Camila Ara\u00fajo, s\u00f3cia da \u00e1rea de Risk Advisory da Deloitte<br \/>\nRodolpho Simas, gerente de Risk Advisory da Deloitte e especialista em servi\u00e7os de sustentabilidade<br \/>\nAna Lia Touso, gerente de Risk Advisory da Deloitte e especialista em servi\u00e7os de sustentabilidade<\/em><\/p>\n","protected":false},"excerpt":{"rendered":"<p>F\u00f3rum Econ\u00f4mico Mundial lan\u00e7a The Global Risk Report deste ano<\/p>\n","protected":false},"author":2,"featured_media":1808,"comment_status":"open","ping_status":"closed","sticky":false,"template":"","format":"standard","meta":{"_acf_changed":false,"footnotes":""},"categories":[1],"tags":[],"class_list":["post-538","post","type-post","status-publish","format-standard","has-post-thumbnail","hentry","category-sem-categoria"],"acf":[],"yoast_head":"<!-- This site is optimized with the Yoast SEO plugin v27.1.1 - https:\/\/yoast.com\/product\/yoast-seo-wordpress\/ -->\n<title>Tend\u00eancias na gest\u00e3o empresarial frente \u00e0s mudan\u00e7as clim\u00e1ticas: riscos e transpar\u00eancia - Jornada da Sustentabilidade, oferecido por Deloitte<\/title>\n<meta name=\"robots\" content=\"index, follow, max-snippet:-1, max-image-preview:large, max-video-preview:-1\" \/>\n<link rel=\"canonical\" href=\"https:\/\/patrocinados.estadao.com.br\/deloitte-jornada-da-sustentabilidade\/2017\/09\/29\/tendencias-na-gestao-empresarial-frente-as-mudancas-climaticas-riscos-e-transparencia\/\" \/>\n<meta property=\"og:locale\" content=\"pt_BR\" \/>\n<meta property=\"og:type\" content=\"article\" \/>\n<meta property=\"og:title\" content=\"Tend\u00eancias na gest\u00e3o empresarial frente \u00e0s mudan\u00e7as clim\u00e1ticas: riscos e transpar\u00eancia - Jornada da Sustentabilidade, oferecido por Deloitte\" \/>\n<meta property=\"og:description\" content=\"F\u00f3rum Econ\u00f4mico Mundial lan\u00e7a The Global Risk Report deste ano\" \/>\n<meta property=\"og:url\" content=\"https:\/\/patrocinados.estadao.com.br\/deloitte-jornada-da-sustentabilidade\/2017\/09\/29\/tendencias-na-gestao-empresarial-frente-as-mudancas-climaticas-riscos-e-transparencia\/\" \/>\n<meta property=\"og:site_name\" content=\"Jornada da Sustentabilidade, oferecido por Deloitte\" \/>\n<meta property=\"article:published_time\" content=\"2017-09-29T22:15:27+00:00\" \/>\n<meta property=\"article:modified_time\" content=\"2021-09-20T14:55:44+00:00\" \/>\n<meta property=\"og:image\" content=\"https:\/\/patrocinados.estadao.com.br\/deloitte-jornada-da-sustentabilidade\/wp-content\/uploads\/2021\/09\/Estadao_28.09.2017.png\" \/>\n\t<meta property=\"og:image:width\" content=\"1181\" \/>\n\t<meta property=\"og:image:height\" content=\"787\" \/>\n\t<meta property=\"og:image:type\" content=\"image\/png\" \/>\n<meta name=\"author\" content=\"Geosfera\" \/>\n<meta name=\"twitter:card\" content=\"summary_large_image\" \/>\n<meta name=\"twitter:label1\" content=\"Escrito por\" \/>\n\t<meta name=\"twitter:data1\" content=\"Geosfera\" \/>\n\t<meta name=\"twitter:label2\" content=\"Est. tempo de leitura\" \/>\n\t<meta name=\"twitter:data2\" content=\"4 minutos\" \/>\n<script type=\"application\/ld+json\" class=\"yoast-schema-graph\">{\"@context\":\"https:\/\/schema.org\",\"@graph\":[{\"@type\":\"Article\",\"@id\":\"https:\/\/patrocinados.estadao.com.br\/deloitte-jornada-da-sustentabilidade\/2017\/09\/29\/tendencias-na-gestao-empresarial-frente-as-mudancas-climaticas-riscos-e-transparencia\/#article\",\"isPartOf\":{\"@id\":\"https:\/\/patrocinados.estadao.com.br\/deloitte-jornada-da-sustentabilidade\/2017\/09\/29\/tendencias-na-gestao-empresarial-frente-as-mudancas-climaticas-riscos-e-transparencia\/\"},\"author\":{\"name\":\"Geosfera\",\"@id\":\"https:\/\/patrocinados.estadao.com.br\/deloitte-jornada-da-sustentabilidade\/#\/schema\/person\/9be56940425d4f31e0c82015d0fd725f\"},\"headline\":\"Tend\u00eancias na gest\u00e3o empresarial frente \u00e0s mudan\u00e7as clim\u00e1ticas: riscos e transpar\u00eancia\",\"datePublished\":\"2017-09-29T22:15:27+00:00\",\"dateModified\":\"2021-09-20T14:55:44+00:00\",\"mainEntityOfPage\":{\"@id\":\"https:\/\/patrocinados.estadao.com.br\/deloitte-jornada-da-sustentabilidade\/2017\/09\/29\/tendencias-na-gestao-empresarial-frente-as-mudancas-climaticas-riscos-e-transparencia\/\"},\"wordCount\":842,\"commentCount\":0,\"image\":{\"@id\":\"https:\/\/patrocinados.estadao.com.br\/deloitte-jornada-da-sustentabilidade\/2017\/09\/29\/tendencias-na-gestao-empresarial-frente-as-mudancas-climaticas-riscos-e-transparencia\/#primaryimage\"},\"thumbnailUrl\":\"https:\/\/patrocinados.estadao.com.br\/deloitte-jornada-da-sustentabilidade\/wp-content\/uploads\/2021\/09\/Estadao_28.09.2017.png\",\"inLanguage\":\"pt-BR\",\"potentialAction\":[{\"@type\":\"CommentAction\",\"name\":\"Comment\",\"target\":[\"https:\/\/patrocinados.estadao.com.br\/deloitte-jornada-da-sustentabilidade\/2017\/09\/29\/tendencias-na-gestao-empresarial-frente-as-mudancas-climaticas-riscos-e-transparencia\/#respond\"]}]},{\"@type\":\"WebPage\",\"@id\":\"https:\/\/patrocinados.estadao.com.br\/deloitte-jornada-da-sustentabilidade\/2017\/09\/29\/tendencias-na-gestao-empresarial-frente-as-mudancas-climaticas-riscos-e-transparencia\/\",\"url\":\"https:\/\/patrocinados.estadao.com.br\/deloitte-jornada-da-sustentabilidade\/2017\/09\/29\/tendencias-na-gestao-empresarial-frente-as-mudancas-climaticas-riscos-e-transparencia\/\",\"name\":\"Tend\u00eancias na gest\u00e3o empresarial frente \u00e0s mudan\u00e7as clim\u00e1ticas: riscos e transpar\u00eancia - Jornada da Sustentabilidade, oferecido por Deloitte\",\"isPartOf\":{\"@id\":\"https:\/\/patrocinados.estadao.com.br\/deloitte-jornada-da-sustentabilidade\/#website\"},\"primaryImageOfPage\":{\"@id\":\"https:\/\/patrocinados.estadao.com.br\/deloitte-jornada-da-sustentabilidade\/2017\/09\/29\/tendencias-na-gestao-empresarial-frente-as-mudancas-climaticas-riscos-e-transparencia\/#primaryimage\"},\"image\":{\"@id\":\"https:\/\/patrocinados.estadao.com.br\/deloitte-jornada-da-sustentabilidade\/2017\/09\/29\/tendencias-na-gestao-empresarial-frente-as-mudancas-climaticas-riscos-e-transparencia\/#primaryimage\"},\"thumbnailUrl\":\"https:\/\/patrocinados.estadao.com.br\/deloitte-jornada-da-sustentabilidade\/wp-content\/uploads\/2021\/09\/Estadao_28.09.2017.png\",\"datePublished\":\"2017-09-29T22:15:27+00:00\",\"dateModified\":\"2021-09-20T14:55:44+00:00\",\"author\":{\"@id\":\"https:\/\/patrocinados.estadao.com.br\/deloitte-jornada-da-sustentabilidade\/#\/schema\/person\/9be56940425d4f31e0c82015d0fd725f\"},\"breadcrumb\":{\"@id\":\"https:\/\/patrocinados.estadao.com.br\/deloitte-jornada-da-sustentabilidade\/2017\/09\/29\/tendencias-na-gestao-empresarial-frente-as-mudancas-climaticas-riscos-e-transparencia\/#breadcrumb\"},\"inLanguage\":\"pt-BR\",\"potentialAction\":[{\"@type\":\"ReadAction\",\"target\":[\"https:\/\/patrocinados.estadao.com.br\/deloitte-jornada-da-sustentabilidade\/2017\/09\/29\/tendencias-na-gestao-empresarial-frente-as-mudancas-climaticas-riscos-e-transparencia\/\"]}]},{\"@type\":\"ImageObject\",\"inLanguage\":\"pt-BR\",\"@id\":\"https:\/\/patrocinados.estadao.com.br\/deloitte-jornada-da-sustentabilidade\/2017\/09\/29\/tendencias-na-gestao-empresarial-frente-as-mudancas-climaticas-riscos-e-transparencia\/#primaryimage\",\"url\":\"https:\/\/patrocinados.estadao.com.br\/deloitte-jornada-da-sustentabilidade\/wp-content\/uploads\/2021\/09\/Estadao_28.09.2017.png\",\"contentUrl\":\"https:\/\/patrocinados.estadao.com.br\/deloitte-jornada-da-sustentabilidade\/wp-content\/uploads\/2021\/09\/Estadao_28.09.2017.png\",\"width\":1181,\"height\":787},{\"@type\":\"BreadcrumbList\",\"@id\":\"https:\/\/patrocinados.estadao.com.br\/deloitte-jornada-da-sustentabilidade\/2017\/09\/29\/tendencias-na-gestao-empresarial-frente-as-mudancas-climaticas-riscos-e-transparencia\/#breadcrumb\",\"itemListElement\":[{\"@type\":\"ListItem\",\"position\":1,\"name\":\"In\u00edcio\",\"item\":\"https:\/\/patrocinados.estadao.com.br\/deloitte-jornada-da-sustentabilidade\/\"},{\"@type\":\"ListItem\",\"position\":2,\"name\":\"Tend\u00eancias na gest\u00e3o empresarial frente \u00e0s mudan\u00e7as clim\u00e1ticas: riscos e transpar\u00eancia\"}]},{\"@type\":\"WebSite\",\"@id\":\"https:\/\/patrocinados.estadao.com.br\/deloitte-jornada-da-sustentabilidade\/#website\",\"url\":\"https:\/\/patrocinados.estadao.com.br\/deloitte-jornada-da-sustentabilidade\/\",\"name\":\"Jornada da Sustentabilidade, oferecido por Deloitte\",\"description\":\"Solu\u00e7\u00f5es de governan\u00e7a corporativa para seus desafios de neg\u00f3cios\",\"potentialAction\":[{\"@type\":\"SearchAction\",\"target\":{\"@type\":\"EntryPoint\",\"urlTemplate\":\"https:\/\/patrocinados.estadao.com.br\/deloitte-jornada-da-sustentabilidade\/?s={search_term_string}\"},\"query-input\":{\"@type\":\"PropertyValueSpecification\",\"valueRequired\":true,\"valueName\":\"search_term_string\"}}],\"inLanguage\":\"pt-BR\"},{\"@type\":\"Person\",\"@id\":\"https:\/\/patrocinados.estadao.com.br\/deloitte-jornada-da-sustentabilidade\/#\/schema\/person\/9be56940425d4f31e0c82015d0fd725f\",\"name\":\"Geosfera\",\"image\":{\"@type\":\"ImageObject\",\"inLanguage\":\"pt-BR\",\"@id\":\"https:\/\/patrocinados.estadao.com.br\/deloitte-jornada-da-sustentabilidade\/#\/schema\/person\/image\/\",\"url\":\"https:\/\/secure.gravatar.com\/avatar\/9d33d40efdce4963188a84bd4777a5f81f7c8e9cfcc15e6853c05f5cfee4c0ab?s=96&d=mm&r=g\",\"contentUrl\":\"https:\/\/secure.gravatar.com\/avatar\/9d33d40efdce4963188a84bd4777a5f81f7c8e9cfcc15e6853c05f5cfee4c0ab?s=96&d=mm&r=g\",\"caption\":\"Geosfera\"},\"sameAs\":[\"http:\/\/geosfera.com.br\"],\"url\":\"https:\/\/patrocinados.estadao.com.br\/deloitte-jornada-da-sustentabilidade\/author\/geosfera_deloitte\/\"}]}<\/script>\n<!-- \/ Yoast SEO plugin. -->","yoast_head_json":{"title":"Tend\u00eancias na gest\u00e3o empresarial frente \u00e0s mudan\u00e7as clim\u00e1ticas: riscos e transpar\u00eancia - Jornada da Sustentabilidade, oferecido por Deloitte","robots":{"index":"index","follow":"follow","max-snippet":"max-snippet:-1","max-image-preview":"max-image-preview:large","max-video-preview":"max-video-preview:-1"},"canonical":"https:\/\/patrocinados.estadao.com.br\/deloitte-jornada-da-sustentabilidade\/2017\/09\/29\/tendencias-na-gestao-empresarial-frente-as-mudancas-climaticas-riscos-e-transparencia\/","og_locale":"pt_BR","og_type":"article","og_title":"Tend\u00eancias na gest\u00e3o empresarial frente \u00e0s mudan\u00e7as clim\u00e1ticas: riscos e transpar\u00eancia - Jornada da Sustentabilidade, oferecido por Deloitte","og_description":"F\u00f3rum Econ\u00f4mico Mundial lan\u00e7a The Global Risk Report deste ano","og_url":"https:\/\/patrocinados.estadao.com.br\/deloitte-jornada-da-sustentabilidade\/2017\/09\/29\/tendencias-na-gestao-empresarial-frente-as-mudancas-climaticas-riscos-e-transparencia\/","og_site_name":"Jornada da Sustentabilidade, oferecido por Deloitte","article_published_time":"2017-09-29T22:15:27+00:00","article_modified_time":"2021-09-20T14:55:44+00:00","og_image":[{"width":1181,"height":787,"url":"https:\/\/patrocinados.estadao.com.br\/deloitte-jornada-da-sustentabilidade\/wp-content\/uploads\/2021\/09\/Estadao_28.09.2017.png","type":"image\/png"}],"author":"Geosfera","twitter_card":"summary_large_image","twitter_misc":{"Escrito por":"Geosfera","Est. tempo de leitura":"4 minutos"},"schema":{"@context":"https:\/\/schema.org","@graph":[{"@type":"Article","@id":"https:\/\/patrocinados.estadao.com.br\/deloitte-jornada-da-sustentabilidade\/2017\/09\/29\/tendencias-na-gestao-empresarial-frente-as-mudancas-climaticas-riscos-e-transparencia\/#article","isPartOf":{"@id":"https:\/\/patrocinados.estadao.com.br\/deloitte-jornada-da-sustentabilidade\/2017\/09\/29\/tendencias-na-gestao-empresarial-frente-as-mudancas-climaticas-riscos-e-transparencia\/"},"author":{"name":"Geosfera","@id":"https:\/\/patrocinados.estadao.com.br\/deloitte-jornada-da-sustentabilidade\/#\/schema\/person\/9be56940425d4f31e0c82015d0fd725f"},"headline":"Tend\u00eancias na gest\u00e3o empresarial frente \u00e0s mudan\u00e7as clim\u00e1ticas: riscos e transpar\u00eancia","datePublished":"2017-09-29T22:15:27+00:00","dateModified":"2021-09-20T14:55:44+00:00","mainEntityOfPage":{"@id":"https:\/\/patrocinados.estadao.com.br\/deloitte-jornada-da-sustentabilidade\/2017\/09\/29\/tendencias-na-gestao-empresarial-frente-as-mudancas-climaticas-riscos-e-transparencia\/"},"wordCount":842,"commentCount":0,"image":{"@id":"https:\/\/patrocinados.estadao.com.br\/deloitte-jornada-da-sustentabilidade\/2017\/09\/29\/tendencias-na-gestao-empresarial-frente-as-mudancas-climaticas-riscos-e-transparencia\/#primaryimage"},"thumbnailUrl":"https:\/\/patrocinados.estadao.com.br\/deloitte-jornada-da-sustentabilidade\/wp-content\/uploads\/2021\/09\/Estadao_28.09.2017.png","inLanguage":"pt-BR","potentialAction":[{"@type":"CommentAction","name":"Comment","target":["https:\/\/patrocinados.estadao.com.br\/deloitte-jornada-da-sustentabilidade\/2017\/09\/29\/tendencias-na-gestao-empresarial-frente-as-mudancas-climaticas-riscos-e-transparencia\/#respond"]}]},{"@type":"WebPage","@id":"https:\/\/patrocinados.estadao.com.br\/deloitte-jornada-da-sustentabilidade\/2017\/09\/29\/tendencias-na-gestao-empresarial-frente-as-mudancas-climaticas-riscos-e-transparencia\/","url":"https:\/\/patrocinados.estadao.com.br\/deloitte-jornada-da-sustentabilidade\/2017\/09\/29\/tendencias-na-gestao-empresarial-frente-as-mudancas-climaticas-riscos-e-transparencia\/","name":"Tend\u00eancias na gest\u00e3o empresarial frente \u00e0s mudan\u00e7as clim\u00e1ticas: riscos e transpar\u00eancia - Jornada da Sustentabilidade, oferecido por Deloitte","isPartOf":{"@id":"https:\/\/patrocinados.estadao.com.br\/deloitte-jornada-da-sustentabilidade\/#website"},"primaryImageOfPage":{"@id":"https:\/\/patrocinados.estadao.com.br\/deloitte-jornada-da-sustentabilidade\/2017\/09\/29\/tendencias-na-gestao-empresarial-frente-as-mudancas-climaticas-riscos-e-transparencia\/#primaryimage"},"image":{"@id":"https:\/\/patrocinados.estadao.com.br\/deloitte-jornada-da-sustentabilidade\/2017\/09\/29\/tendencias-na-gestao-empresarial-frente-as-mudancas-climaticas-riscos-e-transparencia\/#primaryimage"},"thumbnailUrl":"https:\/\/patrocinados.estadao.com.br\/deloitte-jornada-da-sustentabilidade\/wp-content\/uploads\/2021\/09\/Estadao_28.09.2017.png","datePublished":"2017-09-29T22:15:27+00:00","dateModified":"2021-09-20T14:55:44+00:00","author":{"@id":"https:\/\/patrocinados.estadao.com.br\/deloitte-jornada-da-sustentabilidade\/#\/schema\/person\/9be56940425d4f31e0c82015d0fd725f"},"breadcrumb":{"@id":"https:\/\/patrocinados.estadao.com.br\/deloitte-jornada-da-sustentabilidade\/2017\/09\/29\/tendencias-na-gestao-empresarial-frente-as-mudancas-climaticas-riscos-e-transparencia\/#breadcrumb"},"inLanguage":"pt-BR","potentialAction":[{"@type":"ReadAction","target":["https:\/\/patrocinados.estadao.com.br\/deloitte-jornada-da-sustentabilidade\/2017\/09\/29\/tendencias-na-gestao-empresarial-frente-as-mudancas-climaticas-riscos-e-transparencia\/"]}]},{"@type":"ImageObject","inLanguage":"pt-BR","@id":"https:\/\/patrocinados.estadao.com.br\/deloitte-jornada-da-sustentabilidade\/2017\/09\/29\/tendencias-na-gestao-empresarial-frente-as-mudancas-climaticas-riscos-e-transparencia\/#primaryimage","url":"https:\/\/patrocinados.estadao.com.br\/deloitte-jornada-da-sustentabilidade\/wp-content\/uploads\/2021\/09\/Estadao_28.09.2017.png","contentUrl":"https:\/\/patrocinados.estadao.com.br\/deloitte-jornada-da-sustentabilidade\/wp-content\/uploads\/2021\/09\/Estadao_28.09.2017.png","width":1181,"height":787},{"@type":"BreadcrumbList","@id":"https:\/\/patrocinados.estadao.com.br\/deloitte-jornada-da-sustentabilidade\/2017\/09\/29\/tendencias-na-gestao-empresarial-frente-as-mudancas-climaticas-riscos-e-transparencia\/#breadcrumb","itemListElement":[{"@type":"ListItem","position":1,"name":"In\u00edcio","item":"https:\/\/patrocinados.estadao.com.br\/deloitte-jornada-da-sustentabilidade\/"},{"@type":"ListItem","position":2,"name":"Tend\u00eancias na gest\u00e3o empresarial frente \u00e0s mudan\u00e7as clim\u00e1ticas: riscos e transpar\u00eancia"}]},{"@type":"WebSite","@id":"https:\/\/patrocinados.estadao.com.br\/deloitte-jornada-da-sustentabilidade\/#website","url":"https:\/\/patrocinados.estadao.com.br\/deloitte-jornada-da-sustentabilidade\/","name":"Jornada da Sustentabilidade, oferecido por Deloitte","description":"Solu\u00e7\u00f5es de governan\u00e7a corporativa para seus desafios de neg\u00f3cios","potentialAction":[{"@type":"SearchAction","target":{"@type":"EntryPoint","urlTemplate":"https:\/\/patrocinados.estadao.com.br\/deloitte-jornada-da-sustentabilidade\/?s={search_term_string}"},"query-input":{"@type":"PropertyValueSpecification","valueRequired":true,"valueName":"search_term_string"}}],"inLanguage":"pt-BR"},{"@type":"Person","@id":"https:\/\/patrocinados.estadao.com.br\/deloitte-jornada-da-sustentabilidade\/#\/schema\/person\/9be56940425d4f31e0c82015d0fd725f","name":"Geosfera","image":{"@type":"ImageObject","inLanguage":"pt-BR","@id":"https:\/\/patrocinados.estadao.com.br\/deloitte-jornada-da-sustentabilidade\/#\/schema\/person\/image\/","url":"https:\/\/secure.gravatar.com\/avatar\/9d33d40efdce4963188a84bd4777a5f81f7c8e9cfcc15e6853c05f5cfee4c0ab?s=96&d=mm&r=g","contentUrl":"https:\/\/secure.gravatar.com\/avatar\/9d33d40efdce4963188a84bd4777a5f81f7c8e9cfcc15e6853c05f5cfee4c0ab?s=96&d=mm&r=g","caption":"Geosfera"},"sameAs":["http:\/\/geosfera.com.br"],"url":"https:\/\/patrocinados.estadao.com.br\/deloitte-jornada-da-sustentabilidade\/author\/geosfera_deloitte\/"}]}},"_links":{"self":[{"href":"https:\/\/patrocinados.estadao.com.br\/deloitte-jornada-da-sustentabilidade\/wp-json\/wp\/v2\/posts\/538","targetHints":{"allow":["GET"]}}],"collection":[{"href":"https:\/\/patrocinados.estadao.com.br\/deloitte-jornada-da-sustentabilidade\/wp-json\/wp\/v2\/posts"}],"about":[{"href":"https:\/\/patrocinados.estadao.com.br\/deloitte-jornada-da-sustentabilidade\/wp-json\/wp\/v2\/types\/post"}],"author":[{"embeddable":true,"href":"https:\/\/patrocinados.estadao.com.br\/deloitte-jornada-da-sustentabilidade\/wp-json\/wp\/v2\/users\/2"}],"replies":[{"embeddable":true,"href":"https:\/\/patrocinados.estadao.com.br\/deloitte-jornada-da-sustentabilidade\/wp-json\/wp\/v2\/comments?post=538"}],"version-history":[{"count":1,"href":"https:\/\/patrocinados.estadao.com.br\/deloitte-jornada-da-sustentabilidade\/wp-json\/wp\/v2\/posts\/538\/revisions"}],"predecessor-version":[{"id":1919,"href":"https:\/\/patrocinados.estadao.com.br\/deloitte-jornada-da-sustentabilidade\/wp-json\/wp\/v2\/posts\/538\/revisions\/1919"}],"wp:featuredmedia":[{"embeddable":true,"href":"https:\/\/patrocinados.estadao.com.br\/deloitte-jornada-da-sustentabilidade\/wp-json\/wp\/v2\/media\/1808"}],"wp:attachment":[{"href":"https:\/\/patrocinados.estadao.com.br\/deloitte-jornada-da-sustentabilidade\/wp-json\/wp\/v2\/media?parent=538"}],"wp:term":[{"taxonomy":"category","embeddable":true,"href":"https:\/\/patrocinados.estadao.com.br\/deloitte-jornada-da-sustentabilidade\/wp-json\/wp\/v2\/categories?post=538"},{"taxonomy":"post_tag","embeddable":true,"href":"https:\/\/patrocinados.estadao.com.br\/deloitte-jornada-da-sustentabilidade\/wp-json\/wp\/v2\/tags?post=538"}],"curies":[{"name":"wp","href":"https:\/\/api.w.org\/{rel}","templated":true}]}}