{"id":524,"date":"2017-09-12T06:10:54","date_gmt":"2017-09-12T06:10:54","guid":{"rendered":"https:\/\/patrocinados.estadao.com.br\/deloitte-esg-esg\/?p=524"},"modified":"2021-09-20T11:56:04","modified_gmt":"2021-09-20T14:56:04","slug":"gestao-de-riscos-e-controles-internos-na-agenda-das-empresas","status":"publish","type":"post","link":"https:\/\/patrocinados.estadao.com.br\/deloitte-jornada-da-sustentabilidade\/2017\/09\/12\/gestao-de-riscos-e-controles-internos-na-agenda-das-empresas\/","title":{"rendered":"Gest\u00e3o de riscos e controles internos na agenda das empresas"},"content":{"rendered":"<p>O processo de gest\u00e3o de riscos vem conquistando cada vez mais import\u00e2ncia no ambiente empresarial e o mercado brasileiro tem mostrado relevante grau de maturidade quanto \u00e0 formalidade e \u00e0 estrutura\u00e7\u00e3o desse processo, agregando qualidade ao seu ambiente de controles internos, por\u00e9m ainda h\u00e1 necessidade de evolu\u00e7\u00e3o.<\/p>\n<p>\u201cEst\u00e1 na agenda hoje assegurar que os processos e controles sejam realizados em conformidade com as regras estabelecidas. H\u00e1 um fortalecimento e maior rigor no cumprimento das regulamenta\u00e7\u00f5es, al\u00e9m de n\u00edvel elevado de cobran\u00e7a e transpar\u00eancia dos Conselhos de Administra\u00e7\u00e3o\u201d, argumenta Leonardo Moretti, diretor da \u00e1rea de <em>Risk Advisory<\/em> da Deloitte.<\/p>\n<p>Alex Borges, s\u00f3cio da mesma \u00e1rea na\u00a0empresa, completa: \u201cas companhias, cada vez mais, est\u00e3o analisando seus riscos institucionais (de imagem, reputa\u00e7\u00e3o, estrat\u00e9gicos, cibern\u00e9ticos, financeiros e etc.) atrav\u00e9s de seus instrumentos de gest\u00e3o e de controle, para que eventuais riscos sejam mitigados\u201d.<\/p>\n<p>Levantamento realizado pela Deloitte \u2013 com base em formul\u00e1rios de refer\u00eancia divulgados ao mercado pelas companhias e disponibilizados no site da Comiss\u00e3o de Valores Mobili\u00e1rios (CVM) \u2013 abordou as principais organiza\u00e7\u00f5es de capital aberto do Brasil nos seus diferentes n\u00edveis de Governan\u00e7a Corporativa (N\u00edvel 1, N\u00edvel 2 e Novo Mercado) e em distintas ind\u00fastrias.<\/p>\n<p>De forma a analisar como a gest\u00e3o de riscos e o processo de controles internos est\u00e3o efetivamente implementados nas organiza\u00e7\u00f5es, a an\u00e1lise apontou que a maioria das empresas listadas no N\u00edvel 1 ou N\u00edvel 2 j\u00e1 apresentam pol\u00edticas de risco formalizadas, enquanto essas pr\u00e1ticas v\u00eam sendo implementadas e fortalecidas nas empresas listadas no Novo Mercado. Borges complementa: \u201ca pr\u00e1tica est\u00e1 em processo de evolu\u00e7\u00e3o na gest\u00e3o empresarial das organiza\u00e7\u00f5es, nas quais as defini\u00e7\u00f5es v\u00eam sendo melhor estabelecidas e alinhadas ao apetite e toler\u00e2ncia aos riscos empresariais\u201d.<\/p>\n<p><strong>Desafios e papel da alta administra\u00e7\u00e3o<\/strong><\/p>\n<p>Quanto aos desafios que as empresas t\u00eam enfrentado para implementa\u00e7\u00e3o da gest\u00e3o de riscos e controles internos, Leonardo Moretti alerta que o grande desafio \u00e9 que\u00a0\u00f3rg\u00e3os de governan\u00e7a reconhe\u00e7am o real valor dessas \u00e1reas para os\u00a0neg\u00f3cios. \u201c\u00c9 fundamental que vejam o trabalho desenvolvido como diferencial, que pode levar a empresa a outro patamar de gest\u00e3o no processo de riscos e controles\u201d, comenta.<\/p>\n<p>Moretti argumenta tamb\u00e9m que a institui\u00e7\u00e3o alcan\u00e7a um programa eficaz de gest\u00e3o de riscos e de controles internos quando a alta administra\u00e7\u00e3o direciona esfor\u00e7os para isso. \u201cQuando n\u00e3o h\u00e1 muito patroc\u00ednio da elite do grupo\u00a0com rela\u00e7\u00e3o a estas fun\u00e7\u00f5es ela n\u00e3o acontece na pr\u00e1tica, fazendo com que os resultados gerados n\u00e3o sejam efetivos. A alta administra\u00e7\u00e3o tem que comprar a ideia e fazer acontecer, tem que acreditar que esse programa vai agregar\u00a0valor ao neg\u00f3cio.\u201d<\/p>\n<p>Segundo Alex Borges, para que a\u00a0gest\u00e3o de riscos e de controles internos seja eficaz e assegure a adequada tomada de decis\u00e3o e de transpar\u00eancia ao mercado, s\u00e3o necess\u00e1rios:<\/p>\n<ul>\n<li>processo de aculturamento cont\u00ednuo;<\/li>\n<li>compreens\u00e3o do valor da gest\u00e3o de riscos e controles internos pela alta administra\u00e7\u00e3o e \u00f3rg\u00e3os de governan\u00e7a;<\/li>\n<li>defini\u00e7\u00e3o clara do apetite e toler\u00e2ncia a riscos e a formaliza\u00e7\u00e3o da pol\u00edtica de riscos;<\/li>\n<li>processo de gest\u00e3o de riscos adequado \u00e0 realidade do neg\u00f3cio (n\u00e3o h\u00e1 processo comum a todas as organiza\u00e7\u00f5es);<\/li>\n<li>entendimento do que deve ser reportado e a quem se reportar.<\/li>\n<\/ul>\n","protected":false},"excerpt":{"rendered":"<p>O mercado brasileiro amadureceu em rela\u00e7\u00e3o \u00e0 estrutura\u00e7\u00e3o de gest\u00e3o, mas ainda h\u00e1 um caminho a ser percorrido<\/p>\n","protected":false},"author":2,"featured_media":1806,"comment_status":"open","ping_status":"closed","sticky":false,"template":"","format":"standard","meta":{"_acf_changed":false,"footnotes":""},"categories":[1],"tags":[],"class_list":["post-524","post","type-post","status-publish","format-standard","has-post-thumbnail","hentry","category-sem-categoria"],"acf":[],"yoast_head":"<!-- This site is optimized with the Yoast SEO plugin v27.1.1 - https:\/\/yoast.com\/product\/yoast-seo-wordpress\/ -->\n<title>Gest\u00e3o de riscos e controles internos na agenda das empresas - Jornada da Sustentabilidade, oferecido por Deloitte<\/title>\n<meta name=\"robots\" content=\"index, follow, max-snippet:-1, max-image-preview:large, max-video-preview:-1\" \/>\n<link rel=\"canonical\" href=\"https:\/\/patrocinados.estadao.com.br\/deloitte-jornada-da-sustentabilidade\/2017\/09\/12\/gestao-de-riscos-e-controles-internos-na-agenda-das-empresas\/\" \/>\n<meta property=\"og:locale\" content=\"pt_BR\" \/>\n<meta property=\"og:type\" content=\"article\" \/>\n<meta property=\"og:title\" content=\"Gest\u00e3o de riscos e controles internos na agenda das empresas - Jornada da Sustentabilidade, oferecido por Deloitte\" \/>\n<meta property=\"og:description\" content=\"O mercado brasileiro amadureceu em rela\u00e7\u00e3o \u00e0 estrutura\u00e7\u00e3o de gest\u00e3o, mas ainda h\u00e1 um caminho a ser percorrido\" \/>\n<meta property=\"og:url\" content=\"https:\/\/patrocinados.estadao.com.br\/deloitte-jornada-da-sustentabilidade\/2017\/09\/12\/gestao-de-riscos-e-controles-internos-na-agenda-das-empresas\/\" \/>\n<meta property=\"og:site_name\" content=\"Jornada da Sustentabilidade, oferecido por Deloitte\" \/>\n<meta property=\"article:published_time\" content=\"2017-09-12T06:10:54+00:00\" \/>\n<meta property=\"article:modified_time\" content=\"2021-09-20T14:56:04+00:00\" \/>\n<meta property=\"og:image\" content=\"https:\/\/patrocinados.estadao.com.br\/deloitte-jornada-da-sustentabilidade\/wp-content\/uploads\/2021\/09\/Estadao_12.09.2017.jpg\" \/>\n\t<meta property=\"og:image:width\" content=\"1844\" \/>\n\t<meta property=\"og:image:height\" content=\"1626\" \/>\n\t<meta property=\"og:image:type\" content=\"image\/jpeg\" \/>\n<meta name=\"author\" content=\"Geosfera\" \/>\n<meta name=\"twitter:card\" content=\"summary_large_image\" \/>\n<meta name=\"twitter:label1\" content=\"Escrito por\" \/>\n\t<meta name=\"twitter:data1\" content=\"Geosfera\" \/>\n\t<meta name=\"twitter:label2\" content=\"Est. tempo de leitura\" \/>\n\t<meta name=\"twitter:data2\" content=\"3 minutos\" \/>\n<script type=\"application\/ld+json\" class=\"yoast-schema-graph\">{\"@context\":\"https:\/\/schema.org\",\"@graph\":[{\"@type\":\"Article\",\"@id\":\"https:\/\/patrocinados.estadao.com.br\/deloitte-jornada-da-sustentabilidade\/2017\/09\/12\/gestao-de-riscos-e-controles-internos-na-agenda-das-empresas\/#article\",\"isPartOf\":{\"@id\":\"https:\/\/patrocinados.estadao.com.br\/deloitte-jornada-da-sustentabilidade\/2017\/09\/12\/gestao-de-riscos-e-controles-internos-na-agenda-das-empresas\/\"},\"author\":{\"name\":\"Geosfera\",\"@id\":\"https:\/\/patrocinados.estadao.com.br\/deloitte-jornada-da-sustentabilidade\/#\/schema\/person\/9be56940425d4f31e0c82015d0fd725f\"},\"headline\":\"Gest\u00e3o de riscos e controles internos na agenda das empresas\",\"datePublished\":\"2017-09-12T06:10:54+00:00\",\"dateModified\":\"2021-09-20T14:56:04+00:00\",\"mainEntityOfPage\":{\"@id\":\"https:\/\/patrocinados.estadao.com.br\/deloitte-jornada-da-sustentabilidade\/2017\/09\/12\/gestao-de-riscos-e-controles-internos-na-agenda-das-empresas\/\"},\"wordCount\":607,\"commentCount\":0,\"image\":{\"@id\":\"https:\/\/patrocinados.estadao.com.br\/deloitte-jornada-da-sustentabilidade\/2017\/09\/12\/gestao-de-riscos-e-controles-internos-na-agenda-das-empresas\/#primaryimage\"},\"thumbnailUrl\":\"https:\/\/patrocinados.estadao.com.br\/deloitte-jornada-da-sustentabilidade\/wp-content\/uploads\/2021\/09\/Estadao_12.09.2017.jpg\",\"inLanguage\":\"pt-BR\",\"potentialAction\":[{\"@type\":\"CommentAction\",\"name\":\"Comment\",\"target\":[\"https:\/\/patrocinados.estadao.com.br\/deloitte-jornada-da-sustentabilidade\/2017\/09\/12\/gestao-de-riscos-e-controles-internos-na-agenda-das-empresas\/#respond\"]}]},{\"@type\":\"WebPage\",\"@id\":\"https:\/\/patrocinados.estadao.com.br\/deloitte-jornada-da-sustentabilidade\/2017\/09\/12\/gestao-de-riscos-e-controles-internos-na-agenda-das-empresas\/\",\"url\":\"https:\/\/patrocinados.estadao.com.br\/deloitte-jornada-da-sustentabilidade\/2017\/09\/12\/gestao-de-riscos-e-controles-internos-na-agenda-das-empresas\/\",\"name\":\"Gest\u00e3o de riscos e controles internos na agenda das empresas - Jornada da Sustentabilidade, oferecido por Deloitte\",\"isPartOf\":{\"@id\":\"https:\/\/patrocinados.estadao.com.br\/deloitte-jornada-da-sustentabilidade\/#website\"},\"primaryImageOfPage\":{\"@id\":\"https:\/\/patrocinados.estadao.com.br\/deloitte-jornada-da-sustentabilidade\/2017\/09\/12\/gestao-de-riscos-e-controles-internos-na-agenda-das-empresas\/#primaryimage\"},\"image\":{\"@id\":\"https:\/\/patrocinados.estadao.com.br\/deloitte-jornada-da-sustentabilidade\/2017\/09\/12\/gestao-de-riscos-e-controles-internos-na-agenda-das-empresas\/#primaryimage\"},\"thumbnailUrl\":\"https:\/\/patrocinados.estadao.com.br\/deloitte-jornada-da-sustentabilidade\/wp-content\/uploads\/2021\/09\/Estadao_12.09.2017.jpg\",\"datePublished\":\"2017-09-12T06:10:54+00:00\",\"dateModified\":\"2021-09-20T14:56:04+00:00\",\"author\":{\"@id\":\"https:\/\/patrocinados.estadao.com.br\/deloitte-jornada-da-sustentabilidade\/#\/schema\/person\/9be56940425d4f31e0c82015d0fd725f\"},\"breadcrumb\":{\"@id\":\"https:\/\/patrocinados.estadao.com.br\/deloitte-jornada-da-sustentabilidade\/2017\/09\/12\/gestao-de-riscos-e-controles-internos-na-agenda-das-empresas\/#breadcrumb\"},\"inLanguage\":\"pt-BR\",\"potentialAction\":[{\"@type\":\"ReadAction\",\"target\":[\"https:\/\/patrocinados.estadao.com.br\/deloitte-jornada-da-sustentabilidade\/2017\/09\/12\/gestao-de-riscos-e-controles-internos-na-agenda-das-empresas\/\"]}]},{\"@type\":\"ImageObject\",\"inLanguage\":\"pt-BR\",\"@id\":\"https:\/\/patrocinados.estadao.com.br\/deloitte-jornada-da-sustentabilidade\/2017\/09\/12\/gestao-de-riscos-e-controles-internos-na-agenda-das-empresas\/#primaryimage\",\"url\":\"https:\/\/patrocinados.estadao.com.br\/deloitte-jornada-da-sustentabilidade\/wp-content\/uploads\/2021\/09\/Estadao_12.09.2017.jpg\",\"contentUrl\":\"https:\/\/patrocinados.estadao.com.br\/deloitte-jornada-da-sustentabilidade\/wp-content\/uploads\/2021\/09\/Estadao_12.09.2017.jpg\",\"width\":1844,\"height\":1626,\"caption\":\"Empty Shelfs with copy space , 3d render\"},{\"@type\":\"BreadcrumbList\",\"@id\":\"https:\/\/patrocinados.estadao.com.br\/deloitte-jornada-da-sustentabilidade\/2017\/09\/12\/gestao-de-riscos-e-controles-internos-na-agenda-das-empresas\/#breadcrumb\",\"itemListElement\":[{\"@type\":\"ListItem\",\"position\":1,\"name\":\"In\u00edcio\",\"item\":\"https:\/\/patrocinados.estadao.com.br\/deloitte-jornada-da-sustentabilidade\/\"},{\"@type\":\"ListItem\",\"position\":2,\"name\":\"Gest\u00e3o de riscos e controles internos na agenda das empresas\"}]},{\"@type\":\"WebSite\",\"@id\":\"https:\/\/patrocinados.estadao.com.br\/deloitte-jornada-da-sustentabilidade\/#website\",\"url\":\"https:\/\/patrocinados.estadao.com.br\/deloitte-jornada-da-sustentabilidade\/\",\"name\":\"Jornada da Sustentabilidade, oferecido por Deloitte\",\"description\":\"Solu\u00e7\u00f5es de governan\u00e7a corporativa para seus desafios de neg\u00f3cios\",\"potentialAction\":[{\"@type\":\"SearchAction\",\"target\":{\"@type\":\"EntryPoint\",\"urlTemplate\":\"https:\/\/patrocinados.estadao.com.br\/deloitte-jornada-da-sustentabilidade\/?s={search_term_string}\"},\"query-input\":{\"@type\":\"PropertyValueSpecification\",\"valueRequired\":true,\"valueName\":\"search_term_string\"}}],\"inLanguage\":\"pt-BR\"},{\"@type\":\"Person\",\"@id\":\"https:\/\/patrocinados.estadao.com.br\/deloitte-jornada-da-sustentabilidade\/#\/schema\/person\/9be56940425d4f31e0c82015d0fd725f\",\"name\":\"Geosfera\",\"image\":{\"@type\":\"ImageObject\",\"inLanguage\":\"pt-BR\",\"@id\":\"https:\/\/patrocinados.estadao.com.br\/deloitte-jornada-da-sustentabilidade\/#\/schema\/person\/image\/\",\"url\":\"https:\/\/secure.gravatar.com\/avatar\/9d33d40efdce4963188a84bd4777a5f81f7c8e9cfcc15e6853c05f5cfee4c0ab?s=96&d=mm&r=g\",\"contentUrl\":\"https:\/\/secure.gravatar.com\/avatar\/9d33d40efdce4963188a84bd4777a5f81f7c8e9cfcc15e6853c05f5cfee4c0ab?s=96&d=mm&r=g\",\"caption\":\"Geosfera\"},\"sameAs\":[\"http:\/\/geosfera.com.br\"],\"url\":\"https:\/\/patrocinados.estadao.com.br\/deloitte-jornada-da-sustentabilidade\/author\/geosfera_deloitte\/\"}]}<\/script>\n<!-- \/ Yoast SEO plugin. -->","yoast_head_json":{"title":"Gest\u00e3o de riscos e controles internos na agenda das empresas - Jornada da Sustentabilidade, oferecido por Deloitte","robots":{"index":"index","follow":"follow","max-snippet":"max-snippet:-1","max-image-preview":"max-image-preview:large","max-video-preview":"max-video-preview:-1"},"canonical":"https:\/\/patrocinados.estadao.com.br\/deloitte-jornada-da-sustentabilidade\/2017\/09\/12\/gestao-de-riscos-e-controles-internos-na-agenda-das-empresas\/","og_locale":"pt_BR","og_type":"article","og_title":"Gest\u00e3o de riscos e controles internos na agenda das empresas - Jornada da Sustentabilidade, oferecido por Deloitte","og_description":"O mercado brasileiro amadureceu em rela\u00e7\u00e3o \u00e0 estrutura\u00e7\u00e3o de gest\u00e3o, mas ainda h\u00e1 um caminho a ser percorrido","og_url":"https:\/\/patrocinados.estadao.com.br\/deloitte-jornada-da-sustentabilidade\/2017\/09\/12\/gestao-de-riscos-e-controles-internos-na-agenda-das-empresas\/","og_site_name":"Jornada da Sustentabilidade, oferecido por Deloitte","article_published_time":"2017-09-12T06:10:54+00:00","article_modified_time":"2021-09-20T14:56:04+00:00","og_image":[{"width":1844,"height":1626,"url":"https:\/\/patrocinados.estadao.com.br\/deloitte-jornada-da-sustentabilidade\/wp-content\/uploads\/2021\/09\/Estadao_12.09.2017.jpg","type":"image\/jpeg"}],"author":"Geosfera","twitter_card":"summary_large_image","twitter_misc":{"Escrito por":"Geosfera","Est. tempo de leitura":"3 minutos"},"schema":{"@context":"https:\/\/schema.org","@graph":[{"@type":"Article","@id":"https:\/\/patrocinados.estadao.com.br\/deloitte-jornada-da-sustentabilidade\/2017\/09\/12\/gestao-de-riscos-e-controles-internos-na-agenda-das-empresas\/#article","isPartOf":{"@id":"https:\/\/patrocinados.estadao.com.br\/deloitte-jornada-da-sustentabilidade\/2017\/09\/12\/gestao-de-riscos-e-controles-internos-na-agenda-das-empresas\/"},"author":{"name":"Geosfera","@id":"https:\/\/patrocinados.estadao.com.br\/deloitte-jornada-da-sustentabilidade\/#\/schema\/person\/9be56940425d4f31e0c82015d0fd725f"},"headline":"Gest\u00e3o de riscos e controles internos na agenda das empresas","datePublished":"2017-09-12T06:10:54+00:00","dateModified":"2021-09-20T14:56:04+00:00","mainEntityOfPage":{"@id":"https:\/\/patrocinados.estadao.com.br\/deloitte-jornada-da-sustentabilidade\/2017\/09\/12\/gestao-de-riscos-e-controles-internos-na-agenda-das-empresas\/"},"wordCount":607,"commentCount":0,"image":{"@id":"https:\/\/patrocinados.estadao.com.br\/deloitte-jornada-da-sustentabilidade\/2017\/09\/12\/gestao-de-riscos-e-controles-internos-na-agenda-das-empresas\/#primaryimage"},"thumbnailUrl":"https:\/\/patrocinados.estadao.com.br\/deloitte-jornada-da-sustentabilidade\/wp-content\/uploads\/2021\/09\/Estadao_12.09.2017.jpg","inLanguage":"pt-BR","potentialAction":[{"@type":"CommentAction","name":"Comment","target":["https:\/\/patrocinados.estadao.com.br\/deloitte-jornada-da-sustentabilidade\/2017\/09\/12\/gestao-de-riscos-e-controles-internos-na-agenda-das-empresas\/#respond"]}]},{"@type":"WebPage","@id":"https:\/\/patrocinados.estadao.com.br\/deloitte-jornada-da-sustentabilidade\/2017\/09\/12\/gestao-de-riscos-e-controles-internos-na-agenda-das-empresas\/","url":"https:\/\/patrocinados.estadao.com.br\/deloitte-jornada-da-sustentabilidade\/2017\/09\/12\/gestao-de-riscos-e-controles-internos-na-agenda-das-empresas\/","name":"Gest\u00e3o de riscos e controles internos na agenda das empresas - Jornada da Sustentabilidade, oferecido por Deloitte","isPartOf":{"@id":"https:\/\/patrocinados.estadao.com.br\/deloitte-jornada-da-sustentabilidade\/#website"},"primaryImageOfPage":{"@id":"https:\/\/patrocinados.estadao.com.br\/deloitte-jornada-da-sustentabilidade\/2017\/09\/12\/gestao-de-riscos-e-controles-internos-na-agenda-das-empresas\/#primaryimage"},"image":{"@id":"https:\/\/patrocinados.estadao.com.br\/deloitte-jornada-da-sustentabilidade\/2017\/09\/12\/gestao-de-riscos-e-controles-internos-na-agenda-das-empresas\/#primaryimage"},"thumbnailUrl":"https:\/\/patrocinados.estadao.com.br\/deloitte-jornada-da-sustentabilidade\/wp-content\/uploads\/2021\/09\/Estadao_12.09.2017.jpg","datePublished":"2017-09-12T06:10:54+00:00","dateModified":"2021-09-20T14:56:04+00:00","author":{"@id":"https:\/\/patrocinados.estadao.com.br\/deloitte-jornada-da-sustentabilidade\/#\/schema\/person\/9be56940425d4f31e0c82015d0fd725f"},"breadcrumb":{"@id":"https:\/\/patrocinados.estadao.com.br\/deloitte-jornada-da-sustentabilidade\/2017\/09\/12\/gestao-de-riscos-e-controles-internos-na-agenda-das-empresas\/#breadcrumb"},"inLanguage":"pt-BR","potentialAction":[{"@type":"ReadAction","target":["https:\/\/patrocinados.estadao.com.br\/deloitte-jornada-da-sustentabilidade\/2017\/09\/12\/gestao-de-riscos-e-controles-internos-na-agenda-das-empresas\/"]}]},{"@type":"ImageObject","inLanguage":"pt-BR","@id":"https:\/\/patrocinados.estadao.com.br\/deloitte-jornada-da-sustentabilidade\/2017\/09\/12\/gestao-de-riscos-e-controles-internos-na-agenda-das-empresas\/#primaryimage","url":"https:\/\/patrocinados.estadao.com.br\/deloitte-jornada-da-sustentabilidade\/wp-content\/uploads\/2021\/09\/Estadao_12.09.2017.jpg","contentUrl":"https:\/\/patrocinados.estadao.com.br\/deloitte-jornada-da-sustentabilidade\/wp-content\/uploads\/2021\/09\/Estadao_12.09.2017.jpg","width":1844,"height":1626,"caption":"Empty Shelfs with copy space , 3d render"},{"@type":"BreadcrumbList","@id":"https:\/\/patrocinados.estadao.com.br\/deloitte-jornada-da-sustentabilidade\/2017\/09\/12\/gestao-de-riscos-e-controles-internos-na-agenda-das-empresas\/#breadcrumb","itemListElement":[{"@type":"ListItem","position":1,"name":"In\u00edcio","item":"https:\/\/patrocinados.estadao.com.br\/deloitte-jornada-da-sustentabilidade\/"},{"@type":"ListItem","position":2,"name":"Gest\u00e3o de riscos e controles internos na agenda das empresas"}]},{"@type":"WebSite","@id":"https:\/\/patrocinados.estadao.com.br\/deloitte-jornada-da-sustentabilidade\/#website","url":"https:\/\/patrocinados.estadao.com.br\/deloitte-jornada-da-sustentabilidade\/","name":"Jornada da Sustentabilidade, oferecido por Deloitte","description":"Solu\u00e7\u00f5es de governan\u00e7a corporativa para seus desafios de neg\u00f3cios","potentialAction":[{"@type":"SearchAction","target":{"@type":"EntryPoint","urlTemplate":"https:\/\/patrocinados.estadao.com.br\/deloitte-jornada-da-sustentabilidade\/?s={search_term_string}"},"query-input":{"@type":"PropertyValueSpecification","valueRequired":true,"valueName":"search_term_string"}}],"inLanguage":"pt-BR"},{"@type":"Person","@id":"https:\/\/patrocinados.estadao.com.br\/deloitte-jornada-da-sustentabilidade\/#\/schema\/person\/9be56940425d4f31e0c82015d0fd725f","name":"Geosfera","image":{"@type":"ImageObject","inLanguage":"pt-BR","@id":"https:\/\/patrocinados.estadao.com.br\/deloitte-jornada-da-sustentabilidade\/#\/schema\/person\/image\/","url":"https:\/\/secure.gravatar.com\/avatar\/9d33d40efdce4963188a84bd4777a5f81f7c8e9cfcc15e6853c05f5cfee4c0ab?s=96&d=mm&r=g","contentUrl":"https:\/\/secure.gravatar.com\/avatar\/9d33d40efdce4963188a84bd4777a5f81f7c8e9cfcc15e6853c05f5cfee4c0ab?s=96&d=mm&r=g","caption":"Geosfera"},"sameAs":["http:\/\/geosfera.com.br"],"url":"https:\/\/patrocinados.estadao.com.br\/deloitte-jornada-da-sustentabilidade\/author\/geosfera_deloitte\/"}]}},"_links":{"self":[{"href":"https:\/\/patrocinados.estadao.com.br\/deloitte-jornada-da-sustentabilidade\/wp-json\/wp\/v2\/posts\/524","targetHints":{"allow":["GET"]}}],"collection":[{"href":"https:\/\/patrocinados.estadao.com.br\/deloitte-jornada-da-sustentabilidade\/wp-json\/wp\/v2\/posts"}],"about":[{"href":"https:\/\/patrocinados.estadao.com.br\/deloitte-jornada-da-sustentabilidade\/wp-json\/wp\/v2\/types\/post"}],"author":[{"embeddable":true,"href":"https:\/\/patrocinados.estadao.com.br\/deloitte-jornada-da-sustentabilidade\/wp-json\/wp\/v2\/users\/2"}],"replies":[{"embeddable":true,"href":"https:\/\/patrocinados.estadao.com.br\/deloitte-jornada-da-sustentabilidade\/wp-json\/wp\/v2\/comments?post=524"}],"version-history":[{"count":1,"href":"https:\/\/patrocinados.estadao.com.br\/deloitte-jornada-da-sustentabilidade\/wp-json\/wp\/v2\/posts\/524\/revisions"}],"predecessor-version":[{"id":1920,"href":"https:\/\/patrocinados.estadao.com.br\/deloitte-jornada-da-sustentabilidade\/wp-json\/wp\/v2\/posts\/524\/revisions\/1920"}],"wp:featuredmedia":[{"embeddable":true,"href":"https:\/\/patrocinados.estadao.com.br\/deloitte-jornada-da-sustentabilidade\/wp-json\/wp\/v2\/media\/1806"}],"wp:attachment":[{"href":"https:\/\/patrocinados.estadao.com.br\/deloitte-jornada-da-sustentabilidade\/wp-json\/wp\/v2\/media?parent=524"}],"wp:term":[{"taxonomy":"category","embeddable":true,"href":"https:\/\/patrocinados.estadao.com.br\/deloitte-jornada-da-sustentabilidade\/wp-json\/wp\/v2\/categories?post=524"},{"taxonomy":"post_tag","embeddable":true,"href":"https:\/\/patrocinados.estadao.com.br\/deloitte-jornada-da-sustentabilidade\/wp-json\/wp\/v2\/tags?post=524"}],"curies":[{"name":"wp","href":"https:\/\/api.w.org\/{rel}","templated":true}]}}