{"id":2828,"date":"2026-09-02T11:30:09","date_gmt":"2026-09-02T14:30:09","guid":{"rendered":"https:\/\/patrocinados.estadao.com.br\/deloitte-jornada-da-sustentabilidade\/?p=2828"},"modified":"2026-09-02T11:30:09","modified_gmt":"2026-09-02T14:30:09","slug":"premio-empresas-com-melhor-gestao-reconhece-19-organizacoes-com-selo-de-boas-praticas","status":"publish","type":"post","link":"https:\/\/patrocinados.estadao.com.br\/deloitte-jornada-da-sustentabilidade\/2026\/09\/02\/premio-empresas-com-melhor-gestao-reconhece-19-organizacoes-com-selo-de-boas-praticas\/","title":{"rendered":"Pr\u00eamio Empresas com Melhor Gest\u00e3o reconhece 19 organiza\u00e7\u00f5es com selo de boas pr\u00e1ticas"},"content":{"rendered":"<p>Em um ambiente de neg\u00f3cios marcado por mudan\u00e7as econ\u00f4micas, tecnol\u00f3gicas e geopol\u00edticas, crescer \u00e9 um desafio. Para empresas privadas, familiares e de capital fechado, medidas como estruturar a gest\u00e3o, profissionalizar processos e tomar decis\u00f5es de longo prazo podem determinar at\u00e9 onde o crescimento pode chegar. Em sua quinta edi\u00e7\u00e3o, o programa Empresas com Melhor Gest\u00e3o (\u201cBest Managed Companies\u201d), da Deloitte, reconheceu 19 organiza\u00e7\u00f5es brasileiras que demonstraram pr\u00e1ticas consistentes de gest\u00e3o.<\/p>\n<p>A lista das empresas premiadas foi anunciada em evento em S\u00e3o Paulo, na \u00faltima segunda-feira, 24 de agosto. Com organiza\u00e7\u00f5es de diferentes setores e regi\u00f5es, o grupo de companhias premiadas faturou R$ 116 bilh\u00f5es no ano passado. Entre 2023 e 2025, as empresas registraram crescimento m\u00e9dio de 38%, bem como alta de 63% no lucro. <\/p>\n<p>\u201cA governan\u00e7a \u00e9 um instrumento para a gera\u00e7\u00e3o de valor \u2013 e a meta do programa \u00e9 contribuir sempre para que as empresas possam investir, amadurecer e fortalecer sua governan\u00e7a como um todo\u201d, destacou Paulo de Tarso, <strong>s\u00f3cio da Deloitte e l\u00edder do programa no Brasil<\/strong>, durante a apresenta\u00e7\u00e3o dos resultados. Para ele, os dados mostram a for\u00e7a do segmento. \u201cAs empresas familiares e privadas movimentam a economia brasileira \u2013 e os dados mostram que ainda h\u00e1 espa\u00e7o significativo para crescimento delas dentro do PIB brasileiro.\u201d <\/p>\n<p>Criado pela Deloitte h\u00e1 32 anos, o programa Empresas com Melhor Gest\u00e3o est\u00e1 presente em 45 pa\u00edses e j\u00e1 acumula mais de 1,3 mil empresas reconhecidas globalmente. No Brasil, a primeira edi\u00e7\u00e3o aconteceu em 2021. A iniciativa \u00e9 voltada a empresas que n\u00e3o est\u00e3o listadas em bolsa, t\u00eam sua sede principal no Pa\u00eds, possuem balan\u00e7o auditado nos tr\u00eas anos anteriores e registraram receita superior a R$ 100 milh\u00f5es no ano anterior. <\/p>\n<p>Para serem selecionadas, as empresas passam por uma autoavalia\u00e7\u00e3o e por an\u00e1lises acompanhadas por executivos da Deloitte. A sele\u00e7\u00e3o final \u00e9 feita por um j\u00fari independente, que considera diferentes n\u00edveis de maturidade das pr\u00e1ticas avaliadas e fornece \u00e0s empresas um retorno sobre pontos fortes e aspectos que ainda precisam ser desenvolvidos. \u201cO programa \u00e9 um incentivo de longo prazo \u00e0s empresas. Buscamos fomentar um modelo de desenvolvimento que seja sustent\u00e1vel\u201d, disse <strong>Ronaldo Fragoso, Chief Growth Officer da Deloitte<\/strong>, na abertura do evento. <\/p>\n<p><strong>Retrato diverso.<\/strong> Fragoso tamb\u00e9m destacou a dispers\u00e3o geogr\u00e1fica da lista. \u201cNosso programa captura companhias de diversas regi\u00f5es, o que mostra a dimens\u00e3o do Brasil\u201d. De fato: das 19 premiadas, sete t\u00eam origem ou sede principal no Sul, enquanto outras sete est\u00e3o no Nordeste. J\u00e1 as regi\u00f5es Sudeste, com quatro empresas, e Centro-Oeste, com uma, completam a lista. Entre os setores, destaque para a presen\u00e7a forte de companhias dos setores de agroneg\u00f3cio e alimentos e bebidas \u2013 juntos, ambos representam 63% das empresas reconhecidas. Manufatura, hotelaria, com\u00e9rcio exterior, biotecnologia, cosm\u00e9ticos, ind\u00fastria de equipamentos e varejo tamb\u00e9m foram lembrados. <\/p>\n<p>Entre as premiadas, quatro companhias apareceram na lista pela primeira vez: Castrolanda, Scalon &#038; Cerchi, TMG Agropecu\u00e1ria e Via Sul Ve\u00edculos. Outras sete receberam o selo Golden, destinado \u00e0s empresas reconhecidas em pelo menos quatro edi\u00e7\u00f5es do programa: Agr\u00e1ria, Cocal, Cocamar, Farmax, Gazin, Masterboi e 3 Cora\u00e7\u00f5es. Tamb\u00e9m foram reconhecidas Acumuladores Moura, Amarante Hospitalidade, Comexport, Grupo Corn\u00e9lio Brennand, Pamplona, Piracanjuba, SLC M\u00e1quinas e Zilor.<\/p>\n<p><strong>Governan\u00e7a e crescimento.<\/strong> Os dados levantados pela Deloitte tamb\u00e9m ajudam a tra\u00e7ar um perfil das pr\u00e1ticas adotadas pelas empresas reconhecidas. Entre as 19 vencedoras, 95% t\u00eam conselho de administra\u00e7\u00e3o consultivo ou estatut\u00e1rio \u2013 sendo que 58% t\u00eam conselhos estatut\u00e1rios. Al\u00e9m disso, 67% possuem membros independentes no board. <\/p>\n<p>Para os pr\u00f3ximos cinco anos, alian\u00e7as e parcerias estrat\u00e9gicas aparecem como a principal prioridade para aumentar a receita, citadas por 84% das empresas. Na sequ\u00eancia est\u00e3o o desenvolvimento de novos produtos e servi\u00e7os (79%), a expans\u00e3o para outros mercados no Brasil (68%) e a realiza\u00e7\u00e3o de fus\u00f5es e aquisi\u00e7\u00f5es (42%).<\/p>\n<p>Quanto \u00e0s pr\u00e1ticas de inova\u00e7\u00e3o, destaque para a aten\u00e7\u00e3o dada ao atendimento aos clientes \u2013 prioridade para 89% das companhias. \u201cCada vez mais percebemos a busca das empresas se conectarem melhor com seus clientes, porque aumentar receita depende da experi\u00eancia do cliente\u201d, afirmou <strong>Paulo de Tarso<\/strong>, que tamb\u00e9m falou sobre um dos grandes temas do momento: intelig\u00eancia artificial. \u201c\u00c9 preciso adotar IA com o prop\u00f3sito de trazer retorno sobre o investimento, alavancando valor para os clientes e para o neg\u00f3cio como um todo.\u201d<\/p>\n","protected":false},"excerpt":{"rendered":"<p>Em um ambiente de neg\u00f3cios marcado por mudan\u00e7as econ\u00f4micas, tecnol\u00f3gicas e geopol\u00edticas, crescer \u00e9 um desafio. Para empresas privadas, familiares e de capital fechado, medidas como estruturar a gest\u00e3o, profissionalizar processos e tomar decis\u00f5es de longo prazo podem determinar at\u00e9 onde o crescimento pode chegar. Em sua quinta edi\u00e7\u00e3o, o programa Empresas com Melhor Gest\u00e3o [&hellip;]<\/p>\n","protected":false},"author":9,"featured_media":2829,"comment_status":"open","ping_status":"closed","sticky":false,"template":"","format":"standard","meta":{"_acf_changed":false,"footnotes":""},"categories":[79],"tags":[],"class_list":["post-2828","post","type-post","status-publish","format-standard","has-post-thumbnail","hentry","category-premiacao"],"acf":[],"yoast_head":"<!-- This site is optimized with the Yoast SEO plugin v27.1.1 - https:\/\/yoast.com\/product\/yoast-seo-wordpress\/ -->\n<title>Pr\u00eamio Empresas com Melhor Gest\u00e3o reconhece 19 organiza\u00e7\u00f5es com selo de boas pr\u00e1ticas - Jornada da Sustentabilidade, oferecido por Deloitte<\/title>\n<meta name=\"description\" content=\"Em quinta edi\u00e7\u00e3o, iniciativa da Deloitte com apoio da HSM e da Exame consagrou empresas por pr\u00e1ticas de governan\u00e7a, inova\u00e7\u00e3o, estrat\u00e9gia e...\" \/>\n<meta name=\"robots\" content=\"index, follow, max-snippet:-1, max-image-preview:large, max-video-preview:-1\" \/>\n<link rel=\"canonical\" href=\"https:\/\/patrocinados.estadao.com.br\/deloitte-jornada-da-sustentabilidade\/2026\/09\/02\/premio-empresas-com-melhor-gestao-reconhece-19-organizacoes-com-selo-de-boas-praticas\/\" \/>\n<meta property=\"og:locale\" content=\"pt_BR\" \/>\n<meta property=\"og:type\" content=\"article\" \/>\n<meta property=\"og:title\" content=\"Pr\u00eamio Empresas com Melhor Gest\u00e3o reconhece 19 organiza\u00e7\u00f5es com selo de boas pr\u00e1ticas - Jornada da Sustentabilidade, oferecido por Deloitte\" \/>\n<meta property=\"og:description\" content=\"Em quinta edi\u00e7\u00e3o, iniciativa da Deloitte com apoio da HSM e da Exame consagrou empresas por pr\u00e1ticas de governan\u00e7a, inova\u00e7\u00e3o, estrat\u00e9gia e...\" \/>\n<meta property=\"og:url\" content=\"https:\/\/patrocinados.estadao.com.br\/deloitte-jornada-da-sustentabilidade\/2026\/09\/02\/premio-empresas-com-melhor-gestao-reconhece-19-organizacoes-com-selo-de-boas-praticas\/\" \/>\n<meta property=\"og:site_name\" content=\"Jornada da Sustentabilidade, oferecido por Deloitte\" \/>\n<meta property=\"article:published_time\" content=\"2026-09-02T14:30:09+00:00\" \/>\n<meta property=\"og:image\" content=\"https:\/\/patrocinados.estadao.com.br\/deloitte-jornada-da-sustentabilidade\/wp-content\/uploads\/2026\/09\/IMG_6483.jpg\" \/>\n\t<meta property=\"og:image:width\" content=\"1200\" \/>\n\t<meta property=\"og:image:height\" content=\"800\" \/>\n\t<meta property=\"og:image:type\" content=\"image\/jpeg\" \/>\n<meta name=\"author\" content=\"vinicius\" \/>\n<meta name=\"twitter:card\" content=\"summary_large_image\" \/>\n<meta name=\"twitter:label1\" content=\"Escrito por\" \/>\n\t<meta name=\"twitter:data1\" content=\"vinicius\" \/>\n\t<meta name=\"twitter:label2\" content=\"Est. tempo de leitura\" \/>\n\t<meta name=\"twitter:data2\" content=\"5 minutos\" \/>\n<script type=\"application\/ld+json\" class=\"yoast-schema-graph\">{\"@context\":\"https:\/\/schema.org\",\"@graph\":[{\"@type\":\"Article\",\"@id\":\"https:\/\/patrocinados.estadao.com.br\/deloitte-jornada-da-sustentabilidade\/2026\/09\/02\/premio-empresas-com-melhor-gestao-reconhece-19-organizacoes-com-selo-de-boas-praticas\/#article\",\"isPartOf\":{\"@id\":\"https:\/\/patrocinados.estadao.com.br\/deloitte-jornada-da-sustentabilidade\/2026\/09\/02\/premio-empresas-com-melhor-gestao-reconhece-19-organizacoes-com-selo-de-boas-praticas\/\"},\"author\":{\"name\":\"vinicius\",\"@id\":\"https:\/\/patrocinados.estadao.com.br\/deloitte-jornada-da-sustentabilidade\/#\/schema\/person\/e7c9d46852c6796cebecd348797673d6\"},\"headline\":\"Pr\u00eamio Empresas com Melhor Gest\u00e3o reconhece 19 organiza\u00e7\u00f5es com selo de boas pr\u00e1ticas\",\"datePublished\":\"2026-09-02T14:30:09+00:00\",\"mainEntityOfPage\":{\"@id\":\"https:\/\/patrocinados.estadao.com.br\/deloitte-jornada-da-sustentabilidade\/2026\/09\/02\/premio-empresas-com-melhor-gestao-reconhece-19-organizacoes-com-selo-de-boas-praticas\/\"},\"wordCount\":776,\"commentCount\":0,\"image\":{\"@id\":\"https:\/\/patrocinados.estadao.com.br\/deloitte-jornada-da-sustentabilidade\/2026\/09\/02\/premio-empresas-com-melhor-gestao-reconhece-19-organizacoes-com-selo-de-boas-praticas\/#primaryimage\"},\"thumbnailUrl\":\"https:\/\/patrocinados.estadao.com.br\/deloitte-jornada-da-sustentabilidade\/wp-content\/uploads\/2026\/09\/IMG_6483.jpg\",\"articleSection\":[\"Premia\u00e7\u00e3o\"],\"inLanguage\":\"pt-BR\",\"potentialAction\":[{\"@type\":\"CommentAction\",\"name\":\"Comment\",\"target\":[\"https:\/\/patrocinados.estadao.com.br\/deloitte-jornada-da-sustentabilidade\/2026\/09\/02\/premio-empresas-com-melhor-gestao-reconhece-19-organizacoes-com-selo-de-boas-praticas\/#respond\"]}]},{\"@type\":\"WebPage\",\"@id\":\"https:\/\/patrocinados.estadao.com.br\/deloitte-jornada-da-sustentabilidade\/2026\/09\/02\/premio-empresas-com-melhor-gestao-reconhece-19-organizacoes-com-selo-de-boas-praticas\/\",\"url\":\"https:\/\/patrocinados.estadao.com.br\/deloitte-jornada-da-sustentabilidade\/2026\/09\/02\/premio-empresas-com-melhor-gestao-reconhece-19-organizacoes-com-selo-de-boas-praticas\/\",\"name\":\"Pr\u00eamio Empresas com Melhor Gest\u00e3o reconhece 19 organiza\u00e7\u00f5es com selo de boas pr\u00e1ticas - Jornada da Sustentabilidade, oferecido por Deloitte\",\"isPartOf\":{\"@id\":\"https:\/\/patrocinados.estadao.com.br\/deloitte-jornada-da-sustentabilidade\/#website\"},\"primaryImageOfPage\":{\"@id\":\"https:\/\/patrocinados.estadao.com.br\/deloitte-jornada-da-sustentabilidade\/2026\/09\/02\/premio-empresas-com-melhor-gestao-reconhece-19-organizacoes-com-selo-de-boas-praticas\/#primaryimage\"},\"image\":{\"@id\":\"https:\/\/patrocinados.estadao.com.br\/deloitte-jornada-da-sustentabilidade\/2026\/09\/02\/premio-empresas-com-melhor-gestao-reconhece-19-organizacoes-com-selo-de-boas-praticas\/#primaryimage\"},\"thumbnailUrl\":\"https:\/\/patrocinados.estadao.com.br\/deloitte-jornada-da-sustentabilidade\/wp-content\/uploads\/2026\/09\/IMG_6483.jpg\",\"datePublished\":\"2026-09-02T14:30:09+00:00\",\"author\":{\"@id\":\"https:\/\/patrocinados.estadao.com.br\/deloitte-jornada-da-sustentabilidade\/#\/schema\/person\/e7c9d46852c6796cebecd348797673d6\"},\"description\":\"Em quinta edi\u00e7\u00e3o, iniciativa da Deloitte com apoio da HSM e da Exame consagrou empresas por pr\u00e1ticas de governan\u00e7a, inova\u00e7\u00e3o, estrat\u00e9gia e...\",\"breadcrumb\":{\"@id\":\"https:\/\/patrocinados.estadao.com.br\/deloitte-jornada-da-sustentabilidade\/2026\/09\/02\/premio-empresas-com-melhor-gestao-reconhece-19-organizacoes-com-selo-de-boas-praticas\/#breadcrumb\"},\"inLanguage\":\"pt-BR\",\"potentialAction\":[{\"@type\":\"ReadAction\",\"target\":[\"https:\/\/patrocinados.estadao.com.br\/deloitte-jornada-da-sustentabilidade\/2026\/09\/02\/premio-empresas-com-melhor-gestao-reconhece-19-organizacoes-com-selo-de-boas-praticas\/\"]}]},{\"@type\":\"ImageObject\",\"inLanguage\":\"pt-BR\",\"@id\":\"https:\/\/patrocinados.estadao.com.br\/deloitte-jornada-da-sustentabilidade\/2026\/09\/02\/premio-empresas-com-melhor-gestao-reconhece-19-organizacoes-com-selo-de-boas-praticas\/#primaryimage\",\"url\":\"https:\/\/patrocinados.estadao.com.br\/deloitte-jornada-da-sustentabilidade\/wp-content\/uploads\/2026\/09\/IMG_6483.jpg\",\"contentUrl\":\"https:\/\/patrocinados.estadao.com.br\/deloitte-jornada-da-sustentabilidade\/wp-content\/uploads\/2026\/09\/IMG_6483.jpg\",\"width\":1200,\"height\":800},{\"@type\":\"BreadcrumbList\",\"@id\":\"https:\/\/patrocinados.estadao.com.br\/deloitte-jornada-da-sustentabilidade\/2026\/09\/02\/premio-empresas-com-melhor-gestao-reconhece-19-organizacoes-com-selo-de-boas-praticas\/#breadcrumb\",\"itemListElement\":[{\"@type\":\"ListItem\",\"position\":1,\"name\":\"In\u00edcio\",\"item\":\"https:\/\/patrocinados.estadao.com.br\/deloitte-jornada-da-sustentabilidade\/\"},{\"@type\":\"ListItem\",\"position\":2,\"name\":\"Pr\u00eamio Empresas com Melhor Gest\u00e3o reconhece 19 organiza\u00e7\u00f5es com selo de boas pr\u00e1ticas\"}]},{\"@type\":\"WebSite\",\"@id\":\"https:\/\/patrocinados.estadao.com.br\/deloitte-jornada-da-sustentabilidade\/#website\",\"url\":\"https:\/\/patrocinados.estadao.com.br\/deloitte-jornada-da-sustentabilidade\/\",\"name\":\"Jornada da Sustentabilidade, oferecido por Deloitte\",\"description\":\"Solu\u00e7\u00f5es de governan\u00e7a corporativa para seus desafios de neg\u00f3cios\",\"potentialAction\":[{\"@type\":\"SearchAction\",\"target\":{\"@type\":\"EntryPoint\",\"urlTemplate\":\"https:\/\/patrocinados.estadao.com.br\/deloitte-jornada-da-sustentabilidade\/?s={search_term_string}\"},\"query-input\":{\"@type\":\"PropertyValueSpecification\",\"valueRequired\":true,\"valueName\":\"search_term_string\"}}],\"inLanguage\":\"pt-BR\"},{\"@type\":\"Person\",\"@id\":\"https:\/\/patrocinados.estadao.com.br\/deloitte-jornada-da-sustentabilidade\/#\/schema\/person\/e7c9d46852c6796cebecd348797673d6\",\"name\":\"vinicius\",\"image\":{\"@type\":\"ImageObject\",\"inLanguage\":\"pt-BR\",\"@id\":\"https:\/\/patrocinados.estadao.com.br\/deloitte-jornada-da-sustentabilidade\/#\/schema\/person\/image\/\",\"url\":\"https:\/\/secure.gravatar.com\/avatar\/3af60fb5561aed7ea3d5ee6d82e339cff659e6c8a5b4adeae091cf43d0fc064f?s=96&d=mm&r=g\",\"contentUrl\":\"https:\/\/secure.gravatar.com\/avatar\/3af60fb5561aed7ea3d5ee6d82e339cff659e6c8a5b4adeae091cf43d0fc064f?s=96&d=mm&r=g\",\"caption\":\"vinicius\"},\"url\":\"https:\/\/patrocinados.estadao.com.br\/deloitte-jornada-da-sustentabilidade\/author\/vinicius\/\"}]}<\/script>\n<!-- \/ Yoast SEO plugin. -->","yoast_head_json":{"title":"Pr\u00eamio Empresas com Melhor Gest\u00e3o reconhece 19 organiza\u00e7\u00f5es com selo de boas pr\u00e1ticas - Jornada da Sustentabilidade, oferecido por Deloitte","description":"Em quinta edi\u00e7\u00e3o, iniciativa da Deloitte com apoio da HSM e da Exame consagrou empresas por pr\u00e1ticas de governan\u00e7a, inova\u00e7\u00e3o, estrat\u00e9gia e...","robots":{"index":"index","follow":"follow","max-snippet":"max-snippet:-1","max-image-preview":"max-image-preview:large","max-video-preview":"max-video-preview:-1"},"canonical":"https:\/\/patrocinados.estadao.com.br\/deloitte-jornada-da-sustentabilidade\/2026\/09\/02\/premio-empresas-com-melhor-gestao-reconhece-19-organizacoes-com-selo-de-boas-praticas\/","og_locale":"pt_BR","og_type":"article","og_title":"Pr\u00eamio Empresas com Melhor Gest\u00e3o reconhece 19 organiza\u00e7\u00f5es com selo de boas pr\u00e1ticas - Jornada da Sustentabilidade, oferecido por Deloitte","og_description":"Em quinta edi\u00e7\u00e3o, iniciativa da Deloitte com apoio da HSM e da Exame consagrou empresas por pr\u00e1ticas de governan\u00e7a, inova\u00e7\u00e3o, estrat\u00e9gia e...","og_url":"https:\/\/patrocinados.estadao.com.br\/deloitte-jornada-da-sustentabilidade\/2026\/09\/02\/premio-empresas-com-melhor-gestao-reconhece-19-organizacoes-com-selo-de-boas-praticas\/","og_site_name":"Jornada da Sustentabilidade, oferecido por Deloitte","article_published_time":"2026-09-02T14:30:09+00:00","og_image":[{"width":1200,"height":800,"url":"https:\/\/patrocinados.estadao.com.br\/deloitte-jornada-da-sustentabilidade\/wp-content\/uploads\/2026\/09\/IMG_6483.jpg","type":"image\/jpeg"}],"author":"vinicius","twitter_card":"summary_large_image","twitter_misc":{"Escrito por":"vinicius","Est. tempo de leitura":"5 minutos"},"schema":{"@context":"https:\/\/schema.org","@graph":[{"@type":"Article","@id":"https:\/\/patrocinados.estadao.com.br\/deloitte-jornada-da-sustentabilidade\/2026\/09\/02\/premio-empresas-com-melhor-gestao-reconhece-19-organizacoes-com-selo-de-boas-praticas\/#article","isPartOf":{"@id":"https:\/\/patrocinados.estadao.com.br\/deloitte-jornada-da-sustentabilidade\/2026\/09\/02\/premio-empresas-com-melhor-gestao-reconhece-19-organizacoes-com-selo-de-boas-praticas\/"},"author":{"name":"vinicius","@id":"https:\/\/patrocinados.estadao.com.br\/deloitte-jornada-da-sustentabilidade\/#\/schema\/person\/e7c9d46852c6796cebecd348797673d6"},"headline":"Pr\u00eamio Empresas com Melhor Gest\u00e3o reconhece 19 organiza\u00e7\u00f5es com selo de boas pr\u00e1ticas","datePublished":"2026-09-02T14:30:09+00:00","mainEntityOfPage":{"@id":"https:\/\/patrocinados.estadao.com.br\/deloitte-jornada-da-sustentabilidade\/2026\/09\/02\/premio-empresas-com-melhor-gestao-reconhece-19-organizacoes-com-selo-de-boas-praticas\/"},"wordCount":776,"commentCount":0,"image":{"@id":"https:\/\/patrocinados.estadao.com.br\/deloitte-jornada-da-sustentabilidade\/2026\/09\/02\/premio-empresas-com-melhor-gestao-reconhece-19-organizacoes-com-selo-de-boas-praticas\/#primaryimage"},"thumbnailUrl":"https:\/\/patrocinados.estadao.com.br\/deloitte-jornada-da-sustentabilidade\/wp-content\/uploads\/2026\/09\/IMG_6483.jpg","articleSection":["Premia\u00e7\u00e3o"],"inLanguage":"pt-BR","potentialAction":[{"@type":"CommentAction","name":"Comment","target":["https:\/\/patrocinados.estadao.com.br\/deloitte-jornada-da-sustentabilidade\/2026\/09\/02\/premio-empresas-com-melhor-gestao-reconhece-19-organizacoes-com-selo-de-boas-praticas\/#respond"]}]},{"@type":"WebPage","@id":"https:\/\/patrocinados.estadao.com.br\/deloitte-jornada-da-sustentabilidade\/2026\/09\/02\/premio-empresas-com-melhor-gestao-reconhece-19-organizacoes-com-selo-de-boas-praticas\/","url":"https:\/\/patrocinados.estadao.com.br\/deloitte-jornada-da-sustentabilidade\/2026\/09\/02\/premio-empresas-com-melhor-gestao-reconhece-19-organizacoes-com-selo-de-boas-praticas\/","name":"Pr\u00eamio Empresas com Melhor Gest\u00e3o reconhece 19 organiza\u00e7\u00f5es com selo de boas pr\u00e1ticas - Jornada da Sustentabilidade, oferecido por Deloitte","isPartOf":{"@id":"https:\/\/patrocinados.estadao.com.br\/deloitte-jornada-da-sustentabilidade\/#website"},"primaryImageOfPage":{"@id":"https:\/\/patrocinados.estadao.com.br\/deloitte-jornada-da-sustentabilidade\/2026\/09\/02\/premio-empresas-com-melhor-gestao-reconhece-19-organizacoes-com-selo-de-boas-praticas\/#primaryimage"},"image":{"@id":"https:\/\/patrocinados.estadao.com.br\/deloitte-jornada-da-sustentabilidade\/2026\/09\/02\/premio-empresas-com-melhor-gestao-reconhece-19-organizacoes-com-selo-de-boas-praticas\/#primaryimage"},"thumbnailUrl":"https:\/\/patrocinados.estadao.com.br\/deloitte-jornada-da-sustentabilidade\/wp-content\/uploads\/2026\/09\/IMG_6483.jpg","datePublished":"2026-09-02T14:30:09+00:00","author":{"@id":"https:\/\/patrocinados.estadao.com.br\/deloitte-jornada-da-sustentabilidade\/#\/schema\/person\/e7c9d46852c6796cebecd348797673d6"},"description":"Em quinta edi\u00e7\u00e3o, iniciativa da Deloitte com apoio da HSM e da Exame consagrou empresas por pr\u00e1ticas de governan\u00e7a, inova\u00e7\u00e3o, estrat\u00e9gia e...","breadcrumb":{"@id":"https:\/\/patrocinados.estadao.com.br\/deloitte-jornada-da-sustentabilidade\/2026\/09\/02\/premio-empresas-com-melhor-gestao-reconhece-19-organizacoes-com-selo-de-boas-praticas\/#breadcrumb"},"inLanguage":"pt-BR","potentialAction":[{"@type":"ReadAction","target":["https:\/\/patrocinados.estadao.com.br\/deloitte-jornada-da-sustentabilidade\/2026\/09\/02\/premio-empresas-com-melhor-gestao-reconhece-19-organizacoes-com-selo-de-boas-praticas\/"]}]},{"@type":"ImageObject","inLanguage":"pt-BR","@id":"https:\/\/patrocinados.estadao.com.br\/deloitte-jornada-da-sustentabilidade\/2026\/09\/02\/premio-empresas-com-melhor-gestao-reconhece-19-organizacoes-com-selo-de-boas-praticas\/#primaryimage","url":"https:\/\/patrocinados.estadao.com.br\/deloitte-jornada-da-sustentabilidade\/wp-content\/uploads\/2026\/09\/IMG_6483.jpg","contentUrl":"https:\/\/patrocinados.estadao.com.br\/deloitte-jornada-da-sustentabilidade\/wp-content\/uploads\/2026\/09\/IMG_6483.jpg","width":1200,"height":800},{"@type":"BreadcrumbList","@id":"https:\/\/patrocinados.estadao.com.br\/deloitte-jornada-da-sustentabilidade\/2026\/09\/02\/premio-empresas-com-melhor-gestao-reconhece-19-organizacoes-com-selo-de-boas-praticas\/#breadcrumb","itemListElement":[{"@type":"ListItem","position":1,"name":"In\u00edcio","item":"https:\/\/patrocinados.estadao.com.br\/deloitte-jornada-da-sustentabilidade\/"},{"@type":"ListItem","position":2,"name":"Pr\u00eamio Empresas com Melhor Gest\u00e3o reconhece 19 organiza\u00e7\u00f5es com selo de boas pr\u00e1ticas"}]},{"@type":"WebSite","@id":"https:\/\/patrocinados.estadao.com.br\/deloitte-jornada-da-sustentabilidade\/#website","url":"https:\/\/patrocinados.estadao.com.br\/deloitte-jornada-da-sustentabilidade\/","name":"Jornada da Sustentabilidade, oferecido por Deloitte","description":"Solu\u00e7\u00f5es de governan\u00e7a corporativa para seus desafios de neg\u00f3cios","potentialAction":[{"@type":"SearchAction","target":{"@type":"EntryPoint","urlTemplate":"https:\/\/patrocinados.estadao.com.br\/deloitte-jornada-da-sustentabilidade\/?s={search_term_string}"},"query-input":{"@type":"PropertyValueSpecification","valueRequired":true,"valueName":"search_term_string"}}],"inLanguage":"pt-BR"},{"@type":"Person","@id":"https:\/\/patrocinados.estadao.com.br\/deloitte-jornada-da-sustentabilidade\/#\/schema\/person\/e7c9d46852c6796cebecd348797673d6","name":"vinicius","image":{"@type":"ImageObject","inLanguage":"pt-BR","@id":"https:\/\/patrocinados.estadao.com.br\/deloitte-jornada-da-sustentabilidade\/#\/schema\/person\/image\/","url":"https:\/\/secure.gravatar.com\/avatar\/3af60fb5561aed7ea3d5ee6d82e339cff659e6c8a5b4adeae091cf43d0fc064f?s=96&d=mm&r=g","contentUrl":"https:\/\/secure.gravatar.com\/avatar\/3af60fb5561aed7ea3d5ee6d82e339cff659e6c8a5b4adeae091cf43d0fc064f?s=96&d=mm&r=g","caption":"vinicius"},"url":"https:\/\/patrocinados.estadao.com.br\/deloitte-jornada-da-sustentabilidade\/author\/vinicius\/"}]}},"_links":{"self":[{"href":"https:\/\/patrocinados.estadao.com.br\/deloitte-jornada-da-sustentabilidade\/wp-json\/wp\/v2\/posts\/2828","targetHints":{"allow":["GET"]}}],"collection":[{"href":"https:\/\/patrocinados.estadao.com.br\/deloitte-jornada-da-sustentabilidade\/wp-json\/wp\/v2\/posts"}],"about":[{"href":"https:\/\/patrocinados.estadao.com.br\/deloitte-jornada-da-sustentabilidade\/wp-json\/wp\/v2\/types\/post"}],"author":[{"embeddable":true,"href":"https:\/\/patrocinados.estadao.com.br\/deloitte-jornada-da-sustentabilidade\/wp-json\/wp\/v2\/users\/9"}],"replies":[{"embeddable":true,"href":"https:\/\/patrocinados.estadao.com.br\/deloitte-jornada-da-sustentabilidade\/wp-json\/wp\/v2\/comments?post=2828"}],"version-history":[{"count":1,"href":"https:\/\/patrocinados.estadao.com.br\/deloitte-jornada-da-sustentabilidade\/wp-json\/wp\/v2\/posts\/2828\/revisions"}],"predecessor-version":[{"id":2830,"href":"https:\/\/patrocinados.estadao.com.br\/deloitte-jornada-da-sustentabilidade\/wp-json\/wp\/v2\/posts\/2828\/revisions\/2830"}],"wp:featuredmedia":[{"embeddable":true,"href":"https:\/\/patrocinados.estadao.com.br\/deloitte-jornada-da-sustentabilidade\/wp-json\/wp\/v2\/media\/2829"}],"wp:attachment":[{"href":"https:\/\/patrocinados.estadao.com.br\/deloitte-jornada-da-sustentabilidade\/wp-json\/wp\/v2\/media?parent=2828"}],"wp:term":[{"taxonomy":"category","embeddable":true,"href":"https:\/\/patrocinados.estadao.com.br\/deloitte-jornada-da-sustentabilidade\/wp-json\/wp\/v2\/categories?post=2828"},{"taxonomy":"post_tag","embeddable":true,"href":"https:\/\/patrocinados.estadao.com.br\/deloitte-jornada-da-sustentabilidade\/wp-json\/wp\/v2\/tags?post=2828"}],"curies":[{"name":"wp","href":"https:\/\/api.w.org\/{rel}","templated":true}]}}