{"id":2794,"date":"2026-04-30T08:59:32","date_gmt":"2026-04-30T11:59:32","guid":{"rendered":"https:\/\/patrocinados.estadao.com.br\/deloitte-jornada-da-sustentabilidade\/?p=2794"},"modified":"2026-04-30T08:59:32","modified_gmt":"2026-04-30T11:59:32","slug":"obrigatoriedade-das-normas-ifrs-s1-e-s2-intensifica-a-necessidade-de-adaptacao-das-empresas","status":"publish","type":"post","link":"https:\/\/patrocinados.estadao.com.br\/deloitte-jornada-da-sustentabilidade\/2026\/04\/30\/obrigatoriedade-das-normas-ifrs-s1-e-s2-intensifica-a-necessidade-de-adaptacao-das-empresas\/","title":{"rendered":"Obrigatoriedade das normas IFRS S1 e S2 intensifica a necessidade de adapta\u00e7\u00e3o das empresas"},"content":{"rendered":"<p>A obrigatoriedade das normas IFRS S1 e IFRS S2, que passam a orientar a divulga\u00e7\u00e3o de informa\u00e7\u00f5es financeiras relacionadas \u00e0 sustentabilidade, marca uma nova etapa para empresas com registro de companhia aberta e bancos de grande porte no Brasil. Com as novas normas regulat\u00f3rias, as empresas ter\u00e3o de integrar riscos socioambientais e clim\u00e1ticos \u00e0 l\u00f3gica de neg\u00f3cio, com impacto direto em governan\u00e7a, estrat\u00e9gia, gerenciamento de riscos e potencial impacto nos resultados.<\/p>\n<p>O tema foi discutido em evento promovido em abril de 2026 pela Motiva, maior empresa de infraestrutura de mobilidade do Brasil, que reuniu executivos e especialistas em sua sede, em S\u00e3o Paulo, para debater os desafios da implementa\u00e7\u00e3o e como empresas especializadas podem contribuir para a organiza\u00e7\u00e3o dos processos e a integra\u00e7\u00e3o entre sustentabilidade e desempenho financeiro.<\/p>\n<h4><strong>Nova exig\u00eancia<\/strong><\/h4>\n<p>Diferentemente dos modelos anteriores de relato, as normas IFRS S1 e S2 exigem que as empresas traduzam temas como sustentabilidade e clima em impactos financeiros mensur\u00e1veis. Isso inclui riscos, oportunidades, investimentos e proje\u00e7\u00f5es que possam afetar o desempenho da companhia no curto, m\u00e9dio e longo prazo.<\/p>\n<p>Na pr\u00e1tica, a mudan\u00e7a imp\u00f5e uma revis\u00e3o estrutural, na medida em que busca incorporar a sustentabilidade no processo de tomada de decis\u00e3o ao dar maior transpar\u00eancia aos riscos e oportunidades associadas ao tema. O desafio \u00e9 ampliado pelo elevado n\u00edvel de rigor exigido, que demanda rastreabilidade, fortalecimento de controles internos e, a partir da divulga\u00e7\u00e3o das informa\u00e7\u00f5es relativas ao exerc\u00edcio fiscal de 2026, a obten\u00e7\u00e3o de assegura\u00e7\u00e3o razo\u00e1vel sobre as informa\u00e7\u00f5es a ser divulgadas no relat\u00f3rio financeiro de sustentabilidade.<\/p>\n<p>\u201cMais do que um novo modelo de divulga\u00e7\u00e3o de sustentabilidade, as normas da funda\u00e7\u00e3o IFRS ampliam a responsabilidade das empresas sobre a qualidade da informa\u00e7\u00e3o que chega ao mercado de capitais, contribuindo para a redu\u00e7\u00e3o da assimetria informacional para uma avalia\u00e7\u00e3o mais adequada dos riscos pelos investidores. A integra\u00e7\u00e3o entre informa\u00e7\u00f5es de sustentabilidade e desempenho financeiro imp\u00f5e crit\u00e9rios t\u00e9cnicos rigorosos e refor\u00e7a o papel da governan\u00e7a e dos controles internos na credibilidade dessas divulga\u00e7\u00f5es\u201d, afirma Reinaldo Oliari, s\u00f3cio de Assurance da Deloitte<\/p>\n<h4><strong>Apoio t\u00e9cnico<\/strong><\/h4>\n<p>Nesse cen\u00e1rio, cresce a relev\u00e2ncia de empresas como a <a href=\"https:\/\/www.deloitte.com\/br\/pt.html\" target=\"_blank\" rel=\"noopener\">Deloitte<\/a>, organiza\u00e7\u00e3o com o portf\u00f3lio de servi\u00e7os profissionais mais diversificado do mercado. Segundo a diretora de Sustentabilidade da Motiva, Juliana Maria da Silva, o suporte t\u00e9cnico tem sido decisivo para viabilizar a transi\u00e7\u00e3o. \u201cA Deloitte nos apoia nessa mudan\u00e7a de abordagem. N\u00e3o \u00e9 s\u00f3 uma adequa\u00e7\u00e3o regulat\u00f3ria, mas uma transforma\u00e7\u00e3o de processos\u201d, afirma.<\/p>\n<p>Entre as principais frentes de atua\u00e7\u00e3o, est\u00e3o a estrutura\u00e7\u00e3o de metodologias, o desenho de controles internos e a orienta\u00e7\u00e3o sobre boas pr\u00e1ticas. Um dos pontos mais sens\u00edveis \u00e9 a capacidade de rastrear investimentos e custos ligados \u00e0 sustentabilidade e conect\u00e1-los ao desempenho financeiro da companhia.<\/p>\n<p>Esse trabalho envolve desde a organiza\u00e7\u00e3o de dados at\u00e9 a defini\u00e7\u00e3o de crit\u00e9rios para a identifica\u00e7\u00e3o e a quantifica\u00e7\u00e3o de riscos e oportunidades em um horizonte de curto a longo prazo, etapa considerada uma das mais complexas pelas empresas.<\/p>\n<h4><strong>Caso pr\u00e1tico<\/strong><\/h4>\n<p>A experi\u00eancia da Motiva na elabora\u00e7\u00e3o do seu relat\u00f3rio anual ilustra esse processo. A companhia foi pioneira em seu setor de atua\u00e7\u00e3o e publicou um relat\u00f3rio de transi\u00e7\u00e3o preparado com base nas diretrizes das normas internacionais IFRS S1 e S2, como parte do processo de antecipa\u00e7\u00e3o \u00e0 adapta\u00e7\u00e3o obrigat\u00f3ria prevista para a publica\u00e7\u00e3o a partir de 2027. O documento marca a migra\u00e7\u00e3o de um modelo tradicional de relato para uma estrutura baseada em materialidade financeira, com foco em riscos clim\u00e1ticos e seus impactos sobre o neg\u00f3cio.<\/p>\n<p>\u201cA elabora\u00e7\u00e3o do relat\u00f3rio da Motiva exigiu uma mudan\u00e7a importante na forma de analisar riscos clim\u00e1ticos e socioambientais. O trabalho demandou a defini\u00e7\u00e3o de premissas t\u00e9cnicas, crit\u00e9rios de mensura\u00e7\u00e3o e a conex\u00e3o desses temas com a estrat\u00e9gia e a din\u00e2mica financeira do neg\u00f3cio\u201d, afirma Daniele Soares, gerente s\u00eanior de Assurance da Deloitte.<\/p>\n<p>Entre os avan\u00e7os, est\u00e3o a incorpora\u00e7\u00e3o de cen\u00e1rios clim\u00e1ticos na an\u00e1lise estrat\u00e9gica e a defini\u00e7\u00e3o de a\u00e7\u00f5es concretas de adapta\u00e7\u00e3o para as opera\u00e7\u00f5es de rodovias, trilhos e aeroportos da Motiva. De forma in\u00e9dita no setor de infraestrutura de mobilidade no Brasil, a companhia estruturou cerca de 5 mil iniciativas para aumentar a resili\u00eancia de seus ativos, priorizadas a partir de crit\u00e9rios financeiros, riscos operacionais e impactos ambientais.<\/p>\n<p>\u201cNo evento, falamos sobre como a sustentabilidade j\u00e1 exerce um papel central na estrat\u00e9gia de neg\u00f3cios da Motiva, influenciando os nossos planos de expans\u00e3o, a forma como operamos os nossos ativos e a cria\u00e7\u00e3o de valor para os nossos acionistas. Temos como objetivo consolidar a lideran\u00e7a sustent\u00e1vel da companhia em nosso setor de atua\u00e7\u00e3o, e a elabora\u00e7\u00e3o deste relat\u00f3rio de transi\u00e7\u00e3o para a ado\u00e7\u00e3o das IFRS S1 e S2 fortalece esse movimento e \u00e9 mais um passo para que possamos construir a mobilidade do futuro com menor pegada de carbono, respeito ao meio ambiente e preservando vidas\u201d, afirma Juliana.<\/p>\n<h4><strong>Mudan\u00e7a interna<\/strong><\/h4>\n<p>A adequa\u00e7\u00e3o \u00e0s normas internacionais tamb\u00e9m exige transforma\u00e7\u00e3o organizacional. \u00c1reas como sustentabilidade, finan\u00e7as, riscos e controladoria passam a atuar de forma integrada, com participa\u00e7\u00e3o direta da alta lideran\u00e7a. \u201c\u00c9 um processo multidisciplinar. Envolve desde a opera\u00e7\u00e3o at\u00e9 o conselho de administra\u00e7\u00e3o\u201d, afirma Juliana.<\/p>\n<p>Apesar da obrigatoriedade, o mercado ainda est\u00e1 em fase de adapta\u00e7\u00e3o. Companhias, auditores independentes e consultorias avan\u00e7am simultaneamente na constru\u00e7\u00e3o de metodologias e na interpreta\u00e7\u00e3o das normas. \u201cTodos est\u00e3o aprendendo. \u00c9 um processo novo para as empresas e tamb\u00e9m para quem presta consultoria e assegura\u00e7\u00e3o\u201d, diz Juliana.<\/p>\n<h4><strong>Press\u00e3o crescente<\/strong><\/h4>\n<p>A expectativa \u00e9 de que a ado\u00e7\u00e3o das normas internacionais eleve o padr\u00e3o de transpar\u00eancia e fortale\u00e7a a confian\u00e7a dos investidores e demais provedores de capital. Ao exigir a conex\u00e3o entre sustentabilidade e desempenho financeiro, o modelo reduz a margem para relat\u00f3rios gen\u00e9ricos e mais voltados para marketing institucional e amplia a comparabilidade entre as organiza\u00e7\u00f5es.<\/p>\n<p>Para as companhias, o desafio vai al\u00e9m do cumprimento das normas. Trata-se de estruturar uma nova forma de pensar o neg\u00f3cio, em que riscos clim\u00e1ticos, resili\u00eancia e aloca\u00e7\u00e3o de capital passam a ocupar o mesmo n\u00edvel das decis\u00f5es financeiras tradicionais.<\/p>\n<p>\u201cEsse processo tende a acelerar a maturidade das empresas e a trazer mais robustez para a forma como a sustentabilidade \u00e9 incorporada \u00e0s decis\u00f5es, com um olhar cada vez mais conectado ao desempenho financeiro\u201d, conclui Juliana.<\/p>\n","protected":false},"excerpt":{"rendered":"<p>A obrigatoriedade das normas IFRS S1 e IFRS S2, que passam a orientar a divulga\u00e7\u00e3o de informa\u00e7\u00f5es financeiras relacionadas \u00e0 sustentabilidade, marca uma nova etapa para empresas com registro de companhia aberta e bancos de grande porte no Brasil. Com as novas normas regulat\u00f3rias, as empresas ter\u00e3o de integrar riscos socioambientais e clim\u00e1ticos \u00e0 l\u00f3gica [&hellip;]<\/p>\n","protected":false},"author":8,"featured_media":2793,"comment_status":"open","ping_status":"closed","sticky":false,"template":"","format":"standard","meta":{"_acf_changed":false,"footnotes":""},"categories":[91,116],"tags":[8,73,120,119],"class_list":["post-2794","post","type-post","status-publish","format-standard","has-post-thumbnail","hentry","category-cobertura-de-evento","category-servicos","tag-deloitte","tag-ifrs","tag-motiva","tag-servicos"],"acf":[],"yoast_head":"<!-- This site is optimized with the Yoast SEO plugin v27.1.1 - https:\/\/yoast.com\/product\/yoast-seo-wordpress\/ -->\n<title>Obrigatoriedade das normas IFRS S1 e S2 intensifica a necessidade de adapta\u00e7\u00e3o das empresas - Jornada da Sustentabilidade, oferecido por Deloitte<\/title>\n<meta name=\"robots\" content=\"index, follow, max-snippet:-1, max-image-preview:large, max-video-preview:-1\" \/>\n<link rel=\"canonical\" href=\"https:\/\/patrocinados.estadao.com.br\/deloitte-jornada-da-sustentabilidade\/2026\/04\/30\/obrigatoriedade-das-normas-ifrs-s1-e-s2-intensifica-a-necessidade-de-adaptacao-das-empresas\/\" \/>\n<meta property=\"og:locale\" content=\"pt_BR\" \/>\n<meta property=\"og:type\" content=\"article\" \/>\n<meta property=\"og:title\" content=\"Obrigatoriedade das normas IFRS S1 e S2 intensifica a necessidade de adapta\u00e7\u00e3o das empresas - Jornada da Sustentabilidade, oferecido por Deloitte\" \/>\n<meta property=\"og:description\" content=\"A obrigatoriedade das normas IFRS S1 e IFRS S2, que passam a orientar a divulga\u00e7\u00e3o de informa\u00e7\u00f5es financeiras relacionadas \u00e0 sustentabilidade, marca uma nova etapa para empresas com registro de companhia aberta e bancos de grande porte no Brasil. Com as novas normas regulat\u00f3rias, as empresas ter\u00e3o de integrar riscos socioambientais e clim\u00e1ticos \u00e0 l\u00f3gica [&hellip;]\" \/>\n<meta property=\"og:url\" content=\"https:\/\/patrocinados.estadao.com.br\/deloitte-jornada-da-sustentabilidade\/2026\/04\/30\/obrigatoriedade-das-normas-ifrs-s1-e-s2-intensifica-a-necessidade-de-adaptacao-das-empresas\/\" \/>\n<meta property=\"og:site_name\" content=\"Jornada da Sustentabilidade, oferecido por Deloitte\" \/>\n<meta property=\"article:published_time\" content=\"2026-04-30T11:59:32+00:00\" \/>\n<meta property=\"og:image\" content=\"https:\/\/patrocinados.estadao.com.br\/deloitte-jornada-da-sustentabilidade\/wp-content\/uploads\/2026\/04\/Foto-Serra-das-Araras-2-scaled.jpg\" \/>\n\t<meta property=\"og:image:width\" content=\"2560\" \/>\n\t<meta property=\"og:image:height\" content=\"1918\" \/>\n\t<meta property=\"og:image:type\" content=\"image\/jpeg\" \/>\n<meta name=\"author\" content=\"blue_studio\" \/>\n<meta name=\"twitter:card\" content=\"summary_large_image\" \/>\n<meta name=\"twitter:label1\" content=\"Escrito por\" \/>\n\t<meta name=\"twitter:data1\" content=\"blue_studio\" \/>\n\t<meta name=\"twitter:label2\" content=\"Est. tempo de leitura\" \/>\n\t<meta name=\"twitter:data2\" content=\"6 minutos\" \/>\n<script type=\"application\/ld+json\" class=\"yoast-schema-graph\">{\"@context\":\"https:\/\/schema.org\",\"@graph\":[{\"@type\":\"Article\",\"@id\":\"https:\/\/patrocinados.estadao.com.br\/deloitte-jornada-da-sustentabilidade\/2026\/04\/30\/obrigatoriedade-das-normas-ifrs-s1-e-s2-intensifica-a-necessidade-de-adaptacao-das-empresas\/#article\",\"isPartOf\":{\"@id\":\"https:\/\/patrocinados.estadao.com.br\/deloitte-jornada-da-sustentabilidade\/2026\/04\/30\/obrigatoriedade-das-normas-ifrs-s1-e-s2-intensifica-a-necessidade-de-adaptacao-das-empresas\/\"},\"author\":{\"name\":\"blue_studio\",\"@id\":\"https:\/\/patrocinados.estadao.com.br\/deloitte-jornada-da-sustentabilidade\/#\/schema\/person\/60071a239fb5b5bc3d3d88cb8f6170a6\"},\"headline\":\"Obrigatoriedade das normas IFRS S1 e S2 intensifica a necessidade de adapta\u00e7\u00e3o das empresas\",\"datePublished\":\"2026-04-30T11:59:32+00:00\",\"mainEntityOfPage\":{\"@id\":\"https:\/\/patrocinados.estadao.com.br\/deloitte-jornada-da-sustentabilidade\/2026\/04\/30\/obrigatoriedade-das-normas-ifrs-s1-e-s2-intensifica-a-necessidade-de-adaptacao-das-empresas\/\"},\"wordCount\":1173,\"commentCount\":0,\"image\":{\"@id\":\"https:\/\/patrocinados.estadao.com.br\/deloitte-jornada-da-sustentabilidade\/2026\/04\/30\/obrigatoriedade-das-normas-ifrs-s1-e-s2-intensifica-a-necessidade-de-adaptacao-das-empresas\/#primaryimage\"},\"thumbnailUrl\":\"https:\/\/patrocinados.estadao.com.br\/deloitte-jornada-da-sustentabilidade\/wp-content\/uploads\/2026\/04\/Foto-Serra-das-Araras-2-scaled.jpg\",\"keywords\":[\"Deloitte\",\"IFRS\",\"Motiva\",\"Servi\u00e7os\"],\"articleSection\":[\"Cobertura de Evento\",\"Servi\u00e7os\"],\"inLanguage\":\"pt-BR\",\"potentialAction\":[{\"@type\":\"CommentAction\",\"name\":\"Comment\",\"target\":[\"https:\/\/patrocinados.estadao.com.br\/deloitte-jornada-da-sustentabilidade\/2026\/04\/30\/obrigatoriedade-das-normas-ifrs-s1-e-s2-intensifica-a-necessidade-de-adaptacao-das-empresas\/#respond\"]}]},{\"@type\":\"WebPage\",\"@id\":\"https:\/\/patrocinados.estadao.com.br\/deloitte-jornada-da-sustentabilidade\/2026\/04\/30\/obrigatoriedade-das-normas-ifrs-s1-e-s2-intensifica-a-necessidade-de-adaptacao-das-empresas\/\",\"url\":\"https:\/\/patrocinados.estadao.com.br\/deloitte-jornada-da-sustentabilidade\/2026\/04\/30\/obrigatoriedade-das-normas-ifrs-s1-e-s2-intensifica-a-necessidade-de-adaptacao-das-empresas\/\",\"name\":\"Obrigatoriedade das normas IFRS S1 e S2 intensifica a necessidade de adapta\u00e7\u00e3o das empresas - Jornada da Sustentabilidade, oferecido por Deloitte\",\"isPartOf\":{\"@id\":\"https:\/\/patrocinados.estadao.com.br\/deloitte-jornada-da-sustentabilidade\/#website\"},\"primaryImageOfPage\":{\"@id\":\"https:\/\/patrocinados.estadao.com.br\/deloitte-jornada-da-sustentabilidade\/2026\/04\/30\/obrigatoriedade-das-normas-ifrs-s1-e-s2-intensifica-a-necessidade-de-adaptacao-das-empresas\/#primaryimage\"},\"image\":{\"@id\":\"https:\/\/patrocinados.estadao.com.br\/deloitte-jornada-da-sustentabilidade\/2026\/04\/30\/obrigatoriedade-das-normas-ifrs-s1-e-s2-intensifica-a-necessidade-de-adaptacao-das-empresas\/#primaryimage\"},\"thumbnailUrl\":\"https:\/\/patrocinados.estadao.com.br\/deloitte-jornada-da-sustentabilidade\/wp-content\/uploads\/2026\/04\/Foto-Serra-das-Araras-2-scaled.jpg\",\"datePublished\":\"2026-04-30T11:59:32+00:00\",\"author\":{\"@id\":\"https:\/\/patrocinados.estadao.com.br\/deloitte-jornada-da-sustentabilidade\/#\/schema\/person\/60071a239fb5b5bc3d3d88cb8f6170a6\"},\"breadcrumb\":{\"@id\":\"https:\/\/patrocinados.estadao.com.br\/deloitte-jornada-da-sustentabilidade\/2026\/04\/30\/obrigatoriedade-das-normas-ifrs-s1-e-s2-intensifica-a-necessidade-de-adaptacao-das-empresas\/#breadcrumb\"},\"inLanguage\":\"pt-BR\",\"potentialAction\":[{\"@type\":\"ReadAction\",\"target\":[\"https:\/\/patrocinados.estadao.com.br\/deloitte-jornada-da-sustentabilidade\/2026\/04\/30\/obrigatoriedade-das-normas-ifrs-s1-e-s2-intensifica-a-necessidade-de-adaptacao-das-empresas\/\"]}]},{\"@type\":\"ImageObject\",\"inLanguage\":\"pt-BR\",\"@id\":\"https:\/\/patrocinados.estadao.com.br\/deloitte-jornada-da-sustentabilidade\/2026\/04\/30\/obrigatoriedade-das-normas-ifrs-s1-e-s2-intensifica-a-necessidade-de-adaptacao-das-empresas\/#primaryimage\",\"url\":\"https:\/\/patrocinados.estadao.com.br\/deloitte-jornada-da-sustentabilidade\/wp-content\/uploads\/2026\/04\/Foto-Serra-das-Araras-2-scaled.jpg\",\"contentUrl\":\"https:\/\/patrocinados.estadao.com.br\/deloitte-jornada-da-sustentabilidade\/wp-content\/uploads\/2026\/04\/Foto-Serra-das-Araras-2-scaled.jpg\",\"width\":2560,\"height\":1918,\"caption\":\"Serra das Araras - Foto: Arquivo Motiva\"},{\"@type\":\"BreadcrumbList\",\"@id\":\"https:\/\/patrocinados.estadao.com.br\/deloitte-jornada-da-sustentabilidade\/2026\/04\/30\/obrigatoriedade-das-normas-ifrs-s1-e-s2-intensifica-a-necessidade-de-adaptacao-das-empresas\/#breadcrumb\",\"itemListElement\":[{\"@type\":\"ListItem\",\"position\":1,\"name\":\"In\u00edcio\",\"item\":\"https:\/\/patrocinados.estadao.com.br\/deloitte-jornada-da-sustentabilidade\/\"},{\"@type\":\"ListItem\",\"position\":2,\"name\":\"Obrigatoriedade das normas IFRS S1 e S2 intensifica a necessidade de adapta\u00e7\u00e3o das empresas\"}]},{\"@type\":\"WebSite\",\"@id\":\"https:\/\/patrocinados.estadao.com.br\/deloitte-jornada-da-sustentabilidade\/#website\",\"url\":\"https:\/\/patrocinados.estadao.com.br\/deloitte-jornada-da-sustentabilidade\/\",\"name\":\"Jornada da Sustentabilidade, oferecido por Deloitte\",\"description\":\"Solu\u00e7\u00f5es de governan\u00e7a corporativa para seus desafios de neg\u00f3cios\",\"potentialAction\":[{\"@type\":\"SearchAction\",\"target\":{\"@type\":\"EntryPoint\",\"urlTemplate\":\"https:\/\/patrocinados.estadao.com.br\/deloitte-jornada-da-sustentabilidade\/?s={search_term_string}\"},\"query-input\":{\"@type\":\"PropertyValueSpecification\",\"valueRequired\":true,\"valueName\":\"search_term_string\"}}],\"inLanguage\":\"pt-BR\"},{\"@type\":\"Person\",\"@id\":\"https:\/\/patrocinados.estadao.com.br\/deloitte-jornada-da-sustentabilidade\/#\/schema\/person\/60071a239fb5b5bc3d3d88cb8f6170a6\",\"name\":\"blue_studio\",\"image\":{\"@type\":\"ImageObject\",\"inLanguage\":\"pt-BR\",\"@id\":\"https:\/\/patrocinados.estadao.com.br\/deloitte-jornada-da-sustentabilidade\/#\/schema\/person\/image\/\",\"url\":\"https:\/\/secure.gravatar.com\/avatar\/193f77a26bfc1ca843b87f20fda6efd0c212628ecc58a5c9f31ba0b89d013b17?s=96&d=mm&r=g\",\"contentUrl\":\"https:\/\/secure.gravatar.com\/avatar\/193f77a26bfc1ca843b87f20fda6efd0c212628ecc58a5c9f31ba0b89d013b17?s=96&d=mm&r=g\",\"caption\":\"blue_studio\"},\"url\":\"https:\/\/patrocinados.estadao.com.br\/deloitte-jornada-da-sustentabilidade\/author\/blue_studio\/\"}]}<\/script>\n<!-- \/ Yoast SEO plugin. -->","yoast_head_json":{"title":"Obrigatoriedade das normas IFRS S1 e S2 intensifica a necessidade de adapta\u00e7\u00e3o das empresas - Jornada da Sustentabilidade, oferecido por Deloitte","robots":{"index":"index","follow":"follow","max-snippet":"max-snippet:-1","max-image-preview":"max-image-preview:large","max-video-preview":"max-video-preview:-1"},"canonical":"https:\/\/patrocinados.estadao.com.br\/deloitte-jornada-da-sustentabilidade\/2026\/04\/30\/obrigatoriedade-das-normas-ifrs-s1-e-s2-intensifica-a-necessidade-de-adaptacao-das-empresas\/","og_locale":"pt_BR","og_type":"article","og_title":"Obrigatoriedade das normas IFRS S1 e S2 intensifica a necessidade de adapta\u00e7\u00e3o das empresas - Jornada da Sustentabilidade, oferecido por Deloitte","og_description":"A obrigatoriedade das normas IFRS S1 e IFRS S2, que passam a orientar a divulga\u00e7\u00e3o de informa\u00e7\u00f5es financeiras relacionadas \u00e0 sustentabilidade, marca uma nova etapa para empresas com registro de companhia aberta e bancos de grande porte no Brasil. Com as novas normas regulat\u00f3rias, as empresas ter\u00e3o de integrar riscos socioambientais e clim\u00e1ticos \u00e0 l\u00f3gica [&hellip;]","og_url":"https:\/\/patrocinados.estadao.com.br\/deloitte-jornada-da-sustentabilidade\/2026\/04\/30\/obrigatoriedade-das-normas-ifrs-s1-e-s2-intensifica-a-necessidade-de-adaptacao-das-empresas\/","og_site_name":"Jornada da Sustentabilidade, oferecido por Deloitte","article_published_time":"2026-04-30T11:59:32+00:00","og_image":[{"width":2560,"height":1918,"url":"https:\/\/patrocinados.estadao.com.br\/deloitte-jornada-da-sustentabilidade\/wp-content\/uploads\/2026\/04\/Foto-Serra-das-Araras-2-scaled.jpg","type":"image\/jpeg"}],"author":"blue_studio","twitter_card":"summary_large_image","twitter_misc":{"Escrito por":"blue_studio","Est. tempo de leitura":"6 minutos"},"schema":{"@context":"https:\/\/schema.org","@graph":[{"@type":"Article","@id":"https:\/\/patrocinados.estadao.com.br\/deloitte-jornada-da-sustentabilidade\/2026\/04\/30\/obrigatoriedade-das-normas-ifrs-s1-e-s2-intensifica-a-necessidade-de-adaptacao-das-empresas\/#article","isPartOf":{"@id":"https:\/\/patrocinados.estadao.com.br\/deloitte-jornada-da-sustentabilidade\/2026\/04\/30\/obrigatoriedade-das-normas-ifrs-s1-e-s2-intensifica-a-necessidade-de-adaptacao-das-empresas\/"},"author":{"name":"blue_studio","@id":"https:\/\/patrocinados.estadao.com.br\/deloitte-jornada-da-sustentabilidade\/#\/schema\/person\/60071a239fb5b5bc3d3d88cb8f6170a6"},"headline":"Obrigatoriedade das normas IFRS S1 e S2 intensifica a necessidade de adapta\u00e7\u00e3o das empresas","datePublished":"2026-04-30T11:59:32+00:00","mainEntityOfPage":{"@id":"https:\/\/patrocinados.estadao.com.br\/deloitte-jornada-da-sustentabilidade\/2026\/04\/30\/obrigatoriedade-das-normas-ifrs-s1-e-s2-intensifica-a-necessidade-de-adaptacao-das-empresas\/"},"wordCount":1173,"commentCount":0,"image":{"@id":"https:\/\/patrocinados.estadao.com.br\/deloitte-jornada-da-sustentabilidade\/2026\/04\/30\/obrigatoriedade-das-normas-ifrs-s1-e-s2-intensifica-a-necessidade-de-adaptacao-das-empresas\/#primaryimage"},"thumbnailUrl":"https:\/\/patrocinados.estadao.com.br\/deloitte-jornada-da-sustentabilidade\/wp-content\/uploads\/2026\/04\/Foto-Serra-das-Araras-2-scaled.jpg","keywords":["Deloitte","IFRS","Motiva","Servi\u00e7os"],"articleSection":["Cobertura de Evento","Servi\u00e7os"],"inLanguage":"pt-BR","potentialAction":[{"@type":"CommentAction","name":"Comment","target":["https:\/\/patrocinados.estadao.com.br\/deloitte-jornada-da-sustentabilidade\/2026\/04\/30\/obrigatoriedade-das-normas-ifrs-s1-e-s2-intensifica-a-necessidade-de-adaptacao-das-empresas\/#respond"]}]},{"@type":"WebPage","@id":"https:\/\/patrocinados.estadao.com.br\/deloitte-jornada-da-sustentabilidade\/2026\/04\/30\/obrigatoriedade-das-normas-ifrs-s1-e-s2-intensifica-a-necessidade-de-adaptacao-das-empresas\/","url":"https:\/\/patrocinados.estadao.com.br\/deloitte-jornada-da-sustentabilidade\/2026\/04\/30\/obrigatoriedade-das-normas-ifrs-s1-e-s2-intensifica-a-necessidade-de-adaptacao-das-empresas\/","name":"Obrigatoriedade das normas IFRS S1 e S2 intensifica a necessidade de adapta\u00e7\u00e3o das empresas - Jornada da Sustentabilidade, oferecido por Deloitte","isPartOf":{"@id":"https:\/\/patrocinados.estadao.com.br\/deloitte-jornada-da-sustentabilidade\/#website"},"primaryImageOfPage":{"@id":"https:\/\/patrocinados.estadao.com.br\/deloitte-jornada-da-sustentabilidade\/2026\/04\/30\/obrigatoriedade-das-normas-ifrs-s1-e-s2-intensifica-a-necessidade-de-adaptacao-das-empresas\/#primaryimage"},"image":{"@id":"https:\/\/patrocinados.estadao.com.br\/deloitte-jornada-da-sustentabilidade\/2026\/04\/30\/obrigatoriedade-das-normas-ifrs-s1-e-s2-intensifica-a-necessidade-de-adaptacao-das-empresas\/#primaryimage"},"thumbnailUrl":"https:\/\/patrocinados.estadao.com.br\/deloitte-jornada-da-sustentabilidade\/wp-content\/uploads\/2026\/04\/Foto-Serra-das-Araras-2-scaled.jpg","datePublished":"2026-04-30T11:59:32+00:00","author":{"@id":"https:\/\/patrocinados.estadao.com.br\/deloitte-jornada-da-sustentabilidade\/#\/schema\/person\/60071a239fb5b5bc3d3d88cb8f6170a6"},"breadcrumb":{"@id":"https:\/\/patrocinados.estadao.com.br\/deloitte-jornada-da-sustentabilidade\/2026\/04\/30\/obrigatoriedade-das-normas-ifrs-s1-e-s2-intensifica-a-necessidade-de-adaptacao-das-empresas\/#breadcrumb"},"inLanguage":"pt-BR","potentialAction":[{"@type":"ReadAction","target":["https:\/\/patrocinados.estadao.com.br\/deloitte-jornada-da-sustentabilidade\/2026\/04\/30\/obrigatoriedade-das-normas-ifrs-s1-e-s2-intensifica-a-necessidade-de-adaptacao-das-empresas\/"]}]},{"@type":"ImageObject","inLanguage":"pt-BR","@id":"https:\/\/patrocinados.estadao.com.br\/deloitte-jornada-da-sustentabilidade\/2026\/04\/30\/obrigatoriedade-das-normas-ifrs-s1-e-s2-intensifica-a-necessidade-de-adaptacao-das-empresas\/#primaryimage","url":"https:\/\/patrocinados.estadao.com.br\/deloitte-jornada-da-sustentabilidade\/wp-content\/uploads\/2026\/04\/Foto-Serra-das-Araras-2-scaled.jpg","contentUrl":"https:\/\/patrocinados.estadao.com.br\/deloitte-jornada-da-sustentabilidade\/wp-content\/uploads\/2026\/04\/Foto-Serra-das-Araras-2-scaled.jpg","width":2560,"height":1918,"caption":"Serra das Araras - Foto: Arquivo Motiva"},{"@type":"BreadcrumbList","@id":"https:\/\/patrocinados.estadao.com.br\/deloitte-jornada-da-sustentabilidade\/2026\/04\/30\/obrigatoriedade-das-normas-ifrs-s1-e-s2-intensifica-a-necessidade-de-adaptacao-das-empresas\/#breadcrumb","itemListElement":[{"@type":"ListItem","position":1,"name":"In\u00edcio","item":"https:\/\/patrocinados.estadao.com.br\/deloitte-jornada-da-sustentabilidade\/"},{"@type":"ListItem","position":2,"name":"Obrigatoriedade das normas IFRS S1 e S2 intensifica a necessidade de adapta\u00e7\u00e3o das empresas"}]},{"@type":"WebSite","@id":"https:\/\/patrocinados.estadao.com.br\/deloitte-jornada-da-sustentabilidade\/#website","url":"https:\/\/patrocinados.estadao.com.br\/deloitte-jornada-da-sustentabilidade\/","name":"Jornada da Sustentabilidade, oferecido por Deloitte","description":"Solu\u00e7\u00f5es de governan\u00e7a corporativa para seus desafios de neg\u00f3cios","potentialAction":[{"@type":"SearchAction","target":{"@type":"EntryPoint","urlTemplate":"https:\/\/patrocinados.estadao.com.br\/deloitte-jornada-da-sustentabilidade\/?s={search_term_string}"},"query-input":{"@type":"PropertyValueSpecification","valueRequired":true,"valueName":"search_term_string"}}],"inLanguage":"pt-BR"},{"@type":"Person","@id":"https:\/\/patrocinados.estadao.com.br\/deloitte-jornada-da-sustentabilidade\/#\/schema\/person\/60071a239fb5b5bc3d3d88cb8f6170a6","name":"blue_studio","image":{"@type":"ImageObject","inLanguage":"pt-BR","@id":"https:\/\/patrocinados.estadao.com.br\/deloitte-jornada-da-sustentabilidade\/#\/schema\/person\/image\/","url":"https:\/\/secure.gravatar.com\/avatar\/193f77a26bfc1ca843b87f20fda6efd0c212628ecc58a5c9f31ba0b89d013b17?s=96&d=mm&r=g","contentUrl":"https:\/\/secure.gravatar.com\/avatar\/193f77a26bfc1ca843b87f20fda6efd0c212628ecc58a5c9f31ba0b89d013b17?s=96&d=mm&r=g","caption":"blue_studio"},"url":"https:\/\/patrocinados.estadao.com.br\/deloitte-jornada-da-sustentabilidade\/author\/blue_studio\/"}]}},"_links":{"self":[{"href":"https:\/\/patrocinados.estadao.com.br\/deloitte-jornada-da-sustentabilidade\/wp-json\/wp\/v2\/posts\/2794","targetHints":{"allow":["GET"]}}],"collection":[{"href":"https:\/\/patrocinados.estadao.com.br\/deloitte-jornada-da-sustentabilidade\/wp-json\/wp\/v2\/posts"}],"about":[{"href":"https:\/\/patrocinados.estadao.com.br\/deloitte-jornada-da-sustentabilidade\/wp-json\/wp\/v2\/types\/post"}],"author":[{"embeddable":true,"href":"https:\/\/patrocinados.estadao.com.br\/deloitte-jornada-da-sustentabilidade\/wp-json\/wp\/v2\/users\/8"}],"replies":[{"embeddable":true,"href":"https:\/\/patrocinados.estadao.com.br\/deloitte-jornada-da-sustentabilidade\/wp-json\/wp\/v2\/comments?post=2794"}],"version-history":[{"count":2,"href":"https:\/\/patrocinados.estadao.com.br\/deloitte-jornada-da-sustentabilidade\/wp-json\/wp\/v2\/posts\/2794\/revisions"}],"predecessor-version":[{"id":2796,"href":"https:\/\/patrocinados.estadao.com.br\/deloitte-jornada-da-sustentabilidade\/wp-json\/wp\/v2\/posts\/2794\/revisions\/2796"}],"wp:featuredmedia":[{"embeddable":true,"href":"https:\/\/patrocinados.estadao.com.br\/deloitte-jornada-da-sustentabilidade\/wp-json\/wp\/v2\/media\/2793"}],"wp:attachment":[{"href":"https:\/\/patrocinados.estadao.com.br\/deloitte-jornada-da-sustentabilidade\/wp-json\/wp\/v2\/media?parent=2794"}],"wp:term":[{"taxonomy":"category","embeddable":true,"href":"https:\/\/patrocinados.estadao.com.br\/deloitte-jornada-da-sustentabilidade\/wp-json\/wp\/v2\/categories?post=2794"},{"taxonomy":"post_tag","embeddable":true,"href":"https:\/\/patrocinados.estadao.com.br\/deloitte-jornada-da-sustentabilidade\/wp-json\/wp\/v2\/tags?post=2794"}],"curies":[{"name":"wp","href":"https:\/\/api.w.org\/{rel}","templated":true}]}}