{"id":2724,"date":"2025-06-03T17:32:53","date_gmt":"2025-06-03T20:32:53","guid":{"rendered":"https:\/\/patrocinados.estadao.com.br\/deloitte-jornada-da-sustentabilidade\/?p=2724"},"modified":"2025-06-03T17:35:42","modified_gmt":"2025-06-03T20:35:42","slug":"programa-empresas-com-melhor-gestao-reconhece-organizacoes-de-norte-a-sul-do-brasil","status":"publish","type":"post","link":"https:\/\/patrocinados.estadao.com.br\/deloitte-jornada-da-sustentabilidade\/2025\/06\/03\/programa-empresas-com-melhor-gestao-reconhece-organizacoes-de-norte-a-sul-do-brasil\/","title":{"rendered":"Programa Empresas com Melhor Gest\u00e3o reconhece organiza\u00e7\u00f5es de Norte a Sul do Brasil"},"content":{"rendered":"<p>Empreender em um pa\u00eds cheio de volatilidades como o Brasil n\u00e3o \u00e9 tarefa f\u00e1cil. Fazer uma empresa crescer, inovar e ter uma boa governan\u00e7a \u00e9 uma miss\u00e3o ainda mais complexa. N\u00e3o \u00e9 \u00e0 toa, portanto, que quem faz esse trabalho com afinco mere\u00e7a o devido reconhecimento \u2013 e esse \u00e9 um dos objetivos do programa Empresas Com Melhor Gest\u00e3o (\u201cBest Managed Companies\u201d).<\/p>\n<p>Implementado pela Deloitte em 46 pa\u00edses, o programa j\u00e1 reconheceu mais de 1,7 mil empresas em todo o mundo. No Brasil, a iniciativa conta com o apoio da HSM e da Exame. Na tarde da \u00faltima quarta-feira, 28 de maio, a quarta edi\u00e7\u00e3o do programa destacou 23 empresas brasileiras privadas \u2013 incluindo neg\u00f3cios familiares, emergentes, de private equity e de capital fechado \u2013 por suas melhores pr\u00e1ticas de gest\u00e3o e governan\u00e7a.<\/p>\n<p>\u201c\u00c9 um selo do qual as empresas podem se orgulhar. As organiza\u00e7\u00f5es reconhecidas s\u00e3o s\u00edmbolo de resili\u00eancia, transforma\u00e7\u00e3o e seriedade. Trabalhamos com muito crit\u00e9rio para avaliar essas empresas\u201d, afirmou Ronaldo Fragoso, Chief Growth Officer da Deloitte no Brasil, durante a abertura do evento.<\/p>\n<p>Para serem reconhecidas, as organiza\u00e7\u00f5es devem se inscrever e compartilhar suas pr\u00e1ticas de gest\u00e3o em quatro pilares: capacidade de inova\u00e7\u00e3o; estrat\u00e9gia e ESG; cultura e compromisso; e governan\u00e7a e finan\u00e7as.<\/p>\n<p>Ap\u00f3s uma primeira filtragem, as organiza\u00e7\u00f5es selecionadas entram no programa, passando por um processo robusto de mentoria, diagn\u00f3stico e an\u00e1lise estrat\u00e9gica. \u201cEstamos aqui n\u00e3o s\u00f3 para premiar, mas para provocar reflex\u00f5es. \u00c9 um processo educativo, que exige olhar com profundidade para todas as dimens\u00f5es do neg\u00f3cio\u201d, destacou o s\u00f3cio Paulo de Tarso, l\u00edder do programa no Brasil.<\/p>\n<p>Das 23 reconhecidas em 2025, quatro receberam o selo Gold, concedido a empresas que participam do programa por pelo menos quatro edi\u00e7\u00f5es consecutivas. Na atual edi\u00e7\u00e3o, as cooperativas agroindustriais Agr\u00e1ria e Cocamar, a farmac\u00eautica Farmax e a varejista Nissei receberam a honraria.<\/p>\n<p>Outras 10 organiza\u00e7\u00f5es estrearam no programa: Amarante, Aurora, Bemol, JCC, ComExport, Coopercitrus, Galvani, Pamplona, Piracanjuba e Zilor. Elas se juntam a um grupo que j\u00e1 havia recebido o selo da Deloitte nas temporadas anteriores: Be8, Cocal, Gazin, Grupo Corn\u00e9lio Brennand, Moura, Masterboi, Santa Helena, SLC M\u00e1quinas e Tr\u00eas Cora\u00e7\u00f5es.<\/p>\n<h3><strong>De Norte a Sul, a for\u00e7a do interior do Brasil<\/strong><\/h3>\n<p>Al\u00e9m da an\u00e1lise das pr\u00e1ticas de gest\u00e3o, o evento evidenciou a for\u00e7a econ\u00f4mica das empresas reconhecidas. Juntas, elas movimentam mais de R$ 100 bilh\u00f5es em receita anual. Outro ponto importante \u00e9 a descentraliza\u00e7\u00e3o: todas as regi\u00f5es do Pa\u00eds est\u00e3o representadas no programa, com destaque para o Nordeste, com dez participantes, e para o Sul, com oito. O CEO da Deloitte, Marcelo Magalh\u00e3es, esteve presente na premia\u00e7\u00e3o e, durante a abertura, destacou como esse grupo de empresas simboliza a pujan\u00e7a da economia brasileira al\u00e9m do eixo Rio-S\u00e3o Paulo.<\/p>\n<p>Outro destaque est\u00e1 na presen\u00e7a significativa de dois setores dentro da lista: agroneg\u00f3cio e alimentos e bebidas. Juntos, eles representam 57% das organiza\u00e7\u00f5es reconhecidas pelo Empresas com Melhor Gest\u00e3o. \u201c\u00c9 mais uma mostra de como o agroneg\u00f3cio traz sua relev\u00e2ncia para a economia brasileira\u201d, acrescentou Paulo de Tarso, da Deloitte.<\/p>\n<h3><strong>Inova\u00e7\u00e3o, intelig\u00eancia artificial, cultura e diversidade geracional<\/strong><\/h3>\n<p>Realizado no JW Marriott Hotel, na zona sul da capital paulista, a quarta edi\u00e7\u00e3o do Empresas com Melhor Gest\u00e3o n\u00e3o s\u00f3 reconheceu as organiza\u00e7\u00f5es, mas tamb\u00e9m serviu como um espa\u00e7o de debate sobre os desafios enfrentados pelas empresas brasileiras. Durante os pain\u00e9is, executivos e especialistas refletiram cada vez mais sobre a import\u00e2ncia da governan\u00e7a, da inova\u00e7\u00e3o e da cultura organizacional em um cen\u00e1rio cada vez mais vol\u00e1til.<\/p>\n<p>No primeiro painel, que contou com a media\u00e7\u00e3o do editor da Exame, Leo Branco, a intelig\u00eancia artificial e a digitaliza\u00e7\u00e3o foram destaques, com os executivos discutindo como o uso de tecnologia tem mudado suas opera\u00e7\u00f5es e aumentado sua credibilidade para os clientes. O tema tamb\u00e9m aparece como um desafio da cultura organizacional.<\/p>\n<p>\u201cSe a pauta da inova\u00e7\u00e3o n\u00e3o \u00e9 disseminada em toda a empresa, as oportunidades se perdem. As oportunidades surgem na venda, no contato com cliente, na rua, na f\u00e1brica. Se o time n\u00e3o estiver preparado para identificar essas oportunidades e n\u00e3o houver uma cultura que estimule isso, a inova\u00e7\u00e3o n\u00e3o vai acontecer\u201d, comentou Alvaro Machado Neto, COO da Learning Village e diretor da HSM.<\/p>\n<p>O executivo, que apoia o programa desde a primeira edi\u00e7\u00e3o, tamb\u00e9m destacou a capacidade de evolu\u00e7\u00e3o e resili\u00eancia das empresas participantes. \u201cParticipamos n\u00e3o s\u00f3 com olhar de premia\u00e7\u00e3o, mas tamb\u00e9m buscando oportunidade de desenvolver as empresas, enxergando oportunidade de melhoria de processos em seus pilares, trazendo ferramentas para sua evolu\u00e7\u00e3o\u201d, disse Machado. \u201cNa primeira edi\u00e7\u00e3o, vimos empresas que ainda estavam amadurecendo alguns pilares e avan\u00e7aram muito ao longo dos anos. \u00c9 algo que nos deixa muito felizes.\u201d<\/p>\n<p>J\u00e1 no segundo painel, moderado por Paulo de Tarso, da Deloitte, discuss\u00f5es sobre cultura foram o principal destaque. Os executivos participantes destacaram desafios como a diversidade et\u00e1ria, com at\u00e9 seis gera\u00e7\u00f5es trabalhando juntas ao mesmo tempo, a forma\u00e7\u00e3o de lideran\u00e7as e a capacita\u00e7\u00e3o profissional.<\/p>\n<p>&#8220;Com este programa, a Deloitte busca incentivar pr\u00e1ticas mais eficazes de governan\u00e7a e administra\u00e7\u00e3o nas organiza\u00e7\u00f5es, ajudando-as a alcan\u00e7ar resultados mais relevantes e sustent\u00e1veis, sempre considerando os impactos positivos que suas atividades podem gerar&#8221;, finalizou o l\u00edder do programa no Brasil.<\/p>\n","protected":false},"excerpt":{"rendered":"<p>Empreender em um pa\u00eds cheio de volatilidades como o Brasil n\u00e3o \u00e9 tarefa f\u00e1cil. Fazer uma empresa crescer, inovar e ter uma boa governan\u00e7a \u00e9 uma miss\u00e3o ainda mais complexa. N\u00e3o \u00e9 \u00e0 toa, portanto, que quem faz esse trabalho com afinco mere\u00e7a o devido reconhecimento \u2013 e esse \u00e9 um dos objetivos do programa [&hellip;]<\/p>\n","protected":false},"author":8,"featured_media":2726,"comment_status":"open","ping_status":"closed","sticky":false,"template":"","format":"standard","meta":{"_acf_changed":false,"footnotes":""},"categories":[91,41],"tags":[8,43,80,108],"class_list":["post-2724","post","type-post","status-publish","format-standard","has-post-thumbnail","hentry","category-cobertura-de-evento","category-conteudo","tag-deloitte","tag-empresas","tag-gestao-de-empresas","tag-hsm"],"acf":[],"yoast_head":"<!-- This site is optimized with the Yoast SEO plugin v27.1.1 - https:\/\/yoast.com\/product\/yoast-seo-wordpress\/ -->\n<title>Programa Empresas com Melhor Gest\u00e3o reconhece organiza\u00e7\u00f5es de Norte a Sul do Brasil - Jornada da Sustentabilidade, oferecido por Deloitte<\/title>\n<meta name=\"robots\" content=\"index, follow, max-snippet:-1, max-image-preview:large, max-video-preview:-1\" \/>\n<link rel=\"canonical\" href=\"https:\/\/patrocinados.estadao.com.br\/deloitte-jornada-da-sustentabilidade\/2025\/06\/03\/programa-empresas-com-melhor-gestao-reconhece-organizacoes-de-norte-a-sul-do-brasil\/\" \/>\n<meta property=\"og:locale\" content=\"pt_BR\" \/>\n<meta property=\"og:type\" content=\"article\" \/>\n<meta property=\"og:title\" content=\"Programa Empresas com Melhor Gest\u00e3o reconhece organiza\u00e7\u00f5es de Norte a Sul do Brasil - Jornada da Sustentabilidade, oferecido por Deloitte\" \/>\n<meta property=\"og:description\" content=\"Empreender em um pa\u00eds cheio de volatilidades como o Brasil n\u00e3o \u00e9 tarefa f\u00e1cil. Fazer uma empresa crescer, inovar e ter uma boa governan\u00e7a \u00e9 uma miss\u00e3o ainda mais complexa. N\u00e3o \u00e9 \u00e0 toa, portanto, que quem faz esse trabalho com afinco mere\u00e7a o devido reconhecimento \u2013 e esse \u00e9 um dos objetivos do programa [&hellip;]\" \/>\n<meta property=\"og:url\" content=\"https:\/\/patrocinados.estadao.com.br\/deloitte-jornada-da-sustentabilidade\/2025\/06\/03\/programa-empresas-com-melhor-gestao-reconhece-organizacoes-de-norte-a-sul-do-brasil\/\" \/>\n<meta property=\"og:site_name\" content=\"Jornada da Sustentabilidade, oferecido por Deloitte\" \/>\n<meta property=\"article:published_time\" content=\"2025-06-03T20:32:53+00:00\" \/>\n<meta property=\"article:modified_time\" content=\"2025-06-03T20:35:42+00:00\" \/>\n<meta property=\"og:image\" content=\"https:\/\/patrocinados.estadao.com.br\/deloitte-jornada-da-sustentabilidade\/wp-content\/uploads\/2025\/06\/Deloitte_-453-Copia.jpg\" \/>\n\t<meta property=\"og:image:width\" content=\"2500\" \/>\n\t<meta property=\"og:image:height\" content=\"1021\" \/>\n\t<meta property=\"og:image:type\" content=\"image\/jpeg\" \/>\n<meta name=\"author\" content=\"blue_studio\" \/>\n<meta name=\"twitter:card\" content=\"summary_large_image\" \/>\n<meta name=\"twitter:label1\" content=\"Escrito por\" \/>\n\t<meta name=\"twitter:data1\" content=\"blue_studio\" \/>\n\t<meta name=\"twitter:label2\" content=\"Est. tempo de leitura\" \/>\n\t<meta name=\"twitter:data2\" content=\"5 minutos\" \/>\n<script type=\"application\/ld+json\" class=\"yoast-schema-graph\">{\"@context\":\"https:\/\/schema.org\",\"@graph\":[{\"@type\":\"Article\",\"@id\":\"https:\/\/patrocinados.estadao.com.br\/deloitte-jornada-da-sustentabilidade\/2025\/06\/03\/programa-empresas-com-melhor-gestao-reconhece-organizacoes-de-norte-a-sul-do-brasil\/#article\",\"isPartOf\":{\"@id\":\"https:\/\/patrocinados.estadao.com.br\/deloitte-jornada-da-sustentabilidade\/2025\/06\/03\/programa-empresas-com-melhor-gestao-reconhece-organizacoes-de-norte-a-sul-do-brasil\/\"},\"author\":{\"name\":\"blue_studio\",\"@id\":\"https:\/\/patrocinados.estadao.com.br\/deloitte-jornada-da-sustentabilidade\/#\/schema\/person\/60071a239fb5b5bc3d3d88cb8f6170a6\"},\"headline\":\"Programa Empresas com Melhor Gest\u00e3o reconhece organiza\u00e7\u00f5es de Norte a Sul do Brasil\",\"datePublished\":\"2025-06-03T20:32:53+00:00\",\"dateModified\":\"2025-06-03T20:35:42+00:00\",\"mainEntityOfPage\":{\"@id\":\"https:\/\/patrocinados.estadao.com.br\/deloitte-jornada-da-sustentabilidade\/2025\/06\/03\/programa-empresas-com-melhor-gestao-reconhece-organizacoes-de-norte-a-sul-do-brasil\/\"},\"wordCount\":964,\"commentCount\":0,\"image\":{\"@id\":\"https:\/\/patrocinados.estadao.com.br\/deloitte-jornada-da-sustentabilidade\/2025\/06\/03\/programa-empresas-com-melhor-gestao-reconhece-organizacoes-de-norte-a-sul-do-brasil\/#primaryimage\"},\"thumbnailUrl\":\"https:\/\/patrocinados.estadao.com.br\/deloitte-jornada-da-sustentabilidade\/wp-content\/uploads\/2025\/06\/Deloitte_-453-Copia.jpg\",\"keywords\":[\"Deloitte\",\"empresas\",\"Gest\u00e3o de empresas\",\"HSM\"],\"articleSection\":[\"Cobertura de Evento\",\"Conte\u00fado\"],\"inLanguage\":\"pt-BR\",\"potentialAction\":[{\"@type\":\"CommentAction\",\"name\":\"Comment\",\"target\":[\"https:\/\/patrocinados.estadao.com.br\/deloitte-jornada-da-sustentabilidade\/2025\/06\/03\/programa-empresas-com-melhor-gestao-reconhece-organizacoes-de-norte-a-sul-do-brasil\/#respond\"]}]},{\"@type\":\"WebPage\",\"@id\":\"https:\/\/patrocinados.estadao.com.br\/deloitte-jornada-da-sustentabilidade\/2025\/06\/03\/programa-empresas-com-melhor-gestao-reconhece-organizacoes-de-norte-a-sul-do-brasil\/\",\"url\":\"https:\/\/patrocinados.estadao.com.br\/deloitte-jornada-da-sustentabilidade\/2025\/06\/03\/programa-empresas-com-melhor-gestao-reconhece-organizacoes-de-norte-a-sul-do-brasil\/\",\"name\":\"Programa Empresas com Melhor Gest\u00e3o reconhece organiza\u00e7\u00f5es de Norte a Sul do Brasil - Jornada da Sustentabilidade, oferecido por Deloitte\",\"isPartOf\":{\"@id\":\"https:\/\/patrocinados.estadao.com.br\/deloitte-jornada-da-sustentabilidade\/#website\"},\"primaryImageOfPage\":{\"@id\":\"https:\/\/patrocinados.estadao.com.br\/deloitte-jornada-da-sustentabilidade\/2025\/06\/03\/programa-empresas-com-melhor-gestao-reconhece-organizacoes-de-norte-a-sul-do-brasil\/#primaryimage\"},\"image\":{\"@id\":\"https:\/\/patrocinados.estadao.com.br\/deloitte-jornada-da-sustentabilidade\/2025\/06\/03\/programa-empresas-com-melhor-gestao-reconhece-organizacoes-de-norte-a-sul-do-brasil\/#primaryimage\"},\"thumbnailUrl\":\"https:\/\/patrocinados.estadao.com.br\/deloitte-jornada-da-sustentabilidade\/wp-content\/uploads\/2025\/06\/Deloitte_-453-Copia.jpg\",\"datePublished\":\"2025-06-03T20:32:53+00:00\",\"dateModified\":\"2025-06-03T20:35:42+00:00\",\"author\":{\"@id\":\"https:\/\/patrocinados.estadao.com.br\/deloitte-jornada-da-sustentabilidade\/#\/schema\/person\/60071a239fb5b5bc3d3d88cb8f6170a6\"},\"breadcrumb\":{\"@id\":\"https:\/\/patrocinados.estadao.com.br\/deloitte-jornada-da-sustentabilidade\/2025\/06\/03\/programa-empresas-com-melhor-gestao-reconhece-organizacoes-de-norte-a-sul-do-brasil\/#breadcrumb\"},\"inLanguage\":\"pt-BR\",\"potentialAction\":[{\"@type\":\"ReadAction\",\"target\":[\"https:\/\/patrocinados.estadao.com.br\/deloitte-jornada-da-sustentabilidade\/2025\/06\/03\/programa-empresas-com-melhor-gestao-reconhece-organizacoes-de-norte-a-sul-do-brasil\/\"]}]},{\"@type\":\"ImageObject\",\"inLanguage\":\"pt-BR\",\"@id\":\"https:\/\/patrocinados.estadao.com.br\/deloitte-jornada-da-sustentabilidade\/2025\/06\/03\/programa-empresas-com-melhor-gestao-reconhece-organizacoes-de-norte-a-sul-do-brasil\/#primaryimage\",\"url\":\"https:\/\/patrocinados.estadao.com.br\/deloitte-jornada-da-sustentabilidade\/wp-content\/uploads\/2025\/06\/Deloitte_-453-Copia.jpg\",\"contentUrl\":\"https:\/\/patrocinados.estadao.com.br\/deloitte-jornada-da-sustentabilidade\/wp-content\/uploads\/2025\/06\/Deloitte_-453-Copia.jpg\",\"width\":2500,\"height\":1021},{\"@type\":\"BreadcrumbList\",\"@id\":\"https:\/\/patrocinados.estadao.com.br\/deloitte-jornada-da-sustentabilidade\/2025\/06\/03\/programa-empresas-com-melhor-gestao-reconhece-organizacoes-de-norte-a-sul-do-brasil\/#breadcrumb\",\"itemListElement\":[{\"@type\":\"ListItem\",\"position\":1,\"name\":\"In\u00edcio\",\"item\":\"https:\/\/patrocinados.estadao.com.br\/deloitte-jornada-da-sustentabilidade\/\"},{\"@type\":\"ListItem\",\"position\":2,\"name\":\"Programa Empresas com Melhor Gest\u00e3o reconhece organiza\u00e7\u00f5es de Norte a Sul do Brasil\"}]},{\"@type\":\"WebSite\",\"@id\":\"https:\/\/patrocinados.estadao.com.br\/deloitte-jornada-da-sustentabilidade\/#website\",\"url\":\"https:\/\/patrocinados.estadao.com.br\/deloitte-jornada-da-sustentabilidade\/\",\"name\":\"Jornada da Sustentabilidade, oferecido por Deloitte\",\"description\":\"Solu\u00e7\u00f5es de governan\u00e7a corporativa para seus desafios de neg\u00f3cios\",\"potentialAction\":[{\"@type\":\"SearchAction\",\"target\":{\"@type\":\"EntryPoint\",\"urlTemplate\":\"https:\/\/patrocinados.estadao.com.br\/deloitte-jornada-da-sustentabilidade\/?s={search_term_string}\"},\"query-input\":{\"@type\":\"PropertyValueSpecification\",\"valueRequired\":true,\"valueName\":\"search_term_string\"}}],\"inLanguage\":\"pt-BR\"},{\"@type\":\"Person\",\"@id\":\"https:\/\/patrocinados.estadao.com.br\/deloitte-jornada-da-sustentabilidade\/#\/schema\/person\/60071a239fb5b5bc3d3d88cb8f6170a6\",\"name\":\"blue_studio\",\"image\":{\"@type\":\"ImageObject\",\"inLanguage\":\"pt-BR\",\"@id\":\"https:\/\/patrocinados.estadao.com.br\/deloitte-jornada-da-sustentabilidade\/#\/schema\/person\/image\/\",\"url\":\"https:\/\/secure.gravatar.com\/avatar\/193f77a26bfc1ca843b87f20fda6efd0c212628ecc58a5c9f31ba0b89d013b17?s=96&d=mm&r=g\",\"contentUrl\":\"https:\/\/secure.gravatar.com\/avatar\/193f77a26bfc1ca843b87f20fda6efd0c212628ecc58a5c9f31ba0b89d013b17?s=96&d=mm&r=g\",\"caption\":\"blue_studio\"},\"url\":\"https:\/\/patrocinados.estadao.com.br\/deloitte-jornada-da-sustentabilidade\/author\/blue_studio\/\"}]}<\/script>\n<!-- \/ Yoast SEO plugin. -->","yoast_head_json":{"title":"Programa Empresas com Melhor Gest\u00e3o reconhece organiza\u00e7\u00f5es de Norte a Sul do Brasil - Jornada da Sustentabilidade, oferecido por Deloitte","robots":{"index":"index","follow":"follow","max-snippet":"max-snippet:-1","max-image-preview":"max-image-preview:large","max-video-preview":"max-video-preview:-1"},"canonical":"https:\/\/patrocinados.estadao.com.br\/deloitte-jornada-da-sustentabilidade\/2025\/06\/03\/programa-empresas-com-melhor-gestao-reconhece-organizacoes-de-norte-a-sul-do-brasil\/","og_locale":"pt_BR","og_type":"article","og_title":"Programa Empresas com Melhor Gest\u00e3o reconhece organiza\u00e7\u00f5es de Norte a Sul do Brasil - Jornada da Sustentabilidade, oferecido por Deloitte","og_description":"Empreender em um pa\u00eds cheio de volatilidades como o Brasil n\u00e3o \u00e9 tarefa f\u00e1cil. Fazer uma empresa crescer, inovar e ter uma boa governan\u00e7a \u00e9 uma miss\u00e3o ainda mais complexa. N\u00e3o \u00e9 \u00e0 toa, portanto, que quem faz esse trabalho com afinco mere\u00e7a o devido reconhecimento \u2013 e esse \u00e9 um dos objetivos do programa [&hellip;]","og_url":"https:\/\/patrocinados.estadao.com.br\/deloitte-jornada-da-sustentabilidade\/2025\/06\/03\/programa-empresas-com-melhor-gestao-reconhece-organizacoes-de-norte-a-sul-do-brasil\/","og_site_name":"Jornada da Sustentabilidade, oferecido por Deloitte","article_published_time":"2025-06-03T20:32:53+00:00","article_modified_time":"2025-06-03T20:35:42+00:00","og_image":[{"width":2500,"height":1021,"url":"https:\/\/patrocinados.estadao.com.br\/deloitte-jornada-da-sustentabilidade\/wp-content\/uploads\/2025\/06\/Deloitte_-453-Copia.jpg","type":"image\/jpeg"}],"author":"blue_studio","twitter_card":"summary_large_image","twitter_misc":{"Escrito por":"blue_studio","Est. tempo de leitura":"5 minutos"},"schema":{"@context":"https:\/\/schema.org","@graph":[{"@type":"Article","@id":"https:\/\/patrocinados.estadao.com.br\/deloitte-jornada-da-sustentabilidade\/2025\/06\/03\/programa-empresas-com-melhor-gestao-reconhece-organizacoes-de-norte-a-sul-do-brasil\/#article","isPartOf":{"@id":"https:\/\/patrocinados.estadao.com.br\/deloitte-jornada-da-sustentabilidade\/2025\/06\/03\/programa-empresas-com-melhor-gestao-reconhece-organizacoes-de-norte-a-sul-do-brasil\/"},"author":{"name":"blue_studio","@id":"https:\/\/patrocinados.estadao.com.br\/deloitte-jornada-da-sustentabilidade\/#\/schema\/person\/60071a239fb5b5bc3d3d88cb8f6170a6"},"headline":"Programa Empresas com Melhor Gest\u00e3o reconhece organiza\u00e7\u00f5es de Norte a Sul do Brasil","datePublished":"2025-06-03T20:32:53+00:00","dateModified":"2025-06-03T20:35:42+00:00","mainEntityOfPage":{"@id":"https:\/\/patrocinados.estadao.com.br\/deloitte-jornada-da-sustentabilidade\/2025\/06\/03\/programa-empresas-com-melhor-gestao-reconhece-organizacoes-de-norte-a-sul-do-brasil\/"},"wordCount":964,"commentCount":0,"image":{"@id":"https:\/\/patrocinados.estadao.com.br\/deloitte-jornada-da-sustentabilidade\/2025\/06\/03\/programa-empresas-com-melhor-gestao-reconhece-organizacoes-de-norte-a-sul-do-brasil\/#primaryimage"},"thumbnailUrl":"https:\/\/patrocinados.estadao.com.br\/deloitte-jornada-da-sustentabilidade\/wp-content\/uploads\/2025\/06\/Deloitte_-453-Copia.jpg","keywords":["Deloitte","empresas","Gest\u00e3o de empresas","HSM"],"articleSection":["Cobertura de Evento","Conte\u00fado"],"inLanguage":"pt-BR","potentialAction":[{"@type":"CommentAction","name":"Comment","target":["https:\/\/patrocinados.estadao.com.br\/deloitte-jornada-da-sustentabilidade\/2025\/06\/03\/programa-empresas-com-melhor-gestao-reconhece-organizacoes-de-norte-a-sul-do-brasil\/#respond"]}]},{"@type":"WebPage","@id":"https:\/\/patrocinados.estadao.com.br\/deloitte-jornada-da-sustentabilidade\/2025\/06\/03\/programa-empresas-com-melhor-gestao-reconhece-organizacoes-de-norte-a-sul-do-brasil\/","url":"https:\/\/patrocinados.estadao.com.br\/deloitte-jornada-da-sustentabilidade\/2025\/06\/03\/programa-empresas-com-melhor-gestao-reconhece-organizacoes-de-norte-a-sul-do-brasil\/","name":"Programa Empresas com Melhor Gest\u00e3o reconhece organiza\u00e7\u00f5es de Norte a Sul do Brasil - Jornada da Sustentabilidade, oferecido por Deloitte","isPartOf":{"@id":"https:\/\/patrocinados.estadao.com.br\/deloitte-jornada-da-sustentabilidade\/#website"},"primaryImageOfPage":{"@id":"https:\/\/patrocinados.estadao.com.br\/deloitte-jornada-da-sustentabilidade\/2025\/06\/03\/programa-empresas-com-melhor-gestao-reconhece-organizacoes-de-norte-a-sul-do-brasil\/#primaryimage"},"image":{"@id":"https:\/\/patrocinados.estadao.com.br\/deloitte-jornada-da-sustentabilidade\/2025\/06\/03\/programa-empresas-com-melhor-gestao-reconhece-organizacoes-de-norte-a-sul-do-brasil\/#primaryimage"},"thumbnailUrl":"https:\/\/patrocinados.estadao.com.br\/deloitte-jornada-da-sustentabilidade\/wp-content\/uploads\/2025\/06\/Deloitte_-453-Copia.jpg","datePublished":"2025-06-03T20:32:53+00:00","dateModified":"2025-06-03T20:35:42+00:00","author":{"@id":"https:\/\/patrocinados.estadao.com.br\/deloitte-jornada-da-sustentabilidade\/#\/schema\/person\/60071a239fb5b5bc3d3d88cb8f6170a6"},"breadcrumb":{"@id":"https:\/\/patrocinados.estadao.com.br\/deloitte-jornada-da-sustentabilidade\/2025\/06\/03\/programa-empresas-com-melhor-gestao-reconhece-organizacoes-de-norte-a-sul-do-brasil\/#breadcrumb"},"inLanguage":"pt-BR","potentialAction":[{"@type":"ReadAction","target":["https:\/\/patrocinados.estadao.com.br\/deloitte-jornada-da-sustentabilidade\/2025\/06\/03\/programa-empresas-com-melhor-gestao-reconhece-organizacoes-de-norte-a-sul-do-brasil\/"]}]},{"@type":"ImageObject","inLanguage":"pt-BR","@id":"https:\/\/patrocinados.estadao.com.br\/deloitte-jornada-da-sustentabilidade\/2025\/06\/03\/programa-empresas-com-melhor-gestao-reconhece-organizacoes-de-norte-a-sul-do-brasil\/#primaryimage","url":"https:\/\/patrocinados.estadao.com.br\/deloitte-jornada-da-sustentabilidade\/wp-content\/uploads\/2025\/06\/Deloitte_-453-Copia.jpg","contentUrl":"https:\/\/patrocinados.estadao.com.br\/deloitte-jornada-da-sustentabilidade\/wp-content\/uploads\/2025\/06\/Deloitte_-453-Copia.jpg","width":2500,"height":1021},{"@type":"BreadcrumbList","@id":"https:\/\/patrocinados.estadao.com.br\/deloitte-jornada-da-sustentabilidade\/2025\/06\/03\/programa-empresas-com-melhor-gestao-reconhece-organizacoes-de-norte-a-sul-do-brasil\/#breadcrumb","itemListElement":[{"@type":"ListItem","position":1,"name":"In\u00edcio","item":"https:\/\/patrocinados.estadao.com.br\/deloitte-jornada-da-sustentabilidade\/"},{"@type":"ListItem","position":2,"name":"Programa Empresas com Melhor Gest\u00e3o reconhece organiza\u00e7\u00f5es de Norte a Sul do Brasil"}]},{"@type":"WebSite","@id":"https:\/\/patrocinados.estadao.com.br\/deloitte-jornada-da-sustentabilidade\/#website","url":"https:\/\/patrocinados.estadao.com.br\/deloitte-jornada-da-sustentabilidade\/","name":"Jornada da Sustentabilidade, oferecido por Deloitte","description":"Solu\u00e7\u00f5es de governan\u00e7a corporativa para seus desafios de neg\u00f3cios","potentialAction":[{"@type":"SearchAction","target":{"@type":"EntryPoint","urlTemplate":"https:\/\/patrocinados.estadao.com.br\/deloitte-jornada-da-sustentabilidade\/?s={search_term_string}"},"query-input":{"@type":"PropertyValueSpecification","valueRequired":true,"valueName":"search_term_string"}}],"inLanguage":"pt-BR"},{"@type":"Person","@id":"https:\/\/patrocinados.estadao.com.br\/deloitte-jornada-da-sustentabilidade\/#\/schema\/person\/60071a239fb5b5bc3d3d88cb8f6170a6","name":"blue_studio","image":{"@type":"ImageObject","inLanguage":"pt-BR","@id":"https:\/\/patrocinados.estadao.com.br\/deloitte-jornada-da-sustentabilidade\/#\/schema\/person\/image\/","url":"https:\/\/secure.gravatar.com\/avatar\/193f77a26bfc1ca843b87f20fda6efd0c212628ecc58a5c9f31ba0b89d013b17?s=96&d=mm&r=g","contentUrl":"https:\/\/secure.gravatar.com\/avatar\/193f77a26bfc1ca843b87f20fda6efd0c212628ecc58a5c9f31ba0b89d013b17?s=96&d=mm&r=g","caption":"blue_studio"},"url":"https:\/\/patrocinados.estadao.com.br\/deloitte-jornada-da-sustentabilidade\/author\/blue_studio\/"}]}},"_links":{"self":[{"href":"https:\/\/patrocinados.estadao.com.br\/deloitte-jornada-da-sustentabilidade\/wp-json\/wp\/v2\/posts\/2724","targetHints":{"allow":["GET"]}}],"collection":[{"href":"https:\/\/patrocinados.estadao.com.br\/deloitte-jornada-da-sustentabilidade\/wp-json\/wp\/v2\/posts"}],"about":[{"href":"https:\/\/patrocinados.estadao.com.br\/deloitte-jornada-da-sustentabilidade\/wp-json\/wp\/v2\/types\/post"}],"author":[{"embeddable":true,"href":"https:\/\/patrocinados.estadao.com.br\/deloitte-jornada-da-sustentabilidade\/wp-json\/wp\/v2\/users\/8"}],"replies":[{"embeddable":true,"href":"https:\/\/patrocinados.estadao.com.br\/deloitte-jornada-da-sustentabilidade\/wp-json\/wp\/v2\/comments?post=2724"}],"version-history":[{"count":6,"href":"https:\/\/patrocinados.estadao.com.br\/deloitte-jornada-da-sustentabilidade\/wp-json\/wp\/v2\/posts\/2724\/revisions"}],"predecessor-version":[{"id":2731,"href":"https:\/\/patrocinados.estadao.com.br\/deloitte-jornada-da-sustentabilidade\/wp-json\/wp\/v2\/posts\/2724\/revisions\/2731"}],"wp:featuredmedia":[{"embeddable":true,"href":"https:\/\/patrocinados.estadao.com.br\/deloitte-jornada-da-sustentabilidade\/wp-json\/wp\/v2\/media\/2726"}],"wp:attachment":[{"href":"https:\/\/patrocinados.estadao.com.br\/deloitte-jornada-da-sustentabilidade\/wp-json\/wp\/v2\/media?parent=2724"}],"wp:term":[{"taxonomy":"category","embeddable":true,"href":"https:\/\/patrocinados.estadao.com.br\/deloitte-jornada-da-sustentabilidade\/wp-json\/wp\/v2\/categories?post=2724"},{"taxonomy":"post_tag","embeddable":true,"href":"https:\/\/patrocinados.estadao.com.br\/deloitte-jornada-da-sustentabilidade\/wp-json\/wp\/v2\/tags?post=2724"}],"curies":[{"name":"wp","href":"https:\/\/api.w.org\/{rel}","templated":true}]}}