{"id":265,"date":"2016-11-22T18:06:58","date_gmt":"2016-11-22T18:06:58","guid":{"rendered":"https:\/\/patrocinados.estadao.com.br\/deloitte-esg-esg\/?p=265"},"modified":"2021-09-20T12:06:36","modified_gmt":"2021-09-20T15:06:36","slug":"empresas-definem-prioridades-e-praticas-de-gestao-para-2017","status":"publish","type":"post","link":"https:\/\/patrocinados.estadao.com.br\/deloitte-jornada-da-sustentabilidade\/2016\/11\/22\/empresas-definem-prioridades-e-praticas-de-gestao-para-2017\/","title":{"rendered":"Empresas definem prioridades e pr\u00e1ticas de gest\u00e3o para 2017"},"content":{"rendered":"<p>O mundo corporativo imp\u00f5e desafios, sobretudo em momentos de instabilidade econ\u00f4mica. Ap\u00f3s dois anos de crise, empresas brasileiras sinalizam certo grau de otimismo e retomada da confian\u00e7a para o pr\u00f3ximo ano, demonstrando a inten\u00e7\u00e3o de reorganizar seus neg\u00f3cios rumo ao crescimento consistente: \u00e9 tempo de arrumar a casa.<\/p>\n<p>Pesquisa in\u00e9dita realizada pela Deloitte \u2013 Agenda 2017 &#8211; com 746 empresas brasileiras de todos os portes, setores e regi\u00f5es do Pa\u00eds -, revela que as organiza\u00e7\u00f5es projetam crescimento de 8,3% das receitas l\u00edquidas para o pr\u00f3ximo ano. \u201cComo vivenciamos uma retra\u00e7\u00e3o em todos os segmentos econ\u00f4micos nos \u00faltimos anos, essa estimativa representa uma real demonstra\u00e7\u00e3o de otimismo\u201d, afirma <a href=\"http:\/\/www.mundocorporativo.deloitte.com.br\/novo-ciclo-para-o-brasil\/\">Othon Almeida, s\u00f3cio-l\u00edder da \u00e1rea de Market Development da Deloitte<\/a>.<\/p>\n<p>A an\u00e1lise dos dados da Agenda 2017 aponta que o otimismo \u00e9 motivado por v\u00e1rios fatores, entre eles, a melhora na expectativa em rela\u00e7\u00e3o \u00e0 poss\u00edvel retomada dos investimentos na \u00e1rea de infraestrutura. H\u00e1 ainda influ\u00eancia da melhora da confian\u00e7a do setor empresarial numa recupera\u00e7\u00e3o da atividade econ\u00f4mica brasileira, al\u00e9m de avan\u00e7os importantes nas proje\u00e7\u00f5es de crescimento de setores que foram muito afetados pela atual crise, como o de constru\u00e7\u00e3o civil.<\/p>\n<p>Entre os itens que mais devem causar impacto nos neg\u00f3cios, os executivos citaram como principais: varia\u00e7\u00e3o do c\u00e2mbio, retomada da economia e altera\u00e7\u00f5es no pre\u00e7o do petr\u00f3leo.<\/p>\n<p><strong>Prioridades de gest\u00e3o em 2017<\/strong><\/p>\n<p>A pesquisa da Deloitte revela que, para 2017, as empresas dever\u00e3o priorizar a gest\u00e3o administrativo-financeira, direcionando a\u00e7\u00f5es para a gera\u00e7\u00e3o de resultados e melhoria da produtividade. Os entrevistados do estudo apontaram como foco: gest\u00e3o financeira (com 65% de cita\u00e7\u00f5es); de processos (61%); e or\u00e7ament\u00e1ria (55%).<\/p>\n<p>Al\u00e9m disso, o estudo apurou que as empresas brasileiras demonstram inten\u00e7\u00e3o de priorizar a ado\u00e7\u00e3o de melhores pr\u00e1ticas de governan\u00e7a corporativa, com longo caminho a ser percorrido neste sentido, principalmente entre as de menor porte. Os itens mais abordados foram: gest\u00e3o de riscos e controles internos (37%); gest\u00e3o de compliance (33%); e estrutura de governan\u00e7a corporativa (31%).<\/p>\n<p>Outras pr\u00e1ticas citadas voltadas \u00e0 administra\u00e7\u00e3o: gest\u00e3o de tecnologia da informa\u00e7\u00e3o (36%); gest\u00e3o de marketing e comunica\u00e7\u00e3o (34%); auditoria externa (16%); auditoria interna (14%); gest\u00e3o ambiental (14%); gest\u00e3o de crises (13%); responsabilidade social (12%); mecanismos de transpar\u00eancia (7%); e conselho fiscal (6%).<\/p>\n<p>Em rela\u00e7\u00e3o \u00e0 implanta\u00e7\u00e3o de importantes estruturas de governan\u00e7a corporativa, boa parte das empresas que participou da pesquisa ainda n\u00e3o possui, por exemplo, \u00e1reas de gest\u00e3o de crise ou conselhos fiscais. Em fase inicial de implanta\u00e7\u00e3o pelas organiza\u00e7\u00f5es, a \u00e1rea de auditoria interna foi lembrada no levantamento.<\/p>\n<p>Com n\u00edvel um pouco mais avan\u00e7ado de inser\u00e7\u00e3o, as empresas citam os mecanismos de transpar\u00eancia, de gest\u00e3o de compliance e de riscos, os controles internos e as estruturas de governan\u00e7a corporativa. A ado\u00e7\u00e3o de auditoria externa \u00e9 tamb\u00e9m citada como prioridade pelas empresas.<\/p>\n<p>\u201c\u00c9 bastante compreens\u00edvel que, nessa fase de transi\u00e7\u00e3o, as empresas mantenham foco no aprimoramento das pr\u00e1ticas administrativas. Por\u00e9m, mesmo neste momento em que vivemos, as organiza\u00e7\u00f5es n\u00e3o devem descuidar da efici\u00eancia nos controles sobre a gest\u00e3o\u201d, explica Othon Almeida.<\/p>\n<p><strong>Agenda 2017: governan\u00e7a corporativa em destaque<\/strong><\/p>\n<p><a href=\"https:\/\/patrocinados.estadao.com.br\/deloitte-esg-esg\/wp-content\/uploads\/sites\/39\/2017\/01\/1479821086214.jpg\"><img loading=\"lazy\" decoding=\"async\" class=\"aligncenter wp-image-267\" src=\"https:\/\/patrocinados.estadao.com.br\/deloitte-esg-esg\/wp-content\/uploads\/sites\/39\/2017\/01\/1479821086214.jpg\" alt=\"1479821086214\" width=\"850\" height=\"542\" \/><\/a><\/p>\n","protected":false},"excerpt":{"rendered":"<p>Estudo realizado pela Deloitte aponta que, ap\u00f3s dois anos, gestores come\u00e7am a melhorar suas expectativas em rela\u00e7\u00e3o aos neg\u00f3cios e demonstram inten\u00e7\u00e3o de priorizar a ado\u00e7\u00e3o de melhores pr\u00e1ticas de governan\u00e7a corporativa<\/p>\n","protected":false},"author":2,"featured_media":1753,"comment_status":"open","ping_status":"closed","sticky":false,"template":"","format":"standard","meta":{"_acf_changed":false,"footnotes":""},"categories":[1],"tags":[],"class_list":["post-265","post","type-post","status-publish","format-standard","has-post-thumbnail","hentry","category-sem-categoria"],"acf":[],"yoast_head":"<!-- This site is optimized with the Yoast SEO plugin v27.1.1 - https:\/\/yoast.com\/product\/yoast-seo-wordpress\/ -->\n<title>Empresas definem prioridades e pr\u00e1ticas de gest\u00e3o para 2017 - Jornada da Sustentabilidade, oferecido por Deloitte<\/title>\n<meta name=\"robots\" content=\"index, follow, max-snippet:-1, max-image-preview:large, max-video-preview:-1\" \/>\n<link rel=\"canonical\" href=\"https:\/\/patrocinados.estadao.com.br\/deloitte-jornada-da-sustentabilidade\/2016\/11\/22\/empresas-definem-prioridades-e-praticas-de-gestao-para-2017\/\" \/>\n<meta property=\"og:locale\" content=\"pt_BR\" \/>\n<meta property=\"og:type\" content=\"article\" \/>\n<meta property=\"og:title\" content=\"Empresas definem prioridades e pr\u00e1ticas de gest\u00e3o para 2017 - Jornada da Sustentabilidade, oferecido por Deloitte\" \/>\n<meta property=\"og:description\" content=\"Estudo realizado pela Deloitte aponta que, ap\u00f3s dois anos, gestores come\u00e7am a melhorar suas expectativas em rela\u00e7\u00e3o aos neg\u00f3cios e demonstram inten\u00e7\u00e3o de priorizar a ado\u00e7\u00e3o de melhores pr\u00e1ticas de governan\u00e7a corporativa\" \/>\n<meta property=\"og:url\" content=\"https:\/\/patrocinados.estadao.com.br\/deloitte-jornada-da-sustentabilidade\/2016\/11\/22\/empresas-definem-prioridades-e-praticas-de-gestao-para-2017\/\" \/>\n<meta property=\"og:site_name\" content=\"Jornada da Sustentabilidade, oferecido por Deloitte\" \/>\n<meta property=\"article:published_time\" content=\"2016-11-22T18:06:58+00:00\" \/>\n<meta property=\"article:modified_time\" content=\"2021-09-20T15:06:36+00:00\" \/>\n<meta property=\"og:image\" content=\"https:\/\/patrocinados.estadao.com.br\/deloitte-jornada-da-sustentabilidade\/wp-content\/uploads\/2021\/09\/55_932.jpg\" \/>\n\t<meta property=\"og:image:width\" content=\"932\" \/>\n\t<meta property=\"og:image:height\" content=\"524\" \/>\n\t<meta property=\"og:image:type\" content=\"image\/jpeg\" \/>\n<meta name=\"author\" content=\"Geosfera\" \/>\n<meta name=\"twitter:card\" content=\"summary_large_image\" \/>\n<meta name=\"twitter:label1\" content=\"Escrito por\" \/>\n\t<meta name=\"twitter:data1\" content=\"Geosfera\" \/>\n\t<meta name=\"twitter:label2\" content=\"Est. tempo de leitura\" \/>\n\t<meta name=\"twitter:data2\" content=\"3 minutos\" \/>\n<script type=\"application\/ld+json\" class=\"yoast-schema-graph\">{\"@context\":\"https:\/\/schema.org\",\"@graph\":[{\"@type\":\"Article\",\"@id\":\"https:\/\/patrocinados.estadao.com.br\/deloitte-jornada-da-sustentabilidade\/2016\/11\/22\/empresas-definem-prioridades-e-praticas-de-gestao-para-2017\/#article\",\"isPartOf\":{\"@id\":\"https:\/\/patrocinados.estadao.com.br\/deloitte-jornada-da-sustentabilidade\/2016\/11\/22\/empresas-definem-prioridades-e-praticas-de-gestao-para-2017\/\"},\"author\":{\"name\":\"Geosfera\",\"@id\":\"https:\/\/patrocinados.estadao.com.br\/deloitte-jornada-da-sustentabilidade\/#\/schema\/person\/9be56940425d4f31e0c82015d0fd725f\"},\"headline\":\"Empresas definem prioridades e pr\u00e1ticas de gest\u00e3o para 2017\",\"datePublished\":\"2016-11-22T18:06:58+00:00\",\"dateModified\":\"2021-09-20T15:06:36+00:00\",\"mainEntityOfPage\":{\"@id\":\"https:\/\/patrocinados.estadao.com.br\/deloitte-jornada-da-sustentabilidade\/2016\/11\/22\/empresas-definem-prioridades-e-praticas-de-gestao-para-2017\/\"},\"wordCount\":565,\"commentCount\":0,\"image\":{\"@id\":\"https:\/\/patrocinados.estadao.com.br\/deloitte-jornada-da-sustentabilidade\/2016\/11\/22\/empresas-definem-prioridades-e-praticas-de-gestao-para-2017\/#primaryimage\"},\"thumbnailUrl\":\"https:\/\/patrocinados.estadao.com.br\/deloitte-jornada-da-sustentabilidade\/wp-content\/uploads\/2021\/09\/55_932.jpg\",\"inLanguage\":\"pt-BR\",\"potentialAction\":[{\"@type\":\"CommentAction\",\"name\":\"Comment\",\"target\":[\"https:\/\/patrocinados.estadao.com.br\/deloitte-jornada-da-sustentabilidade\/2016\/11\/22\/empresas-definem-prioridades-e-praticas-de-gestao-para-2017\/#respond\"]}]},{\"@type\":\"WebPage\",\"@id\":\"https:\/\/patrocinados.estadao.com.br\/deloitte-jornada-da-sustentabilidade\/2016\/11\/22\/empresas-definem-prioridades-e-praticas-de-gestao-para-2017\/\",\"url\":\"https:\/\/patrocinados.estadao.com.br\/deloitte-jornada-da-sustentabilidade\/2016\/11\/22\/empresas-definem-prioridades-e-praticas-de-gestao-para-2017\/\",\"name\":\"Empresas definem prioridades e pr\u00e1ticas de gest\u00e3o para 2017 - Jornada da Sustentabilidade, oferecido por Deloitte\",\"isPartOf\":{\"@id\":\"https:\/\/patrocinados.estadao.com.br\/deloitte-jornada-da-sustentabilidade\/#website\"},\"primaryImageOfPage\":{\"@id\":\"https:\/\/patrocinados.estadao.com.br\/deloitte-jornada-da-sustentabilidade\/2016\/11\/22\/empresas-definem-prioridades-e-praticas-de-gestao-para-2017\/#primaryimage\"},\"image\":{\"@id\":\"https:\/\/patrocinados.estadao.com.br\/deloitte-jornada-da-sustentabilidade\/2016\/11\/22\/empresas-definem-prioridades-e-praticas-de-gestao-para-2017\/#primaryimage\"},\"thumbnailUrl\":\"https:\/\/patrocinados.estadao.com.br\/deloitte-jornada-da-sustentabilidade\/wp-content\/uploads\/2021\/09\/55_932.jpg\",\"datePublished\":\"2016-11-22T18:06:58+00:00\",\"dateModified\":\"2021-09-20T15:06:36+00:00\",\"author\":{\"@id\":\"https:\/\/patrocinados.estadao.com.br\/deloitte-jornada-da-sustentabilidade\/#\/schema\/person\/9be56940425d4f31e0c82015d0fd725f\"},\"breadcrumb\":{\"@id\":\"https:\/\/patrocinados.estadao.com.br\/deloitte-jornada-da-sustentabilidade\/2016\/11\/22\/empresas-definem-prioridades-e-praticas-de-gestao-para-2017\/#breadcrumb\"},\"inLanguage\":\"pt-BR\",\"potentialAction\":[{\"@type\":\"ReadAction\",\"target\":[\"https:\/\/patrocinados.estadao.com.br\/deloitte-jornada-da-sustentabilidade\/2016\/11\/22\/empresas-definem-prioridades-e-praticas-de-gestao-para-2017\/\"]}]},{\"@type\":\"ImageObject\",\"inLanguage\":\"pt-BR\",\"@id\":\"https:\/\/patrocinados.estadao.com.br\/deloitte-jornada-da-sustentabilidade\/2016\/11\/22\/empresas-definem-prioridades-e-praticas-de-gestao-para-2017\/#primaryimage\",\"url\":\"https:\/\/patrocinados.estadao.com.br\/deloitte-jornada-da-sustentabilidade\/wp-content\/uploads\/2021\/09\/55_932.jpg\",\"contentUrl\":\"https:\/\/patrocinados.estadao.com.br\/deloitte-jornada-da-sustentabilidade\/wp-content\/uploads\/2021\/09\/55_932.jpg\",\"width\":932,\"height\":524},{\"@type\":\"BreadcrumbList\",\"@id\":\"https:\/\/patrocinados.estadao.com.br\/deloitte-jornada-da-sustentabilidade\/2016\/11\/22\/empresas-definem-prioridades-e-praticas-de-gestao-para-2017\/#breadcrumb\",\"itemListElement\":[{\"@type\":\"ListItem\",\"position\":1,\"name\":\"In\u00edcio\",\"item\":\"https:\/\/patrocinados.estadao.com.br\/deloitte-jornada-da-sustentabilidade\/\"},{\"@type\":\"ListItem\",\"position\":2,\"name\":\"Empresas definem prioridades e pr\u00e1ticas de gest\u00e3o para 2017\"}]},{\"@type\":\"WebSite\",\"@id\":\"https:\/\/patrocinados.estadao.com.br\/deloitte-jornada-da-sustentabilidade\/#website\",\"url\":\"https:\/\/patrocinados.estadao.com.br\/deloitte-jornada-da-sustentabilidade\/\",\"name\":\"Jornada da Sustentabilidade, oferecido por Deloitte\",\"description\":\"Solu\u00e7\u00f5es de governan\u00e7a corporativa para seus desafios de neg\u00f3cios\",\"potentialAction\":[{\"@type\":\"SearchAction\",\"target\":{\"@type\":\"EntryPoint\",\"urlTemplate\":\"https:\/\/patrocinados.estadao.com.br\/deloitte-jornada-da-sustentabilidade\/?s={search_term_string}\"},\"query-input\":{\"@type\":\"PropertyValueSpecification\",\"valueRequired\":true,\"valueName\":\"search_term_string\"}}],\"inLanguage\":\"pt-BR\"},{\"@type\":\"Person\",\"@id\":\"https:\/\/patrocinados.estadao.com.br\/deloitte-jornada-da-sustentabilidade\/#\/schema\/person\/9be56940425d4f31e0c82015d0fd725f\",\"name\":\"Geosfera\",\"image\":{\"@type\":\"ImageObject\",\"inLanguage\":\"pt-BR\",\"@id\":\"https:\/\/patrocinados.estadao.com.br\/deloitte-jornada-da-sustentabilidade\/#\/schema\/person\/image\/\",\"url\":\"https:\/\/secure.gravatar.com\/avatar\/9d33d40efdce4963188a84bd4777a5f81f7c8e9cfcc15e6853c05f5cfee4c0ab?s=96&d=mm&r=g\",\"contentUrl\":\"https:\/\/secure.gravatar.com\/avatar\/9d33d40efdce4963188a84bd4777a5f81f7c8e9cfcc15e6853c05f5cfee4c0ab?s=96&d=mm&r=g\",\"caption\":\"Geosfera\"},\"sameAs\":[\"http:\/\/geosfera.com.br\"],\"url\":\"https:\/\/patrocinados.estadao.com.br\/deloitte-jornada-da-sustentabilidade\/author\/geosfera_deloitte\/\"}]}<\/script>\n<!-- \/ Yoast SEO plugin. -->","yoast_head_json":{"title":"Empresas definem prioridades e pr\u00e1ticas de gest\u00e3o para 2017 - Jornada da Sustentabilidade, oferecido por Deloitte","robots":{"index":"index","follow":"follow","max-snippet":"max-snippet:-1","max-image-preview":"max-image-preview:large","max-video-preview":"max-video-preview:-1"},"canonical":"https:\/\/patrocinados.estadao.com.br\/deloitte-jornada-da-sustentabilidade\/2016\/11\/22\/empresas-definem-prioridades-e-praticas-de-gestao-para-2017\/","og_locale":"pt_BR","og_type":"article","og_title":"Empresas definem prioridades e pr\u00e1ticas de gest\u00e3o para 2017 - Jornada da Sustentabilidade, oferecido por Deloitte","og_description":"Estudo realizado pela Deloitte aponta que, ap\u00f3s dois anos, gestores come\u00e7am a melhorar suas expectativas em rela\u00e7\u00e3o aos neg\u00f3cios e demonstram inten\u00e7\u00e3o de priorizar a ado\u00e7\u00e3o de melhores pr\u00e1ticas de governan\u00e7a corporativa","og_url":"https:\/\/patrocinados.estadao.com.br\/deloitte-jornada-da-sustentabilidade\/2016\/11\/22\/empresas-definem-prioridades-e-praticas-de-gestao-para-2017\/","og_site_name":"Jornada da Sustentabilidade, oferecido por Deloitte","article_published_time":"2016-11-22T18:06:58+00:00","article_modified_time":"2021-09-20T15:06:36+00:00","og_image":[{"width":932,"height":524,"url":"https:\/\/patrocinados.estadao.com.br\/deloitte-jornada-da-sustentabilidade\/wp-content\/uploads\/2021\/09\/55_932.jpg","type":"image\/jpeg"}],"author":"Geosfera","twitter_card":"summary_large_image","twitter_misc":{"Escrito por":"Geosfera","Est. tempo de leitura":"3 minutos"},"schema":{"@context":"https:\/\/schema.org","@graph":[{"@type":"Article","@id":"https:\/\/patrocinados.estadao.com.br\/deloitte-jornada-da-sustentabilidade\/2016\/11\/22\/empresas-definem-prioridades-e-praticas-de-gestao-para-2017\/#article","isPartOf":{"@id":"https:\/\/patrocinados.estadao.com.br\/deloitte-jornada-da-sustentabilidade\/2016\/11\/22\/empresas-definem-prioridades-e-praticas-de-gestao-para-2017\/"},"author":{"name":"Geosfera","@id":"https:\/\/patrocinados.estadao.com.br\/deloitte-jornada-da-sustentabilidade\/#\/schema\/person\/9be56940425d4f31e0c82015d0fd725f"},"headline":"Empresas definem prioridades e pr\u00e1ticas de gest\u00e3o para 2017","datePublished":"2016-11-22T18:06:58+00:00","dateModified":"2021-09-20T15:06:36+00:00","mainEntityOfPage":{"@id":"https:\/\/patrocinados.estadao.com.br\/deloitte-jornada-da-sustentabilidade\/2016\/11\/22\/empresas-definem-prioridades-e-praticas-de-gestao-para-2017\/"},"wordCount":565,"commentCount":0,"image":{"@id":"https:\/\/patrocinados.estadao.com.br\/deloitte-jornada-da-sustentabilidade\/2016\/11\/22\/empresas-definem-prioridades-e-praticas-de-gestao-para-2017\/#primaryimage"},"thumbnailUrl":"https:\/\/patrocinados.estadao.com.br\/deloitte-jornada-da-sustentabilidade\/wp-content\/uploads\/2021\/09\/55_932.jpg","inLanguage":"pt-BR","potentialAction":[{"@type":"CommentAction","name":"Comment","target":["https:\/\/patrocinados.estadao.com.br\/deloitte-jornada-da-sustentabilidade\/2016\/11\/22\/empresas-definem-prioridades-e-praticas-de-gestao-para-2017\/#respond"]}]},{"@type":"WebPage","@id":"https:\/\/patrocinados.estadao.com.br\/deloitte-jornada-da-sustentabilidade\/2016\/11\/22\/empresas-definem-prioridades-e-praticas-de-gestao-para-2017\/","url":"https:\/\/patrocinados.estadao.com.br\/deloitte-jornada-da-sustentabilidade\/2016\/11\/22\/empresas-definem-prioridades-e-praticas-de-gestao-para-2017\/","name":"Empresas definem prioridades e pr\u00e1ticas de gest\u00e3o para 2017 - Jornada da Sustentabilidade, oferecido por Deloitte","isPartOf":{"@id":"https:\/\/patrocinados.estadao.com.br\/deloitte-jornada-da-sustentabilidade\/#website"},"primaryImageOfPage":{"@id":"https:\/\/patrocinados.estadao.com.br\/deloitte-jornada-da-sustentabilidade\/2016\/11\/22\/empresas-definem-prioridades-e-praticas-de-gestao-para-2017\/#primaryimage"},"image":{"@id":"https:\/\/patrocinados.estadao.com.br\/deloitte-jornada-da-sustentabilidade\/2016\/11\/22\/empresas-definem-prioridades-e-praticas-de-gestao-para-2017\/#primaryimage"},"thumbnailUrl":"https:\/\/patrocinados.estadao.com.br\/deloitte-jornada-da-sustentabilidade\/wp-content\/uploads\/2021\/09\/55_932.jpg","datePublished":"2016-11-22T18:06:58+00:00","dateModified":"2021-09-20T15:06:36+00:00","author":{"@id":"https:\/\/patrocinados.estadao.com.br\/deloitte-jornada-da-sustentabilidade\/#\/schema\/person\/9be56940425d4f31e0c82015d0fd725f"},"breadcrumb":{"@id":"https:\/\/patrocinados.estadao.com.br\/deloitte-jornada-da-sustentabilidade\/2016\/11\/22\/empresas-definem-prioridades-e-praticas-de-gestao-para-2017\/#breadcrumb"},"inLanguage":"pt-BR","potentialAction":[{"@type":"ReadAction","target":["https:\/\/patrocinados.estadao.com.br\/deloitte-jornada-da-sustentabilidade\/2016\/11\/22\/empresas-definem-prioridades-e-praticas-de-gestao-para-2017\/"]}]},{"@type":"ImageObject","inLanguage":"pt-BR","@id":"https:\/\/patrocinados.estadao.com.br\/deloitte-jornada-da-sustentabilidade\/2016\/11\/22\/empresas-definem-prioridades-e-praticas-de-gestao-para-2017\/#primaryimage","url":"https:\/\/patrocinados.estadao.com.br\/deloitte-jornada-da-sustentabilidade\/wp-content\/uploads\/2021\/09\/55_932.jpg","contentUrl":"https:\/\/patrocinados.estadao.com.br\/deloitte-jornada-da-sustentabilidade\/wp-content\/uploads\/2021\/09\/55_932.jpg","width":932,"height":524},{"@type":"BreadcrumbList","@id":"https:\/\/patrocinados.estadao.com.br\/deloitte-jornada-da-sustentabilidade\/2016\/11\/22\/empresas-definem-prioridades-e-praticas-de-gestao-para-2017\/#breadcrumb","itemListElement":[{"@type":"ListItem","position":1,"name":"In\u00edcio","item":"https:\/\/patrocinados.estadao.com.br\/deloitte-jornada-da-sustentabilidade\/"},{"@type":"ListItem","position":2,"name":"Empresas definem prioridades e pr\u00e1ticas de gest\u00e3o para 2017"}]},{"@type":"WebSite","@id":"https:\/\/patrocinados.estadao.com.br\/deloitte-jornada-da-sustentabilidade\/#website","url":"https:\/\/patrocinados.estadao.com.br\/deloitte-jornada-da-sustentabilidade\/","name":"Jornada da Sustentabilidade, oferecido por Deloitte","description":"Solu\u00e7\u00f5es de governan\u00e7a corporativa para seus desafios de neg\u00f3cios","potentialAction":[{"@type":"SearchAction","target":{"@type":"EntryPoint","urlTemplate":"https:\/\/patrocinados.estadao.com.br\/deloitte-jornada-da-sustentabilidade\/?s={search_term_string}"},"query-input":{"@type":"PropertyValueSpecification","valueRequired":true,"valueName":"search_term_string"}}],"inLanguage":"pt-BR"},{"@type":"Person","@id":"https:\/\/patrocinados.estadao.com.br\/deloitte-jornada-da-sustentabilidade\/#\/schema\/person\/9be56940425d4f31e0c82015d0fd725f","name":"Geosfera","image":{"@type":"ImageObject","inLanguage":"pt-BR","@id":"https:\/\/patrocinados.estadao.com.br\/deloitte-jornada-da-sustentabilidade\/#\/schema\/person\/image\/","url":"https:\/\/secure.gravatar.com\/avatar\/9d33d40efdce4963188a84bd4777a5f81f7c8e9cfcc15e6853c05f5cfee4c0ab?s=96&d=mm&r=g","contentUrl":"https:\/\/secure.gravatar.com\/avatar\/9d33d40efdce4963188a84bd4777a5f81f7c8e9cfcc15e6853c05f5cfee4c0ab?s=96&d=mm&r=g","caption":"Geosfera"},"sameAs":["http:\/\/geosfera.com.br"],"url":"https:\/\/patrocinados.estadao.com.br\/deloitte-jornada-da-sustentabilidade\/author\/geosfera_deloitte\/"}]}},"_links":{"self":[{"href":"https:\/\/patrocinados.estadao.com.br\/deloitte-jornada-da-sustentabilidade\/wp-json\/wp\/v2\/posts\/265","targetHints":{"allow":["GET"]}}],"collection":[{"href":"https:\/\/patrocinados.estadao.com.br\/deloitte-jornada-da-sustentabilidade\/wp-json\/wp\/v2\/posts"}],"about":[{"href":"https:\/\/patrocinados.estadao.com.br\/deloitte-jornada-da-sustentabilidade\/wp-json\/wp\/v2\/types\/post"}],"author":[{"embeddable":true,"href":"https:\/\/patrocinados.estadao.com.br\/deloitte-jornada-da-sustentabilidade\/wp-json\/wp\/v2\/users\/2"}],"replies":[{"embeddable":true,"href":"https:\/\/patrocinados.estadao.com.br\/deloitte-jornada-da-sustentabilidade\/wp-json\/wp\/v2\/comments?post=265"}],"version-history":[{"count":1,"href":"https:\/\/patrocinados.estadao.com.br\/deloitte-jornada-da-sustentabilidade\/wp-json\/wp\/v2\/posts\/265\/revisions"}],"predecessor-version":[{"id":1942,"href":"https:\/\/patrocinados.estadao.com.br\/deloitte-jornada-da-sustentabilidade\/wp-json\/wp\/v2\/posts\/265\/revisions\/1942"}],"wp:featuredmedia":[{"embeddable":true,"href":"https:\/\/patrocinados.estadao.com.br\/deloitte-jornada-da-sustentabilidade\/wp-json\/wp\/v2\/media\/1753"}],"wp:attachment":[{"href":"https:\/\/patrocinados.estadao.com.br\/deloitte-jornada-da-sustentabilidade\/wp-json\/wp\/v2\/media?parent=265"}],"wp:term":[{"taxonomy":"category","embeddable":true,"href":"https:\/\/patrocinados.estadao.com.br\/deloitte-jornada-da-sustentabilidade\/wp-json\/wp\/v2\/categories?post=265"},{"taxonomy":"post_tag","embeddable":true,"href":"https:\/\/patrocinados.estadao.com.br\/deloitte-jornada-da-sustentabilidade\/wp-json\/wp\/v2\/tags?post=265"}],"curies":[{"name":"wp","href":"https:\/\/api.w.org\/{rel}","templated":true}]}}