{"id":2625,"date":"2024-12-02T07:59:07","date_gmt":"2024-12-02T10:59:07","guid":{"rendered":"https:\/\/patrocinados.estadao.com.br\/deloitte-esg\/?p=2625"},"modified":"2024-12-04T14:59:58","modified_gmt":"2024-12-04T17:59:58","slug":"premio-equilibrista-patrocinado-pela-deloitte-reconhece-cfos-que-mais-se-destacaram-no-mercado","status":"publish","type":"post","link":"https:\/\/patrocinados.estadao.com.br\/deloitte-jornada-da-sustentabilidade\/2024\/12\/02\/premio-equilibrista-patrocinado-pela-deloitte-reconhece-cfos-que-mais-se-destacaram-no-mercado\/","title":{"rendered":"Pr\u00eamio Equilibrista, patrocinado pela Deloitte, reconhece CFOs que mais se destacaram no mercado"},"content":{"rendered":"<p>Os mais destacados executivos da \u00e1rea de finan\u00e7as no Brasil foram, mais uma vez, reconhecidos pelo Pr\u00eamio Equilibrista. Em sua 41<sup>a<\/sup> edi\u00e7\u00e3o, a premia\u00e7\u00e3o do Instituto Brasileiro de Executivos de Finan\u00e7as de S\u00e3o Paulo (IBEF-SP) elegeu profissionais que sobressa\u00edram no ecossistema financeiro, dentro das iniciativas conduzidas nas suas pr\u00f3prias organiza\u00e7\u00f5es e em suas rela\u00e7\u00f5es com o mercado.<\/p>\n<p>Catia Pereira, que atuou como l\u00edder financeira da Sabesp at\u00e9 outubro de 2024, foi a vencedora do pr\u00eamio e levou o t\u00edtulo de CFO do Ano, em cerim\u00f4nia organizada pelo IBEF-SP em 28 de novembro, que contou, mais uma vez, com o patroc\u00ednio da Deloitte.<\/p>\n<p>Com 30 anos de experi\u00eancia na \u00e1rea financeira e passagem por grandes empresas nacionais e multinacionais, Catia conduziu, enquanto CFO da Sabesp, projetos de implementa\u00e7\u00e3o de Centro de Servi\u00e7os Compartilhados (CSC), de reestrutura\u00e7\u00e3o organizacional e tamb\u00e9m a frente financeira do projeto de desestatiza\u00e7\u00e3o da companhia \u2013 iniciado em 2023 e conclu\u00eddo em julho de 2024.<\/p>\n<p>&nbsp;<\/p>\n<h3><strong>Um projeto ic\u00f4nico<\/strong><\/h3>\n<p>Catia atribui sua vit\u00f3ria justamente ao trabalho realizado no projeto de desestatiza\u00e7\u00e3o da Sabesp, no qual ela conduziu a oferta p\u00fablica de a\u00e7\u00f5es da companhia ao mercado, que resultou em uma capta\u00e7\u00e3o de R$ 14,7 bilh\u00f5es. Foi a maior oferta p\u00fablica de 2024 das Am\u00e9ricas e registrou a maior demanda de investidores institucionais para uma iniciativa do tipo no Brasil, com o terceiro n\u00famero de ordens j\u00e1 feito no Pa\u00eds.<\/p>\n<p>\u201cA companhia concluiu com sucesso um amplo programa de reestrutura\u00e7\u00e3o, alinhando sua estrutura, processos e tecnologia para aumentar a efici\u00eancia operacional. Esse esfor\u00e7o de turnaround ocorreu em paralelo ao processo de desestatiza\u00e7\u00e3o\u201d, destaca Catia. \u201cOs resultados desse trabalho foram significativos, com a empresa registrando consistente crescimento do Ebitda, trimestre a trimestre, mesmo ainda como empresa p\u00fablica. Isso demonstra que a Sabesp conseguiu capturar ganhos de efici\u00eancia durante essa fase de transi\u00e7\u00e3o\u201d, explica.<\/p>\n<p>&nbsp;<\/p>\n<h3><strong>Gest\u00e3o de custos eficaz<\/strong><\/h3>\n<p>Para a vencedora do Pr\u00eamio Equilibrista 2024, existem alguns segredos para o equil\u00edbrio financeiro em uma \u00e9poca de grandes desafios. \u201cA gest\u00e3o de custos eficaz \u00e9 um pilar fundamental para a sustentabilidade financeira, alcan\u00e7ada por meio de ganhos de produtividade e de uma administra\u00e7\u00e3o estrat\u00e9gica da cadeia de fornecedores. Essas a\u00e7\u00f5es otimizam o fluxo de caixa operacional, reduzindo a depend\u00eancia de aloca\u00e7\u00e3o de capital, especialmente em um cen\u00e1rio de altas taxas de juros. Isso representa um custo significativo e uma press\u00e3o de aumento de pre\u00e7o, que pode comprometer margem e crescimento da empresa\u201d, relaciona a executiva.<\/p>\n<p>Catia lembra ainda de outros aspectos, como a aloca\u00e7\u00e3o cuidadosa em novos investimentos, priorizando a preserva\u00e7\u00e3o da liquidez da empresa, al\u00e9m da manuten\u00e7\u00e3o de uma base s\u00f3lida de caixa. Para ela, essa abordagem \u00e9 crucial para enfrentar imprevistos e aproveitar oportunidades de mercado.<\/p>\n<p>\u201cA fideliza\u00e7\u00e3o de clientes \u00e9 outro fator-chave para garantir receita recorrente, enquanto a inova\u00e7\u00e3o cont\u00ednua assegura a competitividade a longo prazo. Somente por meio de uma gest\u00e3o integrada de custos, inova\u00e7\u00e3o e relacionamento com o cliente \u00e9 poss\u00edvel construir uma base robusta e sustentada para o crescimento da organiza\u00e7\u00e3o\u201d, afirma.<\/p>\n<div id=\"attachment_2628\" style=\"width: 1034px\" class=\"wp-caption aligncenter\"><img loading=\"lazy\" decoding=\"async\" aria-describedby=\"caption-attachment-2628\" class=\"wp-image-2628 size-large\" src=\"https:\/\/patrocinados.estadao.com.br\/deloitte-esg\/wp-content\/uploads\/2024\/12\/Foto-Catia-Pereira-com-trofeu-Equilibrista-1024x683.jpg\" alt=\"\" width=\"1024\" height=\"683\" srcset=\"https:\/\/patrocinados.estadao.com.br\/deloitte-jornada-da-sustentabilidade\/wp-content\/uploads\/2024\/12\/Foto-Catia-Pereira-com-trofeu-Equilibrista-1024x683.jpg 1024w, https:\/\/patrocinados.estadao.com.br\/deloitte-jornada-da-sustentabilidade\/wp-content\/uploads\/2024\/12\/Foto-Catia-Pereira-com-trofeu-Equilibrista-300x200.jpg 300w, https:\/\/patrocinados.estadao.com.br\/deloitte-jornada-da-sustentabilidade\/wp-content\/uploads\/2024\/12\/Foto-Catia-Pereira-com-trofeu-Equilibrista-768x512.jpg 768w, https:\/\/patrocinados.estadao.com.br\/deloitte-jornada-da-sustentabilidade\/wp-content\/uploads\/2024\/12\/Foto-Catia-Pereira-com-trofeu-Equilibrista-1536x1024.jpg 1536w, https:\/\/patrocinados.estadao.com.br\/deloitte-jornada-da-sustentabilidade\/wp-content\/uploads\/2024\/12\/Foto-Catia-Pereira-com-trofeu-Equilibrista-2048x1365.jpg 2048w, https:\/\/patrocinados.estadao.com.br\/deloitte-jornada-da-sustentabilidade\/wp-content\/uploads\/2024\/12\/Foto-Catia-Pereira-com-trofeu-Equilibrista-233x155.jpg 233w, https:\/\/patrocinados.estadao.com.br\/deloitte-jornada-da-sustentabilidade\/wp-content\/uploads\/2024\/12\/Foto-Catia-Pereira-com-trofeu-Equilibrista-850x567.jpg 850w, https:\/\/patrocinados.estadao.com.br\/deloitte-jornada-da-sustentabilidade\/wp-content\/uploads\/2024\/12\/Foto-Catia-Pereira-com-trofeu-Equilibrista-1400x933.jpg 1400w\" sizes=\"auto, (max-width: 1024px) 100vw, 1024px\" \/><p id=\"caption-attachment-2628\" class=\"wp-caption-text\">A vencedora da edi\u00e7\u00e3o 2024, Catia Pereira, foi reconhecida pela sua atua\u00e7\u00e3o como CFO da Sabesp<\/p><\/div>\n<p><strong>\u00a0<\/strong><\/p>\n<h3><strong>Tecnologia e estrat\u00e9gia<\/strong><\/h3>\n<p>Em um mundo em constante transforma\u00e7\u00e3o e com novas tecnologias emergindo, desafios geracionais e novas habilidades exigidas, Catia acredita que os CFOs devem liderar com vis\u00e3o estrat\u00e9gica. \u201cA busca por crescimento sustent\u00e1vel em um mundo altamente conectado e sem fronteiras exige que olhemos para al\u00e9m dos n\u00fameros. Por isso, foque nos fundamentos e invista nas pessoas, pois \u00e9 por meio delas que ocorre a verdadeira transforma\u00e7\u00e3o, seja tecnol\u00f3gica ou social\u201d, diz ela.<\/p>\n<p>\u201cAo integrar IA e ESG \u00e0 estrat\u00e9gia financeira, essas siglas deixam de ser apenas conceitos ou obriga\u00e7\u00f5es, tornando-se pilares da realidade organizacional, com impactos profundos e duradouros. Liderar nessa dire\u00e7\u00e3o garantir\u00e1 n\u00e3o apenas a continuidade, mas tamb\u00e9m o sucesso a longo prazo\u201d, finaliza a executiva.<\/p>\n<p>Foram tamb\u00e9m indicados entre os finalistas desta edi\u00e7\u00e3o do pr\u00eamio o CFO da Embraer, Antonio Garcia, e o ex-CFO e atual CEO da Vale, Gustavo Pimenta.<\/p>\n<h3><strong>Garcia, da Embraer: \u2018A gente acredita no que faz\u2019<\/strong><\/h3>\n<p><strong>\u00a0<\/strong>Este canal da Deloitte no <strong>Estad\u00e3o<\/strong> ainda com o <u>vice-presidente<\/u> financeiro da Embraer, Antonio Garcia, tamb\u00e9m finalista do Pr\u00eamio Equilibrista. Ele disse que sua indica\u00e7\u00e3o foi fruto de um intenso trabalho financeiro, sobretudo baseado em confian\u00e7a na empresa e nos seus times.<\/p>\n<p>\u201cSomos bem ambiciosos em tudo que fazemos dentro de casa. A gente acredita no que faz. Focamos muito em cultura, e a cultura da Embraer tem v\u00e1rios pilares. Um deles \u00e9 a responsabilidade pelos resultados da companhia\u201d, destaca. \u201cA base dessa cultura \u00e9: tudo que fazemos tem que ter qualidade e seguran\u00e7a. Ent\u00e3o, temos metas muito claras e seguimos aquilo com muita disciplina. Investimentos, aumento de capacidade, e o compromisso com os resultados, com o mercado.\u201d<\/p>\n<p>De acordo com ele, entre os pontos positivos de sua gest\u00e3o, est\u00e1 a elimina\u00e7\u00e3o dos \u201caltos e baixos\u201d no desempenho da companhia. \u201cHoje, temos uma consist\u00eancia de resultados. Voc\u00ea v\u00ea a receita crescendo todo ano, v\u00ea o resultado crescendo, gerando caixa. Ent\u00e3o, \u00e9 isso que tem trazido essa aten\u00e7\u00e3o para a Embraer, que \u00e9 uma ind\u00fastria de ciclo longo. Se voc\u00ea perguntar para os colaboradores da f\u00e1brica, eles sabem dos resultados, eles s\u00e3o informados sobre o que est\u00e1 bom, o que n\u00e3o est\u00e1.\u201d<\/p>\n<p>De acordo com Garcia, o momento p\u00f3s-crise e o pr\u00f3prio crescimento da companhia impuseram novos desafios. \u201cA exig\u00eancia \u00e9 maior. A gente continua com o cinto apertado, buscando efici\u00eancia, porque a gente est\u00e1 preparando a Embraer para os pr\u00f3ximos dez, vinte anos\u201d, completa o executivo.<\/p>\n<div id=\"attachment_2630\" style=\"width: 1034px\" class=\"wp-caption aligncenter\"><img loading=\"lazy\" decoding=\"async\" aria-describedby=\"caption-attachment-2630\" class=\"wp-image-2630 size-large\" src=\"https:\/\/patrocinados.estadao.com.br\/deloitte-esg\/wp-content\/uploads\/2024\/12\/Foto-Ronaldo-Fragoso-com-Finalistas-1024x683.jpg\" alt=\"\" width=\"1024\" height=\"683\" srcset=\"https:\/\/patrocinados.estadao.com.br\/deloitte-jornada-da-sustentabilidade\/wp-content\/uploads\/2024\/12\/Foto-Ronaldo-Fragoso-com-Finalistas-1024x683.jpg 1024w, https:\/\/patrocinados.estadao.com.br\/deloitte-jornada-da-sustentabilidade\/wp-content\/uploads\/2024\/12\/Foto-Ronaldo-Fragoso-com-Finalistas-300x200.jpg 300w, https:\/\/patrocinados.estadao.com.br\/deloitte-jornada-da-sustentabilidade\/wp-content\/uploads\/2024\/12\/Foto-Ronaldo-Fragoso-com-Finalistas-768x512.jpg 768w, https:\/\/patrocinados.estadao.com.br\/deloitte-jornada-da-sustentabilidade\/wp-content\/uploads\/2024\/12\/Foto-Ronaldo-Fragoso-com-Finalistas-1536x1024.jpg 1536w, https:\/\/patrocinados.estadao.com.br\/deloitte-jornada-da-sustentabilidade\/wp-content\/uploads\/2024\/12\/Foto-Ronaldo-Fragoso-com-Finalistas-2048x1365.jpg 2048w, https:\/\/patrocinados.estadao.com.br\/deloitte-jornada-da-sustentabilidade\/wp-content\/uploads\/2024\/12\/Foto-Ronaldo-Fragoso-com-Finalistas-233x155.jpg 233w, https:\/\/patrocinados.estadao.com.br\/deloitte-jornada-da-sustentabilidade\/wp-content\/uploads\/2024\/12\/Foto-Ronaldo-Fragoso-com-Finalistas-850x567.jpg 850w, https:\/\/patrocinados.estadao.com.br\/deloitte-jornada-da-sustentabilidade\/wp-content\/uploads\/2024\/12\/Foto-Ronaldo-Fragoso-com-Finalistas-1400x933.jpg 1400w\" sizes=\"auto, (max-width: 1024px) 100vw, 1024px\" \/><p id=\"caption-attachment-2630\" class=\"wp-caption-text\">Antonio Garcia, da Embraer (primeiro \u00e0 esquerda), Catia Pereira e Ronaldo Fragoso, Chief Growth Officer da Deloitte<\/p><\/div>\n","protected":false},"excerpt":{"rendered":"<p>Os mais destacados executivos da \u00e1rea de finan\u00e7as no Brasil foram, mais uma vez, reconhecidos pelo Pr\u00eamio Equilibrista. Em sua 41a edi\u00e7\u00e3o, a premia\u00e7\u00e3o do Instituto Brasileiro de Executivos de Finan\u00e7as de S\u00e3o Paulo (IBEF-SP) elegeu profissionais que sobressa\u00edram no ecossistema financeiro, dentro das iniciativas conduzidas nas suas pr\u00f3prias organiza\u00e7\u00f5es e em suas rela\u00e7\u00f5es com [&hellip;]<\/p>\n","protected":false},"author":8,"featured_media":2630,"comment_status":"open","ping_status":"closed","sticky":false,"template":"","format":"standard","meta":{"_acf_changed":false,"footnotes":""},"categories":[79],"tags":[102,98,101,99,97,100],"class_list":["post-2625","post","type-post","status-publish","format-standard","has-post-thumbnail","hentry","category-premiacao","tag-cfo","tag-deloite","tag-embraer","tag-ibef-sp","tag-premio-equilibrista","tag-sabesp"],"acf":[],"yoast_head":"<!-- This site is optimized with the Yoast SEO plugin v27.1.1 - https:\/\/yoast.com\/product\/yoast-seo-wordpress\/ -->\n<title>Pr\u00eamio Equilibrista, patrocinado pela Deloitte, reconhece CFOs que mais se destacaram no mercado - Jornada da Sustentabilidade, oferecido por Deloitte<\/title>\n<meta name=\"robots\" content=\"index, follow, max-snippet:-1, max-image-preview:large, max-video-preview:-1\" \/>\n<link rel=\"canonical\" href=\"https:\/\/patrocinados.estadao.com.br\/deloitte-jornada-da-sustentabilidade\/2024\/12\/02\/premio-equilibrista-patrocinado-pela-deloitte-reconhece-cfos-que-mais-se-destacaram-no-mercado\/\" \/>\n<meta property=\"og:locale\" content=\"pt_BR\" \/>\n<meta property=\"og:type\" content=\"article\" \/>\n<meta property=\"og:title\" content=\"Pr\u00eamio Equilibrista, patrocinado pela Deloitte, reconhece CFOs que mais se destacaram no mercado - Jornada da Sustentabilidade, oferecido por Deloitte\" \/>\n<meta property=\"og:description\" content=\"Os mais destacados executivos da \u00e1rea de finan\u00e7as no Brasil foram, mais uma vez, reconhecidos pelo Pr\u00eamio Equilibrista. Em sua 41a edi\u00e7\u00e3o, a premia\u00e7\u00e3o do Instituto Brasileiro de Executivos de Finan\u00e7as de S\u00e3o Paulo (IBEF-SP) elegeu profissionais que sobressa\u00edram no ecossistema financeiro, dentro das iniciativas conduzidas nas suas pr\u00f3prias organiza\u00e7\u00f5es e em suas rela\u00e7\u00f5es com [&hellip;]\" \/>\n<meta property=\"og:url\" content=\"https:\/\/patrocinados.estadao.com.br\/deloitte-jornada-da-sustentabilidade\/2024\/12\/02\/premio-equilibrista-patrocinado-pela-deloitte-reconhece-cfos-que-mais-se-destacaram-no-mercado\/\" \/>\n<meta property=\"og:site_name\" content=\"Jornada da Sustentabilidade, oferecido por Deloitte\" \/>\n<meta property=\"article:published_time\" content=\"2024-12-02T10:59:07+00:00\" \/>\n<meta property=\"article:modified_time\" content=\"2024-12-04T17:59:58+00:00\" \/>\n<meta property=\"og:image\" content=\"https:\/\/patrocinados.estadao.com.br\/deloitte-jornada-da-sustentabilidade\/wp-content\/uploads\/2024\/12\/Foto-Ronaldo-Fragoso-com-Finalistas-scaled.jpg\" \/>\n\t<meta property=\"og:image:width\" content=\"2560\" \/>\n\t<meta property=\"og:image:height\" content=\"1707\" \/>\n\t<meta property=\"og:image:type\" content=\"image\/jpeg\" \/>\n<meta name=\"author\" content=\"blue_studio\" \/>\n<meta name=\"twitter:card\" content=\"summary_large_image\" \/>\n<meta name=\"twitter:label1\" content=\"Escrito por\" \/>\n\t<meta name=\"twitter:data1\" content=\"blue_studio\" \/>\n\t<meta name=\"twitter:label2\" content=\"Est. tempo de leitura\" \/>\n\t<meta name=\"twitter:data2\" content=\"6 minutos\" \/>\n<script type=\"application\/ld+json\" class=\"yoast-schema-graph\">{\"@context\":\"https:\/\/schema.org\",\"@graph\":[{\"@type\":\"Article\",\"@id\":\"https:\/\/patrocinados.estadao.com.br\/deloitte-jornada-da-sustentabilidade\/2024\/12\/02\/premio-equilibrista-patrocinado-pela-deloitte-reconhece-cfos-que-mais-se-destacaram-no-mercado\/#article\",\"isPartOf\":{\"@id\":\"https:\/\/patrocinados.estadao.com.br\/deloitte-jornada-da-sustentabilidade\/2024\/12\/02\/premio-equilibrista-patrocinado-pela-deloitte-reconhece-cfos-que-mais-se-destacaram-no-mercado\/\"},\"author\":{\"name\":\"blue_studio\",\"@id\":\"https:\/\/patrocinados.estadao.com.br\/deloitte-jornada-da-sustentabilidade\/#\/schema\/person\/60071a239fb5b5bc3d3d88cb8f6170a6\"},\"headline\":\"Pr\u00eamio Equilibrista, patrocinado pela Deloitte, reconhece CFOs que mais se destacaram no mercado\",\"datePublished\":\"2024-12-02T10:59:07+00:00\",\"dateModified\":\"2024-12-04T17:59:58+00:00\",\"mainEntityOfPage\":{\"@id\":\"https:\/\/patrocinados.estadao.com.br\/deloitte-jornada-da-sustentabilidade\/2024\/12\/02\/premio-equilibrista-patrocinado-pela-deloitte-reconhece-cfos-que-mais-se-destacaram-no-mercado\/\"},\"wordCount\":1043,\"commentCount\":0,\"image\":{\"@id\":\"https:\/\/patrocinados.estadao.com.br\/deloitte-jornada-da-sustentabilidade\/2024\/12\/02\/premio-equilibrista-patrocinado-pela-deloitte-reconhece-cfos-que-mais-se-destacaram-no-mercado\/#primaryimage\"},\"thumbnailUrl\":\"https:\/\/patrocinados.estadao.com.br\/deloitte-jornada-da-sustentabilidade\/wp-content\/uploads\/2024\/12\/Foto-Ronaldo-Fragoso-com-Finalistas-scaled.jpg\",\"keywords\":[\"CFO\",\"Deloite\",\"Embraer\",\"IBEF-SP\",\"Pr\u00eamio Equilibrista\",\"Sabesp\"],\"articleSection\":[\"Premia\u00e7\u00e3o\"],\"inLanguage\":\"pt-BR\",\"potentialAction\":[{\"@type\":\"CommentAction\",\"name\":\"Comment\",\"target\":[\"https:\/\/patrocinados.estadao.com.br\/deloitte-jornada-da-sustentabilidade\/2024\/12\/02\/premio-equilibrista-patrocinado-pela-deloitte-reconhece-cfos-que-mais-se-destacaram-no-mercado\/#respond\"]}]},{\"@type\":\"WebPage\",\"@id\":\"https:\/\/patrocinados.estadao.com.br\/deloitte-jornada-da-sustentabilidade\/2024\/12\/02\/premio-equilibrista-patrocinado-pela-deloitte-reconhece-cfos-que-mais-se-destacaram-no-mercado\/\",\"url\":\"https:\/\/patrocinados.estadao.com.br\/deloitte-jornada-da-sustentabilidade\/2024\/12\/02\/premio-equilibrista-patrocinado-pela-deloitte-reconhece-cfos-que-mais-se-destacaram-no-mercado\/\",\"name\":\"Pr\u00eamio Equilibrista, patrocinado pela Deloitte, reconhece CFOs que mais se destacaram no mercado - Jornada da Sustentabilidade, oferecido por Deloitte\",\"isPartOf\":{\"@id\":\"https:\/\/patrocinados.estadao.com.br\/deloitte-jornada-da-sustentabilidade\/#website\"},\"primaryImageOfPage\":{\"@id\":\"https:\/\/patrocinados.estadao.com.br\/deloitte-jornada-da-sustentabilidade\/2024\/12\/02\/premio-equilibrista-patrocinado-pela-deloitte-reconhece-cfos-que-mais-se-destacaram-no-mercado\/#primaryimage\"},\"image\":{\"@id\":\"https:\/\/patrocinados.estadao.com.br\/deloitte-jornada-da-sustentabilidade\/2024\/12\/02\/premio-equilibrista-patrocinado-pela-deloitte-reconhece-cfos-que-mais-se-destacaram-no-mercado\/#primaryimage\"},\"thumbnailUrl\":\"https:\/\/patrocinados.estadao.com.br\/deloitte-jornada-da-sustentabilidade\/wp-content\/uploads\/2024\/12\/Foto-Ronaldo-Fragoso-com-Finalistas-scaled.jpg\",\"datePublished\":\"2024-12-02T10:59:07+00:00\",\"dateModified\":\"2024-12-04T17:59:58+00:00\",\"author\":{\"@id\":\"https:\/\/patrocinados.estadao.com.br\/deloitte-jornada-da-sustentabilidade\/#\/schema\/person\/60071a239fb5b5bc3d3d88cb8f6170a6\"},\"breadcrumb\":{\"@id\":\"https:\/\/patrocinados.estadao.com.br\/deloitte-jornada-da-sustentabilidade\/2024\/12\/02\/premio-equilibrista-patrocinado-pela-deloitte-reconhece-cfos-que-mais-se-destacaram-no-mercado\/#breadcrumb\"},\"inLanguage\":\"pt-BR\",\"potentialAction\":[{\"@type\":\"ReadAction\",\"target\":[\"https:\/\/patrocinados.estadao.com.br\/deloitte-jornada-da-sustentabilidade\/2024\/12\/02\/premio-equilibrista-patrocinado-pela-deloitte-reconhece-cfos-que-mais-se-destacaram-no-mercado\/\"]}]},{\"@type\":\"ImageObject\",\"inLanguage\":\"pt-BR\",\"@id\":\"https:\/\/patrocinados.estadao.com.br\/deloitte-jornada-da-sustentabilidade\/2024\/12\/02\/premio-equilibrista-patrocinado-pela-deloitte-reconhece-cfos-que-mais-se-destacaram-no-mercado\/#primaryimage\",\"url\":\"https:\/\/patrocinados.estadao.com.br\/deloitte-jornada-da-sustentabilidade\/wp-content\/uploads\/2024\/12\/Foto-Ronaldo-Fragoso-com-Finalistas-scaled.jpg\",\"contentUrl\":\"https:\/\/patrocinados.estadao.com.br\/deloitte-jornada-da-sustentabilidade\/wp-content\/uploads\/2024\/12\/Foto-Ronaldo-Fragoso-com-Finalistas-scaled.jpg\",\"width\":2560,\"height\":1707,\"caption\":\"Antonio Garcia, da Embraer (primeiro \u00e0 esquerda), Catia Pereira e Ronaldo Fragoso, Chief Growth Officer da Deloitte\"},{\"@type\":\"BreadcrumbList\",\"@id\":\"https:\/\/patrocinados.estadao.com.br\/deloitte-jornada-da-sustentabilidade\/2024\/12\/02\/premio-equilibrista-patrocinado-pela-deloitte-reconhece-cfos-que-mais-se-destacaram-no-mercado\/#breadcrumb\",\"itemListElement\":[{\"@type\":\"ListItem\",\"position\":1,\"name\":\"In\u00edcio\",\"item\":\"https:\/\/patrocinados.estadao.com.br\/deloitte-jornada-da-sustentabilidade\/\"},{\"@type\":\"ListItem\",\"position\":2,\"name\":\"Pr\u00eamio Equilibrista, patrocinado pela Deloitte, reconhece CFOs que mais se destacaram no mercado\"}]},{\"@type\":\"WebSite\",\"@id\":\"https:\/\/patrocinados.estadao.com.br\/deloitte-jornada-da-sustentabilidade\/#website\",\"url\":\"https:\/\/patrocinados.estadao.com.br\/deloitte-jornada-da-sustentabilidade\/\",\"name\":\"Jornada da Sustentabilidade, oferecido por Deloitte\",\"description\":\"Solu\u00e7\u00f5es de governan\u00e7a corporativa para seus desafios de neg\u00f3cios\",\"potentialAction\":[{\"@type\":\"SearchAction\",\"target\":{\"@type\":\"EntryPoint\",\"urlTemplate\":\"https:\/\/patrocinados.estadao.com.br\/deloitte-jornada-da-sustentabilidade\/?s={search_term_string}\"},\"query-input\":{\"@type\":\"PropertyValueSpecification\",\"valueRequired\":true,\"valueName\":\"search_term_string\"}}],\"inLanguage\":\"pt-BR\"},{\"@type\":\"Person\",\"@id\":\"https:\/\/patrocinados.estadao.com.br\/deloitte-jornada-da-sustentabilidade\/#\/schema\/person\/60071a239fb5b5bc3d3d88cb8f6170a6\",\"name\":\"blue_studio\",\"image\":{\"@type\":\"ImageObject\",\"inLanguage\":\"pt-BR\",\"@id\":\"https:\/\/patrocinados.estadao.com.br\/deloitte-jornada-da-sustentabilidade\/#\/schema\/person\/image\/\",\"url\":\"https:\/\/secure.gravatar.com\/avatar\/193f77a26bfc1ca843b87f20fda6efd0c212628ecc58a5c9f31ba0b89d013b17?s=96&d=mm&r=g\",\"contentUrl\":\"https:\/\/secure.gravatar.com\/avatar\/193f77a26bfc1ca843b87f20fda6efd0c212628ecc58a5c9f31ba0b89d013b17?s=96&d=mm&r=g\",\"caption\":\"blue_studio\"},\"url\":\"https:\/\/patrocinados.estadao.com.br\/deloitte-jornada-da-sustentabilidade\/author\/blue_studio\/\"}]}<\/script>\n<!-- \/ Yoast SEO plugin. -->","yoast_head_json":{"title":"Pr\u00eamio Equilibrista, patrocinado pela Deloitte, reconhece CFOs que mais se destacaram no mercado - Jornada da Sustentabilidade, oferecido por Deloitte","robots":{"index":"index","follow":"follow","max-snippet":"max-snippet:-1","max-image-preview":"max-image-preview:large","max-video-preview":"max-video-preview:-1"},"canonical":"https:\/\/patrocinados.estadao.com.br\/deloitte-jornada-da-sustentabilidade\/2024\/12\/02\/premio-equilibrista-patrocinado-pela-deloitte-reconhece-cfos-que-mais-se-destacaram-no-mercado\/","og_locale":"pt_BR","og_type":"article","og_title":"Pr\u00eamio Equilibrista, patrocinado pela Deloitte, reconhece CFOs que mais se destacaram no mercado - Jornada da Sustentabilidade, oferecido por Deloitte","og_description":"Os mais destacados executivos da \u00e1rea de finan\u00e7as no Brasil foram, mais uma vez, reconhecidos pelo Pr\u00eamio Equilibrista. Em sua 41a edi\u00e7\u00e3o, a premia\u00e7\u00e3o do Instituto Brasileiro de Executivos de Finan\u00e7as de S\u00e3o Paulo (IBEF-SP) elegeu profissionais que sobressa\u00edram no ecossistema financeiro, dentro das iniciativas conduzidas nas suas pr\u00f3prias organiza\u00e7\u00f5es e em suas rela\u00e7\u00f5es com [&hellip;]","og_url":"https:\/\/patrocinados.estadao.com.br\/deloitte-jornada-da-sustentabilidade\/2024\/12\/02\/premio-equilibrista-patrocinado-pela-deloitte-reconhece-cfos-que-mais-se-destacaram-no-mercado\/","og_site_name":"Jornada da Sustentabilidade, oferecido por Deloitte","article_published_time":"2024-12-02T10:59:07+00:00","article_modified_time":"2024-12-04T17:59:58+00:00","og_image":[{"width":2560,"height":1707,"url":"https:\/\/patrocinados.estadao.com.br\/deloitte-jornada-da-sustentabilidade\/wp-content\/uploads\/2024\/12\/Foto-Ronaldo-Fragoso-com-Finalistas-scaled.jpg","type":"image\/jpeg"}],"author":"blue_studio","twitter_card":"summary_large_image","twitter_misc":{"Escrito por":"blue_studio","Est. tempo de leitura":"6 minutos"},"schema":{"@context":"https:\/\/schema.org","@graph":[{"@type":"Article","@id":"https:\/\/patrocinados.estadao.com.br\/deloitte-jornada-da-sustentabilidade\/2024\/12\/02\/premio-equilibrista-patrocinado-pela-deloitte-reconhece-cfos-que-mais-se-destacaram-no-mercado\/#article","isPartOf":{"@id":"https:\/\/patrocinados.estadao.com.br\/deloitte-jornada-da-sustentabilidade\/2024\/12\/02\/premio-equilibrista-patrocinado-pela-deloitte-reconhece-cfos-que-mais-se-destacaram-no-mercado\/"},"author":{"name":"blue_studio","@id":"https:\/\/patrocinados.estadao.com.br\/deloitte-jornada-da-sustentabilidade\/#\/schema\/person\/60071a239fb5b5bc3d3d88cb8f6170a6"},"headline":"Pr\u00eamio Equilibrista, patrocinado pela Deloitte, reconhece CFOs que mais se destacaram no mercado","datePublished":"2024-12-02T10:59:07+00:00","dateModified":"2024-12-04T17:59:58+00:00","mainEntityOfPage":{"@id":"https:\/\/patrocinados.estadao.com.br\/deloitte-jornada-da-sustentabilidade\/2024\/12\/02\/premio-equilibrista-patrocinado-pela-deloitte-reconhece-cfos-que-mais-se-destacaram-no-mercado\/"},"wordCount":1043,"commentCount":0,"image":{"@id":"https:\/\/patrocinados.estadao.com.br\/deloitte-jornada-da-sustentabilidade\/2024\/12\/02\/premio-equilibrista-patrocinado-pela-deloitte-reconhece-cfos-que-mais-se-destacaram-no-mercado\/#primaryimage"},"thumbnailUrl":"https:\/\/patrocinados.estadao.com.br\/deloitte-jornada-da-sustentabilidade\/wp-content\/uploads\/2024\/12\/Foto-Ronaldo-Fragoso-com-Finalistas-scaled.jpg","keywords":["CFO","Deloite","Embraer","IBEF-SP","Pr\u00eamio Equilibrista","Sabesp"],"articleSection":["Premia\u00e7\u00e3o"],"inLanguage":"pt-BR","potentialAction":[{"@type":"CommentAction","name":"Comment","target":["https:\/\/patrocinados.estadao.com.br\/deloitte-jornada-da-sustentabilidade\/2024\/12\/02\/premio-equilibrista-patrocinado-pela-deloitte-reconhece-cfos-que-mais-se-destacaram-no-mercado\/#respond"]}]},{"@type":"WebPage","@id":"https:\/\/patrocinados.estadao.com.br\/deloitte-jornada-da-sustentabilidade\/2024\/12\/02\/premio-equilibrista-patrocinado-pela-deloitte-reconhece-cfos-que-mais-se-destacaram-no-mercado\/","url":"https:\/\/patrocinados.estadao.com.br\/deloitte-jornada-da-sustentabilidade\/2024\/12\/02\/premio-equilibrista-patrocinado-pela-deloitte-reconhece-cfos-que-mais-se-destacaram-no-mercado\/","name":"Pr\u00eamio Equilibrista, patrocinado pela Deloitte, reconhece CFOs que mais se destacaram no mercado - Jornada da Sustentabilidade, oferecido por Deloitte","isPartOf":{"@id":"https:\/\/patrocinados.estadao.com.br\/deloitte-jornada-da-sustentabilidade\/#website"},"primaryImageOfPage":{"@id":"https:\/\/patrocinados.estadao.com.br\/deloitte-jornada-da-sustentabilidade\/2024\/12\/02\/premio-equilibrista-patrocinado-pela-deloitte-reconhece-cfos-que-mais-se-destacaram-no-mercado\/#primaryimage"},"image":{"@id":"https:\/\/patrocinados.estadao.com.br\/deloitte-jornada-da-sustentabilidade\/2024\/12\/02\/premio-equilibrista-patrocinado-pela-deloitte-reconhece-cfos-que-mais-se-destacaram-no-mercado\/#primaryimage"},"thumbnailUrl":"https:\/\/patrocinados.estadao.com.br\/deloitte-jornada-da-sustentabilidade\/wp-content\/uploads\/2024\/12\/Foto-Ronaldo-Fragoso-com-Finalistas-scaled.jpg","datePublished":"2024-12-02T10:59:07+00:00","dateModified":"2024-12-04T17:59:58+00:00","author":{"@id":"https:\/\/patrocinados.estadao.com.br\/deloitte-jornada-da-sustentabilidade\/#\/schema\/person\/60071a239fb5b5bc3d3d88cb8f6170a6"},"breadcrumb":{"@id":"https:\/\/patrocinados.estadao.com.br\/deloitte-jornada-da-sustentabilidade\/2024\/12\/02\/premio-equilibrista-patrocinado-pela-deloitte-reconhece-cfos-que-mais-se-destacaram-no-mercado\/#breadcrumb"},"inLanguage":"pt-BR","potentialAction":[{"@type":"ReadAction","target":["https:\/\/patrocinados.estadao.com.br\/deloitte-jornada-da-sustentabilidade\/2024\/12\/02\/premio-equilibrista-patrocinado-pela-deloitte-reconhece-cfos-que-mais-se-destacaram-no-mercado\/"]}]},{"@type":"ImageObject","inLanguage":"pt-BR","@id":"https:\/\/patrocinados.estadao.com.br\/deloitte-jornada-da-sustentabilidade\/2024\/12\/02\/premio-equilibrista-patrocinado-pela-deloitte-reconhece-cfos-que-mais-se-destacaram-no-mercado\/#primaryimage","url":"https:\/\/patrocinados.estadao.com.br\/deloitte-jornada-da-sustentabilidade\/wp-content\/uploads\/2024\/12\/Foto-Ronaldo-Fragoso-com-Finalistas-scaled.jpg","contentUrl":"https:\/\/patrocinados.estadao.com.br\/deloitte-jornada-da-sustentabilidade\/wp-content\/uploads\/2024\/12\/Foto-Ronaldo-Fragoso-com-Finalistas-scaled.jpg","width":2560,"height":1707,"caption":"Antonio Garcia, da Embraer (primeiro \u00e0 esquerda), Catia Pereira e Ronaldo Fragoso, Chief Growth Officer da Deloitte"},{"@type":"BreadcrumbList","@id":"https:\/\/patrocinados.estadao.com.br\/deloitte-jornada-da-sustentabilidade\/2024\/12\/02\/premio-equilibrista-patrocinado-pela-deloitte-reconhece-cfos-que-mais-se-destacaram-no-mercado\/#breadcrumb","itemListElement":[{"@type":"ListItem","position":1,"name":"In\u00edcio","item":"https:\/\/patrocinados.estadao.com.br\/deloitte-jornada-da-sustentabilidade\/"},{"@type":"ListItem","position":2,"name":"Pr\u00eamio Equilibrista, patrocinado pela Deloitte, reconhece CFOs que mais se destacaram no mercado"}]},{"@type":"WebSite","@id":"https:\/\/patrocinados.estadao.com.br\/deloitte-jornada-da-sustentabilidade\/#website","url":"https:\/\/patrocinados.estadao.com.br\/deloitte-jornada-da-sustentabilidade\/","name":"Jornada da Sustentabilidade, oferecido por Deloitte","description":"Solu\u00e7\u00f5es de governan\u00e7a corporativa para seus desafios de neg\u00f3cios","potentialAction":[{"@type":"SearchAction","target":{"@type":"EntryPoint","urlTemplate":"https:\/\/patrocinados.estadao.com.br\/deloitte-jornada-da-sustentabilidade\/?s={search_term_string}"},"query-input":{"@type":"PropertyValueSpecification","valueRequired":true,"valueName":"search_term_string"}}],"inLanguage":"pt-BR"},{"@type":"Person","@id":"https:\/\/patrocinados.estadao.com.br\/deloitte-jornada-da-sustentabilidade\/#\/schema\/person\/60071a239fb5b5bc3d3d88cb8f6170a6","name":"blue_studio","image":{"@type":"ImageObject","inLanguage":"pt-BR","@id":"https:\/\/patrocinados.estadao.com.br\/deloitte-jornada-da-sustentabilidade\/#\/schema\/person\/image\/","url":"https:\/\/secure.gravatar.com\/avatar\/193f77a26bfc1ca843b87f20fda6efd0c212628ecc58a5c9f31ba0b89d013b17?s=96&d=mm&r=g","contentUrl":"https:\/\/secure.gravatar.com\/avatar\/193f77a26bfc1ca843b87f20fda6efd0c212628ecc58a5c9f31ba0b89d013b17?s=96&d=mm&r=g","caption":"blue_studio"},"url":"https:\/\/patrocinados.estadao.com.br\/deloitte-jornada-da-sustentabilidade\/author\/blue_studio\/"}]}},"_links":{"self":[{"href":"https:\/\/patrocinados.estadao.com.br\/deloitte-jornada-da-sustentabilidade\/wp-json\/wp\/v2\/posts\/2625","targetHints":{"allow":["GET"]}}],"collection":[{"href":"https:\/\/patrocinados.estadao.com.br\/deloitte-jornada-da-sustentabilidade\/wp-json\/wp\/v2\/posts"}],"about":[{"href":"https:\/\/patrocinados.estadao.com.br\/deloitte-jornada-da-sustentabilidade\/wp-json\/wp\/v2\/types\/post"}],"author":[{"embeddable":true,"href":"https:\/\/patrocinados.estadao.com.br\/deloitte-jornada-da-sustentabilidade\/wp-json\/wp\/v2\/users\/8"}],"replies":[{"embeddable":true,"href":"https:\/\/patrocinados.estadao.com.br\/deloitte-jornada-da-sustentabilidade\/wp-json\/wp\/v2\/comments?post=2625"}],"version-history":[{"count":5,"href":"https:\/\/patrocinados.estadao.com.br\/deloitte-jornada-da-sustentabilidade\/wp-json\/wp\/v2\/posts\/2625\/revisions"}],"predecessor-version":[{"id":2634,"href":"https:\/\/patrocinados.estadao.com.br\/deloitte-jornada-da-sustentabilidade\/wp-json\/wp\/v2\/posts\/2625\/revisions\/2634"}],"wp:featuredmedia":[{"embeddable":true,"href":"https:\/\/patrocinados.estadao.com.br\/deloitte-jornada-da-sustentabilidade\/wp-json\/wp\/v2\/media\/2630"}],"wp:attachment":[{"href":"https:\/\/patrocinados.estadao.com.br\/deloitte-jornada-da-sustentabilidade\/wp-json\/wp\/v2\/media?parent=2625"}],"wp:term":[{"taxonomy":"category","embeddable":true,"href":"https:\/\/patrocinados.estadao.com.br\/deloitte-jornada-da-sustentabilidade\/wp-json\/wp\/v2\/categories?post=2625"},{"taxonomy":"post_tag","embeddable":true,"href":"https:\/\/patrocinados.estadao.com.br\/deloitte-jornada-da-sustentabilidade\/wp-json\/wp\/v2\/tags?post=2625"}],"curies":[{"name":"wp","href":"https:\/\/api.w.org\/{rel}","templated":true}]}}