{"id":2610,"date":"2024-10-25T15:52:28","date_gmt":"2024-10-25T18:52:28","guid":{"rendered":"https:\/\/patrocinados.estadao.com.br\/deloitte-esg\/?p=2610"},"modified":"2024-10-25T15:55:06","modified_gmt":"2024-10-25T18:55:06","slug":"recomendacoes-do-b20-para-o-financiamento-de-projetos-sustentaveis","status":"publish","type":"post","link":"https:\/\/patrocinados.estadao.com.br\/deloitte-jornada-da-sustentabilidade\/2024\/10\/25\/recomendacoes-do-b20-para-o-financiamento-de-projetos-sustentaveis\/","title":{"rendered":"Recomenda\u00e7\u00f5es do B20 para o financiamento de projetos sustent\u00e1veis envolvem incentivos a capital privado em projetos clim\u00e1ticos, regula\u00e7\u00e3o clara e inser\u00e7\u00e3o de PMEs"},"content":{"rendered":"<p>A transi\u00e7\u00e3o rumo a uma economia global de mais oportunidades e inova\u00e7\u00e3o, que contemple uma das maiores urg\u00eancias do planeta \u2013 combater ao m\u00e1ximo as mudan\u00e7as clim\u00e1ticas \u2013, requer que organiza\u00e7\u00f5es de todos os perfis, segmentos e tamanhos, al\u00e9m de governos, se unam para um planejamento estrat\u00e9gico e colaborativo.<\/p>\n<p>As sugest\u00f5es e recomenda\u00e7\u00f5es do setor privado para efetivamente endere\u00e7ar esses desafios comuns e identificar oportunidades de parcerias comp\u00f5em um dos policy papers formulados pela for\u00e7a-tarefa de Finan\u00e7as &amp; Infraestrutura do grupo B20 e encaminhados ao G-20, o grupo de pa\u00edses com as maiores economias do mundo. O B20 Brasil 2024, coordenado pela Confedera\u00e7\u00e3o Nacional da Ind\u00fastria, tem o papel de fomentar o di\u00e1logo e representar a voz do empresariado ao fazer, por meio de for\u00e7as-tarefa tem\u00e1ticas, recomenda\u00e7\u00f5es de pol\u00edticas p\u00fablicas destinadas ao G-20.<\/p>\n<p>A Deloitte atuou como knowledge partner em duas for\u00e7as-tarefa, a de Integridade &amp; Compliance e a j\u00e1 citada de Finan\u00e7as &amp; Infraestrutura. As principais recomenda\u00e7\u00f5es sugeridas por esta \u00faltima foram apresentadas no evento Navigating Sustainable Growth: Insights from the B20 Finance &amp; Infrastructure Policy Paper, ocorrido em 22 de outubro, em S\u00e3o Paulo, no espa\u00e7o AYA Earth Partners.<\/p>\n<p>O evento contou com a participa\u00e7\u00e3o de investidores, l\u00edderes da ind\u00fastria, representantes de organiza\u00e7\u00f5es e f\u00f3runs internacionais, e teve diferentes temas no centro das discuss\u00f5es, com prioridade para as tr\u00eas recomenda\u00e7\u00f5es centrais listadas no documento.<\/p>\n<p>\u201cA mobiliza\u00e7\u00e3o do capital privado para investimentos em projetos clim\u00e1ticos; a acelera\u00e7\u00e3o do licenciamento de processos para facilitar a ado\u00e7\u00e3o r\u00e1pida da infraestrutura para o modelo chamado de \u2018net zero\u2019; e tamb\u00e9m a integra\u00e7\u00e3o de pequenas e m\u00e9dias empresas \u00e0s novas cadeias globais de valor s\u00e3o pontos centrais nessa discuss\u00e3o\u201d, citou Luiz Paulo Assis, l\u00edder da Deloitte para a for\u00e7a-tarefa de Finan\u00e7as &amp; Infraestrutura.<\/p>\n<p>A chair da for\u00e7a-tarefa, Luciana Ribeiro, apontou que a transi\u00e7\u00e3o clim\u00e1tica foi uma das grandes preocupa\u00e7\u00f5es e, segundo ela, o paper ser\u00e1 levado \u00e0 30\u00aa Confer\u00eancia da ONU sobre Mudan\u00e7as Clim\u00e1ticas (COP-30), para transformar essa agenda em a\u00e7\u00e3o. \u201cFocando esses tr\u00eas pilares, almejamos a promo\u00e7\u00e3o do crescimento sustent\u00e1vel, resili\u00eancia e maior equidade nos mercados globais\u201d, resumiu.<\/p>\n<p>Luciana lembrou que \u00e9 fundamental rever o papel do setor p\u00fablico nessas iniciativas, por meio de medidas regulat\u00f3rias, revis\u00e3o do papel de ag\u00eancias e a\u00e7\u00f5es como concess\u00e3o de benef\u00edcios que possam fazer com que o capital do setor privado flua com maior facilidade para a aplica\u00e7\u00e3o no financiamento de projetos clim\u00e1ticos.<\/p>\n<h3><strong>Inova\u00e7\u00e3o, acessibilidade e colabora\u00e7\u00e3o<\/strong><\/h3>\n<p>A chair global da Deloitte, Anna Marks, participou do evento e comentou a import\u00e2ncia de fomentar um ecossistema verde para o financiamento de projetos sustent\u00e1veis.<\/p>\n<p>\u201cInova\u00e7\u00e3o, acessibilidade e colabora\u00e7\u00e3o s\u00e3o essenciais para acelerar a jornada rumo ao zero l\u00edquido. Formuladores de pol\u00edticas, investidores e credores, institui\u00e7\u00f5es financeiras de desenvolvimento e organiza\u00e7\u00f5es internacionais devem trabalhar juntos para criar um ecossistema financeiro focado na sustentabilidade que incorpore o impacto clim\u00e1tico dos investimentos, impulsione a inova\u00e7\u00e3o e permita um refinanciamento eficaz. Cada um de n\u00f3s tem uma responsabilidade nessa transi\u00e7\u00e3o essencial\u201d, destacou a executiva.<\/p>\n<p>Paul Polman, empres\u00e1rio que lidera frentes de apoio a projetos de clima, falou sobre o papel das organiza\u00e7\u00f5es na promo\u00e7\u00e3o de a\u00e7\u00f5es sustent\u00e1veis e de combate \u00e0s mudan\u00e7as clim\u00e1ticas e lembrou o papel fundamental dos governos na desburocratiza\u00e7\u00e3o do acesso ao capital privado nos projetos de transi\u00e7\u00e3o clim\u00e1tica. \u201cTudo est\u00e1 acontecendo muito r\u00e1pido e est\u00e1 ficando dif\u00edcil reagir\u201d, alertou sobre os efeitos do aquecimento global.<\/p>\n<p>Polman considerou que o Brasil tem uma posi\u00e7\u00e3o geogr\u00e1fica bastante favor\u00e1vel para assumir uma frente de destaque no tema, com diversos recursos dispon\u00edveis. \u201cPara fazermos algo, temos que colocar a casa em ordem, trata-se de uma crise humana. O principal elemento aqui \u00e9 a lideran\u00e7a. E no centro da lideran\u00e7a, \u00e9 preciso coragem.\u201d<\/p>\n<h3><strong>Pain\u00e9is trouxeram insights sobre recomenda\u00e7\u00f5es e futuro<\/strong><\/h3>\n<p>O evento de apresenta\u00e7\u00e3o contou com tr\u00eas pain\u00e9is tem\u00e1ticos nos quais executivos e representantes de entidades setoriais de neg\u00f3cios debateram diversos aspectos das medidas e desafios.<\/p>\n<p>O primeiro painel debateu o foco no investimento clim\u00e1tico como catalisador para acelerar, em grande escala, a entrada de capital privado em projetos de modo a facilitar a transi\u00e7\u00e3o para uma economia sustent\u00e1vel de baixo carbono.<\/p>\n<p>Carlos Takahashi, diretor da Associa\u00e7\u00e3o Brasileira das Entidades dos Mercados Financeiro e de Capitais (Anbima), lembrou a necessidade de conectar ecossistemas de fora do mercado financeiro como cientistas, universidades e a sociedade geral, para ampliar o alcance e envolvimento nos projetos, al\u00e9m da necessidade de as corpora\u00e7\u00f5es brasileiras buscarem alinhamento com as normas regulat\u00f3rias internacionais.<\/p>\n<p>Heiner Skaliks, consultor senior da Convergence Blended Finance para Am\u00e9rica Latina e Caribe, afirmou ser fundamental o papel das opera\u00e7\u00f5es de financiamento misto, que une recursos p\u00fablicos, de fomento ou filantr\u00f3picos a capital privado com objetivo de financiar projetos de impacto social positivo, ambiental ou de desenvolvimento econ\u00f4mico. A modalidade se destaca no financiamento sustent\u00e1vel ao contribuir para o alcance dos Objetivos de Desenvolvimento Sustent\u00e1vel da ONU.<\/p>\n<p>Denise Pavarina, integrante do conselho do Bradesco, considerou que as organiza\u00e7\u00f5es digitais de hoje se transformar\u00e3o, para manter a relev\u00e2ncia no mercado e o papel social, em low emission companies. \u201cO Brasil tem a oportunidade de servir como hub de solu\u00e7\u00f5es para o resto do mundo.\u201d<\/p>\n<p>No painel seguinte, foram debatidos o cen\u00e1rio e as possibilidades para aumentar a quantidade de financiamentos de projetos de infraestrutura no Pa\u00eds, algo ainda \u201cbastante descentralizado e burocr\u00e1tico\u201d nas palavras de Eduardo Raffaini, l\u00edder de Infrastructure &amp; Capital Projects da Deloitte.<\/p>\n<p>Ludmilla Nascimento, diretora de Energia e Descarboniza\u00e7\u00e3o da Vale, afirmou que \u00e9 preciso avaliar os riscos \u00e0s opera\u00e7\u00f5es de grandes organiza\u00e7\u00f5es que as mudan\u00e7as trazidas pela tecnologia podem acarretar. \u201cPor outro lado, n\u00e3o adianta termos tecnologias e n\u00e3o distribuirmos ao longo da cadeia. A quest\u00e3o principal aqui \u00e9 ter bem claro todo o framework regulat\u00f3rio.\u201d<\/p>\n<p>O fundador e presidente da GranBio, Bernardo Gradin, comentou que os neg\u00f3cios e a sociedade caminham para ter uma vis\u00e3o mais clara do mercado de baixo carbono a longo prazo, e esses dados possibilitar\u00e3o visualizar a lucratividade da transi\u00e7\u00e3o energ\u00e9tica, viabilizando a ado\u00e7\u00e3o de fontes alternativas de energia.<\/p>\n<p>J\u00e1 Cintia Torquetto, presidente da Infra Women Brasil, defendeu a simplifica\u00e7\u00e3o das regras de licenciamento ambiental para os neg\u00f3cios, inclusive com a automatiza\u00e7\u00e3o de alguns processos em projetos de baixo impacto. \u201cPrecisamos de um modelo que traga funcionalidade e n\u00e3o afugente os investidores.\u201d<\/p>\n<p>Para Claudio Medeiros, presidente do Sinicon, \u00e9 preciso, em alguns casos, repensar os conceitos de \u201ceconomia verde\u201d e \u201ceconomia do mar\u201d e seu papel na exporta\u00e7\u00e3o de produtos, bem como investir em um melhor aproveitamento de ferrovias para transporte de grandes volumes de mercadorias.<\/p>\n<p>A inser\u00e7\u00e3o das PMEs de forma sustent\u00e1vel nas cadeias globais de valor foi tema do terceiro e \u00faltimo painel, moderado por Ronaldo Fragoso, Chief Growth Officer da Deloitte, que destacou a import\u00e2ncia desse movimento para alavancar a transi\u00e7\u00e3o para uma economia sustent\u00e1vel.<\/p>\n<p>\u201cA coisa mais simples a fazer \u00e9 entender o papel dessas empresas e inseri-las na agenda de competitividade, abrindo os ambientes de neg\u00f3cios a todos, j\u00e1 que h\u00e1 muitas oportunidades\u201d, destacou John Denton, secret\u00e1rio-geral da C\u00e2mara Internacional de Com\u00e9rcio (ICC).<\/p>\n<p>A diretora do Movimento Brasil Competitivo, Tatiana Ribeiro, abordou o desafio de corrigir as falhas e incentivar as agendas de forma\u00e7\u00e3o e qualifica\u00e7\u00e3o profissional, o que reflete diretamente na baixa qualidade da m\u00e3o de obra, em muitos segmentos. \u201cA transi\u00e7\u00e3o para uma economia de baixo carbono demanda novas habilidades\u201d, pontuou.<\/p>\n<p>Na ocasi\u00e3o, o chair do Comit\u00ea de Finan\u00e7as e Neg\u00f3cios da Organiza\u00e7\u00e3o para a Coopera\u00e7\u00e3o e Desenvolvimento Econ\u00f4mico (OCDE), Gianlucca Riccio, lan\u00e7ou e apresentou o relat\u00f3rio Funding Sustainability Efforts, defendendo a interoperabilidade de dados econ\u00f4micos, de mercado, de projetos com pequenas e m\u00e9dias empresas para inseri-las na nova realidade dos neg\u00f3cios de forma mais sustent\u00e1vel e colaborativa.<\/p>\n<p>A cofundadora da AYA Earth Partners, Patr\u00edcia Ellen, fechou as apresenta\u00e7\u00f5es lembrando que o momento \u00e9 de \u201creaprender e redesenhar os valores que conectam a transi\u00e7\u00e3o clim\u00e1tica \u00e0 produ\u00e7\u00e3o industrial\u201d.<\/p>\n","protected":false},"excerpt":{"rendered":"<p>A transi\u00e7\u00e3o rumo a uma economia global de mais oportunidades e inova\u00e7\u00e3o, que contemple uma das maiores urg\u00eancias do planeta \u2013 combater ao m\u00e1ximo as mudan\u00e7as clim\u00e1ticas \u2013, requer que organiza\u00e7\u00f5es de todos os perfis, segmentos e tamanhos, al\u00e9m de governos, se unam para um planejamento estrat\u00e9gico e colaborativo. As sugest\u00f5es e recomenda\u00e7\u00f5es do setor [&hellip;]<\/p>\n","protected":false},"author":8,"featured_media":2609,"comment_status":"open","ping_status":"closed","sticky":false,"template":"","format":"standard","meta":{"_acf_changed":false,"footnotes":""},"categories":[91,41],"tags":[92,8,9,93,68],"class_list":["post-2610","post","type-post","status-publish","format-standard","has-post-thumbnail","hentry","category-cobertura-de-evento","category-conteudo","tag-b20","tag-deloitte","tag-esg","tag-g20","tag-meio-ambiente"],"acf":[],"yoast_head":"<!-- This site is optimized with the Yoast SEO plugin v27.1.1 - https:\/\/yoast.com\/product\/yoast-seo-wordpress\/ -->\n<title>Recomenda\u00e7\u00f5es do B20 para o financiamento de projetos sustent\u00e1veis envolvem incentivos a capital privado em projetos clim\u00e1ticos, regula\u00e7\u00e3o clara e inser\u00e7\u00e3o de PMEs - Jornada da Sustentabilidade, oferecido por Deloitte<\/title>\n<meta name=\"description\" content=\"Jornada da Sustentabilidade, oferecido por Deloitte\" \/>\n<meta name=\"robots\" content=\"index, follow, max-snippet:-1, max-image-preview:large, max-video-preview:-1\" \/>\n<link rel=\"canonical\" href=\"https:\/\/patrocinados.estadao.com.br\/deloitte-jornada-da-sustentabilidade\/2024\/10\/25\/recomendacoes-do-b20-para-o-financiamento-de-projetos-sustentaveis\/\" \/>\n<meta property=\"og:locale\" content=\"pt_BR\" \/>\n<meta property=\"og:type\" content=\"article\" \/>\n<meta property=\"og:title\" content=\"Recomenda\u00e7\u00f5es do B20 para o financiamento de projetos sustent\u00e1veis envolvem incentivos a capital privado em projetos clim\u00e1ticos, regula\u00e7\u00e3o clara e inser\u00e7\u00e3o de PMEs - Jornada da Sustentabilidade, oferecido por Deloitte\" \/>\n<meta property=\"og:description\" content=\"Jornada da Sustentabilidade, oferecido por Deloitte\" \/>\n<meta property=\"og:url\" content=\"https:\/\/patrocinados.estadao.com.br\/deloitte-jornada-da-sustentabilidade\/2024\/10\/25\/recomendacoes-do-b20-para-o-financiamento-de-projetos-sustentaveis\/\" \/>\n<meta property=\"og:site_name\" content=\"Jornada da Sustentabilidade, oferecido por Deloitte\" \/>\n<meta property=\"article:published_time\" content=\"2024-10-25T18:52:28+00:00\" \/>\n<meta property=\"article:modified_time\" content=\"2024-10-25T18:55:06+00:00\" \/>\n<meta property=\"og:image\" content=\"https:\/\/patrocinados.estadao.com.br\/deloitte-jornada-da-sustentabilidade\/wp-content\/uploads\/2024\/10\/DELOITTENAVIGATINGSUSTAINABLEGROWTH_-44.jpg\" \/>\n\t<meta property=\"og:image:width\" content=\"2048\" \/>\n\t<meta property=\"og:image:height\" content=\"1365\" \/>\n\t<meta property=\"og:image:type\" content=\"image\/jpeg\" \/>\n<meta name=\"author\" content=\"blue_studio\" \/>\n<meta name=\"twitter:card\" content=\"summary_large_image\" \/>\n<meta name=\"twitter:label1\" content=\"Escrito por\" \/>\n\t<meta name=\"twitter:data1\" content=\"blue_studio\" \/>\n\t<meta name=\"twitter:label2\" content=\"Est. tempo de leitura\" \/>\n\t<meta name=\"twitter:data2\" content=\"8 minutos\" \/>\n<script type=\"application\/ld+json\" class=\"yoast-schema-graph\">{\"@context\":\"https:\/\/schema.org\",\"@graph\":[{\"@type\":\"Article\",\"@id\":\"https:\/\/patrocinados.estadao.com.br\/deloitte-jornada-da-sustentabilidade\/2024\/10\/25\/recomendacoes-do-b20-para-o-financiamento-de-projetos-sustentaveis\/#article\",\"isPartOf\":{\"@id\":\"https:\/\/patrocinados.estadao.com.br\/deloitte-jornada-da-sustentabilidade\/2024\/10\/25\/recomendacoes-do-b20-para-o-financiamento-de-projetos-sustentaveis\/\"},\"author\":{\"name\":\"blue_studio\",\"@id\":\"https:\/\/patrocinados.estadao.com.br\/deloitte-jornada-da-sustentabilidade\/#\/schema\/person\/60071a239fb5b5bc3d3d88cb8f6170a6\"},\"headline\":\"Recomenda\u00e7\u00f5es do B20 para o financiamento de projetos sustent\u00e1veis envolvem incentivos a capital privado em projetos clim\u00e1ticos, regula\u00e7\u00e3o clara e inser\u00e7\u00e3o de PMEs\",\"datePublished\":\"2024-10-25T18:52:28+00:00\",\"dateModified\":\"2024-10-25T18:55:06+00:00\",\"mainEntityOfPage\":{\"@id\":\"https:\/\/patrocinados.estadao.com.br\/deloitte-jornada-da-sustentabilidade\/2024\/10\/25\/recomendacoes-do-b20-para-o-financiamento-de-projetos-sustentaveis\/\"},\"wordCount\":1492,\"commentCount\":0,\"image\":{\"@id\":\"https:\/\/patrocinados.estadao.com.br\/deloitte-jornada-da-sustentabilidade\/2024\/10\/25\/recomendacoes-do-b20-para-o-financiamento-de-projetos-sustentaveis\/#primaryimage\"},\"thumbnailUrl\":\"https:\/\/patrocinados.estadao.com.br\/deloitte-jornada-da-sustentabilidade\/wp-content\/uploads\/2024\/10\/DELOITTENAVIGATINGSUSTAINABLEGROWTH_-44.jpg\",\"keywords\":[\"B20\",\"Deloitte\",\"ESG\",\"G20\",\"Meio Ambiente\"],\"articleSection\":[\"Cobertura de Evento\",\"Conte\u00fado\"],\"inLanguage\":\"pt-BR\",\"potentialAction\":[{\"@type\":\"CommentAction\",\"name\":\"Comment\",\"target\":[\"https:\/\/patrocinados.estadao.com.br\/deloitte-jornada-da-sustentabilidade\/2024\/10\/25\/recomendacoes-do-b20-para-o-financiamento-de-projetos-sustentaveis\/#respond\"]}]},{\"@type\":\"WebPage\",\"@id\":\"https:\/\/patrocinados.estadao.com.br\/deloitte-jornada-da-sustentabilidade\/2024\/10\/25\/recomendacoes-do-b20-para-o-financiamento-de-projetos-sustentaveis\/\",\"url\":\"https:\/\/patrocinados.estadao.com.br\/deloitte-jornada-da-sustentabilidade\/2024\/10\/25\/recomendacoes-do-b20-para-o-financiamento-de-projetos-sustentaveis\/\",\"name\":\"Recomenda\u00e7\u00f5es do B20 para o financiamento de projetos sustent\u00e1veis envolvem incentivos a capital privado em projetos clim\u00e1ticos, regula\u00e7\u00e3o clara e inser\u00e7\u00e3o de PMEs - Jornada da Sustentabilidade, oferecido por Deloitte\",\"isPartOf\":{\"@id\":\"https:\/\/patrocinados.estadao.com.br\/deloitte-jornada-da-sustentabilidade\/#website\"},\"primaryImageOfPage\":{\"@id\":\"https:\/\/patrocinados.estadao.com.br\/deloitte-jornada-da-sustentabilidade\/2024\/10\/25\/recomendacoes-do-b20-para-o-financiamento-de-projetos-sustentaveis\/#primaryimage\"},\"image\":{\"@id\":\"https:\/\/patrocinados.estadao.com.br\/deloitte-jornada-da-sustentabilidade\/2024\/10\/25\/recomendacoes-do-b20-para-o-financiamento-de-projetos-sustentaveis\/#primaryimage\"},\"thumbnailUrl\":\"https:\/\/patrocinados.estadao.com.br\/deloitte-jornada-da-sustentabilidade\/wp-content\/uploads\/2024\/10\/DELOITTENAVIGATINGSUSTAINABLEGROWTH_-44.jpg\",\"datePublished\":\"2024-10-25T18:52:28+00:00\",\"dateModified\":\"2024-10-25T18:55:06+00:00\",\"author\":{\"@id\":\"https:\/\/patrocinados.estadao.com.br\/deloitte-jornada-da-sustentabilidade\/#\/schema\/person\/60071a239fb5b5bc3d3d88cb8f6170a6\"},\"description\":\"Jornada da Sustentabilidade, oferecido por Deloitte\",\"breadcrumb\":{\"@id\":\"https:\/\/patrocinados.estadao.com.br\/deloitte-jornada-da-sustentabilidade\/2024\/10\/25\/recomendacoes-do-b20-para-o-financiamento-de-projetos-sustentaveis\/#breadcrumb\"},\"inLanguage\":\"pt-BR\",\"potentialAction\":[{\"@type\":\"ReadAction\",\"target\":[\"https:\/\/patrocinados.estadao.com.br\/deloitte-jornada-da-sustentabilidade\/2024\/10\/25\/recomendacoes-do-b20-para-o-financiamento-de-projetos-sustentaveis\/\"]}]},{\"@type\":\"ImageObject\",\"inLanguage\":\"pt-BR\",\"@id\":\"https:\/\/patrocinados.estadao.com.br\/deloitte-jornada-da-sustentabilidade\/2024\/10\/25\/recomendacoes-do-b20-para-o-financiamento-de-projetos-sustentaveis\/#primaryimage\",\"url\":\"https:\/\/patrocinados.estadao.com.br\/deloitte-jornada-da-sustentabilidade\/wp-content\/uploads\/2024\/10\/DELOITTENAVIGATINGSUSTAINABLEGROWTH_-44.jpg\",\"contentUrl\":\"https:\/\/patrocinados.estadao.com.br\/deloitte-jornada-da-sustentabilidade\/wp-content\/uploads\/2024\/10\/DELOITTENAVIGATINGSUSTAINABLEGROWTH_-44.jpg\",\"width\":2048,\"height\":1365},{\"@type\":\"BreadcrumbList\",\"@id\":\"https:\/\/patrocinados.estadao.com.br\/deloitte-jornada-da-sustentabilidade\/2024\/10\/25\/recomendacoes-do-b20-para-o-financiamento-de-projetos-sustentaveis\/#breadcrumb\",\"itemListElement\":[{\"@type\":\"ListItem\",\"position\":1,\"name\":\"In\u00edcio\",\"item\":\"https:\/\/patrocinados.estadao.com.br\/deloitte-jornada-da-sustentabilidade\/\"},{\"@type\":\"ListItem\",\"position\":2,\"name\":\"Recomenda\u00e7\u00f5es do B20 para o financiamento de projetos sustent\u00e1veis envolvem incentivos a capital privado em projetos clim\u00e1ticos, regula\u00e7\u00e3o clara e inser\u00e7\u00e3o de PMEs\"}]},{\"@type\":\"WebSite\",\"@id\":\"https:\/\/patrocinados.estadao.com.br\/deloitte-jornada-da-sustentabilidade\/#website\",\"url\":\"https:\/\/patrocinados.estadao.com.br\/deloitte-jornada-da-sustentabilidade\/\",\"name\":\"Jornada da Sustentabilidade, oferecido por Deloitte\",\"description\":\"Solu\u00e7\u00f5es de governan\u00e7a corporativa para seus desafios de neg\u00f3cios\",\"potentialAction\":[{\"@type\":\"SearchAction\",\"target\":{\"@type\":\"EntryPoint\",\"urlTemplate\":\"https:\/\/patrocinados.estadao.com.br\/deloitte-jornada-da-sustentabilidade\/?s={search_term_string}\"},\"query-input\":{\"@type\":\"PropertyValueSpecification\",\"valueRequired\":true,\"valueName\":\"search_term_string\"}}],\"inLanguage\":\"pt-BR\"},{\"@type\":\"Person\",\"@id\":\"https:\/\/patrocinados.estadao.com.br\/deloitte-jornada-da-sustentabilidade\/#\/schema\/person\/60071a239fb5b5bc3d3d88cb8f6170a6\",\"name\":\"blue_studio\",\"image\":{\"@type\":\"ImageObject\",\"inLanguage\":\"pt-BR\",\"@id\":\"https:\/\/patrocinados.estadao.com.br\/deloitte-jornada-da-sustentabilidade\/#\/schema\/person\/image\/\",\"url\":\"https:\/\/secure.gravatar.com\/avatar\/193f77a26bfc1ca843b87f20fda6efd0c212628ecc58a5c9f31ba0b89d013b17?s=96&d=mm&r=g\",\"contentUrl\":\"https:\/\/secure.gravatar.com\/avatar\/193f77a26bfc1ca843b87f20fda6efd0c212628ecc58a5c9f31ba0b89d013b17?s=96&d=mm&r=g\",\"caption\":\"blue_studio\"},\"url\":\"https:\/\/patrocinados.estadao.com.br\/deloitte-jornada-da-sustentabilidade\/author\/blue_studio\/\"}]}<\/script>\n<!-- \/ Yoast SEO plugin. -->","yoast_head_json":{"title":"Recomenda\u00e7\u00f5es do B20 para o financiamento de projetos sustent\u00e1veis envolvem incentivos a capital privado em projetos clim\u00e1ticos, regula\u00e7\u00e3o clara e inser\u00e7\u00e3o de PMEs - Jornada da Sustentabilidade, oferecido por Deloitte","description":"Jornada da Sustentabilidade, oferecido por Deloitte","robots":{"index":"index","follow":"follow","max-snippet":"max-snippet:-1","max-image-preview":"max-image-preview:large","max-video-preview":"max-video-preview:-1"},"canonical":"https:\/\/patrocinados.estadao.com.br\/deloitte-jornada-da-sustentabilidade\/2024\/10\/25\/recomendacoes-do-b20-para-o-financiamento-de-projetos-sustentaveis\/","og_locale":"pt_BR","og_type":"article","og_title":"Recomenda\u00e7\u00f5es do B20 para o financiamento de projetos sustent\u00e1veis envolvem incentivos a capital privado em projetos clim\u00e1ticos, regula\u00e7\u00e3o clara e inser\u00e7\u00e3o de PMEs - Jornada da Sustentabilidade, oferecido por Deloitte","og_description":"Jornada da Sustentabilidade, oferecido por Deloitte","og_url":"https:\/\/patrocinados.estadao.com.br\/deloitte-jornada-da-sustentabilidade\/2024\/10\/25\/recomendacoes-do-b20-para-o-financiamento-de-projetos-sustentaveis\/","og_site_name":"Jornada da Sustentabilidade, oferecido por Deloitte","article_published_time":"2024-10-25T18:52:28+00:00","article_modified_time":"2024-10-25T18:55:06+00:00","og_image":[{"width":2048,"height":1365,"url":"https:\/\/patrocinados.estadao.com.br\/deloitte-jornada-da-sustentabilidade\/wp-content\/uploads\/2024\/10\/DELOITTENAVIGATINGSUSTAINABLEGROWTH_-44.jpg","type":"image\/jpeg"}],"author":"blue_studio","twitter_card":"summary_large_image","twitter_misc":{"Escrito por":"blue_studio","Est. tempo de leitura":"8 minutos"},"schema":{"@context":"https:\/\/schema.org","@graph":[{"@type":"Article","@id":"https:\/\/patrocinados.estadao.com.br\/deloitte-jornada-da-sustentabilidade\/2024\/10\/25\/recomendacoes-do-b20-para-o-financiamento-de-projetos-sustentaveis\/#article","isPartOf":{"@id":"https:\/\/patrocinados.estadao.com.br\/deloitte-jornada-da-sustentabilidade\/2024\/10\/25\/recomendacoes-do-b20-para-o-financiamento-de-projetos-sustentaveis\/"},"author":{"name":"blue_studio","@id":"https:\/\/patrocinados.estadao.com.br\/deloitte-jornada-da-sustentabilidade\/#\/schema\/person\/60071a239fb5b5bc3d3d88cb8f6170a6"},"headline":"Recomenda\u00e7\u00f5es do B20 para o financiamento de projetos sustent\u00e1veis envolvem incentivos a capital privado em projetos clim\u00e1ticos, regula\u00e7\u00e3o clara e inser\u00e7\u00e3o de PMEs","datePublished":"2024-10-25T18:52:28+00:00","dateModified":"2024-10-25T18:55:06+00:00","mainEntityOfPage":{"@id":"https:\/\/patrocinados.estadao.com.br\/deloitte-jornada-da-sustentabilidade\/2024\/10\/25\/recomendacoes-do-b20-para-o-financiamento-de-projetos-sustentaveis\/"},"wordCount":1492,"commentCount":0,"image":{"@id":"https:\/\/patrocinados.estadao.com.br\/deloitte-jornada-da-sustentabilidade\/2024\/10\/25\/recomendacoes-do-b20-para-o-financiamento-de-projetos-sustentaveis\/#primaryimage"},"thumbnailUrl":"https:\/\/patrocinados.estadao.com.br\/deloitte-jornada-da-sustentabilidade\/wp-content\/uploads\/2024\/10\/DELOITTENAVIGATINGSUSTAINABLEGROWTH_-44.jpg","keywords":["B20","Deloitte","ESG","G20","Meio Ambiente"],"articleSection":["Cobertura de Evento","Conte\u00fado"],"inLanguage":"pt-BR","potentialAction":[{"@type":"CommentAction","name":"Comment","target":["https:\/\/patrocinados.estadao.com.br\/deloitte-jornada-da-sustentabilidade\/2024\/10\/25\/recomendacoes-do-b20-para-o-financiamento-de-projetos-sustentaveis\/#respond"]}]},{"@type":"WebPage","@id":"https:\/\/patrocinados.estadao.com.br\/deloitte-jornada-da-sustentabilidade\/2024\/10\/25\/recomendacoes-do-b20-para-o-financiamento-de-projetos-sustentaveis\/","url":"https:\/\/patrocinados.estadao.com.br\/deloitte-jornada-da-sustentabilidade\/2024\/10\/25\/recomendacoes-do-b20-para-o-financiamento-de-projetos-sustentaveis\/","name":"Recomenda\u00e7\u00f5es do B20 para o financiamento de projetos sustent\u00e1veis envolvem incentivos a capital privado em projetos clim\u00e1ticos, regula\u00e7\u00e3o clara e inser\u00e7\u00e3o de PMEs - Jornada da Sustentabilidade, oferecido por Deloitte","isPartOf":{"@id":"https:\/\/patrocinados.estadao.com.br\/deloitte-jornada-da-sustentabilidade\/#website"},"primaryImageOfPage":{"@id":"https:\/\/patrocinados.estadao.com.br\/deloitte-jornada-da-sustentabilidade\/2024\/10\/25\/recomendacoes-do-b20-para-o-financiamento-de-projetos-sustentaveis\/#primaryimage"},"image":{"@id":"https:\/\/patrocinados.estadao.com.br\/deloitte-jornada-da-sustentabilidade\/2024\/10\/25\/recomendacoes-do-b20-para-o-financiamento-de-projetos-sustentaveis\/#primaryimage"},"thumbnailUrl":"https:\/\/patrocinados.estadao.com.br\/deloitte-jornada-da-sustentabilidade\/wp-content\/uploads\/2024\/10\/DELOITTENAVIGATINGSUSTAINABLEGROWTH_-44.jpg","datePublished":"2024-10-25T18:52:28+00:00","dateModified":"2024-10-25T18:55:06+00:00","author":{"@id":"https:\/\/patrocinados.estadao.com.br\/deloitte-jornada-da-sustentabilidade\/#\/schema\/person\/60071a239fb5b5bc3d3d88cb8f6170a6"},"description":"Jornada da Sustentabilidade, oferecido por Deloitte","breadcrumb":{"@id":"https:\/\/patrocinados.estadao.com.br\/deloitte-jornada-da-sustentabilidade\/2024\/10\/25\/recomendacoes-do-b20-para-o-financiamento-de-projetos-sustentaveis\/#breadcrumb"},"inLanguage":"pt-BR","potentialAction":[{"@type":"ReadAction","target":["https:\/\/patrocinados.estadao.com.br\/deloitte-jornada-da-sustentabilidade\/2024\/10\/25\/recomendacoes-do-b20-para-o-financiamento-de-projetos-sustentaveis\/"]}]},{"@type":"ImageObject","inLanguage":"pt-BR","@id":"https:\/\/patrocinados.estadao.com.br\/deloitte-jornada-da-sustentabilidade\/2024\/10\/25\/recomendacoes-do-b20-para-o-financiamento-de-projetos-sustentaveis\/#primaryimage","url":"https:\/\/patrocinados.estadao.com.br\/deloitte-jornada-da-sustentabilidade\/wp-content\/uploads\/2024\/10\/DELOITTENAVIGATINGSUSTAINABLEGROWTH_-44.jpg","contentUrl":"https:\/\/patrocinados.estadao.com.br\/deloitte-jornada-da-sustentabilidade\/wp-content\/uploads\/2024\/10\/DELOITTENAVIGATINGSUSTAINABLEGROWTH_-44.jpg","width":2048,"height":1365},{"@type":"BreadcrumbList","@id":"https:\/\/patrocinados.estadao.com.br\/deloitte-jornada-da-sustentabilidade\/2024\/10\/25\/recomendacoes-do-b20-para-o-financiamento-de-projetos-sustentaveis\/#breadcrumb","itemListElement":[{"@type":"ListItem","position":1,"name":"In\u00edcio","item":"https:\/\/patrocinados.estadao.com.br\/deloitte-jornada-da-sustentabilidade\/"},{"@type":"ListItem","position":2,"name":"Recomenda\u00e7\u00f5es do B20 para o financiamento de projetos sustent\u00e1veis envolvem incentivos a capital privado em projetos clim\u00e1ticos, regula\u00e7\u00e3o clara e inser\u00e7\u00e3o de PMEs"}]},{"@type":"WebSite","@id":"https:\/\/patrocinados.estadao.com.br\/deloitte-jornada-da-sustentabilidade\/#website","url":"https:\/\/patrocinados.estadao.com.br\/deloitte-jornada-da-sustentabilidade\/","name":"Jornada da Sustentabilidade, oferecido por Deloitte","description":"Solu\u00e7\u00f5es de governan\u00e7a corporativa para seus desafios de neg\u00f3cios","potentialAction":[{"@type":"SearchAction","target":{"@type":"EntryPoint","urlTemplate":"https:\/\/patrocinados.estadao.com.br\/deloitte-jornada-da-sustentabilidade\/?s={search_term_string}"},"query-input":{"@type":"PropertyValueSpecification","valueRequired":true,"valueName":"search_term_string"}}],"inLanguage":"pt-BR"},{"@type":"Person","@id":"https:\/\/patrocinados.estadao.com.br\/deloitte-jornada-da-sustentabilidade\/#\/schema\/person\/60071a239fb5b5bc3d3d88cb8f6170a6","name":"blue_studio","image":{"@type":"ImageObject","inLanguage":"pt-BR","@id":"https:\/\/patrocinados.estadao.com.br\/deloitte-jornada-da-sustentabilidade\/#\/schema\/person\/image\/","url":"https:\/\/secure.gravatar.com\/avatar\/193f77a26bfc1ca843b87f20fda6efd0c212628ecc58a5c9f31ba0b89d013b17?s=96&d=mm&r=g","contentUrl":"https:\/\/secure.gravatar.com\/avatar\/193f77a26bfc1ca843b87f20fda6efd0c212628ecc58a5c9f31ba0b89d013b17?s=96&d=mm&r=g","caption":"blue_studio"},"url":"https:\/\/patrocinados.estadao.com.br\/deloitte-jornada-da-sustentabilidade\/author\/blue_studio\/"}]}},"_links":{"self":[{"href":"https:\/\/patrocinados.estadao.com.br\/deloitte-jornada-da-sustentabilidade\/wp-json\/wp\/v2\/posts\/2610","targetHints":{"allow":["GET"]}}],"collection":[{"href":"https:\/\/patrocinados.estadao.com.br\/deloitte-jornada-da-sustentabilidade\/wp-json\/wp\/v2\/posts"}],"about":[{"href":"https:\/\/patrocinados.estadao.com.br\/deloitte-jornada-da-sustentabilidade\/wp-json\/wp\/v2\/types\/post"}],"author":[{"embeddable":true,"href":"https:\/\/patrocinados.estadao.com.br\/deloitte-jornada-da-sustentabilidade\/wp-json\/wp\/v2\/users\/8"}],"replies":[{"embeddable":true,"href":"https:\/\/patrocinados.estadao.com.br\/deloitte-jornada-da-sustentabilidade\/wp-json\/wp\/v2\/comments?post=2610"}],"version-history":[{"count":2,"href":"https:\/\/patrocinados.estadao.com.br\/deloitte-jornada-da-sustentabilidade\/wp-json\/wp\/v2\/posts\/2610\/revisions"}],"predecessor-version":[{"id":2612,"href":"https:\/\/patrocinados.estadao.com.br\/deloitte-jornada-da-sustentabilidade\/wp-json\/wp\/v2\/posts\/2610\/revisions\/2612"}],"wp:featuredmedia":[{"embeddable":true,"href":"https:\/\/patrocinados.estadao.com.br\/deloitte-jornada-da-sustentabilidade\/wp-json\/wp\/v2\/media\/2609"}],"wp:attachment":[{"href":"https:\/\/patrocinados.estadao.com.br\/deloitte-jornada-da-sustentabilidade\/wp-json\/wp\/v2\/media?parent=2610"}],"wp:term":[{"taxonomy":"category","embeddable":true,"href":"https:\/\/patrocinados.estadao.com.br\/deloitte-jornada-da-sustentabilidade\/wp-json\/wp\/v2\/categories?post=2610"},{"taxonomy":"post_tag","embeddable":true,"href":"https:\/\/patrocinados.estadao.com.br\/deloitte-jornada-da-sustentabilidade\/wp-json\/wp\/v2\/tags?post=2610"}],"curies":[{"name":"wp","href":"https:\/\/api.w.org\/{rel}","templated":true}]}}