{"id":261,"date":"2016-11-08T17:58:21","date_gmt":"2016-11-08T17:58:21","guid":{"rendered":"https:\/\/patrocinados.estadao.com.br\/deloitte-esg-esg\/?p=261"},"modified":"2021-09-20T12:07:16","modified_gmt":"2021-09-20T15:07:16","slug":"objetivos-de-desenvolvimento-sustentavel-passam-a-integrar-planejamento-estrategico-das-empresas","status":"publish","type":"post","link":"https:\/\/patrocinados.estadao.com.br\/deloitte-jornada-da-sustentabilidade\/2016\/11\/08\/objetivos-de-desenvolvimento-sustentavel-passam-a-integrar-planejamento-estrategico-das-empresas\/","title":{"rendered":"ODSs passam a integrar planejamento das empresas"},"content":{"rendered":"<p>A Rede Brasil do Pacto Global da Organiza\u00e7\u00e3o das Na\u00e7\u00f5es Unidas (ONU) promove amanh\u00e3, 09\/11, em S\u00e3o Paulo, o F\u00f3rum Pacto Global, que ir\u00e1 discutir como o setor privado pode contribuir para o alcance dos Objetivos de Desenvolvimento Sustent\u00e1vel (ODS), em vigor desde o in\u00edcio deste ano.<\/p>\n<p>\u201cOs ODS t\u00eam sido a agenda de Sustentabilidade mais em voga hoje. Empresas est\u00e3o bastante mobilizadas em rela\u00e7\u00e3o a este tema e j\u00e1 o incluem em seu planejamento estrat\u00e9gico\u201d, explica Beatriz Martins Carneiro, secret\u00e1ria executiva da Rede Brasil do Pacto Global, que \u00e9 apoiado localmente pela Deloitte.<\/p>\n<p>Camila Gualda Ara\u00fajo, s\u00f3cia-l\u00edder do Centro de Governan\u00e7a Corporativa da Deloitte, comenta que empresas pioneiras t\u00eam buscado compreender a\u00a0abrang\u00eancia dos 17 ODS, a fim de identificar a\u00e7\u00f5es que possam ser desenvolvidas em seus ambientes corporativos.<\/p>\n<p>\u201cGrande parte dos ODS requer engajamento governamental, e o Brasil tem se destacado\u00a0tanto na esfera corporativa, como no compromisso p\u00fablico. Para essas empresas\u00a0que buscam se diferenciar no mercado, estudar os ODS e definir iniciativas para implement\u00e1-los certamente ir\u00e1\u00a0culminar em respostas muito positivas da sociedade\u201d, pondera.<\/p>\n<p><strong>Pioneirismo<\/strong><\/p>\n<p>O Brasil foi premiado durante evento em Nova York, em junho deste ano, sendo o \u00fanico pa\u00eds com dois ganhadores, dentre os dez classificados como pioneiros na implanta\u00e7\u00e3o dos ODS. Foram 600 empresas que se candidataram, abrangendo 98 pa\u00edses.<\/p>\n<p>Os ODS s\u00e3o o ponto alto da\u00a0Agenda 2030, que engloba 169 metas baseadas nos tr\u00eas pilares do desenvolvimento sustent\u00e1vel:\u00a0aspectos econ\u00f4micos, ambientais e sociais. Algumas delas s\u00e3o bastante alinhadas ao dia a dia de qualquer empresa, independentemente do seu segmento ou porte, tais como efici\u00eancia energ\u00e9tica e direitos humanos (observando a igualdade de g\u00eanero ou combatendo o trabalho infantil, por exemplo). \u201cS\u00e3o quest\u00f5es de grande import\u00e2ncia e que n\u00e3o exigem investimento ou alto custo financeiro\u201d, argumenta Beatriz.<\/p>\n<p>Camila complementa: \u201cexistem metas que podem ser desdobradas em a\u00e7\u00f5es corporativas imediatamente, sem a necessidade de aguardar a\u00e7\u00f5es do Governo para dar in\u00edcio \u00e0 implementa\u00e7\u00e3o dos ODS\u201d.<\/p>\n<p>Como exemplo, a s\u00f3cia da Deloitte destaca meta ligada ao ODS 16 (Paz, Justi\u00e7a e\u00a0Institui\u00e7\u00f5es Fortes). \u201cTemos visto\u00a0iniciativas marcantes no Brasil para combater a corrup\u00e7\u00e3o em todas as suas formas. \u00c9 not\u00e1vel o fortalecimento das empresas que prezam a \u00e9tica nos neg\u00f3cios. Pessoas optam por trabalhar em\u00a0empresas \u00e9ticas, consumidores optam por comprar de empresas \u00e9ticas, bancos oferecem melhores\u00a0condi\u00e7\u00f5es a empresas \u00e9ticas\u201d, argumenta.<\/p>\n<p><strong>Contribui\u00e7\u00e3o efetiva das empresas<\/strong><\/p>\n<p>No F\u00f3rum, ser\u00e1 divulgado estudo sobre a contribui\u00e7\u00e3o das empresas do Comit\u00ea Brasileiro do Pacto Global \u2013 formado por um grupo de organiza\u00e7\u00f5es que faz a gest\u00e3o da Rede Brasil do Pacto Global \u2013 para o alcance dos ODS. \u201cPercebemos que, embora estejam em est\u00e1gios diferentes de implementa\u00e7\u00e3o, todas t\u00eam se dedicado ao assunto. Os ODS mais trabalhados pelas empresas s\u00e3o o 8 (Trabalho decente e crescimento econ\u00f4mico) e o 13 (A\u00e7\u00e3o contra a mudan\u00e7a global do clima)\u201d, conta Beatriz Martins Carneiro.<\/p>\n<p>Camila Gualda Ara\u00fajo esclarece que s\u00e3o in\u00fameras as a\u00e7\u00f5es atreladas ao desenvolvimento sustent\u00e1vel: \u201cas empresas precisam buscar formas de identificar iniciativas alinhadas \u00e0 sua estrat\u00e9gia e ao seu neg\u00f3cio, para prioriz\u00e1-las em uma linha de tempo que\u00a0justifique o investimento x custo x resultado, de forma a implement\u00e1-las e comunic\u00e1-las ao seu mercado de interesse, da melhor forma\u201d.<\/p>\n<p>\u201cO trabalho \u00e9 longo,\u00a0requer compromisso e determina\u00e7\u00e3o, mas certamente trar\u00e1 resultados\u00a0positivos, n\u00e3o\u00a0s\u00f3 ao neg\u00f3cio, como tamb\u00e9m \u00e0 sociedade e ao meio ambiente,\u00a0pilares fundamentais da sustentabilidade\u201d, conclui Camila.<\/p>\n<p>O \u201cF\u00f3rum Pacto Global \u2013 setor privado rumo aos Objetivos de Desenvolvimento Sustent\u00e1vel\u201d acontece amanh\u00e3, 09\/11, no audit\u00f3rio do MASP, em S\u00e3o Paulo. Para mais informa\u00e7\u00f5es, acesse: <a href=\"http:\/\/www.pactoglobal.org.br\/\">www.pactoglobal.org.br<\/a><\/p>\n<p><u><strong>Conhe\u00e7a os 17 Objetivos de Desenvolvimento Sustent\u00e1vel<\/strong><\/u><\/p>\n<p><a href=\"https:\/\/patrocinados.estadao.com.br\/deloitte-esg-esg\/wp-content\/uploads\/sites\/39\/2017\/01\/ODSs1.jpg\"><img loading=\"lazy\" decoding=\"async\" class=\"aligncenter wp-image-263\" src=\"https:\/\/patrocinados.estadao.com.br\/deloitte-esg-esg\/wp-content\/uploads\/sites\/39\/2017\/01\/ODSs1.jpg\" alt=\"ODSs\" width=\"850\" height=\"478\" \/><\/a><\/p>\n","protected":false},"excerpt":{"rendered":"<p>Para companhias que buscam se diferenciar no mercado, definir iniciativas para implementar os ODSs certamente ir\u00e1 culminar em respostas muito positivas para a sociedade<\/p>\n","protected":false},"author":2,"featured_media":1752,"comment_status":"open","ping_status":"closed","sticky":false,"template":"","format":"standard","meta":{"_acf_changed":false,"footnotes":""},"categories":[1],"tags":[],"class_list":["post-261","post","type-post","status-publish","format-standard","has-post-thumbnail","hentry","category-sem-categoria"],"acf":[],"yoast_head":"<!-- This site is optimized with the Yoast SEO plugin v27.1.1 - https:\/\/yoast.com\/product\/yoast-seo-wordpress\/ -->\n<title>ODSs passam a integrar planejamento das empresas - Jornada da Sustentabilidade, oferecido por Deloitte<\/title>\n<meta name=\"robots\" content=\"index, follow, max-snippet:-1, max-image-preview:large, max-video-preview:-1\" \/>\n<link rel=\"canonical\" href=\"https:\/\/patrocinados.estadao.com.br\/deloitte-jornada-da-sustentabilidade\/2016\/11\/08\/objetivos-de-desenvolvimento-sustentavel-passam-a-integrar-planejamento-estrategico-das-empresas\/\" \/>\n<meta property=\"og:locale\" content=\"pt_BR\" \/>\n<meta property=\"og:type\" content=\"article\" \/>\n<meta property=\"og:title\" content=\"ODSs passam a integrar planejamento das empresas - Jornada da Sustentabilidade, oferecido por Deloitte\" \/>\n<meta property=\"og:description\" content=\"Para companhias que buscam se diferenciar no mercado, definir iniciativas para implementar os ODSs certamente ir\u00e1 culminar em respostas muito positivas para a sociedade\" \/>\n<meta property=\"og:url\" content=\"https:\/\/patrocinados.estadao.com.br\/deloitte-jornada-da-sustentabilidade\/2016\/11\/08\/objetivos-de-desenvolvimento-sustentavel-passam-a-integrar-planejamento-estrategico-das-empresas\/\" \/>\n<meta property=\"og:site_name\" content=\"Jornada da Sustentabilidade, oferecido por Deloitte\" \/>\n<meta property=\"article:published_time\" content=\"2016-11-08T17:58:21+00:00\" \/>\n<meta property=\"article:modified_time\" content=\"2021-09-20T15:07:16+00:00\" \/>\n<meta property=\"og:image\" content=\"https:\/\/patrocinados.estadao.com.br\/deloitte-jornada-da-sustentabilidade\/wp-content\/uploads\/2021\/09\/54_932.jpg\" \/>\n\t<meta property=\"og:image:width\" content=\"932\" \/>\n\t<meta property=\"og:image:height\" content=\"524\" \/>\n\t<meta property=\"og:image:type\" content=\"image\/jpeg\" \/>\n<meta name=\"author\" content=\"Geosfera\" \/>\n<meta name=\"twitter:card\" content=\"summary_large_image\" \/>\n<meta name=\"twitter:label1\" content=\"Escrito por\" \/>\n\t<meta name=\"twitter:data1\" content=\"Geosfera\" \/>\n\t<meta name=\"twitter:label2\" content=\"Est. tempo de leitura\" \/>\n\t<meta name=\"twitter:data2\" content=\"3 minutos\" \/>\n<script type=\"application\/ld+json\" class=\"yoast-schema-graph\">{\"@context\":\"https:\/\/schema.org\",\"@graph\":[{\"@type\":\"Article\",\"@id\":\"https:\/\/patrocinados.estadao.com.br\/deloitte-jornada-da-sustentabilidade\/2016\/11\/08\/objetivos-de-desenvolvimento-sustentavel-passam-a-integrar-planejamento-estrategico-das-empresas\/#article\",\"isPartOf\":{\"@id\":\"https:\/\/patrocinados.estadao.com.br\/deloitte-jornada-da-sustentabilidade\/2016\/11\/08\/objetivos-de-desenvolvimento-sustentavel-passam-a-integrar-planejamento-estrategico-das-empresas\/\"},\"author\":{\"name\":\"Geosfera\",\"@id\":\"https:\/\/patrocinados.estadao.com.br\/deloitte-jornada-da-sustentabilidade\/#\/schema\/person\/9be56940425d4f31e0c82015d0fd725f\"},\"headline\":\"ODSs passam a integrar planejamento das empresas\",\"datePublished\":\"2016-11-08T17:58:21+00:00\",\"dateModified\":\"2021-09-20T15:07:16+00:00\",\"mainEntityOfPage\":{\"@id\":\"https:\/\/patrocinados.estadao.com.br\/deloitte-jornada-da-sustentabilidade\/2016\/11\/08\/objetivos-de-desenvolvimento-sustentavel-passam-a-integrar-planejamento-estrategico-das-empresas\/\"},\"wordCount\":668,\"commentCount\":0,\"image\":{\"@id\":\"https:\/\/patrocinados.estadao.com.br\/deloitte-jornada-da-sustentabilidade\/2016\/11\/08\/objetivos-de-desenvolvimento-sustentavel-passam-a-integrar-planejamento-estrategico-das-empresas\/#primaryimage\"},\"thumbnailUrl\":\"https:\/\/patrocinados.estadao.com.br\/deloitte-jornada-da-sustentabilidade\/wp-content\/uploads\/2021\/09\/54_932.jpg\",\"inLanguage\":\"pt-BR\",\"potentialAction\":[{\"@type\":\"CommentAction\",\"name\":\"Comment\",\"target\":[\"https:\/\/patrocinados.estadao.com.br\/deloitte-jornada-da-sustentabilidade\/2016\/11\/08\/objetivos-de-desenvolvimento-sustentavel-passam-a-integrar-planejamento-estrategico-das-empresas\/#respond\"]}]},{\"@type\":\"WebPage\",\"@id\":\"https:\/\/patrocinados.estadao.com.br\/deloitte-jornada-da-sustentabilidade\/2016\/11\/08\/objetivos-de-desenvolvimento-sustentavel-passam-a-integrar-planejamento-estrategico-das-empresas\/\",\"url\":\"https:\/\/patrocinados.estadao.com.br\/deloitte-jornada-da-sustentabilidade\/2016\/11\/08\/objetivos-de-desenvolvimento-sustentavel-passam-a-integrar-planejamento-estrategico-das-empresas\/\",\"name\":\"ODSs passam a integrar planejamento das empresas - Jornada da Sustentabilidade, oferecido por Deloitte\",\"isPartOf\":{\"@id\":\"https:\/\/patrocinados.estadao.com.br\/deloitte-jornada-da-sustentabilidade\/#website\"},\"primaryImageOfPage\":{\"@id\":\"https:\/\/patrocinados.estadao.com.br\/deloitte-jornada-da-sustentabilidade\/2016\/11\/08\/objetivos-de-desenvolvimento-sustentavel-passam-a-integrar-planejamento-estrategico-das-empresas\/#primaryimage\"},\"image\":{\"@id\":\"https:\/\/patrocinados.estadao.com.br\/deloitte-jornada-da-sustentabilidade\/2016\/11\/08\/objetivos-de-desenvolvimento-sustentavel-passam-a-integrar-planejamento-estrategico-das-empresas\/#primaryimage\"},\"thumbnailUrl\":\"https:\/\/patrocinados.estadao.com.br\/deloitte-jornada-da-sustentabilidade\/wp-content\/uploads\/2021\/09\/54_932.jpg\",\"datePublished\":\"2016-11-08T17:58:21+00:00\",\"dateModified\":\"2021-09-20T15:07:16+00:00\",\"author\":{\"@id\":\"https:\/\/patrocinados.estadao.com.br\/deloitte-jornada-da-sustentabilidade\/#\/schema\/person\/9be56940425d4f31e0c82015d0fd725f\"},\"breadcrumb\":{\"@id\":\"https:\/\/patrocinados.estadao.com.br\/deloitte-jornada-da-sustentabilidade\/2016\/11\/08\/objetivos-de-desenvolvimento-sustentavel-passam-a-integrar-planejamento-estrategico-das-empresas\/#breadcrumb\"},\"inLanguage\":\"pt-BR\",\"potentialAction\":[{\"@type\":\"ReadAction\",\"target\":[\"https:\/\/patrocinados.estadao.com.br\/deloitte-jornada-da-sustentabilidade\/2016\/11\/08\/objetivos-de-desenvolvimento-sustentavel-passam-a-integrar-planejamento-estrategico-das-empresas\/\"]}]},{\"@type\":\"ImageObject\",\"inLanguage\":\"pt-BR\",\"@id\":\"https:\/\/patrocinados.estadao.com.br\/deloitte-jornada-da-sustentabilidade\/2016\/11\/08\/objetivos-de-desenvolvimento-sustentavel-passam-a-integrar-planejamento-estrategico-das-empresas\/#primaryimage\",\"url\":\"https:\/\/patrocinados.estadao.com.br\/deloitte-jornada-da-sustentabilidade\/wp-content\/uploads\/2021\/09\/54_932.jpg\",\"contentUrl\":\"https:\/\/patrocinados.estadao.com.br\/deloitte-jornada-da-sustentabilidade\/wp-content\/uploads\/2021\/09\/54_932.jpg\",\"width\":932,\"height\":524},{\"@type\":\"BreadcrumbList\",\"@id\":\"https:\/\/patrocinados.estadao.com.br\/deloitte-jornada-da-sustentabilidade\/2016\/11\/08\/objetivos-de-desenvolvimento-sustentavel-passam-a-integrar-planejamento-estrategico-das-empresas\/#breadcrumb\",\"itemListElement\":[{\"@type\":\"ListItem\",\"position\":1,\"name\":\"In\u00edcio\",\"item\":\"https:\/\/patrocinados.estadao.com.br\/deloitte-jornada-da-sustentabilidade\/\"},{\"@type\":\"ListItem\",\"position\":2,\"name\":\"ODSs passam a integrar planejamento das empresas\"}]},{\"@type\":\"WebSite\",\"@id\":\"https:\/\/patrocinados.estadao.com.br\/deloitte-jornada-da-sustentabilidade\/#website\",\"url\":\"https:\/\/patrocinados.estadao.com.br\/deloitte-jornada-da-sustentabilidade\/\",\"name\":\"Jornada da Sustentabilidade, oferecido por Deloitte\",\"description\":\"Solu\u00e7\u00f5es de governan\u00e7a corporativa para seus desafios de neg\u00f3cios\",\"potentialAction\":[{\"@type\":\"SearchAction\",\"target\":{\"@type\":\"EntryPoint\",\"urlTemplate\":\"https:\/\/patrocinados.estadao.com.br\/deloitte-jornada-da-sustentabilidade\/?s={search_term_string}\"},\"query-input\":{\"@type\":\"PropertyValueSpecification\",\"valueRequired\":true,\"valueName\":\"search_term_string\"}}],\"inLanguage\":\"pt-BR\"},{\"@type\":\"Person\",\"@id\":\"https:\/\/patrocinados.estadao.com.br\/deloitte-jornada-da-sustentabilidade\/#\/schema\/person\/9be56940425d4f31e0c82015d0fd725f\",\"name\":\"Geosfera\",\"image\":{\"@type\":\"ImageObject\",\"inLanguage\":\"pt-BR\",\"@id\":\"https:\/\/patrocinados.estadao.com.br\/deloitte-jornada-da-sustentabilidade\/#\/schema\/person\/image\/\",\"url\":\"https:\/\/secure.gravatar.com\/avatar\/9d33d40efdce4963188a84bd4777a5f81f7c8e9cfcc15e6853c05f5cfee4c0ab?s=96&d=mm&r=g\",\"contentUrl\":\"https:\/\/secure.gravatar.com\/avatar\/9d33d40efdce4963188a84bd4777a5f81f7c8e9cfcc15e6853c05f5cfee4c0ab?s=96&d=mm&r=g\",\"caption\":\"Geosfera\"},\"sameAs\":[\"http:\/\/geosfera.com.br\"],\"url\":\"https:\/\/patrocinados.estadao.com.br\/deloitte-jornada-da-sustentabilidade\/author\/geosfera_deloitte\/\"}]}<\/script>\n<!-- \/ Yoast SEO plugin. -->","yoast_head_json":{"title":"ODSs passam a integrar planejamento das empresas - Jornada da Sustentabilidade, oferecido por Deloitte","robots":{"index":"index","follow":"follow","max-snippet":"max-snippet:-1","max-image-preview":"max-image-preview:large","max-video-preview":"max-video-preview:-1"},"canonical":"https:\/\/patrocinados.estadao.com.br\/deloitte-jornada-da-sustentabilidade\/2016\/11\/08\/objetivos-de-desenvolvimento-sustentavel-passam-a-integrar-planejamento-estrategico-das-empresas\/","og_locale":"pt_BR","og_type":"article","og_title":"ODSs passam a integrar planejamento das empresas - Jornada da Sustentabilidade, oferecido por Deloitte","og_description":"Para companhias que buscam se diferenciar no mercado, definir iniciativas para implementar os ODSs certamente ir\u00e1 culminar em respostas muito positivas para a sociedade","og_url":"https:\/\/patrocinados.estadao.com.br\/deloitte-jornada-da-sustentabilidade\/2016\/11\/08\/objetivos-de-desenvolvimento-sustentavel-passam-a-integrar-planejamento-estrategico-das-empresas\/","og_site_name":"Jornada da Sustentabilidade, oferecido por Deloitte","article_published_time":"2016-11-08T17:58:21+00:00","article_modified_time":"2021-09-20T15:07:16+00:00","og_image":[{"width":932,"height":524,"url":"https:\/\/patrocinados.estadao.com.br\/deloitte-jornada-da-sustentabilidade\/wp-content\/uploads\/2021\/09\/54_932.jpg","type":"image\/jpeg"}],"author":"Geosfera","twitter_card":"summary_large_image","twitter_misc":{"Escrito por":"Geosfera","Est. tempo de leitura":"3 minutos"},"schema":{"@context":"https:\/\/schema.org","@graph":[{"@type":"Article","@id":"https:\/\/patrocinados.estadao.com.br\/deloitte-jornada-da-sustentabilidade\/2016\/11\/08\/objetivos-de-desenvolvimento-sustentavel-passam-a-integrar-planejamento-estrategico-das-empresas\/#article","isPartOf":{"@id":"https:\/\/patrocinados.estadao.com.br\/deloitte-jornada-da-sustentabilidade\/2016\/11\/08\/objetivos-de-desenvolvimento-sustentavel-passam-a-integrar-planejamento-estrategico-das-empresas\/"},"author":{"name":"Geosfera","@id":"https:\/\/patrocinados.estadao.com.br\/deloitte-jornada-da-sustentabilidade\/#\/schema\/person\/9be56940425d4f31e0c82015d0fd725f"},"headline":"ODSs passam a integrar planejamento das empresas","datePublished":"2016-11-08T17:58:21+00:00","dateModified":"2021-09-20T15:07:16+00:00","mainEntityOfPage":{"@id":"https:\/\/patrocinados.estadao.com.br\/deloitte-jornada-da-sustentabilidade\/2016\/11\/08\/objetivos-de-desenvolvimento-sustentavel-passam-a-integrar-planejamento-estrategico-das-empresas\/"},"wordCount":668,"commentCount":0,"image":{"@id":"https:\/\/patrocinados.estadao.com.br\/deloitte-jornada-da-sustentabilidade\/2016\/11\/08\/objetivos-de-desenvolvimento-sustentavel-passam-a-integrar-planejamento-estrategico-das-empresas\/#primaryimage"},"thumbnailUrl":"https:\/\/patrocinados.estadao.com.br\/deloitte-jornada-da-sustentabilidade\/wp-content\/uploads\/2021\/09\/54_932.jpg","inLanguage":"pt-BR","potentialAction":[{"@type":"CommentAction","name":"Comment","target":["https:\/\/patrocinados.estadao.com.br\/deloitte-jornada-da-sustentabilidade\/2016\/11\/08\/objetivos-de-desenvolvimento-sustentavel-passam-a-integrar-planejamento-estrategico-das-empresas\/#respond"]}]},{"@type":"WebPage","@id":"https:\/\/patrocinados.estadao.com.br\/deloitte-jornada-da-sustentabilidade\/2016\/11\/08\/objetivos-de-desenvolvimento-sustentavel-passam-a-integrar-planejamento-estrategico-das-empresas\/","url":"https:\/\/patrocinados.estadao.com.br\/deloitte-jornada-da-sustentabilidade\/2016\/11\/08\/objetivos-de-desenvolvimento-sustentavel-passam-a-integrar-planejamento-estrategico-das-empresas\/","name":"ODSs passam a integrar planejamento das empresas - Jornada da Sustentabilidade, oferecido por Deloitte","isPartOf":{"@id":"https:\/\/patrocinados.estadao.com.br\/deloitte-jornada-da-sustentabilidade\/#website"},"primaryImageOfPage":{"@id":"https:\/\/patrocinados.estadao.com.br\/deloitte-jornada-da-sustentabilidade\/2016\/11\/08\/objetivos-de-desenvolvimento-sustentavel-passam-a-integrar-planejamento-estrategico-das-empresas\/#primaryimage"},"image":{"@id":"https:\/\/patrocinados.estadao.com.br\/deloitte-jornada-da-sustentabilidade\/2016\/11\/08\/objetivos-de-desenvolvimento-sustentavel-passam-a-integrar-planejamento-estrategico-das-empresas\/#primaryimage"},"thumbnailUrl":"https:\/\/patrocinados.estadao.com.br\/deloitte-jornada-da-sustentabilidade\/wp-content\/uploads\/2021\/09\/54_932.jpg","datePublished":"2016-11-08T17:58:21+00:00","dateModified":"2021-09-20T15:07:16+00:00","author":{"@id":"https:\/\/patrocinados.estadao.com.br\/deloitte-jornada-da-sustentabilidade\/#\/schema\/person\/9be56940425d4f31e0c82015d0fd725f"},"breadcrumb":{"@id":"https:\/\/patrocinados.estadao.com.br\/deloitte-jornada-da-sustentabilidade\/2016\/11\/08\/objetivos-de-desenvolvimento-sustentavel-passam-a-integrar-planejamento-estrategico-das-empresas\/#breadcrumb"},"inLanguage":"pt-BR","potentialAction":[{"@type":"ReadAction","target":["https:\/\/patrocinados.estadao.com.br\/deloitte-jornada-da-sustentabilidade\/2016\/11\/08\/objetivos-de-desenvolvimento-sustentavel-passam-a-integrar-planejamento-estrategico-das-empresas\/"]}]},{"@type":"ImageObject","inLanguage":"pt-BR","@id":"https:\/\/patrocinados.estadao.com.br\/deloitte-jornada-da-sustentabilidade\/2016\/11\/08\/objetivos-de-desenvolvimento-sustentavel-passam-a-integrar-planejamento-estrategico-das-empresas\/#primaryimage","url":"https:\/\/patrocinados.estadao.com.br\/deloitte-jornada-da-sustentabilidade\/wp-content\/uploads\/2021\/09\/54_932.jpg","contentUrl":"https:\/\/patrocinados.estadao.com.br\/deloitte-jornada-da-sustentabilidade\/wp-content\/uploads\/2021\/09\/54_932.jpg","width":932,"height":524},{"@type":"BreadcrumbList","@id":"https:\/\/patrocinados.estadao.com.br\/deloitte-jornada-da-sustentabilidade\/2016\/11\/08\/objetivos-de-desenvolvimento-sustentavel-passam-a-integrar-planejamento-estrategico-das-empresas\/#breadcrumb","itemListElement":[{"@type":"ListItem","position":1,"name":"In\u00edcio","item":"https:\/\/patrocinados.estadao.com.br\/deloitte-jornada-da-sustentabilidade\/"},{"@type":"ListItem","position":2,"name":"ODSs passam a integrar planejamento das empresas"}]},{"@type":"WebSite","@id":"https:\/\/patrocinados.estadao.com.br\/deloitte-jornada-da-sustentabilidade\/#website","url":"https:\/\/patrocinados.estadao.com.br\/deloitte-jornada-da-sustentabilidade\/","name":"Jornada da Sustentabilidade, oferecido por Deloitte","description":"Solu\u00e7\u00f5es de governan\u00e7a corporativa para seus desafios de neg\u00f3cios","potentialAction":[{"@type":"SearchAction","target":{"@type":"EntryPoint","urlTemplate":"https:\/\/patrocinados.estadao.com.br\/deloitte-jornada-da-sustentabilidade\/?s={search_term_string}"},"query-input":{"@type":"PropertyValueSpecification","valueRequired":true,"valueName":"search_term_string"}}],"inLanguage":"pt-BR"},{"@type":"Person","@id":"https:\/\/patrocinados.estadao.com.br\/deloitte-jornada-da-sustentabilidade\/#\/schema\/person\/9be56940425d4f31e0c82015d0fd725f","name":"Geosfera","image":{"@type":"ImageObject","inLanguage":"pt-BR","@id":"https:\/\/patrocinados.estadao.com.br\/deloitte-jornada-da-sustentabilidade\/#\/schema\/person\/image\/","url":"https:\/\/secure.gravatar.com\/avatar\/9d33d40efdce4963188a84bd4777a5f81f7c8e9cfcc15e6853c05f5cfee4c0ab?s=96&d=mm&r=g","contentUrl":"https:\/\/secure.gravatar.com\/avatar\/9d33d40efdce4963188a84bd4777a5f81f7c8e9cfcc15e6853c05f5cfee4c0ab?s=96&d=mm&r=g","caption":"Geosfera"},"sameAs":["http:\/\/geosfera.com.br"],"url":"https:\/\/patrocinados.estadao.com.br\/deloitte-jornada-da-sustentabilidade\/author\/geosfera_deloitte\/"}]}},"_links":{"self":[{"href":"https:\/\/patrocinados.estadao.com.br\/deloitte-jornada-da-sustentabilidade\/wp-json\/wp\/v2\/posts\/261","targetHints":{"allow":["GET"]}}],"collection":[{"href":"https:\/\/patrocinados.estadao.com.br\/deloitte-jornada-da-sustentabilidade\/wp-json\/wp\/v2\/posts"}],"about":[{"href":"https:\/\/patrocinados.estadao.com.br\/deloitte-jornada-da-sustentabilidade\/wp-json\/wp\/v2\/types\/post"}],"author":[{"embeddable":true,"href":"https:\/\/patrocinados.estadao.com.br\/deloitte-jornada-da-sustentabilidade\/wp-json\/wp\/v2\/users\/2"}],"replies":[{"embeddable":true,"href":"https:\/\/patrocinados.estadao.com.br\/deloitte-jornada-da-sustentabilidade\/wp-json\/wp\/v2\/comments?post=261"}],"version-history":[{"count":1,"href":"https:\/\/patrocinados.estadao.com.br\/deloitte-jornada-da-sustentabilidade\/wp-json\/wp\/v2\/posts\/261\/revisions"}],"predecessor-version":[{"id":1943,"href":"https:\/\/patrocinados.estadao.com.br\/deloitte-jornada-da-sustentabilidade\/wp-json\/wp\/v2\/posts\/261\/revisions\/1943"}],"wp:featuredmedia":[{"embeddable":true,"href":"https:\/\/patrocinados.estadao.com.br\/deloitte-jornada-da-sustentabilidade\/wp-json\/wp\/v2\/media\/1752"}],"wp:attachment":[{"href":"https:\/\/patrocinados.estadao.com.br\/deloitte-jornada-da-sustentabilidade\/wp-json\/wp\/v2\/media?parent=261"}],"wp:term":[{"taxonomy":"category","embeddable":true,"href":"https:\/\/patrocinados.estadao.com.br\/deloitte-jornada-da-sustentabilidade\/wp-json\/wp\/v2\/categories?post=261"},{"taxonomy":"post_tag","embeddable":true,"href":"https:\/\/patrocinados.estadao.com.br\/deloitte-jornada-da-sustentabilidade\/wp-json\/wp\/v2\/tags?post=261"}],"curies":[{"name":"wp","href":"https:\/\/api.w.org\/{rel}","templated":true}]}}