{"id":2561,"date":"2024-07-02T10:00:04","date_gmt":"2024-07-02T13:00:04","guid":{"rendered":"https:\/\/patrocinados.estadao.com.br\/deloitte-esg\/?p=2561"},"modified":"2024-07-02T10:00:04","modified_gmt":"2024-07-02T13:00:04","slug":"de-olho-na-transformacao-das-organizacoes-executivos-de-financas-repensam-seu-papel","status":"publish","type":"post","link":"https:\/\/patrocinados.estadao.com.br\/deloitte-jornada-da-sustentabilidade\/2024\/07\/02\/de-olho-na-transformacao-das-organizacoes-executivos-de-financas-repensam-seu-papel\/","title":{"rendered":"De olho na transforma\u00e7\u00e3o das organiza\u00e7\u00f5es, executivos de finan\u00e7as repensam seu papel"},"content":{"rendered":"<p>Otimismo por um lado, preocupa\u00e7\u00f5es com os desafios e incertezas econ\u00f4micas por outro. Os CFOs (diretores financeiros) das empresas brasileiras v\u00eam trabalhando em um ambiente de neg\u00f3cios com grandes e r\u00e1pidas transforma\u00e7\u00f5es, o que exige mais aten\u00e7\u00e3o a investimentos, processos, pessoas e jornadas digitais. De acordo com a pesquisa CFO do Amanh\u00e3: Convergindo IA, Sustentabilidade e Finan\u00e7as esse cen\u00e1rio traz muitas oportunidades e, ao mesmo tempo, as apreens\u00f5es t\u00eam sido enfrentadas com cautela.<\/p>\n<p>O estudo foi realizado por meio do programa de relacionamento e emin\u00eancia com l\u00edderes de finan\u00e7as, o CFO Program, da Deloitte (maior organiza\u00e7\u00e3o de servi\u00e7os profissionais do mundo), junto com o Instituto Brasileiro de Executivos de Finan\u00e7as de S\u00e3o Paulo (IBEF-SP). Foram ouvidos os diretores de 106 empresas em atividade no Brasil, mapeando perspectivas e estrat\u00e9gias que est\u00e3o \u00e0 vista dos Chief Financial Officers.<\/p>\n<p>O estudo mostrou que, entre as prioridades desses profissionais para os pr\u00f3ximos 12 meses, est\u00e3o o aumento das receitas (para 73% dos pesquisados), a melhoria dos resultados (para 68%) e a busca por efici\u00eancia e ganhos de produtividade (para 57%).<\/p>\n<p>O panorama de investimentos das empresas em tecnologias disruptivas, como intelig\u00eancia artificial (IA) e intelig\u00eancia artificial generativa (GenAI), faz com que os CFOs se envolvam cada vez mais nessas decis\u00f5es de escolha da tecnologia; al\u00e9m disso, a pesquisa indicou que existe um envolvimento maior em iniciativas de ESG. Tudo isso exige que os executivos financeiros coordenem suas habilidades de gest\u00e3o com as diferentes (e maiores) demandas atuais dos setores.<\/p>\n<p>Para Marcelo Bacci, presidente do Conselho de Administra\u00e7\u00e3o do IBEF-SP, a pesquisa demonstra uma perspectiva mais otimista dos executivos financeiros para 2024, em rela\u00e7\u00e3o aos anos anteriores. \u201cVerificamos a expectativa de um ambiente de neg\u00f3cios com aumento de receita e crescimento de margens, o que, na minha opini\u00e3o, quando combinado \u00e0 liquidez das empresas com estruturas de capital bastante robustas, significa um preparo de todos para um ciclo de investimentos\u201d, destaca Bacci. \u201cVimos que as empresas est\u00e3o com boa estrutura de capital e boas perspectivas de neg\u00f3cios\u201d, completa o executivo.<\/p>\n<p>Nem tudo, no entanto, \u00e9 positivo, e uma s\u00e9rie de preocupa\u00e7\u00f5es aparece no dia a dia, em maior ou menor medida. Entre elas, as que mais representam riscos aos neg\u00f3cios e dividem a aten\u00e7\u00e3o dos executivos s\u00e3o: incerteza do cen\u00e1rio econ\u00f4mico do Pa\u00eds (73%), impactos da reforma tribut\u00e1ria (53%), incerteza do cen\u00e1rio econ\u00f4mico global (48%) e mudan\u00e7a no comportamento dos clientes (44%).<\/p>\n<p>A reforma tribut\u00e1ria, um dos principais desafios deste ano, faz 66% das organiza\u00e7\u00f5es esperarem algum impacto, positivo ou negativo. Por\u00e9m, muitas delas ainda n\u00e3o incorporaram as mudan\u00e7as que ser\u00e3o necess\u00e1rias em seus or\u00e7amentos e preveem impactos nos pre\u00e7os finais de produtos ou servi\u00e7os.<\/p>\n<p><strong>Ferramentas de tecnologia<\/strong><\/p>\n<p>Os CFOs consultados no estudo Deloitte\/IBEF listaram quais ferramentas tecnol\u00f3gicas para transforma\u00e7\u00e3o dos neg\u00f3cios s\u00e3o mais utilizadas e em que est\u00e1gio est\u00e3o em suas respectivas organiza\u00e7\u00f5es, evidenciando o papel cada vez mais estrat\u00e9gico desses profissionais na tomada de decis\u00f5es.<\/p>\n<p>Computa\u00e7\u00e3o em nuvem (cloud computing) \u00e9 a que aparece em primeiro lugar, com 73% das empresas utilizando amplamente; a seguir v\u00eam ferramentas de visualiza\u00e7\u00e3o, com 53%, e analytics avan\u00e7ado, com 40%. Outro dado que chamou aten\u00e7\u00e3o foi o de que a grande maioria, 83% das empresas, destina at\u00e9 5% de sua receita l\u00edquida em investimentos em tecnologias para o departamento financeiro; por\u00e9m isso n\u00e3o acompanha um uso intenso de solu\u00e7\u00f5es digitais nessa \u00e1rea, j\u00e1 que atualmente apenas 9% utilizam ferramentas de computa\u00e7\u00e3o cognitiva e intelig\u00eancia artificial em suas \u00e1reas de finan\u00e7as.<\/p>\n<p>Solu\u00e7\u00f5es como IA e GenAI t\u00eam sido aproveitadas principalmente como apoio em an\u00e1lises cont\u00e1beis e financeiras, na checagem ou classifica\u00e7\u00e3o de notas e documentos, e na avalia\u00e7\u00e3o de risco de cr\u00e9dito. Para as empresas que j\u00e1 implementaram essa tecnologia em suas opera\u00e7\u00f5es, 45% avaliam que a taxa m\u00e9dia de efici\u00eancia das atividades chega a at\u00e9 10%. A IA vem sendo estudada ou testada por mais da metade das empresas respondentes (53%).<\/p>\n<p>\u201cSolu\u00e7\u00f5es avan\u00e7adas de tecnologia, como IA e an\u00e1lise de dados, est\u00e3o sendo cada vez mais incorporadas no setor para otimizar processos cont\u00e1beis e financeiros, al\u00e9m de avaliar riscos de cr\u00e9dito de forma mais eficaz\u201d, afirma Mauro de Marchi, s\u00f3cio de Consultoria Tribut\u00e1ria e l\u00edder do CFO Program da Deloitte. \u201cO investimento em cloud, ferramentas de visualiza\u00e7\u00e3o e automa\u00e7\u00e3o destaca-se como um recurso central para alta produtividade e gest\u00e3o eficiente nos neg\u00f3cios. Isso evidencia a cont\u00ednua evolu\u00e7\u00e3o dessa fun\u00e7\u00e3o, que requer habilidades anal\u00edticas avan\u00e7adas e conhecimento tecnol\u00f3gico nas decis\u00f5es de investimento, com o objetivo de impulsionar a efici\u00eancia operacional nos neg\u00f3cios.\u201d<\/p>\n<p><strong>ESG requer envolvimento dos CFOs<\/strong><\/p>\n<p>O estudo aponta que mais da metade dos respondentes (62%) acredita que sua empresa tenha estrat\u00e9gias formalizadas de ESG, em algum n\u00edvel, em pelo menos uma das frentes (ambiental, social ou governan\u00e7a). J\u00e1 56% afirmam que sua empresa tem iniciativas ESG como componentes substanciais de estrat\u00e9gia e 55% confiam \u00e0 lideran\u00e7a o alcance das metas voltadas para ESG.<\/p>\n<p>Os executivos apontaram tamb\u00e9m que os maiores desafios na capta\u00e7\u00e3o de recursos para a execu\u00e7\u00e3o de projetos ESG s\u00e3o: falta de percep\u00e7\u00e3o dos benef\u00edcios tang\u00edveis e intang\u00edveis (65%), mensura\u00e7\u00e3o de indicadores de retorno de investimentos (ROI) em projetos\/a\u00e7\u00f5es ambientais ou sociais (45%) e n\u00edvel baixo de incentivos fiscais (38%).<\/p>\n<p>\u201cO mercado financeiro enfrenta um cen\u00e1rio desafiador, mas otimista. O setor tamb\u00e9m est\u00e1 explorando novas tecnologias. Al\u00e9m disso, as empresas t\u00eam adotado\u00a0estrat\u00e9gias de ESG em suas opera\u00e7\u00f5es, mas enfrentam dificuldades para quantificar seus benef\u00edcios e medir o sucesso\u201d, analisa Ronaldo Fragoso, l\u00edder de Ecossistemas e Alian\u00e7as da Deloitte. \u201cIsso reflete a necessidade de adapta\u00e7\u00e3o em um ambiente de neg\u00f3cios em constante transforma\u00e7\u00e3o e refor\u00e7a a import\u00e2ncia do\u00a0papel do CFO na promo\u00e7\u00e3o de sustentabilidade e efici\u00eancia nas organiza\u00e7\u00f5es.\u201d<\/p>\n<p>Voc\u00ea pode acessar os resultados da pesquisa CFO do Amanh\u00e3 na \u00edntegra <a href=\"https:\/\/www2.deloitte.com\/br\/pt\/pages\/finance\/articles\/cfo-survey.html\" target=\"_blank\" rel=\"noopener\">clicando aqui<\/a>.<\/p>\n","protected":false},"excerpt":{"rendered":"<p>Otimismo por um lado, preocupa\u00e7\u00f5es com os desafios e incertezas econ\u00f4micas por outro. Os CFOs (diretores financeiros) das empresas brasileiras v\u00eam trabalhando em um ambiente de neg\u00f3cios com grandes e r\u00e1pidas transforma\u00e7\u00f5es, o que exige mais aten\u00e7\u00e3o a investimentos, processos, pessoas e jornadas digitais. De acordo com a pesquisa CFO do Amanh\u00e3: Convergindo IA, Sustentabilidade [&hellip;]<\/p>\n","protected":false},"author":8,"featured_media":2562,"comment_status":"open","ping_status":"closed","sticky":false,"template":"","format":"standard","meta":{"_acf_changed":false,"footnotes":""},"categories":[41,3],"tags":[8,9,23],"class_list":["post-2561","post","type-post","status-publish","format-standard","has-post-thumbnail","hentry","category-conteudo","category-estudos","tag-deloitte","tag-esg","tag-setor-financeiro"],"acf":[],"yoast_head":"<!-- This site is optimized with the Yoast SEO plugin v27.1.1 - https:\/\/yoast.com\/product\/yoast-seo-wordpress\/ -->\n<title>De olho na transforma\u00e7\u00e3o das organiza\u00e7\u00f5es, executivos de finan\u00e7as repensam seu papel - Jornada da Sustentabilidade, oferecido por Deloitte<\/title>\n<meta name=\"robots\" content=\"index, follow, max-snippet:-1, max-image-preview:large, max-video-preview:-1\" \/>\n<link rel=\"canonical\" href=\"https:\/\/patrocinados.estadao.com.br\/deloitte-jornada-da-sustentabilidade\/2024\/07\/02\/de-olho-na-transformacao-das-organizacoes-executivos-de-financas-repensam-seu-papel\/\" \/>\n<meta property=\"og:locale\" content=\"pt_BR\" \/>\n<meta property=\"og:type\" content=\"article\" \/>\n<meta property=\"og:title\" content=\"De olho na transforma\u00e7\u00e3o das organiza\u00e7\u00f5es, executivos de finan\u00e7as repensam seu papel - Jornada da Sustentabilidade, oferecido por Deloitte\" \/>\n<meta property=\"og:description\" content=\"Otimismo por um lado, preocupa\u00e7\u00f5es com os desafios e incertezas econ\u00f4micas por outro. Os CFOs (diretores financeiros) das empresas brasileiras v\u00eam trabalhando em um ambiente de neg\u00f3cios com grandes e r\u00e1pidas transforma\u00e7\u00f5es, o que exige mais aten\u00e7\u00e3o a investimentos, processos, pessoas e jornadas digitais. De acordo com a pesquisa CFO do Amanh\u00e3: Convergindo IA, Sustentabilidade [&hellip;]\" \/>\n<meta property=\"og:url\" content=\"https:\/\/patrocinados.estadao.com.br\/deloitte-jornada-da-sustentabilidade\/2024\/07\/02\/de-olho-na-transformacao-das-organizacoes-executivos-de-financas-repensam-seu-papel\/\" \/>\n<meta property=\"og:site_name\" content=\"Jornada da Sustentabilidade, oferecido por Deloitte\" \/>\n<meta property=\"article:published_time\" content=\"2024-07-02T13:00:04+00:00\" \/>\n<meta property=\"og:image\" content=\"https:\/\/patrocinados.estadao.com.br\/deloitte-jornada-da-sustentabilidade\/wp-content\/uploads\/2024\/07\/GettyImages-sb10068021b-001-1024x763.jpg\" \/>\n\t<meta property=\"og:image:width\" content=\"1024\" \/>\n\t<meta property=\"og:image:height\" content=\"763\" \/>\n\t<meta property=\"og:image:type\" content=\"image\/jpeg\" \/>\n<meta name=\"author\" content=\"blue_studio\" \/>\n<meta name=\"twitter:card\" content=\"summary_large_image\" \/>\n<meta name=\"twitter:label1\" content=\"Escrito por\" \/>\n\t<meta name=\"twitter:data1\" content=\"blue_studio\" \/>\n\t<meta name=\"twitter:label2\" content=\"Est. tempo de leitura\" \/>\n\t<meta name=\"twitter:data2\" content=\"5 minutos\" \/>\n<script type=\"application\/ld+json\" class=\"yoast-schema-graph\">{\"@context\":\"https:\/\/schema.org\",\"@graph\":[{\"@type\":\"Article\",\"@id\":\"https:\/\/patrocinados.estadao.com.br\/deloitte-jornada-da-sustentabilidade\/2024\/07\/02\/de-olho-na-transformacao-das-organizacoes-executivos-de-financas-repensam-seu-papel\/#article\",\"isPartOf\":{\"@id\":\"https:\/\/patrocinados.estadao.com.br\/deloitte-jornada-da-sustentabilidade\/2024\/07\/02\/de-olho-na-transformacao-das-organizacoes-executivos-de-financas-repensam-seu-papel\/\"},\"author\":{\"name\":\"blue_studio\",\"@id\":\"https:\/\/patrocinados.estadao.com.br\/deloitte-jornada-da-sustentabilidade\/#\/schema\/person\/60071a239fb5b5bc3d3d88cb8f6170a6\"},\"headline\":\"De olho na transforma\u00e7\u00e3o das organiza\u00e7\u00f5es, executivos de finan\u00e7as repensam seu papel\",\"datePublished\":\"2024-07-02T13:00:04+00:00\",\"mainEntityOfPage\":{\"@id\":\"https:\/\/patrocinados.estadao.com.br\/deloitte-jornada-da-sustentabilidade\/2024\/07\/02\/de-olho-na-transformacao-das-organizacoes-executivos-de-financas-repensam-seu-papel\/\"},\"wordCount\":1079,\"commentCount\":0,\"image\":{\"@id\":\"https:\/\/patrocinados.estadao.com.br\/deloitte-jornada-da-sustentabilidade\/2024\/07\/02\/de-olho-na-transformacao-das-organizacoes-executivos-de-financas-repensam-seu-papel\/#primaryimage\"},\"thumbnailUrl\":\"https:\/\/patrocinados.estadao.com.br\/deloitte-jornada-da-sustentabilidade\/wp-content\/uploads\/2024\/07\/GettyImages-sb10068021b-001.jpg\",\"keywords\":[\"Deloitte\",\"ESG\",\"setor financeiro\"],\"articleSection\":[\"Conte\u00fado\",\"Estudos\"],\"inLanguage\":\"pt-BR\",\"potentialAction\":[{\"@type\":\"CommentAction\",\"name\":\"Comment\",\"target\":[\"https:\/\/patrocinados.estadao.com.br\/deloitte-jornada-da-sustentabilidade\/2024\/07\/02\/de-olho-na-transformacao-das-organizacoes-executivos-de-financas-repensam-seu-papel\/#respond\"]}]},{\"@type\":\"WebPage\",\"@id\":\"https:\/\/patrocinados.estadao.com.br\/deloitte-jornada-da-sustentabilidade\/2024\/07\/02\/de-olho-na-transformacao-das-organizacoes-executivos-de-financas-repensam-seu-papel\/\",\"url\":\"https:\/\/patrocinados.estadao.com.br\/deloitte-jornada-da-sustentabilidade\/2024\/07\/02\/de-olho-na-transformacao-das-organizacoes-executivos-de-financas-repensam-seu-papel\/\",\"name\":\"De olho na transforma\u00e7\u00e3o das organiza\u00e7\u00f5es, executivos de finan\u00e7as repensam seu papel - Jornada da Sustentabilidade, oferecido por Deloitte\",\"isPartOf\":{\"@id\":\"https:\/\/patrocinados.estadao.com.br\/deloitte-jornada-da-sustentabilidade\/#website\"},\"primaryImageOfPage\":{\"@id\":\"https:\/\/patrocinados.estadao.com.br\/deloitte-jornada-da-sustentabilidade\/2024\/07\/02\/de-olho-na-transformacao-das-organizacoes-executivos-de-financas-repensam-seu-papel\/#primaryimage\"},\"image\":{\"@id\":\"https:\/\/patrocinados.estadao.com.br\/deloitte-jornada-da-sustentabilidade\/2024\/07\/02\/de-olho-na-transformacao-das-organizacoes-executivos-de-financas-repensam-seu-papel\/#primaryimage\"},\"thumbnailUrl\":\"https:\/\/patrocinados.estadao.com.br\/deloitte-jornada-da-sustentabilidade\/wp-content\/uploads\/2024\/07\/GettyImages-sb10068021b-001.jpg\",\"datePublished\":\"2024-07-02T13:00:04+00:00\",\"author\":{\"@id\":\"https:\/\/patrocinados.estadao.com.br\/deloitte-jornada-da-sustentabilidade\/#\/schema\/person\/60071a239fb5b5bc3d3d88cb8f6170a6\"},\"breadcrumb\":{\"@id\":\"https:\/\/patrocinados.estadao.com.br\/deloitte-jornada-da-sustentabilidade\/2024\/07\/02\/de-olho-na-transformacao-das-organizacoes-executivos-de-financas-repensam-seu-papel\/#breadcrumb\"},\"inLanguage\":\"pt-BR\",\"potentialAction\":[{\"@type\":\"ReadAction\",\"target\":[\"https:\/\/patrocinados.estadao.com.br\/deloitte-jornada-da-sustentabilidade\/2024\/07\/02\/de-olho-na-transformacao-das-organizacoes-executivos-de-financas-repensam-seu-papel\/\"]}]},{\"@type\":\"ImageObject\",\"inLanguage\":\"pt-BR\",\"@id\":\"https:\/\/patrocinados.estadao.com.br\/deloitte-jornada-da-sustentabilidade\/2024\/07\/02\/de-olho-na-transformacao-das-organizacoes-executivos-de-financas-repensam-seu-papel\/#primaryimage\",\"url\":\"https:\/\/patrocinados.estadao.com.br\/deloitte-jornada-da-sustentabilidade\/wp-content\/uploads\/2024\/07\/GettyImages-sb10068021b-001.jpg\",\"contentUrl\":\"https:\/\/patrocinados.estadao.com.br\/deloitte-jornada-da-sustentabilidade\/wp-content\/uploads\/2024\/07\/GettyImages-sb10068021b-001.jpg\",\"width\":2006,\"height\":1495,\"caption\":\"Dec-07\"},{\"@type\":\"BreadcrumbList\",\"@id\":\"https:\/\/patrocinados.estadao.com.br\/deloitte-jornada-da-sustentabilidade\/2024\/07\/02\/de-olho-na-transformacao-das-organizacoes-executivos-de-financas-repensam-seu-papel\/#breadcrumb\",\"itemListElement\":[{\"@type\":\"ListItem\",\"position\":1,\"name\":\"In\u00edcio\",\"item\":\"https:\/\/patrocinados.estadao.com.br\/deloitte-jornada-da-sustentabilidade\/\"},{\"@type\":\"ListItem\",\"position\":2,\"name\":\"De olho na transforma\u00e7\u00e3o das organiza\u00e7\u00f5es, executivos de finan\u00e7as repensam seu papel\"}]},{\"@type\":\"WebSite\",\"@id\":\"https:\/\/patrocinados.estadao.com.br\/deloitte-jornada-da-sustentabilidade\/#website\",\"url\":\"https:\/\/patrocinados.estadao.com.br\/deloitte-jornada-da-sustentabilidade\/\",\"name\":\"Jornada da Sustentabilidade, oferecido por Deloitte\",\"description\":\"Solu\u00e7\u00f5es de governan\u00e7a corporativa para seus desafios de neg\u00f3cios\",\"potentialAction\":[{\"@type\":\"SearchAction\",\"target\":{\"@type\":\"EntryPoint\",\"urlTemplate\":\"https:\/\/patrocinados.estadao.com.br\/deloitte-jornada-da-sustentabilidade\/?s={search_term_string}\"},\"query-input\":{\"@type\":\"PropertyValueSpecification\",\"valueRequired\":true,\"valueName\":\"search_term_string\"}}],\"inLanguage\":\"pt-BR\"},{\"@type\":\"Person\",\"@id\":\"https:\/\/patrocinados.estadao.com.br\/deloitte-jornada-da-sustentabilidade\/#\/schema\/person\/60071a239fb5b5bc3d3d88cb8f6170a6\",\"name\":\"blue_studio\",\"image\":{\"@type\":\"ImageObject\",\"inLanguage\":\"pt-BR\",\"@id\":\"https:\/\/patrocinados.estadao.com.br\/deloitte-jornada-da-sustentabilidade\/#\/schema\/person\/image\/\",\"url\":\"https:\/\/secure.gravatar.com\/avatar\/193f77a26bfc1ca843b87f20fda6efd0c212628ecc58a5c9f31ba0b89d013b17?s=96&d=mm&r=g\",\"contentUrl\":\"https:\/\/secure.gravatar.com\/avatar\/193f77a26bfc1ca843b87f20fda6efd0c212628ecc58a5c9f31ba0b89d013b17?s=96&d=mm&r=g\",\"caption\":\"blue_studio\"},\"url\":\"https:\/\/patrocinados.estadao.com.br\/deloitte-jornada-da-sustentabilidade\/author\/blue_studio\/\"}]}<\/script>\n<!-- \/ Yoast SEO plugin. -->","yoast_head_json":{"title":"De olho na transforma\u00e7\u00e3o das organiza\u00e7\u00f5es, executivos de finan\u00e7as repensam seu papel - Jornada da Sustentabilidade, oferecido por Deloitte","robots":{"index":"index","follow":"follow","max-snippet":"max-snippet:-1","max-image-preview":"max-image-preview:large","max-video-preview":"max-video-preview:-1"},"canonical":"https:\/\/patrocinados.estadao.com.br\/deloitte-jornada-da-sustentabilidade\/2024\/07\/02\/de-olho-na-transformacao-das-organizacoes-executivos-de-financas-repensam-seu-papel\/","og_locale":"pt_BR","og_type":"article","og_title":"De olho na transforma\u00e7\u00e3o das organiza\u00e7\u00f5es, executivos de finan\u00e7as repensam seu papel - Jornada da Sustentabilidade, oferecido por Deloitte","og_description":"Otimismo por um lado, preocupa\u00e7\u00f5es com os desafios e incertezas econ\u00f4micas por outro. Os CFOs (diretores financeiros) das empresas brasileiras v\u00eam trabalhando em um ambiente de neg\u00f3cios com grandes e r\u00e1pidas transforma\u00e7\u00f5es, o que exige mais aten\u00e7\u00e3o a investimentos, processos, pessoas e jornadas digitais. De acordo com a pesquisa CFO do Amanh\u00e3: Convergindo IA, Sustentabilidade [&hellip;]","og_url":"https:\/\/patrocinados.estadao.com.br\/deloitte-jornada-da-sustentabilidade\/2024\/07\/02\/de-olho-na-transformacao-das-organizacoes-executivos-de-financas-repensam-seu-papel\/","og_site_name":"Jornada da Sustentabilidade, oferecido por Deloitte","article_published_time":"2024-07-02T13:00:04+00:00","og_image":[{"width":1024,"height":763,"url":"https:\/\/patrocinados.estadao.com.br\/deloitte-jornada-da-sustentabilidade\/wp-content\/uploads\/2024\/07\/GettyImages-sb10068021b-001-1024x763.jpg","type":"image\/jpeg"}],"author":"blue_studio","twitter_card":"summary_large_image","twitter_misc":{"Escrito por":"blue_studio","Est. tempo de leitura":"5 minutos"},"schema":{"@context":"https:\/\/schema.org","@graph":[{"@type":"Article","@id":"https:\/\/patrocinados.estadao.com.br\/deloitte-jornada-da-sustentabilidade\/2024\/07\/02\/de-olho-na-transformacao-das-organizacoes-executivos-de-financas-repensam-seu-papel\/#article","isPartOf":{"@id":"https:\/\/patrocinados.estadao.com.br\/deloitte-jornada-da-sustentabilidade\/2024\/07\/02\/de-olho-na-transformacao-das-organizacoes-executivos-de-financas-repensam-seu-papel\/"},"author":{"name":"blue_studio","@id":"https:\/\/patrocinados.estadao.com.br\/deloitte-jornada-da-sustentabilidade\/#\/schema\/person\/60071a239fb5b5bc3d3d88cb8f6170a6"},"headline":"De olho na transforma\u00e7\u00e3o das organiza\u00e7\u00f5es, executivos de finan\u00e7as repensam seu papel","datePublished":"2024-07-02T13:00:04+00:00","mainEntityOfPage":{"@id":"https:\/\/patrocinados.estadao.com.br\/deloitte-jornada-da-sustentabilidade\/2024\/07\/02\/de-olho-na-transformacao-das-organizacoes-executivos-de-financas-repensam-seu-papel\/"},"wordCount":1079,"commentCount":0,"image":{"@id":"https:\/\/patrocinados.estadao.com.br\/deloitte-jornada-da-sustentabilidade\/2024\/07\/02\/de-olho-na-transformacao-das-organizacoes-executivos-de-financas-repensam-seu-papel\/#primaryimage"},"thumbnailUrl":"https:\/\/patrocinados.estadao.com.br\/deloitte-jornada-da-sustentabilidade\/wp-content\/uploads\/2024\/07\/GettyImages-sb10068021b-001.jpg","keywords":["Deloitte","ESG","setor financeiro"],"articleSection":["Conte\u00fado","Estudos"],"inLanguage":"pt-BR","potentialAction":[{"@type":"CommentAction","name":"Comment","target":["https:\/\/patrocinados.estadao.com.br\/deloitte-jornada-da-sustentabilidade\/2024\/07\/02\/de-olho-na-transformacao-das-organizacoes-executivos-de-financas-repensam-seu-papel\/#respond"]}]},{"@type":"WebPage","@id":"https:\/\/patrocinados.estadao.com.br\/deloitte-jornada-da-sustentabilidade\/2024\/07\/02\/de-olho-na-transformacao-das-organizacoes-executivos-de-financas-repensam-seu-papel\/","url":"https:\/\/patrocinados.estadao.com.br\/deloitte-jornada-da-sustentabilidade\/2024\/07\/02\/de-olho-na-transformacao-das-organizacoes-executivos-de-financas-repensam-seu-papel\/","name":"De olho na transforma\u00e7\u00e3o das organiza\u00e7\u00f5es, executivos de finan\u00e7as repensam seu papel - Jornada da Sustentabilidade, oferecido por Deloitte","isPartOf":{"@id":"https:\/\/patrocinados.estadao.com.br\/deloitte-jornada-da-sustentabilidade\/#website"},"primaryImageOfPage":{"@id":"https:\/\/patrocinados.estadao.com.br\/deloitte-jornada-da-sustentabilidade\/2024\/07\/02\/de-olho-na-transformacao-das-organizacoes-executivos-de-financas-repensam-seu-papel\/#primaryimage"},"image":{"@id":"https:\/\/patrocinados.estadao.com.br\/deloitte-jornada-da-sustentabilidade\/2024\/07\/02\/de-olho-na-transformacao-das-organizacoes-executivos-de-financas-repensam-seu-papel\/#primaryimage"},"thumbnailUrl":"https:\/\/patrocinados.estadao.com.br\/deloitte-jornada-da-sustentabilidade\/wp-content\/uploads\/2024\/07\/GettyImages-sb10068021b-001.jpg","datePublished":"2024-07-02T13:00:04+00:00","author":{"@id":"https:\/\/patrocinados.estadao.com.br\/deloitte-jornada-da-sustentabilidade\/#\/schema\/person\/60071a239fb5b5bc3d3d88cb8f6170a6"},"breadcrumb":{"@id":"https:\/\/patrocinados.estadao.com.br\/deloitte-jornada-da-sustentabilidade\/2024\/07\/02\/de-olho-na-transformacao-das-organizacoes-executivos-de-financas-repensam-seu-papel\/#breadcrumb"},"inLanguage":"pt-BR","potentialAction":[{"@type":"ReadAction","target":["https:\/\/patrocinados.estadao.com.br\/deloitte-jornada-da-sustentabilidade\/2024\/07\/02\/de-olho-na-transformacao-das-organizacoes-executivos-de-financas-repensam-seu-papel\/"]}]},{"@type":"ImageObject","inLanguage":"pt-BR","@id":"https:\/\/patrocinados.estadao.com.br\/deloitte-jornada-da-sustentabilidade\/2024\/07\/02\/de-olho-na-transformacao-das-organizacoes-executivos-de-financas-repensam-seu-papel\/#primaryimage","url":"https:\/\/patrocinados.estadao.com.br\/deloitte-jornada-da-sustentabilidade\/wp-content\/uploads\/2024\/07\/GettyImages-sb10068021b-001.jpg","contentUrl":"https:\/\/patrocinados.estadao.com.br\/deloitte-jornada-da-sustentabilidade\/wp-content\/uploads\/2024\/07\/GettyImages-sb10068021b-001.jpg","width":2006,"height":1495,"caption":"Dec-07"},{"@type":"BreadcrumbList","@id":"https:\/\/patrocinados.estadao.com.br\/deloitte-jornada-da-sustentabilidade\/2024\/07\/02\/de-olho-na-transformacao-das-organizacoes-executivos-de-financas-repensam-seu-papel\/#breadcrumb","itemListElement":[{"@type":"ListItem","position":1,"name":"In\u00edcio","item":"https:\/\/patrocinados.estadao.com.br\/deloitte-jornada-da-sustentabilidade\/"},{"@type":"ListItem","position":2,"name":"De olho na transforma\u00e7\u00e3o das organiza\u00e7\u00f5es, executivos de finan\u00e7as repensam seu papel"}]},{"@type":"WebSite","@id":"https:\/\/patrocinados.estadao.com.br\/deloitte-jornada-da-sustentabilidade\/#website","url":"https:\/\/patrocinados.estadao.com.br\/deloitte-jornada-da-sustentabilidade\/","name":"Jornada da Sustentabilidade, oferecido por Deloitte","description":"Solu\u00e7\u00f5es de governan\u00e7a corporativa para seus desafios de neg\u00f3cios","potentialAction":[{"@type":"SearchAction","target":{"@type":"EntryPoint","urlTemplate":"https:\/\/patrocinados.estadao.com.br\/deloitte-jornada-da-sustentabilidade\/?s={search_term_string}"},"query-input":{"@type":"PropertyValueSpecification","valueRequired":true,"valueName":"search_term_string"}}],"inLanguage":"pt-BR"},{"@type":"Person","@id":"https:\/\/patrocinados.estadao.com.br\/deloitte-jornada-da-sustentabilidade\/#\/schema\/person\/60071a239fb5b5bc3d3d88cb8f6170a6","name":"blue_studio","image":{"@type":"ImageObject","inLanguage":"pt-BR","@id":"https:\/\/patrocinados.estadao.com.br\/deloitte-jornada-da-sustentabilidade\/#\/schema\/person\/image\/","url":"https:\/\/secure.gravatar.com\/avatar\/193f77a26bfc1ca843b87f20fda6efd0c212628ecc58a5c9f31ba0b89d013b17?s=96&d=mm&r=g","contentUrl":"https:\/\/secure.gravatar.com\/avatar\/193f77a26bfc1ca843b87f20fda6efd0c212628ecc58a5c9f31ba0b89d013b17?s=96&d=mm&r=g","caption":"blue_studio"},"url":"https:\/\/patrocinados.estadao.com.br\/deloitte-jornada-da-sustentabilidade\/author\/blue_studio\/"}]}},"_links":{"self":[{"href":"https:\/\/patrocinados.estadao.com.br\/deloitte-jornada-da-sustentabilidade\/wp-json\/wp\/v2\/posts\/2561","targetHints":{"allow":["GET"]}}],"collection":[{"href":"https:\/\/patrocinados.estadao.com.br\/deloitte-jornada-da-sustentabilidade\/wp-json\/wp\/v2\/posts"}],"about":[{"href":"https:\/\/patrocinados.estadao.com.br\/deloitte-jornada-da-sustentabilidade\/wp-json\/wp\/v2\/types\/post"}],"author":[{"embeddable":true,"href":"https:\/\/patrocinados.estadao.com.br\/deloitte-jornada-da-sustentabilidade\/wp-json\/wp\/v2\/users\/8"}],"replies":[{"embeddable":true,"href":"https:\/\/patrocinados.estadao.com.br\/deloitte-jornada-da-sustentabilidade\/wp-json\/wp\/v2\/comments?post=2561"}],"version-history":[{"count":2,"href":"https:\/\/patrocinados.estadao.com.br\/deloitte-jornada-da-sustentabilidade\/wp-json\/wp\/v2\/posts\/2561\/revisions"}],"predecessor-version":[{"id":2564,"href":"https:\/\/patrocinados.estadao.com.br\/deloitte-jornada-da-sustentabilidade\/wp-json\/wp\/v2\/posts\/2561\/revisions\/2564"}],"wp:featuredmedia":[{"embeddable":true,"href":"https:\/\/patrocinados.estadao.com.br\/deloitte-jornada-da-sustentabilidade\/wp-json\/wp\/v2\/media\/2562"}],"wp:attachment":[{"href":"https:\/\/patrocinados.estadao.com.br\/deloitte-jornada-da-sustentabilidade\/wp-json\/wp\/v2\/media?parent=2561"}],"wp:term":[{"taxonomy":"category","embeddable":true,"href":"https:\/\/patrocinados.estadao.com.br\/deloitte-jornada-da-sustentabilidade\/wp-json\/wp\/v2\/categories?post=2561"},{"taxonomy":"post_tag","embeddable":true,"href":"https:\/\/patrocinados.estadao.com.br\/deloitte-jornada-da-sustentabilidade\/wp-json\/wp\/v2\/tags?post=2561"}],"curies":[{"name":"wp","href":"https:\/\/api.w.org\/{rel}","templated":true}]}}