{"id":245,"date":"2016-08-30T17:22:48","date_gmt":"2016-08-30T17:22:48","guid":{"rendered":"https:\/\/patrocinados.estadao.com.br\/deloitte-esg-esg\/?p=245"},"modified":"2021-09-20T12:09:55","modified_gmt":"2021-09-20T15:09:55","slug":"implantacao-do-ifrs-9-vai-alem-dos-padroes-contabeis","status":"publish","type":"post","link":"https:\/\/patrocinados.estadao.com.br\/deloitte-jornada-da-sustentabilidade\/2016\/08\/30\/implantacao-do-ifrs-9-vai-alem-dos-padroes-contabeis\/","title":{"rendered":"Implanta\u00e7\u00e3o do IFRS 9 vai al\u00e9m dos padr\u00f5es cont\u00e1beis"},"content":{"rendered":"<p>O IFRS 9 (International Financial Reporting Standards 9), que passa a valer a partir de 01\/01\/2018, traz muito mais do que novos padr\u00f5es cont\u00e1beis, mas a necessidade de rever toda a estrutura de governan\u00e7a, capacitando as \u00e1reas envolvidas para esta nova realidade.<\/p>\n<p>Empresas de todos os setores e principalmente institui\u00e7\u00f5es financeiras que seguem os padr\u00f5es cont\u00e1beis internacionais devem implementar o IFRS 9.\u00a0 \u201cTrata-se da maior altera\u00e7\u00e3o desde a cria\u00e7\u00e3o do IFRS, motivada principalmente pela crise de 2008, em derivativos e ativos t\u00f3xicos, onde todos os stakeholders tiveram expressivas perdas que n\u00e3o puderam ser previstas\u201d, explica Gilberto Souza, s\u00f3cio da \u00e1rea de Mercado de Capitais da Deloitte.<\/p>\n<p><strong>Principais mudan\u00e7as<\/strong><\/p>\n<p>O IFRS 9 prop\u00f5e mudan\u00e7as significativas em proje\u00e7\u00f5es de resultados, pagamento de dividendos e percep\u00e7\u00e3o de valor de mercado das empresas. Deve gerar impactos maiores nas institui\u00e7\u00f5es financeiras, considerando-se o efeito no volume e a volatilidade de provis\u00f5es para perdas. Espera-se, ainda, que afete o \u00edndice de Basileia, que mede a rela\u00e7\u00e3o entre o capital das institui\u00e7\u00f5es financeiras e os recursos emprestados.<\/p>\n<p>Hoje, a contabilidade, atrav\u00e9s do CPC 38 (IAS 39), apura perdas incorridas. Com a nova norma, ser\u00e1 necess\u00e1rio contabilizar tamb\u00e9m uma provis\u00e3o para perdas esperadas.<\/p>\n<p>\u201cDeve-se determinar uma probabilidade de perda esperada nas suas transa\u00e7\u00f5es e contabiliz\u00e1-la da melhor maneira. Para isso, ser\u00e1 necess\u00e1rio estabelecer m\u00e9tricas estat\u00edsticas de comportamento hist\u00f3rico do devedor. O gerenciamento da base de dados dos bancos passa a ser ainda mais fundamental\u201d, argumenta.<\/p>\n<p><strong>Estrutura de Governan\u00e7a<\/strong><\/p>\n<p>Gilberto Souza explica os impactos da nova norma: \u201c\u00e1reas como Tecnologia, Controles Internos e Governan\u00e7a Corporativa ser\u00e3o bastante afetadas. As unidades de Finan\u00e7as, Controladoria e Rela\u00e7\u00f5es com Investidores tamb\u00e9m est\u00e3o nesta lista, tanto por conta do aumento dos requerimentos de divulga\u00e7\u00e3o impostos pela ado\u00e7\u00e3o do IFRS 9, quanto pelo maior grau de transpar\u00eancia nos princ\u00edpios, organiza\u00e7\u00e3o e informa\u00e7\u00f5es\u201d.<\/p>\n<p>Segundo ele, tamb\u00e9m s\u00e3o esperados o aumento de controles internos para valida\u00e7\u00e3o do modelo adotado e an\u00e1lise dos resultados produzidos, seus impactos no patrim\u00f4nio l\u00edquido, lucro, gest\u00e3o de dividendos e proje\u00e7\u00f5es de resultados. Pode gerar impacto tamb\u00e9m na forma\u00e7\u00e3o de pre\u00e7os, al\u00e9m da preocupa\u00e7\u00e3o em manter o n\u00edvel de qualidade dos dados.<\/p>\n<p>\u201cAinda que n\u00e3o haja incremento nos n\u00edveis de inadimpl\u00eancia, \u00e9 preciso quantificar adequadamente o risco. \u00c9 necess\u00e1rio conhecer muito bem os clientes, sua carteira de cr\u00e9dito e contas a receber. Quanto melhor a empresa gerenciar seus riscos de cr\u00e9dito, menor o impacto nos dividendos e nas a\u00e7\u00f5es da companhia\u201d, explica.<\/p>\n<p><strong>Como se preparar?<\/strong><\/p>\n<p>Embora a norma entre em vigor apenas em 2018, Gilberto Souza esclarece que a adapta\u00e7\u00e3o deve come\u00e7ar bem antes. \u201cAs informa\u00e7\u00f5es financeiras, pela nova regra, devem ser divulgadas de forma comparativa: em rela\u00e7\u00e3o ao menos a 2017. Sendo assim, as empresas j\u00e1 deveriam olhar hoje para estes dados, de forma a reunir indicativos que proporcionem esta compara\u00e7\u00e3o\u201d.<\/p>\n<p>Para o consultor, este processo, em bancos, por exemplo, leva cerca de dois anos para ser realizado satisfatoriamente, dependendo do seu porte e complexidade.<\/p>\n<p><strong>10 aspectos a observar<\/strong><\/p>\n<p>1 &#8211; Comunica\u00e7\u00e3o: informar e instruir todas as \u00e1reas envolvidas da empresa.<br \/>\n2 &#8211; Gest\u00e3o da base de dados<br \/>\n3 &#8211; Gest\u00e3o e desenvolvimento de modelos de cr\u00e9dito<br \/>\n4 &#8211; Gerenciamento do projeto<br \/>\n5 &#8211; Treinamento das \u00e1reas envolvidas<br \/>\n6 &#8211; Pol\u00edtica de divulga\u00e7\u00e3o ao mercado: informa\u00e7\u00f5es ao investidor<br \/>\n7 &#8211; Estrat\u00e9gia comercial: no caso dos bancos, poder\u00e1 haver impacto nas taxas de juros, em fun\u00e7\u00e3o da gest\u00e3o do risco de cr\u00e9dito. Dever\u00e3o avaliar estrat\u00e9gia de descontinuar produtos pouco rent\u00e1veis, por exemplo.<br \/>\n8 &#8211; Tecnologia: desafio de criar ferramenta para c\u00e1lculo de perda esperada e implement\u00e1-la no dia a dia, diante de constantes mudan\u00e7as tecnol\u00f3gicas.<br \/>\n9 &#8211; Impacto no \u00edndice de Basileia: para alguns bancos, ser\u00e1 necess\u00e1rio pensar em alternativas para captar recursos.<br \/>\n10 &#8211; Impacto no resultado: quanto melhor gerenciar o risco de cr\u00e9dito, menor o impacto no patrim\u00f4nio e no lucro dos bancos<\/p>\n","protected":false},"excerpt":{"rendered":"<p>Principais \u00e1reas envolvidas s\u00e3o Controles Internos, Gest\u00e3o de Risco, Compliance, Controladoria, Rela\u00e7\u00f5es com Investidores, Auditoria Interna, diferentes comit\u00eas e conselhos<\/p>\n","protected":false},"author":2,"featured_media":1748,"comment_status":"open","ping_status":"closed","sticky":false,"template":"","format":"standard","meta":{"_acf_changed":false,"footnotes":""},"categories":[1],"tags":[],"class_list":["post-245","post","type-post","status-publish","format-standard","has-post-thumbnail","hentry","category-sem-categoria"],"acf":[],"yoast_head":"<!-- This site is optimized with the Yoast SEO plugin v27.1.1 - https:\/\/yoast.com\/product\/yoast-seo-wordpress\/ -->\n<title>Implanta\u00e7\u00e3o do IFRS 9 vai al\u00e9m dos padr\u00f5es cont\u00e1beis - Jornada da Sustentabilidade, oferecido por Deloitte<\/title>\n<meta name=\"robots\" content=\"index, follow, max-snippet:-1, max-image-preview:large, max-video-preview:-1\" \/>\n<link rel=\"canonical\" href=\"https:\/\/patrocinados.estadao.com.br\/deloitte-jornada-da-sustentabilidade\/2016\/08\/30\/implantacao-do-ifrs-9-vai-alem-dos-padroes-contabeis\/\" \/>\n<meta property=\"og:locale\" content=\"pt_BR\" \/>\n<meta property=\"og:type\" content=\"article\" \/>\n<meta property=\"og:title\" content=\"Implanta\u00e7\u00e3o do IFRS 9 vai al\u00e9m dos padr\u00f5es cont\u00e1beis - Jornada da Sustentabilidade, oferecido por Deloitte\" \/>\n<meta property=\"og:description\" content=\"Principais \u00e1reas envolvidas s\u00e3o Controles Internos, Gest\u00e3o de Risco, Compliance, Controladoria, Rela\u00e7\u00f5es com Investidores, Auditoria Interna, diferentes comit\u00eas e conselhos\" \/>\n<meta property=\"og:url\" content=\"https:\/\/patrocinados.estadao.com.br\/deloitte-jornada-da-sustentabilidade\/2016\/08\/30\/implantacao-do-ifrs-9-vai-alem-dos-padroes-contabeis\/\" \/>\n<meta property=\"og:site_name\" content=\"Jornada da Sustentabilidade, oferecido por Deloitte\" \/>\n<meta property=\"article:published_time\" content=\"2016-08-30T17:22:48+00:00\" \/>\n<meta property=\"article:modified_time\" content=\"2021-09-20T15:09:55+00:00\" \/>\n<meta property=\"og:image\" content=\"https:\/\/patrocinados.estadao.com.br\/deloitte-jornada-da-sustentabilidade\/wp-content\/uploads\/2021\/09\/49_932.jpg\" \/>\n\t<meta property=\"og:image:width\" content=\"932\" \/>\n\t<meta property=\"og:image:height\" content=\"524\" \/>\n\t<meta property=\"og:image:type\" content=\"image\/jpeg\" \/>\n<meta name=\"author\" content=\"Geosfera\" \/>\n<meta name=\"twitter:card\" content=\"summary_large_image\" \/>\n<meta name=\"twitter:label1\" content=\"Escrito por\" \/>\n\t<meta name=\"twitter:data1\" content=\"Geosfera\" \/>\n\t<meta name=\"twitter:label2\" content=\"Est. tempo de leitura\" \/>\n\t<meta name=\"twitter:data2\" content=\"3 minutos\" \/>\n<script type=\"application\/ld+json\" class=\"yoast-schema-graph\">{\"@context\":\"https:\/\/schema.org\",\"@graph\":[{\"@type\":\"Article\",\"@id\":\"https:\/\/patrocinados.estadao.com.br\/deloitte-jornada-da-sustentabilidade\/2016\/08\/30\/implantacao-do-ifrs-9-vai-alem-dos-padroes-contabeis\/#article\",\"isPartOf\":{\"@id\":\"https:\/\/patrocinados.estadao.com.br\/deloitte-jornada-da-sustentabilidade\/2016\/08\/30\/implantacao-do-ifrs-9-vai-alem-dos-padroes-contabeis\/\"},\"author\":{\"name\":\"Geosfera\",\"@id\":\"https:\/\/patrocinados.estadao.com.br\/deloitte-jornada-da-sustentabilidade\/#\/schema\/person\/9be56940425d4f31e0c82015d0fd725f\"},\"headline\":\"Implanta\u00e7\u00e3o do IFRS 9 vai al\u00e9m dos padr\u00f5es cont\u00e1beis\",\"datePublished\":\"2016-08-30T17:22:48+00:00\",\"dateModified\":\"2021-09-20T15:09:55+00:00\",\"mainEntityOfPage\":{\"@id\":\"https:\/\/patrocinados.estadao.com.br\/deloitte-jornada-da-sustentabilidade\/2016\/08\/30\/implantacao-do-ifrs-9-vai-alem-dos-padroes-contabeis\/\"},\"wordCount\":711,\"commentCount\":0,\"image\":{\"@id\":\"https:\/\/patrocinados.estadao.com.br\/deloitte-jornada-da-sustentabilidade\/2016\/08\/30\/implantacao-do-ifrs-9-vai-alem-dos-padroes-contabeis\/#primaryimage\"},\"thumbnailUrl\":\"https:\/\/patrocinados.estadao.com.br\/deloitte-jornada-da-sustentabilidade\/wp-content\/uploads\/2021\/09\/49_932.jpg\",\"inLanguage\":\"pt-BR\",\"potentialAction\":[{\"@type\":\"CommentAction\",\"name\":\"Comment\",\"target\":[\"https:\/\/patrocinados.estadao.com.br\/deloitte-jornada-da-sustentabilidade\/2016\/08\/30\/implantacao-do-ifrs-9-vai-alem-dos-padroes-contabeis\/#respond\"]}]},{\"@type\":\"WebPage\",\"@id\":\"https:\/\/patrocinados.estadao.com.br\/deloitte-jornada-da-sustentabilidade\/2016\/08\/30\/implantacao-do-ifrs-9-vai-alem-dos-padroes-contabeis\/\",\"url\":\"https:\/\/patrocinados.estadao.com.br\/deloitte-jornada-da-sustentabilidade\/2016\/08\/30\/implantacao-do-ifrs-9-vai-alem-dos-padroes-contabeis\/\",\"name\":\"Implanta\u00e7\u00e3o do IFRS 9 vai al\u00e9m dos padr\u00f5es cont\u00e1beis - Jornada da Sustentabilidade, oferecido por Deloitte\",\"isPartOf\":{\"@id\":\"https:\/\/patrocinados.estadao.com.br\/deloitte-jornada-da-sustentabilidade\/#website\"},\"primaryImageOfPage\":{\"@id\":\"https:\/\/patrocinados.estadao.com.br\/deloitte-jornada-da-sustentabilidade\/2016\/08\/30\/implantacao-do-ifrs-9-vai-alem-dos-padroes-contabeis\/#primaryimage\"},\"image\":{\"@id\":\"https:\/\/patrocinados.estadao.com.br\/deloitte-jornada-da-sustentabilidade\/2016\/08\/30\/implantacao-do-ifrs-9-vai-alem-dos-padroes-contabeis\/#primaryimage\"},\"thumbnailUrl\":\"https:\/\/patrocinados.estadao.com.br\/deloitte-jornada-da-sustentabilidade\/wp-content\/uploads\/2021\/09\/49_932.jpg\",\"datePublished\":\"2016-08-30T17:22:48+00:00\",\"dateModified\":\"2021-09-20T15:09:55+00:00\",\"author\":{\"@id\":\"https:\/\/patrocinados.estadao.com.br\/deloitte-jornada-da-sustentabilidade\/#\/schema\/person\/9be56940425d4f31e0c82015d0fd725f\"},\"breadcrumb\":{\"@id\":\"https:\/\/patrocinados.estadao.com.br\/deloitte-jornada-da-sustentabilidade\/2016\/08\/30\/implantacao-do-ifrs-9-vai-alem-dos-padroes-contabeis\/#breadcrumb\"},\"inLanguage\":\"pt-BR\",\"potentialAction\":[{\"@type\":\"ReadAction\",\"target\":[\"https:\/\/patrocinados.estadao.com.br\/deloitte-jornada-da-sustentabilidade\/2016\/08\/30\/implantacao-do-ifrs-9-vai-alem-dos-padroes-contabeis\/\"]}]},{\"@type\":\"ImageObject\",\"inLanguage\":\"pt-BR\",\"@id\":\"https:\/\/patrocinados.estadao.com.br\/deloitte-jornada-da-sustentabilidade\/2016\/08\/30\/implantacao-do-ifrs-9-vai-alem-dos-padroes-contabeis\/#primaryimage\",\"url\":\"https:\/\/patrocinados.estadao.com.br\/deloitte-jornada-da-sustentabilidade\/wp-content\/uploads\/2021\/09\/49_932.jpg\",\"contentUrl\":\"https:\/\/patrocinados.estadao.com.br\/deloitte-jornada-da-sustentabilidade\/wp-content\/uploads\/2021\/09\/49_932.jpg\",\"width\":932,\"height\":524},{\"@type\":\"BreadcrumbList\",\"@id\":\"https:\/\/patrocinados.estadao.com.br\/deloitte-jornada-da-sustentabilidade\/2016\/08\/30\/implantacao-do-ifrs-9-vai-alem-dos-padroes-contabeis\/#breadcrumb\",\"itemListElement\":[{\"@type\":\"ListItem\",\"position\":1,\"name\":\"In\u00edcio\",\"item\":\"https:\/\/patrocinados.estadao.com.br\/deloitte-jornada-da-sustentabilidade\/\"},{\"@type\":\"ListItem\",\"position\":2,\"name\":\"Implanta\u00e7\u00e3o do IFRS 9 vai al\u00e9m dos padr\u00f5es cont\u00e1beis\"}]},{\"@type\":\"WebSite\",\"@id\":\"https:\/\/patrocinados.estadao.com.br\/deloitte-jornada-da-sustentabilidade\/#website\",\"url\":\"https:\/\/patrocinados.estadao.com.br\/deloitte-jornada-da-sustentabilidade\/\",\"name\":\"Jornada da Sustentabilidade, oferecido por Deloitte\",\"description\":\"Solu\u00e7\u00f5es de governan\u00e7a corporativa para seus desafios de neg\u00f3cios\",\"potentialAction\":[{\"@type\":\"SearchAction\",\"target\":{\"@type\":\"EntryPoint\",\"urlTemplate\":\"https:\/\/patrocinados.estadao.com.br\/deloitte-jornada-da-sustentabilidade\/?s={search_term_string}\"},\"query-input\":{\"@type\":\"PropertyValueSpecification\",\"valueRequired\":true,\"valueName\":\"search_term_string\"}}],\"inLanguage\":\"pt-BR\"},{\"@type\":\"Person\",\"@id\":\"https:\/\/patrocinados.estadao.com.br\/deloitte-jornada-da-sustentabilidade\/#\/schema\/person\/9be56940425d4f31e0c82015d0fd725f\",\"name\":\"Geosfera\",\"image\":{\"@type\":\"ImageObject\",\"inLanguage\":\"pt-BR\",\"@id\":\"https:\/\/patrocinados.estadao.com.br\/deloitte-jornada-da-sustentabilidade\/#\/schema\/person\/image\/\",\"url\":\"https:\/\/secure.gravatar.com\/avatar\/9d33d40efdce4963188a84bd4777a5f81f7c8e9cfcc15e6853c05f5cfee4c0ab?s=96&d=mm&r=g\",\"contentUrl\":\"https:\/\/secure.gravatar.com\/avatar\/9d33d40efdce4963188a84bd4777a5f81f7c8e9cfcc15e6853c05f5cfee4c0ab?s=96&d=mm&r=g\",\"caption\":\"Geosfera\"},\"sameAs\":[\"http:\/\/geosfera.com.br\"],\"url\":\"https:\/\/patrocinados.estadao.com.br\/deloitte-jornada-da-sustentabilidade\/author\/geosfera_deloitte\/\"}]}<\/script>\n<!-- \/ Yoast SEO plugin. -->","yoast_head_json":{"title":"Implanta\u00e7\u00e3o do IFRS 9 vai al\u00e9m dos padr\u00f5es cont\u00e1beis - Jornada da Sustentabilidade, oferecido por Deloitte","robots":{"index":"index","follow":"follow","max-snippet":"max-snippet:-1","max-image-preview":"max-image-preview:large","max-video-preview":"max-video-preview:-1"},"canonical":"https:\/\/patrocinados.estadao.com.br\/deloitte-jornada-da-sustentabilidade\/2016\/08\/30\/implantacao-do-ifrs-9-vai-alem-dos-padroes-contabeis\/","og_locale":"pt_BR","og_type":"article","og_title":"Implanta\u00e7\u00e3o do IFRS 9 vai al\u00e9m dos padr\u00f5es cont\u00e1beis - Jornada da Sustentabilidade, oferecido por Deloitte","og_description":"Principais \u00e1reas envolvidas s\u00e3o Controles Internos, Gest\u00e3o de Risco, Compliance, Controladoria, Rela\u00e7\u00f5es com Investidores, Auditoria Interna, diferentes comit\u00eas e conselhos","og_url":"https:\/\/patrocinados.estadao.com.br\/deloitte-jornada-da-sustentabilidade\/2016\/08\/30\/implantacao-do-ifrs-9-vai-alem-dos-padroes-contabeis\/","og_site_name":"Jornada da Sustentabilidade, oferecido por Deloitte","article_published_time":"2016-08-30T17:22:48+00:00","article_modified_time":"2021-09-20T15:09:55+00:00","og_image":[{"width":932,"height":524,"url":"https:\/\/patrocinados.estadao.com.br\/deloitte-jornada-da-sustentabilidade\/wp-content\/uploads\/2021\/09\/49_932.jpg","type":"image\/jpeg"}],"author":"Geosfera","twitter_card":"summary_large_image","twitter_misc":{"Escrito por":"Geosfera","Est. tempo de leitura":"3 minutos"},"schema":{"@context":"https:\/\/schema.org","@graph":[{"@type":"Article","@id":"https:\/\/patrocinados.estadao.com.br\/deloitte-jornada-da-sustentabilidade\/2016\/08\/30\/implantacao-do-ifrs-9-vai-alem-dos-padroes-contabeis\/#article","isPartOf":{"@id":"https:\/\/patrocinados.estadao.com.br\/deloitte-jornada-da-sustentabilidade\/2016\/08\/30\/implantacao-do-ifrs-9-vai-alem-dos-padroes-contabeis\/"},"author":{"name":"Geosfera","@id":"https:\/\/patrocinados.estadao.com.br\/deloitte-jornada-da-sustentabilidade\/#\/schema\/person\/9be56940425d4f31e0c82015d0fd725f"},"headline":"Implanta\u00e7\u00e3o do IFRS 9 vai al\u00e9m dos padr\u00f5es cont\u00e1beis","datePublished":"2016-08-30T17:22:48+00:00","dateModified":"2021-09-20T15:09:55+00:00","mainEntityOfPage":{"@id":"https:\/\/patrocinados.estadao.com.br\/deloitte-jornada-da-sustentabilidade\/2016\/08\/30\/implantacao-do-ifrs-9-vai-alem-dos-padroes-contabeis\/"},"wordCount":711,"commentCount":0,"image":{"@id":"https:\/\/patrocinados.estadao.com.br\/deloitte-jornada-da-sustentabilidade\/2016\/08\/30\/implantacao-do-ifrs-9-vai-alem-dos-padroes-contabeis\/#primaryimage"},"thumbnailUrl":"https:\/\/patrocinados.estadao.com.br\/deloitte-jornada-da-sustentabilidade\/wp-content\/uploads\/2021\/09\/49_932.jpg","inLanguage":"pt-BR","potentialAction":[{"@type":"CommentAction","name":"Comment","target":["https:\/\/patrocinados.estadao.com.br\/deloitte-jornada-da-sustentabilidade\/2016\/08\/30\/implantacao-do-ifrs-9-vai-alem-dos-padroes-contabeis\/#respond"]}]},{"@type":"WebPage","@id":"https:\/\/patrocinados.estadao.com.br\/deloitte-jornada-da-sustentabilidade\/2016\/08\/30\/implantacao-do-ifrs-9-vai-alem-dos-padroes-contabeis\/","url":"https:\/\/patrocinados.estadao.com.br\/deloitte-jornada-da-sustentabilidade\/2016\/08\/30\/implantacao-do-ifrs-9-vai-alem-dos-padroes-contabeis\/","name":"Implanta\u00e7\u00e3o do IFRS 9 vai al\u00e9m dos padr\u00f5es cont\u00e1beis - Jornada da Sustentabilidade, oferecido por Deloitte","isPartOf":{"@id":"https:\/\/patrocinados.estadao.com.br\/deloitte-jornada-da-sustentabilidade\/#website"},"primaryImageOfPage":{"@id":"https:\/\/patrocinados.estadao.com.br\/deloitte-jornada-da-sustentabilidade\/2016\/08\/30\/implantacao-do-ifrs-9-vai-alem-dos-padroes-contabeis\/#primaryimage"},"image":{"@id":"https:\/\/patrocinados.estadao.com.br\/deloitte-jornada-da-sustentabilidade\/2016\/08\/30\/implantacao-do-ifrs-9-vai-alem-dos-padroes-contabeis\/#primaryimage"},"thumbnailUrl":"https:\/\/patrocinados.estadao.com.br\/deloitte-jornada-da-sustentabilidade\/wp-content\/uploads\/2021\/09\/49_932.jpg","datePublished":"2016-08-30T17:22:48+00:00","dateModified":"2021-09-20T15:09:55+00:00","author":{"@id":"https:\/\/patrocinados.estadao.com.br\/deloitte-jornada-da-sustentabilidade\/#\/schema\/person\/9be56940425d4f31e0c82015d0fd725f"},"breadcrumb":{"@id":"https:\/\/patrocinados.estadao.com.br\/deloitte-jornada-da-sustentabilidade\/2016\/08\/30\/implantacao-do-ifrs-9-vai-alem-dos-padroes-contabeis\/#breadcrumb"},"inLanguage":"pt-BR","potentialAction":[{"@type":"ReadAction","target":["https:\/\/patrocinados.estadao.com.br\/deloitte-jornada-da-sustentabilidade\/2016\/08\/30\/implantacao-do-ifrs-9-vai-alem-dos-padroes-contabeis\/"]}]},{"@type":"ImageObject","inLanguage":"pt-BR","@id":"https:\/\/patrocinados.estadao.com.br\/deloitte-jornada-da-sustentabilidade\/2016\/08\/30\/implantacao-do-ifrs-9-vai-alem-dos-padroes-contabeis\/#primaryimage","url":"https:\/\/patrocinados.estadao.com.br\/deloitte-jornada-da-sustentabilidade\/wp-content\/uploads\/2021\/09\/49_932.jpg","contentUrl":"https:\/\/patrocinados.estadao.com.br\/deloitte-jornada-da-sustentabilidade\/wp-content\/uploads\/2021\/09\/49_932.jpg","width":932,"height":524},{"@type":"BreadcrumbList","@id":"https:\/\/patrocinados.estadao.com.br\/deloitte-jornada-da-sustentabilidade\/2016\/08\/30\/implantacao-do-ifrs-9-vai-alem-dos-padroes-contabeis\/#breadcrumb","itemListElement":[{"@type":"ListItem","position":1,"name":"In\u00edcio","item":"https:\/\/patrocinados.estadao.com.br\/deloitte-jornada-da-sustentabilidade\/"},{"@type":"ListItem","position":2,"name":"Implanta\u00e7\u00e3o do IFRS 9 vai al\u00e9m dos padr\u00f5es cont\u00e1beis"}]},{"@type":"WebSite","@id":"https:\/\/patrocinados.estadao.com.br\/deloitte-jornada-da-sustentabilidade\/#website","url":"https:\/\/patrocinados.estadao.com.br\/deloitte-jornada-da-sustentabilidade\/","name":"Jornada da Sustentabilidade, oferecido por Deloitte","description":"Solu\u00e7\u00f5es de governan\u00e7a corporativa para seus desafios de neg\u00f3cios","potentialAction":[{"@type":"SearchAction","target":{"@type":"EntryPoint","urlTemplate":"https:\/\/patrocinados.estadao.com.br\/deloitte-jornada-da-sustentabilidade\/?s={search_term_string}"},"query-input":{"@type":"PropertyValueSpecification","valueRequired":true,"valueName":"search_term_string"}}],"inLanguage":"pt-BR"},{"@type":"Person","@id":"https:\/\/patrocinados.estadao.com.br\/deloitte-jornada-da-sustentabilidade\/#\/schema\/person\/9be56940425d4f31e0c82015d0fd725f","name":"Geosfera","image":{"@type":"ImageObject","inLanguage":"pt-BR","@id":"https:\/\/patrocinados.estadao.com.br\/deloitte-jornada-da-sustentabilidade\/#\/schema\/person\/image\/","url":"https:\/\/secure.gravatar.com\/avatar\/9d33d40efdce4963188a84bd4777a5f81f7c8e9cfcc15e6853c05f5cfee4c0ab?s=96&d=mm&r=g","contentUrl":"https:\/\/secure.gravatar.com\/avatar\/9d33d40efdce4963188a84bd4777a5f81f7c8e9cfcc15e6853c05f5cfee4c0ab?s=96&d=mm&r=g","caption":"Geosfera"},"sameAs":["http:\/\/geosfera.com.br"],"url":"https:\/\/patrocinados.estadao.com.br\/deloitte-jornada-da-sustentabilidade\/author\/geosfera_deloitte\/"}]}},"_links":{"self":[{"href":"https:\/\/patrocinados.estadao.com.br\/deloitte-jornada-da-sustentabilidade\/wp-json\/wp\/v2\/posts\/245","targetHints":{"allow":["GET"]}}],"collection":[{"href":"https:\/\/patrocinados.estadao.com.br\/deloitte-jornada-da-sustentabilidade\/wp-json\/wp\/v2\/posts"}],"about":[{"href":"https:\/\/patrocinados.estadao.com.br\/deloitte-jornada-da-sustentabilidade\/wp-json\/wp\/v2\/types\/post"}],"author":[{"embeddable":true,"href":"https:\/\/patrocinados.estadao.com.br\/deloitte-jornada-da-sustentabilidade\/wp-json\/wp\/v2\/users\/2"}],"replies":[{"embeddable":true,"href":"https:\/\/patrocinados.estadao.com.br\/deloitte-jornada-da-sustentabilidade\/wp-json\/wp\/v2\/comments?post=245"}],"version-history":[{"count":1,"href":"https:\/\/patrocinados.estadao.com.br\/deloitte-jornada-da-sustentabilidade\/wp-json\/wp\/v2\/posts\/245\/revisions"}],"predecessor-version":[{"id":1949,"href":"https:\/\/patrocinados.estadao.com.br\/deloitte-jornada-da-sustentabilidade\/wp-json\/wp\/v2\/posts\/245\/revisions\/1949"}],"wp:featuredmedia":[{"embeddable":true,"href":"https:\/\/patrocinados.estadao.com.br\/deloitte-jornada-da-sustentabilidade\/wp-json\/wp\/v2\/media\/1748"}],"wp:attachment":[{"href":"https:\/\/patrocinados.estadao.com.br\/deloitte-jornada-da-sustentabilidade\/wp-json\/wp\/v2\/media?parent=245"}],"wp:term":[{"taxonomy":"category","embeddable":true,"href":"https:\/\/patrocinados.estadao.com.br\/deloitte-jornada-da-sustentabilidade\/wp-json\/wp\/v2\/categories?post=245"},{"taxonomy":"post_tag","embeddable":true,"href":"https:\/\/patrocinados.estadao.com.br\/deloitte-jornada-da-sustentabilidade\/wp-json\/wp\/v2\/tags?post=245"}],"curies":[{"name":"wp","href":"https:\/\/api.w.org\/{rel}","templated":true}]}}