{"id":2437,"date":"2023-11-16T16:44:02","date_gmt":"2023-11-16T19:44:02","guid":{"rendered":"https:\/\/patrocinados.estadao.com.br\/deloitte-esg\/?p=2437"},"modified":"2023-11-16T16:44:02","modified_gmt":"2023-11-16T19:44:02","slug":"empresas-terao-novas-normas-para-divulgar-informacoes-de-sustentabilidade-e-clima-entenda-o-cenario","status":"publish","type":"post","link":"https:\/\/patrocinados.estadao.com.br\/deloitte-jornada-da-sustentabilidade\/2023\/11\/16\/empresas-terao-novas-normas-para-divulgar-informacoes-de-sustentabilidade-e-clima-entenda-o-cenario\/","title":{"rendered":"Empresas ter\u00e3o novas normas para divulgar informa\u00e7\u00f5es de sustentabilidade e clima; entenda o cen\u00e1rio"},"content":{"rendered":"<p>Novas formas de reportar ao mercado financeiro os dados e resultados relativos \u00e0 sustentabilidade dos neg\u00f3cios e \u00e0 influ\u00eancia do clima nas opera\u00e7\u00f5es est\u00e3o perto de entrar em vigor no Brasil, representando um desafio para as empresas de todas as \u00e1reas e tamanhos, em especial as de capital aberto.<\/p>\n<p>Desde j\u00e1, para se adequar, as empresas devem entender seus n\u00edveis de maturidade em rela\u00e7\u00e3o aos requerimentos e, se necess\u00e1rio, alterar processos, ajustar a captura de dados e capacitar seus profissionais para cumprir as novas normas, denominadas <strong>IFRS S1 e IFRS S2.<\/strong> A primeira, referente \u00e0 divulga\u00e7\u00e3o de informa\u00e7\u00f5es para dar transpar\u00eancia aos riscos e oportunidades relacionados \u00e0 sustentabilidade que afetam as empresas no mercado de capitais, de forma a contribuir para o desenvolvimento de uma economia sustent\u00e1vel, e a segunda, com foco nas divulga\u00e7\u00f5es das pol\u00edticas e dos procedimentos adotados pelas empresas para enfrentamento e mitiga\u00e7\u00e3o dos impactos das mudan\u00e7as clim\u00e1ticas. Tais normas s\u00e3o internacionais e entram em vigor a partir de 1\u00ba de janeiro de 2024.<\/p>\n<p>Essas normas foram emitidas em junho de 2023 pelo International Sustainability Standards Board (ISSB) e aprovadas pela Comiss\u00e3o de Valores Mobili\u00e1rios (CVM) em outubro de 2023. O Brasil \u00e9 o 1\u00ba pa\u00eds no mundo a adotar essas normas em \u00e2mbito nacional, onde as companhias de capital aberto, fundos de investimento e securitizadoras dever\u00e3o divulgar de forma volunt\u00e1ria a partir de <strong>1\u00ba de janeiro de 2024<\/strong>. A partir de 1\u00ba de janeiro de 2026, as companhias de capital aberto dever\u00e3o divulgar obrigatoriamente o relat\u00f3rio de informa\u00e7\u00f5es relacionadas \u00e0 sustentabilidade e ao clima na mesma data de arquivamento do Formul\u00e1rio de Refer\u00eancia. A partir do segundo ano de ado\u00e7\u00e3o, o relat\u00f3rio dever\u00e1 ser divulgado na mesma data de emiss\u00e3o de suas demonstra\u00e7\u00f5es financeiras.<\/p>\n<p>A <strong>IFRS S1 e a IFRS S2<\/strong> t\u00eam como objetivo melhorar a padroniza\u00e7\u00e3o e a confiabilidade das informa\u00e7\u00f5es relacionadas \u00e0 sustentabilidade e aos impactos clim\u00e1ticos, al\u00e9m de incentivar a discuss\u00e3o sobre esses temas nas empresas. No mercado \u2013 investidores, bancos, fornecedores, entidades governamentais \u2013 e nas pr\u00f3prias empresas, por sua vez, h\u00e1 uma expectativa de que a normatiza\u00e7\u00e3o ajude nos processos de tomada de decis\u00e3o e na identifica\u00e7\u00e3o dos principais riscos e oportunidades relacionados \u00e0 sustentabilidade e aos fatores clim\u00e1ticos.<\/p>\n<p>\u201cEssas normas n\u00e3o apenas facilitam o com\u00e9rcio internacional e o acesso a investimentos, mas tamb\u00e9m viabilizam linhas de cr\u00e9dito \u00e0s empresas que atendem a determinados crit\u00e9rios de sustentabilidade e ESG (ambiental, social e de governan\u00e7a) ou \u00e0quelas que t\u00eam uma maturidade mais avan\u00e7ada nesses temas. Elas tamb\u00e9m s\u00e3o vantajosas para a sociedade como um todo, permitindo que as informa\u00e7\u00f5es financeiras ligadas \u00e0 sustentabilidade e ao clima sejam apresentadas de forma mais clara e confi\u00e1vel\u201d, explica Reinaldo Oliari, s\u00f3cio de Audit &amp; Assurance da <a href=\"https:\/\/www2.deloitte.com\/br\/pt.html\" target=\"_blank\" rel=\"noopener\">Deloitte<\/a>. Ele lembra que, atualmente, h\u00e1 in\u00fameras maneiras de apresentar essas informa\u00e7\u00f5es, \u201csem uma norma que propusesse uma padroniza\u00e7\u00e3o global\u201d.<\/p>\n<p>Assim, de acordo com a gerente de Audit &amp; Assurance da <a href=\"https:\/\/www2.deloitte.com\/br\/pt.html\" target=\"_blank\" rel=\"noopener\">Deloitte<\/a> e especialista em ESG, Daniele Soares, naturalmente surgem desafios no ambiente corporativo, no sentido de \u201cacertar os ponteiros\u201d no processo de prepara\u00e7\u00e3o para o tema, justamente por se tratar de uma forma totalmente nova de apresentar os dados.<\/p>\n<p>\u201cO per\u00edodo antes do in\u00edcio de vig\u00eancia das normas \u00e9 de extrema import\u00e2ncia para as empresas definirem os pr\u00f3ximos passos, entendendo o n\u00edvel de maturidade atual e o que \u00e9 necess\u00e1rio fazer para que se cumpram as novas regras\u201d, afirma a executiva. \u201c\u00c9 fundamental compreender, por exemplo, se a empresa conta com profissionais especializados para ajudar nessa jornada. Afinal, disso depender\u00e1 n\u00e3o apenas a implementa\u00e7\u00e3o das normas, mas as pr\u00f3prias a\u00e7\u00f5es internas que ser\u00e3o, posteriormente, relatadas ao p\u00fablico.\u201d<\/p>\n<p>De acordo com os especialistas da <a href=\"https:\/\/www2.deloitte.com\/br\/pt.html\" target=\"_blank\" rel=\"noopener\">Deloitte<\/a>, a recomenda\u00e7\u00e3o \u00e9 que, nesse primeiro momento, seja feito um diagn\u00f3stico detalhado para avaliar o n\u00edvel de maturidade da empresa e planejar a\u00e7\u00f5es para implementa\u00e7\u00e3o de maneira estrat\u00e9gica. O quadro de especialistas nos temas pertinentes \u2013 Contabilidade, Controladoria, Riscos, Sustentabilidade &amp; ESG e Rela\u00e7\u00e3o com Investidores \u2013 deve ser minuciosamente mapeado. Al\u00e9m disso, a empresa deve procurar realizar sess\u00f5es e programas de Perguntas &amp; Respostas com seus colaboradores, para que as estrat\u00e9gias de implementa\u00e7\u00e3o sejam apropriadamente definidas e executadas.<\/p>\n<p>A empresa dever\u00e1, ainda, fazer uma avalia\u00e7\u00e3o dos projetos relacionados <strong>ao tema \u2013 riscos de transi\u00e7\u00e3o, pesquisa e desenvolvimento, resili\u00eancia de seus neg\u00f3cios, entre outros pontos \u2013,<\/strong> buscando inclusive adequar seus relat\u00f3rios atuais \u00e0s novas normas.<\/p>\n<p>Na pr\u00e1tica, isso significa levantar, por exemplo, quais ser\u00e3o os impactos no fluxo de caixa da empresa, se algum ativo necessita de uma provis\u00e3o de impairment, se haver\u00e1 alguma provis\u00e3o de riscos a ser contabilizada e os potenciais ajustes em sua despesa de capital, que afetar\u00e3o os resultados presentes e futuros da organiza\u00e7\u00e3o.<\/p>\n<p>&nbsp;<\/p>\n<p><strong>Pesquisa da Deloitte revela avan\u00e7os sobre tem\u00e1tica ESG no Brasil<\/strong><\/p>\n<p>Recentemente, a <a href=\"https:\/\/www2.deloitte.com\/br\/pt.html\" target=\"_blank\" rel=\"noopener\">Deloitte<\/a> divulgou um estudo em parceria com o Instituto Brasileiro de Rela\u00e7\u00f5es com Investidores (Ibri) com detalhes sobre a jornada ESG nas organiza\u00e7\u00f5es brasileiras, tema diretamente ligado \u00e0s novas normas.<\/p>\n<p>A pesquisa revelou avan\u00e7os: 30% dos entrevistados afirmaram ter um especialista em ESG em sua equipe de RI (rela\u00e7\u00f5es com investidores), enquanto 17% t\u00eam planos de contratar um ainda em 2023.<\/p>\n<p>O levantamento tamb\u00e9m mostrou que existe um crescente envolvimento dos profissionais de RI com temas ESG \u2013 o que foi apontado por 88% dos entrevistados. Isso reflete uma mudan\u00e7a na abordagem das empresas em rela\u00e7\u00e3o aos conhecimentos e \u00e0s habilidades necess\u00e1rios para a implementa\u00e7\u00e3o de pr\u00e1ticas e indicadores ambientais, sociais e de governan\u00e7a.<\/p>\n<p>Enquanto isso, 78% das empresas respondentes tamb\u00e9m afirmaram j\u00e1 discutir quest\u00f5es ligadas \u00e0 pr\u00e1tica de responsabilidade ambiental nas reuni\u00f5es de seus Conselhos de Administra\u00e7\u00e3o. Todos esses indicadores, de acordo com a pesquisa, devem registrar grandes avan\u00e7os at\u00e9 2030.<\/p>\n<p>Um dos pontos levantados foi o de que existe, hoje, o desenvolvimento de uma s\u00e9rie de modelos variados de relat\u00f3rios de sustentabilidade, para comunica\u00e7\u00e3o dos dados ao mercado financeiro. \u00c9 justamente para padronizar esses relat\u00f3rios que, agora, chegam as normas <strong>IFRS S1 e IFRS S2,<\/strong> pois diversos stakeholders (investidores, bancos, entidades governamentais e demais partes interessadas) j\u00e1 apontavam dificuldades em lidar com a multiplicidade de dados e modelos.<\/p>\n<p>\u201cA converg\u00eancia dos frameworks atuais para as <strong>IFRS S1 e IFRS S2<\/strong> ir\u00e1 facilitar a an\u00e1lise e a compreens\u00e3o do desempenho financeiro e a estrat\u00e9gia futura da organiza\u00e7\u00e3o, por meio de m\u00e9tricas e metas referentes aos assuntos relacionados \u00e0 sustentabilidade e ao clima, em empresas de diversos pa\u00edses\u201d, afirma Oliari.<\/p>\n<p>Para Daniele Soares, outros ganhos ocorrem em rela\u00e7\u00e3o \u00e0 melhoria da governan\u00e7a corporativa, pois essas normas incentivam a ado\u00e7\u00e3o de pr\u00e1ticas cont\u00e1beis mais transparentes e respons\u00e1veis sobre os riscos, e \u00e0s oportunidades atreladas \u00e0s mudan\u00e7as clim\u00e1ticas e \u00e0 resili\u00eancia operacional de cada organiza\u00e7\u00e3o.<\/p>\n<p>\u201cAo aumentar o rigor sobre as divulga\u00e7\u00f5es e a estrutura de governan\u00e7a, essas normas ir\u00e3o proporcionar aos investidores atuais, bem como aos potenciais investidores, maior poder de decis\u00e3o, com a possibilidade de comparar indicadores e pr\u00e1ticas de sustentabilidade e ESG de cada empresa\u201d, afirma a especialista.<\/p>\n<p>&nbsp;<\/p>\n<p><strong>Pr\u00f3ximos passos das normas<\/strong><\/p>\n<p>No momento, portanto, as empresas devem se planejar em usar os pr\u00f3ximos meses para buscar apoio na prepara\u00e7\u00e3o e na adequa\u00e7\u00e3o dos seus relat\u00f3rios de sustentabilidade e ESG, relat\u00f3rios integrados e, principalmente, para identificar quais ser\u00e3o os potenciais impactos em suas demonstra\u00e7\u00f5es financeiras.<\/p>\n","protected":false},"excerpt":{"rendered":"<p>Novas formas de reportar ao mercado financeiro os dados e resultados relativos \u00e0 sustentabilidade dos neg\u00f3cios e \u00e0 influ\u00eancia do clima nas opera\u00e7\u00f5es est\u00e3o perto de entrar em vigor no Brasil, representando um desafio para as empresas de todas as \u00e1reas e tamanhos, em especial as de capital aberto. Desde j\u00e1, para se adequar, as [&hellip;]<\/p>\n","protected":false},"author":8,"featured_media":2438,"comment_status":"open","ping_status":"closed","sticky":false,"template":"","format":"standard","meta":{"_acf_changed":false,"footnotes":""},"categories":[41],"tags":[8,9,73,68],"class_list":["post-2437","post","type-post","status-publish","format-standard","has-post-thumbnail","hentry","category-conteudo","tag-deloitte","tag-esg","tag-ifrs","tag-meio-ambiente"],"acf":[],"yoast_head":"<!-- This site is optimized with the Yoast SEO plugin v27.1.1 - https:\/\/yoast.com\/product\/yoast-seo-wordpress\/ -->\n<title>Empresas ter\u00e3o novas normas para divulgar informa\u00e7\u00f5es de sustentabilidade e clima; entenda o cen\u00e1rio - Jornada da Sustentabilidade, oferecido por Deloitte<\/title>\n<meta name=\"robots\" content=\"index, follow, max-snippet:-1, max-image-preview:large, max-video-preview:-1\" \/>\n<link rel=\"canonical\" href=\"https:\/\/patrocinados.estadao.com.br\/deloitte-jornada-da-sustentabilidade\/2023\/11\/16\/empresas-terao-novas-normas-para-divulgar-informacoes-de-sustentabilidade-e-clima-entenda-o-cenario\/\" \/>\n<meta property=\"og:locale\" content=\"pt_BR\" \/>\n<meta property=\"og:type\" content=\"article\" \/>\n<meta property=\"og:title\" content=\"Empresas ter\u00e3o novas normas para divulgar informa\u00e7\u00f5es de sustentabilidade e clima; entenda o cen\u00e1rio - Jornada da Sustentabilidade, oferecido por Deloitte\" \/>\n<meta property=\"og:description\" content=\"Novas formas de reportar ao mercado financeiro os dados e resultados relativos \u00e0 sustentabilidade dos neg\u00f3cios e \u00e0 influ\u00eancia do clima nas opera\u00e7\u00f5es est\u00e3o perto de entrar em vigor no Brasil, representando um desafio para as empresas de todas as \u00e1reas e tamanhos, em especial as de capital aberto. Desde j\u00e1, para se adequar, as [&hellip;]\" \/>\n<meta property=\"og:url\" content=\"https:\/\/patrocinados.estadao.com.br\/deloitte-jornada-da-sustentabilidade\/2023\/11\/16\/empresas-terao-novas-normas-para-divulgar-informacoes-de-sustentabilidade-e-clima-entenda-o-cenario\/\" \/>\n<meta property=\"og:site_name\" content=\"Jornada da Sustentabilidade, oferecido por Deloitte\" \/>\n<meta property=\"article:published_time\" content=\"2023-11-16T19:44:02+00:00\" \/>\n<meta property=\"og:image\" content=\"https:\/\/patrocinados.estadao.com.br\/deloitte-jornada-da-sustentabilidade\/wp-content\/uploads\/2023\/11\/GettyImages-1342229191_cortada.jpg\" \/>\n\t<meta property=\"og:image:width\" content=\"1024\" \/>\n\t<meta property=\"og:image:height\" content=\"576\" \/>\n\t<meta property=\"og:image:type\" content=\"image\/jpeg\" \/>\n<meta name=\"author\" content=\"blue_studio\" \/>\n<meta name=\"twitter:card\" content=\"summary_large_image\" \/>\n<meta name=\"twitter:label1\" content=\"Escrito por\" \/>\n\t<meta name=\"twitter:data1\" content=\"blue_studio\" \/>\n\t<meta name=\"twitter:label2\" content=\"Est. tempo de leitura\" \/>\n\t<meta name=\"twitter:data2\" content=\"7 minutos\" \/>\n<script type=\"application\/ld+json\" class=\"yoast-schema-graph\">{\"@context\":\"https:\/\/schema.org\",\"@graph\":[{\"@type\":\"Article\",\"@id\":\"https:\/\/patrocinados.estadao.com.br\/deloitte-jornada-da-sustentabilidade\/2023\/11\/16\/empresas-terao-novas-normas-para-divulgar-informacoes-de-sustentabilidade-e-clima-entenda-o-cenario\/#article\",\"isPartOf\":{\"@id\":\"https:\/\/patrocinados.estadao.com.br\/deloitte-jornada-da-sustentabilidade\/2023\/11\/16\/empresas-terao-novas-normas-para-divulgar-informacoes-de-sustentabilidade-e-clima-entenda-o-cenario\/\"},\"author\":{\"name\":\"blue_studio\",\"@id\":\"https:\/\/patrocinados.estadao.com.br\/deloitte-jornada-da-sustentabilidade\/#\/schema\/person\/60071a239fb5b5bc3d3d88cb8f6170a6\"},\"headline\":\"Empresas ter\u00e3o novas normas para divulgar informa\u00e7\u00f5es de sustentabilidade e clima; entenda o cen\u00e1rio\",\"datePublished\":\"2023-11-16T19:44:02+00:00\",\"mainEntityOfPage\":{\"@id\":\"https:\/\/patrocinados.estadao.com.br\/deloitte-jornada-da-sustentabilidade\/2023\/11\/16\/empresas-terao-novas-normas-para-divulgar-informacoes-de-sustentabilidade-e-clima-entenda-o-cenario\/\"},\"wordCount\":1319,\"commentCount\":0,\"image\":{\"@id\":\"https:\/\/patrocinados.estadao.com.br\/deloitte-jornada-da-sustentabilidade\/2023\/11\/16\/empresas-terao-novas-normas-para-divulgar-informacoes-de-sustentabilidade-e-clima-entenda-o-cenario\/#primaryimage\"},\"thumbnailUrl\":\"https:\/\/patrocinados.estadao.com.br\/deloitte-jornada-da-sustentabilidade\/wp-content\/uploads\/2023\/11\/GettyImages-1342229191_cortada.jpg\",\"keywords\":[\"Deloitte\",\"ESG\",\"IFRS\",\"Meio Ambiente\"],\"articleSection\":[\"Conte\u00fado\"],\"inLanguage\":\"pt-BR\",\"potentialAction\":[{\"@type\":\"CommentAction\",\"name\":\"Comment\",\"target\":[\"https:\/\/patrocinados.estadao.com.br\/deloitte-jornada-da-sustentabilidade\/2023\/11\/16\/empresas-terao-novas-normas-para-divulgar-informacoes-de-sustentabilidade-e-clima-entenda-o-cenario\/#respond\"]}]},{\"@type\":\"WebPage\",\"@id\":\"https:\/\/patrocinados.estadao.com.br\/deloitte-jornada-da-sustentabilidade\/2023\/11\/16\/empresas-terao-novas-normas-para-divulgar-informacoes-de-sustentabilidade-e-clima-entenda-o-cenario\/\",\"url\":\"https:\/\/patrocinados.estadao.com.br\/deloitte-jornada-da-sustentabilidade\/2023\/11\/16\/empresas-terao-novas-normas-para-divulgar-informacoes-de-sustentabilidade-e-clima-entenda-o-cenario\/\",\"name\":\"Empresas ter\u00e3o novas normas para divulgar informa\u00e7\u00f5es de sustentabilidade e clima; entenda o cen\u00e1rio - Jornada da Sustentabilidade, oferecido por Deloitte\",\"isPartOf\":{\"@id\":\"https:\/\/patrocinados.estadao.com.br\/deloitte-jornada-da-sustentabilidade\/#website\"},\"primaryImageOfPage\":{\"@id\":\"https:\/\/patrocinados.estadao.com.br\/deloitte-jornada-da-sustentabilidade\/2023\/11\/16\/empresas-terao-novas-normas-para-divulgar-informacoes-de-sustentabilidade-e-clima-entenda-o-cenario\/#primaryimage\"},\"image\":{\"@id\":\"https:\/\/patrocinados.estadao.com.br\/deloitte-jornada-da-sustentabilidade\/2023\/11\/16\/empresas-terao-novas-normas-para-divulgar-informacoes-de-sustentabilidade-e-clima-entenda-o-cenario\/#primaryimage\"},\"thumbnailUrl\":\"https:\/\/patrocinados.estadao.com.br\/deloitte-jornada-da-sustentabilidade\/wp-content\/uploads\/2023\/11\/GettyImages-1342229191_cortada.jpg\",\"datePublished\":\"2023-11-16T19:44:02+00:00\",\"author\":{\"@id\":\"https:\/\/patrocinados.estadao.com.br\/deloitte-jornada-da-sustentabilidade\/#\/schema\/person\/60071a239fb5b5bc3d3d88cb8f6170a6\"},\"breadcrumb\":{\"@id\":\"https:\/\/patrocinados.estadao.com.br\/deloitte-jornada-da-sustentabilidade\/2023\/11\/16\/empresas-terao-novas-normas-para-divulgar-informacoes-de-sustentabilidade-e-clima-entenda-o-cenario\/#breadcrumb\"},\"inLanguage\":\"pt-BR\",\"potentialAction\":[{\"@type\":\"ReadAction\",\"target\":[\"https:\/\/patrocinados.estadao.com.br\/deloitte-jornada-da-sustentabilidade\/2023\/11\/16\/empresas-terao-novas-normas-para-divulgar-informacoes-de-sustentabilidade-e-clima-entenda-o-cenario\/\"]}]},{\"@type\":\"ImageObject\",\"inLanguage\":\"pt-BR\",\"@id\":\"https:\/\/patrocinados.estadao.com.br\/deloitte-jornada-da-sustentabilidade\/2023\/11\/16\/empresas-terao-novas-normas-para-divulgar-informacoes-de-sustentabilidade-e-clima-entenda-o-cenario\/#primaryimage\",\"url\":\"https:\/\/patrocinados.estadao.com.br\/deloitte-jornada-da-sustentabilidade\/wp-content\/uploads\/2023\/11\/GettyImages-1342229191_cortada.jpg\",\"contentUrl\":\"https:\/\/patrocinados.estadao.com.br\/deloitte-jornada-da-sustentabilidade\/wp-content\/uploads\/2023\/11\/GettyImages-1342229191_cortada.jpg\",\"width\":1024,\"height\":576,\"caption\":\"1342229191\"},{\"@type\":\"BreadcrumbList\",\"@id\":\"https:\/\/patrocinados.estadao.com.br\/deloitte-jornada-da-sustentabilidade\/2023\/11\/16\/empresas-terao-novas-normas-para-divulgar-informacoes-de-sustentabilidade-e-clima-entenda-o-cenario\/#breadcrumb\",\"itemListElement\":[{\"@type\":\"ListItem\",\"position\":1,\"name\":\"In\u00edcio\",\"item\":\"https:\/\/patrocinados.estadao.com.br\/deloitte-jornada-da-sustentabilidade\/\"},{\"@type\":\"ListItem\",\"position\":2,\"name\":\"Empresas ter\u00e3o novas normas para divulgar informa\u00e7\u00f5es de sustentabilidade e clima; entenda o cen\u00e1rio\"}]},{\"@type\":\"WebSite\",\"@id\":\"https:\/\/patrocinados.estadao.com.br\/deloitte-jornada-da-sustentabilidade\/#website\",\"url\":\"https:\/\/patrocinados.estadao.com.br\/deloitte-jornada-da-sustentabilidade\/\",\"name\":\"Jornada da Sustentabilidade, oferecido por Deloitte\",\"description\":\"Solu\u00e7\u00f5es de governan\u00e7a corporativa para seus desafios de neg\u00f3cios\",\"potentialAction\":[{\"@type\":\"SearchAction\",\"target\":{\"@type\":\"EntryPoint\",\"urlTemplate\":\"https:\/\/patrocinados.estadao.com.br\/deloitte-jornada-da-sustentabilidade\/?s={search_term_string}\"},\"query-input\":{\"@type\":\"PropertyValueSpecification\",\"valueRequired\":true,\"valueName\":\"search_term_string\"}}],\"inLanguage\":\"pt-BR\"},{\"@type\":\"Person\",\"@id\":\"https:\/\/patrocinados.estadao.com.br\/deloitte-jornada-da-sustentabilidade\/#\/schema\/person\/60071a239fb5b5bc3d3d88cb8f6170a6\",\"name\":\"blue_studio\",\"image\":{\"@type\":\"ImageObject\",\"inLanguage\":\"pt-BR\",\"@id\":\"https:\/\/patrocinados.estadao.com.br\/deloitte-jornada-da-sustentabilidade\/#\/schema\/person\/image\/\",\"url\":\"https:\/\/secure.gravatar.com\/avatar\/193f77a26bfc1ca843b87f20fda6efd0c212628ecc58a5c9f31ba0b89d013b17?s=96&d=mm&r=g\",\"contentUrl\":\"https:\/\/secure.gravatar.com\/avatar\/193f77a26bfc1ca843b87f20fda6efd0c212628ecc58a5c9f31ba0b89d013b17?s=96&d=mm&r=g\",\"caption\":\"blue_studio\"},\"url\":\"https:\/\/patrocinados.estadao.com.br\/deloitte-jornada-da-sustentabilidade\/author\/blue_studio\/\"}]}<\/script>\n<!-- \/ Yoast SEO plugin. -->","yoast_head_json":{"title":"Empresas ter\u00e3o novas normas para divulgar informa\u00e7\u00f5es de sustentabilidade e clima; entenda o cen\u00e1rio - Jornada da Sustentabilidade, oferecido por Deloitte","robots":{"index":"index","follow":"follow","max-snippet":"max-snippet:-1","max-image-preview":"max-image-preview:large","max-video-preview":"max-video-preview:-1"},"canonical":"https:\/\/patrocinados.estadao.com.br\/deloitte-jornada-da-sustentabilidade\/2023\/11\/16\/empresas-terao-novas-normas-para-divulgar-informacoes-de-sustentabilidade-e-clima-entenda-o-cenario\/","og_locale":"pt_BR","og_type":"article","og_title":"Empresas ter\u00e3o novas normas para divulgar informa\u00e7\u00f5es de sustentabilidade e clima; entenda o cen\u00e1rio - Jornada da Sustentabilidade, oferecido por Deloitte","og_description":"Novas formas de reportar ao mercado financeiro os dados e resultados relativos \u00e0 sustentabilidade dos neg\u00f3cios e \u00e0 influ\u00eancia do clima nas opera\u00e7\u00f5es est\u00e3o perto de entrar em vigor no Brasil, representando um desafio para as empresas de todas as \u00e1reas e tamanhos, em especial as de capital aberto. Desde j\u00e1, para se adequar, as [&hellip;]","og_url":"https:\/\/patrocinados.estadao.com.br\/deloitte-jornada-da-sustentabilidade\/2023\/11\/16\/empresas-terao-novas-normas-para-divulgar-informacoes-de-sustentabilidade-e-clima-entenda-o-cenario\/","og_site_name":"Jornada da Sustentabilidade, oferecido por Deloitte","article_published_time":"2023-11-16T19:44:02+00:00","og_image":[{"width":1024,"height":576,"url":"https:\/\/patrocinados.estadao.com.br\/deloitte-jornada-da-sustentabilidade\/wp-content\/uploads\/2023\/11\/GettyImages-1342229191_cortada.jpg","type":"image\/jpeg"}],"author":"blue_studio","twitter_card":"summary_large_image","twitter_misc":{"Escrito por":"blue_studio","Est. tempo de leitura":"7 minutos"},"schema":{"@context":"https:\/\/schema.org","@graph":[{"@type":"Article","@id":"https:\/\/patrocinados.estadao.com.br\/deloitte-jornada-da-sustentabilidade\/2023\/11\/16\/empresas-terao-novas-normas-para-divulgar-informacoes-de-sustentabilidade-e-clima-entenda-o-cenario\/#article","isPartOf":{"@id":"https:\/\/patrocinados.estadao.com.br\/deloitte-jornada-da-sustentabilidade\/2023\/11\/16\/empresas-terao-novas-normas-para-divulgar-informacoes-de-sustentabilidade-e-clima-entenda-o-cenario\/"},"author":{"name":"blue_studio","@id":"https:\/\/patrocinados.estadao.com.br\/deloitte-jornada-da-sustentabilidade\/#\/schema\/person\/60071a239fb5b5bc3d3d88cb8f6170a6"},"headline":"Empresas ter\u00e3o novas normas para divulgar informa\u00e7\u00f5es de sustentabilidade e clima; entenda o cen\u00e1rio","datePublished":"2023-11-16T19:44:02+00:00","mainEntityOfPage":{"@id":"https:\/\/patrocinados.estadao.com.br\/deloitte-jornada-da-sustentabilidade\/2023\/11\/16\/empresas-terao-novas-normas-para-divulgar-informacoes-de-sustentabilidade-e-clima-entenda-o-cenario\/"},"wordCount":1319,"commentCount":0,"image":{"@id":"https:\/\/patrocinados.estadao.com.br\/deloitte-jornada-da-sustentabilidade\/2023\/11\/16\/empresas-terao-novas-normas-para-divulgar-informacoes-de-sustentabilidade-e-clima-entenda-o-cenario\/#primaryimage"},"thumbnailUrl":"https:\/\/patrocinados.estadao.com.br\/deloitte-jornada-da-sustentabilidade\/wp-content\/uploads\/2023\/11\/GettyImages-1342229191_cortada.jpg","keywords":["Deloitte","ESG","IFRS","Meio Ambiente"],"articleSection":["Conte\u00fado"],"inLanguage":"pt-BR","potentialAction":[{"@type":"CommentAction","name":"Comment","target":["https:\/\/patrocinados.estadao.com.br\/deloitte-jornada-da-sustentabilidade\/2023\/11\/16\/empresas-terao-novas-normas-para-divulgar-informacoes-de-sustentabilidade-e-clima-entenda-o-cenario\/#respond"]}]},{"@type":"WebPage","@id":"https:\/\/patrocinados.estadao.com.br\/deloitte-jornada-da-sustentabilidade\/2023\/11\/16\/empresas-terao-novas-normas-para-divulgar-informacoes-de-sustentabilidade-e-clima-entenda-o-cenario\/","url":"https:\/\/patrocinados.estadao.com.br\/deloitte-jornada-da-sustentabilidade\/2023\/11\/16\/empresas-terao-novas-normas-para-divulgar-informacoes-de-sustentabilidade-e-clima-entenda-o-cenario\/","name":"Empresas ter\u00e3o novas normas para divulgar informa\u00e7\u00f5es de sustentabilidade e clima; entenda o cen\u00e1rio - Jornada da Sustentabilidade, oferecido por Deloitte","isPartOf":{"@id":"https:\/\/patrocinados.estadao.com.br\/deloitte-jornada-da-sustentabilidade\/#website"},"primaryImageOfPage":{"@id":"https:\/\/patrocinados.estadao.com.br\/deloitte-jornada-da-sustentabilidade\/2023\/11\/16\/empresas-terao-novas-normas-para-divulgar-informacoes-de-sustentabilidade-e-clima-entenda-o-cenario\/#primaryimage"},"image":{"@id":"https:\/\/patrocinados.estadao.com.br\/deloitte-jornada-da-sustentabilidade\/2023\/11\/16\/empresas-terao-novas-normas-para-divulgar-informacoes-de-sustentabilidade-e-clima-entenda-o-cenario\/#primaryimage"},"thumbnailUrl":"https:\/\/patrocinados.estadao.com.br\/deloitte-jornada-da-sustentabilidade\/wp-content\/uploads\/2023\/11\/GettyImages-1342229191_cortada.jpg","datePublished":"2023-11-16T19:44:02+00:00","author":{"@id":"https:\/\/patrocinados.estadao.com.br\/deloitte-jornada-da-sustentabilidade\/#\/schema\/person\/60071a239fb5b5bc3d3d88cb8f6170a6"},"breadcrumb":{"@id":"https:\/\/patrocinados.estadao.com.br\/deloitte-jornada-da-sustentabilidade\/2023\/11\/16\/empresas-terao-novas-normas-para-divulgar-informacoes-de-sustentabilidade-e-clima-entenda-o-cenario\/#breadcrumb"},"inLanguage":"pt-BR","potentialAction":[{"@type":"ReadAction","target":["https:\/\/patrocinados.estadao.com.br\/deloitte-jornada-da-sustentabilidade\/2023\/11\/16\/empresas-terao-novas-normas-para-divulgar-informacoes-de-sustentabilidade-e-clima-entenda-o-cenario\/"]}]},{"@type":"ImageObject","inLanguage":"pt-BR","@id":"https:\/\/patrocinados.estadao.com.br\/deloitte-jornada-da-sustentabilidade\/2023\/11\/16\/empresas-terao-novas-normas-para-divulgar-informacoes-de-sustentabilidade-e-clima-entenda-o-cenario\/#primaryimage","url":"https:\/\/patrocinados.estadao.com.br\/deloitte-jornada-da-sustentabilidade\/wp-content\/uploads\/2023\/11\/GettyImages-1342229191_cortada.jpg","contentUrl":"https:\/\/patrocinados.estadao.com.br\/deloitte-jornada-da-sustentabilidade\/wp-content\/uploads\/2023\/11\/GettyImages-1342229191_cortada.jpg","width":1024,"height":576,"caption":"1342229191"},{"@type":"BreadcrumbList","@id":"https:\/\/patrocinados.estadao.com.br\/deloitte-jornada-da-sustentabilidade\/2023\/11\/16\/empresas-terao-novas-normas-para-divulgar-informacoes-de-sustentabilidade-e-clima-entenda-o-cenario\/#breadcrumb","itemListElement":[{"@type":"ListItem","position":1,"name":"In\u00edcio","item":"https:\/\/patrocinados.estadao.com.br\/deloitte-jornada-da-sustentabilidade\/"},{"@type":"ListItem","position":2,"name":"Empresas ter\u00e3o novas normas para divulgar informa\u00e7\u00f5es de sustentabilidade e clima; entenda o cen\u00e1rio"}]},{"@type":"WebSite","@id":"https:\/\/patrocinados.estadao.com.br\/deloitte-jornada-da-sustentabilidade\/#website","url":"https:\/\/patrocinados.estadao.com.br\/deloitte-jornada-da-sustentabilidade\/","name":"Jornada da Sustentabilidade, oferecido por Deloitte","description":"Solu\u00e7\u00f5es de governan\u00e7a corporativa para seus desafios de neg\u00f3cios","potentialAction":[{"@type":"SearchAction","target":{"@type":"EntryPoint","urlTemplate":"https:\/\/patrocinados.estadao.com.br\/deloitte-jornada-da-sustentabilidade\/?s={search_term_string}"},"query-input":{"@type":"PropertyValueSpecification","valueRequired":true,"valueName":"search_term_string"}}],"inLanguage":"pt-BR"},{"@type":"Person","@id":"https:\/\/patrocinados.estadao.com.br\/deloitte-jornada-da-sustentabilidade\/#\/schema\/person\/60071a239fb5b5bc3d3d88cb8f6170a6","name":"blue_studio","image":{"@type":"ImageObject","inLanguage":"pt-BR","@id":"https:\/\/patrocinados.estadao.com.br\/deloitte-jornada-da-sustentabilidade\/#\/schema\/person\/image\/","url":"https:\/\/secure.gravatar.com\/avatar\/193f77a26bfc1ca843b87f20fda6efd0c212628ecc58a5c9f31ba0b89d013b17?s=96&d=mm&r=g","contentUrl":"https:\/\/secure.gravatar.com\/avatar\/193f77a26bfc1ca843b87f20fda6efd0c212628ecc58a5c9f31ba0b89d013b17?s=96&d=mm&r=g","caption":"blue_studio"},"url":"https:\/\/patrocinados.estadao.com.br\/deloitte-jornada-da-sustentabilidade\/author\/blue_studio\/"}]}},"_links":{"self":[{"href":"https:\/\/patrocinados.estadao.com.br\/deloitte-jornada-da-sustentabilidade\/wp-json\/wp\/v2\/posts\/2437","targetHints":{"allow":["GET"]}}],"collection":[{"href":"https:\/\/patrocinados.estadao.com.br\/deloitte-jornada-da-sustentabilidade\/wp-json\/wp\/v2\/posts"}],"about":[{"href":"https:\/\/patrocinados.estadao.com.br\/deloitte-jornada-da-sustentabilidade\/wp-json\/wp\/v2\/types\/post"}],"author":[{"embeddable":true,"href":"https:\/\/patrocinados.estadao.com.br\/deloitte-jornada-da-sustentabilidade\/wp-json\/wp\/v2\/users\/8"}],"replies":[{"embeddable":true,"href":"https:\/\/patrocinados.estadao.com.br\/deloitte-jornada-da-sustentabilidade\/wp-json\/wp\/v2\/comments?post=2437"}],"version-history":[{"count":2,"href":"https:\/\/patrocinados.estadao.com.br\/deloitte-jornada-da-sustentabilidade\/wp-json\/wp\/v2\/posts\/2437\/revisions"}],"predecessor-version":[{"id":2440,"href":"https:\/\/patrocinados.estadao.com.br\/deloitte-jornada-da-sustentabilidade\/wp-json\/wp\/v2\/posts\/2437\/revisions\/2440"}],"wp:featuredmedia":[{"embeddable":true,"href":"https:\/\/patrocinados.estadao.com.br\/deloitte-jornada-da-sustentabilidade\/wp-json\/wp\/v2\/media\/2438"}],"wp:attachment":[{"href":"https:\/\/patrocinados.estadao.com.br\/deloitte-jornada-da-sustentabilidade\/wp-json\/wp\/v2\/media?parent=2437"}],"wp:term":[{"taxonomy":"category","embeddable":true,"href":"https:\/\/patrocinados.estadao.com.br\/deloitte-jornada-da-sustentabilidade\/wp-json\/wp\/v2\/categories?post=2437"},{"taxonomy":"post_tag","embeddable":true,"href":"https:\/\/patrocinados.estadao.com.br\/deloitte-jornada-da-sustentabilidade\/wp-json\/wp\/v2\/tags?post=2437"}],"curies":[{"name":"wp","href":"https:\/\/api.w.org\/{rel}","templated":true}]}}