{"id":2409,"date":"2023-02-06T15:23:39","date_gmt":"2023-02-06T18:23:39","guid":{"rendered":"https:\/\/patrocinados.estadao.com.br\/deloitte-esg\/?p=2409"},"modified":"2023-02-06T16:07:03","modified_gmt":"2023-02-06T19:07:03","slug":"praticas-sustentaveis-sao-bem-vistas-por-executivos-brasileiros-mas-organizacoes-tem-de-investir-mais","status":"publish","type":"post","link":"https:\/\/patrocinados.estadao.com.br\/deloitte-jornada-da-sustentabilidade\/2023\/02\/06\/praticas-sustentaveis-sao-bem-vistas-por-executivos-brasileiros-mas-organizacoes-tem-de-investir-mais\/","title":{"rendered":"Pr\u00e1ticas sustent\u00e1veis s\u00e3o bem-vistas por executivos brasileiros, mas organiza\u00e7\u00f5es t\u00eam de investir mais"},"content":{"rendered":"<p>A preocupa\u00e7\u00e3o socioambiental est\u00e1 cada vez mais presente nas organiza\u00e7\u00f5es. Entre executivos brasileiros, oito em cada dez acreditam que o investimento em pr\u00e1ticas ambientalmente sustent\u00e1veis traz benef\u00edcios econ\u00f4micos de longo prazo para as empresas. Esse reconhecimento, no entanto, n\u00e3o \u00e9 necessariamente revertido em a\u00e7\u00f5es concretas. Menos da metade desses profissionais (48%) considera ter havido investimentos suficientes em tecnologias que incentivem a redu\u00e7\u00e3o das emiss\u00f5es de gases causadores de efeito estufa.<\/p>\n<p>A Deloitte mapeou essas tend\u00eancias na pesquisa <a href=\"https:\/\/www2.deloitte.com\/br\/pt\/pages\/risk\/articles\/climate-check-survey.html\" target=\"_blank\" rel=\"noopener\">\u201cClimate Check 2022\u201d<\/a><em>, <\/em>feita em colabora\u00e7\u00e3o com a Oxford Economics. As principais conclus\u00f5es do estudo, que contou com a participa\u00e7\u00e3o de 700 l\u00edderes de neg\u00f3cios de 14 pa\u00edses, entre eles o Brasil, mostram uma certa dist\u00e2ncia entre o \u201cquerer\u201d e o \u201cexecutar\u201d.<\/p>\n<p>\u201cA maioria dos executivos e das executivas, em todo o mundo, reconhece a necessidade de lidar com as mudan\u00e7as clim\u00e1ticas e considera que as organiza\u00e7\u00f5es podem fazer mais nesse sentido\u201d, avalia Anselmo Bonservizzi, s\u00f3cio-l\u00edder de Risk Advisory e ESG da Deloitte. Essas lideran\u00e7as, no entanto, ainda pisam em terreno incerto para adotar a\u00e7\u00f5es mais efetivas para adequar os modelos de neg\u00f3cio \u00e0 busca por um planeta mais sustent\u00e1vel ambientalmente, vis-\u00e0-vis os seus recursos dispon\u00edveis e as expectativas de transforma\u00e7\u00e3o desejadas.<\/p>\n<p>Para 2023, 37% das lideran\u00e7as executivas em todo o mundo pretendem acelerar os esfor\u00e7os por sustentabilidade \u2013 enquanto no Brasil s\u00e3o 36%. Fatores internos e externos como infla\u00e7\u00e3o e quest\u00f5es geopol\u00edticas, todavia, s\u00e3o pontos de preocupa\u00e7\u00e3o e podem afetar algumas das estrat\u00e9gias corporativas para o tema.<\/p>\n<p>O estudo tamb\u00e9m mostra que executivos brasileiros (62%) esperam uma participa\u00e7\u00e3o mais direta dos agentes p\u00fablicos, com o governo incentivando e at\u00e9 subsidiando boas pr\u00e1ticas de sustentabilidade nas empresas, e, por outro lado, atuando para reprimir manobras como o \u201cgreenwashing\u201d \u2013 pr\u00e1tica usada por organiza\u00e7\u00f5es para mascarar os impactos ambientais de suas atividades <strong>\u2013,<\/strong> evitando que pr\u00e1ticas desleais sejam usadas em detrimento das empresas que atuam de forma correta.<\/p>\n<p><strong>Ambiente de mudan\u00e7as<\/strong><\/p>\n<p><strong>\u00a0<\/strong>A \u00e1rea ambiental tamb\u00e9m apareceu como uma das que devem receber maior aten\u00e7\u00e3o das organiza\u00e7\u00f5es para a resili\u00eancia dos neg\u00f3cios, conforme revela outra pesquisa feita pela Deloitte, <a href=\"https:\/\/www2.deloitte.com\/br\/pt\/pages\/about-deloitte\/articles\/global-resilience-report.html?utm_source=Eloqua&amp;utm_medium=email&amp;utm_campaign=ins-122022-newsletter-human-capital-insights-7&amp;utm_content=eloqua1&amp;idcmp=br:2em:3cc:4elqbr:5gen:6oth\" target=\"_blank\" rel=\"noopener\">\u201cGlobal Resilience Report 2022\u201d<\/a>, que ouviu quase 700 l\u00edderes de neg\u00f3cios globalmente.<\/p>\n<p>De acordo com a pesquisa, resili\u00eancia ambiental refere-se \u00e0 \u201cforma como uma organiza\u00e7\u00e3o trabalha para alcan\u00e7ar o equil\u00edbrio com o mundo natural, fazendo escolhas estrat\u00e9gicas que sejam boas para o meio ambiente e sustent\u00e1veis \u200b\u200bpara a organiza\u00e7\u00e3o\u201d.<\/p>\n<p>Assim, as empresas devem defender e aumentar o valor diante das mudan\u00e7as ambientais n\u00e3o apenas para divulgar dados em relat\u00f3rios e atender \u00e0s pr\u00e1ticas ESG, mas tamb\u00e9m para refor\u00e7ar o papel de protagonismo e liderar a busca por um futuro sustent\u00e1vel.<\/p>\n<p><strong>Um olhar adiante<\/strong><\/p>\n<p>Anselmo Bonservizzi, da Deloitte, afirma que, ao lan\u00e7ar as sementes para um futuro sustent\u00e1vel, as organiza\u00e7\u00f5es tornam-se protagonistas na jornada ambiental para uma transi\u00e7\u00e3o energ\u00e9tica eficiente, limpa e justa, capaz de mitigar poss\u00edveis efeitos de mudan\u00e7as clim\u00e1ticas.<\/p>\n<p>\u201cDe acordo com os entrevistados da \u2018Climate Check 2022\u2019, 84% das empresas j\u00e1 est\u00e3o executando estrat\u00e9gias de mitiga\u00e7\u00e3o e 50%, a\u00e7\u00f5es de adapta\u00e7\u00e3o, mas alguns setores precisar\u00e3o de maior agilidade\u201d, destaca Bonservizzi. Os dois principais caminhos adotados pelas empresas s\u00e3o: mitiga\u00e7\u00e3o (o combate \u00e0s causas de mudan\u00e7as clim\u00e1ticas) e adapta\u00e7\u00e3o dos neg\u00f3cios de modo a engaj\u00e1-los no combate \u00e0s altera\u00e7\u00f5es j\u00e1 em andamento. As mudan\u00e7as mais imediatas concentram-se em buscar solu\u00e7\u00f5es de implanta\u00e7\u00e3o mais f\u00e1cil e r\u00e1pida, por\u00e9m sem o impacto significativo que mudan\u00e7as estruturais, estrat\u00e9gicas ou de transforma\u00e7\u00e3o v\u00e3o proporcionar, mas que s\u00e3o mais dif\u00edceis e possuem prazo maior de planejamento e implanta\u00e7\u00e3o.<\/p>\n<p>Como medidas mais concretas a adotar ou preocupa\u00e7\u00f5es a observar, os executivos brasileiros sugerem aten\u00e7\u00e3o priorit\u00e1ria a uma s\u00e9rie de pontos, como preserva\u00e7\u00e3o e restaura\u00e7\u00e3o de florestas e recifes de corais; combate ao greenwashing; e maior transpar\u00eancia e responsabilidade dos neg\u00f3cios para quest\u00f5es clim\u00e1ticas.<\/p>\n<p><strong>Parcerias em busca de um futuro mais verde<\/strong><\/p>\n<p>Atuar em parceria com terceiros para enfrentar as mudan\u00e7as clim\u00e1ticas vem sendo uma das linhas de trabalho das organiza\u00e7\u00f5es em todo o mundo, inclusive no Brasil.<\/p>\n<p>Os l\u00edderes empresariais brasileiros responderam que essas parcerias \u2013 cujo resultado, sobretudo, \u00e9 o apoio a programas e pesquisas do tema ambiental \u2013 ocorrem principalmente com institui\u00e7\u00f5es acad\u00eamicas (58%), grupos ativistas (56%), ONGs (44%) e governos locais (42%).<\/p>\n<p>\u201cPesquisa e desenvolvimento, junto ao tema de incentivo ao desenvolvimento de novas tecnologias, s\u00e3o assuntos que est\u00e3o em destaque no sentido de ajudar pa\u00edses menos favorecidos a se adequar \u00e0s normas de baixas emiss\u00f5es de carbono. No Brasil, o financiamento a projetos, o tratamento do lixo, o uso racional de recursos naturais, notadamente a \u00e1gua, e o desenvolvimento de tecnologias de energia limpa s\u00e3o as principais linhas de trabalho\u201d, afirma Bonservizzi.<\/p>\n<p>O especialista da Deloitte destaca ainda a import\u00e2ncia da colabora\u00e7\u00e3o para a busca de um futuro mais verde e menos agressivo ao meio ambiente. \u201cIsso exige uma postura clara e iniciativas efetivas das organiza\u00e7\u00f5es voltadas ao desenvolvimento ambiental, \u00e0s contribui\u00e7\u00f5es sociais e \u00e0 governan\u00e7a\u201d, afirma. \u201c\u00c9 preciso envolver todos os stakeholders para o progresso em dire\u00e7\u00e3o a um futuro mais sustent\u00e1vel.\u201d<\/p>\n","protected":false},"excerpt":{"rendered":"<p>A preocupa\u00e7\u00e3o socioambiental est\u00e1 cada vez mais presente nas organiza\u00e7\u00f5es. Entre executivos brasileiros, oito em cada dez acreditam que o investimento em pr\u00e1ticas ambientalmente sustent\u00e1veis traz benef\u00edcios econ\u00f4micos de longo prazo para as empresas. Esse reconhecimento, no entanto, n\u00e3o \u00e9 necessariamente revertido em a\u00e7\u00f5es concretas. Menos da metade desses profissionais (48%) considera ter havido investimentos [&hellip;]<\/p>\n","protected":false},"author":8,"featured_media":2415,"comment_status":"open","ping_status":"closed","sticky":false,"template":"","format":"standard","meta":{"_acf_changed":false,"footnotes":""},"categories":[41,3],"tags":[8,43,9,68,19,24],"class_list":["post-2409","post","type-post","status-publish","format-standard","has-post-thumbnail","hentry","category-conteudo","category-estudos","tag-deloitte","tag-empresas","tag-esg","tag-meio-ambiente","tag-mudancas-climaticas","tag-sustentabilidade"],"acf":[],"yoast_head":"<!-- This site is optimized with the Yoast SEO plugin v27.1.1 - https:\/\/yoast.com\/product\/yoast-seo-wordpress\/ -->\n<title>Pr\u00e1ticas sustent\u00e1veis s\u00e3o bem-vistas por executivos brasileiros, mas organiza\u00e7\u00f5es t\u00eam de investir mais - Jornada da Sustentabilidade, oferecido por Deloitte<\/title>\n<meta name=\"robots\" content=\"index, follow, max-snippet:-1, max-image-preview:large, max-video-preview:-1\" \/>\n<link rel=\"canonical\" href=\"https:\/\/patrocinados.estadao.com.br\/deloitte-jornada-da-sustentabilidade\/2023\/02\/06\/praticas-sustentaveis-sao-bem-vistas-por-executivos-brasileiros-mas-organizacoes-tem-de-investir-mais\/\" \/>\n<meta property=\"og:locale\" content=\"pt_BR\" \/>\n<meta property=\"og:type\" content=\"article\" \/>\n<meta property=\"og:title\" content=\"Pr\u00e1ticas sustent\u00e1veis s\u00e3o bem-vistas por executivos brasileiros, mas organiza\u00e7\u00f5es t\u00eam de investir mais - Jornada da Sustentabilidade, oferecido por Deloitte\" \/>\n<meta property=\"og:description\" content=\"A preocupa\u00e7\u00e3o socioambiental est\u00e1 cada vez mais presente nas organiza\u00e7\u00f5es. Entre executivos brasileiros, oito em cada dez acreditam que o investimento em pr\u00e1ticas ambientalmente sustent\u00e1veis traz benef\u00edcios econ\u00f4micos de longo prazo para as empresas. Esse reconhecimento, no entanto, n\u00e3o \u00e9 necessariamente revertido em a\u00e7\u00f5es concretas. Menos da metade desses profissionais (48%) considera ter havido investimentos [&hellip;]\" \/>\n<meta property=\"og:url\" content=\"https:\/\/patrocinados.estadao.com.br\/deloitte-jornada-da-sustentabilidade\/2023\/02\/06\/praticas-sustentaveis-sao-bem-vistas-por-executivos-brasileiros-mas-organizacoes-tem-de-investir-mais\/\" \/>\n<meta property=\"og:site_name\" content=\"Jornada da Sustentabilidade, oferecido por Deloitte\" \/>\n<meta property=\"article:published_time\" content=\"2023-02-06T18:23:39+00:00\" \/>\n<meta property=\"article:modified_time\" content=\"2023-02-06T19:07:03+00:00\" \/>\n<meta property=\"og:image\" content=\"https:\/\/patrocinados.estadao.com.br\/deloitte-jornada-da-sustentabilidade\/wp-content\/uploads\/2023\/02\/GettyImages-1443471116_corte.jpg\" \/>\n\t<meta property=\"og:image:width\" content=\"2190\" \/>\n\t<meta property=\"og:image:height\" content=\"1193\" \/>\n\t<meta property=\"og:image:type\" content=\"image\/jpeg\" \/>\n<meta name=\"author\" content=\"blue_studio\" \/>\n<meta name=\"twitter:card\" content=\"summary_large_image\" \/>\n<meta name=\"twitter:label1\" content=\"Escrito por\" \/>\n\t<meta name=\"twitter:data1\" content=\"blue_studio\" \/>\n\t<meta name=\"twitter:label2\" content=\"Est. tempo de leitura\" \/>\n\t<meta name=\"twitter:data2\" content=\"5 minutos\" \/>\n<script type=\"application\/ld+json\" class=\"yoast-schema-graph\">{\"@context\":\"https:\/\/schema.org\",\"@graph\":[{\"@type\":\"Article\",\"@id\":\"https:\/\/patrocinados.estadao.com.br\/deloitte-jornada-da-sustentabilidade\/2023\/02\/06\/praticas-sustentaveis-sao-bem-vistas-por-executivos-brasileiros-mas-organizacoes-tem-de-investir-mais\/#article\",\"isPartOf\":{\"@id\":\"https:\/\/patrocinados.estadao.com.br\/deloitte-jornada-da-sustentabilidade\/2023\/02\/06\/praticas-sustentaveis-sao-bem-vistas-por-executivos-brasileiros-mas-organizacoes-tem-de-investir-mais\/\"},\"author\":{\"name\":\"blue_studio\",\"@id\":\"https:\/\/patrocinados.estadao.com.br\/deloitte-jornada-da-sustentabilidade\/#\/schema\/person\/60071a239fb5b5bc3d3d88cb8f6170a6\"},\"headline\":\"Pr\u00e1ticas sustent\u00e1veis s\u00e3o bem-vistas por executivos brasileiros, mas organiza\u00e7\u00f5es t\u00eam de investir mais\",\"datePublished\":\"2023-02-06T18:23:39+00:00\",\"dateModified\":\"2023-02-06T19:07:03+00:00\",\"mainEntityOfPage\":{\"@id\":\"https:\/\/patrocinados.estadao.com.br\/deloitte-jornada-da-sustentabilidade\/2023\/02\/06\/praticas-sustentaveis-sao-bem-vistas-por-executivos-brasileiros-mas-organizacoes-tem-de-investir-mais\/\"},\"wordCount\":947,\"commentCount\":0,\"image\":{\"@id\":\"https:\/\/patrocinados.estadao.com.br\/deloitte-jornada-da-sustentabilidade\/2023\/02\/06\/praticas-sustentaveis-sao-bem-vistas-por-executivos-brasileiros-mas-organizacoes-tem-de-investir-mais\/#primaryimage\"},\"thumbnailUrl\":\"https:\/\/patrocinados.estadao.com.br\/deloitte-jornada-da-sustentabilidade\/wp-content\/uploads\/2023\/02\/GettyImages-1443471116_corte.jpg\",\"keywords\":[\"Deloitte\",\"empresas\",\"ESG\",\"Meio Ambiente\",\"Mudan\u00e7as clim\u00e1ticas\",\"sustentabilidade\"],\"articleSection\":[\"Conte\u00fado\",\"Estudos\"],\"inLanguage\":\"pt-BR\",\"potentialAction\":[{\"@type\":\"CommentAction\",\"name\":\"Comment\",\"target\":[\"https:\/\/patrocinados.estadao.com.br\/deloitte-jornada-da-sustentabilidade\/2023\/02\/06\/praticas-sustentaveis-sao-bem-vistas-por-executivos-brasileiros-mas-organizacoes-tem-de-investir-mais\/#respond\"]}]},{\"@type\":\"WebPage\",\"@id\":\"https:\/\/patrocinados.estadao.com.br\/deloitte-jornada-da-sustentabilidade\/2023\/02\/06\/praticas-sustentaveis-sao-bem-vistas-por-executivos-brasileiros-mas-organizacoes-tem-de-investir-mais\/\",\"url\":\"https:\/\/patrocinados.estadao.com.br\/deloitte-jornada-da-sustentabilidade\/2023\/02\/06\/praticas-sustentaveis-sao-bem-vistas-por-executivos-brasileiros-mas-organizacoes-tem-de-investir-mais\/\",\"name\":\"Pr\u00e1ticas sustent\u00e1veis s\u00e3o bem-vistas por executivos brasileiros, mas organiza\u00e7\u00f5es t\u00eam de investir mais - Jornada da Sustentabilidade, oferecido por Deloitte\",\"isPartOf\":{\"@id\":\"https:\/\/patrocinados.estadao.com.br\/deloitte-jornada-da-sustentabilidade\/#website\"},\"primaryImageOfPage\":{\"@id\":\"https:\/\/patrocinados.estadao.com.br\/deloitte-jornada-da-sustentabilidade\/2023\/02\/06\/praticas-sustentaveis-sao-bem-vistas-por-executivos-brasileiros-mas-organizacoes-tem-de-investir-mais\/#primaryimage\"},\"image\":{\"@id\":\"https:\/\/patrocinados.estadao.com.br\/deloitte-jornada-da-sustentabilidade\/2023\/02\/06\/praticas-sustentaveis-sao-bem-vistas-por-executivos-brasileiros-mas-organizacoes-tem-de-investir-mais\/#primaryimage\"},\"thumbnailUrl\":\"https:\/\/patrocinados.estadao.com.br\/deloitte-jornada-da-sustentabilidade\/wp-content\/uploads\/2023\/02\/GettyImages-1443471116_corte.jpg\",\"datePublished\":\"2023-02-06T18:23:39+00:00\",\"dateModified\":\"2023-02-06T19:07:03+00:00\",\"author\":{\"@id\":\"https:\/\/patrocinados.estadao.com.br\/deloitte-jornada-da-sustentabilidade\/#\/schema\/person\/60071a239fb5b5bc3d3d88cb8f6170a6\"},\"breadcrumb\":{\"@id\":\"https:\/\/patrocinados.estadao.com.br\/deloitte-jornada-da-sustentabilidade\/2023\/02\/06\/praticas-sustentaveis-sao-bem-vistas-por-executivos-brasileiros-mas-organizacoes-tem-de-investir-mais\/#breadcrumb\"},\"inLanguage\":\"pt-BR\",\"potentialAction\":[{\"@type\":\"ReadAction\",\"target\":[\"https:\/\/patrocinados.estadao.com.br\/deloitte-jornada-da-sustentabilidade\/2023\/02\/06\/praticas-sustentaveis-sao-bem-vistas-por-executivos-brasileiros-mas-organizacoes-tem-de-investir-mais\/\"]}]},{\"@type\":\"ImageObject\",\"inLanguage\":\"pt-BR\",\"@id\":\"https:\/\/patrocinados.estadao.com.br\/deloitte-jornada-da-sustentabilidade\/2023\/02\/06\/praticas-sustentaveis-sao-bem-vistas-por-executivos-brasileiros-mas-organizacoes-tem-de-investir-mais\/#primaryimage\",\"url\":\"https:\/\/patrocinados.estadao.com.br\/deloitte-jornada-da-sustentabilidade\/wp-content\/uploads\/2023\/02\/GettyImages-1443471116_corte.jpg\",\"contentUrl\":\"https:\/\/patrocinados.estadao.com.br\/deloitte-jornada-da-sustentabilidade\/wp-content\/uploads\/2023\/02\/GettyImages-1443471116_corte.jpg\",\"width\":2190,\"height\":1193,\"caption\":\"1443471116\"},{\"@type\":\"BreadcrumbList\",\"@id\":\"https:\/\/patrocinados.estadao.com.br\/deloitte-jornada-da-sustentabilidade\/2023\/02\/06\/praticas-sustentaveis-sao-bem-vistas-por-executivos-brasileiros-mas-organizacoes-tem-de-investir-mais\/#breadcrumb\",\"itemListElement\":[{\"@type\":\"ListItem\",\"position\":1,\"name\":\"In\u00edcio\",\"item\":\"https:\/\/patrocinados.estadao.com.br\/deloitte-jornada-da-sustentabilidade\/\"},{\"@type\":\"ListItem\",\"position\":2,\"name\":\"Pr\u00e1ticas sustent\u00e1veis s\u00e3o bem-vistas por executivos brasileiros, mas organiza\u00e7\u00f5es t\u00eam de investir mais\"}]},{\"@type\":\"WebSite\",\"@id\":\"https:\/\/patrocinados.estadao.com.br\/deloitte-jornada-da-sustentabilidade\/#website\",\"url\":\"https:\/\/patrocinados.estadao.com.br\/deloitte-jornada-da-sustentabilidade\/\",\"name\":\"Jornada da Sustentabilidade, oferecido por Deloitte\",\"description\":\"Solu\u00e7\u00f5es de governan\u00e7a corporativa para seus desafios de neg\u00f3cios\",\"potentialAction\":[{\"@type\":\"SearchAction\",\"target\":{\"@type\":\"EntryPoint\",\"urlTemplate\":\"https:\/\/patrocinados.estadao.com.br\/deloitte-jornada-da-sustentabilidade\/?s={search_term_string}\"},\"query-input\":{\"@type\":\"PropertyValueSpecification\",\"valueRequired\":true,\"valueName\":\"search_term_string\"}}],\"inLanguage\":\"pt-BR\"},{\"@type\":\"Person\",\"@id\":\"https:\/\/patrocinados.estadao.com.br\/deloitte-jornada-da-sustentabilidade\/#\/schema\/person\/60071a239fb5b5bc3d3d88cb8f6170a6\",\"name\":\"blue_studio\",\"image\":{\"@type\":\"ImageObject\",\"inLanguage\":\"pt-BR\",\"@id\":\"https:\/\/patrocinados.estadao.com.br\/deloitte-jornada-da-sustentabilidade\/#\/schema\/person\/image\/\",\"url\":\"https:\/\/secure.gravatar.com\/avatar\/193f77a26bfc1ca843b87f20fda6efd0c212628ecc58a5c9f31ba0b89d013b17?s=96&d=mm&r=g\",\"contentUrl\":\"https:\/\/secure.gravatar.com\/avatar\/193f77a26bfc1ca843b87f20fda6efd0c212628ecc58a5c9f31ba0b89d013b17?s=96&d=mm&r=g\",\"caption\":\"blue_studio\"},\"url\":\"https:\/\/patrocinados.estadao.com.br\/deloitte-jornada-da-sustentabilidade\/author\/blue_studio\/\"}]}<\/script>\n<!-- \/ Yoast SEO plugin. -->","yoast_head_json":{"title":"Pr\u00e1ticas sustent\u00e1veis s\u00e3o bem-vistas por executivos brasileiros, mas organiza\u00e7\u00f5es t\u00eam de investir mais - Jornada da Sustentabilidade, oferecido por Deloitte","robots":{"index":"index","follow":"follow","max-snippet":"max-snippet:-1","max-image-preview":"max-image-preview:large","max-video-preview":"max-video-preview:-1"},"canonical":"https:\/\/patrocinados.estadao.com.br\/deloitte-jornada-da-sustentabilidade\/2023\/02\/06\/praticas-sustentaveis-sao-bem-vistas-por-executivos-brasileiros-mas-organizacoes-tem-de-investir-mais\/","og_locale":"pt_BR","og_type":"article","og_title":"Pr\u00e1ticas sustent\u00e1veis s\u00e3o bem-vistas por executivos brasileiros, mas organiza\u00e7\u00f5es t\u00eam de investir mais - Jornada da Sustentabilidade, oferecido por Deloitte","og_description":"A preocupa\u00e7\u00e3o socioambiental est\u00e1 cada vez mais presente nas organiza\u00e7\u00f5es. Entre executivos brasileiros, oito em cada dez acreditam que o investimento em pr\u00e1ticas ambientalmente sustent\u00e1veis traz benef\u00edcios econ\u00f4micos de longo prazo para as empresas. Esse reconhecimento, no entanto, n\u00e3o \u00e9 necessariamente revertido em a\u00e7\u00f5es concretas. Menos da metade desses profissionais (48%) considera ter havido investimentos [&hellip;]","og_url":"https:\/\/patrocinados.estadao.com.br\/deloitte-jornada-da-sustentabilidade\/2023\/02\/06\/praticas-sustentaveis-sao-bem-vistas-por-executivos-brasileiros-mas-organizacoes-tem-de-investir-mais\/","og_site_name":"Jornada da Sustentabilidade, oferecido por Deloitte","article_published_time":"2023-02-06T18:23:39+00:00","article_modified_time":"2023-02-06T19:07:03+00:00","og_image":[{"width":2190,"height":1193,"url":"https:\/\/patrocinados.estadao.com.br\/deloitte-jornada-da-sustentabilidade\/wp-content\/uploads\/2023\/02\/GettyImages-1443471116_corte.jpg","type":"image\/jpeg"}],"author":"blue_studio","twitter_card":"summary_large_image","twitter_misc":{"Escrito por":"blue_studio","Est. tempo de leitura":"5 minutos"},"schema":{"@context":"https:\/\/schema.org","@graph":[{"@type":"Article","@id":"https:\/\/patrocinados.estadao.com.br\/deloitte-jornada-da-sustentabilidade\/2023\/02\/06\/praticas-sustentaveis-sao-bem-vistas-por-executivos-brasileiros-mas-organizacoes-tem-de-investir-mais\/#article","isPartOf":{"@id":"https:\/\/patrocinados.estadao.com.br\/deloitte-jornada-da-sustentabilidade\/2023\/02\/06\/praticas-sustentaveis-sao-bem-vistas-por-executivos-brasileiros-mas-organizacoes-tem-de-investir-mais\/"},"author":{"name":"blue_studio","@id":"https:\/\/patrocinados.estadao.com.br\/deloitte-jornada-da-sustentabilidade\/#\/schema\/person\/60071a239fb5b5bc3d3d88cb8f6170a6"},"headline":"Pr\u00e1ticas sustent\u00e1veis s\u00e3o bem-vistas por executivos brasileiros, mas organiza\u00e7\u00f5es t\u00eam de investir mais","datePublished":"2023-02-06T18:23:39+00:00","dateModified":"2023-02-06T19:07:03+00:00","mainEntityOfPage":{"@id":"https:\/\/patrocinados.estadao.com.br\/deloitte-jornada-da-sustentabilidade\/2023\/02\/06\/praticas-sustentaveis-sao-bem-vistas-por-executivos-brasileiros-mas-organizacoes-tem-de-investir-mais\/"},"wordCount":947,"commentCount":0,"image":{"@id":"https:\/\/patrocinados.estadao.com.br\/deloitte-jornada-da-sustentabilidade\/2023\/02\/06\/praticas-sustentaveis-sao-bem-vistas-por-executivos-brasileiros-mas-organizacoes-tem-de-investir-mais\/#primaryimage"},"thumbnailUrl":"https:\/\/patrocinados.estadao.com.br\/deloitte-jornada-da-sustentabilidade\/wp-content\/uploads\/2023\/02\/GettyImages-1443471116_corte.jpg","keywords":["Deloitte","empresas","ESG","Meio Ambiente","Mudan\u00e7as clim\u00e1ticas","sustentabilidade"],"articleSection":["Conte\u00fado","Estudos"],"inLanguage":"pt-BR","potentialAction":[{"@type":"CommentAction","name":"Comment","target":["https:\/\/patrocinados.estadao.com.br\/deloitte-jornada-da-sustentabilidade\/2023\/02\/06\/praticas-sustentaveis-sao-bem-vistas-por-executivos-brasileiros-mas-organizacoes-tem-de-investir-mais\/#respond"]}]},{"@type":"WebPage","@id":"https:\/\/patrocinados.estadao.com.br\/deloitte-jornada-da-sustentabilidade\/2023\/02\/06\/praticas-sustentaveis-sao-bem-vistas-por-executivos-brasileiros-mas-organizacoes-tem-de-investir-mais\/","url":"https:\/\/patrocinados.estadao.com.br\/deloitte-jornada-da-sustentabilidade\/2023\/02\/06\/praticas-sustentaveis-sao-bem-vistas-por-executivos-brasileiros-mas-organizacoes-tem-de-investir-mais\/","name":"Pr\u00e1ticas sustent\u00e1veis s\u00e3o bem-vistas por executivos brasileiros, mas organiza\u00e7\u00f5es t\u00eam de investir mais - Jornada da Sustentabilidade, oferecido por Deloitte","isPartOf":{"@id":"https:\/\/patrocinados.estadao.com.br\/deloitte-jornada-da-sustentabilidade\/#website"},"primaryImageOfPage":{"@id":"https:\/\/patrocinados.estadao.com.br\/deloitte-jornada-da-sustentabilidade\/2023\/02\/06\/praticas-sustentaveis-sao-bem-vistas-por-executivos-brasileiros-mas-organizacoes-tem-de-investir-mais\/#primaryimage"},"image":{"@id":"https:\/\/patrocinados.estadao.com.br\/deloitte-jornada-da-sustentabilidade\/2023\/02\/06\/praticas-sustentaveis-sao-bem-vistas-por-executivos-brasileiros-mas-organizacoes-tem-de-investir-mais\/#primaryimage"},"thumbnailUrl":"https:\/\/patrocinados.estadao.com.br\/deloitte-jornada-da-sustentabilidade\/wp-content\/uploads\/2023\/02\/GettyImages-1443471116_corte.jpg","datePublished":"2023-02-06T18:23:39+00:00","dateModified":"2023-02-06T19:07:03+00:00","author":{"@id":"https:\/\/patrocinados.estadao.com.br\/deloitte-jornada-da-sustentabilidade\/#\/schema\/person\/60071a239fb5b5bc3d3d88cb8f6170a6"},"breadcrumb":{"@id":"https:\/\/patrocinados.estadao.com.br\/deloitte-jornada-da-sustentabilidade\/2023\/02\/06\/praticas-sustentaveis-sao-bem-vistas-por-executivos-brasileiros-mas-organizacoes-tem-de-investir-mais\/#breadcrumb"},"inLanguage":"pt-BR","potentialAction":[{"@type":"ReadAction","target":["https:\/\/patrocinados.estadao.com.br\/deloitte-jornada-da-sustentabilidade\/2023\/02\/06\/praticas-sustentaveis-sao-bem-vistas-por-executivos-brasileiros-mas-organizacoes-tem-de-investir-mais\/"]}]},{"@type":"ImageObject","inLanguage":"pt-BR","@id":"https:\/\/patrocinados.estadao.com.br\/deloitte-jornada-da-sustentabilidade\/2023\/02\/06\/praticas-sustentaveis-sao-bem-vistas-por-executivos-brasileiros-mas-organizacoes-tem-de-investir-mais\/#primaryimage","url":"https:\/\/patrocinados.estadao.com.br\/deloitte-jornada-da-sustentabilidade\/wp-content\/uploads\/2023\/02\/GettyImages-1443471116_corte.jpg","contentUrl":"https:\/\/patrocinados.estadao.com.br\/deloitte-jornada-da-sustentabilidade\/wp-content\/uploads\/2023\/02\/GettyImages-1443471116_corte.jpg","width":2190,"height":1193,"caption":"1443471116"},{"@type":"BreadcrumbList","@id":"https:\/\/patrocinados.estadao.com.br\/deloitte-jornada-da-sustentabilidade\/2023\/02\/06\/praticas-sustentaveis-sao-bem-vistas-por-executivos-brasileiros-mas-organizacoes-tem-de-investir-mais\/#breadcrumb","itemListElement":[{"@type":"ListItem","position":1,"name":"In\u00edcio","item":"https:\/\/patrocinados.estadao.com.br\/deloitte-jornada-da-sustentabilidade\/"},{"@type":"ListItem","position":2,"name":"Pr\u00e1ticas sustent\u00e1veis s\u00e3o bem-vistas por executivos brasileiros, mas organiza\u00e7\u00f5es t\u00eam de investir mais"}]},{"@type":"WebSite","@id":"https:\/\/patrocinados.estadao.com.br\/deloitte-jornada-da-sustentabilidade\/#website","url":"https:\/\/patrocinados.estadao.com.br\/deloitte-jornada-da-sustentabilidade\/","name":"Jornada da Sustentabilidade, oferecido por Deloitte","description":"Solu\u00e7\u00f5es de governan\u00e7a corporativa para seus desafios de neg\u00f3cios","potentialAction":[{"@type":"SearchAction","target":{"@type":"EntryPoint","urlTemplate":"https:\/\/patrocinados.estadao.com.br\/deloitte-jornada-da-sustentabilidade\/?s={search_term_string}"},"query-input":{"@type":"PropertyValueSpecification","valueRequired":true,"valueName":"search_term_string"}}],"inLanguage":"pt-BR"},{"@type":"Person","@id":"https:\/\/patrocinados.estadao.com.br\/deloitte-jornada-da-sustentabilidade\/#\/schema\/person\/60071a239fb5b5bc3d3d88cb8f6170a6","name":"blue_studio","image":{"@type":"ImageObject","inLanguage":"pt-BR","@id":"https:\/\/patrocinados.estadao.com.br\/deloitte-jornada-da-sustentabilidade\/#\/schema\/person\/image\/","url":"https:\/\/secure.gravatar.com\/avatar\/193f77a26bfc1ca843b87f20fda6efd0c212628ecc58a5c9f31ba0b89d013b17?s=96&d=mm&r=g","contentUrl":"https:\/\/secure.gravatar.com\/avatar\/193f77a26bfc1ca843b87f20fda6efd0c212628ecc58a5c9f31ba0b89d013b17?s=96&d=mm&r=g","caption":"blue_studio"},"url":"https:\/\/patrocinados.estadao.com.br\/deloitte-jornada-da-sustentabilidade\/author\/blue_studio\/"}]}},"_links":{"self":[{"href":"https:\/\/patrocinados.estadao.com.br\/deloitte-jornada-da-sustentabilidade\/wp-json\/wp\/v2\/posts\/2409","targetHints":{"allow":["GET"]}}],"collection":[{"href":"https:\/\/patrocinados.estadao.com.br\/deloitte-jornada-da-sustentabilidade\/wp-json\/wp\/v2\/posts"}],"about":[{"href":"https:\/\/patrocinados.estadao.com.br\/deloitte-jornada-da-sustentabilidade\/wp-json\/wp\/v2\/types\/post"}],"author":[{"embeddable":true,"href":"https:\/\/patrocinados.estadao.com.br\/deloitte-jornada-da-sustentabilidade\/wp-json\/wp\/v2\/users\/8"}],"replies":[{"embeddable":true,"href":"https:\/\/patrocinados.estadao.com.br\/deloitte-jornada-da-sustentabilidade\/wp-json\/wp\/v2\/comments?post=2409"}],"version-history":[{"count":2,"href":"https:\/\/patrocinados.estadao.com.br\/deloitte-jornada-da-sustentabilidade\/wp-json\/wp\/v2\/posts\/2409\/revisions"}],"predecessor-version":[{"id":2413,"href":"https:\/\/patrocinados.estadao.com.br\/deloitte-jornada-da-sustentabilidade\/wp-json\/wp\/v2\/posts\/2409\/revisions\/2413"}],"wp:featuredmedia":[{"embeddable":true,"href":"https:\/\/patrocinados.estadao.com.br\/deloitte-jornada-da-sustentabilidade\/wp-json\/wp\/v2\/media\/2415"}],"wp:attachment":[{"href":"https:\/\/patrocinados.estadao.com.br\/deloitte-jornada-da-sustentabilidade\/wp-json\/wp\/v2\/media?parent=2409"}],"wp:term":[{"taxonomy":"category","embeddable":true,"href":"https:\/\/patrocinados.estadao.com.br\/deloitte-jornada-da-sustentabilidade\/wp-json\/wp\/v2\/categories?post=2409"},{"taxonomy":"post_tag","embeddable":true,"href":"https:\/\/patrocinados.estadao.com.br\/deloitte-jornada-da-sustentabilidade\/wp-json\/wp\/v2\/tags?post=2409"}],"curies":[{"name":"wp","href":"https:\/\/api.w.org\/{rel}","templated":true}]}}