{"id":2371,"date":"2022-11-23T14:53:21","date_gmt":"2022-11-23T17:53:21","guid":{"rendered":"https:\/\/patrocinados.estadao.com.br\/deloitte-esg\/?p=2371"},"modified":"2022-11-23T14:53:21","modified_gmt":"2022-11-23T17:53:21","slug":"america-do-sul-precisa-de-ponto-de-virada-contra-mudanca-climatica","status":"publish","type":"post","link":"https:\/\/patrocinados.estadao.com.br\/deloitte-jornada-da-sustentabilidade\/2022\/11\/23\/america-do-sul-precisa-de-ponto-de-virada-contra-mudanca-climatica\/","title":{"rendered":"Am\u00e9rica do Sul precisa de \u2018ponto de virada\u2019 contra mudan\u00e7a clim\u00e1tica"},"content":{"rendered":"<p><img loading=\"lazy\" decoding=\"async\" class=\"aligncenter wp-image-2372 size-large\" src=\"https:\/\/patrocinados.estadao.com.br\/deloitte-esg\/wp-content\/uploads\/2022\/11\/GettyImages-1360884566-1024x683.jpg\" alt=\"\" width=\"1024\" height=\"683\" srcset=\"https:\/\/patrocinados.estadao.com.br\/deloitte-jornada-da-sustentabilidade\/wp-content\/uploads\/2022\/11\/GettyImages-1360884566-1024x683.jpg 1024w, https:\/\/patrocinados.estadao.com.br\/deloitte-jornada-da-sustentabilidade\/wp-content\/uploads\/2022\/11\/GettyImages-1360884566-300x200.jpg 300w, https:\/\/patrocinados.estadao.com.br\/deloitte-jornada-da-sustentabilidade\/wp-content\/uploads\/2022\/11\/GettyImages-1360884566-768x512.jpg 768w, https:\/\/patrocinados.estadao.com.br\/deloitte-jornada-da-sustentabilidade\/wp-content\/uploads\/2022\/11\/GettyImages-1360884566-1536x1024.jpg 1536w, https:\/\/patrocinados.estadao.com.br\/deloitte-jornada-da-sustentabilidade\/wp-content\/uploads\/2022\/11\/GettyImages-1360884566-2048x1365.jpg 2048w, https:\/\/patrocinados.estadao.com.br\/deloitte-jornada-da-sustentabilidade\/wp-content\/uploads\/2022\/11\/GettyImages-1360884566-233x155.jpg 233w, https:\/\/patrocinados.estadao.com.br\/deloitte-jornada-da-sustentabilidade\/wp-content\/uploads\/2022\/11\/GettyImages-1360884566-850x567.jpg 850w, https:\/\/patrocinados.estadao.com.br\/deloitte-jornada-da-sustentabilidade\/wp-content\/uploads\/2022\/11\/GettyImages-1360884566-1400x933.jpg 1400w\" sizes=\"auto, (max-width: 1024px) 100vw, 1024px\" \/><\/p>\n<p>Se governos, empresas e ONGs n\u00e3o agirem desde j\u00e1, com planejamento minucioso e a\u00e7\u00f5es incisivas, o mundo sofrer\u00e1 fortemente os impactos das mudan\u00e7as clim\u00e1ticas provocadas pelo aumento das emiss\u00f5es de carbono e, consequentemente, da temperatura global.<\/p>\n<p>Segundo proje\u00e7\u00f5es feitas pela Deloitte no estudo \u201c<a href=\"https:\/\/www2.deloitte.com\/br\/pt\/pages\/about-deloitte\/articles\/SouthAmerica-TurningPoint.html\" target=\"_blank\" rel=\"noopener\"><strong>The turning point: um novo clima econ\u00f4mico na Am\u00e9rica do Sul<\/strong><\/a>\u201d, a regi\u00e3o deve ser uma das mais afetadas do planeta. \u201cSe considerarmos um aumento de 3\u00b0C na temperatura at\u00e9 2070, um total de US$ 17 trilh\u00f5es seriam subtra\u00eddos da economia da Am\u00e9rica do Sul, causando perdas substanciais para ind\u00fastrias, empresas e trabalhadores, eliminando 18 milh\u00f5es de empregos\u201d, explica o s\u00f3cio-l\u00edder de ESG e Risk Advisory da Deloitte, Anselmo Bonservizzi. \u201cA mudan\u00e7a clim\u00e1tica tamb\u00e9m romper\u00e1 cadeias de suprimentos, testar\u00e1 institui\u00e7\u00f5es e provocar\u00e1 altera\u00e7\u00f5es profundas na sociedade\u201d, aponta o executivo.<\/p>\n<p>Para reverter essa perspectiva, \u00e9 preciso buscar um ponto de virada coletivo, com a compreens\u00e3o de que o controle do clima em um futuro \u201ccarbono zero\u201d beneficiar\u00e1 as economias e fortalecer\u00e1 os pa\u00edses. O estudo da Deloitte aponta que essa mudan\u00e7a resultaria em benef\u00edcio l\u00edquido equivalente ao crescimento de 1% do PIB em 2070 (ou US$ 150 bilh\u00f5es). A partir desse <strong>ano, <\/strong>as economias veriam uma tend\u00eancia de expans\u00e3o anual, com a gera\u00e7\u00e3o de milh\u00f5es de empregos.<\/p>\n<p><strong>Como fazer a transi\u00e7\u00e3o?<\/strong><\/p>\n<p>Os investimentos dessa transforma\u00e7\u00e3o para uma regi\u00e3o como a Am\u00e9rica do Sul s\u00e3o altos, mas, quanto antes as a\u00e7\u00f5es assertivas de descarboniza\u00e7\u00e3o forem implementadas, mais f\u00e1cil ser\u00e1 a transi\u00e7\u00e3o. \u201cOs pa\u00edses e seus setores econ\u00f4micos ter\u00e3o ganhos vis\u00edveis, que ser\u00e3o traduzidos em custos evitados, al\u00e9m de novas oportunidades para ind\u00fastrias e tecnologias\u201d, destaca Anselmo Bonservizzi. \u201cEssa \u00e9 a premissa que precisa ser adotada a partir de agora.\u201d<\/p>\n<p>Um dos exemplos mais imediatos <strong>obtidos com<\/strong> essa mudan\u00e7a de vis\u00e3o seria o crescimento de setores como o de energias limpas e renov\u00e1veis, trazendo oportunidades de forma\u00e7\u00e3o e novas possibilidades de trabalho para especialistas que j\u00e1 atuam em ind\u00fastrias que dependem de combust\u00edveis f\u00f3sseis. Outras vagas poderiam surgir na minera\u00e7\u00e3o, com o aumento na procura por metais como l\u00edtio e cobre, essenciais para a eletrifica\u00e7\u00e3o das fontes de energia.<\/p>\n<p>O relat\u00f3rio da Deloitte mostra que, at\u00e9 2045, a Am\u00e9rica do Sul pode atingir um marco importante, caso consiga alcan\u00e7ar quase 90% de descarboniza\u00e7\u00e3o na regi\u00e3o. \u201cEsse marco significar\u00e1 que os pa\u00edses ter\u00e3o evitado o \u2018aprisionamento\u2019 de seu futuro pelo aquecimento global\u201d, afirma Bonservizzi. A partir da\u00ed, os custos da mudan\u00e7a e da transi\u00e7\u00e3o dos modelos tender\u00e3o a cair, ao mesmo tempo que devem crescer os processos avan\u00e7ados de produ\u00e7\u00e3o limpa e as ofertas de servi\u00e7os aderentes \u00e0s baixas emiss\u00f5es.<\/p>\n<p>Se seguirmos esse caminho, o ponto de virada ocorreria em torno da d\u00e9cada de 2060, quando os ganhos econ\u00f4micos da descarboniza\u00e7\u00e3o ficariam maiores que os custos.<\/p>\n<p>O estudo da Deloitte sugere diversas alternativas para a transi\u00e7\u00e3o, entre elas a adapta\u00e7\u00e3o dos principais setores de exporta\u00e7\u00e3o, conforme o mundo se afasta dos combust\u00edveis f\u00f3sseis. Investimentos em pesquisa e desenvolvimento para implantar as tecnologias capazes de promover redu\u00e7\u00f5es depois de 2030 tamb\u00e9m teriam de ser praticamente imediatos, assim como a ado\u00e7\u00e3o de leis espec\u00edficas a respeito de metas e compromissos.<\/p>\n<p>Outros pontos envolveriam a transforma\u00e7\u00e3o dos modelos de gera\u00e7\u00e3o de eletricidade em dire\u00e7\u00e3o a novas tecnologias, como a consolida\u00e7\u00e3o de modais hidroel\u00e9tricos, energia solar e de incentivo aos biocombust\u00edveis; a fiscaliza\u00e7\u00e3o mais r\u00edgida contra pr\u00e1ticas de desmatamento e a acelera\u00e7\u00e3o de reflorestamento nas \u00e1reas degradadas, acompanhadas de mudan\u00e7as mais assertivas na matriz energ\u00e9tica nas d\u00e9cadas posteriores.<\/p>\n","protected":false},"excerpt":{"rendered":"<p>Se governos, empresas e ONGs n\u00e3o agirem desde j\u00e1, com planejamento minucioso e a\u00e7\u00f5es incisivas, o mundo sofrer\u00e1 fortemente os impactos das mudan\u00e7as clim\u00e1ticas provocadas pelo aumento das emiss\u00f5es de carbono e, consequentemente, da temperatura global. Segundo proje\u00e7\u00f5es feitas pela Deloitte no estudo \u201cThe turning point: um novo clima econ\u00f4mico na Am\u00e9rica do Sul\u201d, a [&hellip;]<\/p>\n","protected":false},"author":8,"featured_media":2372,"comment_status":"open","ping_status":"closed","sticky":false,"template":"","format":"standard","meta":{"_acf_changed":false,"footnotes":""},"categories":[41,3],"tags":[62,8,63,9,19,24],"class_list":["post-2371","post","type-post","status-publish","format-standard","has-post-thumbnail","hentry","category-conteudo","category-estudos","tag-america-do-sul","tag-deloitte","tag-energia","tag-esg","tag-mudancas-climaticas","tag-sustentabilidade"],"acf":[],"yoast_head":"<!-- This site is optimized with the Yoast SEO plugin v27.1.1 - https:\/\/yoast.com\/product\/yoast-seo-wordpress\/ -->\n<title>Am\u00e9rica do Sul precisa de \u2018ponto de virada\u2019 contra mudan\u00e7a clim\u00e1tica - Jornada da Sustentabilidade, oferecido por Deloitte<\/title>\n<meta name=\"robots\" content=\"index, follow, max-snippet:-1, max-image-preview:large, max-video-preview:-1\" \/>\n<link rel=\"canonical\" href=\"https:\/\/patrocinados.estadao.com.br\/deloitte-jornada-da-sustentabilidade\/2022\/11\/23\/america-do-sul-precisa-de-ponto-de-virada-contra-mudanca-climatica\/\" \/>\n<meta property=\"og:locale\" content=\"pt_BR\" \/>\n<meta property=\"og:type\" content=\"article\" \/>\n<meta property=\"og:title\" content=\"Am\u00e9rica do Sul precisa de \u2018ponto de virada\u2019 contra mudan\u00e7a clim\u00e1tica - Jornada da Sustentabilidade, oferecido por Deloitte\" \/>\n<meta property=\"og:description\" content=\"Se governos, empresas e ONGs n\u00e3o agirem desde j\u00e1, com planejamento minucioso e a\u00e7\u00f5es incisivas, o mundo sofrer\u00e1 fortemente os impactos das mudan\u00e7as clim\u00e1ticas provocadas pelo aumento das emiss\u00f5es de carbono e, consequentemente, da temperatura global. Segundo proje\u00e7\u00f5es feitas pela Deloitte no estudo \u201cThe turning point: um novo clima econ\u00f4mico na Am\u00e9rica do Sul\u201d, a [&hellip;]\" \/>\n<meta property=\"og:url\" content=\"https:\/\/patrocinados.estadao.com.br\/deloitte-jornada-da-sustentabilidade\/2022\/11\/23\/america-do-sul-precisa-de-ponto-de-virada-contra-mudanca-climatica\/\" \/>\n<meta property=\"og:site_name\" content=\"Jornada da Sustentabilidade, oferecido por Deloitte\" \/>\n<meta property=\"article:published_time\" content=\"2022-11-23T17:53:21+00:00\" \/>\n<meta property=\"og:image\" content=\"https:\/\/patrocinados.estadao.com.br\/deloitte-jornada-da-sustentabilidade\/wp-content\/uploads\/2022\/11\/GettyImages-1360884566-1024x683.jpg\" \/>\n\t<meta property=\"og:image:width\" content=\"1024\" \/>\n\t<meta property=\"og:image:height\" content=\"683\" \/>\n\t<meta property=\"og:image:type\" content=\"image\/jpeg\" \/>\n<meta name=\"author\" content=\"blue_studio\" \/>\n<meta name=\"twitter:card\" content=\"summary_large_image\" \/>\n<meta name=\"twitter:label1\" content=\"Escrito por\" \/>\n\t<meta name=\"twitter:data1\" content=\"blue_studio\" \/>\n\t<meta name=\"twitter:label2\" content=\"Est. tempo de leitura\" \/>\n\t<meta name=\"twitter:data2\" content=\"3 minutos\" \/>\n<script type=\"application\/ld+json\" class=\"yoast-schema-graph\">{\"@context\":\"https:\/\/schema.org\",\"@graph\":[{\"@type\":\"Article\",\"@id\":\"https:\/\/patrocinados.estadao.com.br\/deloitte-jornada-da-sustentabilidade\/2022\/11\/23\/america-do-sul-precisa-de-ponto-de-virada-contra-mudanca-climatica\/#article\",\"isPartOf\":{\"@id\":\"https:\/\/patrocinados.estadao.com.br\/deloitte-jornada-da-sustentabilidade\/2022\/11\/23\/america-do-sul-precisa-de-ponto-de-virada-contra-mudanca-climatica\/\"},\"author\":{\"name\":\"blue_studio\",\"@id\":\"https:\/\/patrocinados.estadao.com.br\/deloitte-jornada-da-sustentabilidade\/#\/schema\/person\/60071a239fb5b5bc3d3d88cb8f6170a6\"},\"headline\":\"Am\u00e9rica do Sul precisa de \u2018ponto de virada\u2019 contra mudan\u00e7a clim\u00e1tica\",\"datePublished\":\"2022-11-23T17:53:21+00:00\",\"mainEntityOfPage\":{\"@id\":\"https:\/\/patrocinados.estadao.com.br\/deloitte-jornada-da-sustentabilidade\/2022\/11\/23\/america-do-sul-precisa-de-ponto-de-virada-contra-mudanca-climatica\/\"},\"wordCount\":671,\"commentCount\":0,\"image\":{\"@id\":\"https:\/\/patrocinados.estadao.com.br\/deloitte-jornada-da-sustentabilidade\/2022\/11\/23\/america-do-sul-precisa-de-ponto-de-virada-contra-mudanca-climatica\/#primaryimage\"},\"thumbnailUrl\":\"https:\/\/patrocinados.estadao.com.br\/deloitte-jornada-da-sustentabilidade\/wp-content\/uploads\/2022\/11\/GettyImages-1360884566.jpg\",\"keywords\":[\"Am\u00e9rica do Sul\",\"Deloitte\",\"Energia\",\"ESG\",\"Mudan\u00e7as clim\u00e1ticas\",\"sustentabilidade\"],\"articleSection\":[\"Conte\u00fado\",\"Estudos\"],\"inLanguage\":\"pt-BR\",\"potentialAction\":[{\"@type\":\"CommentAction\",\"name\":\"Comment\",\"target\":[\"https:\/\/patrocinados.estadao.com.br\/deloitte-jornada-da-sustentabilidade\/2022\/11\/23\/america-do-sul-precisa-de-ponto-de-virada-contra-mudanca-climatica\/#respond\"]}]},{\"@type\":\"WebPage\",\"@id\":\"https:\/\/patrocinados.estadao.com.br\/deloitte-jornada-da-sustentabilidade\/2022\/11\/23\/america-do-sul-precisa-de-ponto-de-virada-contra-mudanca-climatica\/\",\"url\":\"https:\/\/patrocinados.estadao.com.br\/deloitte-jornada-da-sustentabilidade\/2022\/11\/23\/america-do-sul-precisa-de-ponto-de-virada-contra-mudanca-climatica\/\",\"name\":\"Am\u00e9rica do Sul precisa de \u2018ponto de virada\u2019 contra mudan\u00e7a clim\u00e1tica - Jornada da Sustentabilidade, oferecido por Deloitte\",\"isPartOf\":{\"@id\":\"https:\/\/patrocinados.estadao.com.br\/deloitte-jornada-da-sustentabilidade\/#website\"},\"primaryImageOfPage\":{\"@id\":\"https:\/\/patrocinados.estadao.com.br\/deloitte-jornada-da-sustentabilidade\/2022\/11\/23\/america-do-sul-precisa-de-ponto-de-virada-contra-mudanca-climatica\/#primaryimage\"},\"image\":{\"@id\":\"https:\/\/patrocinados.estadao.com.br\/deloitte-jornada-da-sustentabilidade\/2022\/11\/23\/america-do-sul-precisa-de-ponto-de-virada-contra-mudanca-climatica\/#primaryimage\"},\"thumbnailUrl\":\"https:\/\/patrocinados.estadao.com.br\/deloitte-jornada-da-sustentabilidade\/wp-content\/uploads\/2022\/11\/GettyImages-1360884566.jpg\",\"datePublished\":\"2022-11-23T17:53:21+00:00\",\"author\":{\"@id\":\"https:\/\/patrocinados.estadao.com.br\/deloitte-jornada-da-sustentabilidade\/#\/schema\/person\/60071a239fb5b5bc3d3d88cb8f6170a6\"},\"breadcrumb\":{\"@id\":\"https:\/\/patrocinados.estadao.com.br\/deloitte-jornada-da-sustentabilidade\/2022\/11\/23\/america-do-sul-precisa-de-ponto-de-virada-contra-mudanca-climatica\/#breadcrumb\"},\"inLanguage\":\"pt-BR\",\"potentialAction\":[{\"@type\":\"ReadAction\",\"target\":[\"https:\/\/patrocinados.estadao.com.br\/deloitte-jornada-da-sustentabilidade\/2022\/11\/23\/america-do-sul-precisa-de-ponto-de-virada-contra-mudanca-climatica\/\"]}]},{\"@type\":\"ImageObject\",\"inLanguage\":\"pt-BR\",\"@id\":\"https:\/\/patrocinados.estadao.com.br\/deloitte-jornada-da-sustentabilidade\/2022\/11\/23\/america-do-sul-precisa-de-ponto-de-virada-contra-mudanca-climatica\/#primaryimage\",\"url\":\"https:\/\/patrocinados.estadao.com.br\/deloitte-jornada-da-sustentabilidade\/wp-content\/uploads\/2022\/11\/GettyImages-1360884566.jpg\",\"contentUrl\":\"https:\/\/patrocinados.estadao.com.br\/deloitte-jornada-da-sustentabilidade\/wp-content\/uploads\/2022\/11\/GettyImages-1360884566.jpg\",\"width\":2121,\"height\":1414},{\"@type\":\"BreadcrumbList\",\"@id\":\"https:\/\/patrocinados.estadao.com.br\/deloitte-jornada-da-sustentabilidade\/2022\/11\/23\/america-do-sul-precisa-de-ponto-de-virada-contra-mudanca-climatica\/#breadcrumb\",\"itemListElement\":[{\"@type\":\"ListItem\",\"position\":1,\"name\":\"In\u00edcio\",\"item\":\"https:\/\/patrocinados.estadao.com.br\/deloitte-jornada-da-sustentabilidade\/\"},{\"@type\":\"ListItem\",\"position\":2,\"name\":\"Am\u00e9rica do Sul precisa de \u2018ponto de virada\u2019 contra mudan\u00e7a clim\u00e1tica\"}]},{\"@type\":\"WebSite\",\"@id\":\"https:\/\/patrocinados.estadao.com.br\/deloitte-jornada-da-sustentabilidade\/#website\",\"url\":\"https:\/\/patrocinados.estadao.com.br\/deloitte-jornada-da-sustentabilidade\/\",\"name\":\"Jornada da Sustentabilidade, oferecido por Deloitte\",\"description\":\"Solu\u00e7\u00f5es de governan\u00e7a corporativa para seus desafios de neg\u00f3cios\",\"potentialAction\":[{\"@type\":\"SearchAction\",\"target\":{\"@type\":\"EntryPoint\",\"urlTemplate\":\"https:\/\/patrocinados.estadao.com.br\/deloitte-jornada-da-sustentabilidade\/?s={search_term_string}\"},\"query-input\":{\"@type\":\"PropertyValueSpecification\",\"valueRequired\":true,\"valueName\":\"search_term_string\"}}],\"inLanguage\":\"pt-BR\"},{\"@type\":\"Person\",\"@id\":\"https:\/\/patrocinados.estadao.com.br\/deloitte-jornada-da-sustentabilidade\/#\/schema\/person\/60071a239fb5b5bc3d3d88cb8f6170a6\",\"name\":\"blue_studio\",\"image\":{\"@type\":\"ImageObject\",\"inLanguage\":\"pt-BR\",\"@id\":\"https:\/\/patrocinados.estadao.com.br\/deloitte-jornada-da-sustentabilidade\/#\/schema\/person\/image\/\",\"url\":\"https:\/\/secure.gravatar.com\/avatar\/193f77a26bfc1ca843b87f20fda6efd0c212628ecc58a5c9f31ba0b89d013b17?s=96&d=mm&r=g\",\"contentUrl\":\"https:\/\/secure.gravatar.com\/avatar\/193f77a26bfc1ca843b87f20fda6efd0c212628ecc58a5c9f31ba0b89d013b17?s=96&d=mm&r=g\",\"caption\":\"blue_studio\"},\"url\":\"https:\/\/patrocinados.estadao.com.br\/deloitte-jornada-da-sustentabilidade\/author\/blue_studio\/\"}]}<\/script>\n<!-- \/ Yoast SEO plugin. -->","yoast_head_json":{"title":"Am\u00e9rica do Sul precisa de \u2018ponto de virada\u2019 contra mudan\u00e7a clim\u00e1tica - Jornada da Sustentabilidade, oferecido por Deloitte","robots":{"index":"index","follow":"follow","max-snippet":"max-snippet:-1","max-image-preview":"max-image-preview:large","max-video-preview":"max-video-preview:-1"},"canonical":"https:\/\/patrocinados.estadao.com.br\/deloitte-jornada-da-sustentabilidade\/2022\/11\/23\/america-do-sul-precisa-de-ponto-de-virada-contra-mudanca-climatica\/","og_locale":"pt_BR","og_type":"article","og_title":"Am\u00e9rica do Sul precisa de \u2018ponto de virada\u2019 contra mudan\u00e7a clim\u00e1tica - Jornada da Sustentabilidade, oferecido por Deloitte","og_description":"Se governos, empresas e ONGs n\u00e3o agirem desde j\u00e1, com planejamento minucioso e a\u00e7\u00f5es incisivas, o mundo sofrer\u00e1 fortemente os impactos das mudan\u00e7as clim\u00e1ticas provocadas pelo aumento das emiss\u00f5es de carbono e, consequentemente, da temperatura global. Segundo proje\u00e7\u00f5es feitas pela Deloitte no estudo \u201cThe turning point: um novo clima econ\u00f4mico na Am\u00e9rica do Sul\u201d, a [&hellip;]","og_url":"https:\/\/patrocinados.estadao.com.br\/deloitte-jornada-da-sustentabilidade\/2022\/11\/23\/america-do-sul-precisa-de-ponto-de-virada-contra-mudanca-climatica\/","og_site_name":"Jornada da Sustentabilidade, oferecido por Deloitte","article_published_time":"2022-11-23T17:53:21+00:00","og_image":[{"width":1024,"height":683,"url":"https:\/\/patrocinados.estadao.com.br\/deloitte-jornada-da-sustentabilidade\/wp-content\/uploads\/2022\/11\/GettyImages-1360884566-1024x683.jpg","type":"image\/jpeg"}],"author":"blue_studio","twitter_card":"summary_large_image","twitter_misc":{"Escrito por":"blue_studio","Est. tempo de leitura":"3 minutos"},"schema":{"@context":"https:\/\/schema.org","@graph":[{"@type":"Article","@id":"https:\/\/patrocinados.estadao.com.br\/deloitte-jornada-da-sustentabilidade\/2022\/11\/23\/america-do-sul-precisa-de-ponto-de-virada-contra-mudanca-climatica\/#article","isPartOf":{"@id":"https:\/\/patrocinados.estadao.com.br\/deloitte-jornada-da-sustentabilidade\/2022\/11\/23\/america-do-sul-precisa-de-ponto-de-virada-contra-mudanca-climatica\/"},"author":{"name":"blue_studio","@id":"https:\/\/patrocinados.estadao.com.br\/deloitte-jornada-da-sustentabilidade\/#\/schema\/person\/60071a239fb5b5bc3d3d88cb8f6170a6"},"headline":"Am\u00e9rica do Sul precisa de \u2018ponto de virada\u2019 contra mudan\u00e7a clim\u00e1tica","datePublished":"2022-11-23T17:53:21+00:00","mainEntityOfPage":{"@id":"https:\/\/patrocinados.estadao.com.br\/deloitte-jornada-da-sustentabilidade\/2022\/11\/23\/america-do-sul-precisa-de-ponto-de-virada-contra-mudanca-climatica\/"},"wordCount":671,"commentCount":0,"image":{"@id":"https:\/\/patrocinados.estadao.com.br\/deloitte-jornada-da-sustentabilidade\/2022\/11\/23\/america-do-sul-precisa-de-ponto-de-virada-contra-mudanca-climatica\/#primaryimage"},"thumbnailUrl":"https:\/\/patrocinados.estadao.com.br\/deloitte-jornada-da-sustentabilidade\/wp-content\/uploads\/2022\/11\/GettyImages-1360884566.jpg","keywords":["Am\u00e9rica do Sul","Deloitte","Energia","ESG","Mudan\u00e7as clim\u00e1ticas","sustentabilidade"],"articleSection":["Conte\u00fado","Estudos"],"inLanguage":"pt-BR","potentialAction":[{"@type":"CommentAction","name":"Comment","target":["https:\/\/patrocinados.estadao.com.br\/deloitte-jornada-da-sustentabilidade\/2022\/11\/23\/america-do-sul-precisa-de-ponto-de-virada-contra-mudanca-climatica\/#respond"]}]},{"@type":"WebPage","@id":"https:\/\/patrocinados.estadao.com.br\/deloitte-jornada-da-sustentabilidade\/2022\/11\/23\/america-do-sul-precisa-de-ponto-de-virada-contra-mudanca-climatica\/","url":"https:\/\/patrocinados.estadao.com.br\/deloitte-jornada-da-sustentabilidade\/2022\/11\/23\/america-do-sul-precisa-de-ponto-de-virada-contra-mudanca-climatica\/","name":"Am\u00e9rica do Sul precisa de \u2018ponto de virada\u2019 contra mudan\u00e7a clim\u00e1tica - Jornada da Sustentabilidade, oferecido por Deloitte","isPartOf":{"@id":"https:\/\/patrocinados.estadao.com.br\/deloitte-jornada-da-sustentabilidade\/#website"},"primaryImageOfPage":{"@id":"https:\/\/patrocinados.estadao.com.br\/deloitte-jornada-da-sustentabilidade\/2022\/11\/23\/america-do-sul-precisa-de-ponto-de-virada-contra-mudanca-climatica\/#primaryimage"},"image":{"@id":"https:\/\/patrocinados.estadao.com.br\/deloitte-jornada-da-sustentabilidade\/2022\/11\/23\/america-do-sul-precisa-de-ponto-de-virada-contra-mudanca-climatica\/#primaryimage"},"thumbnailUrl":"https:\/\/patrocinados.estadao.com.br\/deloitte-jornada-da-sustentabilidade\/wp-content\/uploads\/2022\/11\/GettyImages-1360884566.jpg","datePublished":"2022-11-23T17:53:21+00:00","author":{"@id":"https:\/\/patrocinados.estadao.com.br\/deloitte-jornada-da-sustentabilidade\/#\/schema\/person\/60071a239fb5b5bc3d3d88cb8f6170a6"},"breadcrumb":{"@id":"https:\/\/patrocinados.estadao.com.br\/deloitte-jornada-da-sustentabilidade\/2022\/11\/23\/america-do-sul-precisa-de-ponto-de-virada-contra-mudanca-climatica\/#breadcrumb"},"inLanguage":"pt-BR","potentialAction":[{"@type":"ReadAction","target":["https:\/\/patrocinados.estadao.com.br\/deloitte-jornada-da-sustentabilidade\/2022\/11\/23\/america-do-sul-precisa-de-ponto-de-virada-contra-mudanca-climatica\/"]}]},{"@type":"ImageObject","inLanguage":"pt-BR","@id":"https:\/\/patrocinados.estadao.com.br\/deloitte-jornada-da-sustentabilidade\/2022\/11\/23\/america-do-sul-precisa-de-ponto-de-virada-contra-mudanca-climatica\/#primaryimage","url":"https:\/\/patrocinados.estadao.com.br\/deloitte-jornada-da-sustentabilidade\/wp-content\/uploads\/2022\/11\/GettyImages-1360884566.jpg","contentUrl":"https:\/\/patrocinados.estadao.com.br\/deloitte-jornada-da-sustentabilidade\/wp-content\/uploads\/2022\/11\/GettyImages-1360884566.jpg","width":2121,"height":1414},{"@type":"BreadcrumbList","@id":"https:\/\/patrocinados.estadao.com.br\/deloitte-jornada-da-sustentabilidade\/2022\/11\/23\/america-do-sul-precisa-de-ponto-de-virada-contra-mudanca-climatica\/#breadcrumb","itemListElement":[{"@type":"ListItem","position":1,"name":"In\u00edcio","item":"https:\/\/patrocinados.estadao.com.br\/deloitte-jornada-da-sustentabilidade\/"},{"@type":"ListItem","position":2,"name":"Am\u00e9rica do Sul precisa de \u2018ponto de virada\u2019 contra mudan\u00e7a clim\u00e1tica"}]},{"@type":"WebSite","@id":"https:\/\/patrocinados.estadao.com.br\/deloitte-jornada-da-sustentabilidade\/#website","url":"https:\/\/patrocinados.estadao.com.br\/deloitte-jornada-da-sustentabilidade\/","name":"Jornada da Sustentabilidade, oferecido por Deloitte","description":"Solu\u00e7\u00f5es de governan\u00e7a corporativa para seus desafios de neg\u00f3cios","potentialAction":[{"@type":"SearchAction","target":{"@type":"EntryPoint","urlTemplate":"https:\/\/patrocinados.estadao.com.br\/deloitte-jornada-da-sustentabilidade\/?s={search_term_string}"},"query-input":{"@type":"PropertyValueSpecification","valueRequired":true,"valueName":"search_term_string"}}],"inLanguage":"pt-BR"},{"@type":"Person","@id":"https:\/\/patrocinados.estadao.com.br\/deloitte-jornada-da-sustentabilidade\/#\/schema\/person\/60071a239fb5b5bc3d3d88cb8f6170a6","name":"blue_studio","image":{"@type":"ImageObject","inLanguage":"pt-BR","@id":"https:\/\/patrocinados.estadao.com.br\/deloitte-jornada-da-sustentabilidade\/#\/schema\/person\/image\/","url":"https:\/\/secure.gravatar.com\/avatar\/193f77a26bfc1ca843b87f20fda6efd0c212628ecc58a5c9f31ba0b89d013b17?s=96&d=mm&r=g","contentUrl":"https:\/\/secure.gravatar.com\/avatar\/193f77a26bfc1ca843b87f20fda6efd0c212628ecc58a5c9f31ba0b89d013b17?s=96&d=mm&r=g","caption":"blue_studio"},"url":"https:\/\/patrocinados.estadao.com.br\/deloitte-jornada-da-sustentabilidade\/author\/blue_studio\/"}]}},"_links":{"self":[{"href":"https:\/\/patrocinados.estadao.com.br\/deloitte-jornada-da-sustentabilidade\/wp-json\/wp\/v2\/posts\/2371","targetHints":{"allow":["GET"]}}],"collection":[{"href":"https:\/\/patrocinados.estadao.com.br\/deloitte-jornada-da-sustentabilidade\/wp-json\/wp\/v2\/posts"}],"about":[{"href":"https:\/\/patrocinados.estadao.com.br\/deloitte-jornada-da-sustentabilidade\/wp-json\/wp\/v2\/types\/post"}],"author":[{"embeddable":true,"href":"https:\/\/patrocinados.estadao.com.br\/deloitte-jornada-da-sustentabilidade\/wp-json\/wp\/v2\/users\/8"}],"replies":[{"embeddable":true,"href":"https:\/\/patrocinados.estadao.com.br\/deloitte-jornada-da-sustentabilidade\/wp-json\/wp\/v2\/comments?post=2371"}],"version-history":[{"count":2,"href":"https:\/\/patrocinados.estadao.com.br\/deloitte-jornada-da-sustentabilidade\/wp-json\/wp\/v2\/posts\/2371\/revisions"}],"predecessor-version":[{"id":2374,"href":"https:\/\/patrocinados.estadao.com.br\/deloitte-jornada-da-sustentabilidade\/wp-json\/wp\/v2\/posts\/2371\/revisions\/2374"}],"wp:featuredmedia":[{"embeddable":true,"href":"https:\/\/patrocinados.estadao.com.br\/deloitte-jornada-da-sustentabilidade\/wp-json\/wp\/v2\/media\/2372"}],"wp:attachment":[{"href":"https:\/\/patrocinados.estadao.com.br\/deloitte-jornada-da-sustentabilidade\/wp-json\/wp\/v2\/media?parent=2371"}],"wp:term":[{"taxonomy":"category","embeddable":true,"href":"https:\/\/patrocinados.estadao.com.br\/deloitte-jornada-da-sustentabilidade\/wp-json\/wp\/v2\/categories?post=2371"},{"taxonomy":"post_tag","embeddable":true,"href":"https:\/\/patrocinados.estadao.com.br\/deloitte-jornada-da-sustentabilidade\/wp-json\/wp\/v2\/tags?post=2371"}],"curies":[{"name":"wp","href":"https:\/\/api.w.org\/{rel}","templated":true}]}}