{"id":2356,"date":"2022-08-10T15:18:29","date_gmt":"2022-08-10T18:18:29","guid":{"rendered":"https:\/\/patrocinados.estadao.com.br\/deloitte-esg\/?p=2356"},"modified":"2022-08-10T16:48:41","modified_gmt":"2022-08-10T19:48:41","slug":"esg-vira-oportunidade-para-empresas-e-profissionais-de-relacoes-com-investidores","status":"publish","type":"post","link":"https:\/\/patrocinados.estadao.com.br\/deloitte-jornada-da-sustentabilidade\/2022\/08\/10\/esg-vira-oportunidade-para-empresas-e-profissionais-de-relacoes-com-investidores\/","title":{"rendered":"ESG vira oportunidade para empresas e profissionais de Rela\u00e7\u00f5es com Investidores"},"content":{"rendered":"<div id=\"attachment_2355\" style=\"width: 2111px\" class=\"wp-caption aligncenter\"><img loading=\"lazy\" decoding=\"async\" aria-describedby=\"caption-attachment-2355\" class=\"wp-image-2355 size-full\" src=\"https:\/\/patrocinados.estadao.com.br\/deloitte-esg\/wp-content\/uploads\/2022\/08\/Imagem_IBRI.jpg\" alt=\"\" width=\"2101\" height=\"1427\" srcset=\"https:\/\/patrocinados.estadao.com.br\/deloitte-jornada-da-sustentabilidade\/wp-content\/uploads\/2022\/08\/Imagem_IBRI.jpg 2101w, https:\/\/patrocinados.estadao.com.br\/deloitte-jornada-da-sustentabilidade\/wp-content\/uploads\/2022\/08\/Imagem_IBRI-300x204.jpg 300w, https:\/\/patrocinados.estadao.com.br\/deloitte-jornada-da-sustentabilidade\/wp-content\/uploads\/2022\/08\/Imagem_IBRI-1024x696.jpg 1024w, https:\/\/patrocinados.estadao.com.br\/deloitte-jornada-da-sustentabilidade\/wp-content\/uploads\/2022\/08\/Imagem_IBRI-768x522.jpg 768w, https:\/\/patrocinados.estadao.com.br\/deloitte-jornada-da-sustentabilidade\/wp-content\/uploads\/2022\/08\/Imagem_IBRI-1536x1043.jpg 1536w, https:\/\/patrocinados.estadao.com.br\/deloitte-jornada-da-sustentabilidade\/wp-content\/uploads\/2022\/08\/Imagem_IBRI-2048x1391.jpg 2048w, https:\/\/patrocinados.estadao.com.br\/deloitte-jornada-da-sustentabilidade\/wp-content\/uploads\/2022\/08\/Imagem_IBRI-228x155.jpg 228w, https:\/\/patrocinados.estadao.com.br\/deloitte-jornada-da-sustentabilidade\/wp-content\/uploads\/2022\/08\/Imagem_IBRI-170x115.jpg 170w, https:\/\/patrocinados.estadao.com.br\/deloitte-jornada-da-sustentabilidade\/wp-content\/uploads\/2022\/08\/Imagem_IBRI-850x577.jpg 850w, https:\/\/patrocinados.estadao.com.br\/deloitte-jornada-da-sustentabilidade\/wp-content\/uploads\/2022\/08\/Imagem_IBRI-1400x951.jpg 1400w\" sizes=\"auto, (max-width: 2101px) 100vw, 2101px\" \/><p id=\"caption-attachment-2355\" class=\"wp-caption-text\">Getty Images<\/p><\/div>\n<p>A aten\u00e7\u00e3o cada vez maior dada \u00e0 tem\u00e1tica ESG (sigla em ingl\u00eas para temas relacionados a meio ambiente, social e governan\u00e7a) em empresas de v\u00e1rios tamanhos e \u00e1reas reverte-se em oportunidades para que as companhias melhorem as rela\u00e7\u00f5es com seus investidores. Nesse processo de ades\u00e3o \u00e0 pr\u00e1tica, organiza\u00e7\u00f5es podem assumir um papel de lideran\u00e7a e se destacar no mercado.<\/p>\n<p>No entanto, ao mesmo tempo que as corpora\u00e7\u00f5es est\u00e3o aumentando o interesse, o conhecimento e ado\u00e7\u00e3o das melhores pr\u00e1ticas<strong>,<\/strong> ainda enfrentam grandes desafios. Para desenvolver o olhar para a quest\u00e3o ESG, existe uma necessidade de encontrar profissionais especialistas em RI (Rela\u00e7\u00f5es com Investidores). \u00a0Nesse caso, investir em contrata\u00e7\u00f5es \u00e9 uma possibilidade. Tamb\u00e9m \u00e9 preciso priorizar mais a comunica\u00e7\u00e3o, com a abertura de novos canais no trato com os investidores. A iniciativa tem como objetivo permitir que os temas de ESG assumam um papel ainda mais central na agenda das empresas.<\/p>\n<p>A pesquisa \u201c<a href=\"https:\/\/www2.deloitte.com\/br\/pt\/pages\/audit\/articles\/pesquisa-ibri.html\" target=\"_blank\" rel=\"noopener\">Contexto, mensagem e jornada ESG \u2013 Cria\u00e7\u00e3o de valor pelos RIs<\/a>\u201d, elaborada pela Deloitte em parceria com o Instituto Brasileiro de Rela\u00e7\u00f5es com Investidores (Ibri), mapeou o tema em 63 empresas, 73% delas listadas em Bolsa no Brasil. Os dados mostram que a agenda ESG faz parte de um conjunto de assuntos que assumiu protagonismo estrat\u00e9gico na gera\u00e7\u00e3o de valor para o neg\u00f3cio, uma vez que investidores \u00a0(e tamb\u00e9m consumidores)\u00a0 valorizam o conceito por acreditarem ser os principais objetivos da organiza\u00e7\u00e3o. \u201cA pauta ESG \u00e9 vista como o grande vetor de oportunidades, o que revela que as organiza\u00e7\u00f5es est\u00e3o dispostas a abord\u00e1-la n\u00e3o como um entrave regulat\u00f3rio, mas sim como algo estrat\u00e9gico e central\u201d, afirma Reinaldo Oliari, s\u00f3cio de Audit &amp; Assurance da Deloitte.<\/p>\n<p>No entanto, apesar da relev\u00e2ncia do assunto, o especialista destaca que ainda h\u00e1 um caminho a percorrer. \u201cUm maior entendimento dos impactos sociais e ambientais nas cadeias de produ\u00e7\u00e3o, o estabelecimento de m\u00e9tricas e os avan\u00e7os em termos de padroniza\u00e7\u00e3o e transpar\u00eancia de dados s\u00e3o fatores essenciais para uma melhor comparabilidade, an\u00e1lise e tomada de decis\u00e3o de investimentos\u201d, aponta.<\/p>\n<p>No relat\u00f3rio, quando questionadas sobre quais consideram suas principais oportunidades no cen\u00e1rio global, 68% das empresas brasileiras indicaram que assumir uma lideran\u00e7a em ESG representa o principal meio de destaque entre os investidores. Entre os profissionais de RI que atuam especificamente nessa \u00e1rea, 70% disseram que a dedica\u00e7\u00e3o \u00e0 pauta oferece a possibilidade de obter maior protagonismo no mercado.<\/p>\n<p>Os profissionais entrevistados tamb\u00e9m identificaram import\u00e2ncia em t\u00f3picos como estreitamento da governan\u00e7a dos neg\u00f3cios (65%), ado\u00e7\u00e3o de t\u00e9cnicas de amadurecimento em gest\u00e3o de crises (51%) e ado\u00e7\u00e3o de novas tecnologias para acompanhamento do desempenho da empresa (51%). Foi mencionada tamb\u00e9m como item importante a atra\u00e7\u00e3o de investidores internacionais (56%), al\u00e9m da aten\u00e7\u00e3o aos novos ambientes h\u00edbridos de trabalho (48%).<\/p>\n<p><strong>Caminhos a percorrer<\/strong><\/p>\n<p>Um dos principais dados evidenciados pelo estudo mostra que a grande maioria, ou 87% das empresas listadas em Bolsa, aumentou tanto o envolvimento quanto o conhecimento sobre o ESG. Da mesma forma, as organiza\u00e7\u00f5es entrevistadas disseram que as quest\u00f5es sociais e ambientais s\u00e3o discutidas com regularidade em suas reuni\u00f5es de Conselhos de Administra\u00e7\u00e3o. Tamb\u00e9m chama a aten\u00e7\u00e3o que 60% pretendem aumentar o or\u00e7amento para ESG neste ano.<\/p>\n<p>Entretanto, alinhar essa necessidade ao objetivo estrat\u00e9gico do neg\u00f3cio \u00e9 justamente o ponto que ainda necessita de um maior foco, al\u00e9m do aperfei\u00e7oamento nas a\u00e7\u00f5es de acompanhamento e avalia\u00e7\u00e3o de progresso. A boa not\u00edcia \u00e9 que as empresas est\u00e3o atentas a esse ponto: 80% disseram que pretendem aprimorar seus relat\u00f3rios existentes ou mesmo criar uma linha de indicadores, se ainda n\u00e3o o fizeram. Mas h\u00e1 desafios identificados at\u00e9 mesmo em meio a esse processo de melhoria, como falta de: padroniza\u00e7\u00e3o dos dados (51%), equipe especializada (27%) e ferramentas para coleta de informa\u00e7\u00e3o (27%), al\u00e9m da materialidade financeira de m\u00e9tricas (27%).<\/p>\n<p>\u201c\u00c9 indiscut\u00edvel a relev\u00e2ncia que os temas relacionados a ESG v\u00eam ganhando e transformando rapidamente as organiza\u00e7\u00f5es. <strong>O desafio agora \u00e9 aprimorar a sinergia entre as \u00e1reas, a estrutura\u00e7\u00e3o de pessoal e processos, a agilidade nas oportunidades de novos neg\u00f3cios, o atendimento \u00e0s expectativas dos stakeholders e de mercado e adequar atendimento a demandas,<\/strong> analisa Alex Borges, s\u00f3cio de Regulatory Support &amp; Strategic Risks da Deloitte. De acordo com ele, essa necessidade se refletir\u00e1 na atualiza\u00e7\u00e3o do prop\u00f3sito da empresa, na defini\u00e7\u00e3o clara das metas\/objetivos a serem atingidos e na transfer\u00eancia tempestiva e peri\u00f3dica ao mercado.<\/p>\n<p><strong>\u00a0<\/strong><strong>Aumenta a import\u00e2ncia dos especialistas em RI<\/strong><\/p>\n<p>Quando se trata da \u00e1rea de Rela\u00e7\u00f5es com Investidores, as empresas respondentes tamb\u00e9m t\u00eam dificuldades na estrutura\u00e7\u00e3o do processo de ades\u00e3o ao ESG. Organizar essa \u00e1rea na empresa, considerando procedimentos, pol\u00edticas e defini\u00e7\u00e3o de pap\u00e9is e responsabilidades, \u00e9 o principal desafio (50%) entre as empresas listadas na Bolsa. Na sequ\u00eancia, foi apontada com destaque a necessidade de direcionar maior aten\u00e7\u00e3o a uma comunica\u00e7\u00e3o inovadora, disruptiva e diferenciada (38%), al\u00e9m de maior intera\u00e7\u00e3o com investidores (38%).<\/p>\n<p>Falando dos ganhos, quase metade das empresas (49%) viu aumentar, no \u00faltimo ano, a participa\u00e7\u00e3o de l\u00edderes de RI nas decis\u00f5es estrat\u00e9gicas e, em refor\u00e7o a esse dado, 76% das empresas afirmaram que a capacidade de influ\u00eancia no mercado acerca da estrat\u00e9gia \u00e9 uma habilidade importante para definir uma lideran\u00e7a de RI de sucesso.<\/p>\n<p><strong>Desafios de comunica\u00e7\u00e3o<\/strong><\/p>\n<p>Com o aumento expressivo de pessoas f\u00edsicas como investidores importantes na Bolsa, 86% das empresas participantes da pesquisa identificaram a necessidade de intensificar novas formas de comunica\u00e7\u00e3o voltadas a esse p\u00fablico. \u201cEmbora os agentes institucionais tenham maior relev\u00e2ncia entre os acionistas das organiza\u00e7\u00f5es, o volume, a capilaridade e a diversidade de investidores como pessoa f\u00edsica fazem com que esse grupo, cada vez mais, seja visto como influente sobre o valor da empresa\u201d, destaca Rodrigo Luz, membro do Conselho de Administra\u00e7\u00e3o do Ibri. \u201cIsso refor\u00e7a a necessidade das companhias se estruturarem para o atendimento do novo p\u00fablico. O desafio se torna maior ainda para profissionais de Rela\u00e7\u00f5es com Investidores, pois precisar\u00e3o ter ferramentas e meios espec\u00edficos para se comunicarem com o investidor individual sem deixar de lado o institucional\u201d, afirma. \u201cComunica\u00e7\u00e3o segmentada para diferentes p\u00fablicos \u00e9 o caminho para redu\u00e7\u00e3o da assimetria informacional\u201d, conclui Rodrigo Luz.<\/p>\n","protected":false},"excerpt":{"rendered":"<p>A aten\u00e7\u00e3o cada vez maior dada \u00e0 tem\u00e1tica ESG (sigla em ingl\u00eas para temas relacionados a meio ambiente, social e governan\u00e7a) em empresas de v\u00e1rios tamanhos e \u00e1reas reverte-se em oportunidades para que as companhias melhorem as rela\u00e7\u00f5es com seus investidores. Nesse processo de ades\u00e3o \u00e0 pr\u00e1tica, organiza\u00e7\u00f5es podem assumir um papel de lideran\u00e7a e [&hellip;]<\/p>\n","protected":false},"author":8,"featured_media":2355,"comment_status":"open","ping_status":"closed","sticky":false,"template":"","format":"standard","meta":{"_acf_changed":false,"footnotes":""},"categories":[3],"tags":[61,60,8,9,57,39,59],"class_list":["post-2356","post","type-post","status-publish","format-standard","has-post-thumbnail","hentry","category-estudos","tag-auditoria","tag-bolsa","tag-deloitte","tag-esg","tag-governanca-corporativa","tag-ibri","tag-investimento"],"acf":[],"yoast_head":"<!-- This site is optimized with the Yoast SEO plugin v27.1.1 - https:\/\/yoast.com\/product\/yoast-seo-wordpress\/ -->\n<title>ESG vira oportunidade para empresas e profissionais de Rela\u00e7\u00f5es com Investidores - Jornada da Sustentabilidade, oferecido por Deloitte<\/title>\n<meta name=\"robots\" content=\"index, follow, max-snippet:-1, max-image-preview:large, max-video-preview:-1\" \/>\n<link rel=\"canonical\" href=\"https:\/\/patrocinados.estadao.com.br\/deloitte-jornada-da-sustentabilidade\/2022\/08\/10\/esg-vira-oportunidade-para-empresas-e-profissionais-de-relacoes-com-investidores\/\" \/>\n<meta property=\"og:locale\" content=\"pt_BR\" \/>\n<meta property=\"og:type\" content=\"article\" \/>\n<meta property=\"og:title\" content=\"ESG vira oportunidade para empresas e profissionais de Rela\u00e7\u00f5es com Investidores - Jornada da Sustentabilidade, oferecido por Deloitte\" \/>\n<meta property=\"og:description\" content=\"A aten\u00e7\u00e3o cada vez maior dada \u00e0 tem\u00e1tica ESG (sigla em ingl\u00eas para temas relacionados a meio ambiente, social e governan\u00e7a) em empresas de v\u00e1rios tamanhos e \u00e1reas reverte-se em oportunidades para que as companhias melhorem as rela\u00e7\u00f5es com seus investidores. Nesse processo de ades\u00e3o \u00e0 pr\u00e1tica, organiza\u00e7\u00f5es podem assumir um papel de lideran\u00e7a e [&hellip;]\" \/>\n<meta property=\"og:url\" content=\"https:\/\/patrocinados.estadao.com.br\/deloitte-jornada-da-sustentabilidade\/2022\/08\/10\/esg-vira-oportunidade-para-empresas-e-profissionais-de-relacoes-com-investidores\/\" \/>\n<meta property=\"og:site_name\" content=\"Jornada da Sustentabilidade, oferecido por Deloitte\" \/>\n<meta property=\"article:published_time\" content=\"2022-08-10T18:18:29+00:00\" \/>\n<meta property=\"article:modified_time\" content=\"2022-08-10T19:48:41+00:00\" \/>\n<meta property=\"og:image\" content=\"https:\/\/patrocinados.estadao.com.br\/deloitte-jornada-da-sustentabilidade\/wp-content\/uploads\/2022\/08\/Imagem_IBRI.jpg\" \/>\n\t<meta property=\"og:image:width\" content=\"2101\" \/>\n\t<meta property=\"og:image:height\" content=\"1427\" \/>\n\t<meta property=\"og:image:type\" content=\"image\/jpeg\" \/>\n<meta name=\"author\" content=\"blue_studio\" \/>\n<meta name=\"twitter:card\" content=\"summary_large_image\" \/>\n<meta name=\"twitter:label1\" content=\"Escrito por\" \/>\n\t<meta name=\"twitter:data1\" content=\"blue_studio\" \/>\n\t<meta name=\"twitter:label2\" content=\"Est. tempo de leitura\" \/>\n\t<meta name=\"twitter:data2\" content=\"6 minutos\" \/>\n<script type=\"application\/ld+json\" class=\"yoast-schema-graph\">{\"@context\":\"https:\/\/schema.org\",\"@graph\":[{\"@type\":\"Article\",\"@id\":\"https:\/\/patrocinados.estadao.com.br\/deloitte-jornada-da-sustentabilidade\/2022\/08\/10\/esg-vira-oportunidade-para-empresas-e-profissionais-de-relacoes-com-investidores\/#article\",\"isPartOf\":{\"@id\":\"https:\/\/patrocinados.estadao.com.br\/deloitte-jornada-da-sustentabilidade\/2022\/08\/10\/esg-vira-oportunidade-para-empresas-e-profissionais-de-relacoes-com-investidores\/\"},\"author\":{\"name\":\"blue_studio\",\"@id\":\"https:\/\/patrocinados.estadao.com.br\/deloitte-jornada-da-sustentabilidade\/#\/schema\/person\/60071a239fb5b5bc3d3d88cb8f6170a6\"},\"headline\":\"ESG vira oportunidade para empresas e profissionais de Rela\u00e7\u00f5es com Investidores\",\"datePublished\":\"2022-08-10T18:18:29+00:00\",\"dateModified\":\"2022-08-10T19:48:41+00:00\",\"mainEntityOfPage\":{\"@id\":\"https:\/\/patrocinados.estadao.com.br\/deloitte-jornada-da-sustentabilidade\/2022\/08\/10\/esg-vira-oportunidade-para-empresas-e-profissionais-de-relacoes-com-investidores\/\"},\"wordCount\":1120,\"commentCount\":0,\"image\":{\"@id\":\"https:\/\/patrocinados.estadao.com.br\/deloitte-jornada-da-sustentabilidade\/2022\/08\/10\/esg-vira-oportunidade-para-empresas-e-profissionais-de-relacoes-com-investidores\/#primaryimage\"},\"thumbnailUrl\":\"https:\/\/patrocinados.estadao.com.br\/deloitte-jornada-da-sustentabilidade\/wp-content\/uploads\/2022\/08\/Imagem_IBRI.jpg\",\"keywords\":[\"Auditoria\",\"Bolsa\",\"Deloitte\",\"ESG\",\"Governan\u00e7a corporativa\",\"IBRI\",\"Investimento\"],\"articleSection\":[\"Estudos\"],\"inLanguage\":\"pt-BR\",\"potentialAction\":[{\"@type\":\"CommentAction\",\"name\":\"Comment\",\"target\":[\"https:\/\/patrocinados.estadao.com.br\/deloitte-jornada-da-sustentabilidade\/2022\/08\/10\/esg-vira-oportunidade-para-empresas-e-profissionais-de-relacoes-com-investidores\/#respond\"]}]},{\"@type\":\"WebPage\",\"@id\":\"https:\/\/patrocinados.estadao.com.br\/deloitte-jornada-da-sustentabilidade\/2022\/08\/10\/esg-vira-oportunidade-para-empresas-e-profissionais-de-relacoes-com-investidores\/\",\"url\":\"https:\/\/patrocinados.estadao.com.br\/deloitte-jornada-da-sustentabilidade\/2022\/08\/10\/esg-vira-oportunidade-para-empresas-e-profissionais-de-relacoes-com-investidores\/\",\"name\":\"ESG vira oportunidade para empresas e profissionais de Rela\u00e7\u00f5es com Investidores - Jornada da Sustentabilidade, oferecido por Deloitte\",\"isPartOf\":{\"@id\":\"https:\/\/patrocinados.estadao.com.br\/deloitte-jornada-da-sustentabilidade\/#website\"},\"primaryImageOfPage\":{\"@id\":\"https:\/\/patrocinados.estadao.com.br\/deloitte-jornada-da-sustentabilidade\/2022\/08\/10\/esg-vira-oportunidade-para-empresas-e-profissionais-de-relacoes-com-investidores\/#primaryimage\"},\"image\":{\"@id\":\"https:\/\/patrocinados.estadao.com.br\/deloitte-jornada-da-sustentabilidade\/2022\/08\/10\/esg-vira-oportunidade-para-empresas-e-profissionais-de-relacoes-com-investidores\/#primaryimage\"},\"thumbnailUrl\":\"https:\/\/patrocinados.estadao.com.br\/deloitte-jornada-da-sustentabilidade\/wp-content\/uploads\/2022\/08\/Imagem_IBRI.jpg\",\"datePublished\":\"2022-08-10T18:18:29+00:00\",\"dateModified\":\"2022-08-10T19:48:41+00:00\",\"author\":{\"@id\":\"https:\/\/patrocinados.estadao.com.br\/deloitte-jornada-da-sustentabilidade\/#\/schema\/person\/60071a239fb5b5bc3d3d88cb8f6170a6\"},\"breadcrumb\":{\"@id\":\"https:\/\/patrocinados.estadao.com.br\/deloitte-jornada-da-sustentabilidade\/2022\/08\/10\/esg-vira-oportunidade-para-empresas-e-profissionais-de-relacoes-com-investidores\/#breadcrumb\"},\"inLanguage\":\"pt-BR\",\"potentialAction\":[{\"@type\":\"ReadAction\",\"target\":[\"https:\/\/patrocinados.estadao.com.br\/deloitte-jornada-da-sustentabilidade\/2022\/08\/10\/esg-vira-oportunidade-para-empresas-e-profissionais-de-relacoes-com-investidores\/\"]}]},{\"@type\":\"ImageObject\",\"inLanguage\":\"pt-BR\",\"@id\":\"https:\/\/patrocinados.estadao.com.br\/deloitte-jornada-da-sustentabilidade\/2022\/08\/10\/esg-vira-oportunidade-para-empresas-e-profissionais-de-relacoes-com-investidores\/#primaryimage\",\"url\":\"https:\/\/patrocinados.estadao.com.br\/deloitte-jornada-da-sustentabilidade\/wp-content\/uploads\/2022\/08\/Imagem_IBRI.jpg\",\"contentUrl\":\"https:\/\/patrocinados.estadao.com.br\/deloitte-jornada-da-sustentabilidade\/wp-content\/uploads\/2022\/08\/Imagem_IBRI.jpg\",\"width\":2101,\"height\":1427,\"caption\":\"High angle shot of a group of business colleagues holding a budding plant growing out of soil in their hands\"},{\"@type\":\"BreadcrumbList\",\"@id\":\"https:\/\/patrocinados.estadao.com.br\/deloitte-jornada-da-sustentabilidade\/2022\/08\/10\/esg-vira-oportunidade-para-empresas-e-profissionais-de-relacoes-com-investidores\/#breadcrumb\",\"itemListElement\":[{\"@type\":\"ListItem\",\"position\":1,\"name\":\"In\u00edcio\",\"item\":\"https:\/\/patrocinados.estadao.com.br\/deloitte-jornada-da-sustentabilidade\/\"},{\"@type\":\"ListItem\",\"position\":2,\"name\":\"ESG vira oportunidade para empresas e profissionais de Rela\u00e7\u00f5es com Investidores\"}]},{\"@type\":\"WebSite\",\"@id\":\"https:\/\/patrocinados.estadao.com.br\/deloitte-jornada-da-sustentabilidade\/#website\",\"url\":\"https:\/\/patrocinados.estadao.com.br\/deloitte-jornada-da-sustentabilidade\/\",\"name\":\"Jornada da Sustentabilidade, oferecido por Deloitte\",\"description\":\"Solu\u00e7\u00f5es de governan\u00e7a corporativa para seus desafios de neg\u00f3cios\",\"potentialAction\":[{\"@type\":\"SearchAction\",\"target\":{\"@type\":\"EntryPoint\",\"urlTemplate\":\"https:\/\/patrocinados.estadao.com.br\/deloitte-jornada-da-sustentabilidade\/?s={search_term_string}\"},\"query-input\":{\"@type\":\"PropertyValueSpecification\",\"valueRequired\":true,\"valueName\":\"search_term_string\"}}],\"inLanguage\":\"pt-BR\"},{\"@type\":\"Person\",\"@id\":\"https:\/\/patrocinados.estadao.com.br\/deloitte-jornada-da-sustentabilidade\/#\/schema\/person\/60071a239fb5b5bc3d3d88cb8f6170a6\",\"name\":\"blue_studio\",\"image\":{\"@type\":\"ImageObject\",\"inLanguage\":\"pt-BR\",\"@id\":\"https:\/\/patrocinados.estadao.com.br\/deloitte-jornada-da-sustentabilidade\/#\/schema\/person\/image\/\",\"url\":\"https:\/\/secure.gravatar.com\/avatar\/193f77a26bfc1ca843b87f20fda6efd0c212628ecc58a5c9f31ba0b89d013b17?s=96&d=mm&r=g\",\"contentUrl\":\"https:\/\/secure.gravatar.com\/avatar\/193f77a26bfc1ca843b87f20fda6efd0c212628ecc58a5c9f31ba0b89d013b17?s=96&d=mm&r=g\",\"caption\":\"blue_studio\"},\"url\":\"https:\/\/patrocinados.estadao.com.br\/deloitte-jornada-da-sustentabilidade\/author\/blue_studio\/\"}]}<\/script>\n<!-- \/ Yoast SEO plugin. -->","yoast_head_json":{"title":"ESG vira oportunidade para empresas e profissionais de Rela\u00e7\u00f5es com Investidores - Jornada da Sustentabilidade, oferecido por Deloitte","robots":{"index":"index","follow":"follow","max-snippet":"max-snippet:-1","max-image-preview":"max-image-preview:large","max-video-preview":"max-video-preview:-1"},"canonical":"https:\/\/patrocinados.estadao.com.br\/deloitte-jornada-da-sustentabilidade\/2022\/08\/10\/esg-vira-oportunidade-para-empresas-e-profissionais-de-relacoes-com-investidores\/","og_locale":"pt_BR","og_type":"article","og_title":"ESG vira oportunidade para empresas e profissionais de Rela\u00e7\u00f5es com Investidores - Jornada da Sustentabilidade, oferecido por Deloitte","og_description":"A aten\u00e7\u00e3o cada vez maior dada \u00e0 tem\u00e1tica ESG (sigla em ingl\u00eas para temas relacionados a meio ambiente, social e governan\u00e7a) em empresas de v\u00e1rios tamanhos e \u00e1reas reverte-se em oportunidades para que as companhias melhorem as rela\u00e7\u00f5es com seus investidores. Nesse processo de ades\u00e3o \u00e0 pr\u00e1tica, organiza\u00e7\u00f5es podem assumir um papel de lideran\u00e7a e [&hellip;]","og_url":"https:\/\/patrocinados.estadao.com.br\/deloitte-jornada-da-sustentabilidade\/2022\/08\/10\/esg-vira-oportunidade-para-empresas-e-profissionais-de-relacoes-com-investidores\/","og_site_name":"Jornada da Sustentabilidade, oferecido por Deloitte","article_published_time":"2022-08-10T18:18:29+00:00","article_modified_time":"2022-08-10T19:48:41+00:00","og_image":[{"width":2101,"height":1427,"url":"https:\/\/patrocinados.estadao.com.br\/deloitte-jornada-da-sustentabilidade\/wp-content\/uploads\/2022\/08\/Imagem_IBRI.jpg","type":"image\/jpeg"}],"author":"blue_studio","twitter_card":"summary_large_image","twitter_misc":{"Escrito por":"blue_studio","Est. tempo de leitura":"6 minutos"},"schema":{"@context":"https:\/\/schema.org","@graph":[{"@type":"Article","@id":"https:\/\/patrocinados.estadao.com.br\/deloitte-jornada-da-sustentabilidade\/2022\/08\/10\/esg-vira-oportunidade-para-empresas-e-profissionais-de-relacoes-com-investidores\/#article","isPartOf":{"@id":"https:\/\/patrocinados.estadao.com.br\/deloitte-jornada-da-sustentabilidade\/2022\/08\/10\/esg-vira-oportunidade-para-empresas-e-profissionais-de-relacoes-com-investidores\/"},"author":{"name":"blue_studio","@id":"https:\/\/patrocinados.estadao.com.br\/deloitte-jornada-da-sustentabilidade\/#\/schema\/person\/60071a239fb5b5bc3d3d88cb8f6170a6"},"headline":"ESG vira oportunidade para empresas e profissionais de Rela\u00e7\u00f5es com Investidores","datePublished":"2022-08-10T18:18:29+00:00","dateModified":"2022-08-10T19:48:41+00:00","mainEntityOfPage":{"@id":"https:\/\/patrocinados.estadao.com.br\/deloitte-jornada-da-sustentabilidade\/2022\/08\/10\/esg-vira-oportunidade-para-empresas-e-profissionais-de-relacoes-com-investidores\/"},"wordCount":1120,"commentCount":0,"image":{"@id":"https:\/\/patrocinados.estadao.com.br\/deloitte-jornada-da-sustentabilidade\/2022\/08\/10\/esg-vira-oportunidade-para-empresas-e-profissionais-de-relacoes-com-investidores\/#primaryimage"},"thumbnailUrl":"https:\/\/patrocinados.estadao.com.br\/deloitte-jornada-da-sustentabilidade\/wp-content\/uploads\/2022\/08\/Imagem_IBRI.jpg","keywords":["Auditoria","Bolsa","Deloitte","ESG","Governan\u00e7a corporativa","IBRI","Investimento"],"articleSection":["Estudos"],"inLanguage":"pt-BR","potentialAction":[{"@type":"CommentAction","name":"Comment","target":["https:\/\/patrocinados.estadao.com.br\/deloitte-jornada-da-sustentabilidade\/2022\/08\/10\/esg-vira-oportunidade-para-empresas-e-profissionais-de-relacoes-com-investidores\/#respond"]}]},{"@type":"WebPage","@id":"https:\/\/patrocinados.estadao.com.br\/deloitte-jornada-da-sustentabilidade\/2022\/08\/10\/esg-vira-oportunidade-para-empresas-e-profissionais-de-relacoes-com-investidores\/","url":"https:\/\/patrocinados.estadao.com.br\/deloitte-jornada-da-sustentabilidade\/2022\/08\/10\/esg-vira-oportunidade-para-empresas-e-profissionais-de-relacoes-com-investidores\/","name":"ESG vira oportunidade para empresas e profissionais de Rela\u00e7\u00f5es com Investidores - Jornada da Sustentabilidade, oferecido por Deloitte","isPartOf":{"@id":"https:\/\/patrocinados.estadao.com.br\/deloitte-jornada-da-sustentabilidade\/#website"},"primaryImageOfPage":{"@id":"https:\/\/patrocinados.estadao.com.br\/deloitte-jornada-da-sustentabilidade\/2022\/08\/10\/esg-vira-oportunidade-para-empresas-e-profissionais-de-relacoes-com-investidores\/#primaryimage"},"image":{"@id":"https:\/\/patrocinados.estadao.com.br\/deloitte-jornada-da-sustentabilidade\/2022\/08\/10\/esg-vira-oportunidade-para-empresas-e-profissionais-de-relacoes-com-investidores\/#primaryimage"},"thumbnailUrl":"https:\/\/patrocinados.estadao.com.br\/deloitte-jornada-da-sustentabilidade\/wp-content\/uploads\/2022\/08\/Imagem_IBRI.jpg","datePublished":"2022-08-10T18:18:29+00:00","dateModified":"2022-08-10T19:48:41+00:00","author":{"@id":"https:\/\/patrocinados.estadao.com.br\/deloitte-jornada-da-sustentabilidade\/#\/schema\/person\/60071a239fb5b5bc3d3d88cb8f6170a6"},"breadcrumb":{"@id":"https:\/\/patrocinados.estadao.com.br\/deloitte-jornada-da-sustentabilidade\/2022\/08\/10\/esg-vira-oportunidade-para-empresas-e-profissionais-de-relacoes-com-investidores\/#breadcrumb"},"inLanguage":"pt-BR","potentialAction":[{"@type":"ReadAction","target":["https:\/\/patrocinados.estadao.com.br\/deloitte-jornada-da-sustentabilidade\/2022\/08\/10\/esg-vira-oportunidade-para-empresas-e-profissionais-de-relacoes-com-investidores\/"]}]},{"@type":"ImageObject","inLanguage":"pt-BR","@id":"https:\/\/patrocinados.estadao.com.br\/deloitte-jornada-da-sustentabilidade\/2022\/08\/10\/esg-vira-oportunidade-para-empresas-e-profissionais-de-relacoes-com-investidores\/#primaryimage","url":"https:\/\/patrocinados.estadao.com.br\/deloitte-jornada-da-sustentabilidade\/wp-content\/uploads\/2022\/08\/Imagem_IBRI.jpg","contentUrl":"https:\/\/patrocinados.estadao.com.br\/deloitte-jornada-da-sustentabilidade\/wp-content\/uploads\/2022\/08\/Imagem_IBRI.jpg","width":2101,"height":1427,"caption":"High angle shot of a group of business colleagues holding a budding plant growing out of soil in their hands"},{"@type":"BreadcrumbList","@id":"https:\/\/patrocinados.estadao.com.br\/deloitte-jornada-da-sustentabilidade\/2022\/08\/10\/esg-vira-oportunidade-para-empresas-e-profissionais-de-relacoes-com-investidores\/#breadcrumb","itemListElement":[{"@type":"ListItem","position":1,"name":"In\u00edcio","item":"https:\/\/patrocinados.estadao.com.br\/deloitte-jornada-da-sustentabilidade\/"},{"@type":"ListItem","position":2,"name":"ESG vira oportunidade para empresas e profissionais de Rela\u00e7\u00f5es com Investidores"}]},{"@type":"WebSite","@id":"https:\/\/patrocinados.estadao.com.br\/deloitte-jornada-da-sustentabilidade\/#website","url":"https:\/\/patrocinados.estadao.com.br\/deloitte-jornada-da-sustentabilidade\/","name":"Jornada da Sustentabilidade, oferecido por Deloitte","description":"Solu\u00e7\u00f5es de governan\u00e7a corporativa para seus desafios de neg\u00f3cios","potentialAction":[{"@type":"SearchAction","target":{"@type":"EntryPoint","urlTemplate":"https:\/\/patrocinados.estadao.com.br\/deloitte-jornada-da-sustentabilidade\/?s={search_term_string}"},"query-input":{"@type":"PropertyValueSpecification","valueRequired":true,"valueName":"search_term_string"}}],"inLanguage":"pt-BR"},{"@type":"Person","@id":"https:\/\/patrocinados.estadao.com.br\/deloitte-jornada-da-sustentabilidade\/#\/schema\/person\/60071a239fb5b5bc3d3d88cb8f6170a6","name":"blue_studio","image":{"@type":"ImageObject","inLanguage":"pt-BR","@id":"https:\/\/patrocinados.estadao.com.br\/deloitte-jornada-da-sustentabilidade\/#\/schema\/person\/image\/","url":"https:\/\/secure.gravatar.com\/avatar\/193f77a26bfc1ca843b87f20fda6efd0c212628ecc58a5c9f31ba0b89d013b17?s=96&d=mm&r=g","contentUrl":"https:\/\/secure.gravatar.com\/avatar\/193f77a26bfc1ca843b87f20fda6efd0c212628ecc58a5c9f31ba0b89d013b17?s=96&d=mm&r=g","caption":"blue_studio"},"url":"https:\/\/patrocinados.estadao.com.br\/deloitte-jornada-da-sustentabilidade\/author\/blue_studio\/"}]}},"_links":{"self":[{"href":"https:\/\/patrocinados.estadao.com.br\/deloitte-jornada-da-sustentabilidade\/wp-json\/wp\/v2\/posts\/2356","targetHints":{"allow":["GET"]}}],"collection":[{"href":"https:\/\/patrocinados.estadao.com.br\/deloitte-jornada-da-sustentabilidade\/wp-json\/wp\/v2\/posts"}],"about":[{"href":"https:\/\/patrocinados.estadao.com.br\/deloitte-jornada-da-sustentabilidade\/wp-json\/wp\/v2\/types\/post"}],"author":[{"embeddable":true,"href":"https:\/\/patrocinados.estadao.com.br\/deloitte-jornada-da-sustentabilidade\/wp-json\/wp\/v2\/users\/8"}],"replies":[{"embeddable":true,"href":"https:\/\/patrocinados.estadao.com.br\/deloitte-jornada-da-sustentabilidade\/wp-json\/wp\/v2\/comments?post=2356"}],"version-history":[{"count":4,"href":"https:\/\/patrocinados.estadao.com.br\/deloitte-jornada-da-sustentabilidade\/wp-json\/wp\/v2\/posts\/2356\/revisions"}],"predecessor-version":[{"id":2358,"href":"https:\/\/patrocinados.estadao.com.br\/deloitte-jornada-da-sustentabilidade\/wp-json\/wp\/v2\/posts\/2356\/revisions\/2358"}],"wp:featuredmedia":[{"embeddable":true,"href":"https:\/\/patrocinados.estadao.com.br\/deloitte-jornada-da-sustentabilidade\/wp-json\/wp\/v2\/media\/2355"}],"wp:attachment":[{"href":"https:\/\/patrocinados.estadao.com.br\/deloitte-jornada-da-sustentabilidade\/wp-json\/wp\/v2\/media?parent=2356"}],"wp:term":[{"taxonomy":"category","embeddable":true,"href":"https:\/\/patrocinados.estadao.com.br\/deloitte-jornada-da-sustentabilidade\/wp-json\/wp\/v2\/categories?post=2356"},{"taxonomy":"post_tag","embeddable":true,"href":"https:\/\/patrocinados.estadao.com.br\/deloitte-jornada-da-sustentabilidade\/wp-json\/wp\/v2\/tags?post=2356"}],"curies":[{"name":"wp","href":"https:\/\/api.w.org\/{rel}","templated":true}]}}