{"id":235,"date":"2016-07-19T16:07:41","date_gmt":"2016-07-19T16:07:41","guid":{"rendered":"https:\/\/patrocinados.estadao.com.br\/deloitte-esg-esg\/?p=235"},"modified":"2021-09-20T12:11:12","modified_gmt":"2021-09-20T15:11:12","slug":"gestao-de-crise-e-reputacao-o-caminho-para-a-preparacao-efetiva","status":"publish","type":"post","link":"https:\/\/patrocinados.estadao.com.br\/deloitte-jornada-da-sustentabilidade\/2016\/07\/19\/gestao-de-crise-e-reputacao-o-caminho-para-a-preparacao-efetiva\/","title":{"rendered":"Gest\u00e3o de crise e reputa\u00e7\u00e3o: o caminho para a prepara\u00e7\u00e3o efetiva"},"content":{"rendered":"<p>As melhores pr\u00e1ticas de governan\u00e7a corporativa definem a gest\u00e3o de crises como importante componente de prote\u00e7\u00e3o \u00e0 imagem e reputa\u00e7\u00e3o das empresas. Nos dias atuais, o cen\u00e1rio de instabilidade tem exigido um olhar ainda mais atento ao tema. Torna-se vital verificar constantemente se as empresas, por meio de seus altos cargos de gest\u00e3o, mant\u00eam-se preparadas, de fato, para identificar, responder e recuperar-se de cen\u00e1rios de crise.<\/p>\n<p>\u201cA alta administra\u00e7\u00e3o \u00e9 pressionada sobre resultados mensais, trimestrais, semestrais e anuais. Com isso, pode acabar n\u00e3o conseguindo identificar cen\u00e1rios e situa\u00e7\u00f5es que iniciam uma crise. Neste contexto, vem a necessidade de uma estrutura multidisciplinar, altamente capacitada e focada na prepara\u00e7\u00e3o e no monitoramento cont\u00ednuo\u201d, alerta Jos\u00e9 Pela Neto, gerente s\u00eanior da \u00e1rea de Consultoria em Gest\u00e3o de Riscos da Deloitte e especialista em gest\u00e3o de crises.<\/p>\n<p>\u201cA Crisis of Confidence\u201d, estudo recente desenvolvido pela Deloitte em parceria com a Forbes Insights, aponta falhas corporativas na implementa\u00e7\u00e3o de programas de gest\u00e3o de crises, bem como na capacita\u00e7\u00e3o dos respons\u00e1veis por liderar as organiza\u00e7\u00f5es nestes momentos cr\u00edticos. \u201cA pesquisa mostra a clara dist\u00e2ncia entre a sensa\u00e7\u00e3o de estar preparado para enfrentar uma crise e realmente estar\u201d, explica Jos\u00e9 Pela Neto.<\/p>\n<p><strong>Principais resultados da pesquisa:<\/strong><\/p>\n<p><strong>&#8211;<\/strong> A maioria (76%) dos membros de conselhos de empresas ao redor do mundo acredita na habilidade de suas organiza\u00e7\u00f5es para identificar e lidar com situa\u00e7\u00f5es de crise. Por\u00e9m, apenas 49% deles afirmam que suas organiza\u00e7\u00f5es t\u00eam aptid\u00e3o ou processos prontos para lidar com uma crise;<\/p>\n<p><strong>&#8211;<\/strong> Apenas 32% afirmam que as empresas j\u00e1 realizaram simula\u00e7\u00f5es de crises ou treinamentos neste sentido;<\/p>\n<p><strong>&#8211; <\/strong> Pontos mais vulner\u00e1veis, na vis\u00e3o dos executivos: reputa\u00e7\u00e3o corporativa (73%), crimes cibern\u00e9ticos (70%) e rumores e especula\u00e7\u00f5es (68%).<\/p>\n<p><strong>Conselho: papel de guardi\u00e3o<\/strong><\/p>\n<p>Jos\u00e9 Pela Neto alerta sobre a import\u00e2ncia de capacitar e desenvolver executivos para a adequada manuten\u00e7\u00e3o de uma pr\u00e1tica de gest\u00e3o de crises, com foco no entendimento dos detalhes que a fun\u00e7\u00e3o demanda. \u201c\u00c9 importante manter linhas de comunica\u00e7\u00e3o ativas e recorrentes com o conselho de administra\u00e7\u00e3o, que deve ter muita clareza sobre seu papel de principal guardi\u00e3o da reputa\u00e7\u00e3o da empresa\u201d.<\/p>\n<p>Segundo ele, a reputa\u00e7\u00e3o \u00e9 um ativo dif\u00edcil de ser mensurado. \u201cLeva anos para ser constru\u00edda (a reputa\u00e7\u00e3o) e apenas instantes para ser impactada. N\u00e3o s\u00f3 membros de conselho, mas todos os funcion\u00e1rios de uma empresa (principalmente os que possuem algum tipo de autoridade) devem proteg\u00ea-la\u201d, alerta.<\/p>\n<p>Explica ainda que somente o conselho de administra\u00e7\u00e3o pode e consegue engajar os tomadores de decis\u00e3o corretos, estabelecer as bases para a formula\u00e7\u00e3o das estrat\u00e9gias de comunica\u00e7\u00e3o necess\u00e1rias e definir o tom adequado a ser tomado. \u201cO Conselho \u00e9 o representante oficial dos acionistas e possui, al\u00e9m do foco de aconselhar a administra\u00e7\u00e3o direta, autoridade para tal\u201d.<\/p>\n<p><strong>Intera\u00e7\u00e3o e preparo<\/strong><\/p>\n<p>A intera\u00e7\u00e3o entre o conselho de administra\u00e7\u00e3o e os l\u00edderes de gest\u00e3o direta da empresa deve ser realizada de forma cont\u00ednua e sistem\u00e1tica, al\u00e9m de focalizada sobre os principais cen\u00e1rios de crise a serem monitorados. Assim, pode-se desenvolver uma clara vis\u00e3o sobre os preparativos a serem mantidos e acionados nessas situa\u00e7\u00f5es.<\/p>\n<p>\u201cExistem alguns pontos fundamentais que identificam esses profissionais altamente especializados na gest\u00e3o de crises, e ainda raros no mercado: s\u00e3o h\u00e1beis solucionadores de problemas, eficientes comunicadores, l\u00edderes de grupo e profundos conhecedores de metodologias e abordagens para lidar com situa\u00e7\u00f5es extremas\u201d, pondera Jos\u00e9 Pela Neto.<\/p>\n<p>Para acesso completo a essa pesquisa, acesse <a href=\"http:\/\/www2.deloitte.com\/br\/pt\/pages\/risk\/articles\/crise-da-confianca.html\">AQUI<\/a>.<\/p>\n","protected":false},"excerpt":{"rendered":"<p>No cen\u00e1rio atual de instabilidade, \u00e9 preciso olhar o assunto com ainda mais aten\u00e7\u00e3o<\/p>\n","protected":false},"author":2,"featured_media":1762,"comment_status":"open","ping_status":"closed","sticky":false,"template":"","format":"standard","meta":{"_acf_changed":false,"footnotes":""},"categories":[1],"tags":[],"class_list":["post-235","post","type-post","status-publish","format-standard","has-post-thumbnail","hentry","category-sem-categoria"],"acf":[],"yoast_head":"<!-- This site is optimized with the Yoast SEO plugin v27.1.1 - https:\/\/yoast.com\/product\/yoast-seo-wordpress\/ -->\n<title>Gest\u00e3o de crise e reputa\u00e7\u00e3o: o caminho para a prepara\u00e7\u00e3o efetiva - Jornada da Sustentabilidade, oferecido por Deloitte<\/title>\n<meta name=\"robots\" content=\"index, follow, max-snippet:-1, max-image-preview:large, max-video-preview:-1\" \/>\n<link rel=\"canonical\" href=\"https:\/\/patrocinados.estadao.com.br\/deloitte-jornada-da-sustentabilidade\/2016\/07\/19\/gestao-de-crise-e-reputacao-o-caminho-para-a-preparacao-efetiva\/\" \/>\n<meta property=\"og:locale\" content=\"pt_BR\" \/>\n<meta property=\"og:type\" content=\"article\" \/>\n<meta property=\"og:title\" content=\"Gest\u00e3o de crise e reputa\u00e7\u00e3o: o caminho para a prepara\u00e7\u00e3o efetiva - Jornada da Sustentabilidade, oferecido por Deloitte\" \/>\n<meta property=\"og:description\" content=\"No cen\u00e1rio atual de instabilidade, \u00e9 preciso olhar o assunto com ainda mais aten\u00e7\u00e3o\" \/>\n<meta property=\"og:url\" content=\"https:\/\/patrocinados.estadao.com.br\/deloitte-jornada-da-sustentabilidade\/2016\/07\/19\/gestao-de-crise-e-reputacao-o-caminho-para-a-preparacao-efetiva\/\" \/>\n<meta property=\"og:site_name\" content=\"Jornada da Sustentabilidade, oferecido por Deloitte\" \/>\n<meta property=\"article:published_time\" content=\"2016-07-19T16:07:41+00:00\" \/>\n<meta property=\"article:modified_time\" content=\"2021-09-20T15:11:12+00:00\" \/>\n<meta property=\"og:image\" content=\"https:\/\/patrocinados.estadao.com.br\/deloitte-jornada-da-sustentabilidade\/wp-content\/uploads\/2021\/09\/932_524.jpg\" \/>\n\t<meta property=\"og:image:width\" content=\"932\" \/>\n\t<meta property=\"og:image:height\" content=\"524\" \/>\n\t<meta property=\"og:image:type\" content=\"image\/jpeg\" \/>\n<meta name=\"author\" content=\"Geosfera\" \/>\n<meta name=\"twitter:card\" content=\"summary_large_image\" \/>\n<meta name=\"twitter:label1\" content=\"Escrito por\" \/>\n\t<meta name=\"twitter:data1\" content=\"Geosfera\" \/>\n\t<meta name=\"twitter:label2\" content=\"Est. tempo de leitura\" \/>\n\t<meta name=\"twitter:data2\" content=\"3 minutos\" \/>\n<script type=\"application\/ld+json\" class=\"yoast-schema-graph\">{\"@context\":\"https:\/\/schema.org\",\"@graph\":[{\"@type\":\"Article\",\"@id\":\"https:\/\/patrocinados.estadao.com.br\/deloitte-jornada-da-sustentabilidade\/2016\/07\/19\/gestao-de-crise-e-reputacao-o-caminho-para-a-preparacao-efetiva\/#article\",\"isPartOf\":{\"@id\":\"https:\/\/patrocinados.estadao.com.br\/deloitte-jornada-da-sustentabilidade\/2016\/07\/19\/gestao-de-crise-e-reputacao-o-caminho-para-a-preparacao-efetiva\/\"},\"author\":{\"name\":\"Geosfera\",\"@id\":\"https:\/\/patrocinados.estadao.com.br\/deloitte-jornada-da-sustentabilidade\/#\/schema\/person\/9be56940425d4f31e0c82015d0fd725f\"},\"headline\":\"Gest\u00e3o de crise e reputa\u00e7\u00e3o: o caminho para a prepara\u00e7\u00e3o efetiva\",\"datePublished\":\"2016-07-19T16:07:41+00:00\",\"dateModified\":\"2021-09-20T15:11:12+00:00\",\"mainEntityOfPage\":{\"@id\":\"https:\/\/patrocinados.estadao.com.br\/deloitte-jornada-da-sustentabilidade\/2016\/07\/19\/gestao-de-crise-e-reputacao-o-caminho-para-a-preparacao-efetiva\/\"},\"wordCount\":639,\"commentCount\":0,\"image\":{\"@id\":\"https:\/\/patrocinados.estadao.com.br\/deloitte-jornada-da-sustentabilidade\/2016\/07\/19\/gestao-de-crise-e-reputacao-o-caminho-para-a-preparacao-efetiva\/#primaryimage\"},\"thumbnailUrl\":\"https:\/\/patrocinados.estadao.com.br\/deloitte-jornada-da-sustentabilidade\/wp-content\/uploads\/2021\/09\/932_524.jpg\",\"inLanguage\":\"pt-BR\",\"potentialAction\":[{\"@type\":\"CommentAction\",\"name\":\"Comment\",\"target\":[\"https:\/\/patrocinados.estadao.com.br\/deloitte-jornada-da-sustentabilidade\/2016\/07\/19\/gestao-de-crise-e-reputacao-o-caminho-para-a-preparacao-efetiva\/#respond\"]}]},{\"@type\":\"WebPage\",\"@id\":\"https:\/\/patrocinados.estadao.com.br\/deloitte-jornada-da-sustentabilidade\/2016\/07\/19\/gestao-de-crise-e-reputacao-o-caminho-para-a-preparacao-efetiva\/\",\"url\":\"https:\/\/patrocinados.estadao.com.br\/deloitte-jornada-da-sustentabilidade\/2016\/07\/19\/gestao-de-crise-e-reputacao-o-caminho-para-a-preparacao-efetiva\/\",\"name\":\"Gest\u00e3o de crise e reputa\u00e7\u00e3o: o caminho para a prepara\u00e7\u00e3o efetiva - Jornada da Sustentabilidade, oferecido por Deloitte\",\"isPartOf\":{\"@id\":\"https:\/\/patrocinados.estadao.com.br\/deloitte-jornada-da-sustentabilidade\/#website\"},\"primaryImageOfPage\":{\"@id\":\"https:\/\/patrocinados.estadao.com.br\/deloitte-jornada-da-sustentabilidade\/2016\/07\/19\/gestao-de-crise-e-reputacao-o-caminho-para-a-preparacao-efetiva\/#primaryimage\"},\"image\":{\"@id\":\"https:\/\/patrocinados.estadao.com.br\/deloitte-jornada-da-sustentabilidade\/2016\/07\/19\/gestao-de-crise-e-reputacao-o-caminho-para-a-preparacao-efetiva\/#primaryimage\"},\"thumbnailUrl\":\"https:\/\/patrocinados.estadao.com.br\/deloitte-jornada-da-sustentabilidade\/wp-content\/uploads\/2021\/09\/932_524.jpg\",\"datePublished\":\"2016-07-19T16:07:41+00:00\",\"dateModified\":\"2021-09-20T15:11:12+00:00\",\"author\":{\"@id\":\"https:\/\/patrocinados.estadao.com.br\/deloitte-jornada-da-sustentabilidade\/#\/schema\/person\/9be56940425d4f31e0c82015d0fd725f\"},\"breadcrumb\":{\"@id\":\"https:\/\/patrocinados.estadao.com.br\/deloitte-jornada-da-sustentabilidade\/2016\/07\/19\/gestao-de-crise-e-reputacao-o-caminho-para-a-preparacao-efetiva\/#breadcrumb\"},\"inLanguage\":\"pt-BR\",\"potentialAction\":[{\"@type\":\"ReadAction\",\"target\":[\"https:\/\/patrocinados.estadao.com.br\/deloitte-jornada-da-sustentabilidade\/2016\/07\/19\/gestao-de-crise-e-reputacao-o-caminho-para-a-preparacao-efetiva\/\"]}]},{\"@type\":\"ImageObject\",\"inLanguage\":\"pt-BR\",\"@id\":\"https:\/\/patrocinados.estadao.com.br\/deloitte-jornada-da-sustentabilidade\/2016\/07\/19\/gestao-de-crise-e-reputacao-o-caminho-para-a-preparacao-efetiva\/#primaryimage\",\"url\":\"https:\/\/patrocinados.estadao.com.br\/deloitte-jornada-da-sustentabilidade\/wp-content\/uploads\/2021\/09\/932_524.jpg\",\"contentUrl\":\"https:\/\/patrocinados.estadao.com.br\/deloitte-jornada-da-sustentabilidade\/wp-content\/uploads\/2021\/09\/932_524.jpg\",\"width\":932,\"height\":524},{\"@type\":\"BreadcrumbList\",\"@id\":\"https:\/\/patrocinados.estadao.com.br\/deloitte-jornada-da-sustentabilidade\/2016\/07\/19\/gestao-de-crise-e-reputacao-o-caminho-para-a-preparacao-efetiva\/#breadcrumb\",\"itemListElement\":[{\"@type\":\"ListItem\",\"position\":1,\"name\":\"In\u00edcio\",\"item\":\"https:\/\/patrocinados.estadao.com.br\/deloitte-jornada-da-sustentabilidade\/\"},{\"@type\":\"ListItem\",\"position\":2,\"name\":\"Gest\u00e3o de crise e reputa\u00e7\u00e3o: o caminho para a prepara\u00e7\u00e3o efetiva\"}]},{\"@type\":\"WebSite\",\"@id\":\"https:\/\/patrocinados.estadao.com.br\/deloitte-jornada-da-sustentabilidade\/#website\",\"url\":\"https:\/\/patrocinados.estadao.com.br\/deloitte-jornada-da-sustentabilidade\/\",\"name\":\"Jornada da Sustentabilidade, oferecido por Deloitte\",\"description\":\"Solu\u00e7\u00f5es de governan\u00e7a corporativa para seus desafios de neg\u00f3cios\",\"potentialAction\":[{\"@type\":\"SearchAction\",\"target\":{\"@type\":\"EntryPoint\",\"urlTemplate\":\"https:\/\/patrocinados.estadao.com.br\/deloitte-jornada-da-sustentabilidade\/?s={search_term_string}\"},\"query-input\":{\"@type\":\"PropertyValueSpecification\",\"valueRequired\":true,\"valueName\":\"search_term_string\"}}],\"inLanguage\":\"pt-BR\"},{\"@type\":\"Person\",\"@id\":\"https:\/\/patrocinados.estadao.com.br\/deloitte-jornada-da-sustentabilidade\/#\/schema\/person\/9be56940425d4f31e0c82015d0fd725f\",\"name\":\"Geosfera\",\"image\":{\"@type\":\"ImageObject\",\"inLanguage\":\"pt-BR\",\"@id\":\"https:\/\/patrocinados.estadao.com.br\/deloitte-jornada-da-sustentabilidade\/#\/schema\/person\/image\/\",\"url\":\"https:\/\/secure.gravatar.com\/avatar\/9d33d40efdce4963188a84bd4777a5f81f7c8e9cfcc15e6853c05f5cfee4c0ab?s=96&d=mm&r=g\",\"contentUrl\":\"https:\/\/secure.gravatar.com\/avatar\/9d33d40efdce4963188a84bd4777a5f81f7c8e9cfcc15e6853c05f5cfee4c0ab?s=96&d=mm&r=g\",\"caption\":\"Geosfera\"},\"sameAs\":[\"http:\/\/geosfera.com.br\"],\"url\":\"https:\/\/patrocinados.estadao.com.br\/deloitte-jornada-da-sustentabilidade\/author\/geosfera_deloitte\/\"}]}<\/script>\n<!-- \/ Yoast SEO plugin. -->","yoast_head_json":{"title":"Gest\u00e3o de crise e reputa\u00e7\u00e3o: o caminho para a prepara\u00e7\u00e3o efetiva - Jornada da Sustentabilidade, oferecido por Deloitte","robots":{"index":"index","follow":"follow","max-snippet":"max-snippet:-1","max-image-preview":"max-image-preview:large","max-video-preview":"max-video-preview:-1"},"canonical":"https:\/\/patrocinados.estadao.com.br\/deloitte-jornada-da-sustentabilidade\/2016\/07\/19\/gestao-de-crise-e-reputacao-o-caminho-para-a-preparacao-efetiva\/","og_locale":"pt_BR","og_type":"article","og_title":"Gest\u00e3o de crise e reputa\u00e7\u00e3o: o caminho para a prepara\u00e7\u00e3o efetiva - Jornada da Sustentabilidade, oferecido por Deloitte","og_description":"No cen\u00e1rio atual de instabilidade, \u00e9 preciso olhar o assunto com ainda mais aten\u00e7\u00e3o","og_url":"https:\/\/patrocinados.estadao.com.br\/deloitte-jornada-da-sustentabilidade\/2016\/07\/19\/gestao-de-crise-e-reputacao-o-caminho-para-a-preparacao-efetiva\/","og_site_name":"Jornada da Sustentabilidade, oferecido por Deloitte","article_published_time":"2016-07-19T16:07:41+00:00","article_modified_time":"2021-09-20T15:11:12+00:00","og_image":[{"width":932,"height":524,"url":"https:\/\/patrocinados.estadao.com.br\/deloitte-jornada-da-sustentabilidade\/wp-content\/uploads\/2021\/09\/932_524.jpg","type":"image\/jpeg"}],"author":"Geosfera","twitter_card":"summary_large_image","twitter_misc":{"Escrito por":"Geosfera","Est. tempo de leitura":"3 minutos"},"schema":{"@context":"https:\/\/schema.org","@graph":[{"@type":"Article","@id":"https:\/\/patrocinados.estadao.com.br\/deloitte-jornada-da-sustentabilidade\/2016\/07\/19\/gestao-de-crise-e-reputacao-o-caminho-para-a-preparacao-efetiva\/#article","isPartOf":{"@id":"https:\/\/patrocinados.estadao.com.br\/deloitte-jornada-da-sustentabilidade\/2016\/07\/19\/gestao-de-crise-e-reputacao-o-caminho-para-a-preparacao-efetiva\/"},"author":{"name":"Geosfera","@id":"https:\/\/patrocinados.estadao.com.br\/deloitte-jornada-da-sustentabilidade\/#\/schema\/person\/9be56940425d4f31e0c82015d0fd725f"},"headline":"Gest\u00e3o de crise e reputa\u00e7\u00e3o: o caminho para a prepara\u00e7\u00e3o efetiva","datePublished":"2016-07-19T16:07:41+00:00","dateModified":"2021-09-20T15:11:12+00:00","mainEntityOfPage":{"@id":"https:\/\/patrocinados.estadao.com.br\/deloitte-jornada-da-sustentabilidade\/2016\/07\/19\/gestao-de-crise-e-reputacao-o-caminho-para-a-preparacao-efetiva\/"},"wordCount":639,"commentCount":0,"image":{"@id":"https:\/\/patrocinados.estadao.com.br\/deloitte-jornada-da-sustentabilidade\/2016\/07\/19\/gestao-de-crise-e-reputacao-o-caminho-para-a-preparacao-efetiva\/#primaryimage"},"thumbnailUrl":"https:\/\/patrocinados.estadao.com.br\/deloitte-jornada-da-sustentabilidade\/wp-content\/uploads\/2021\/09\/932_524.jpg","inLanguage":"pt-BR","potentialAction":[{"@type":"CommentAction","name":"Comment","target":["https:\/\/patrocinados.estadao.com.br\/deloitte-jornada-da-sustentabilidade\/2016\/07\/19\/gestao-de-crise-e-reputacao-o-caminho-para-a-preparacao-efetiva\/#respond"]}]},{"@type":"WebPage","@id":"https:\/\/patrocinados.estadao.com.br\/deloitte-jornada-da-sustentabilidade\/2016\/07\/19\/gestao-de-crise-e-reputacao-o-caminho-para-a-preparacao-efetiva\/","url":"https:\/\/patrocinados.estadao.com.br\/deloitte-jornada-da-sustentabilidade\/2016\/07\/19\/gestao-de-crise-e-reputacao-o-caminho-para-a-preparacao-efetiva\/","name":"Gest\u00e3o de crise e reputa\u00e7\u00e3o: o caminho para a prepara\u00e7\u00e3o efetiva - Jornada da Sustentabilidade, oferecido por Deloitte","isPartOf":{"@id":"https:\/\/patrocinados.estadao.com.br\/deloitte-jornada-da-sustentabilidade\/#website"},"primaryImageOfPage":{"@id":"https:\/\/patrocinados.estadao.com.br\/deloitte-jornada-da-sustentabilidade\/2016\/07\/19\/gestao-de-crise-e-reputacao-o-caminho-para-a-preparacao-efetiva\/#primaryimage"},"image":{"@id":"https:\/\/patrocinados.estadao.com.br\/deloitte-jornada-da-sustentabilidade\/2016\/07\/19\/gestao-de-crise-e-reputacao-o-caminho-para-a-preparacao-efetiva\/#primaryimage"},"thumbnailUrl":"https:\/\/patrocinados.estadao.com.br\/deloitte-jornada-da-sustentabilidade\/wp-content\/uploads\/2021\/09\/932_524.jpg","datePublished":"2016-07-19T16:07:41+00:00","dateModified":"2021-09-20T15:11:12+00:00","author":{"@id":"https:\/\/patrocinados.estadao.com.br\/deloitte-jornada-da-sustentabilidade\/#\/schema\/person\/9be56940425d4f31e0c82015d0fd725f"},"breadcrumb":{"@id":"https:\/\/patrocinados.estadao.com.br\/deloitte-jornada-da-sustentabilidade\/2016\/07\/19\/gestao-de-crise-e-reputacao-o-caminho-para-a-preparacao-efetiva\/#breadcrumb"},"inLanguage":"pt-BR","potentialAction":[{"@type":"ReadAction","target":["https:\/\/patrocinados.estadao.com.br\/deloitte-jornada-da-sustentabilidade\/2016\/07\/19\/gestao-de-crise-e-reputacao-o-caminho-para-a-preparacao-efetiva\/"]}]},{"@type":"ImageObject","inLanguage":"pt-BR","@id":"https:\/\/patrocinados.estadao.com.br\/deloitte-jornada-da-sustentabilidade\/2016\/07\/19\/gestao-de-crise-e-reputacao-o-caminho-para-a-preparacao-efetiva\/#primaryimage","url":"https:\/\/patrocinados.estadao.com.br\/deloitte-jornada-da-sustentabilidade\/wp-content\/uploads\/2021\/09\/932_524.jpg","contentUrl":"https:\/\/patrocinados.estadao.com.br\/deloitte-jornada-da-sustentabilidade\/wp-content\/uploads\/2021\/09\/932_524.jpg","width":932,"height":524},{"@type":"BreadcrumbList","@id":"https:\/\/patrocinados.estadao.com.br\/deloitte-jornada-da-sustentabilidade\/2016\/07\/19\/gestao-de-crise-e-reputacao-o-caminho-para-a-preparacao-efetiva\/#breadcrumb","itemListElement":[{"@type":"ListItem","position":1,"name":"In\u00edcio","item":"https:\/\/patrocinados.estadao.com.br\/deloitte-jornada-da-sustentabilidade\/"},{"@type":"ListItem","position":2,"name":"Gest\u00e3o de crise e reputa\u00e7\u00e3o: o caminho para a prepara\u00e7\u00e3o efetiva"}]},{"@type":"WebSite","@id":"https:\/\/patrocinados.estadao.com.br\/deloitte-jornada-da-sustentabilidade\/#website","url":"https:\/\/patrocinados.estadao.com.br\/deloitte-jornada-da-sustentabilidade\/","name":"Jornada da Sustentabilidade, oferecido por Deloitte","description":"Solu\u00e7\u00f5es de governan\u00e7a corporativa para seus desafios de neg\u00f3cios","potentialAction":[{"@type":"SearchAction","target":{"@type":"EntryPoint","urlTemplate":"https:\/\/patrocinados.estadao.com.br\/deloitte-jornada-da-sustentabilidade\/?s={search_term_string}"},"query-input":{"@type":"PropertyValueSpecification","valueRequired":true,"valueName":"search_term_string"}}],"inLanguage":"pt-BR"},{"@type":"Person","@id":"https:\/\/patrocinados.estadao.com.br\/deloitte-jornada-da-sustentabilidade\/#\/schema\/person\/9be56940425d4f31e0c82015d0fd725f","name":"Geosfera","image":{"@type":"ImageObject","inLanguage":"pt-BR","@id":"https:\/\/patrocinados.estadao.com.br\/deloitte-jornada-da-sustentabilidade\/#\/schema\/person\/image\/","url":"https:\/\/secure.gravatar.com\/avatar\/9d33d40efdce4963188a84bd4777a5f81f7c8e9cfcc15e6853c05f5cfee4c0ab?s=96&d=mm&r=g","contentUrl":"https:\/\/secure.gravatar.com\/avatar\/9d33d40efdce4963188a84bd4777a5f81f7c8e9cfcc15e6853c05f5cfee4c0ab?s=96&d=mm&r=g","caption":"Geosfera"},"sameAs":["http:\/\/geosfera.com.br"],"url":"https:\/\/patrocinados.estadao.com.br\/deloitte-jornada-da-sustentabilidade\/author\/geosfera_deloitte\/"}]}},"_links":{"self":[{"href":"https:\/\/patrocinados.estadao.com.br\/deloitte-jornada-da-sustentabilidade\/wp-json\/wp\/v2\/posts\/235","targetHints":{"allow":["GET"]}}],"collection":[{"href":"https:\/\/patrocinados.estadao.com.br\/deloitte-jornada-da-sustentabilidade\/wp-json\/wp\/v2\/posts"}],"about":[{"href":"https:\/\/patrocinados.estadao.com.br\/deloitte-jornada-da-sustentabilidade\/wp-json\/wp\/v2\/types\/post"}],"author":[{"embeddable":true,"href":"https:\/\/patrocinados.estadao.com.br\/deloitte-jornada-da-sustentabilidade\/wp-json\/wp\/v2\/users\/2"}],"replies":[{"embeddable":true,"href":"https:\/\/patrocinados.estadao.com.br\/deloitte-jornada-da-sustentabilidade\/wp-json\/wp\/v2\/comments?post=235"}],"version-history":[{"count":1,"href":"https:\/\/patrocinados.estadao.com.br\/deloitte-jornada-da-sustentabilidade\/wp-json\/wp\/v2\/posts\/235\/revisions"}],"predecessor-version":[{"id":1952,"href":"https:\/\/patrocinados.estadao.com.br\/deloitte-jornada-da-sustentabilidade\/wp-json\/wp\/v2\/posts\/235\/revisions\/1952"}],"wp:featuredmedia":[{"embeddable":true,"href":"https:\/\/patrocinados.estadao.com.br\/deloitte-jornada-da-sustentabilidade\/wp-json\/wp\/v2\/media\/1762"}],"wp:attachment":[{"href":"https:\/\/patrocinados.estadao.com.br\/deloitte-jornada-da-sustentabilidade\/wp-json\/wp\/v2\/media?parent=235"}],"wp:term":[{"taxonomy":"category","embeddable":true,"href":"https:\/\/patrocinados.estadao.com.br\/deloitte-jornada-da-sustentabilidade\/wp-json\/wp\/v2\/categories?post=235"},{"taxonomy":"post_tag","embeddable":true,"href":"https:\/\/patrocinados.estadao.com.br\/deloitte-jornada-da-sustentabilidade\/wp-json\/wp\/v2\/tags?post=235"}],"curies":[{"name":"wp","href":"https:\/\/api.w.org\/{rel}","templated":true}]}}