{"id":2342,"date":"2022-06-07T18:01:06","date_gmt":"2022-06-07T21:01:06","guid":{"rendered":"https:\/\/patrocinados.estadao.com.br\/deloitte-esg\/?p=2342"},"modified":"2022-06-07T18:01:06","modified_gmt":"2022-06-07T21:01:06","slug":"a-pandemia-e-a-nova-realidade-do-trabalho-fazem-crescer-o-burnout-entre-mulheres","status":"publish","type":"post","link":"https:\/\/patrocinados.estadao.com.br\/deloitte-jornada-da-sustentabilidade\/2022\/06\/07\/a-pandemia-e-a-nova-realidade-do-trabalho-fazem-crescer-o-burnout-entre-mulheres\/","title":{"rendered":"A pandemia e a nova realidade do trabalho fazem crescer o burnout entre mulheres"},"content":{"rendered":"<p>As mulheres foram as mais afetadas em seus trabalhos durante a pandemia de covid-19. A desigualdade de g\u00eanero, n\u00e3o s\u00f3 nas empresas, mas em toda a sociedade, foi um dos fatores que contribu\u00edram para o esgotamento das profissionais. Na soma de teletrabalho com tarefas dom\u00e9sticas, elas ficaram muito mais sobrecarregadas do que os homens. No Brasil, 44% das mulheres disseram estar sofrendo de burnout, n\u00famero que sobe para 54% entre as profissionais negras ou pertencentes a grupos \u00e9tnicos minorit\u00e1rios.<\/p>\n<p>Esse contexto, adicionado \u00e0 remunera\u00e7\u00e3o inadequada, \u00e0 falta de oportunidades claras de crescimento e \u00e0s pol\u00edticas de trabalho inflex\u00edveis, acabou piorando o cen\u00e1rio de forma geral, como mostra a segunda edi\u00e7\u00e3o da pesquisa global <a href=\"https:\/\/www2.deloitte.com\/br\/pt\/pages\/human-capital\/articles\/pesquisa-mulheres-trabalho.html\" target=\"_blank\" rel=\"noopener\">\u201cWomen@Work\u201d<\/a>, conduzida pela Deloitte com mais de 5 mil mulheres em dez pa\u00edses (500 delas no Brasil).<\/p>\n<p>Noventa e seis por cento delas trabalham em tempo integral \u2013 sendo que 43% atuam de forma h\u00edbrida, 37%, remotamente e 20%, presencialmente.<\/p>\n<p><strong>Insatisfa\u00e7\u00e3o e falta de clareza<\/strong><\/p>\n<p>Entre as principais conclus\u00f5es da pesquisa, foi detectada uma grande insatisfa\u00e7\u00e3o com os sal\u00e1rios e com a falta de planos de carreira. Por causa desses dois fatores, 49% das mulheres brasileiras disseram que planejam largar seus empregos atuais nos pr\u00f3ximos dois anos. Essa contrariedade se d\u00e1, principalmente, por causa do esgotamento mental\/emocional, que aumentou entre as brasileiras.<\/p>\n<p>\u201cEm 2022, com base na pesquisa, podemos perceber que muitos avan\u00e7os ainda s\u00e3o necess\u00e1rios para evitar o burnout e a sa\u00edda das mulheres da for\u00e7a do trabalho\u201d, aponta Venus Kennedy, s\u00f3cia de consultoria empresarial e l\u00edder do Delas, programa de diversidade de g\u00eanero da Deloitte Brasil. Segundo a executiva, muitas empresas j\u00e1 progrediram na busca por essa equidade, mas ainda h\u00e1 muito que melhorar.<\/p>\n<p><strong>Trabalho h\u00edbrido ainda \u00e9 um modelo em evolu\u00e7\u00e3o<\/strong><\/p>\n<p>Entre as respondentes da pesquisa da Deloitte, 27% das mulheres no Brasil, propor\u00e7\u00e3o igual \u00e0 dos demais pa\u00edses, afirmam estar insatisfeitas no trabalho. As profissionais brasileiras tamb\u00e9m se dizem menos motivadas em suas fun\u00e7\u00f5es desde o in\u00edcio da pandemia (23%). Neste ano, 44% ainda se sentem menos otimistas em rela\u00e7\u00e3o \u00e0s oportunidades de carreira.<\/p>\n<p>Diante da nova realidade do trabalho, o que os empregadores v\u00eam fazendo, ou ainda podem realizar, para amenizar essa situa\u00e7\u00e3o? A pesquisa mostrou que, mesmo com as ofertas de possibilidades de jornadas mais flex\u00edveis, o sentimento da grande maioria \u00e9 de receio de que elas sejam vistas negativamente pelos empregadores caso decidam optar por esses modelos.<\/p>\n<p>At\u00e9 mesmo a forma h\u00edbrida de trabalhar causa uma certa desconfian\u00e7a. Para 36% das brasileiras, atuar dessa forma significa n\u00e3o ter exposi\u00e7\u00e3o suficiente \u00e0 lideran\u00e7a. Al\u00e9m disso, as mulheres brasileiras que atuam nesse modelo s\u00e3o muito mais propensas a terem sofrido pequenos atos de desrespeito no ano passado (70%) do que aquelas que trabalham totalmente de forma remota (33%) ou totalmente presencial (40%). Entre essas situa\u00e7\u00f5es, 12% das profissionais brasileiras relataram se sentir exclu\u00eddas em intera\u00e7\u00f5es ou conversas informais.<\/p>\n<p>As profissionais negras ou pertencentes a minorias \u00e9tnicas se sentem exclu\u00eddas de intera\u00e7\u00f5es informais (18% para mulheres desse grupo, ante 12% do total Brasil). Al\u00e9m disso, elas afirmam que algu\u00e9m levou o cr\u00e9dito por suas ideias (15% e 11%, respectivamente) ou tiveram menos oportunidades de falar em reuni\u00f5es em compara\u00e7\u00e3o aos colegas homens (11% e 7%, respectivamente).<\/p>\n<p><strong>Equidade de g\u00eanero<br \/>\n<\/strong><br \/>\nOrganiza\u00e7\u00f5es que de fato apoiam as mulheres em suas carreiras, respeitando o equil\u00edbrio entre trabalho e vida pessoal, promovem iniciativas inclusivas que geram bem-estar e satisfa\u00e7\u00e3o no trabalho. Essa \u00e9 uma jornada que deve ser trilhada por v\u00e1rias organiza\u00e7\u00f5es no Brasil e no mundo. O estudo tamb\u00e9m identificou muitas organiza\u00e7\u00f5es atrasadas nesse sentido: 20% afirmaram trabalhar para organiza\u00e7\u00f5es com culturas menos inclusivas (foram 24% das entrevistadas globais). No entanto, no recorte brasileiro da pesquisa, apenas 8% das profissionais disseram trabalhar em organiza\u00e7\u00f5es que atuam de forma mais inclusiva.<\/p>\n","protected":false},"excerpt":{"rendered":"<p>As mulheres foram as mais afetadas em seus trabalhos durante a pandemia de covid-19. A desigualdade de g\u00eanero, n\u00e3o s\u00f3 nas empresas, mas em toda a sociedade, foi um dos fatores que contribu\u00edram para o esgotamento das profissionais. Na soma de teletrabalho com tarefas dom\u00e9sticas, elas ficaram muito mais sobrecarregadas do que os homens. No [&hellip;]<\/p>\n","protected":false},"author":8,"featured_media":2343,"comment_status":"open","ping_status":"closed","sticky":false,"template":"","format":"standard","meta":{"_acf_changed":false,"footnotes":""},"categories":[41,1],"tags":[54,7,8,35,21],"class_list":["post-2342","post","type-post","status-publish","format-standard","has-post-thumbnail","hentry","category-conteudo","category-sem-categoria","tag-bournout","tag-covid-19","tag-deloitte","tag-mulheres","tag-pandemia"],"acf":[],"yoast_head":"<!-- This site is optimized with the Yoast SEO plugin v27.1.1 - https:\/\/yoast.com\/product\/yoast-seo-wordpress\/ -->\n<title>A pandemia e a nova realidade do trabalho fazem crescer o burnout entre mulheres - Jornada da Sustentabilidade, oferecido por Deloitte<\/title>\n<meta name=\"robots\" content=\"index, follow, max-snippet:-1, max-image-preview:large, max-video-preview:-1\" \/>\n<link rel=\"canonical\" href=\"https:\/\/patrocinados.estadao.com.br\/deloitte-jornada-da-sustentabilidade\/2022\/06\/07\/a-pandemia-e-a-nova-realidade-do-trabalho-fazem-crescer-o-burnout-entre-mulheres\/\" \/>\n<meta property=\"og:locale\" content=\"pt_BR\" \/>\n<meta property=\"og:type\" content=\"article\" \/>\n<meta property=\"og:title\" content=\"A pandemia e a nova realidade do trabalho fazem crescer o burnout entre mulheres - Jornada da Sustentabilidade, oferecido por Deloitte\" \/>\n<meta property=\"og:description\" content=\"As mulheres foram as mais afetadas em seus trabalhos durante a pandemia de covid-19. A desigualdade de g\u00eanero, n\u00e3o s\u00f3 nas empresas, mas em toda a sociedade, foi um dos fatores que contribu\u00edram para o esgotamento das profissionais. Na soma de teletrabalho com tarefas dom\u00e9sticas, elas ficaram muito mais sobrecarregadas do que os homens. No [&hellip;]\" \/>\n<meta property=\"og:url\" content=\"https:\/\/patrocinados.estadao.com.br\/deloitte-jornada-da-sustentabilidade\/2022\/06\/07\/a-pandemia-e-a-nova-realidade-do-trabalho-fazem-crescer-o-burnout-entre-mulheres\/\" \/>\n<meta property=\"og:site_name\" content=\"Jornada da Sustentabilidade, oferecido por Deloitte\" \/>\n<meta property=\"article:published_time\" content=\"2022-06-07T21:01:06+00:00\" \/>\n<meta property=\"og:image\" content=\"https:\/\/patrocinados.estadao.com.br\/deloitte-jornada-da-sustentabilidade\/wp-content\/uploads\/2022\/06\/GettyImages-1179509096.jpg\" \/>\n\t<meta property=\"og:image:width\" content=\"2121\" \/>\n\t<meta property=\"og:image:height\" content=\"1414\" \/>\n\t<meta property=\"og:image:type\" content=\"image\/jpeg\" \/>\n<meta name=\"author\" content=\"blue_studio\" \/>\n<meta name=\"twitter:card\" content=\"summary_large_image\" \/>\n<meta name=\"twitter:label1\" content=\"Escrito por\" \/>\n\t<meta name=\"twitter:data1\" content=\"blue_studio\" \/>\n\t<meta name=\"twitter:label2\" content=\"Est. tempo de leitura\" \/>\n\t<meta name=\"twitter:data2\" content=\"3 minutos\" \/>\n<script type=\"application\/ld+json\" class=\"yoast-schema-graph\">{\"@context\":\"https:\/\/schema.org\",\"@graph\":[{\"@type\":\"Article\",\"@id\":\"https:\/\/patrocinados.estadao.com.br\/deloitte-jornada-da-sustentabilidade\/2022\/06\/07\/a-pandemia-e-a-nova-realidade-do-trabalho-fazem-crescer-o-burnout-entre-mulheres\/#article\",\"isPartOf\":{\"@id\":\"https:\/\/patrocinados.estadao.com.br\/deloitte-jornada-da-sustentabilidade\/2022\/06\/07\/a-pandemia-e-a-nova-realidade-do-trabalho-fazem-crescer-o-burnout-entre-mulheres\/\"},\"author\":{\"name\":\"blue_studio\",\"@id\":\"https:\/\/patrocinados.estadao.com.br\/deloitte-jornada-da-sustentabilidade\/#\/schema\/person\/60071a239fb5b5bc3d3d88cb8f6170a6\"},\"headline\":\"A pandemia e a nova realidade do trabalho fazem crescer o burnout entre mulheres\",\"datePublished\":\"2022-06-07T21:01:06+00:00\",\"mainEntityOfPage\":{\"@id\":\"https:\/\/patrocinados.estadao.com.br\/deloitte-jornada-da-sustentabilidade\/2022\/06\/07\/a-pandemia-e-a-nova-realidade-do-trabalho-fazem-crescer-o-burnout-entre-mulheres\/\"},\"wordCount\":670,\"commentCount\":0,\"image\":{\"@id\":\"https:\/\/patrocinados.estadao.com.br\/deloitte-jornada-da-sustentabilidade\/2022\/06\/07\/a-pandemia-e-a-nova-realidade-do-trabalho-fazem-crescer-o-burnout-entre-mulheres\/#primaryimage\"},\"thumbnailUrl\":\"https:\/\/patrocinados.estadao.com.br\/deloitte-jornada-da-sustentabilidade\/wp-content\/uploads\/2022\/06\/GettyImages-1179509096.jpg\",\"keywords\":[\"Bournout\",\"covid-19\",\"Deloitte\",\"mulheres\",\"pandemia\"],\"articleSection\":[\"Conte\u00fado\"],\"inLanguage\":\"pt-BR\",\"potentialAction\":[{\"@type\":\"CommentAction\",\"name\":\"Comment\",\"target\":[\"https:\/\/patrocinados.estadao.com.br\/deloitte-jornada-da-sustentabilidade\/2022\/06\/07\/a-pandemia-e-a-nova-realidade-do-trabalho-fazem-crescer-o-burnout-entre-mulheres\/#respond\"]}]},{\"@type\":\"WebPage\",\"@id\":\"https:\/\/patrocinados.estadao.com.br\/deloitte-jornada-da-sustentabilidade\/2022\/06\/07\/a-pandemia-e-a-nova-realidade-do-trabalho-fazem-crescer-o-burnout-entre-mulheres\/\",\"url\":\"https:\/\/patrocinados.estadao.com.br\/deloitte-jornada-da-sustentabilidade\/2022\/06\/07\/a-pandemia-e-a-nova-realidade-do-trabalho-fazem-crescer-o-burnout-entre-mulheres\/\",\"name\":\"A pandemia e a nova realidade do trabalho fazem crescer o burnout entre mulheres - Jornada da Sustentabilidade, oferecido por Deloitte\",\"isPartOf\":{\"@id\":\"https:\/\/patrocinados.estadao.com.br\/deloitte-jornada-da-sustentabilidade\/#website\"},\"primaryImageOfPage\":{\"@id\":\"https:\/\/patrocinados.estadao.com.br\/deloitte-jornada-da-sustentabilidade\/2022\/06\/07\/a-pandemia-e-a-nova-realidade-do-trabalho-fazem-crescer-o-burnout-entre-mulheres\/#primaryimage\"},\"image\":{\"@id\":\"https:\/\/patrocinados.estadao.com.br\/deloitte-jornada-da-sustentabilidade\/2022\/06\/07\/a-pandemia-e-a-nova-realidade-do-trabalho-fazem-crescer-o-burnout-entre-mulheres\/#primaryimage\"},\"thumbnailUrl\":\"https:\/\/patrocinados.estadao.com.br\/deloitte-jornada-da-sustentabilidade\/wp-content\/uploads\/2022\/06\/GettyImages-1179509096.jpg\",\"datePublished\":\"2022-06-07T21:01:06+00:00\",\"author\":{\"@id\":\"https:\/\/patrocinados.estadao.com.br\/deloitte-jornada-da-sustentabilidade\/#\/schema\/person\/60071a239fb5b5bc3d3d88cb8f6170a6\"},\"breadcrumb\":{\"@id\":\"https:\/\/patrocinados.estadao.com.br\/deloitte-jornada-da-sustentabilidade\/2022\/06\/07\/a-pandemia-e-a-nova-realidade-do-trabalho-fazem-crescer-o-burnout-entre-mulheres\/#breadcrumb\"},\"inLanguage\":\"pt-BR\",\"potentialAction\":[{\"@type\":\"ReadAction\",\"target\":[\"https:\/\/patrocinados.estadao.com.br\/deloitte-jornada-da-sustentabilidade\/2022\/06\/07\/a-pandemia-e-a-nova-realidade-do-trabalho-fazem-crescer-o-burnout-entre-mulheres\/\"]}]},{\"@type\":\"ImageObject\",\"inLanguage\":\"pt-BR\",\"@id\":\"https:\/\/patrocinados.estadao.com.br\/deloitte-jornada-da-sustentabilidade\/2022\/06\/07\/a-pandemia-e-a-nova-realidade-do-trabalho-fazem-crescer-o-burnout-entre-mulheres\/#primaryimage\",\"url\":\"https:\/\/patrocinados.estadao.com.br\/deloitte-jornada-da-sustentabilidade\/wp-content\/uploads\/2022\/06\/GettyImages-1179509096.jpg\",\"contentUrl\":\"https:\/\/patrocinados.estadao.com.br\/deloitte-jornada-da-sustentabilidade\/wp-content\/uploads\/2022\/06\/GettyImages-1179509096.jpg\",\"width\":2121,\"height\":1414,\"caption\":\"Multi-Ethnic women business team having discussion new projects\"},{\"@type\":\"BreadcrumbList\",\"@id\":\"https:\/\/patrocinados.estadao.com.br\/deloitte-jornada-da-sustentabilidade\/2022\/06\/07\/a-pandemia-e-a-nova-realidade-do-trabalho-fazem-crescer-o-burnout-entre-mulheres\/#breadcrumb\",\"itemListElement\":[{\"@type\":\"ListItem\",\"position\":1,\"name\":\"In\u00edcio\",\"item\":\"https:\/\/patrocinados.estadao.com.br\/deloitte-jornada-da-sustentabilidade\/\"},{\"@type\":\"ListItem\",\"position\":2,\"name\":\"A pandemia e a nova realidade do trabalho fazem crescer o burnout entre mulheres\"}]},{\"@type\":\"WebSite\",\"@id\":\"https:\/\/patrocinados.estadao.com.br\/deloitte-jornada-da-sustentabilidade\/#website\",\"url\":\"https:\/\/patrocinados.estadao.com.br\/deloitte-jornada-da-sustentabilidade\/\",\"name\":\"Jornada da Sustentabilidade, oferecido por Deloitte\",\"description\":\"Solu\u00e7\u00f5es de governan\u00e7a corporativa para seus desafios de neg\u00f3cios\",\"potentialAction\":[{\"@type\":\"SearchAction\",\"target\":{\"@type\":\"EntryPoint\",\"urlTemplate\":\"https:\/\/patrocinados.estadao.com.br\/deloitte-jornada-da-sustentabilidade\/?s={search_term_string}\"},\"query-input\":{\"@type\":\"PropertyValueSpecification\",\"valueRequired\":true,\"valueName\":\"search_term_string\"}}],\"inLanguage\":\"pt-BR\"},{\"@type\":\"Person\",\"@id\":\"https:\/\/patrocinados.estadao.com.br\/deloitte-jornada-da-sustentabilidade\/#\/schema\/person\/60071a239fb5b5bc3d3d88cb8f6170a6\",\"name\":\"blue_studio\",\"image\":{\"@type\":\"ImageObject\",\"inLanguage\":\"pt-BR\",\"@id\":\"https:\/\/patrocinados.estadao.com.br\/deloitte-jornada-da-sustentabilidade\/#\/schema\/person\/image\/\",\"url\":\"https:\/\/secure.gravatar.com\/avatar\/193f77a26bfc1ca843b87f20fda6efd0c212628ecc58a5c9f31ba0b89d013b17?s=96&d=mm&r=g\",\"contentUrl\":\"https:\/\/secure.gravatar.com\/avatar\/193f77a26bfc1ca843b87f20fda6efd0c212628ecc58a5c9f31ba0b89d013b17?s=96&d=mm&r=g\",\"caption\":\"blue_studio\"},\"url\":\"https:\/\/patrocinados.estadao.com.br\/deloitte-jornada-da-sustentabilidade\/author\/blue_studio\/\"}]}<\/script>\n<!-- \/ Yoast SEO plugin. -->","yoast_head_json":{"title":"A pandemia e a nova realidade do trabalho fazem crescer o burnout entre mulheres - Jornada da Sustentabilidade, oferecido por Deloitte","robots":{"index":"index","follow":"follow","max-snippet":"max-snippet:-1","max-image-preview":"max-image-preview:large","max-video-preview":"max-video-preview:-1"},"canonical":"https:\/\/patrocinados.estadao.com.br\/deloitte-jornada-da-sustentabilidade\/2022\/06\/07\/a-pandemia-e-a-nova-realidade-do-trabalho-fazem-crescer-o-burnout-entre-mulheres\/","og_locale":"pt_BR","og_type":"article","og_title":"A pandemia e a nova realidade do trabalho fazem crescer o burnout entre mulheres - Jornada da Sustentabilidade, oferecido por Deloitte","og_description":"As mulheres foram as mais afetadas em seus trabalhos durante a pandemia de covid-19. A desigualdade de g\u00eanero, n\u00e3o s\u00f3 nas empresas, mas em toda a sociedade, foi um dos fatores que contribu\u00edram para o esgotamento das profissionais. Na soma de teletrabalho com tarefas dom\u00e9sticas, elas ficaram muito mais sobrecarregadas do que os homens. No [&hellip;]","og_url":"https:\/\/patrocinados.estadao.com.br\/deloitte-jornada-da-sustentabilidade\/2022\/06\/07\/a-pandemia-e-a-nova-realidade-do-trabalho-fazem-crescer-o-burnout-entre-mulheres\/","og_site_name":"Jornada da Sustentabilidade, oferecido por Deloitte","article_published_time":"2022-06-07T21:01:06+00:00","og_image":[{"width":2121,"height":1414,"url":"https:\/\/patrocinados.estadao.com.br\/deloitte-jornada-da-sustentabilidade\/wp-content\/uploads\/2022\/06\/GettyImages-1179509096.jpg","type":"image\/jpeg"}],"author":"blue_studio","twitter_card":"summary_large_image","twitter_misc":{"Escrito por":"blue_studio","Est. tempo de leitura":"3 minutos"},"schema":{"@context":"https:\/\/schema.org","@graph":[{"@type":"Article","@id":"https:\/\/patrocinados.estadao.com.br\/deloitte-jornada-da-sustentabilidade\/2022\/06\/07\/a-pandemia-e-a-nova-realidade-do-trabalho-fazem-crescer-o-burnout-entre-mulheres\/#article","isPartOf":{"@id":"https:\/\/patrocinados.estadao.com.br\/deloitte-jornada-da-sustentabilidade\/2022\/06\/07\/a-pandemia-e-a-nova-realidade-do-trabalho-fazem-crescer-o-burnout-entre-mulheres\/"},"author":{"name":"blue_studio","@id":"https:\/\/patrocinados.estadao.com.br\/deloitte-jornada-da-sustentabilidade\/#\/schema\/person\/60071a239fb5b5bc3d3d88cb8f6170a6"},"headline":"A pandemia e a nova realidade do trabalho fazem crescer o burnout entre mulheres","datePublished":"2022-06-07T21:01:06+00:00","mainEntityOfPage":{"@id":"https:\/\/patrocinados.estadao.com.br\/deloitte-jornada-da-sustentabilidade\/2022\/06\/07\/a-pandemia-e-a-nova-realidade-do-trabalho-fazem-crescer-o-burnout-entre-mulheres\/"},"wordCount":670,"commentCount":0,"image":{"@id":"https:\/\/patrocinados.estadao.com.br\/deloitte-jornada-da-sustentabilidade\/2022\/06\/07\/a-pandemia-e-a-nova-realidade-do-trabalho-fazem-crescer-o-burnout-entre-mulheres\/#primaryimage"},"thumbnailUrl":"https:\/\/patrocinados.estadao.com.br\/deloitte-jornada-da-sustentabilidade\/wp-content\/uploads\/2022\/06\/GettyImages-1179509096.jpg","keywords":["Bournout","covid-19","Deloitte","mulheres","pandemia"],"articleSection":["Conte\u00fado"],"inLanguage":"pt-BR","potentialAction":[{"@type":"CommentAction","name":"Comment","target":["https:\/\/patrocinados.estadao.com.br\/deloitte-jornada-da-sustentabilidade\/2022\/06\/07\/a-pandemia-e-a-nova-realidade-do-trabalho-fazem-crescer-o-burnout-entre-mulheres\/#respond"]}]},{"@type":"WebPage","@id":"https:\/\/patrocinados.estadao.com.br\/deloitte-jornada-da-sustentabilidade\/2022\/06\/07\/a-pandemia-e-a-nova-realidade-do-trabalho-fazem-crescer-o-burnout-entre-mulheres\/","url":"https:\/\/patrocinados.estadao.com.br\/deloitte-jornada-da-sustentabilidade\/2022\/06\/07\/a-pandemia-e-a-nova-realidade-do-trabalho-fazem-crescer-o-burnout-entre-mulheres\/","name":"A pandemia e a nova realidade do trabalho fazem crescer o burnout entre mulheres - Jornada da Sustentabilidade, oferecido por Deloitte","isPartOf":{"@id":"https:\/\/patrocinados.estadao.com.br\/deloitte-jornada-da-sustentabilidade\/#website"},"primaryImageOfPage":{"@id":"https:\/\/patrocinados.estadao.com.br\/deloitte-jornada-da-sustentabilidade\/2022\/06\/07\/a-pandemia-e-a-nova-realidade-do-trabalho-fazem-crescer-o-burnout-entre-mulheres\/#primaryimage"},"image":{"@id":"https:\/\/patrocinados.estadao.com.br\/deloitte-jornada-da-sustentabilidade\/2022\/06\/07\/a-pandemia-e-a-nova-realidade-do-trabalho-fazem-crescer-o-burnout-entre-mulheres\/#primaryimage"},"thumbnailUrl":"https:\/\/patrocinados.estadao.com.br\/deloitte-jornada-da-sustentabilidade\/wp-content\/uploads\/2022\/06\/GettyImages-1179509096.jpg","datePublished":"2022-06-07T21:01:06+00:00","author":{"@id":"https:\/\/patrocinados.estadao.com.br\/deloitte-jornada-da-sustentabilidade\/#\/schema\/person\/60071a239fb5b5bc3d3d88cb8f6170a6"},"breadcrumb":{"@id":"https:\/\/patrocinados.estadao.com.br\/deloitte-jornada-da-sustentabilidade\/2022\/06\/07\/a-pandemia-e-a-nova-realidade-do-trabalho-fazem-crescer-o-burnout-entre-mulheres\/#breadcrumb"},"inLanguage":"pt-BR","potentialAction":[{"@type":"ReadAction","target":["https:\/\/patrocinados.estadao.com.br\/deloitte-jornada-da-sustentabilidade\/2022\/06\/07\/a-pandemia-e-a-nova-realidade-do-trabalho-fazem-crescer-o-burnout-entre-mulheres\/"]}]},{"@type":"ImageObject","inLanguage":"pt-BR","@id":"https:\/\/patrocinados.estadao.com.br\/deloitte-jornada-da-sustentabilidade\/2022\/06\/07\/a-pandemia-e-a-nova-realidade-do-trabalho-fazem-crescer-o-burnout-entre-mulheres\/#primaryimage","url":"https:\/\/patrocinados.estadao.com.br\/deloitte-jornada-da-sustentabilidade\/wp-content\/uploads\/2022\/06\/GettyImages-1179509096.jpg","contentUrl":"https:\/\/patrocinados.estadao.com.br\/deloitte-jornada-da-sustentabilidade\/wp-content\/uploads\/2022\/06\/GettyImages-1179509096.jpg","width":2121,"height":1414,"caption":"Multi-Ethnic women business team having discussion new projects"},{"@type":"BreadcrumbList","@id":"https:\/\/patrocinados.estadao.com.br\/deloitte-jornada-da-sustentabilidade\/2022\/06\/07\/a-pandemia-e-a-nova-realidade-do-trabalho-fazem-crescer-o-burnout-entre-mulheres\/#breadcrumb","itemListElement":[{"@type":"ListItem","position":1,"name":"In\u00edcio","item":"https:\/\/patrocinados.estadao.com.br\/deloitte-jornada-da-sustentabilidade\/"},{"@type":"ListItem","position":2,"name":"A pandemia e a nova realidade do trabalho fazem crescer o burnout entre mulheres"}]},{"@type":"WebSite","@id":"https:\/\/patrocinados.estadao.com.br\/deloitte-jornada-da-sustentabilidade\/#website","url":"https:\/\/patrocinados.estadao.com.br\/deloitte-jornada-da-sustentabilidade\/","name":"Jornada da Sustentabilidade, oferecido por Deloitte","description":"Solu\u00e7\u00f5es de governan\u00e7a corporativa para seus desafios de neg\u00f3cios","potentialAction":[{"@type":"SearchAction","target":{"@type":"EntryPoint","urlTemplate":"https:\/\/patrocinados.estadao.com.br\/deloitte-jornada-da-sustentabilidade\/?s={search_term_string}"},"query-input":{"@type":"PropertyValueSpecification","valueRequired":true,"valueName":"search_term_string"}}],"inLanguage":"pt-BR"},{"@type":"Person","@id":"https:\/\/patrocinados.estadao.com.br\/deloitte-jornada-da-sustentabilidade\/#\/schema\/person\/60071a239fb5b5bc3d3d88cb8f6170a6","name":"blue_studio","image":{"@type":"ImageObject","inLanguage":"pt-BR","@id":"https:\/\/patrocinados.estadao.com.br\/deloitte-jornada-da-sustentabilidade\/#\/schema\/person\/image\/","url":"https:\/\/secure.gravatar.com\/avatar\/193f77a26bfc1ca843b87f20fda6efd0c212628ecc58a5c9f31ba0b89d013b17?s=96&d=mm&r=g","contentUrl":"https:\/\/secure.gravatar.com\/avatar\/193f77a26bfc1ca843b87f20fda6efd0c212628ecc58a5c9f31ba0b89d013b17?s=96&d=mm&r=g","caption":"blue_studio"},"url":"https:\/\/patrocinados.estadao.com.br\/deloitte-jornada-da-sustentabilidade\/author\/blue_studio\/"}]}},"_links":{"self":[{"href":"https:\/\/patrocinados.estadao.com.br\/deloitte-jornada-da-sustentabilidade\/wp-json\/wp\/v2\/posts\/2342","targetHints":{"allow":["GET"]}}],"collection":[{"href":"https:\/\/patrocinados.estadao.com.br\/deloitte-jornada-da-sustentabilidade\/wp-json\/wp\/v2\/posts"}],"about":[{"href":"https:\/\/patrocinados.estadao.com.br\/deloitte-jornada-da-sustentabilidade\/wp-json\/wp\/v2\/types\/post"}],"author":[{"embeddable":true,"href":"https:\/\/patrocinados.estadao.com.br\/deloitte-jornada-da-sustentabilidade\/wp-json\/wp\/v2\/users\/8"}],"replies":[{"embeddable":true,"href":"https:\/\/patrocinados.estadao.com.br\/deloitte-jornada-da-sustentabilidade\/wp-json\/wp\/v2\/comments?post=2342"}],"version-history":[{"count":2,"href":"https:\/\/patrocinados.estadao.com.br\/deloitte-jornada-da-sustentabilidade\/wp-json\/wp\/v2\/posts\/2342\/revisions"}],"predecessor-version":[{"id":2345,"href":"https:\/\/patrocinados.estadao.com.br\/deloitte-jornada-da-sustentabilidade\/wp-json\/wp\/v2\/posts\/2342\/revisions\/2345"}],"wp:featuredmedia":[{"embeddable":true,"href":"https:\/\/patrocinados.estadao.com.br\/deloitte-jornada-da-sustentabilidade\/wp-json\/wp\/v2\/media\/2343"}],"wp:attachment":[{"href":"https:\/\/patrocinados.estadao.com.br\/deloitte-jornada-da-sustentabilidade\/wp-json\/wp\/v2\/media?parent=2342"}],"wp:term":[{"taxonomy":"category","embeddable":true,"href":"https:\/\/patrocinados.estadao.com.br\/deloitte-jornada-da-sustentabilidade\/wp-json\/wp\/v2\/categories?post=2342"},{"taxonomy":"post_tag","embeddable":true,"href":"https:\/\/patrocinados.estadao.com.br\/deloitte-jornada-da-sustentabilidade\/wp-json\/wp\/v2\/tags?post=2342"}],"curies":[{"name":"wp","href":"https:\/\/api.w.org\/{rel}","templated":true}]}}