{"id":2323,"date":"2022-04-27T08:48:35","date_gmt":"2022-04-27T11:48:35","guid":{"rendered":"https:\/\/patrocinados.estadao.com.br\/deloitte-esg\/?p=2323"},"modified":"2022-04-27T08:48:35","modified_gmt":"2022-04-27T11:48:35","slug":"e-hora-de-repensar-a-controladoria","status":"publish","type":"post","link":"https:\/\/patrocinados.estadao.com.br\/deloitte-jornada-da-sustentabilidade\/2022\/04\/27\/e-hora-de-repensar-a-controladoria\/","title":{"rendered":"\u00c9 hora de repensar a controladoria"},"content":{"rendered":"<p>Poucos eventos na hist\u00f3ria recente desafiaram a \u00e1rea de controladoria na mesma propor\u00e7\u00e3o que a pandemia \u2013 as circunst\u00e2ncias testaram os controllers com o objetivo de entregar valor \u00e0s suas organiza\u00e7\u00f5es em meio \u00e0s incertezas e transforma\u00e7\u00f5es financeiras significativas.<\/p>\n<p>A ruptura trouxe muitos desafios, mas tamb\u00e9m ofereceu uma oportunidade \u00fanica para que controllers estrat\u00e9gicos e l\u00edderes financeiros examinassem as li\u00e7\u00f5es aprendidas com a experi\u00eancia de uma r\u00e1pida transforma\u00e7\u00e3o em curso e repensassem o funcionamento de muitos aspectos, para que fosse poss\u00edvel elevar a import\u00e2ncia da controladoria e entregar mais valor em um mundo p\u00f3s-pand\u00eamico.<\/p>\n<p>Agora \u00e9 um \u00f3timo momento para repensar a opera\u00e7\u00e3o de controladoria \u2013 ao refletir sobre a evolu\u00e7\u00e3o da fun\u00e7\u00e3o em quest\u00e3o, provocada pela disruptura e pelas li\u00e7\u00f5es aprendidas ao longo da pandemia, os controllers puderam delinear uma nova estrat\u00e9gia em torno de insights importantes, decidindo o que eliminar, o que come\u00e7ar e o que acelerar para atualizar e reposicionar a controladoria para o futuro.<\/p>\n<p><strong>Li\u00e7\u00f5es aprendidas<\/strong><\/p>\n<p>No in\u00edcio da pandemia, a controladoria teve de evoluir \u00e0 medida que priorizou recursos e ajustou opera\u00e7\u00f5es a fim de manter a fun\u00e7\u00e3o em um ambiente em r\u00e1pida evolu\u00e7\u00e3o e com muitas vari\u00e1veis desconhecidas. Embora estiv\u00e9ssemos lidando com opera\u00e7\u00f5es di\u00e1rias, muitas vezes n\u00e3o era poss\u00edvel enxergar al\u00e9m da videoconfer\u00eancia \u2013 quase dois anos depois, abre-se espa\u00e7o para averiguar poss\u00edveis li\u00e7\u00f5es aprendidas dessa experi\u00eancia e que podem ser valiosas para a atualiza\u00e7\u00e3o da fun\u00e7\u00e3o de controladoria.<\/p>\n<p><strong>Construindo uma forma diferente de trabalhar<\/strong><\/p>\n<p>O isolamento social e a transi\u00e7\u00e3o da colabora\u00e7\u00e3o presencial para ambientes de trabalho virtuais mudaram a forma como as organiza\u00e7\u00f5es atuam e conduzem seus neg\u00f3cios. A mudan\u00e7a repentina ensinou mais do que utilizar aplicativos de videoconfer\u00eancia. Foi poss\u00edvel aprender que a inova\u00e7\u00e3o e as novas tecnologias possibilitam a colabora\u00e7\u00e3o e um processo de trabalho remoto efetivo.<\/p>\n<p>A tecnologia permitiu que organiza\u00e7\u00f5es trabalhassem de forma diferente, mas tamb\u00e9m revelou que a inova\u00e7\u00e3o possibilita que as atividades sejam realizadas em ambientes diversos. Em meio a toda essa disruptura, ainda foi poss\u00edvel continuar com as principais atividades de transforma\u00e7\u00e3o e com iniciativas estrat\u00e9gicas mais amplas. Talvez, a principal li\u00e7\u00e3o que se possa extrair em fazer o trabalho de forma diferente \u00e9 que ainda \u00e9 poss\u00edvel trabalhar em muitos ambientes com inova\u00e7\u00e3o, sem perder o foco no panorama geral.<\/p>\n<p><strong><br \/>\nO que foi aprendido com adapta\u00e7\u00e3o e mudan\u00e7a<\/strong><\/p>\n<p>Durante esse per\u00edodo de mudan\u00e7as e disrupturas significativas, o neg\u00f3cio e a forma de trabalhar n\u00e3o foram os \u00fanicos aspectos que mudaram; a for\u00e7a de trabalho tamb\u00e9m passou por uma transforma\u00e7\u00e3o desafiadora, destacando importantes li\u00e7\u00f5es aprendidas nesse per\u00edodo.<\/p>\n<p>\u00c0 medida que as equipes se adaptavam ao ambiente de trabalho remoto, a rela\u00e7\u00e3o entre casa e trabalho ficou confusa e, embora o encontro entre o universo pessoal e profissional possa ter passado por ajustes, destaca-se a import\u00e2ncia do lado humano no trabalho, incluindo o bem-estar dos membros da equipe, o equil\u00edbrio entre ambos os universos, a empatia, a diversidade e a inclus\u00e3o. Com a proximidade f\u00edsica limitada, a colabora\u00e7\u00e3o e a comunica\u00e7\u00e3o tornaram-se ainda mais importantes para que as equipes permanecessem resilientes.<\/p>\n<p><strong><br \/>\nAl\u00e9m dos n\u00fameros<\/strong><\/p>\n<p>A pandemia trouxe consigo um ambiente global imprevis\u00edvel e um futuro incerto, o que diminuiu o valor de relat\u00f3rios financeiros que exp\u00f5em informa\u00e7\u00f5es hist\u00f3ricas e aumentou a necessidade de relat\u00f3rios em tempo real, incluindo an\u00e1lise de dados e previs\u00e3o preditiva. Ao encontrar novas maneiras de levantar os dados desejados e novos modelos de forecast (ou previs\u00e3o de custos, em portugu\u00eas), a \u00e1rea de controladoria p\u00f4de gerenciar diversas vis\u00f5es e cen\u00e1rios plaus\u00edveis a fim de permanecer \u00e1gil e resiliente em meio a um futuro imprevis\u00edvel.<\/p>\n<p>Aperfei\u00e7oar os dados e o valor das informa\u00e7\u00f5es para direcionar decis\u00f5es mais eficazes em diversos cen\u00e1rios tamb\u00e9m significou ir al\u00e9m das informa\u00e7\u00f5es contidas no Livro Raz\u00e3o (livro cont\u00e1bil que tem a finalidade de demonstrar a movimenta\u00e7\u00e3o anal\u00edtica das contas cont\u00e1beis escrituradas no Livro Di\u00e1rio de forma individualizada) para insights mais significativos, com dados selecionados de fontes complementares.<\/p>\n<p><strong>Insights t\u00e1ticos para repensar a controladoria<\/strong><\/p>\n<p>Com as li\u00e7\u00f5es aprendidas durante a pandemia, as organiza\u00e7\u00f5es puderam redefinir as prioridades de suas atividades \u2013 decidindo o que eliminar, o que come\u00e7ar, o que automatizar e o que ampliar \u2013 para otimizar a fun\u00e7\u00e3o de controladoria. Por exemplo, uma organiza\u00e7\u00e3o decidiu manter a tecnologia previamente adotada para gerenciar o processo de fechamento virtual, mas eventualmente automatizou totalmente a gest\u00e3o do processo de fechamento e integrou um programa moderno de riscos e controles. Outro exemplo \u00e9 uma organiza\u00e7\u00e3o que est\u00e1 desenvolvendo maneiras para melhorar os dados e insights a fim de criar modelos de informa\u00e7\u00f5es mais eficientes, focando o planejamento de cen\u00e1rios.<\/p>\n<p>Abaixo est\u00e3o alguns exemplos sobre o que uma organiza\u00e7\u00e3o pode querer iniciar, automatizar, amplificar ou eliminar em uma renova\u00e7\u00e3o da controladoria:<\/p>\n<p><strong>\u00a0<\/strong><strong>Iniciar<\/strong><\/p>\n<ul>\n<li>Desenvolvimento de profissionais a partir de habilidades sob demanda, como visualiza\u00e7\u00e3o de dados e storytelling (narrativa, em portugu\u00eas), ci\u00eancia e an\u00e1lise de dados, parceria de neg\u00f3cios e gerenciamento de intelig\u00eancia artificial (IA);<\/li>\n<li>Novas atividades para atender \u00e0s necessidades em constante mudan\u00e7a, como planejamento de cen\u00e1rios, fluxo de caixa em tempo real, e an\u00e1lise e previs\u00e3o de capital de giro;<\/li>\n<li>Uma estrutura organizacional mais flex\u00edvel, removendo barreiras na \u00e1rea de finan\u00e7as.<\/li>\n<\/ul>\n<p><strong>Automatizar<\/strong><\/p>\n<ul>\n<li>Processos transacionais manuais usando automa\u00e7\u00e3o inteligente;<\/li>\n<li>Gerenciamento de processo de fechamento;<\/li>\n<li>Programa moderno de riscos e controles.<\/li>\n<\/ul>\n<p><strong>\u00a0<\/strong><strong>Amplificar<\/strong><\/p>\n<ul>\n<li>Ferramentas de colabora\u00e7\u00e3o e relat\u00f3rios adotados durante a pandemia;<\/li>\n<li>Foco no profissional, engajando-o e promovendo a forma\u00e7\u00e3o de equipes;<\/li>\n<li>Diversidade e inclus\u00e3o.<\/li>\n<\/ul>\n<p><strong>Eliminar<\/strong><\/p>\n<ul>\n<li>Algumas atividades de baixa utilidade e de trabalho intensivo, substituindo-as por solu\u00e7\u00f5es rob\u00f3ticas;<\/li>\n<li>Atividades com base em limites de materialidade, racionalizando-as para um conjunto menor de relat\u00f3rios-chave.<\/li>\n<\/ul>\n<p>Embora a disruptura tenha introduzido desafios, tamb\u00e9m ofereceu uma oportunidade para os l\u00edderes repensarem e reposicionarem sua forma de opera\u00e7\u00e3o \u2013 \u00e9 uma oportunidade para considerar maneiras de promover o valor estrat\u00e9gico da controladoria.<\/p>\n<p><em>\u2014 por <\/em><a href=\"https:\/\/www2.deloitte.com\/us\/en\/profiles\/dcutbill.html\" target=\"_blank\" rel=\"noopener\"><em>David Cutbill<\/em><\/a><em>, diretor do Centro de Controladoria da Deloitte<\/em><\/p>\n<p><a href=\"https:\/\/deloitte.wsj.com\/articles\/its-time-for-a-controllership-reboot-01633371478\" target=\"_blank\" rel=\"noopener\">Clique e acesse o conte\u00fado completo<\/a><\/p>\n<p>&nbsp;<\/p>\n<p>&nbsp;<\/p>\n","protected":false},"excerpt":{"rendered":"<p>Poucos eventos na hist\u00f3ria recente desafiaram a \u00e1rea de controladoria na mesma propor\u00e7\u00e3o que a pandemia \u2013 as circunst\u00e2ncias testaram os controllers com o objetivo de entregar valor \u00e0s suas organiza\u00e7\u00f5es em meio \u00e0s incertezas e transforma\u00e7\u00f5es financeiras significativas. A ruptura trouxe muitos desafios, mas tamb\u00e9m ofereceu uma oportunidade \u00fanica para que controllers estrat\u00e9gicos e [&hellip;]<\/p>\n","protected":false},"author":8,"featured_media":2324,"comment_status":"open","ping_status":"closed","sticky":false,"template":"","format":"standard","meta":{"_acf_changed":false,"footnotes":""},"categories":[41],"tags":[51,7,8,9,13,21],"class_list":["post-2323","post","type-post","status-publish","format-standard","has-post-thumbnail","hentry","category-conteudo","tag-controladoria","tag-covid-19","tag-deloitte","tag-esg","tag-governanca","tag-pandemia"],"acf":[],"yoast_head":"<!-- This site is optimized with the Yoast SEO plugin v27.1.1 - https:\/\/yoast.com\/product\/yoast-seo-wordpress\/ -->\n<title>\u00c9 hora de repensar a controladoria - Jornada da Sustentabilidade, oferecido por Deloitte<\/title>\n<meta name=\"robots\" content=\"index, follow, max-snippet:-1, max-image-preview:large, max-video-preview:-1\" \/>\n<link rel=\"canonical\" href=\"https:\/\/patrocinados.estadao.com.br\/deloitte-jornada-da-sustentabilidade\/2022\/04\/27\/e-hora-de-repensar-a-controladoria\/\" \/>\n<meta property=\"og:locale\" content=\"pt_BR\" \/>\n<meta property=\"og:type\" content=\"article\" \/>\n<meta property=\"og:title\" content=\"\u00c9 hora de repensar a controladoria - Jornada da Sustentabilidade, oferecido por Deloitte\" \/>\n<meta property=\"og:description\" content=\"Poucos eventos na hist\u00f3ria recente desafiaram a \u00e1rea de controladoria na mesma propor\u00e7\u00e3o que a pandemia \u2013 as circunst\u00e2ncias testaram os controllers com o objetivo de entregar valor \u00e0s suas organiza\u00e7\u00f5es em meio \u00e0s incertezas e transforma\u00e7\u00f5es financeiras significativas. A ruptura trouxe muitos desafios, mas tamb\u00e9m ofereceu uma oportunidade \u00fanica para que controllers estrat\u00e9gicos e [&hellip;]\" \/>\n<meta property=\"og:url\" content=\"https:\/\/patrocinados.estadao.com.br\/deloitte-jornada-da-sustentabilidade\/2022\/04\/27\/e-hora-de-repensar-a-controladoria\/\" \/>\n<meta property=\"og:site_name\" content=\"Jornada da Sustentabilidade, oferecido por Deloitte\" \/>\n<meta property=\"article:published_time\" content=\"2022-04-27T11:48:35+00:00\" \/>\n<meta property=\"og:image\" content=\"https:\/\/patrocinados.estadao.com.br\/deloitte-jornada-da-sustentabilidade\/wp-content\/uploads\/2022\/04\/Home_estadao.jpg\" \/>\n\t<meta property=\"og:image:width\" content=\"760\" \/>\n\t<meta property=\"og:image:height\" content=\"428\" \/>\n\t<meta property=\"og:image:type\" content=\"image\/jpeg\" \/>\n<meta name=\"author\" content=\"blue_studio\" \/>\n<meta name=\"twitter:card\" content=\"summary_large_image\" \/>\n<meta name=\"twitter:label1\" content=\"Escrito por\" \/>\n\t<meta name=\"twitter:data1\" content=\"blue_studio\" \/>\n\t<meta name=\"twitter:label2\" content=\"Est. tempo de leitura\" \/>\n\t<meta name=\"twitter:data2\" content=\"6 minutos\" \/>\n<script type=\"application\/ld+json\" class=\"yoast-schema-graph\">{\"@context\":\"https:\/\/schema.org\",\"@graph\":[{\"@type\":\"Article\",\"@id\":\"https:\/\/patrocinados.estadao.com.br\/deloitte-jornada-da-sustentabilidade\/2022\/04\/27\/e-hora-de-repensar-a-controladoria\/#article\",\"isPartOf\":{\"@id\":\"https:\/\/patrocinados.estadao.com.br\/deloitte-jornada-da-sustentabilidade\/2022\/04\/27\/e-hora-de-repensar-a-controladoria\/\"},\"author\":{\"name\":\"blue_studio\",\"@id\":\"https:\/\/patrocinados.estadao.com.br\/deloitte-jornada-da-sustentabilidade\/#\/schema\/person\/60071a239fb5b5bc3d3d88cb8f6170a6\"},\"headline\":\"\u00c9 hora de repensar a controladoria\",\"datePublished\":\"2022-04-27T11:48:35+00:00\",\"mainEntityOfPage\":{\"@id\":\"https:\/\/patrocinados.estadao.com.br\/deloitte-jornada-da-sustentabilidade\/2022\/04\/27\/e-hora-de-repensar-a-controladoria\/\"},\"wordCount\":1110,\"commentCount\":0,\"image\":{\"@id\":\"https:\/\/patrocinados.estadao.com.br\/deloitte-jornada-da-sustentabilidade\/2022\/04\/27\/e-hora-de-repensar-a-controladoria\/#primaryimage\"},\"thumbnailUrl\":\"https:\/\/patrocinados.estadao.com.br\/deloitte-jornada-da-sustentabilidade\/wp-content\/uploads\/2022\/04\/Home_estadao.jpg\",\"keywords\":[\"Controladoria\",\"covid-19\",\"Deloitte\",\"ESG\",\"governan\u00e7a\",\"pandemia\"],\"articleSection\":[\"Conte\u00fado\"],\"inLanguage\":\"pt-BR\",\"potentialAction\":[{\"@type\":\"CommentAction\",\"name\":\"Comment\",\"target\":[\"https:\/\/patrocinados.estadao.com.br\/deloitte-jornada-da-sustentabilidade\/2022\/04\/27\/e-hora-de-repensar-a-controladoria\/#respond\"]}]},{\"@type\":\"WebPage\",\"@id\":\"https:\/\/patrocinados.estadao.com.br\/deloitte-jornada-da-sustentabilidade\/2022\/04\/27\/e-hora-de-repensar-a-controladoria\/\",\"url\":\"https:\/\/patrocinados.estadao.com.br\/deloitte-jornada-da-sustentabilidade\/2022\/04\/27\/e-hora-de-repensar-a-controladoria\/\",\"name\":\"\u00c9 hora de repensar a controladoria - Jornada da Sustentabilidade, oferecido por Deloitte\",\"isPartOf\":{\"@id\":\"https:\/\/patrocinados.estadao.com.br\/deloitte-jornada-da-sustentabilidade\/#website\"},\"primaryImageOfPage\":{\"@id\":\"https:\/\/patrocinados.estadao.com.br\/deloitte-jornada-da-sustentabilidade\/2022\/04\/27\/e-hora-de-repensar-a-controladoria\/#primaryimage\"},\"image\":{\"@id\":\"https:\/\/patrocinados.estadao.com.br\/deloitte-jornada-da-sustentabilidade\/2022\/04\/27\/e-hora-de-repensar-a-controladoria\/#primaryimage\"},\"thumbnailUrl\":\"https:\/\/patrocinados.estadao.com.br\/deloitte-jornada-da-sustentabilidade\/wp-content\/uploads\/2022\/04\/Home_estadao.jpg\",\"datePublished\":\"2022-04-27T11:48:35+00:00\",\"author\":{\"@id\":\"https:\/\/patrocinados.estadao.com.br\/deloitte-jornada-da-sustentabilidade\/#\/schema\/person\/60071a239fb5b5bc3d3d88cb8f6170a6\"},\"breadcrumb\":{\"@id\":\"https:\/\/patrocinados.estadao.com.br\/deloitte-jornada-da-sustentabilidade\/2022\/04\/27\/e-hora-de-repensar-a-controladoria\/#breadcrumb\"},\"inLanguage\":\"pt-BR\",\"potentialAction\":[{\"@type\":\"ReadAction\",\"target\":[\"https:\/\/patrocinados.estadao.com.br\/deloitte-jornada-da-sustentabilidade\/2022\/04\/27\/e-hora-de-repensar-a-controladoria\/\"]}]},{\"@type\":\"ImageObject\",\"inLanguage\":\"pt-BR\",\"@id\":\"https:\/\/patrocinados.estadao.com.br\/deloitte-jornada-da-sustentabilidade\/2022\/04\/27\/e-hora-de-repensar-a-controladoria\/#primaryimage\",\"url\":\"https:\/\/patrocinados.estadao.com.br\/deloitte-jornada-da-sustentabilidade\/wp-content\/uploads\/2022\/04\/Home_estadao.jpg\",\"contentUrl\":\"https:\/\/patrocinados.estadao.com.br\/deloitte-jornada-da-sustentabilidade\/wp-content\/uploads\/2022\/04\/Home_estadao.jpg\",\"width\":760,\"height\":428,\"caption\":\"1170471201\"},{\"@type\":\"BreadcrumbList\",\"@id\":\"https:\/\/patrocinados.estadao.com.br\/deloitte-jornada-da-sustentabilidade\/2022\/04\/27\/e-hora-de-repensar-a-controladoria\/#breadcrumb\",\"itemListElement\":[{\"@type\":\"ListItem\",\"position\":1,\"name\":\"In\u00edcio\",\"item\":\"https:\/\/patrocinados.estadao.com.br\/deloitte-jornada-da-sustentabilidade\/\"},{\"@type\":\"ListItem\",\"position\":2,\"name\":\"\u00c9 hora de repensar a controladoria\"}]},{\"@type\":\"WebSite\",\"@id\":\"https:\/\/patrocinados.estadao.com.br\/deloitte-jornada-da-sustentabilidade\/#website\",\"url\":\"https:\/\/patrocinados.estadao.com.br\/deloitte-jornada-da-sustentabilidade\/\",\"name\":\"Jornada da Sustentabilidade, oferecido por Deloitte\",\"description\":\"Solu\u00e7\u00f5es de governan\u00e7a corporativa para seus desafios de neg\u00f3cios\",\"potentialAction\":[{\"@type\":\"SearchAction\",\"target\":{\"@type\":\"EntryPoint\",\"urlTemplate\":\"https:\/\/patrocinados.estadao.com.br\/deloitte-jornada-da-sustentabilidade\/?s={search_term_string}\"},\"query-input\":{\"@type\":\"PropertyValueSpecification\",\"valueRequired\":true,\"valueName\":\"search_term_string\"}}],\"inLanguage\":\"pt-BR\"},{\"@type\":\"Person\",\"@id\":\"https:\/\/patrocinados.estadao.com.br\/deloitte-jornada-da-sustentabilidade\/#\/schema\/person\/60071a239fb5b5bc3d3d88cb8f6170a6\",\"name\":\"blue_studio\",\"image\":{\"@type\":\"ImageObject\",\"inLanguage\":\"pt-BR\",\"@id\":\"https:\/\/patrocinados.estadao.com.br\/deloitte-jornada-da-sustentabilidade\/#\/schema\/person\/image\/\",\"url\":\"https:\/\/secure.gravatar.com\/avatar\/193f77a26bfc1ca843b87f20fda6efd0c212628ecc58a5c9f31ba0b89d013b17?s=96&d=mm&r=g\",\"contentUrl\":\"https:\/\/secure.gravatar.com\/avatar\/193f77a26bfc1ca843b87f20fda6efd0c212628ecc58a5c9f31ba0b89d013b17?s=96&d=mm&r=g\",\"caption\":\"blue_studio\"},\"url\":\"https:\/\/patrocinados.estadao.com.br\/deloitte-jornada-da-sustentabilidade\/author\/blue_studio\/\"}]}<\/script>\n<!-- \/ Yoast SEO plugin. -->","yoast_head_json":{"title":"\u00c9 hora de repensar a controladoria - Jornada da Sustentabilidade, oferecido por Deloitte","robots":{"index":"index","follow":"follow","max-snippet":"max-snippet:-1","max-image-preview":"max-image-preview:large","max-video-preview":"max-video-preview:-1"},"canonical":"https:\/\/patrocinados.estadao.com.br\/deloitte-jornada-da-sustentabilidade\/2022\/04\/27\/e-hora-de-repensar-a-controladoria\/","og_locale":"pt_BR","og_type":"article","og_title":"\u00c9 hora de repensar a controladoria - Jornada da Sustentabilidade, oferecido por Deloitte","og_description":"Poucos eventos na hist\u00f3ria recente desafiaram a \u00e1rea de controladoria na mesma propor\u00e7\u00e3o que a pandemia \u2013 as circunst\u00e2ncias testaram os controllers com o objetivo de entregar valor \u00e0s suas organiza\u00e7\u00f5es em meio \u00e0s incertezas e transforma\u00e7\u00f5es financeiras significativas. A ruptura trouxe muitos desafios, mas tamb\u00e9m ofereceu uma oportunidade \u00fanica para que controllers estrat\u00e9gicos e [&hellip;]","og_url":"https:\/\/patrocinados.estadao.com.br\/deloitte-jornada-da-sustentabilidade\/2022\/04\/27\/e-hora-de-repensar-a-controladoria\/","og_site_name":"Jornada da Sustentabilidade, oferecido por Deloitte","article_published_time":"2022-04-27T11:48:35+00:00","og_image":[{"width":760,"height":428,"url":"https:\/\/patrocinados.estadao.com.br\/deloitte-jornada-da-sustentabilidade\/wp-content\/uploads\/2022\/04\/Home_estadao.jpg","type":"image\/jpeg"}],"author":"blue_studio","twitter_card":"summary_large_image","twitter_misc":{"Escrito por":"blue_studio","Est. tempo de leitura":"6 minutos"},"schema":{"@context":"https:\/\/schema.org","@graph":[{"@type":"Article","@id":"https:\/\/patrocinados.estadao.com.br\/deloitte-jornada-da-sustentabilidade\/2022\/04\/27\/e-hora-de-repensar-a-controladoria\/#article","isPartOf":{"@id":"https:\/\/patrocinados.estadao.com.br\/deloitte-jornada-da-sustentabilidade\/2022\/04\/27\/e-hora-de-repensar-a-controladoria\/"},"author":{"name":"blue_studio","@id":"https:\/\/patrocinados.estadao.com.br\/deloitte-jornada-da-sustentabilidade\/#\/schema\/person\/60071a239fb5b5bc3d3d88cb8f6170a6"},"headline":"\u00c9 hora de repensar a controladoria","datePublished":"2022-04-27T11:48:35+00:00","mainEntityOfPage":{"@id":"https:\/\/patrocinados.estadao.com.br\/deloitte-jornada-da-sustentabilidade\/2022\/04\/27\/e-hora-de-repensar-a-controladoria\/"},"wordCount":1110,"commentCount":0,"image":{"@id":"https:\/\/patrocinados.estadao.com.br\/deloitte-jornada-da-sustentabilidade\/2022\/04\/27\/e-hora-de-repensar-a-controladoria\/#primaryimage"},"thumbnailUrl":"https:\/\/patrocinados.estadao.com.br\/deloitte-jornada-da-sustentabilidade\/wp-content\/uploads\/2022\/04\/Home_estadao.jpg","keywords":["Controladoria","covid-19","Deloitte","ESG","governan\u00e7a","pandemia"],"articleSection":["Conte\u00fado"],"inLanguage":"pt-BR","potentialAction":[{"@type":"CommentAction","name":"Comment","target":["https:\/\/patrocinados.estadao.com.br\/deloitte-jornada-da-sustentabilidade\/2022\/04\/27\/e-hora-de-repensar-a-controladoria\/#respond"]}]},{"@type":"WebPage","@id":"https:\/\/patrocinados.estadao.com.br\/deloitte-jornada-da-sustentabilidade\/2022\/04\/27\/e-hora-de-repensar-a-controladoria\/","url":"https:\/\/patrocinados.estadao.com.br\/deloitte-jornada-da-sustentabilidade\/2022\/04\/27\/e-hora-de-repensar-a-controladoria\/","name":"\u00c9 hora de repensar a controladoria - Jornada da Sustentabilidade, oferecido por Deloitte","isPartOf":{"@id":"https:\/\/patrocinados.estadao.com.br\/deloitte-jornada-da-sustentabilidade\/#website"},"primaryImageOfPage":{"@id":"https:\/\/patrocinados.estadao.com.br\/deloitte-jornada-da-sustentabilidade\/2022\/04\/27\/e-hora-de-repensar-a-controladoria\/#primaryimage"},"image":{"@id":"https:\/\/patrocinados.estadao.com.br\/deloitte-jornada-da-sustentabilidade\/2022\/04\/27\/e-hora-de-repensar-a-controladoria\/#primaryimage"},"thumbnailUrl":"https:\/\/patrocinados.estadao.com.br\/deloitte-jornada-da-sustentabilidade\/wp-content\/uploads\/2022\/04\/Home_estadao.jpg","datePublished":"2022-04-27T11:48:35+00:00","author":{"@id":"https:\/\/patrocinados.estadao.com.br\/deloitte-jornada-da-sustentabilidade\/#\/schema\/person\/60071a239fb5b5bc3d3d88cb8f6170a6"},"breadcrumb":{"@id":"https:\/\/patrocinados.estadao.com.br\/deloitte-jornada-da-sustentabilidade\/2022\/04\/27\/e-hora-de-repensar-a-controladoria\/#breadcrumb"},"inLanguage":"pt-BR","potentialAction":[{"@type":"ReadAction","target":["https:\/\/patrocinados.estadao.com.br\/deloitte-jornada-da-sustentabilidade\/2022\/04\/27\/e-hora-de-repensar-a-controladoria\/"]}]},{"@type":"ImageObject","inLanguage":"pt-BR","@id":"https:\/\/patrocinados.estadao.com.br\/deloitte-jornada-da-sustentabilidade\/2022\/04\/27\/e-hora-de-repensar-a-controladoria\/#primaryimage","url":"https:\/\/patrocinados.estadao.com.br\/deloitte-jornada-da-sustentabilidade\/wp-content\/uploads\/2022\/04\/Home_estadao.jpg","contentUrl":"https:\/\/patrocinados.estadao.com.br\/deloitte-jornada-da-sustentabilidade\/wp-content\/uploads\/2022\/04\/Home_estadao.jpg","width":760,"height":428,"caption":"1170471201"},{"@type":"BreadcrumbList","@id":"https:\/\/patrocinados.estadao.com.br\/deloitte-jornada-da-sustentabilidade\/2022\/04\/27\/e-hora-de-repensar-a-controladoria\/#breadcrumb","itemListElement":[{"@type":"ListItem","position":1,"name":"In\u00edcio","item":"https:\/\/patrocinados.estadao.com.br\/deloitte-jornada-da-sustentabilidade\/"},{"@type":"ListItem","position":2,"name":"\u00c9 hora de repensar a controladoria"}]},{"@type":"WebSite","@id":"https:\/\/patrocinados.estadao.com.br\/deloitte-jornada-da-sustentabilidade\/#website","url":"https:\/\/patrocinados.estadao.com.br\/deloitte-jornada-da-sustentabilidade\/","name":"Jornada da Sustentabilidade, oferecido por Deloitte","description":"Solu\u00e7\u00f5es de governan\u00e7a corporativa para seus desafios de neg\u00f3cios","potentialAction":[{"@type":"SearchAction","target":{"@type":"EntryPoint","urlTemplate":"https:\/\/patrocinados.estadao.com.br\/deloitte-jornada-da-sustentabilidade\/?s={search_term_string}"},"query-input":{"@type":"PropertyValueSpecification","valueRequired":true,"valueName":"search_term_string"}}],"inLanguage":"pt-BR"},{"@type":"Person","@id":"https:\/\/patrocinados.estadao.com.br\/deloitte-jornada-da-sustentabilidade\/#\/schema\/person\/60071a239fb5b5bc3d3d88cb8f6170a6","name":"blue_studio","image":{"@type":"ImageObject","inLanguage":"pt-BR","@id":"https:\/\/patrocinados.estadao.com.br\/deloitte-jornada-da-sustentabilidade\/#\/schema\/person\/image\/","url":"https:\/\/secure.gravatar.com\/avatar\/193f77a26bfc1ca843b87f20fda6efd0c212628ecc58a5c9f31ba0b89d013b17?s=96&d=mm&r=g","contentUrl":"https:\/\/secure.gravatar.com\/avatar\/193f77a26bfc1ca843b87f20fda6efd0c212628ecc58a5c9f31ba0b89d013b17?s=96&d=mm&r=g","caption":"blue_studio"},"url":"https:\/\/patrocinados.estadao.com.br\/deloitte-jornada-da-sustentabilidade\/author\/blue_studio\/"}]}},"_links":{"self":[{"href":"https:\/\/patrocinados.estadao.com.br\/deloitte-jornada-da-sustentabilidade\/wp-json\/wp\/v2\/posts\/2323","targetHints":{"allow":["GET"]}}],"collection":[{"href":"https:\/\/patrocinados.estadao.com.br\/deloitte-jornada-da-sustentabilidade\/wp-json\/wp\/v2\/posts"}],"about":[{"href":"https:\/\/patrocinados.estadao.com.br\/deloitte-jornada-da-sustentabilidade\/wp-json\/wp\/v2\/types\/post"}],"author":[{"embeddable":true,"href":"https:\/\/patrocinados.estadao.com.br\/deloitte-jornada-da-sustentabilidade\/wp-json\/wp\/v2\/users\/8"}],"replies":[{"embeddable":true,"href":"https:\/\/patrocinados.estadao.com.br\/deloitte-jornada-da-sustentabilidade\/wp-json\/wp\/v2\/comments?post=2323"}],"version-history":[{"count":4,"href":"https:\/\/patrocinados.estadao.com.br\/deloitte-jornada-da-sustentabilidade\/wp-json\/wp\/v2\/posts\/2323\/revisions"}],"predecessor-version":[{"id":2328,"href":"https:\/\/patrocinados.estadao.com.br\/deloitte-jornada-da-sustentabilidade\/wp-json\/wp\/v2\/posts\/2323\/revisions\/2328"}],"wp:featuredmedia":[{"embeddable":true,"href":"https:\/\/patrocinados.estadao.com.br\/deloitte-jornada-da-sustentabilidade\/wp-json\/wp\/v2\/media\/2324"}],"wp:attachment":[{"href":"https:\/\/patrocinados.estadao.com.br\/deloitte-jornada-da-sustentabilidade\/wp-json\/wp\/v2\/media?parent=2323"}],"wp:term":[{"taxonomy":"category","embeddable":true,"href":"https:\/\/patrocinados.estadao.com.br\/deloitte-jornada-da-sustentabilidade\/wp-json\/wp\/v2\/categories?post=2323"},{"taxonomy":"post_tag","embeddable":true,"href":"https:\/\/patrocinados.estadao.com.br\/deloitte-jornada-da-sustentabilidade\/wp-json\/wp\/v2\/tags?post=2323"}],"curies":[{"name":"wp","href":"https:\/\/api.w.org\/{rel}","templated":true}]}}