{"id":2297,"date":"2022-03-22T11:08:39","date_gmt":"2022-03-22T14:08:39","guid":{"rendered":"https:\/\/patrocinados.estadao.com.br\/deloitte-esg\/?p=2297"},"modified":"2022-03-22T15:18:16","modified_gmt":"2022-03-22T18:18:16","slug":"presenca-feminina-em-cargos-de-lideranca-cresce-globalmente-mas-e-necessario-acelerar-os-avancos","status":"publish","type":"post","link":"https:\/\/patrocinados.estadao.com.br\/deloitte-jornada-da-sustentabilidade\/2022\/03\/22\/presenca-feminina-em-cargos-de-lideranca-cresce-globalmente-mas-e-necessario-acelerar-os-avancos\/","title":{"rendered":"Presen\u00e7a feminina em cargos de lideran\u00e7a cresce globalmente, mas \u00e9 necess\u00e1rio acelerar os avan\u00e7os"},"content":{"rendered":"<p>Nos \u00faltimos anos, temas ligados \u00e0 diversidade, equidade e inclus\u00e3o come\u00e7aram a ocupar cada vez mais espa\u00e7o na agenda das organiza\u00e7\u00f5es. A pesquisa <a href=\"https:\/\/www2.deloitte.com\/br\/pt\/pages\/risk\/articles\/mulheres-no-conselho.html\">\u201c<strong>Women in the boardroom<\/strong>\u201d<\/a>, realizada pela Deloitte em 10.493 empresas de 51 pa\u00edses, incluindo o Brasil, revelou que as organiza\u00e7\u00f5es est\u00e3o, em geral, muito mais atentas e preocupadas em avan\u00e7ar na equidade de g\u00eanero em cargos de dire\u00e7\u00e3o. Com a ressalva de que ainda h\u00e1 muito a se fazer, \u00e9 poss\u00edvel afirmar que os avan\u00e7os recentes na equidade da presen\u00e7a de homens e mulheres em posi\u00e7\u00f5es de lideran\u00e7a j\u00e1 mostram resultados \u2013 uma tend\u00eancia que se deve consolidar.<\/p>\n<p>\u201cA conscientiza\u00e7\u00e3o que vem acontecendo nos \u00faltimos anos em rela\u00e7\u00e3o \u00e0 equidade de g\u00eanero levou a a\u00e7\u00f5es mais concretas dos governos e da iniciativa privada para vermos a participa\u00e7\u00e3o feminina aumentar nos cargos de lideran\u00e7a\u201d, afirma Venus Kennedy, s\u00f3cia da Deloitte e l\u00edder do Delas, programa de diversidade de g\u00eanero da organiza\u00e7\u00e3o no Brasil. \u201cClaro que ainda h\u00e1 um longo caminho a percorrer, por isso precisamos continuar a nos concentrar n\u00e3o apenas no resultado de uma maior diversidade de g\u00eanero nos conselhos, mas na variedade de fatores que afetam esse resultado, como os aspectos estruturais e culturais das organiza\u00e7\u00f5es e sociedades\u201d, explica a executiva.<\/p>\n<p>Um dos dados mais significativos trazidos pela edi\u00e7\u00e3o 2022 da pesquisa \u00e9 que as mulheres ficam menos tempo em seus cargos do que os homens. Segundo o estudo, em n\u00fameros globais, as executivas permanecem, em m\u00e9dia, 4,4 anos em uma cadeira de conselho, ante um tempo m\u00e9dio de 5,8 anos para os homens.<\/p>\n<p>Outro ponto importante \u00e9 a velocidade das mudan\u00e7as. Uma m\u00e9dia global de apenas 19,7% dos assentos no conselho \u00e9 ocupada por mulheres, um aumento de 2,8 pontos porcentuais desde 2018. Se essa taxa de crescimento continuar, um cen\u00e1rio pr\u00f3ximo \u00e0 paridade ocorrer\u00e1 somente por volta de 2045.<\/p>\n<p><img loading=\"lazy\" decoding=\"async\" class=\"alignnone wp-image-2306 size-full\" src=\"https:\/\/patrocinados.estadao.com.br\/deloitte-esg\/wp-content\/uploads\/2022\/03\/infografico-mulheres.png\" alt=\"\" width=\"800\" height=\"799\" srcset=\"https:\/\/patrocinados.estadao.com.br\/deloitte-jornada-da-sustentabilidade\/wp-content\/uploads\/2022\/03\/infografico-mulheres.png 800w, https:\/\/patrocinados.estadao.com.br\/deloitte-jornada-da-sustentabilidade\/wp-content\/uploads\/2022\/03\/infografico-mulheres-300x300.png 300w, https:\/\/patrocinados.estadao.com.br\/deloitte-jornada-da-sustentabilidade\/wp-content\/uploads\/2022\/03\/infografico-mulheres-150x150.png 150w, https:\/\/patrocinados.estadao.com.br\/deloitte-jornada-da-sustentabilidade\/wp-content\/uploads\/2022\/03\/infografico-mulheres-768x767.png 768w, https:\/\/patrocinados.estadao.com.br\/deloitte-jornada-da-sustentabilidade\/wp-content\/uploads\/2022\/03\/infografico-mulheres-155x155.png 155w\" sizes=\"auto, (max-width: 800px) 100vw, 800px\" \/><\/p>\n<p><strong>Perspectiva brasileira<\/strong><\/p>\n<p>De acordo com o estudo, no Brasil, as mulheres ocupam 10,4% de cargos executivos em posi\u00e7\u00f5es de lideran\u00e7a. Esse total \u00e9 significativamente menor do que o registrado na m\u00e9dia mundial, em que as mulheres ocupam 19,7% dos cargos em conselhos de administra\u00e7\u00e3o.<\/p>\n<p>Em rela\u00e7\u00e3o \u00e0 \u00faltima edi\u00e7\u00e3o da pesquisa, o porcentual brasileiro representa um crescimento de 1,8% a mais de mulheres em conselhos \u2013 o que a executiva da Deloitte classifica como \u201cencorajador\u201d, apesar de abaixo da m\u00e9dia global. \u201cO aumento de 8,6% para 10,4% de mulheres ocupando posi\u00e7\u00f5es em conselhos no Brasil \u00e9 um lembrete de que esse foco e esses esfor\u00e7os podem ter resultados tang\u00edveis\u201d, aponta Venus.<\/p>\n<p>Das 165 empresas que atuam no Brasil que participaram da pesquisa, 115 delas t\u00eam mulheres em conselhos. Por\u00e9m, quando se fala em presen\u00e7a feminina na presid\u00eancia desses conselhos, o estudo apresenta uma queda nesse \u00edndice: de 6,5% na edi\u00e7\u00e3o anterior da pesquisa para 4,4% na atual.<\/p>\n<p>Segundo o hist\u00f3rico da pesquisa, houve um aumento discreto (0,8%) de mulheres na presid\u00eancia das organiza\u00e7\u00f5es: 1,2% das empresas que atuam no Brasil contam com CEOs mulheres. Outro dado relevante detectado pela Deloitte a respeito de executivas C-level aparece na diretoria financeira (CFOs) no Brasil: 7,3% s\u00e3o mulheres ante 4% da edi\u00e7\u00e3o anterior do levantamento.<\/p>\n<p><strong>Iniciativas que fazem a diferen\u00e7a<\/strong><\/p>\n<p>De acordo com \u00c2ngela Castro, s\u00f3cia e l\u00edder da estrat\u00e9gia global de diversidade <a href=\"https:\/\/www2.deloitte.com\/br\/pt\/pages\/about-deloitte\/articles\/all-in.html\">ALL <em>IN<\/em><\/a> da Deloitte, a pr\u00f3pria organiza\u00e7\u00e3o adota pol\u00edticas inclusivas de equidade de g\u00eanero, para promover a lideran\u00e7a feminina.<\/p>\n<p>\u201c\u00c9 evidente que as mulheres ainda enfrentam barreiras para alcan\u00e7ar posi\u00e7\u00f5es de lideran\u00e7a. Mas, se combinarmos esfor\u00e7os das empresas, o apoio de organiza\u00e7\u00f5es n\u00e3o governamentais (ONGs) e o interesse dos governos, podemos imaginar uma melhora no futuro\u201d, afirma. \u201cNa Deloitte, fazemos isso por meio da estrat\u00e9gia ALL <em>IN<\/em>, com a\u00e7\u00f5es desenvolvidas a oito pilares, que se voltam a pessoas com defici\u00eancia; jovens aprendizes; mulheres; pessoas LGBTQIA+; pessoas negras; profissionais acima de 50 anos; e profissionais das \u00e1reas STEMs (voltadas \u00e0 ci\u00eancia e \u00e0 matem\u00e1tica), entre outros grupos identit\u00e1rios\u201d, completa a executiva.<\/p>\n","protected":false},"excerpt":{"rendered":"<p>Nos \u00faltimos anos, temas ligados \u00e0 diversidade, equidade e inclus\u00e3o come\u00e7aram a ocupar cada vez mais espa\u00e7o na agenda das organiza\u00e7\u00f5es. A pesquisa \u201cWomen in the boardroom\u201d, realizada pela Deloitte em 10.493 empresas de 51 pa\u00edses, incluindo o Brasil, revelou que as organiza\u00e7\u00f5es est\u00e3o, em geral, muito mais atentas e preocupadas em avan\u00e7ar na equidade [&hellip;]<\/p>\n","protected":false},"author":8,"featured_media":2301,"comment_status":"open","ping_status":"closed","sticky":false,"template":"","format":"standard","meta":{"_acf_changed":false,"footnotes":""},"categories":[3,1],"tags":[8,48,35],"class_list":["post-2297","post","type-post","status-publish","format-standard","has-post-thumbnail","hentry","category-estudos","category-sem-categoria","tag-deloitte","tag-lideranca-feminina","tag-mulheres"],"acf":[],"yoast_head":"<!-- This site is optimized with the Yoast SEO plugin v27.1.1 - https:\/\/yoast.com\/product\/yoast-seo-wordpress\/ -->\n<title>Presen\u00e7a feminina em cargos de lideran\u00e7a cresce globalmente, mas \u00e9 necess\u00e1rio acelerar os avan\u00e7os - Jornada da Sustentabilidade, oferecido por Deloitte<\/title>\n<meta name=\"robots\" content=\"index, follow, max-snippet:-1, max-image-preview:large, max-video-preview:-1\" \/>\n<link rel=\"canonical\" href=\"https:\/\/patrocinados.estadao.com.br\/deloitte-jornada-da-sustentabilidade\/2022\/03\/22\/presenca-feminina-em-cargos-de-lideranca-cresce-globalmente-mas-e-necessario-acelerar-os-avancos\/\" \/>\n<meta property=\"og:locale\" content=\"pt_BR\" \/>\n<meta property=\"og:type\" content=\"article\" \/>\n<meta property=\"og:title\" content=\"Presen\u00e7a feminina em cargos de lideran\u00e7a cresce globalmente, mas \u00e9 necess\u00e1rio acelerar os avan\u00e7os - Jornada da Sustentabilidade, oferecido por Deloitte\" \/>\n<meta property=\"og:description\" content=\"Nos \u00faltimos anos, temas ligados \u00e0 diversidade, equidade e inclus\u00e3o come\u00e7aram a ocupar cada vez mais espa\u00e7o na agenda das organiza\u00e7\u00f5es. A pesquisa \u201cWomen in the boardroom\u201d, realizada pela Deloitte em 10.493 empresas de 51 pa\u00edses, incluindo o Brasil, revelou que as organiza\u00e7\u00f5es est\u00e3o, em geral, muito mais atentas e preocupadas em avan\u00e7ar na equidade [&hellip;]\" \/>\n<meta property=\"og:url\" content=\"https:\/\/patrocinados.estadao.com.br\/deloitte-jornada-da-sustentabilidade\/2022\/03\/22\/presenca-feminina-em-cargos-de-lideranca-cresce-globalmente-mas-e-necessario-acelerar-os-avancos\/\" \/>\n<meta property=\"og:site_name\" content=\"Jornada da Sustentabilidade, oferecido por Deloitte\" \/>\n<meta property=\"article:published_time\" content=\"2022-03-22T14:08:39+00:00\" \/>\n<meta property=\"article:modified_time\" content=\"2022-03-22T18:18:16+00:00\" \/>\n<meta property=\"og:image\" content=\"https:\/\/patrocinados.estadao.com.br\/deloitte-jornada-da-sustentabilidade\/wp-content\/uploads\/2022\/03\/GettyImages-155378839-2.jpg\" \/>\n\t<meta property=\"og:image:width\" content=\"760\" \/>\n\t<meta property=\"og:image:height\" content=\"428\" \/>\n\t<meta property=\"og:image:type\" content=\"image\/jpeg\" \/>\n<meta name=\"author\" content=\"blue_studio\" \/>\n<meta name=\"twitter:card\" content=\"summary_large_image\" \/>\n<meta name=\"twitter:label1\" content=\"Escrito por\" \/>\n\t<meta name=\"twitter:data1\" content=\"blue_studio\" \/>\n\t<meta name=\"twitter:label2\" content=\"Est. tempo de leitura\" \/>\n\t<meta name=\"twitter:data2\" content=\"3 minutos\" \/>\n<script type=\"application\/ld+json\" class=\"yoast-schema-graph\">{\"@context\":\"https:\/\/schema.org\",\"@graph\":[{\"@type\":\"Article\",\"@id\":\"https:\/\/patrocinados.estadao.com.br\/deloitte-jornada-da-sustentabilidade\/2022\/03\/22\/presenca-feminina-em-cargos-de-lideranca-cresce-globalmente-mas-e-necessario-acelerar-os-avancos\/#article\",\"isPartOf\":{\"@id\":\"https:\/\/patrocinados.estadao.com.br\/deloitte-jornada-da-sustentabilidade\/2022\/03\/22\/presenca-feminina-em-cargos-de-lideranca-cresce-globalmente-mas-e-necessario-acelerar-os-avancos\/\"},\"author\":{\"name\":\"blue_studio\",\"@id\":\"https:\/\/patrocinados.estadao.com.br\/deloitte-jornada-da-sustentabilidade\/#\/schema\/person\/60071a239fb5b5bc3d3d88cb8f6170a6\"},\"headline\":\"Presen\u00e7a feminina em cargos de lideran\u00e7a cresce globalmente, mas \u00e9 necess\u00e1rio acelerar os avan\u00e7os\",\"datePublished\":\"2022-03-22T14:08:39+00:00\",\"dateModified\":\"2022-03-22T18:18:16+00:00\",\"mainEntityOfPage\":{\"@id\":\"https:\/\/patrocinados.estadao.com.br\/deloitte-jornada-da-sustentabilidade\/2022\/03\/22\/presenca-feminina-em-cargos-de-lideranca-cresce-globalmente-mas-e-necessario-acelerar-os-avancos\/\"},\"wordCount\":702,\"commentCount\":0,\"image\":{\"@id\":\"https:\/\/patrocinados.estadao.com.br\/deloitte-jornada-da-sustentabilidade\/2022\/03\/22\/presenca-feminina-em-cargos-de-lideranca-cresce-globalmente-mas-e-necessario-acelerar-os-avancos\/#primaryimage\"},\"thumbnailUrl\":\"https:\/\/patrocinados.estadao.com.br\/deloitte-jornada-da-sustentabilidade\/wp-content\/uploads\/2022\/03\/GettyImages-155378839-2.jpg\",\"keywords\":[\"Deloitte\",\"lideran\u00e7a feminina\",\"mulheres\"],\"articleSection\":[\"Estudos\"],\"inLanguage\":\"pt-BR\",\"potentialAction\":[{\"@type\":\"CommentAction\",\"name\":\"Comment\",\"target\":[\"https:\/\/patrocinados.estadao.com.br\/deloitte-jornada-da-sustentabilidade\/2022\/03\/22\/presenca-feminina-em-cargos-de-lideranca-cresce-globalmente-mas-e-necessario-acelerar-os-avancos\/#respond\"]}]},{\"@type\":\"WebPage\",\"@id\":\"https:\/\/patrocinados.estadao.com.br\/deloitte-jornada-da-sustentabilidade\/2022\/03\/22\/presenca-feminina-em-cargos-de-lideranca-cresce-globalmente-mas-e-necessario-acelerar-os-avancos\/\",\"url\":\"https:\/\/patrocinados.estadao.com.br\/deloitte-jornada-da-sustentabilidade\/2022\/03\/22\/presenca-feminina-em-cargos-de-lideranca-cresce-globalmente-mas-e-necessario-acelerar-os-avancos\/\",\"name\":\"Presen\u00e7a feminina em cargos de lideran\u00e7a cresce globalmente, mas \u00e9 necess\u00e1rio acelerar os avan\u00e7os - Jornada da Sustentabilidade, oferecido por Deloitte\",\"isPartOf\":{\"@id\":\"https:\/\/patrocinados.estadao.com.br\/deloitte-jornada-da-sustentabilidade\/#website\"},\"primaryImageOfPage\":{\"@id\":\"https:\/\/patrocinados.estadao.com.br\/deloitte-jornada-da-sustentabilidade\/2022\/03\/22\/presenca-feminina-em-cargos-de-lideranca-cresce-globalmente-mas-e-necessario-acelerar-os-avancos\/#primaryimage\"},\"image\":{\"@id\":\"https:\/\/patrocinados.estadao.com.br\/deloitte-jornada-da-sustentabilidade\/2022\/03\/22\/presenca-feminina-em-cargos-de-lideranca-cresce-globalmente-mas-e-necessario-acelerar-os-avancos\/#primaryimage\"},\"thumbnailUrl\":\"https:\/\/patrocinados.estadao.com.br\/deloitte-jornada-da-sustentabilidade\/wp-content\/uploads\/2022\/03\/GettyImages-155378839-2.jpg\",\"datePublished\":\"2022-03-22T14:08:39+00:00\",\"dateModified\":\"2022-03-22T18:18:16+00:00\",\"author\":{\"@id\":\"https:\/\/patrocinados.estadao.com.br\/deloitte-jornada-da-sustentabilidade\/#\/schema\/person\/60071a239fb5b5bc3d3d88cb8f6170a6\"},\"breadcrumb\":{\"@id\":\"https:\/\/patrocinados.estadao.com.br\/deloitte-jornada-da-sustentabilidade\/2022\/03\/22\/presenca-feminina-em-cargos-de-lideranca-cresce-globalmente-mas-e-necessario-acelerar-os-avancos\/#breadcrumb\"},\"inLanguage\":\"pt-BR\",\"potentialAction\":[{\"@type\":\"ReadAction\",\"target\":[\"https:\/\/patrocinados.estadao.com.br\/deloitte-jornada-da-sustentabilidade\/2022\/03\/22\/presenca-feminina-em-cargos-de-lideranca-cresce-globalmente-mas-e-necessario-acelerar-os-avancos\/\"]}]},{\"@type\":\"ImageObject\",\"inLanguage\":\"pt-BR\",\"@id\":\"https:\/\/patrocinados.estadao.com.br\/deloitte-jornada-da-sustentabilidade\/2022\/03\/22\/presenca-feminina-em-cargos-de-lideranca-cresce-globalmente-mas-e-necessario-acelerar-os-avancos\/#primaryimage\",\"url\":\"https:\/\/patrocinados.estadao.com.br\/deloitte-jornada-da-sustentabilidade\/wp-content\/uploads\/2022\/03\/GettyImages-155378839-2.jpg\",\"contentUrl\":\"https:\/\/patrocinados.estadao.com.br\/deloitte-jornada-da-sustentabilidade\/wp-content\/uploads\/2022\/03\/GettyImages-155378839-2.jpg\",\"width\":760,\"height\":428,\"caption\":\"155378839\"},{\"@type\":\"BreadcrumbList\",\"@id\":\"https:\/\/patrocinados.estadao.com.br\/deloitte-jornada-da-sustentabilidade\/2022\/03\/22\/presenca-feminina-em-cargos-de-lideranca-cresce-globalmente-mas-e-necessario-acelerar-os-avancos\/#breadcrumb\",\"itemListElement\":[{\"@type\":\"ListItem\",\"position\":1,\"name\":\"In\u00edcio\",\"item\":\"https:\/\/patrocinados.estadao.com.br\/deloitte-jornada-da-sustentabilidade\/\"},{\"@type\":\"ListItem\",\"position\":2,\"name\":\"Presen\u00e7a feminina em cargos de lideran\u00e7a cresce globalmente, mas \u00e9 necess\u00e1rio acelerar os avan\u00e7os\"}]},{\"@type\":\"WebSite\",\"@id\":\"https:\/\/patrocinados.estadao.com.br\/deloitte-jornada-da-sustentabilidade\/#website\",\"url\":\"https:\/\/patrocinados.estadao.com.br\/deloitte-jornada-da-sustentabilidade\/\",\"name\":\"Jornada da Sustentabilidade, oferecido por Deloitte\",\"description\":\"Solu\u00e7\u00f5es de governan\u00e7a corporativa para seus desafios de neg\u00f3cios\",\"potentialAction\":[{\"@type\":\"SearchAction\",\"target\":{\"@type\":\"EntryPoint\",\"urlTemplate\":\"https:\/\/patrocinados.estadao.com.br\/deloitte-jornada-da-sustentabilidade\/?s={search_term_string}\"},\"query-input\":{\"@type\":\"PropertyValueSpecification\",\"valueRequired\":true,\"valueName\":\"search_term_string\"}}],\"inLanguage\":\"pt-BR\"},{\"@type\":\"Person\",\"@id\":\"https:\/\/patrocinados.estadao.com.br\/deloitte-jornada-da-sustentabilidade\/#\/schema\/person\/60071a239fb5b5bc3d3d88cb8f6170a6\",\"name\":\"blue_studio\",\"image\":{\"@type\":\"ImageObject\",\"inLanguage\":\"pt-BR\",\"@id\":\"https:\/\/patrocinados.estadao.com.br\/deloitte-jornada-da-sustentabilidade\/#\/schema\/person\/image\/\",\"url\":\"https:\/\/secure.gravatar.com\/avatar\/193f77a26bfc1ca843b87f20fda6efd0c212628ecc58a5c9f31ba0b89d013b17?s=96&d=mm&r=g\",\"contentUrl\":\"https:\/\/secure.gravatar.com\/avatar\/193f77a26bfc1ca843b87f20fda6efd0c212628ecc58a5c9f31ba0b89d013b17?s=96&d=mm&r=g\",\"caption\":\"blue_studio\"},\"url\":\"https:\/\/patrocinados.estadao.com.br\/deloitte-jornada-da-sustentabilidade\/author\/blue_studio\/\"}]}<\/script>\n<!-- \/ Yoast SEO plugin. -->","yoast_head_json":{"title":"Presen\u00e7a feminina em cargos de lideran\u00e7a cresce globalmente, mas \u00e9 necess\u00e1rio acelerar os avan\u00e7os - Jornada da Sustentabilidade, oferecido por Deloitte","robots":{"index":"index","follow":"follow","max-snippet":"max-snippet:-1","max-image-preview":"max-image-preview:large","max-video-preview":"max-video-preview:-1"},"canonical":"https:\/\/patrocinados.estadao.com.br\/deloitte-jornada-da-sustentabilidade\/2022\/03\/22\/presenca-feminina-em-cargos-de-lideranca-cresce-globalmente-mas-e-necessario-acelerar-os-avancos\/","og_locale":"pt_BR","og_type":"article","og_title":"Presen\u00e7a feminina em cargos de lideran\u00e7a cresce globalmente, mas \u00e9 necess\u00e1rio acelerar os avan\u00e7os - Jornada da Sustentabilidade, oferecido por Deloitte","og_description":"Nos \u00faltimos anos, temas ligados \u00e0 diversidade, equidade e inclus\u00e3o come\u00e7aram a ocupar cada vez mais espa\u00e7o na agenda das organiza\u00e7\u00f5es. A pesquisa \u201cWomen in the boardroom\u201d, realizada pela Deloitte em 10.493 empresas de 51 pa\u00edses, incluindo o Brasil, revelou que as organiza\u00e7\u00f5es est\u00e3o, em geral, muito mais atentas e preocupadas em avan\u00e7ar na equidade [&hellip;]","og_url":"https:\/\/patrocinados.estadao.com.br\/deloitte-jornada-da-sustentabilidade\/2022\/03\/22\/presenca-feminina-em-cargos-de-lideranca-cresce-globalmente-mas-e-necessario-acelerar-os-avancos\/","og_site_name":"Jornada da Sustentabilidade, oferecido por Deloitte","article_published_time":"2022-03-22T14:08:39+00:00","article_modified_time":"2022-03-22T18:18:16+00:00","og_image":[{"width":760,"height":428,"url":"https:\/\/patrocinados.estadao.com.br\/deloitte-jornada-da-sustentabilidade\/wp-content\/uploads\/2022\/03\/GettyImages-155378839-2.jpg","type":"image\/jpeg"}],"author":"blue_studio","twitter_card":"summary_large_image","twitter_misc":{"Escrito por":"blue_studio","Est. tempo de leitura":"3 minutos"},"schema":{"@context":"https:\/\/schema.org","@graph":[{"@type":"Article","@id":"https:\/\/patrocinados.estadao.com.br\/deloitte-jornada-da-sustentabilidade\/2022\/03\/22\/presenca-feminina-em-cargos-de-lideranca-cresce-globalmente-mas-e-necessario-acelerar-os-avancos\/#article","isPartOf":{"@id":"https:\/\/patrocinados.estadao.com.br\/deloitte-jornada-da-sustentabilidade\/2022\/03\/22\/presenca-feminina-em-cargos-de-lideranca-cresce-globalmente-mas-e-necessario-acelerar-os-avancos\/"},"author":{"name":"blue_studio","@id":"https:\/\/patrocinados.estadao.com.br\/deloitte-jornada-da-sustentabilidade\/#\/schema\/person\/60071a239fb5b5bc3d3d88cb8f6170a6"},"headline":"Presen\u00e7a feminina em cargos de lideran\u00e7a cresce globalmente, mas \u00e9 necess\u00e1rio acelerar os avan\u00e7os","datePublished":"2022-03-22T14:08:39+00:00","dateModified":"2022-03-22T18:18:16+00:00","mainEntityOfPage":{"@id":"https:\/\/patrocinados.estadao.com.br\/deloitte-jornada-da-sustentabilidade\/2022\/03\/22\/presenca-feminina-em-cargos-de-lideranca-cresce-globalmente-mas-e-necessario-acelerar-os-avancos\/"},"wordCount":702,"commentCount":0,"image":{"@id":"https:\/\/patrocinados.estadao.com.br\/deloitte-jornada-da-sustentabilidade\/2022\/03\/22\/presenca-feminina-em-cargos-de-lideranca-cresce-globalmente-mas-e-necessario-acelerar-os-avancos\/#primaryimage"},"thumbnailUrl":"https:\/\/patrocinados.estadao.com.br\/deloitte-jornada-da-sustentabilidade\/wp-content\/uploads\/2022\/03\/GettyImages-155378839-2.jpg","keywords":["Deloitte","lideran\u00e7a feminina","mulheres"],"articleSection":["Estudos"],"inLanguage":"pt-BR","potentialAction":[{"@type":"CommentAction","name":"Comment","target":["https:\/\/patrocinados.estadao.com.br\/deloitte-jornada-da-sustentabilidade\/2022\/03\/22\/presenca-feminina-em-cargos-de-lideranca-cresce-globalmente-mas-e-necessario-acelerar-os-avancos\/#respond"]}]},{"@type":"WebPage","@id":"https:\/\/patrocinados.estadao.com.br\/deloitte-jornada-da-sustentabilidade\/2022\/03\/22\/presenca-feminina-em-cargos-de-lideranca-cresce-globalmente-mas-e-necessario-acelerar-os-avancos\/","url":"https:\/\/patrocinados.estadao.com.br\/deloitte-jornada-da-sustentabilidade\/2022\/03\/22\/presenca-feminina-em-cargos-de-lideranca-cresce-globalmente-mas-e-necessario-acelerar-os-avancos\/","name":"Presen\u00e7a feminina em cargos de lideran\u00e7a cresce globalmente, mas \u00e9 necess\u00e1rio acelerar os avan\u00e7os - Jornada da Sustentabilidade, oferecido por Deloitte","isPartOf":{"@id":"https:\/\/patrocinados.estadao.com.br\/deloitte-jornada-da-sustentabilidade\/#website"},"primaryImageOfPage":{"@id":"https:\/\/patrocinados.estadao.com.br\/deloitte-jornada-da-sustentabilidade\/2022\/03\/22\/presenca-feminina-em-cargos-de-lideranca-cresce-globalmente-mas-e-necessario-acelerar-os-avancos\/#primaryimage"},"image":{"@id":"https:\/\/patrocinados.estadao.com.br\/deloitte-jornada-da-sustentabilidade\/2022\/03\/22\/presenca-feminina-em-cargos-de-lideranca-cresce-globalmente-mas-e-necessario-acelerar-os-avancos\/#primaryimage"},"thumbnailUrl":"https:\/\/patrocinados.estadao.com.br\/deloitte-jornada-da-sustentabilidade\/wp-content\/uploads\/2022\/03\/GettyImages-155378839-2.jpg","datePublished":"2022-03-22T14:08:39+00:00","dateModified":"2022-03-22T18:18:16+00:00","author":{"@id":"https:\/\/patrocinados.estadao.com.br\/deloitte-jornada-da-sustentabilidade\/#\/schema\/person\/60071a239fb5b5bc3d3d88cb8f6170a6"},"breadcrumb":{"@id":"https:\/\/patrocinados.estadao.com.br\/deloitte-jornada-da-sustentabilidade\/2022\/03\/22\/presenca-feminina-em-cargos-de-lideranca-cresce-globalmente-mas-e-necessario-acelerar-os-avancos\/#breadcrumb"},"inLanguage":"pt-BR","potentialAction":[{"@type":"ReadAction","target":["https:\/\/patrocinados.estadao.com.br\/deloitte-jornada-da-sustentabilidade\/2022\/03\/22\/presenca-feminina-em-cargos-de-lideranca-cresce-globalmente-mas-e-necessario-acelerar-os-avancos\/"]}]},{"@type":"ImageObject","inLanguage":"pt-BR","@id":"https:\/\/patrocinados.estadao.com.br\/deloitte-jornada-da-sustentabilidade\/2022\/03\/22\/presenca-feminina-em-cargos-de-lideranca-cresce-globalmente-mas-e-necessario-acelerar-os-avancos\/#primaryimage","url":"https:\/\/patrocinados.estadao.com.br\/deloitte-jornada-da-sustentabilidade\/wp-content\/uploads\/2022\/03\/GettyImages-155378839-2.jpg","contentUrl":"https:\/\/patrocinados.estadao.com.br\/deloitte-jornada-da-sustentabilidade\/wp-content\/uploads\/2022\/03\/GettyImages-155378839-2.jpg","width":760,"height":428,"caption":"155378839"},{"@type":"BreadcrumbList","@id":"https:\/\/patrocinados.estadao.com.br\/deloitte-jornada-da-sustentabilidade\/2022\/03\/22\/presenca-feminina-em-cargos-de-lideranca-cresce-globalmente-mas-e-necessario-acelerar-os-avancos\/#breadcrumb","itemListElement":[{"@type":"ListItem","position":1,"name":"In\u00edcio","item":"https:\/\/patrocinados.estadao.com.br\/deloitte-jornada-da-sustentabilidade\/"},{"@type":"ListItem","position":2,"name":"Presen\u00e7a feminina em cargos de lideran\u00e7a cresce globalmente, mas \u00e9 necess\u00e1rio acelerar os avan\u00e7os"}]},{"@type":"WebSite","@id":"https:\/\/patrocinados.estadao.com.br\/deloitte-jornada-da-sustentabilidade\/#website","url":"https:\/\/patrocinados.estadao.com.br\/deloitte-jornada-da-sustentabilidade\/","name":"Jornada da Sustentabilidade, oferecido por Deloitte","description":"Solu\u00e7\u00f5es de governan\u00e7a corporativa para seus desafios de neg\u00f3cios","potentialAction":[{"@type":"SearchAction","target":{"@type":"EntryPoint","urlTemplate":"https:\/\/patrocinados.estadao.com.br\/deloitte-jornada-da-sustentabilidade\/?s={search_term_string}"},"query-input":{"@type":"PropertyValueSpecification","valueRequired":true,"valueName":"search_term_string"}}],"inLanguage":"pt-BR"},{"@type":"Person","@id":"https:\/\/patrocinados.estadao.com.br\/deloitte-jornada-da-sustentabilidade\/#\/schema\/person\/60071a239fb5b5bc3d3d88cb8f6170a6","name":"blue_studio","image":{"@type":"ImageObject","inLanguage":"pt-BR","@id":"https:\/\/patrocinados.estadao.com.br\/deloitte-jornada-da-sustentabilidade\/#\/schema\/person\/image\/","url":"https:\/\/secure.gravatar.com\/avatar\/193f77a26bfc1ca843b87f20fda6efd0c212628ecc58a5c9f31ba0b89d013b17?s=96&d=mm&r=g","contentUrl":"https:\/\/secure.gravatar.com\/avatar\/193f77a26bfc1ca843b87f20fda6efd0c212628ecc58a5c9f31ba0b89d013b17?s=96&d=mm&r=g","caption":"blue_studio"},"url":"https:\/\/patrocinados.estadao.com.br\/deloitte-jornada-da-sustentabilidade\/author\/blue_studio\/"}]}},"_links":{"self":[{"href":"https:\/\/patrocinados.estadao.com.br\/deloitte-jornada-da-sustentabilidade\/wp-json\/wp\/v2\/posts\/2297","targetHints":{"allow":["GET"]}}],"collection":[{"href":"https:\/\/patrocinados.estadao.com.br\/deloitte-jornada-da-sustentabilidade\/wp-json\/wp\/v2\/posts"}],"about":[{"href":"https:\/\/patrocinados.estadao.com.br\/deloitte-jornada-da-sustentabilidade\/wp-json\/wp\/v2\/types\/post"}],"author":[{"embeddable":true,"href":"https:\/\/patrocinados.estadao.com.br\/deloitte-jornada-da-sustentabilidade\/wp-json\/wp\/v2\/users\/8"}],"replies":[{"embeddable":true,"href":"https:\/\/patrocinados.estadao.com.br\/deloitte-jornada-da-sustentabilidade\/wp-json\/wp\/v2\/comments?post=2297"}],"version-history":[{"count":5,"href":"https:\/\/patrocinados.estadao.com.br\/deloitte-jornada-da-sustentabilidade\/wp-json\/wp\/v2\/posts\/2297\/revisions"}],"predecessor-version":[{"id":2307,"href":"https:\/\/patrocinados.estadao.com.br\/deloitte-jornada-da-sustentabilidade\/wp-json\/wp\/v2\/posts\/2297\/revisions\/2307"}],"wp:featuredmedia":[{"embeddable":true,"href":"https:\/\/patrocinados.estadao.com.br\/deloitte-jornada-da-sustentabilidade\/wp-json\/wp\/v2\/media\/2301"}],"wp:attachment":[{"href":"https:\/\/patrocinados.estadao.com.br\/deloitte-jornada-da-sustentabilidade\/wp-json\/wp\/v2\/media?parent=2297"}],"wp:term":[{"taxonomy":"category","embeddable":true,"href":"https:\/\/patrocinados.estadao.com.br\/deloitte-jornada-da-sustentabilidade\/wp-json\/wp\/v2\/categories?post=2297"},{"taxonomy":"post_tag","embeddable":true,"href":"https:\/\/patrocinados.estadao.com.br\/deloitte-jornada-da-sustentabilidade\/wp-json\/wp\/v2\/tags?post=2297"}],"curies":[{"name":"wp","href":"https:\/\/api.w.org\/{rel}","templated":true}]}}