{"id":213,"date":"2016-04-26T15:44:17","date_gmt":"2016-04-26T15:44:17","guid":{"rendered":"https:\/\/patrocinados.estadao.com.br\/deloitte-esg-esg\/?p=213"},"modified":"2021-09-20T12:15:01","modified_gmt":"2021-09-20T15:15:01","slug":"risk-sensing-momento-atual-requer-atencao-aos-riscos-emergentes","status":"publish","type":"post","link":"https:\/\/patrocinados.estadao.com.br\/deloitte-jornada-da-sustentabilidade\/2016\/04\/26\/risk-sensing-momento-atual-requer-atencao-aos-riscos-emergentes\/","title":{"rendered":"Risk sensing: momento atual requer aten\u00e7\u00e3o aos riscos emergentes"},"content":{"rendered":"<p>Diante de desafios que afetam diretamente a forma de conduzir seus neg\u00f3cios \u2013 instabilidade econ\u00f4mica, mercados em transforma\u00e7\u00e3o, novas demandas regulat\u00f3rias e avan\u00e7os tecnol\u00f3gicos velozes \u2013, as empresas t\u00eam procurado desenvolver ou fortalecer rapidamente as capacidades de detec\u00e7\u00e3o de riscos.<\/p>\n<p>Em fun\u00e7\u00e3o da realidade atual e da necessidade de otimizar recursos, os gestores t\u00eam direcionado esfor\u00e7os para monitorar e controlar seus riscos mais evidentes, considerados de alta vulnerabilidade, deixando em segundo plano os riscos emergentes.<\/p>\n<p>Alex Borges, s\u00f3cio de Consultoria em Gest\u00e3o de Riscos da Deloitte, alerta: \u201cOs riscos emergentes t\u00eam n\u00edvel de vulnerabilidade mais baixo, mas podem se transformar em riscos potenciais rapidamente, em fun\u00e7\u00e3o da falta de conhecimento ou de an\u00e1lises mais detalhadas quanto \u00e0 velocidade e capacidade de influ\u00eancia na gest\u00e3o, o que pode acarretar grandes impactos na gest\u00e3o dos neg\u00f3cios\u201d.<\/p>\n<p>&nbsp;<\/p>\n<p><a href=\"https:\/\/patrocinados.estadao.com.br\/deloitte-esg-esg\/wp-content\/uploads\/sites\/39\/2017\/01\/40_932_2.jpg\"><img loading=\"lazy\" decoding=\"async\" class=\"aligncenter wp-image-215\" src=\"https:\/\/patrocinados.estadao.com.br\/deloitte-esg-esg\/wp-content\/uploads\/sites\/39\/2017\/01\/40_932_2.jpg\" alt=\"40_932_2\" width=\"850\" height=\"478\" \/><\/a><\/p>\n<p>&nbsp;<\/p>\n<p>&nbsp;<\/p>\n<p><strong>Cultura organizacional<\/strong><\/p>\n<p>A discuss\u00e3o, portanto, deve se concentrar em como detectar, identificar e reagir rapidamente aos riscos emergentes. \u201cHoje, pela nossa experi\u00eancia, de tr\u00eas reuni\u00f5es de Conselhos de Administra\u00e7\u00e3o, em pelo menos uma delas j\u00e1 se discute a necessidade de identificar riscos emergentes e melhor responder sobre seu impacto na reputa\u00e7\u00e3o, antecipando-se para minimizar eventuais crises\u201d, explica Borges.<\/p>\n<p>O objetivo principal da detec\u00e7\u00e3o de riscos \u00e9 identificar e demonstrar riscos dentro das organiza\u00e7\u00f5es, para que todos tenham a mesma visualiza\u00e7\u00e3o. Al\u00e9m de contar com um sistema de monitoramento e detec\u00e7\u00e3o eficaz, este processo deve envolver toda a cultura organizacional.<\/p>\n<p>&nbsp;<\/p>\n<p><a href=\"https:\/\/patrocinados.estadao.com.br\/deloitte-esg-esg\/wp-content\/uploads\/sites\/39\/2017\/01\/40_932_4.jpg\"><img loading=\"lazy\" decoding=\"async\" class=\"aligncenter wp-image-216\" src=\"https:\/\/patrocinados.estadao.com.br\/deloitte-esg-esg\/wp-content\/uploads\/sites\/39\/2017\/01\/40_932_4.jpg\" alt=\"40_932_4\" width=\"850\" height=\"478\" \/><\/a><\/p>\n<p>&nbsp;<\/p>\n<p>&nbsp;<\/p>\n<p><strong>Velocidade na resposta<\/strong><\/p>\n<p>O maior questionamento hoje \u00e9: em qual velocidade as empresas est\u00e3o conseguindo responder aos riscos, em especial, os emergentes?<\/p>\n<p>A Deloitte realizou recentemente, em conjunto com a Forbes Insights, uma pesquisa global sobre detec\u00e7\u00e3o de riscos. Foram ouvidos 155 executivos de grandes organiza\u00e7\u00f5es, com faturamento de pelo menos US$ 1 bilh\u00e3o. No geral, cerca de 80% dos executivos declararam usar ferramentas de detec\u00e7\u00e3o de riscos, voltadas para as \u00e1reas financeira (70%), de compliance (66%), operacional (65%) e, menos frequentemente, estrat\u00e9gica (57%).<\/p>\n<p>\u201cHouve uma evolu\u00e7\u00e3o muito grande no controle dos riscos financeiros. O caminho \u00e9 buscar esses mesmos mecanismos para mensurar e minimizar a exposi\u00e7\u00e3o aos riscos emergentes: principalmente os operacionais, de regulamenta\u00e7\u00e3o e estrat\u00e9gicos\u201d, indica Borges.<\/p>\n<p><a href=\"https:\/\/patrocinados.estadao.com.br\/deloitte-esg-esg\/wp-content\/uploads\/sites\/39\/2017\/01\/40_932_3.jpg\"><img loading=\"lazy\" decoding=\"async\" class=\"aligncenter wp-image-217\" src=\"https:\/\/patrocinados.estadao.com.br\/deloitte-esg-esg\/wp-content\/uploads\/sites\/39\/2017\/01\/40_932_3.jpg\" alt=\"40_932_3\" width=\"850\" height=\"478\" \/><\/a><\/p>\n<p>&nbsp;<\/p>\n<p>As empresas buscam processos robustos que, no m\u00ednimo, contemplem seis fatores:<\/p>\n<p><strong>1.<\/strong> Como identificar riscos;<\/p>\n<p><strong>2. <\/strong> Como avaliar e criar cen\u00e1rios para mensurar riscos;<\/p>\n<p><strong>3. <\/strong> Como criar mecanismos de resposta;<\/p>\n<p><strong>4. <\/strong> Como implementar e desenvolver controles de risco;<\/p>\n<p><strong>5.<\/strong> Como monitorar e avaliar esses riscos;<\/p>\n<p><strong>6.<\/strong> Como garantir sustentabilidade e constante melhoria ao processo.<br \/>\nPara acesso \u00e0s pesquisas divulgadas pela Deloitte, bem como a outros estudos e dados da Consultoria, acesse:\u00a0<a href=\"http:\/\/www.deloitte.com.br\/\">www.deloitte.com.br<\/a>.<\/p>\n","protected":false},"excerpt":{"rendered":"<p>Embora tenham um n\u00edvel de vulnerabilidade mais baixo, eles podem se transformar em riscos potenciais rapidamente<\/p>\n","protected":false},"author":2,"featured_media":1744,"comment_status":"open","ping_status":"closed","sticky":false,"template":"","format":"standard","meta":{"_acf_changed":false,"footnotes":""},"categories":[1],"tags":[],"class_list":["post-213","post","type-post","status-publish","format-standard","has-post-thumbnail","hentry","category-sem-categoria"],"acf":[],"yoast_head":"<!-- This site is optimized with the Yoast SEO plugin v27.1.1 - https:\/\/yoast.com\/product\/yoast-seo-wordpress\/ -->\n<title>Risk sensing: momento atual requer aten\u00e7\u00e3o aos riscos emergentes - Jornada da Sustentabilidade, oferecido por Deloitte<\/title>\n<meta name=\"robots\" content=\"index, follow, max-snippet:-1, max-image-preview:large, max-video-preview:-1\" \/>\n<link rel=\"canonical\" href=\"https:\/\/patrocinados.estadao.com.br\/deloitte-jornada-da-sustentabilidade\/2016\/04\/26\/risk-sensing-momento-atual-requer-atencao-aos-riscos-emergentes\/\" \/>\n<meta property=\"og:locale\" content=\"pt_BR\" \/>\n<meta property=\"og:type\" content=\"article\" \/>\n<meta property=\"og:title\" content=\"Risk sensing: momento atual requer aten\u00e7\u00e3o aos riscos emergentes - Jornada da Sustentabilidade, oferecido por Deloitte\" \/>\n<meta property=\"og:description\" content=\"Embora tenham um n\u00edvel de vulnerabilidade mais baixo, eles podem se transformar em riscos potenciais rapidamente\" \/>\n<meta property=\"og:url\" content=\"https:\/\/patrocinados.estadao.com.br\/deloitte-jornada-da-sustentabilidade\/2016\/04\/26\/risk-sensing-momento-atual-requer-atencao-aos-riscos-emergentes\/\" \/>\n<meta property=\"og:site_name\" content=\"Jornada da Sustentabilidade, oferecido por Deloitte\" \/>\n<meta property=\"article:published_time\" content=\"2016-04-26T15:44:17+00:00\" \/>\n<meta property=\"article:modified_time\" content=\"2021-09-20T15:15:01+00:00\" \/>\n<meta property=\"og:image\" content=\"https:\/\/patrocinados.estadao.com.br\/deloitte-jornada-da-sustentabilidade\/wp-content\/uploads\/2021\/09\/40_932.jpg\" \/>\n\t<meta property=\"og:image:width\" content=\"932\" \/>\n\t<meta property=\"og:image:height\" content=\"524\" \/>\n\t<meta property=\"og:image:type\" content=\"image\/jpeg\" \/>\n<meta name=\"author\" content=\"Geosfera\" \/>\n<meta name=\"twitter:card\" content=\"summary_large_image\" \/>\n<meta name=\"twitter:label1\" content=\"Escrito por\" \/>\n\t<meta name=\"twitter:data1\" content=\"Geosfera\" \/>\n\t<meta name=\"twitter:label2\" content=\"Est. tempo de leitura\" \/>\n\t<meta name=\"twitter:data2\" content=\"2 minutos\" \/>\n<script type=\"application\/ld+json\" class=\"yoast-schema-graph\">{\"@context\":\"https:\/\/schema.org\",\"@graph\":[{\"@type\":\"Article\",\"@id\":\"https:\/\/patrocinados.estadao.com.br\/deloitte-jornada-da-sustentabilidade\/2016\/04\/26\/risk-sensing-momento-atual-requer-atencao-aos-riscos-emergentes\/#article\",\"isPartOf\":{\"@id\":\"https:\/\/patrocinados.estadao.com.br\/deloitte-jornada-da-sustentabilidade\/2016\/04\/26\/risk-sensing-momento-atual-requer-atencao-aos-riscos-emergentes\/\"},\"author\":{\"name\":\"Geosfera\",\"@id\":\"https:\/\/patrocinados.estadao.com.br\/deloitte-jornada-da-sustentabilidade\/#\/schema\/person\/9be56940425d4f31e0c82015d0fd725f\"},\"headline\":\"Risk sensing: momento atual requer aten\u00e7\u00e3o aos riscos emergentes\",\"datePublished\":\"2016-04-26T15:44:17+00:00\",\"dateModified\":\"2021-09-20T15:15:01+00:00\",\"mainEntityOfPage\":{\"@id\":\"https:\/\/patrocinados.estadao.com.br\/deloitte-jornada-da-sustentabilidade\/2016\/04\/26\/risk-sensing-momento-atual-requer-atencao-aos-riscos-emergentes\/\"},\"wordCount\":469,\"commentCount\":0,\"image\":{\"@id\":\"https:\/\/patrocinados.estadao.com.br\/deloitte-jornada-da-sustentabilidade\/2016\/04\/26\/risk-sensing-momento-atual-requer-atencao-aos-riscos-emergentes\/#primaryimage\"},\"thumbnailUrl\":\"https:\/\/patrocinados.estadao.com.br\/deloitte-jornada-da-sustentabilidade\/wp-content\/uploads\/2021\/09\/40_932.jpg\",\"inLanguage\":\"pt-BR\",\"potentialAction\":[{\"@type\":\"CommentAction\",\"name\":\"Comment\",\"target\":[\"https:\/\/patrocinados.estadao.com.br\/deloitte-jornada-da-sustentabilidade\/2016\/04\/26\/risk-sensing-momento-atual-requer-atencao-aos-riscos-emergentes\/#respond\"]}]},{\"@type\":\"WebPage\",\"@id\":\"https:\/\/patrocinados.estadao.com.br\/deloitte-jornada-da-sustentabilidade\/2016\/04\/26\/risk-sensing-momento-atual-requer-atencao-aos-riscos-emergentes\/\",\"url\":\"https:\/\/patrocinados.estadao.com.br\/deloitte-jornada-da-sustentabilidade\/2016\/04\/26\/risk-sensing-momento-atual-requer-atencao-aos-riscos-emergentes\/\",\"name\":\"Risk sensing: momento atual requer aten\u00e7\u00e3o aos riscos emergentes - Jornada da Sustentabilidade, oferecido por Deloitte\",\"isPartOf\":{\"@id\":\"https:\/\/patrocinados.estadao.com.br\/deloitte-jornada-da-sustentabilidade\/#website\"},\"primaryImageOfPage\":{\"@id\":\"https:\/\/patrocinados.estadao.com.br\/deloitte-jornada-da-sustentabilidade\/2016\/04\/26\/risk-sensing-momento-atual-requer-atencao-aos-riscos-emergentes\/#primaryimage\"},\"image\":{\"@id\":\"https:\/\/patrocinados.estadao.com.br\/deloitte-jornada-da-sustentabilidade\/2016\/04\/26\/risk-sensing-momento-atual-requer-atencao-aos-riscos-emergentes\/#primaryimage\"},\"thumbnailUrl\":\"https:\/\/patrocinados.estadao.com.br\/deloitte-jornada-da-sustentabilidade\/wp-content\/uploads\/2021\/09\/40_932.jpg\",\"datePublished\":\"2016-04-26T15:44:17+00:00\",\"dateModified\":\"2021-09-20T15:15:01+00:00\",\"author\":{\"@id\":\"https:\/\/patrocinados.estadao.com.br\/deloitte-jornada-da-sustentabilidade\/#\/schema\/person\/9be56940425d4f31e0c82015d0fd725f\"},\"breadcrumb\":{\"@id\":\"https:\/\/patrocinados.estadao.com.br\/deloitte-jornada-da-sustentabilidade\/2016\/04\/26\/risk-sensing-momento-atual-requer-atencao-aos-riscos-emergentes\/#breadcrumb\"},\"inLanguage\":\"pt-BR\",\"potentialAction\":[{\"@type\":\"ReadAction\",\"target\":[\"https:\/\/patrocinados.estadao.com.br\/deloitte-jornada-da-sustentabilidade\/2016\/04\/26\/risk-sensing-momento-atual-requer-atencao-aos-riscos-emergentes\/\"]}]},{\"@type\":\"ImageObject\",\"inLanguage\":\"pt-BR\",\"@id\":\"https:\/\/patrocinados.estadao.com.br\/deloitte-jornada-da-sustentabilidade\/2016\/04\/26\/risk-sensing-momento-atual-requer-atencao-aos-riscos-emergentes\/#primaryimage\",\"url\":\"https:\/\/patrocinados.estadao.com.br\/deloitte-jornada-da-sustentabilidade\/wp-content\/uploads\/2021\/09\/40_932.jpg\",\"contentUrl\":\"https:\/\/patrocinados.estadao.com.br\/deloitte-jornada-da-sustentabilidade\/wp-content\/uploads\/2021\/09\/40_932.jpg\",\"width\":932,\"height\":524},{\"@type\":\"BreadcrumbList\",\"@id\":\"https:\/\/patrocinados.estadao.com.br\/deloitte-jornada-da-sustentabilidade\/2016\/04\/26\/risk-sensing-momento-atual-requer-atencao-aos-riscos-emergentes\/#breadcrumb\",\"itemListElement\":[{\"@type\":\"ListItem\",\"position\":1,\"name\":\"In\u00edcio\",\"item\":\"https:\/\/patrocinados.estadao.com.br\/deloitte-jornada-da-sustentabilidade\/\"},{\"@type\":\"ListItem\",\"position\":2,\"name\":\"Risk sensing: momento atual requer aten\u00e7\u00e3o aos riscos emergentes\"}]},{\"@type\":\"WebSite\",\"@id\":\"https:\/\/patrocinados.estadao.com.br\/deloitte-jornada-da-sustentabilidade\/#website\",\"url\":\"https:\/\/patrocinados.estadao.com.br\/deloitte-jornada-da-sustentabilidade\/\",\"name\":\"Jornada da Sustentabilidade, oferecido por Deloitte\",\"description\":\"Solu\u00e7\u00f5es de governan\u00e7a corporativa para seus desafios de neg\u00f3cios\",\"potentialAction\":[{\"@type\":\"SearchAction\",\"target\":{\"@type\":\"EntryPoint\",\"urlTemplate\":\"https:\/\/patrocinados.estadao.com.br\/deloitte-jornada-da-sustentabilidade\/?s={search_term_string}\"},\"query-input\":{\"@type\":\"PropertyValueSpecification\",\"valueRequired\":true,\"valueName\":\"search_term_string\"}}],\"inLanguage\":\"pt-BR\"},{\"@type\":\"Person\",\"@id\":\"https:\/\/patrocinados.estadao.com.br\/deloitte-jornada-da-sustentabilidade\/#\/schema\/person\/9be56940425d4f31e0c82015d0fd725f\",\"name\":\"Geosfera\",\"image\":{\"@type\":\"ImageObject\",\"inLanguage\":\"pt-BR\",\"@id\":\"https:\/\/patrocinados.estadao.com.br\/deloitte-jornada-da-sustentabilidade\/#\/schema\/person\/image\/\",\"url\":\"https:\/\/secure.gravatar.com\/avatar\/9d33d40efdce4963188a84bd4777a5f81f7c8e9cfcc15e6853c05f5cfee4c0ab?s=96&d=mm&r=g\",\"contentUrl\":\"https:\/\/secure.gravatar.com\/avatar\/9d33d40efdce4963188a84bd4777a5f81f7c8e9cfcc15e6853c05f5cfee4c0ab?s=96&d=mm&r=g\",\"caption\":\"Geosfera\"},\"sameAs\":[\"http:\/\/geosfera.com.br\"],\"url\":\"https:\/\/patrocinados.estadao.com.br\/deloitte-jornada-da-sustentabilidade\/author\/geosfera_deloitte\/\"}]}<\/script>\n<!-- \/ Yoast SEO plugin. -->","yoast_head_json":{"title":"Risk sensing: momento atual requer aten\u00e7\u00e3o aos riscos emergentes - Jornada da Sustentabilidade, oferecido por Deloitte","robots":{"index":"index","follow":"follow","max-snippet":"max-snippet:-1","max-image-preview":"max-image-preview:large","max-video-preview":"max-video-preview:-1"},"canonical":"https:\/\/patrocinados.estadao.com.br\/deloitte-jornada-da-sustentabilidade\/2016\/04\/26\/risk-sensing-momento-atual-requer-atencao-aos-riscos-emergentes\/","og_locale":"pt_BR","og_type":"article","og_title":"Risk sensing: momento atual requer aten\u00e7\u00e3o aos riscos emergentes - Jornada da Sustentabilidade, oferecido por Deloitte","og_description":"Embora tenham um n\u00edvel de vulnerabilidade mais baixo, eles podem se transformar em riscos potenciais rapidamente","og_url":"https:\/\/patrocinados.estadao.com.br\/deloitte-jornada-da-sustentabilidade\/2016\/04\/26\/risk-sensing-momento-atual-requer-atencao-aos-riscos-emergentes\/","og_site_name":"Jornada da Sustentabilidade, oferecido por Deloitte","article_published_time":"2016-04-26T15:44:17+00:00","article_modified_time":"2021-09-20T15:15:01+00:00","og_image":[{"width":932,"height":524,"url":"https:\/\/patrocinados.estadao.com.br\/deloitte-jornada-da-sustentabilidade\/wp-content\/uploads\/2021\/09\/40_932.jpg","type":"image\/jpeg"}],"author":"Geosfera","twitter_card":"summary_large_image","twitter_misc":{"Escrito por":"Geosfera","Est. tempo de leitura":"2 minutos"},"schema":{"@context":"https:\/\/schema.org","@graph":[{"@type":"Article","@id":"https:\/\/patrocinados.estadao.com.br\/deloitte-jornada-da-sustentabilidade\/2016\/04\/26\/risk-sensing-momento-atual-requer-atencao-aos-riscos-emergentes\/#article","isPartOf":{"@id":"https:\/\/patrocinados.estadao.com.br\/deloitte-jornada-da-sustentabilidade\/2016\/04\/26\/risk-sensing-momento-atual-requer-atencao-aos-riscos-emergentes\/"},"author":{"name":"Geosfera","@id":"https:\/\/patrocinados.estadao.com.br\/deloitte-jornada-da-sustentabilidade\/#\/schema\/person\/9be56940425d4f31e0c82015d0fd725f"},"headline":"Risk sensing: momento atual requer aten\u00e7\u00e3o aos riscos emergentes","datePublished":"2016-04-26T15:44:17+00:00","dateModified":"2021-09-20T15:15:01+00:00","mainEntityOfPage":{"@id":"https:\/\/patrocinados.estadao.com.br\/deloitte-jornada-da-sustentabilidade\/2016\/04\/26\/risk-sensing-momento-atual-requer-atencao-aos-riscos-emergentes\/"},"wordCount":469,"commentCount":0,"image":{"@id":"https:\/\/patrocinados.estadao.com.br\/deloitte-jornada-da-sustentabilidade\/2016\/04\/26\/risk-sensing-momento-atual-requer-atencao-aos-riscos-emergentes\/#primaryimage"},"thumbnailUrl":"https:\/\/patrocinados.estadao.com.br\/deloitte-jornada-da-sustentabilidade\/wp-content\/uploads\/2021\/09\/40_932.jpg","inLanguage":"pt-BR","potentialAction":[{"@type":"CommentAction","name":"Comment","target":["https:\/\/patrocinados.estadao.com.br\/deloitte-jornada-da-sustentabilidade\/2016\/04\/26\/risk-sensing-momento-atual-requer-atencao-aos-riscos-emergentes\/#respond"]}]},{"@type":"WebPage","@id":"https:\/\/patrocinados.estadao.com.br\/deloitte-jornada-da-sustentabilidade\/2016\/04\/26\/risk-sensing-momento-atual-requer-atencao-aos-riscos-emergentes\/","url":"https:\/\/patrocinados.estadao.com.br\/deloitte-jornada-da-sustentabilidade\/2016\/04\/26\/risk-sensing-momento-atual-requer-atencao-aos-riscos-emergentes\/","name":"Risk sensing: momento atual requer aten\u00e7\u00e3o aos riscos emergentes - Jornada da Sustentabilidade, oferecido por Deloitte","isPartOf":{"@id":"https:\/\/patrocinados.estadao.com.br\/deloitte-jornada-da-sustentabilidade\/#website"},"primaryImageOfPage":{"@id":"https:\/\/patrocinados.estadao.com.br\/deloitte-jornada-da-sustentabilidade\/2016\/04\/26\/risk-sensing-momento-atual-requer-atencao-aos-riscos-emergentes\/#primaryimage"},"image":{"@id":"https:\/\/patrocinados.estadao.com.br\/deloitte-jornada-da-sustentabilidade\/2016\/04\/26\/risk-sensing-momento-atual-requer-atencao-aos-riscos-emergentes\/#primaryimage"},"thumbnailUrl":"https:\/\/patrocinados.estadao.com.br\/deloitte-jornada-da-sustentabilidade\/wp-content\/uploads\/2021\/09\/40_932.jpg","datePublished":"2016-04-26T15:44:17+00:00","dateModified":"2021-09-20T15:15:01+00:00","author":{"@id":"https:\/\/patrocinados.estadao.com.br\/deloitte-jornada-da-sustentabilidade\/#\/schema\/person\/9be56940425d4f31e0c82015d0fd725f"},"breadcrumb":{"@id":"https:\/\/patrocinados.estadao.com.br\/deloitte-jornada-da-sustentabilidade\/2016\/04\/26\/risk-sensing-momento-atual-requer-atencao-aos-riscos-emergentes\/#breadcrumb"},"inLanguage":"pt-BR","potentialAction":[{"@type":"ReadAction","target":["https:\/\/patrocinados.estadao.com.br\/deloitte-jornada-da-sustentabilidade\/2016\/04\/26\/risk-sensing-momento-atual-requer-atencao-aos-riscos-emergentes\/"]}]},{"@type":"ImageObject","inLanguage":"pt-BR","@id":"https:\/\/patrocinados.estadao.com.br\/deloitte-jornada-da-sustentabilidade\/2016\/04\/26\/risk-sensing-momento-atual-requer-atencao-aos-riscos-emergentes\/#primaryimage","url":"https:\/\/patrocinados.estadao.com.br\/deloitte-jornada-da-sustentabilidade\/wp-content\/uploads\/2021\/09\/40_932.jpg","contentUrl":"https:\/\/patrocinados.estadao.com.br\/deloitte-jornada-da-sustentabilidade\/wp-content\/uploads\/2021\/09\/40_932.jpg","width":932,"height":524},{"@type":"BreadcrumbList","@id":"https:\/\/patrocinados.estadao.com.br\/deloitte-jornada-da-sustentabilidade\/2016\/04\/26\/risk-sensing-momento-atual-requer-atencao-aos-riscos-emergentes\/#breadcrumb","itemListElement":[{"@type":"ListItem","position":1,"name":"In\u00edcio","item":"https:\/\/patrocinados.estadao.com.br\/deloitte-jornada-da-sustentabilidade\/"},{"@type":"ListItem","position":2,"name":"Risk sensing: momento atual requer aten\u00e7\u00e3o aos riscos emergentes"}]},{"@type":"WebSite","@id":"https:\/\/patrocinados.estadao.com.br\/deloitte-jornada-da-sustentabilidade\/#website","url":"https:\/\/patrocinados.estadao.com.br\/deloitte-jornada-da-sustentabilidade\/","name":"Jornada da Sustentabilidade, oferecido por Deloitte","description":"Solu\u00e7\u00f5es de governan\u00e7a corporativa para seus desafios de neg\u00f3cios","potentialAction":[{"@type":"SearchAction","target":{"@type":"EntryPoint","urlTemplate":"https:\/\/patrocinados.estadao.com.br\/deloitte-jornada-da-sustentabilidade\/?s={search_term_string}"},"query-input":{"@type":"PropertyValueSpecification","valueRequired":true,"valueName":"search_term_string"}}],"inLanguage":"pt-BR"},{"@type":"Person","@id":"https:\/\/patrocinados.estadao.com.br\/deloitte-jornada-da-sustentabilidade\/#\/schema\/person\/9be56940425d4f31e0c82015d0fd725f","name":"Geosfera","image":{"@type":"ImageObject","inLanguage":"pt-BR","@id":"https:\/\/patrocinados.estadao.com.br\/deloitte-jornada-da-sustentabilidade\/#\/schema\/person\/image\/","url":"https:\/\/secure.gravatar.com\/avatar\/9d33d40efdce4963188a84bd4777a5f81f7c8e9cfcc15e6853c05f5cfee4c0ab?s=96&d=mm&r=g","contentUrl":"https:\/\/secure.gravatar.com\/avatar\/9d33d40efdce4963188a84bd4777a5f81f7c8e9cfcc15e6853c05f5cfee4c0ab?s=96&d=mm&r=g","caption":"Geosfera"},"sameAs":["http:\/\/geosfera.com.br"],"url":"https:\/\/patrocinados.estadao.com.br\/deloitte-jornada-da-sustentabilidade\/author\/geosfera_deloitte\/"}]}},"_links":{"self":[{"href":"https:\/\/patrocinados.estadao.com.br\/deloitte-jornada-da-sustentabilidade\/wp-json\/wp\/v2\/posts\/213","targetHints":{"allow":["GET"]}}],"collection":[{"href":"https:\/\/patrocinados.estadao.com.br\/deloitte-jornada-da-sustentabilidade\/wp-json\/wp\/v2\/posts"}],"about":[{"href":"https:\/\/patrocinados.estadao.com.br\/deloitte-jornada-da-sustentabilidade\/wp-json\/wp\/v2\/types\/post"}],"author":[{"embeddable":true,"href":"https:\/\/patrocinados.estadao.com.br\/deloitte-jornada-da-sustentabilidade\/wp-json\/wp\/v2\/users\/2"}],"replies":[{"embeddable":true,"href":"https:\/\/patrocinados.estadao.com.br\/deloitte-jornada-da-sustentabilidade\/wp-json\/wp\/v2\/comments?post=213"}],"version-history":[{"count":1,"href":"https:\/\/patrocinados.estadao.com.br\/deloitte-jornada-da-sustentabilidade\/wp-json\/wp\/v2\/posts\/213\/revisions"}],"predecessor-version":[{"id":1959,"href":"https:\/\/patrocinados.estadao.com.br\/deloitte-jornada-da-sustentabilidade\/wp-json\/wp\/v2\/posts\/213\/revisions\/1959"}],"wp:featuredmedia":[{"embeddable":true,"href":"https:\/\/patrocinados.estadao.com.br\/deloitte-jornada-da-sustentabilidade\/wp-json\/wp\/v2\/media\/1744"}],"wp:attachment":[{"href":"https:\/\/patrocinados.estadao.com.br\/deloitte-jornada-da-sustentabilidade\/wp-json\/wp\/v2\/media?parent=213"}],"wp:term":[{"taxonomy":"category","embeddable":true,"href":"https:\/\/patrocinados.estadao.com.br\/deloitte-jornada-da-sustentabilidade\/wp-json\/wp\/v2\/categories?post=213"},{"taxonomy":"post_tag","embeddable":true,"href":"https:\/\/patrocinados.estadao.com.br\/deloitte-jornada-da-sustentabilidade\/wp-json\/wp\/v2\/tags?post=213"}],"curies":[{"name":"wp","href":"https:\/\/api.w.org\/{rel}","templated":true}]}}