{"id":2054,"date":"2021-10-11T16:52:08","date_gmt":"2021-10-11T19:52:08","guid":{"rendered":"https:\/\/patrocinados.estadao.com.br\/deloitte-esg\/?p=2054"},"modified":"2021-10-13T11:20:18","modified_gmt":"2021-10-13T14:20:18","slug":"mercado-brasileiro-ve-operacoes-de-ma-com-cautela-e-otimismo","status":"publish","type":"post","link":"https:\/\/patrocinados.estadao.com.br\/deloitte-jornada-da-sustentabilidade\/2021\/10\/11\/mercado-brasileiro-ve-operacoes-de-ma-com-cautela-e-otimismo\/","title":{"rendered":"Mercado v\u00ea opera\u00e7\u00f5es de M&#038;A com otimismo cauteloso"},"content":{"rendered":"<p>Um sentimento de \u201cotimismo cauteloso\u201d vem predominando entre executivos e investidores quando o assunto s\u00e3o fus\u00f5es e aquisi\u00e7\u00f5es (M&amp;A, do ingl\u00eas mergers and acquisitions) no mercado brasileiro. De acordo com levantamento feito pela Deloitte, os principais atores do mercado esperam, em geral, que as opera\u00e7\u00f5es cres\u00e7am a partir deste ano, somadas \u00e0 esperan\u00e7a de recupera\u00e7\u00e3o econ\u00f4mica do Brasil se consolidando em 2022.<\/p>\n<p>Entre as principais conclus\u00f5es da pesquisa \u201cPanorama de M&amp;A no Brasil 2021\u201d \u2013 que entrevistou mais de 100 executivos seniores \u00e0 frente de empresas brasileiras em v\u00e1rios setores que realizaram ou est\u00e3o planejando realizar atividades de M&amp;A \u2013, 71% declararam acreditar que as fus\u00f5es e aquisi\u00e7\u00f5es cres\u00e7am j\u00e1 a partir deste ano, sendo que 95% destes acreditam em um crescimento em 2021 em rela\u00e7\u00e3o a 2020. Os n\u00fameros parecem se confirmar, visto que o volume de transa\u00e7\u00f5es at\u00e9 o momento est\u00e1 cerca de 16% mais alto que no mesmo per\u00edodo do ano passado. J\u00e1 outros 33% consideram que as atividades s\u00f3 ter\u00e3o crescimento a partir de meados do ano que vem.<\/p>\n<p>Em geral, o ambiente \u00e9 favor\u00e1vel para as organiza\u00e7\u00f5es que desejam executar atividades de M&amp;A, explica Venus Kennedy, l\u00edder de Strategy, Analytics e M&amp;A da Deloitte. Para ela, no mercado brasileiro h\u00e1 grandes oportunidades. \u201cAl\u00e9m disso, temos um enorme potencial devido aos unic\u00f3rnios emergentes nos setores de tecnologia, bancos e real estate\u201d, afirma. \u201cH\u00e1 uma taxa de c\u00e2mbio atraente e aumentos previstos de valor de ativos, o que faz com que o Brasil possa contribuir significativamente com o montante global de ofertas p\u00fablicas iniciais (IPOs), transa\u00e7\u00f5es e volumes de neg\u00f3cios ao final de 2021 e em 2022.\u201d<\/p>\n<p>Um dos pontos fundamentais a se analisar no cen\u00e1rio das companhias que pretendem adquirir outras empresas ou mesmo se fundir \u00e9 a quest\u00e3o do impacto das receitas provocado com a covid-19. Nesse aspecto, o estudo da Deloitte revelou que houve uma varia\u00e7\u00e3o entre os entrevistados, mas 30% tiveram aumentos de 10% ou mais. \u201cIsso sugere que a maior parte das empresas conseguiu manter as receitas est\u00e1veis na crise\u201d, avalia Venus.<\/p>\n<p><strong>Tecnologia \u00e9 a \u00e1rea de maior interesse<\/strong><\/p>\n<p>Al\u00e9m desse certo otimismo nas receitas, o Brasil aparece como grande celeiro de oportunidades de M&amp;A, em especial entre empresas de tecnologia. As emergentes s\u00e3o as que mais chamam aten\u00e7\u00e3o das companhias, na medida em que buscam incorporar opera\u00e7\u00f5es relevantes de transforma\u00e7\u00e3o digital para manter a import\u00e2ncia no segmento.<\/p>\n<p>A Deloitte apontou que 64% dos executivos busca o Brasil em primeiro lugar para planejar opera\u00e7\u00f5es de M&amp;A, com otimismo em torno das avalia\u00e7\u00f5es regionais de ativos e do setor de tecnologia \u2013 e 41% dos entrevistados planejam adquirir empresas na \u00e1rea.<br \/>\nEntre as demais atividades que apareceram com destaque no estudo, 24% dos profissionais pesquisados indicaram interesse em atividades de M&amp;A no setor de manufatura. Em seguida, apareceram com destaque sa\u00fade (17%), neg\u00f3cios de consumo (16%) e infraestrutura e servi\u00e7os financeiros, ambos com 13% cada, no foco dos investidores e empresas respondentes.<\/p>\n<p>A executiva da Deloitte tamb\u00e9m destaca que, apesar de as receitas terem se mantido relativamente est\u00e1veis em alguns setores no Brasil \u2013 entre eles tecnologia, m\u00eddias e telecomunica\u00e7\u00f5es, sa\u00fade, agroneg\u00f3cio e imobili\u00e1rio \u2013, as empresas se viram obrigadas a cortar custos.<\/p>\n<p>\u201cAs organiza\u00e7\u00f5es procuraram medidas de corte de custos que levaram a um aumento de empresas altamente capitalizadas no mercado, e isso acabou sendo um motor para um aumento na atividade de M&amp;A\u201d, explica Venus.<\/p>\n<p>A maioria dos entrevistados, 62%, tamb\u00e9m declarou que o ambiente pol\u00edtico atual \u00e9 desfavor\u00e1vel \u00e0 realiza\u00e7\u00e3o de atividades de M&amp;A, mas, em se tratando da economia, os dados foram diferentes: cerca de metade (48%) acredita que o andamento do cen\u00e1rio econ\u00f4mico \u00e9 favor\u00e1vel \u00e0 estrat\u00e9gia de M&amp;A em sua organiza\u00e7\u00e3o.<\/p>\n<p><strong>Abertura de capital como ponto de partida<\/strong><\/p>\n<p>Planejar ou participar de opera\u00e7\u00f5es de M&amp;A tamb\u00e9m \u00e9 fator que leva muitas organiza\u00e7\u00f5es a realizar a abertura de seu capital na bolsa, fazendo suas IPOs.<\/p>\n<p>Isso implica, necessariamente, que as companhias arquem com custos para a manuten\u00e7\u00e3o de sua opera\u00e7\u00e3o. Esses valores, no entanto, s\u00e3o compensados por diversos benef\u00edcios, como maior visibilidade no mercado, melhoria de controles e processos de governan\u00e7a e oportunidades de captar recursos financeiros mais facilmente e com menor custo.<\/p>\n<p>Outro levantamento feito pela Deloitte, denominado \u201cCustos de opera\u00e7\u00e3o como companhia aberta\u201d, com 51 empresas listadas na bolsa brasileira, em parceria com a B3, mostrou que boa parte das corpora\u00e7\u00f5es realiza suas IPOs motivadas por prepara\u00e7\u00e3o para futuros processos de M&amp;A \u2013 36% dos respondentes da pesquisa afirmaram que se estruturar para futuras fus\u00f5es e aquisi\u00e7\u00f5es estava entre os principais motivos para a abertura de capital da empresa.<\/p>\n","protected":false},"excerpt":{"rendered":"<p>Um sentimento de \u201cotimismo cauteloso\u201d vem predominando entre executivos e investidores quando o assunto s\u00e3o fus\u00f5es e aquisi\u00e7\u00f5es (M&amp;A, do ingl\u00eas mergers and acquisitions) no mercado brasileiro. De acordo com levantamento feito pela Deloitte, os principais atores do mercado esperam, em geral, que as opera\u00e7\u00f5es cres\u00e7am a partir deste ano, somadas \u00e0 esperan\u00e7a de recupera\u00e7\u00e3o [&hellip;]<\/p>\n","protected":false},"author":2,"featured_media":2056,"comment_status":"open","ping_status":"closed","sticky":false,"template":"","format":"standard","meta":{"_acf_changed":false,"footnotes":""},"categories":[1],"tags":[],"class_list":["post-2054","post","type-post","status-publish","format-standard","has-post-thumbnail","hentry","category-sem-categoria"],"acf":[],"yoast_head":"<!-- This site is optimized with the Yoast SEO plugin v27.1.1 - https:\/\/yoast.com\/product\/yoast-seo-wordpress\/ -->\n<title>Mercado v\u00ea opera\u00e7\u00f5es de M&amp;A com otimismo cauteloso - Jornada da Sustentabilidade, oferecido por Deloitte<\/title>\n<meta name=\"robots\" content=\"index, follow, max-snippet:-1, max-image-preview:large, max-video-preview:-1\" \/>\n<link rel=\"canonical\" href=\"https:\/\/patrocinados.estadao.com.br\/deloitte-jornada-da-sustentabilidade\/2021\/10\/11\/mercado-brasileiro-ve-operacoes-de-ma-com-cautela-e-otimismo\/\" \/>\n<meta property=\"og:locale\" content=\"pt_BR\" \/>\n<meta property=\"og:type\" content=\"article\" \/>\n<meta property=\"og:title\" content=\"Mercado v\u00ea opera\u00e7\u00f5es de M&amp;A com otimismo cauteloso - Jornada da Sustentabilidade, oferecido por Deloitte\" \/>\n<meta property=\"og:description\" content=\"Um sentimento de \u201cotimismo cauteloso\u201d vem predominando entre executivos e investidores quando o assunto s\u00e3o fus\u00f5es e aquisi\u00e7\u00f5es (M&amp;A, do ingl\u00eas mergers and acquisitions) no mercado brasileiro. De acordo com levantamento feito pela Deloitte, os principais atores do mercado esperam, em geral, que as opera\u00e7\u00f5es cres\u00e7am a partir deste ano, somadas \u00e0 esperan\u00e7a de recupera\u00e7\u00e3o [&hellip;]\" \/>\n<meta property=\"og:url\" content=\"https:\/\/patrocinados.estadao.com.br\/deloitte-jornada-da-sustentabilidade\/2021\/10\/11\/mercado-brasileiro-ve-operacoes-de-ma-com-cautela-e-otimismo\/\" \/>\n<meta property=\"og:site_name\" content=\"Jornada da Sustentabilidade, oferecido por Deloitte\" \/>\n<meta property=\"article:published_time\" content=\"2021-10-11T19:52:08+00:00\" \/>\n<meta property=\"article:modified_time\" content=\"2021-10-13T14:20:18+00:00\" \/>\n<meta property=\"og:image\" content=\"https:\/\/patrocinados.estadao.com.br\/deloitte-jornada-da-sustentabilidade\/wp-content\/uploads\/2021\/10\/GettyImages-614877270-2.jpg\" \/>\n\t<meta property=\"og:image:width\" content=\"1098\" \/>\n\t<meta property=\"og:image:height\" content=\"718\" \/>\n\t<meta property=\"og:image:type\" content=\"image\/jpeg\" \/>\n<meta name=\"author\" content=\"Geosfera\" \/>\n<meta name=\"twitter:card\" content=\"summary_large_image\" \/>\n<meta name=\"twitter:label1\" content=\"Escrito por\" \/>\n\t<meta name=\"twitter:data1\" content=\"Geosfera\" \/>\n\t<meta name=\"twitter:label2\" content=\"Est. tempo de leitura\" \/>\n\t<meta name=\"twitter:data2\" content=\"4 minutos\" \/>\n<script type=\"application\/ld+json\" class=\"yoast-schema-graph\">{\"@context\":\"https:\/\/schema.org\",\"@graph\":[{\"@type\":\"Article\",\"@id\":\"https:\/\/patrocinados.estadao.com.br\/deloitte-jornada-da-sustentabilidade\/2021\/10\/11\/mercado-brasileiro-ve-operacoes-de-ma-com-cautela-e-otimismo\/#article\",\"isPartOf\":{\"@id\":\"https:\/\/patrocinados.estadao.com.br\/deloitte-jornada-da-sustentabilidade\/2021\/10\/11\/mercado-brasileiro-ve-operacoes-de-ma-com-cautela-e-otimismo\/\"},\"author\":{\"name\":\"Geosfera\",\"@id\":\"https:\/\/patrocinados.estadao.com.br\/deloitte-jornada-da-sustentabilidade\/#\/schema\/person\/9be56940425d4f31e0c82015d0fd725f\"},\"headline\":\"Mercado v\u00ea opera\u00e7\u00f5es de M&#038;A com otimismo cauteloso\",\"datePublished\":\"2021-10-11T19:52:08+00:00\",\"dateModified\":\"2021-10-13T14:20:18+00:00\",\"mainEntityOfPage\":{\"@id\":\"https:\/\/patrocinados.estadao.com.br\/deloitte-jornada-da-sustentabilidade\/2021\/10\/11\/mercado-brasileiro-ve-operacoes-de-ma-com-cautela-e-otimismo\/\"},\"wordCount\":834,\"commentCount\":0,\"image\":{\"@id\":\"https:\/\/patrocinados.estadao.com.br\/deloitte-jornada-da-sustentabilidade\/2021\/10\/11\/mercado-brasileiro-ve-operacoes-de-ma-com-cautela-e-otimismo\/#primaryimage\"},\"thumbnailUrl\":\"https:\/\/patrocinados.estadao.com.br\/deloitte-jornada-da-sustentabilidade\/wp-content\/uploads\/2021\/10\/GettyImages-614877270-2.jpg\",\"inLanguage\":\"pt-BR\",\"potentialAction\":[{\"@type\":\"CommentAction\",\"name\":\"Comment\",\"target\":[\"https:\/\/patrocinados.estadao.com.br\/deloitte-jornada-da-sustentabilidade\/2021\/10\/11\/mercado-brasileiro-ve-operacoes-de-ma-com-cautela-e-otimismo\/#respond\"]}]},{\"@type\":\"WebPage\",\"@id\":\"https:\/\/patrocinados.estadao.com.br\/deloitte-jornada-da-sustentabilidade\/2021\/10\/11\/mercado-brasileiro-ve-operacoes-de-ma-com-cautela-e-otimismo\/\",\"url\":\"https:\/\/patrocinados.estadao.com.br\/deloitte-jornada-da-sustentabilidade\/2021\/10\/11\/mercado-brasileiro-ve-operacoes-de-ma-com-cautela-e-otimismo\/\",\"name\":\"Mercado v\u00ea opera\u00e7\u00f5es de M&A com otimismo cauteloso - Jornada da Sustentabilidade, oferecido por Deloitte\",\"isPartOf\":{\"@id\":\"https:\/\/patrocinados.estadao.com.br\/deloitte-jornada-da-sustentabilidade\/#website\"},\"primaryImageOfPage\":{\"@id\":\"https:\/\/patrocinados.estadao.com.br\/deloitte-jornada-da-sustentabilidade\/2021\/10\/11\/mercado-brasileiro-ve-operacoes-de-ma-com-cautela-e-otimismo\/#primaryimage\"},\"image\":{\"@id\":\"https:\/\/patrocinados.estadao.com.br\/deloitte-jornada-da-sustentabilidade\/2021\/10\/11\/mercado-brasileiro-ve-operacoes-de-ma-com-cautela-e-otimismo\/#primaryimage\"},\"thumbnailUrl\":\"https:\/\/patrocinados.estadao.com.br\/deloitte-jornada-da-sustentabilidade\/wp-content\/uploads\/2021\/10\/GettyImages-614877270-2.jpg\",\"datePublished\":\"2021-10-11T19:52:08+00:00\",\"dateModified\":\"2021-10-13T14:20:18+00:00\",\"author\":{\"@id\":\"https:\/\/patrocinados.estadao.com.br\/deloitte-jornada-da-sustentabilidade\/#\/schema\/person\/9be56940425d4f31e0c82015d0fd725f\"},\"breadcrumb\":{\"@id\":\"https:\/\/patrocinados.estadao.com.br\/deloitte-jornada-da-sustentabilidade\/2021\/10\/11\/mercado-brasileiro-ve-operacoes-de-ma-com-cautela-e-otimismo\/#breadcrumb\"},\"inLanguage\":\"pt-BR\",\"potentialAction\":[{\"@type\":\"ReadAction\",\"target\":[\"https:\/\/patrocinados.estadao.com.br\/deloitte-jornada-da-sustentabilidade\/2021\/10\/11\/mercado-brasileiro-ve-operacoes-de-ma-com-cautela-e-otimismo\/\"]}]},{\"@type\":\"ImageObject\",\"inLanguage\":\"pt-BR\",\"@id\":\"https:\/\/patrocinados.estadao.com.br\/deloitte-jornada-da-sustentabilidade\/2021\/10\/11\/mercado-brasileiro-ve-operacoes-de-ma-com-cautela-e-otimismo\/#primaryimage\",\"url\":\"https:\/\/patrocinados.estadao.com.br\/deloitte-jornada-da-sustentabilidade\/wp-content\/uploads\/2021\/10\/GettyImages-614877270-2.jpg\",\"contentUrl\":\"https:\/\/patrocinados.estadao.com.br\/deloitte-jornada-da-sustentabilidade\/wp-content\/uploads\/2021\/10\/GettyImages-614877270-2.jpg\",\"width\":1098,\"height\":718},{\"@type\":\"BreadcrumbList\",\"@id\":\"https:\/\/patrocinados.estadao.com.br\/deloitte-jornada-da-sustentabilidade\/2021\/10\/11\/mercado-brasileiro-ve-operacoes-de-ma-com-cautela-e-otimismo\/#breadcrumb\",\"itemListElement\":[{\"@type\":\"ListItem\",\"position\":1,\"name\":\"In\u00edcio\",\"item\":\"https:\/\/patrocinados.estadao.com.br\/deloitte-jornada-da-sustentabilidade\/\"},{\"@type\":\"ListItem\",\"position\":2,\"name\":\"Mercado v\u00ea opera\u00e7\u00f5es de M&#038;A com otimismo cauteloso\"}]},{\"@type\":\"WebSite\",\"@id\":\"https:\/\/patrocinados.estadao.com.br\/deloitte-jornada-da-sustentabilidade\/#website\",\"url\":\"https:\/\/patrocinados.estadao.com.br\/deloitte-jornada-da-sustentabilidade\/\",\"name\":\"Jornada da Sustentabilidade, oferecido por Deloitte\",\"description\":\"Solu\u00e7\u00f5es de governan\u00e7a corporativa para seus desafios de neg\u00f3cios\",\"potentialAction\":[{\"@type\":\"SearchAction\",\"target\":{\"@type\":\"EntryPoint\",\"urlTemplate\":\"https:\/\/patrocinados.estadao.com.br\/deloitte-jornada-da-sustentabilidade\/?s={search_term_string}\"},\"query-input\":{\"@type\":\"PropertyValueSpecification\",\"valueRequired\":true,\"valueName\":\"search_term_string\"}}],\"inLanguage\":\"pt-BR\"},{\"@type\":\"Person\",\"@id\":\"https:\/\/patrocinados.estadao.com.br\/deloitte-jornada-da-sustentabilidade\/#\/schema\/person\/9be56940425d4f31e0c82015d0fd725f\",\"name\":\"Geosfera\",\"image\":{\"@type\":\"ImageObject\",\"inLanguage\":\"pt-BR\",\"@id\":\"https:\/\/patrocinados.estadao.com.br\/deloitte-jornada-da-sustentabilidade\/#\/schema\/person\/image\/\",\"url\":\"https:\/\/secure.gravatar.com\/avatar\/9d33d40efdce4963188a84bd4777a5f81f7c8e9cfcc15e6853c05f5cfee4c0ab?s=96&d=mm&r=g\",\"contentUrl\":\"https:\/\/secure.gravatar.com\/avatar\/9d33d40efdce4963188a84bd4777a5f81f7c8e9cfcc15e6853c05f5cfee4c0ab?s=96&d=mm&r=g\",\"caption\":\"Geosfera\"},\"sameAs\":[\"http:\/\/geosfera.com.br\"],\"url\":\"https:\/\/patrocinados.estadao.com.br\/deloitte-jornada-da-sustentabilidade\/author\/geosfera_deloitte\/\"}]}<\/script>\n<!-- \/ Yoast SEO plugin. -->","yoast_head_json":{"title":"Mercado v\u00ea opera\u00e7\u00f5es de M&A com otimismo cauteloso - Jornada da Sustentabilidade, oferecido por Deloitte","robots":{"index":"index","follow":"follow","max-snippet":"max-snippet:-1","max-image-preview":"max-image-preview:large","max-video-preview":"max-video-preview:-1"},"canonical":"https:\/\/patrocinados.estadao.com.br\/deloitte-jornada-da-sustentabilidade\/2021\/10\/11\/mercado-brasileiro-ve-operacoes-de-ma-com-cautela-e-otimismo\/","og_locale":"pt_BR","og_type":"article","og_title":"Mercado v\u00ea opera\u00e7\u00f5es de M&A com otimismo cauteloso - Jornada da Sustentabilidade, oferecido por Deloitte","og_description":"Um sentimento de \u201cotimismo cauteloso\u201d vem predominando entre executivos e investidores quando o assunto s\u00e3o fus\u00f5es e aquisi\u00e7\u00f5es (M&amp;A, do ingl\u00eas mergers and acquisitions) no mercado brasileiro. De acordo com levantamento feito pela Deloitte, os principais atores do mercado esperam, em geral, que as opera\u00e7\u00f5es cres\u00e7am a partir deste ano, somadas \u00e0 esperan\u00e7a de recupera\u00e7\u00e3o [&hellip;]","og_url":"https:\/\/patrocinados.estadao.com.br\/deloitte-jornada-da-sustentabilidade\/2021\/10\/11\/mercado-brasileiro-ve-operacoes-de-ma-com-cautela-e-otimismo\/","og_site_name":"Jornada da Sustentabilidade, oferecido por Deloitte","article_published_time":"2021-10-11T19:52:08+00:00","article_modified_time":"2021-10-13T14:20:18+00:00","og_image":[{"width":1098,"height":718,"url":"https:\/\/patrocinados.estadao.com.br\/deloitte-jornada-da-sustentabilidade\/wp-content\/uploads\/2021\/10\/GettyImages-614877270-2.jpg","type":"image\/jpeg"}],"author":"Geosfera","twitter_card":"summary_large_image","twitter_misc":{"Escrito por":"Geosfera","Est. tempo de leitura":"4 minutos"},"schema":{"@context":"https:\/\/schema.org","@graph":[{"@type":"Article","@id":"https:\/\/patrocinados.estadao.com.br\/deloitte-jornada-da-sustentabilidade\/2021\/10\/11\/mercado-brasileiro-ve-operacoes-de-ma-com-cautela-e-otimismo\/#article","isPartOf":{"@id":"https:\/\/patrocinados.estadao.com.br\/deloitte-jornada-da-sustentabilidade\/2021\/10\/11\/mercado-brasileiro-ve-operacoes-de-ma-com-cautela-e-otimismo\/"},"author":{"name":"Geosfera","@id":"https:\/\/patrocinados.estadao.com.br\/deloitte-jornada-da-sustentabilidade\/#\/schema\/person\/9be56940425d4f31e0c82015d0fd725f"},"headline":"Mercado v\u00ea opera\u00e7\u00f5es de M&#038;A com otimismo cauteloso","datePublished":"2021-10-11T19:52:08+00:00","dateModified":"2021-10-13T14:20:18+00:00","mainEntityOfPage":{"@id":"https:\/\/patrocinados.estadao.com.br\/deloitte-jornada-da-sustentabilidade\/2021\/10\/11\/mercado-brasileiro-ve-operacoes-de-ma-com-cautela-e-otimismo\/"},"wordCount":834,"commentCount":0,"image":{"@id":"https:\/\/patrocinados.estadao.com.br\/deloitte-jornada-da-sustentabilidade\/2021\/10\/11\/mercado-brasileiro-ve-operacoes-de-ma-com-cautela-e-otimismo\/#primaryimage"},"thumbnailUrl":"https:\/\/patrocinados.estadao.com.br\/deloitte-jornada-da-sustentabilidade\/wp-content\/uploads\/2021\/10\/GettyImages-614877270-2.jpg","inLanguage":"pt-BR","potentialAction":[{"@type":"CommentAction","name":"Comment","target":["https:\/\/patrocinados.estadao.com.br\/deloitte-jornada-da-sustentabilidade\/2021\/10\/11\/mercado-brasileiro-ve-operacoes-de-ma-com-cautela-e-otimismo\/#respond"]}]},{"@type":"WebPage","@id":"https:\/\/patrocinados.estadao.com.br\/deloitte-jornada-da-sustentabilidade\/2021\/10\/11\/mercado-brasileiro-ve-operacoes-de-ma-com-cautela-e-otimismo\/","url":"https:\/\/patrocinados.estadao.com.br\/deloitte-jornada-da-sustentabilidade\/2021\/10\/11\/mercado-brasileiro-ve-operacoes-de-ma-com-cautela-e-otimismo\/","name":"Mercado v\u00ea opera\u00e7\u00f5es de M&A com otimismo cauteloso - Jornada da Sustentabilidade, oferecido por Deloitte","isPartOf":{"@id":"https:\/\/patrocinados.estadao.com.br\/deloitte-jornada-da-sustentabilidade\/#website"},"primaryImageOfPage":{"@id":"https:\/\/patrocinados.estadao.com.br\/deloitte-jornada-da-sustentabilidade\/2021\/10\/11\/mercado-brasileiro-ve-operacoes-de-ma-com-cautela-e-otimismo\/#primaryimage"},"image":{"@id":"https:\/\/patrocinados.estadao.com.br\/deloitte-jornada-da-sustentabilidade\/2021\/10\/11\/mercado-brasileiro-ve-operacoes-de-ma-com-cautela-e-otimismo\/#primaryimage"},"thumbnailUrl":"https:\/\/patrocinados.estadao.com.br\/deloitte-jornada-da-sustentabilidade\/wp-content\/uploads\/2021\/10\/GettyImages-614877270-2.jpg","datePublished":"2021-10-11T19:52:08+00:00","dateModified":"2021-10-13T14:20:18+00:00","author":{"@id":"https:\/\/patrocinados.estadao.com.br\/deloitte-jornada-da-sustentabilidade\/#\/schema\/person\/9be56940425d4f31e0c82015d0fd725f"},"breadcrumb":{"@id":"https:\/\/patrocinados.estadao.com.br\/deloitte-jornada-da-sustentabilidade\/2021\/10\/11\/mercado-brasileiro-ve-operacoes-de-ma-com-cautela-e-otimismo\/#breadcrumb"},"inLanguage":"pt-BR","potentialAction":[{"@type":"ReadAction","target":["https:\/\/patrocinados.estadao.com.br\/deloitte-jornada-da-sustentabilidade\/2021\/10\/11\/mercado-brasileiro-ve-operacoes-de-ma-com-cautela-e-otimismo\/"]}]},{"@type":"ImageObject","inLanguage":"pt-BR","@id":"https:\/\/patrocinados.estadao.com.br\/deloitte-jornada-da-sustentabilidade\/2021\/10\/11\/mercado-brasileiro-ve-operacoes-de-ma-com-cautela-e-otimismo\/#primaryimage","url":"https:\/\/patrocinados.estadao.com.br\/deloitte-jornada-da-sustentabilidade\/wp-content\/uploads\/2021\/10\/GettyImages-614877270-2.jpg","contentUrl":"https:\/\/patrocinados.estadao.com.br\/deloitte-jornada-da-sustentabilidade\/wp-content\/uploads\/2021\/10\/GettyImages-614877270-2.jpg","width":1098,"height":718},{"@type":"BreadcrumbList","@id":"https:\/\/patrocinados.estadao.com.br\/deloitte-jornada-da-sustentabilidade\/2021\/10\/11\/mercado-brasileiro-ve-operacoes-de-ma-com-cautela-e-otimismo\/#breadcrumb","itemListElement":[{"@type":"ListItem","position":1,"name":"In\u00edcio","item":"https:\/\/patrocinados.estadao.com.br\/deloitte-jornada-da-sustentabilidade\/"},{"@type":"ListItem","position":2,"name":"Mercado v\u00ea opera\u00e7\u00f5es de M&#038;A com otimismo cauteloso"}]},{"@type":"WebSite","@id":"https:\/\/patrocinados.estadao.com.br\/deloitte-jornada-da-sustentabilidade\/#website","url":"https:\/\/patrocinados.estadao.com.br\/deloitte-jornada-da-sustentabilidade\/","name":"Jornada da Sustentabilidade, oferecido por Deloitte","description":"Solu\u00e7\u00f5es de governan\u00e7a corporativa para seus desafios de neg\u00f3cios","potentialAction":[{"@type":"SearchAction","target":{"@type":"EntryPoint","urlTemplate":"https:\/\/patrocinados.estadao.com.br\/deloitte-jornada-da-sustentabilidade\/?s={search_term_string}"},"query-input":{"@type":"PropertyValueSpecification","valueRequired":true,"valueName":"search_term_string"}}],"inLanguage":"pt-BR"},{"@type":"Person","@id":"https:\/\/patrocinados.estadao.com.br\/deloitte-jornada-da-sustentabilidade\/#\/schema\/person\/9be56940425d4f31e0c82015d0fd725f","name":"Geosfera","image":{"@type":"ImageObject","inLanguage":"pt-BR","@id":"https:\/\/patrocinados.estadao.com.br\/deloitte-jornada-da-sustentabilidade\/#\/schema\/person\/image\/","url":"https:\/\/secure.gravatar.com\/avatar\/9d33d40efdce4963188a84bd4777a5f81f7c8e9cfcc15e6853c05f5cfee4c0ab?s=96&d=mm&r=g","contentUrl":"https:\/\/secure.gravatar.com\/avatar\/9d33d40efdce4963188a84bd4777a5f81f7c8e9cfcc15e6853c05f5cfee4c0ab?s=96&d=mm&r=g","caption":"Geosfera"},"sameAs":["http:\/\/geosfera.com.br"],"url":"https:\/\/patrocinados.estadao.com.br\/deloitte-jornada-da-sustentabilidade\/author\/geosfera_deloitte\/"}]}},"_links":{"self":[{"href":"https:\/\/patrocinados.estadao.com.br\/deloitte-jornada-da-sustentabilidade\/wp-json\/wp\/v2\/posts\/2054","targetHints":{"allow":["GET"]}}],"collection":[{"href":"https:\/\/patrocinados.estadao.com.br\/deloitte-jornada-da-sustentabilidade\/wp-json\/wp\/v2\/posts"}],"about":[{"href":"https:\/\/patrocinados.estadao.com.br\/deloitte-jornada-da-sustentabilidade\/wp-json\/wp\/v2\/types\/post"}],"author":[{"embeddable":true,"href":"https:\/\/patrocinados.estadao.com.br\/deloitte-jornada-da-sustentabilidade\/wp-json\/wp\/v2\/users\/2"}],"replies":[{"embeddable":true,"href":"https:\/\/patrocinados.estadao.com.br\/deloitte-jornada-da-sustentabilidade\/wp-json\/wp\/v2\/comments?post=2054"}],"version-history":[{"count":5,"href":"https:\/\/patrocinados.estadao.com.br\/deloitte-jornada-da-sustentabilidade\/wp-json\/wp\/v2\/posts\/2054\/revisions"}],"predecessor-version":[{"id":2061,"href":"https:\/\/patrocinados.estadao.com.br\/deloitte-jornada-da-sustentabilidade\/wp-json\/wp\/v2\/posts\/2054\/revisions\/2061"}],"wp:featuredmedia":[{"embeddable":true,"href":"https:\/\/patrocinados.estadao.com.br\/deloitte-jornada-da-sustentabilidade\/wp-json\/wp\/v2\/media\/2056"}],"wp:attachment":[{"href":"https:\/\/patrocinados.estadao.com.br\/deloitte-jornada-da-sustentabilidade\/wp-json\/wp\/v2\/media?parent=2054"}],"wp:term":[{"taxonomy":"category","embeddable":true,"href":"https:\/\/patrocinados.estadao.com.br\/deloitte-jornada-da-sustentabilidade\/wp-json\/wp\/v2\/categories?post=2054"},{"taxonomy":"post_tag","embeddable":true,"href":"https:\/\/patrocinados.estadao.com.br\/deloitte-jornada-da-sustentabilidade\/wp-json\/wp\/v2\/tags?post=2054"}],"curies":[{"name":"wp","href":"https:\/\/api.w.org\/{rel}","templated":true}]}}