{"id":196,"date":"2016-02-16T18:57:13","date_gmt":"2016-02-16T18:57:13","guid":{"rendered":"https:\/\/patrocinados.estadao.com.br\/deloitte-esg-esg\/?p=196"},"modified":"2021-09-20T12:48:00","modified_gmt":"2021-09-20T15:48:00","slug":"novo-relatorio-do-auditor-reforca-necessidade-de-informacoes-adicionais","status":"publish","type":"post","link":"https:\/\/patrocinados.estadao.com.br\/deloitte-jornada-da-sustentabilidade\/2016\/02\/16\/novo-relatorio-do-auditor-reforca-necessidade-de-informacoes-adicionais\/","title":{"rendered":"Novo relat\u00f3rio do auditor refor\u00e7a necessidade de informa\u00e7\u00f5es adicionais"},"content":{"rendered":"<p>Toda defini\u00e7\u00e3o do papel do auditor independente tem um componente em comum: fornecer ao mercado informa\u00e7\u00f5es claras e s\u00f3lidas, para investidores e empresas terem mais subs\u00eddios para auxili\u00e1-los no processo de suas pr\u00f3prias decis\u00f5es.<\/p>\n<p>Em um mercado din\u00e2mico, com maior n\u00famero e diversidade de participantes, bem como com demonstra\u00e7\u00f5es financeiras das empresas cada vez mais complexas, o auditor hoje recebe uma demanda urgente: assumir uma abordagem mais informativa e intelig\u00edvel para p\u00fablicos diversos.<\/p>\n<p>Uma resposta est\u00e1 a caminho: h\u00e1 um novo modelo de relat\u00f3rio do auditor para companhias abertas, cujas bases j\u00e1 foram aprovadas pelo International Federation of Accountants (Ifac) e est\u00e1 em fase de revis\u00e3o para emiss\u00e3o da correspondente norma no Brasil, aplic\u00e1vel para relat\u00f3rios emitidos a partir de 2017. A mudan\u00e7a sinaliza uma nova abordagem ao apresentar as informa\u00e7\u00f5es financeiras das companhias abertas.<\/p>\n<p>O novo relat\u00f3rio manter\u00e1 a natureza bin\u00e1ria da opini\u00e3o do auditor, que \u00e9 entendida como importante pelo mercado. Contudo, h\u00e1 exig\u00eancia de complementa\u00e7\u00e3o, com descri\u00e7\u00f5es mais espec\u00edficas a respeito de \u201cassuntos-chave\u201d, principalmente os relacionados a \u00e1reas de julgamentos profissionais.<\/p>\n<p><strong>Informa\u00e7\u00e3o em primeiro lugar<\/strong><\/p>\n<p>A parte inicial do relat\u00f3rio dever\u00e1 ser destinada \u00e0 opini\u00e3o do auditor independente e \u00e0 descri\u00e7\u00e3o do que foi examinado, com o detalhamento do que serviu como base para a forma\u00e7\u00e3o da opini\u00e3o do profissional.<\/p>\n<p>Na sequ\u00eancia, dever\u00e1 vir a descri\u00e7\u00e3o dos \u201cassuntos-chave\u201d da auditoria, como \u00e1reas de risco significativo, \u00e1reas em que o auditor considerou como de maior risco e circunst\u00e2ncias que exijam mudan\u00e7as no curso dos trabalhos de auditoria.<\/p>\n<p>O novo modelo de relat\u00f3rio dever\u00e1 ser estruturado como definido na norma internacional de auditoria, editada pelo Ifac: a ISA 701. No novo relat\u00f3rio, o auditor deve detalhar o que serviu como base para a elabora\u00e7\u00e3o da sua opini\u00e3o, \u00e1reas consideradas de maior risco e aspectos observados, \u201cassuntos-chave\u201d e a avalia\u00e7\u00e3o da administra\u00e7\u00e3o da companhia sobre a capacidade de continuidade operacional.<\/p>\n<p>A responsabilidade para as premissas sobre continuidade operacional continua com a administra\u00e7\u00e3o da companhia, cabendo ao profissional de auditoria auditar e desafiar as premissas e julgamentos considerados pela administra\u00e7\u00e3o.<\/p>\n<p>O objetivo do novo relat\u00f3rio \u00e9 tamb\u00e9m minimizar a reda\u00e7\u00e3o padronizada, j\u00e1 que cada companhia e cada grupo de ind\u00fastria possui caracter\u00edsticas pr\u00f3prias. Esse novo modelo tamb\u00e9m deve provocar maior intera\u00e7\u00e3o entre os comit\u00eas de auditoria (ou conselhos e \u00f3rg\u00e3os de governan\u00e7a equivalente de cada companhia) e os auditores.<\/p>\n<p>O comit\u00ea de auditoria ou \u00f3rg\u00e3o de governan\u00e7a equivalente deve trabalhar com a administra\u00e7\u00e3o e o auditor independente para ter certeza de que os controles internos adequados est\u00e3o em vigor e devidamente documentados em todas as \u00e1reas relevantes do neg\u00f3cio, mitigando riscos.<\/p>\n","protected":false},"excerpt":{"rendered":"<p>O modelo ser\u00e1 aplic\u00e1vel a partir de 2017 e exigir\u00e1 descri\u00e7\u00f5es mais espec\u00edficas sobre assuntos-chave<\/p>\n","protected":false},"author":2,"featured_media":1741,"comment_status":"open","ping_status":"closed","sticky":false,"template":"","format":"standard","meta":{"_acf_changed":false,"footnotes":""},"categories":[1],"tags":[],"class_list":["post-196","post","type-post","status-publish","format-standard","has-post-thumbnail","hentry","category-sem-categoria"],"acf":[],"yoast_head":"<!-- This site is optimized with the Yoast SEO plugin v27.1.1 - https:\/\/yoast.com\/product\/yoast-seo-wordpress\/ -->\n<title>Novo relat\u00f3rio do auditor refor\u00e7a necessidade de informa\u00e7\u00f5es adicionais - Jornada da Sustentabilidade, oferecido por Deloitte<\/title>\n<meta name=\"robots\" content=\"index, follow, max-snippet:-1, max-image-preview:large, max-video-preview:-1\" \/>\n<link rel=\"canonical\" href=\"https:\/\/patrocinados.estadao.com.br\/deloitte-jornada-da-sustentabilidade\/2016\/02\/16\/novo-relatorio-do-auditor-reforca-necessidade-de-informacoes-adicionais\/\" \/>\n<meta property=\"og:locale\" content=\"pt_BR\" \/>\n<meta property=\"og:type\" content=\"article\" \/>\n<meta property=\"og:title\" content=\"Novo relat\u00f3rio do auditor refor\u00e7a necessidade de informa\u00e7\u00f5es adicionais - Jornada da Sustentabilidade, oferecido por Deloitte\" \/>\n<meta property=\"og:description\" content=\"O modelo ser\u00e1 aplic\u00e1vel a partir de 2017 e exigir\u00e1 descri\u00e7\u00f5es mais espec\u00edficas sobre assuntos-chave\" \/>\n<meta property=\"og:url\" content=\"https:\/\/patrocinados.estadao.com.br\/deloitte-jornada-da-sustentabilidade\/2016\/02\/16\/novo-relatorio-do-auditor-reforca-necessidade-de-informacoes-adicionais\/\" \/>\n<meta property=\"og:site_name\" content=\"Jornada da Sustentabilidade, oferecido por Deloitte\" \/>\n<meta property=\"article:published_time\" content=\"2016-02-16T18:57:13+00:00\" \/>\n<meta property=\"article:modified_time\" content=\"2021-09-20T15:48:00+00:00\" \/>\n<meta property=\"og:image\" content=\"https:\/\/patrocinados.estadao.com.br\/deloitte-jornada-da-sustentabilidade\/wp-content\/uploads\/2021\/09\/35_932.jpg\" \/>\n\t<meta property=\"og:image:width\" content=\"932\" \/>\n\t<meta property=\"og:image:height\" content=\"524\" \/>\n\t<meta property=\"og:image:type\" content=\"image\/jpeg\" \/>\n<meta name=\"author\" content=\"Geosfera\" \/>\n<meta name=\"twitter:card\" content=\"summary_large_image\" \/>\n<meta name=\"twitter:label1\" content=\"Escrito por\" \/>\n\t<meta name=\"twitter:data1\" content=\"Geosfera\" \/>\n\t<meta name=\"twitter:label2\" content=\"Est. tempo de leitura\" \/>\n\t<meta name=\"twitter:data2\" content=\"2 minutos\" \/>\n<script type=\"application\/ld+json\" class=\"yoast-schema-graph\">{\"@context\":\"https:\/\/schema.org\",\"@graph\":[{\"@type\":\"Article\",\"@id\":\"https:\/\/patrocinados.estadao.com.br\/deloitte-jornada-da-sustentabilidade\/2016\/02\/16\/novo-relatorio-do-auditor-reforca-necessidade-de-informacoes-adicionais\/#article\",\"isPartOf\":{\"@id\":\"https:\/\/patrocinados.estadao.com.br\/deloitte-jornada-da-sustentabilidade\/2016\/02\/16\/novo-relatorio-do-auditor-reforca-necessidade-de-informacoes-adicionais\/\"},\"author\":{\"name\":\"Geosfera\",\"@id\":\"https:\/\/patrocinados.estadao.com.br\/deloitte-jornada-da-sustentabilidade\/#\/schema\/person\/9be56940425d4f31e0c82015d0fd725f\"},\"headline\":\"Novo relat\u00f3rio do auditor refor\u00e7a necessidade de informa\u00e7\u00f5es adicionais\",\"datePublished\":\"2016-02-16T18:57:13+00:00\",\"dateModified\":\"2021-09-20T15:48:00+00:00\",\"mainEntityOfPage\":{\"@id\":\"https:\/\/patrocinados.estadao.com.br\/deloitte-jornada-da-sustentabilidade\/2016\/02\/16\/novo-relatorio-do-auditor-reforca-necessidade-de-informacoes-adicionais\/\"},\"wordCount\":496,\"commentCount\":0,\"image\":{\"@id\":\"https:\/\/patrocinados.estadao.com.br\/deloitte-jornada-da-sustentabilidade\/2016\/02\/16\/novo-relatorio-do-auditor-reforca-necessidade-de-informacoes-adicionais\/#primaryimage\"},\"thumbnailUrl\":\"https:\/\/patrocinados.estadao.com.br\/deloitte-jornada-da-sustentabilidade\/wp-content\/uploads\/2021\/09\/35_932.jpg\",\"inLanguage\":\"pt-BR\",\"potentialAction\":[{\"@type\":\"CommentAction\",\"name\":\"Comment\",\"target\":[\"https:\/\/patrocinados.estadao.com.br\/deloitte-jornada-da-sustentabilidade\/2016\/02\/16\/novo-relatorio-do-auditor-reforca-necessidade-de-informacoes-adicionais\/#respond\"]}]},{\"@type\":\"WebPage\",\"@id\":\"https:\/\/patrocinados.estadao.com.br\/deloitte-jornada-da-sustentabilidade\/2016\/02\/16\/novo-relatorio-do-auditor-reforca-necessidade-de-informacoes-adicionais\/\",\"url\":\"https:\/\/patrocinados.estadao.com.br\/deloitte-jornada-da-sustentabilidade\/2016\/02\/16\/novo-relatorio-do-auditor-reforca-necessidade-de-informacoes-adicionais\/\",\"name\":\"Novo relat\u00f3rio do auditor refor\u00e7a necessidade de informa\u00e7\u00f5es adicionais - Jornada da Sustentabilidade, oferecido por Deloitte\",\"isPartOf\":{\"@id\":\"https:\/\/patrocinados.estadao.com.br\/deloitte-jornada-da-sustentabilidade\/#website\"},\"primaryImageOfPage\":{\"@id\":\"https:\/\/patrocinados.estadao.com.br\/deloitte-jornada-da-sustentabilidade\/2016\/02\/16\/novo-relatorio-do-auditor-reforca-necessidade-de-informacoes-adicionais\/#primaryimage\"},\"image\":{\"@id\":\"https:\/\/patrocinados.estadao.com.br\/deloitte-jornada-da-sustentabilidade\/2016\/02\/16\/novo-relatorio-do-auditor-reforca-necessidade-de-informacoes-adicionais\/#primaryimage\"},\"thumbnailUrl\":\"https:\/\/patrocinados.estadao.com.br\/deloitte-jornada-da-sustentabilidade\/wp-content\/uploads\/2021\/09\/35_932.jpg\",\"datePublished\":\"2016-02-16T18:57:13+00:00\",\"dateModified\":\"2021-09-20T15:48:00+00:00\",\"author\":{\"@id\":\"https:\/\/patrocinados.estadao.com.br\/deloitte-jornada-da-sustentabilidade\/#\/schema\/person\/9be56940425d4f31e0c82015d0fd725f\"},\"breadcrumb\":{\"@id\":\"https:\/\/patrocinados.estadao.com.br\/deloitte-jornada-da-sustentabilidade\/2016\/02\/16\/novo-relatorio-do-auditor-reforca-necessidade-de-informacoes-adicionais\/#breadcrumb\"},\"inLanguage\":\"pt-BR\",\"potentialAction\":[{\"@type\":\"ReadAction\",\"target\":[\"https:\/\/patrocinados.estadao.com.br\/deloitte-jornada-da-sustentabilidade\/2016\/02\/16\/novo-relatorio-do-auditor-reforca-necessidade-de-informacoes-adicionais\/\"]}]},{\"@type\":\"ImageObject\",\"inLanguage\":\"pt-BR\",\"@id\":\"https:\/\/patrocinados.estadao.com.br\/deloitte-jornada-da-sustentabilidade\/2016\/02\/16\/novo-relatorio-do-auditor-reforca-necessidade-de-informacoes-adicionais\/#primaryimage\",\"url\":\"https:\/\/patrocinados.estadao.com.br\/deloitte-jornada-da-sustentabilidade\/wp-content\/uploads\/2021\/09\/35_932.jpg\",\"contentUrl\":\"https:\/\/patrocinados.estadao.com.br\/deloitte-jornada-da-sustentabilidade\/wp-content\/uploads\/2021\/09\/35_932.jpg\",\"width\":932,\"height\":524},{\"@type\":\"BreadcrumbList\",\"@id\":\"https:\/\/patrocinados.estadao.com.br\/deloitte-jornada-da-sustentabilidade\/2016\/02\/16\/novo-relatorio-do-auditor-reforca-necessidade-de-informacoes-adicionais\/#breadcrumb\",\"itemListElement\":[{\"@type\":\"ListItem\",\"position\":1,\"name\":\"In\u00edcio\",\"item\":\"https:\/\/patrocinados.estadao.com.br\/deloitte-jornada-da-sustentabilidade\/\"},{\"@type\":\"ListItem\",\"position\":2,\"name\":\"Novo relat\u00f3rio do auditor refor\u00e7a necessidade de informa\u00e7\u00f5es adicionais\"}]},{\"@type\":\"WebSite\",\"@id\":\"https:\/\/patrocinados.estadao.com.br\/deloitte-jornada-da-sustentabilidade\/#website\",\"url\":\"https:\/\/patrocinados.estadao.com.br\/deloitte-jornada-da-sustentabilidade\/\",\"name\":\"Jornada da Sustentabilidade, oferecido por Deloitte\",\"description\":\"Solu\u00e7\u00f5es de governan\u00e7a corporativa para seus desafios de neg\u00f3cios\",\"potentialAction\":[{\"@type\":\"SearchAction\",\"target\":{\"@type\":\"EntryPoint\",\"urlTemplate\":\"https:\/\/patrocinados.estadao.com.br\/deloitte-jornada-da-sustentabilidade\/?s={search_term_string}\"},\"query-input\":{\"@type\":\"PropertyValueSpecification\",\"valueRequired\":true,\"valueName\":\"search_term_string\"}}],\"inLanguage\":\"pt-BR\"},{\"@type\":\"Person\",\"@id\":\"https:\/\/patrocinados.estadao.com.br\/deloitte-jornada-da-sustentabilidade\/#\/schema\/person\/9be56940425d4f31e0c82015d0fd725f\",\"name\":\"Geosfera\",\"image\":{\"@type\":\"ImageObject\",\"inLanguage\":\"pt-BR\",\"@id\":\"https:\/\/patrocinados.estadao.com.br\/deloitte-jornada-da-sustentabilidade\/#\/schema\/person\/image\/\",\"url\":\"https:\/\/secure.gravatar.com\/avatar\/9d33d40efdce4963188a84bd4777a5f81f7c8e9cfcc15e6853c05f5cfee4c0ab?s=96&d=mm&r=g\",\"contentUrl\":\"https:\/\/secure.gravatar.com\/avatar\/9d33d40efdce4963188a84bd4777a5f81f7c8e9cfcc15e6853c05f5cfee4c0ab?s=96&d=mm&r=g\",\"caption\":\"Geosfera\"},\"sameAs\":[\"http:\/\/geosfera.com.br\"],\"url\":\"https:\/\/patrocinados.estadao.com.br\/deloitte-jornada-da-sustentabilidade\/author\/geosfera_deloitte\/\"}]}<\/script>\n<!-- \/ Yoast SEO plugin. -->","yoast_head_json":{"title":"Novo relat\u00f3rio do auditor refor\u00e7a necessidade de informa\u00e7\u00f5es adicionais - Jornada da Sustentabilidade, oferecido por Deloitte","robots":{"index":"index","follow":"follow","max-snippet":"max-snippet:-1","max-image-preview":"max-image-preview:large","max-video-preview":"max-video-preview:-1"},"canonical":"https:\/\/patrocinados.estadao.com.br\/deloitte-jornada-da-sustentabilidade\/2016\/02\/16\/novo-relatorio-do-auditor-reforca-necessidade-de-informacoes-adicionais\/","og_locale":"pt_BR","og_type":"article","og_title":"Novo relat\u00f3rio do auditor refor\u00e7a necessidade de informa\u00e7\u00f5es adicionais - Jornada da Sustentabilidade, oferecido por Deloitte","og_description":"O modelo ser\u00e1 aplic\u00e1vel a partir de 2017 e exigir\u00e1 descri\u00e7\u00f5es mais espec\u00edficas sobre assuntos-chave","og_url":"https:\/\/patrocinados.estadao.com.br\/deloitte-jornada-da-sustentabilidade\/2016\/02\/16\/novo-relatorio-do-auditor-reforca-necessidade-de-informacoes-adicionais\/","og_site_name":"Jornada da Sustentabilidade, oferecido por Deloitte","article_published_time":"2016-02-16T18:57:13+00:00","article_modified_time":"2021-09-20T15:48:00+00:00","og_image":[{"width":932,"height":524,"url":"https:\/\/patrocinados.estadao.com.br\/deloitte-jornada-da-sustentabilidade\/wp-content\/uploads\/2021\/09\/35_932.jpg","type":"image\/jpeg"}],"author":"Geosfera","twitter_card":"summary_large_image","twitter_misc":{"Escrito por":"Geosfera","Est. tempo de leitura":"2 minutos"},"schema":{"@context":"https:\/\/schema.org","@graph":[{"@type":"Article","@id":"https:\/\/patrocinados.estadao.com.br\/deloitte-jornada-da-sustentabilidade\/2016\/02\/16\/novo-relatorio-do-auditor-reforca-necessidade-de-informacoes-adicionais\/#article","isPartOf":{"@id":"https:\/\/patrocinados.estadao.com.br\/deloitte-jornada-da-sustentabilidade\/2016\/02\/16\/novo-relatorio-do-auditor-reforca-necessidade-de-informacoes-adicionais\/"},"author":{"name":"Geosfera","@id":"https:\/\/patrocinados.estadao.com.br\/deloitte-jornada-da-sustentabilidade\/#\/schema\/person\/9be56940425d4f31e0c82015d0fd725f"},"headline":"Novo relat\u00f3rio do auditor refor\u00e7a necessidade de informa\u00e7\u00f5es adicionais","datePublished":"2016-02-16T18:57:13+00:00","dateModified":"2021-09-20T15:48:00+00:00","mainEntityOfPage":{"@id":"https:\/\/patrocinados.estadao.com.br\/deloitte-jornada-da-sustentabilidade\/2016\/02\/16\/novo-relatorio-do-auditor-reforca-necessidade-de-informacoes-adicionais\/"},"wordCount":496,"commentCount":0,"image":{"@id":"https:\/\/patrocinados.estadao.com.br\/deloitte-jornada-da-sustentabilidade\/2016\/02\/16\/novo-relatorio-do-auditor-reforca-necessidade-de-informacoes-adicionais\/#primaryimage"},"thumbnailUrl":"https:\/\/patrocinados.estadao.com.br\/deloitte-jornada-da-sustentabilidade\/wp-content\/uploads\/2021\/09\/35_932.jpg","inLanguage":"pt-BR","potentialAction":[{"@type":"CommentAction","name":"Comment","target":["https:\/\/patrocinados.estadao.com.br\/deloitte-jornada-da-sustentabilidade\/2016\/02\/16\/novo-relatorio-do-auditor-reforca-necessidade-de-informacoes-adicionais\/#respond"]}]},{"@type":"WebPage","@id":"https:\/\/patrocinados.estadao.com.br\/deloitte-jornada-da-sustentabilidade\/2016\/02\/16\/novo-relatorio-do-auditor-reforca-necessidade-de-informacoes-adicionais\/","url":"https:\/\/patrocinados.estadao.com.br\/deloitte-jornada-da-sustentabilidade\/2016\/02\/16\/novo-relatorio-do-auditor-reforca-necessidade-de-informacoes-adicionais\/","name":"Novo relat\u00f3rio do auditor refor\u00e7a necessidade de informa\u00e7\u00f5es adicionais - Jornada da Sustentabilidade, oferecido por Deloitte","isPartOf":{"@id":"https:\/\/patrocinados.estadao.com.br\/deloitte-jornada-da-sustentabilidade\/#website"},"primaryImageOfPage":{"@id":"https:\/\/patrocinados.estadao.com.br\/deloitte-jornada-da-sustentabilidade\/2016\/02\/16\/novo-relatorio-do-auditor-reforca-necessidade-de-informacoes-adicionais\/#primaryimage"},"image":{"@id":"https:\/\/patrocinados.estadao.com.br\/deloitte-jornada-da-sustentabilidade\/2016\/02\/16\/novo-relatorio-do-auditor-reforca-necessidade-de-informacoes-adicionais\/#primaryimage"},"thumbnailUrl":"https:\/\/patrocinados.estadao.com.br\/deloitte-jornada-da-sustentabilidade\/wp-content\/uploads\/2021\/09\/35_932.jpg","datePublished":"2016-02-16T18:57:13+00:00","dateModified":"2021-09-20T15:48:00+00:00","author":{"@id":"https:\/\/patrocinados.estadao.com.br\/deloitte-jornada-da-sustentabilidade\/#\/schema\/person\/9be56940425d4f31e0c82015d0fd725f"},"breadcrumb":{"@id":"https:\/\/patrocinados.estadao.com.br\/deloitte-jornada-da-sustentabilidade\/2016\/02\/16\/novo-relatorio-do-auditor-reforca-necessidade-de-informacoes-adicionais\/#breadcrumb"},"inLanguage":"pt-BR","potentialAction":[{"@type":"ReadAction","target":["https:\/\/patrocinados.estadao.com.br\/deloitte-jornada-da-sustentabilidade\/2016\/02\/16\/novo-relatorio-do-auditor-reforca-necessidade-de-informacoes-adicionais\/"]}]},{"@type":"ImageObject","inLanguage":"pt-BR","@id":"https:\/\/patrocinados.estadao.com.br\/deloitte-jornada-da-sustentabilidade\/2016\/02\/16\/novo-relatorio-do-auditor-reforca-necessidade-de-informacoes-adicionais\/#primaryimage","url":"https:\/\/patrocinados.estadao.com.br\/deloitte-jornada-da-sustentabilidade\/wp-content\/uploads\/2021\/09\/35_932.jpg","contentUrl":"https:\/\/patrocinados.estadao.com.br\/deloitte-jornada-da-sustentabilidade\/wp-content\/uploads\/2021\/09\/35_932.jpg","width":932,"height":524},{"@type":"BreadcrumbList","@id":"https:\/\/patrocinados.estadao.com.br\/deloitte-jornada-da-sustentabilidade\/2016\/02\/16\/novo-relatorio-do-auditor-reforca-necessidade-de-informacoes-adicionais\/#breadcrumb","itemListElement":[{"@type":"ListItem","position":1,"name":"In\u00edcio","item":"https:\/\/patrocinados.estadao.com.br\/deloitte-jornada-da-sustentabilidade\/"},{"@type":"ListItem","position":2,"name":"Novo relat\u00f3rio do auditor refor\u00e7a necessidade de informa\u00e7\u00f5es adicionais"}]},{"@type":"WebSite","@id":"https:\/\/patrocinados.estadao.com.br\/deloitte-jornada-da-sustentabilidade\/#website","url":"https:\/\/patrocinados.estadao.com.br\/deloitte-jornada-da-sustentabilidade\/","name":"Jornada da Sustentabilidade, oferecido por Deloitte","description":"Solu\u00e7\u00f5es de governan\u00e7a corporativa para seus desafios de neg\u00f3cios","potentialAction":[{"@type":"SearchAction","target":{"@type":"EntryPoint","urlTemplate":"https:\/\/patrocinados.estadao.com.br\/deloitte-jornada-da-sustentabilidade\/?s={search_term_string}"},"query-input":{"@type":"PropertyValueSpecification","valueRequired":true,"valueName":"search_term_string"}}],"inLanguage":"pt-BR"},{"@type":"Person","@id":"https:\/\/patrocinados.estadao.com.br\/deloitte-jornada-da-sustentabilidade\/#\/schema\/person\/9be56940425d4f31e0c82015d0fd725f","name":"Geosfera","image":{"@type":"ImageObject","inLanguage":"pt-BR","@id":"https:\/\/patrocinados.estadao.com.br\/deloitte-jornada-da-sustentabilidade\/#\/schema\/person\/image\/","url":"https:\/\/secure.gravatar.com\/avatar\/9d33d40efdce4963188a84bd4777a5f81f7c8e9cfcc15e6853c05f5cfee4c0ab?s=96&d=mm&r=g","contentUrl":"https:\/\/secure.gravatar.com\/avatar\/9d33d40efdce4963188a84bd4777a5f81f7c8e9cfcc15e6853c05f5cfee4c0ab?s=96&d=mm&r=g","caption":"Geosfera"},"sameAs":["http:\/\/geosfera.com.br"],"url":"https:\/\/patrocinados.estadao.com.br\/deloitte-jornada-da-sustentabilidade\/author\/geosfera_deloitte\/"}]}},"_links":{"self":[{"href":"https:\/\/patrocinados.estadao.com.br\/deloitte-jornada-da-sustentabilidade\/wp-json\/wp\/v2\/posts\/196","targetHints":{"allow":["GET"]}}],"collection":[{"href":"https:\/\/patrocinados.estadao.com.br\/deloitte-jornada-da-sustentabilidade\/wp-json\/wp\/v2\/posts"}],"about":[{"href":"https:\/\/patrocinados.estadao.com.br\/deloitte-jornada-da-sustentabilidade\/wp-json\/wp\/v2\/types\/post"}],"author":[{"embeddable":true,"href":"https:\/\/patrocinados.estadao.com.br\/deloitte-jornada-da-sustentabilidade\/wp-json\/wp\/v2\/users\/2"}],"replies":[{"embeddable":true,"href":"https:\/\/patrocinados.estadao.com.br\/deloitte-jornada-da-sustentabilidade\/wp-json\/wp\/v2\/comments?post=196"}],"version-history":[{"count":1,"href":"https:\/\/patrocinados.estadao.com.br\/deloitte-jornada-da-sustentabilidade\/wp-json\/wp\/v2\/posts\/196\/revisions"}],"predecessor-version":[{"id":1964,"href":"https:\/\/patrocinados.estadao.com.br\/deloitte-jornada-da-sustentabilidade\/wp-json\/wp\/v2\/posts\/196\/revisions\/1964"}],"wp:featuredmedia":[{"embeddable":true,"href":"https:\/\/patrocinados.estadao.com.br\/deloitte-jornada-da-sustentabilidade\/wp-json\/wp\/v2\/media\/1741"}],"wp:attachment":[{"href":"https:\/\/patrocinados.estadao.com.br\/deloitte-jornada-da-sustentabilidade\/wp-json\/wp\/v2\/media?parent=196"}],"wp:term":[{"taxonomy":"category","embeddable":true,"href":"https:\/\/patrocinados.estadao.com.br\/deloitte-jornada-da-sustentabilidade\/wp-json\/wp\/v2\/categories?post=196"},{"taxonomy":"post_tag","embeddable":true,"href":"https:\/\/patrocinados.estadao.com.br\/deloitte-jornada-da-sustentabilidade\/wp-json\/wp\/v2\/tags?post=196"}],"curies":[{"name":"wp","href":"https:\/\/api.w.org\/{rel}","templated":true}]}}