{"id":193,"date":"2016-02-02T18:50:31","date_gmt":"2016-02-02T18:50:31","guid":{"rendered":"https:\/\/patrocinados.estadao.com.br\/deloitte-esg-esg\/?p=193"},"modified":"2021-09-20T12:48:33","modified_gmt":"2021-09-20T15:48:33","slug":"governanca-de-dados-ganha-mais-importancia-dentro-das-empresas","status":"publish","type":"post","link":"https:\/\/patrocinados.estadao.com.br\/deloitte-jornada-da-sustentabilidade\/2016\/02\/02\/governanca-de-dados-ganha-mais-importancia-dentro-das-empresas\/","title":{"rendered":"Governan\u00e7a de dados ganha mais import\u00e2ncia dentro das empresas"},"content":{"rendered":"<p>Os termos big data e analytics j\u00e1 perderam, h\u00e1 algum tempo, a alcunha de tend\u00eancia. S\u00e3o, agora, realidade di\u00e1ria para muitas empresas \u2013 em algumas delas, inclusive, parte do modelo de neg\u00f3cios. A an\u00e1lise estrat\u00e9gica de imensos volumes de dados, ali\u00e1s, cresce a um ritmo cada vez maior. Se, por um lado, essa an\u00e1lise se tornou uma atividade mais descentralizada e democr\u00e1tica, pelo maior acesso \u00e0s ferramentas anal\u00edticas, por outro, o armazenamento de dados com a governan\u00e7a centralizada virou um imperativo.<\/p>\n<p>\u201cO conceito de COE [Center of Excellence \u2013 centros de excel\u00eancia para governan\u00e7a de dados], que estabelece pol\u00edticas de seguran\u00e7a, padr\u00f5es de ferramentas e arquitetura de dados, constitui uma nova \u00e1rea dentro das empresas\u201d, explica Marcia Ogawa Matsubayashi, s\u00f3cia-l\u00edder da Deloitte respons\u00e1vel pelas solu\u00e7\u00f5es de Analytics. Segundo ela, o papel do CDO (Chief Data Officer) se faz necess\u00e1rio, \u00e0 medida que as empresas se tornam \u201canalytics-driven\u201d \u2013 ou seja, t\u00eam em seu modelo de neg\u00f3cio a capacidade de armazenar e analisar grande volume de dados.<\/p>\n<p>Essa n\u00e3o \u00e9 uma realidade apenas das empresas de maior porte, de acordo com M\u00e1rcia. \u201cVeja, por exemplo, as empresas que j\u00e1 nasceram com o conceito de explorar dados. Elas foram start-ups algum dia, por\u00e9m j\u00e1 nasceram \u2018analytics-driven\u2019\u201d, diz ela. \u201cToda empresa poder\u00e1 explorar dados de maneira inteligente. Hoje, a infraestrutura para armazenamento e an\u00e1lise \u00e9 acess\u00edvel para qualquer empresa.\u201d<\/p>\n<p>Quanto ao gerenciamento dessas informa\u00e7\u00f5es, a executiva explica que, nas empresas que s\u00e3o \u201canalytics-driven\u201d e naquelas que valorizam o uso intensivo das informa\u00e7\u00f5es, os Centros de Excel\u00eancia em Analytics (COE) ficam abaixo do CEO. \u201cEsse centro de excel\u00eancia interage com outras \u00e1reas, tais como marketing, finan\u00e7as e tecnologia\u201d, declara.<\/p>\n<p><strong>Atua\u00e7\u00e3o conjunta para resultados melhores<\/strong><\/p>\n<p>O gerenciamento de grande volume de dados traz alguns benef\u00edcios diretos, tais como aumentar a efici\u00eancia das opera\u00e7\u00f5es, mitigar riscos e fraudes e tornar as a\u00e7\u00f5es de marketing. \u201cOutro grande benef\u00edcio \u00e9 a cria\u00e7\u00e3o de novos modelos de neg\u00f3cios, atrav\u00e9s do uso intensivo de informa\u00e7\u00f5es\u201d, diz M\u00e1rcia.<\/p>\n<p>Al\u00e9m das \u00e1reas diretamente envolvidas, as companhias devem ter a preocupa\u00e7\u00e3o de preparar e conscientizar seus funcion\u00e1rios para o uso destes dados. \u201cA quest\u00e3o inicial \u00e9 a conscientiza\u00e7\u00e3o do CEO da empresa. Ele precisa acreditar e promover a mudan\u00e7a. As empresas bem-sucedidas nesses programas t\u00eam o CEO como grande patrocinador da decis\u00e3o\u201d, explica.<\/p>\n<p>Em seguida, \u00e9 necess\u00e1rio identificar uma \u00e1rea, ou l\u00edder, que iniciar\u00e1 o processo. Pode ser \u00e1rea de marketing, riscos, finan\u00e7as ou mesmo TI. \u201cA TI sozinha n\u00e3o conseguir\u00e1 promover a mudan\u00e7a: vai precisar de um parceiro de neg\u00f3cios\u201d, alerta. O passo seguinte \u00e9 construir pequenos projetos, r\u00e1pidos e de grande impacto nos neg\u00f3cios que, segundo Marcia, far\u00e3o \u201ca roda girar\u201d.<\/p>\n<p>A partir destas pequenas conquistas, dissemina-se o conceito para a organiza\u00e7\u00e3o inteira. Como conclui M\u00e1rcia: \u201cDepois que os usu\u00e1rios veem valor nas solu\u00e7\u00f5es focadas em grandes volumes de dados, as ferramentas se proliferam dentro das estruturas organizacionais\u201d.<\/p>\n<p>&nbsp;<\/p>\n","protected":false},"excerpt":{"rendered":"<p>Esta n\u00e3o \u00e9 uma realidade apenas das companhias de grande porte \u2013 qualquer neg\u00f3cio pode explorar dados de maneira inteligente<\/p>\n","protected":false},"author":2,"featured_media":1740,"comment_status":"open","ping_status":"closed","sticky":false,"template":"","format":"standard","meta":{"_acf_changed":false,"footnotes":""},"categories":[1],"tags":[],"class_list":["post-193","post","type-post","status-publish","format-standard","has-post-thumbnail","hentry","category-sem-categoria"],"acf":[],"yoast_head":"<!-- This site is optimized with the Yoast SEO plugin v27.1.1 - https:\/\/yoast.com\/product\/yoast-seo-wordpress\/ -->\n<title>Governan\u00e7a de dados ganha mais import\u00e2ncia dentro das empresas - Jornada da Sustentabilidade, oferecido por Deloitte<\/title>\n<meta name=\"robots\" content=\"index, follow, max-snippet:-1, max-image-preview:large, max-video-preview:-1\" \/>\n<link rel=\"canonical\" href=\"https:\/\/patrocinados.estadao.com.br\/deloitte-jornada-da-sustentabilidade\/2016\/02\/02\/governanca-de-dados-ganha-mais-importancia-dentro-das-empresas\/\" \/>\n<meta property=\"og:locale\" content=\"pt_BR\" \/>\n<meta property=\"og:type\" content=\"article\" \/>\n<meta property=\"og:title\" content=\"Governan\u00e7a de dados ganha mais import\u00e2ncia dentro das empresas - Jornada da Sustentabilidade, oferecido por Deloitte\" \/>\n<meta property=\"og:description\" content=\"Esta n\u00e3o \u00e9 uma realidade apenas das companhias de grande porte \u2013 qualquer neg\u00f3cio pode explorar dados de maneira inteligente\" \/>\n<meta property=\"og:url\" content=\"https:\/\/patrocinados.estadao.com.br\/deloitte-jornada-da-sustentabilidade\/2016\/02\/02\/governanca-de-dados-ganha-mais-importancia-dentro-das-empresas\/\" \/>\n<meta property=\"og:site_name\" content=\"Jornada da Sustentabilidade, oferecido por Deloitte\" \/>\n<meta property=\"article:published_time\" content=\"2016-02-02T18:50:31+00:00\" \/>\n<meta property=\"article:modified_time\" content=\"2021-09-20T15:48:33+00:00\" \/>\n<meta property=\"og:image\" content=\"https:\/\/patrocinados.estadao.com.br\/deloitte-jornada-da-sustentabilidade\/wp-content\/uploads\/2021\/09\/34_932.jpg\" \/>\n\t<meta property=\"og:image:width\" content=\"932\" \/>\n\t<meta property=\"og:image:height\" content=\"524\" \/>\n\t<meta property=\"og:image:type\" content=\"image\/jpeg\" \/>\n<meta name=\"author\" content=\"Geosfera\" \/>\n<meta name=\"twitter:card\" content=\"summary_large_image\" \/>\n<meta name=\"twitter:label1\" content=\"Escrito por\" \/>\n\t<meta name=\"twitter:data1\" content=\"Geosfera\" \/>\n\t<meta name=\"twitter:label2\" content=\"Est. tempo de leitura\" \/>\n\t<meta name=\"twitter:data2\" content=\"3 minutos\" \/>\n<script type=\"application\/ld+json\" class=\"yoast-schema-graph\">{\"@context\":\"https:\/\/schema.org\",\"@graph\":[{\"@type\":\"Article\",\"@id\":\"https:\/\/patrocinados.estadao.com.br\/deloitte-jornada-da-sustentabilidade\/2016\/02\/02\/governanca-de-dados-ganha-mais-importancia-dentro-das-empresas\/#article\",\"isPartOf\":{\"@id\":\"https:\/\/patrocinados.estadao.com.br\/deloitte-jornada-da-sustentabilidade\/2016\/02\/02\/governanca-de-dados-ganha-mais-importancia-dentro-das-empresas\/\"},\"author\":{\"name\":\"Geosfera\",\"@id\":\"https:\/\/patrocinados.estadao.com.br\/deloitte-jornada-da-sustentabilidade\/#\/schema\/person\/9be56940425d4f31e0c82015d0fd725f\"},\"headline\":\"Governan\u00e7a de dados ganha mais import\u00e2ncia dentro das empresas\",\"datePublished\":\"2016-02-02T18:50:31+00:00\",\"dateModified\":\"2021-09-20T15:48:33+00:00\",\"mainEntityOfPage\":{\"@id\":\"https:\/\/patrocinados.estadao.com.br\/deloitte-jornada-da-sustentabilidade\/2016\/02\/02\/governanca-de-dados-ganha-mais-importancia-dentro-das-empresas\/\"},\"wordCount\":545,\"commentCount\":0,\"image\":{\"@id\":\"https:\/\/patrocinados.estadao.com.br\/deloitte-jornada-da-sustentabilidade\/2016\/02\/02\/governanca-de-dados-ganha-mais-importancia-dentro-das-empresas\/#primaryimage\"},\"thumbnailUrl\":\"https:\/\/patrocinados.estadao.com.br\/deloitte-jornada-da-sustentabilidade\/wp-content\/uploads\/2021\/09\/34_932.jpg\",\"inLanguage\":\"pt-BR\",\"potentialAction\":[{\"@type\":\"CommentAction\",\"name\":\"Comment\",\"target\":[\"https:\/\/patrocinados.estadao.com.br\/deloitte-jornada-da-sustentabilidade\/2016\/02\/02\/governanca-de-dados-ganha-mais-importancia-dentro-das-empresas\/#respond\"]}]},{\"@type\":\"WebPage\",\"@id\":\"https:\/\/patrocinados.estadao.com.br\/deloitte-jornada-da-sustentabilidade\/2016\/02\/02\/governanca-de-dados-ganha-mais-importancia-dentro-das-empresas\/\",\"url\":\"https:\/\/patrocinados.estadao.com.br\/deloitte-jornada-da-sustentabilidade\/2016\/02\/02\/governanca-de-dados-ganha-mais-importancia-dentro-das-empresas\/\",\"name\":\"Governan\u00e7a de dados ganha mais import\u00e2ncia dentro das empresas - Jornada da Sustentabilidade, oferecido por Deloitte\",\"isPartOf\":{\"@id\":\"https:\/\/patrocinados.estadao.com.br\/deloitte-jornada-da-sustentabilidade\/#website\"},\"primaryImageOfPage\":{\"@id\":\"https:\/\/patrocinados.estadao.com.br\/deloitte-jornada-da-sustentabilidade\/2016\/02\/02\/governanca-de-dados-ganha-mais-importancia-dentro-das-empresas\/#primaryimage\"},\"image\":{\"@id\":\"https:\/\/patrocinados.estadao.com.br\/deloitte-jornada-da-sustentabilidade\/2016\/02\/02\/governanca-de-dados-ganha-mais-importancia-dentro-das-empresas\/#primaryimage\"},\"thumbnailUrl\":\"https:\/\/patrocinados.estadao.com.br\/deloitte-jornada-da-sustentabilidade\/wp-content\/uploads\/2021\/09\/34_932.jpg\",\"datePublished\":\"2016-02-02T18:50:31+00:00\",\"dateModified\":\"2021-09-20T15:48:33+00:00\",\"author\":{\"@id\":\"https:\/\/patrocinados.estadao.com.br\/deloitte-jornada-da-sustentabilidade\/#\/schema\/person\/9be56940425d4f31e0c82015d0fd725f\"},\"breadcrumb\":{\"@id\":\"https:\/\/patrocinados.estadao.com.br\/deloitte-jornada-da-sustentabilidade\/2016\/02\/02\/governanca-de-dados-ganha-mais-importancia-dentro-das-empresas\/#breadcrumb\"},\"inLanguage\":\"pt-BR\",\"potentialAction\":[{\"@type\":\"ReadAction\",\"target\":[\"https:\/\/patrocinados.estadao.com.br\/deloitte-jornada-da-sustentabilidade\/2016\/02\/02\/governanca-de-dados-ganha-mais-importancia-dentro-das-empresas\/\"]}]},{\"@type\":\"ImageObject\",\"inLanguage\":\"pt-BR\",\"@id\":\"https:\/\/patrocinados.estadao.com.br\/deloitte-jornada-da-sustentabilidade\/2016\/02\/02\/governanca-de-dados-ganha-mais-importancia-dentro-das-empresas\/#primaryimage\",\"url\":\"https:\/\/patrocinados.estadao.com.br\/deloitte-jornada-da-sustentabilidade\/wp-content\/uploads\/2021\/09\/34_932.jpg\",\"contentUrl\":\"https:\/\/patrocinados.estadao.com.br\/deloitte-jornada-da-sustentabilidade\/wp-content\/uploads\/2021\/09\/34_932.jpg\",\"width\":932,\"height\":524},{\"@type\":\"BreadcrumbList\",\"@id\":\"https:\/\/patrocinados.estadao.com.br\/deloitte-jornada-da-sustentabilidade\/2016\/02\/02\/governanca-de-dados-ganha-mais-importancia-dentro-das-empresas\/#breadcrumb\",\"itemListElement\":[{\"@type\":\"ListItem\",\"position\":1,\"name\":\"In\u00edcio\",\"item\":\"https:\/\/patrocinados.estadao.com.br\/deloitte-jornada-da-sustentabilidade\/\"},{\"@type\":\"ListItem\",\"position\":2,\"name\":\"Governan\u00e7a de dados ganha mais import\u00e2ncia dentro das empresas\"}]},{\"@type\":\"WebSite\",\"@id\":\"https:\/\/patrocinados.estadao.com.br\/deloitte-jornada-da-sustentabilidade\/#website\",\"url\":\"https:\/\/patrocinados.estadao.com.br\/deloitte-jornada-da-sustentabilidade\/\",\"name\":\"Jornada da Sustentabilidade, oferecido por Deloitte\",\"description\":\"Solu\u00e7\u00f5es de governan\u00e7a corporativa para seus desafios de neg\u00f3cios\",\"potentialAction\":[{\"@type\":\"SearchAction\",\"target\":{\"@type\":\"EntryPoint\",\"urlTemplate\":\"https:\/\/patrocinados.estadao.com.br\/deloitte-jornada-da-sustentabilidade\/?s={search_term_string}\"},\"query-input\":{\"@type\":\"PropertyValueSpecification\",\"valueRequired\":true,\"valueName\":\"search_term_string\"}}],\"inLanguage\":\"pt-BR\"},{\"@type\":\"Person\",\"@id\":\"https:\/\/patrocinados.estadao.com.br\/deloitte-jornada-da-sustentabilidade\/#\/schema\/person\/9be56940425d4f31e0c82015d0fd725f\",\"name\":\"Geosfera\",\"image\":{\"@type\":\"ImageObject\",\"inLanguage\":\"pt-BR\",\"@id\":\"https:\/\/patrocinados.estadao.com.br\/deloitte-jornada-da-sustentabilidade\/#\/schema\/person\/image\/\",\"url\":\"https:\/\/secure.gravatar.com\/avatar\/9d33d40efdce4963188a84bd4777a5f81f7c8e9cfcc15e6853c05f5cfee4c0ab?s=96&d=mm&r=g\",\"contentUrl\":\"https:\/\/secure.gravatar.com\/avatar\/9d33d40efdce4963188a84bd4777a5f81f7c8e9cfcc15e6853c05f5cfee4c0ab?s=96&d=mm&r=g\",\"caption\":\"Geosfera\"},\"sameAs\":[\"http:\/\/geosfera.com.br\"],\"url\":\"https:\/\/patrocinados.estadao.com.br\/deloitte-jornada-da-sustentabilidade\/author\/geosfera_deloitte\/\"}]}<\/script>\n<!-- \/ Yoast SEO plugin. -->","yoast_head_json":{"title":"Governan\u00e7a de dados ganha mais import\u00e2ncia dentro das empresas - Jornada da Sustentabilidade, oferecido por Deloitte","robots":{"index":"index","follow":"follow","max-snippet":"max-snippet:-1","max-image-preview":"max-image-preview:large","max-video-preview":"max-video-preview:-1"},"canonical":"https:\/\/patrocinados.estadao.com.br\/deloitte-jornada-da-sustentabilidade\/2016\/02\/02\/governanca-de-dados-ganha-mais-importancia-dentro-das-empresas\/","og_locale":"pt_BR","og_type":"article","og_title":"Governan\u00e7a de dados ganha mais import\u00e2ncia dentro das empresas - Jornada da Sustentabilidade, oferecido por Deloitte","og_description":"Esta n\u00e3o \u00e9 uma realidade apenas das companhias de grande porte \u2013 qualquer neg\u00f3cio pode explorar dados de maneira inteligente","og_url":"https:\/\/patrocinados.estadao.com.br\/deloitte-jornada-da-sustentabilidade\/2016\/02\/02\/governanca-de-dados-ganha-mais-importancia-dentro-das-empresas\/","og_site_name":"Jornada da Sustentabilidade, oferecido por Deloitte","article_published_time":"2016-02-02T18:50:31+00:00","article_modified_time":"2021-09-20T15:48:33+00:00","og_image":[{"width":932,"height":524,"url":"https:\/\/patrocinados.estadao.com.br\/deloitte-jornada-da-sustentabilidade\/wp-content\/uploads\/2021\/09\/34_932.jpg","type":"image\/jpeg"}],"author":"Geosfera","twitter_card":"summary_large_image","twitter_misc":{"Escrito por":"Geosfera","Est. tempo de leitura":"3 minutos"},"schema":{"@context":"https:\/\/schema.org","@graph":[{"@type":"Article","@id":"https:\/\/patrocinados.estadao.com.br\/deloitte-jornada-da-sustentabilidade\/2016\/02\/02\/governanca-de-dados-ganha-mais-importancia-dentro-das-empresas\/#article","isPartOf":{"@id":"https:\/\/patrocinados.estadao.com.br\/deloitte-jornada-da-sustentabilidade\/2016\/02\/02\/governanca-de-dados-ganha-mais-importancia-dentro-das-empresas\/"},"author":{"name":"Geosfera","@id":"https:\/\/patrocinados.estadao.com.br\/deloitte-jornada-da-sustentabilidade\/#\/schema\/person\/9be56940425d4f31e0c82015d0fd725f"},"headline":"Governan\u00e7a de dados ganha mais import\u00e2ncia dentro das empresas","datePublished":"2016-02-02T18:50:31+00:00","dateModified":"2021-09-20T15:48:33+00:00","mainEntityOfPage":{"@id":"https:\/\/patrocinados.estadao.com.br\/deloitte-jornada-da-sustentabilidade\/2016\/02\/02\/governanca-de-dados-ganha-mais-importancia-dentro-das-empresas\/"},"wordCount":545,"commentCount":0,"image":{"@id":"https:\/\/patrocinados.estadao.com.br\/deloitte-jornada-da-sustentabilidade\/2016\/02\/02\/governanca-de-dados-ganha-mais-importancia-dentro-das-empresas\/#primaryimage"},"thumbnailUrl":"https:\/\/patrocinados.estadao.com.br\/deloitte-jornada-da-sustentabilidade\/wp-content\/uploads\/2021\/09\/34_932.jpg","inLanguage":"pt-BR","potentialAction":[{"@type":"CommentAction","name":"Comment","target":["https:\/\/patrocinados.estadao.com.br\/deloitte-jornada-da-sustentabilidade\/2016\/02\/02\/governanca-de-dados-ganha-mais-importancia-dentro-das-empresas\/#respond"]}]},{"@type":"WebPage","@id":"https:\/\/patrocinados.estadao.com.br\/deloitte-jornada-da-sustentabilidade\/2016\/02\/02\/governanca-de-dados-ganha-mais-importancia-dentro-das-empresas\/","url":"https:\/\/patrocinados.estadao.com.br\/deloitte-jornada-da-sustentabilidade\/2016\/02\/02\/governanca-de-dados-ganha-mais-importancia-dentro-das-empresas\/","name":"Governan\u00e7a de dados ganha mais import\u00e2ncia dentro das empresas - Jornada da Sustentabilidade, oferecido por Deloitte","isPartOf":{"@id":"https:\/\/patrocinados.estadao.com.br\/deloitte-jornada-da-sustentabilidade\/#website"},"primaryImageOfPage":{"@id":"https:\/\/patrocinados.estadao.com.br\/deloitte-jornada-da-sustentabilidade\/2016\/02\/02\/governanca-de-dados-ganha-mais-importancia-dentro-das-empresas\/#primaryimage"},"image":{"@id":"https:\/\/patrocinados.estadao.com.br\/deloitte-jornada-da-sustentabilidade\/2016\/02\/02\/governanca-de-dados-ganha-mais-importancia-dentro-das-empresas\/#primaryimage"},"thumbnailUrl":"https:\/\/patrocinados.estadao.com.br\/deloitte-jornada-da-sustentabilidade\/wp-content\/uploads\/2021\/09\/34_932.jpg","datePublished":"2016-02-02T18:50:31+00:00","dateModified":"2021-09-20T15:48:33+00:00","author":{"@id":"https:\/\/patrocinados.estadao.com.br\/deloitte-jornada-da-sustentabilidade\/#\/schema\/person\/9be56940425d4f31e0c82015d0fd725f"},"breadcrumb":{"@id":"https:\/\/patrocinados.estadao.com.br\/deloitte-jornada-da-sustentabilidade\/2016\/02\/02\/governanca-de-dados-ganha-mais-importancia-dentro-das-empresas\/#breadcrumb"},"inLanguage":"pt-BR","potentialAction":[{"@type":"ReadAction","target":["https:\/\/patrocinados.estadao.com.br\/deloitte-jornada-da-sustentabilidade\/2016\/02\/02\/governanca-de-dados-ganha-mais-importancia-dentro-das-empresas\/"]}]},{"@type":"ImageObject","inLanguage":"pt-BR","@id":"https:\/\/patrocinados.estadao.com.br\/deloitte-jornada-da-sustentabilidade\/2016\/02\/02\/governanca-de-dados-ganha-mais-importancia-dentro-das-empresas\/#primaryimage","url":"https:\/\/patrocinados.estadao.com.br\/deloitte-jornada-da-sustentabilidade\/wp-content\/uploads\/2021\/09\/34_932.jpg","contentUrl":"https:\/\/patrocinados.estadao.com.br\/deloitte-jornada-da-sustentabilidade\/wp-content\/uploads\/2021\/09\/34_932.jpg","width":932,"height":524},{"@type":"BreadcrumbList","@id":"https:\/\/patrocinados.estadao.com.br\/deloitte-jornada-da-sustentabilidade\/2016\/02\/02\/governanca-de-dados-ganha-mais-importancia-dentro-das-empresas\/#breadcrumb","itemListElement":[{"@type":"ListItem","position":1,"name":"In\u00edcio","item":"https:\/\/patrocinados.estadao.com.br\/deloitte-jornada-da-sustentabilidade\/"},{"@type":"ListItem","position":2,"name":"Governan\u00e7a de dados ganha mais import\u00e2ncia dentro das empresas"}]},{"@type":"WebSite","@id":"https:\/\/patrocinados.estadao.com.br\/deloitte-jornada-da-sustentabilidade\/#website","url":"https:\/\/patrocinados.estadao.com.br\/deloitte-jornada-da-sustentabilidade\/","name":"Jornada da Sustentabilidade, oferecido por Deloitte","description":"Solu\u00e7\u00f5es de governan\u00e7a corporativa para seus desafios de neg\u00f3cios","potentialAction":[{"@type":"SearchAction","target":{"@type":"EntryPoint","urlTemplate":"https:\/\/patrocinados.estadao.com.br\/deloitte-jornada-da-sustentabilidade\/?s={search_term_string}"},"query-input":{"@type":"PropertyValueSpecification","valueRequired":true,"valueName":"search_term_string"}}],"inLanguage":"pt-BR"},{"@type":"Person","@id":"https:\/\/patrocinados.estadao.com.br\/deloitte-jornada-da-sustentabilidade\/#\/schema\/person\/9be56940425d4f31e0c82015d0fd725f","name":"Geosfera","image":{"@type":"ImageObject","inLanguage":"pt-BR","@id":"https:\/\/patrocinados.estadao.com.br\/deloitte-jornada-da-sustentabilidade\/#\/schema\/person\/image\/","url":"https:\/\/secure.gravatar.com\/avatar\/9d33d40efdce4963188a84bd4777a5f81f7c8e9cfcc15e6853c05f5cfee4c0ab?s=96&d=mm&r=g","contentUrl":"https:\/\/secure.gravatar.com\/avatar\/9d33d40efdce4963188a84bd4777a5f81f7c8e9cfcc15e6853c05f5cfee4c0ab?s=96&d=mm&r=g","caption":"Geosfera"},"sameAs":["http:\/\/geosfera.com.br"],"url":"https:\/\/patrocinados.estadao.com.br\/deloitte-jornada-da-sustentabilidade\/author\/geosfera_deloitte\/"}]}},"_links":{"self":[{"href":"https:\/\/patrocinados.estadao.com.br\/deloitte-jornada-da-sustentabilidade\/wp-json\/wp\/v2\/posts\/193","targetHints":{"allow":["GET"]}}],"collection":[{"href":"https:\/\/patrocinados.estadao.com.br\/deloitte-jornada-da-sustentabilidade\/wp-json\/wp\/v2\/posts"}],"about":[{"href":"https:\/\/patrocinados.estadao.com.br\/deloitte-jornada-da-sustentabilidade\/wp-json\/wp\/v2\/types\/post"}],"author":[{"embeddable":true,"href":"https:\/\/patrocinados.estadao.com.br\/deloitte-jornada-da-sustentabilidade\/wp-json\/wp\/v2\/users\/2"}],"replies":[{"embeddable":true,"href":"https:\/\/patrocinados.estadao.com.br\/deloitte-jornada-da-sustentabilidade\/wp-json\/wp\/v2\/comments?post=193"}],"version-history":[{"count":1,"href":"https:\/\/patrocinados.estadao.com.br\/deloitte-jornada-da-sustentabilidade\/wp-json\/wp\/v2\/posts\/193\/revisions"}],"predecessor-version":[{"id":1965,"href":"https:\/\/patrocinados.estadao.com.br\/deloitte-jornada-da-sustentabilidade\/wp-json\/wp\/v2\/posts\/193\/revisions\/1965"}],"wp:featuredmedia":[{"embeddable":true,"href":"https:\/\/patrocinados.estadao.com.br\/deloitte-jornada-da-sustentabilidade\/wp-json\/wp\/v2\/media\/1740"}],"wp:attachment":[{"href":"https:\/\/patrocinados.estadao.com.br\/deloitte-jornada-da-sustentabilidade\/wp-json\/wp\/v2\/media?parent=193"}],"wp:term":[{"taxonomy":"category","embeddable":true,"href":"https:\/\/patrocinados.estadao.com.br\/deloitte-jornada-da-sustentabilidade\/wp-json\/wp\/v2\/categories?post=193"},{"taxonomy":"post_tag","embeddable":true,"href":"https:\/\/patrocinados.estadao.com.br\/deloitte-jornada-da-sustentabilidade\/wp-json\/wp\/v2\/tags?post=193"}],"curies":[{"name":"wp","href":"https:\/\/api.w.org\/{rel}","templated":true}]}}