{"id":189,"date":"2016-01-19T18:45:39","date_gmt":"2016-01-19T18:45:39","guid":{"rendered":"https:\/\/patrocinados.estadao.com.br\/deloitte-esg-esg\/?p=189"},"modified":"2021-09-20T12:48:59","modified_gmt":"2021-09-20T15:48:59","slug":"participacao-de-mulheres-em-conselhos-ganha-mais-espaco","status":"publish","type":"post","link":"https:\/\/patrocinados.estadao.com.br\/deloitte-jornada-da-sustentabilidade\/2016\/01\/19\/participacao-de-mulheres-em-conselhos-ganha-mais-espaco\/","title":{"rendered":"Participa\u00e7\u00e3o de mulheres em conselhos ganha mais espa\u00e7o"},"content":{"rendered":"<p>Nos \u00faltimos anos, muitos conselhos de administra\u00e7\u00e3o beneficiaram-se ao promover um tipo espec\u00edfico de diversidade: a de experi\u00eancias, reunindo profissionais com perfis e capacidades t\u00e9cnicas distintas, mas complementares. Agora, outro tipo de diversidade, a de g\u00eaneros, traz novas quest\u00f5es \u00e0 forma de compor esses conselhos.<\/p>\n<p>Uma pesquisa global recente da Deloitte revelou a maior participa\u00e7\u00e3o feminina nos conselhos de administra\u00e7\u00e3o. Na primeira vers\u00e3o do estudo \u201cWomen in the boardroom\u201d, realizada em 2011, foram identificados 13 pa\u00edses com diversidade de g\u00eaneros significativa nos conselhos. Este n\u00famero, em 2015, passou para 49. O Brasil est\u00e1 incluso e, dentro desse ranking, ocupou a 31\u00aa posi\u00e7\u00e3o.<\/p>\n<p>Camila Ara\u00fajo, s\u00f3cia-l\u00edder do Centro de Governan\u00e7a Corporativa da Deloitte, explica que as na\u00e7\u00f5es mais desenvolvidas apresentam uma maior participa\u00e7\u00e3o das mulheres em cargos de gest\u00e3o. \u201cForam na\u00e7\u00f5es pioneiras e continuam dando exemplo ao mundo. Pa\u00edses como o Brasil, um dos \u00faltimos colocados na pesquisa, ainda t\u00eam um grande desafio pela frente, principalmente no amadurecimento da nova cultura de diversidade nos neg\u00f3cios e tamb\u00e9m no dia a dia dos cidad\u00e3os\u201d, argumenta.<\/p>\n<p><strong>A diversidade dos conselhos no Brasil<\/strong><\/p>\n<p>Uma pesquisa a respeito dos avan\u00e7os da governan\u00e7a corporativa no Brasil revelou uma pequena redu\u00e7\u00e3o na participa\u00e7\u00e3o de mulheres em conselhos de administra\u00e7\u00e3o, de 41% para 38% em dois anos. O estudo \u201cA caminho da transpar\u00eancia: a evolu\u00e7\u00e3o dos pilares da governan\u00e7a corporativa\u201d foi realizado pela Deloitte em 2015.<\/p>\n<p>\u201cEmbora a redu\u00e7\u00e3o seja um ponto importante, devemos destacar que o n\u00famero de conselhos de administra\u00e7\u00e3o em empresas brasileiras aumentou e que, devido \u00e0 baixa disponibilidade de mulheres conselheiras, naturalmente sua participa\u00e7\u00e3o iria diminuir no universo total\u201d, diz Camila Ara\u00fajo. Em suma, por um lado, h\u00e1 uma profissionaliza\u00e7\u00e3o da gest\u00e3o nas empresas brasileiras, por meio da estrutura\u00e7\u00e3o de mecanismos de governan\u00e7a, como conselhos e comit\u00eas \u2013 o que, destaca Camila, \u00e9 muito positivo. \u201cPor outro lado, notamos essa diminui\u00e7\u00e3o da diversidade nestes conselhos\u201d, afirma.<\/p>\n<p>No Brasil, h\u00e1 um Projeto de Lei, em tramita\u00e7\u00e3o no Congresso Nacional, que almeja aumentar a participa\u00e7\u00e3o de mulheres para 40% das posi\u00e7\u00f5es de conselhos at\u00e9 2022, em empresas paraestatais e do Governo. De acordo com Camila, essa pode ser uma iniciativa importante neste sentido. Ela diz, no entanto, que a melhor forma de aumentar essa participa\u00e7\u00e3o de maneira eficiente e sustent\u00e1vel pode ser por meio do fortalecimento da cultura de g\u00eaneros que, de certa forma, tem ganhado corpo.<\/p>\n<p>\u201cAcredito que, em pouco tempo, e por for\u00e7a das novas gera\u00e7\u00f5es que chegam ao mercado de trabalho, a discuss\u00e3o sobre g\u00eaneros deixar\u00e1 de existir naturalmente e os pap\u00e9is profissionais se mesclar\u00e3o. Temos executivas capacitadas, competentes e prontas para assumir essas posi\u00e7\u00f5es\u201d, afirma Camila Ara\u00fajo. \u201cTalvez seja o momento para demonstrar ao mercado que essa j\u00e1 \u00e9 uma realidade no Brasil.\u201d<\/p>\n<p>Para consultar as pesquisas citadas e outros estudos e dados da Deloitte, acesse: <a href=\"http:\/\/www2.deloitte.com\/br\/pt.html\" target=\"_blank\" rel=\"noopener\">www2.deloitte.com\/br\/pt.html<\/a><\/p>\n<p><a href=\"https:\/\/patrocinados.estadao.com.br\/deloitte-esg-esg\/wp-content\/uploads\/sites\/39\/2017\/01\/19jan2016.jpg\"><img loading=\"lazy\" decoding=\"async\" class=\"aligncenter wp-image-191\" src=\"https:\/\/patrocinados.estadao.com.br\/deloitte-esg-esg\/wp-content\/uploads\/sites\/39\/2017\/01\/19jan2016.jpg\" alt=\"19jan2016\" width=\"850\" height=\"380\" \/><\/a><\/p>\n","protected":false},"excerpt":{"rendered":"<p>Segundo pesquisa global da Deloitte, em quatro anos o n\u00famero de pa\u00edses com diversidade de g\u00eaneros significativa nos conselhos saiu de 13 para 49 <\/p>\n","protected":false},"author":2,"featured_media":1739,"comment_status":"open","ping_status":"closed","sticky":false,"template":"","format":"standard","meta":{"_acf_changed":false,"footnotes":""},"categories":[1],"tags":[],"class_list":["post-189","post","type-post","status-publish","format-standard","has-post-thumbnail","hentry","category-sem-categoria"],"acf":[],"yoast_head":"<!-- This site is optimized with the Yoast SEO plugin v27.1.1 - https:\/\/yoast.com\/product\/yoast-seo-wordpress\/ -->\n<title>Participa\u00e7\u00e3o de mulheres em conselhos ganha mais espa\u00e7o - Jornada da Sustentabilidade, oferecido por Deloitte<\/title>\n<meta name=\"robots\" content=\"index, follow, max-snippet:-1, max-image-preview:large, max-video-preview:-1\" \/>\n<link rel=\"canonical\" href=\"https:\/\/patrocinados.estadao.com.br\/deloitte-jornada-da-sustentabilidade\/2016\/01\/19\/participacao-de-mulheres-em-conselhos-ganha-mais-espaco\/\" \/>\n<meta property=\"og:locale\" content=\"pt_BR\" \/>\n<meta property=\"og:type\" content=\"article\" \/>\n<meta property=\"og:title\" content=\"Participa\u00e7\u00e3o de mulheres em conselhos ganha mais espa\u00e7o - Jornada da Sustentabilidade, oferecido por Deloitte\" \/>\n<meta property=\"og:description\" content=\"Segundo pesquisa global da Deloitte, em quatro anos o n\u00famero de pa\u00edses com diversidade de g\u00eaneros significativa nos conselhos saiu de 13 para 49\" \/>\n<meta property=\"og:url\" content=\"https:\/\/patrocinados.estadao.com.br\/deloitte-jornada-da-sustentabilidade\/2016\/01\/19\/participacao-de-mulheres-em-conselhos-ganha-mais-espaco\/\" \/>\n<meta property=\"og:site_name\" content=\"Jornada da Sustentabilidade, oferecido por Deloitte\" \/>\n<meta property=\"article:published_time\" content=\"2016-01-19T18:45:39+00:00\" \/>\n<meta property=\"article:modified_time\" content=\"2021-09-20T15:48:59+00:00\" \/>\n<meta property=\"og:image\" content=\"https:\/\/patrocinados.estadao.com.br\/deloitte-jornada-da-sustentabilidade\/wp-content\/uploads\/2021\/09\/33_932.jpg\" \/>\n\t<meta property=\"og:image:width\" content=\"932\" \/>\n\t<meta property=\"og:image:height\" content=\"524\" \/>\n\t<meta property=\"og:image:type\" content=\"image\/jpeg\" \/>\n<meta name=\"author\" content=\"Geosfera\" \/>\n<meta name=\"twitter:card\" content=\"summary_large_image\" \/>\n<meta name=\"twitter:label1\" content=\"Escrito por\" \/>\n\t<meta name=\"twitter:data1\" content=\"Geosfera\" \/>\n\t<meta name=\"twitter:label2\" content=\"Est. tempo de leitura\" \/>\n\t<meta name=\"twitter:data2\" content=\"3 minutos\" \/>\n<script type=\"application\/ld+json\" class=\"yoast-schema-graph\">{\"@context\":\"https:\/\/schema.org\",\"@graph\":[{\"@type\":\"Article\",\"@id\":\"https:\/\/patrocinados.estadao.com.br\/deloitte-jornada-da-sustentabilidade\/2016\/01\/19\/participacao-de-mulheres-em-conselhos-ganha-mais-espaco\/#article\",\"isPartOf\":{\"@id\":\"https:\/\/patrocinados.estadao.com.br\/deloitte-jornada-da-sustentabilidade\/2016\/01\/19\/participacao-de-mulheres-em-conselhos-ganha-mais-espaco\/\"},\"author\":{\"name\":\"Geosfera\",\"@id\":\"https:\/\/patrocinados.estadao.com.br\/deloitte-jornada-da-sustentabilidade\/#\/schema\/person\/9be56940425d4f31e0c82015d0fd725f\"},\"headline\":\"Participa\u00e7\u00e3o de mulheres em conselhos ganha mais espa\u00e7o\",\"datePublished\":\"2016-01-19T18:45:39+00:00\",\"dateModified\":\"2021-09-20T15:48:59+00:00\",\"mainEntityOfPage\":{\"@id\":\"https:\/\/patrocinados.estadao.com.br\/deloitte-jornada-da-sustentabilidade\/2016\/01\/19\/participacao-de-mulheres-em-conselhos-ganha-mais-espaco\/\"},\"wordCount\":524,\"commentCount\":0,\"image\":{\"@id\":\"https:\/\/patrocinados.estadao.com.br\/deloitte-jornada-da-sustentabilidade\/2016\/01\/19\/participacao-de-mulheres-em-conselhos-ganha-mais-espaco\/#primaryimage\"},\"thumbnailUrl\":\"https:\/\/patrocinados.estadao.com.br\/deloitte-jornada-da-sustentabilidade\/wp-content\/uploads\/2021\/09\/33_932.jpg\",\"inLanguage\":\"pt-BR\",\"potentialAction\":[{\"@type\":\"CommentAction\",\"name\":\"Comment\",\"target\":[\"https:\/\/patrocinados.estadao.com.br\/deloitte-jornada-da-sustentabilidade\/2016\/01\/19\/participacao-de-mulheres-em-conselhos-ganha-mais-espaco\/#respond\"]}]},{\"@type\":\"WebPage\",\"@id\":\"https:\/\/patrocinados.estadao.com.br\/deloitte-jornada-da-sustentabilidade\/2016\/01\/19\/participacao-de-mulheres-em-conselhos-ganha-mais-espaco\/\",\"url\":\"https:\/\/patrocinados.estadao.com.br\/deloitte-jornada-da-sustentabilidade\/2016\/01\/19\/participacao-de-mulheres-em-conselhos-ganha-mais-espaco\/\",\"name\":\"Participa\u00e7\u00e3o de mulheres em conselhos ganha mais espa\u00e7o - Jornada da Sustentabilidade, oferecido por Deloitte\",\"isPartOf\":{\"@id\":\"https:\/\/patrocinados.estadao.com.br\/deloitte-jornada-da-sustentabilidade\/#website\"},\"primaryImageOfPage\":{\"@id\":\"https:\/\/patrocinados.estadao.com.br\/deloitte-jornada-da-sustentabilidade\/2016\/01\/19\/participacao-de-mulheres-em-conselhos-ganha-mais-espaco\/#primaryimage\"},\"image\":{\"@id\":\"https:\/\/patrocinados.estadao.com.br\/deloitte-jornada-da-sustentabilidade\/2016\/01\/19\/participacao-de-mulheres-em-conselhos-ganha-mais-espaco\/#primaryimage\"},\"thumbnailUrl\":\"https:\/\/patrocinados.estadao.com.br\/deloitte-jornada-da-sustentabilidade\/wp-content\/uploads\/2021\/09\/33_932.jpg\",\"datePublished\":\"2016-01-19T18:45:39+00:00\",\"dateModified\":\"2021-09-20T15:48:59+00:00\",\"author\":{\"@id\":\"https:\/\/patrocinados.estadao.com.br\/deloitte-jornada-da-sustentabilidade\/#\/schema\/person\/9be56940425d4f31e0c82015d0fd725f\"},\"breadcrumb\":{\"@id\":\"https:\/\/patrocinados.estadao.com.br\/deloitte-jornada-da-sustentabilidade\/2016\/01\/19\/participacao-de-mulheres-em-conselhos-ganha-mais-espaco\/#breadcrumb\"},\"inLanguage\":\"pt-BR\",\"potentialAction\":[{\"@type\":\"ReadAction\",\"target\":[\"https:\/\/patrocinados.estadao.com.br\/deloitte-jornada-da-sustentabilidade\/2016\/01\/19\/participacao-de-mulheres-em-conselhos-ganha-mais-espaco\/\"]}]},{\"@type\":\"ImageObject\",\"inLanguage\":\"pt-BR\",\"@id\":\"https:\/\/patrocinados.estadao.com.br\/deloitte-jornada-da-sustentabilidade\/2016\/01\/19\/participacao-de-mulheres-em-conselhos-ganha-mais-espaco\/#primaryimage\",\"url\":\"https:\/\/patrocinados.estadao.com.br\/deloitte-jornada-da-sustentabilidade\/wp-content\/uploads\/2021\/09\/33_932.jpg\",\"contentUrl\":\"https:\/\/patrocinados.estadao.com.br\/deloitte-jornada-da-sustentabilidade\/wp-content\/uploads\/2021\/09\/33_932.jpg\",\"width\":932,\"height\":524},{\"@type\":\"BreadcrumbList\",\"@id\":\"https:\/\/patrocinados.estadao.com.br\/deloitte-jornada-da-sustentabilidade\/2016\/01\/19\/participacao-de-mulheres-em-conselhos-ganha-mais-espaco\/#breadcrumb\",\"itemListElement\":[{\"@type\":\"ListItem\",\"position\":1,\"name\":\"In\u00edcio\",\"item\":\"https:\/\/patrocinados.estadao.com.br\/deloitte-jornada-da-sustentabilidade\/\"},{\"@type\":\"ListItem\",\"position\":2,\"name\":\"Participa\u00e7\u00e3o de mulheres em conselhos ganha mais espa\u00e7o\"}]},{\"@type\":\"WebSite\",\"@id\":\"https:\/\/patrocinados.estadao.com.br\/deloitte-jornada-da-sustentabilidade\/#website\",\"url\":\"https:\/\/patrocinados.estadao.com.br\/deloitte-jornada-da-sustentabilidade\/\",\"name\":\"Jornada da Sustentabilidade, oferecido por Deloitte\",\"description\":\"Solu\u00e7\u00f5es de governan\u00e7a corporativa para seus desafios de neg\u00f3cios\",\"potentialAction\":[{\"@type\":\"SearchAction\",\"target\":{\"@type\":\"EntryPoint\",\"urlTemplate\":\"https:\/\/patrocinados.estadao.com.br\/deloitte-jornada-da-sustentabilidade\/?s={search_term_string}\"},\"query-input\":{\"@type\":\"PropertyValueSpecification\",\"valueRequired\":true,\"valueName\":\"search_term_string\"}}],\"inLanguage\":\"pt-BR\"},{\"@type\":\"Person\",\"@id\":\"https:\/\/patrocinados.estadao.com.br\/deloitte-jornada-da-sustentabilidade\/#\/schema\/person\/9be56940425d4f31e0c82015d0fd725f\",\"name\":\"Geosfera\",\"image\":{\"@type\":\"ImageObject\",\"inLanguage\":\"pt-BR\",\"@id\":\"https:\/\/patrocinados.estadao.com.br\/deloitte-jornada-da-sustentabilidade\/#\/schema\/person\/image\/\",\"url\":\"https:\/\/secure.gravatar.com\/avatar\/9d33d40efdce4963188a84bd4777a5f81f7c8e9cfcc15e6853c05f5cfee4c0ab?s=96&d=mm&r=g\",\"contentUrl\":\"https:\/\/secure.gravatar.com\/avatar\/9d33d40efdce4963188a84bd4777a5f81f7c8e9cfcc15e6853c05f5cfee4c0ab?s=96&d=mm&r=g\",\"caption\":\"Geosfera\"},\"sameAs\":[\"http:\/\/geosfera.com.br\"],\"url\":\"https:\/\/patrocinados.estadao.com.br\/deloitte-jornada-da-sustentabilidade\/author\/geosfera_deloitte\/\"}]}<\/script>\n<!-- \/ Yoast SEO plugin. -->","yoast_head_json":{"title":"Participa\u00e7\u00e3o de mulheres em conselhos ganha mais espa\u00e7o - Jornada da Sustentabilidade, oferecido por Deloitte","robots":{"index":"index","follow":"follow","max-snippet":"max-snippet:-1","max-image-preview":"max-image-preview:large","max-video-preview":"max-video-preview:-1"},"canonical":"https:\/\/patrocinados.estadao.com.br\/deloitte-jornada-da-sustentabilidade\/2016\/01\/19\/participacao-de-mulheres-em-conselhos-ganha-mais-espaco\/","og_locale":"pt_BR","og_type":"article","og_title":"Participa\u00e7\u00e3o de mulheres em conselhos ganha mais espa\u00e7o - Jornada da Sustentabilidade, oferecido por Deloitte","og_description":"Segundo pesquisa global da Deloitte, em quatro anos o n\u00famero de pa\u00edses com diversidade de g\u00eaneros significativa nos conselhos saiu de 13 para 49","og_url":"https:\/\/patrocinados.estadao.com.br\/deloitte-jornada-da-sustentabilidade\/2016\/01\/19\/participacao-de-mulheres-em-conselhos-ganha-mais-espaco\/","og_site_name":"Jornada da Sustentabilidade, oferecido por Deloitte","article_published_time":"2016-01-19T18:45:39+00:00","article_modified_time":"2021-09-20T15:48:59+00:00","og_image":[{"width":932,"height":524,"url":"https:\/\/patrocinados.estadao.com.br\/deloitte-jornada-da-sustentabilidade\/wp-content\/uploads\/2021\/09\/33_932.jpg","type":"image\/jpeg"}],"author":"Geosfera","twitter_card":"summary_large_image","twitter_misc":{"Escrito por":"Geosfera","Est. tempo de leitura":"3 minutos"},"schema":{"@context":"https:\/\/schema.org","@graph":[{"@type":"Article","@id":"https:\/\/patrocinados.estadao.com.br\/deloitte-jornada-da-sustentabilidade\/2016\/01\/19\/participacao-de-mulheres-em-conselhos-ganha-mais-espaco\/#article","isPartOf":{"@id":"https:\/\/patrocinados.estadao.com.br\/deloitte-jornada-da-sustentabilidade\/2016\/01\/19\/participacao-de-mulheres-em-conselhos-ganha-mais-espaco\/"},"author":{"name":"Geosfera","@id":"https:\/\/patrocinados.estadao.com.br\/deloitte-jornada-da-sustentabilidade\/#\/schema\/person\/9be56940425d4f31e0c82015d0fd725f"},"headline":"Participa\u00e7\u00e3o de mulheres em conselhos ganha mais espa\u00e7o","datePublished":"2016-01-19T18:45:39+00:00","dateModified":"2021-09-20T15:48:59+00:00","mainEntityOfPage":{"@id":"https:\/\/patrocinados.estadao.com.br\/deloitte-jornada-da-sustentabilidade\/2016\/01\/19\/participacao-de-mulheres-em-conselhos-ganha-mais-espaco\/"},"wordCount":524,"commentCount":0,"image":{"@id":"https:\/\/patrocinados.estadao.com.br\/deloitte-jornada-da-sustentabilidade\/2016\/01\/19\/participacao-de-mulheres-em-conselhos-ganha-mais-espaco\/#primaryimage"},"thumbnailUrl":"https:\/\/patrocinados.estadao.com.br\/deloitte-jornada-da-sustentabilidade\/wp-content\/uploads\/2021\/09\/33_932.jpg","inLanguage":"pt-BR","potentialAction":[{"@type":"CommentAction","name":"Comment","target":["https:\/\/patrocinados.estadao.com.br\/deloitte-jornada-da-sustentabilidade\/2016\/01\/19\/participacao-de-mulheres-em-conselhos-ganha-mais-espaco\/#respond"]}]},{"@type":"WebPage","@id":"https:\/\/patrocinados.estadao.com.br\/deloitte-jornada-da-sustentabilidade\/2016\/01\/19\/participacao-de-mulheres-em-conselhos-ganha-mais-espaco\/","url":"https:\/\/patrocinados.estadao.com.br\/deloitte-jornada-da-sustentabilidade\/2016\/01\/19\/participacao-de-mulheres-em-conselhos-ganha-mais-espaco\/","name":"Participa\u00e7\u00e3o de mulheres em conselhos ganha mais espa\u00e7o - Jornada da Sustentabilidade, oferecido por Deloitte","isPartOf":{"@id":"https:\/\/patrocinados.estadao.com.br\/deloitte-jornada-da-sustentabilidade\/#website"},"primaryImageOfPage":{"@id":"https:\/\/patrocinados.estadao.com.br\/deloitte-jornada-da-sustentabilidade\/2016\/01\/19\/participacao-de-mulheres-em-conselhos-ganha-mais-espaco\/#primaryimage"},"image":{"@id":"https:\/\/patrocinados.estadao.com.br\/deloitte-jornada-da-sustentabilidade\/2016\/01\/19\/participacao-de-mulheres-em-conselhos-ganha-mais-espaco\/#primaryimage"},"thumbnailUrl":"https:\/\/patrocinados.estadao.com.br\/deloitte-jornada-da-sustentabilidade\/wp-content\/uploads\/2021\/09\/33_932.jpg","datePublished":"2016-01-19T18:45:39+00:00","dateModified":"2021-09-20T15:48:59+00:00","author":{"@id":"https:\/\/patrocinados.estadao.com.br\/deloitte-jornada-da-sustentabilidade\/#\/schema\/person\/9be56940425d4f31e0c82015d0fd725f"},"breadcrumb":{"@id":"https:\/\/patrocinados.estadao.com.br\/deloitte-jornada-da-sustentabilidade\/2016\/01\/19\/participacao-de-mulheres-em-conselhos-ganha-mais-espaco\/#breadcrumb"},"inLanguage":"pt-BR","potentialAction":[{"@type":"ReadAction","target":["https:\/\/patrocinados.estadao.com.br\/deloitte-jornada-da-sustentabilidade\/2016\/01\/19\/participacao-de-mulheres-em-conselhos-ganha-mais-espaco\/"]}]},{"@type":"ImageObject","inLanguage":"pt-BR","@id":"https:\/\/patrocinados.estadao.com.br\/deloitte-jornada-da-sustentabilidade\/2016\/01\/19\/participacao-de-mulheres-em-conselhos-ganha-mais-espaco\/#primaryimage","url":"https:\/\/patrocinados.estadao.com.br\/deloitte-jornada-da-sustentabilidade\/wp-content\/uploads\/2021\/09\/33_932.jpg","contentUrl":"https:\/\/patrocinados.estadao.com.br\/deloitte-jornada-da-sustentabilidade\/wp-content\/uploads\/2021\/09\/33_932.jpg","width":932,"height":524},{"@type":"BreadcrumbList","@id":"https:\/\/patrocinados.estadao.com.br\/deloitte-jornada-da-sustentabilidade\/2016\/01\/19\/participacao-de-mulheres-em-conselhos-ganha-mais-espaco\/#breadcrumb","itemListElement":[{"@type":"ListItem","position":1,"name":"In\u00edcio","item":"https:\/\/patrocinados.estadao.com.br\/deloitte-jornada-da-sustentabilidade\/"},{"@type":"ListItem","position":2,"name":"Participa\u00e7\u00e3o de mulheres em conselhos ganha mais espa\u00e7o"}]},{"@type":"WebSite","@id":"https:\/\/patrocinados.estadao.com.br\/deloitte-jornada-da-sustentabilidade\/#website","url":"https:\/\/patrocinados.estadao.com.br\/deloitte-jornada-da-sustentabilidade\/","name":"Jornada da Sustentabilidade, oferecido por Deloitte","description":"Solu\u00e7\u00f5es de governan\u00e7a corporativa para seus desafios de neg\u00f3cios","potentialAction":[{"@type":"SearchAction","target":{"@type":"EntryPoint","urlTemplate":"https:\/\/patrocinados.estadao.com.br\/deloitte-jornada-da-sustentabilidade\/?s={search_term_string}"},"query-input":{"@type":"PropertyValueSpecification","valueRequired":true,"valueName":"search_term_string"}}],"inLanguage":"pt-BR"},{"@type":"Person","@id":"https:\/\/patrocinados.estadao.com.br\/deloitte-jornada-da-sustentabilidade\/#\/schema\/person\/9be56940425d4f31e0c82015d0fd725f","name":"Geosfera","image":{"@type":"ImageObject","inLanguage":"pt-BR","@id":"https:\/\/patrocinados.estadao.com.br\/deloitte-jornada-da-sustentabilidade\/#\/schema\/person\/image\/","url":"https:\/\/secure.gravatar.com\/avatar\/9d33d40efdce4963188a84bd4777a5f81f7c8e9cfcc15e6853c05f5cfee4c0ab?s=96&d=mm&r=g","contentUrl":"https:\/\/secure.gravatar.com\/avatar\/9d33d40efdce4963188a84bd4777a5f81f7c8e9cfcc15e6853c05f5cfee4c0ab?s=96&d=mm&r=g","caption":"Geosfera"},"sameAs":["http:\/\/geosfera.com.br"],"url":"https:\/\/patrocinados.estadao.com.br\/deloitte-jornada-da-sustentabilidade\/author\/geosfera_deloitte\/"}]}},"_links":{"self":[{"href":"https:\/\/patrocinados.estadao.com.br\/deloitte-jornada-da-sustentabilidade\/wp-json\/wp\/v2\/posts\/189","targetHints":{"allow":["GET"]}}],"collection":[{"href":"https:\/\/patrocinados.estadao.com.br\/deloitte-jornada-da-sustentabilidade\/wp-json\/wp\/v2\/posts"}],"about":[{"href":"https:\/\/patrocinados.estadao.com.br\/deloitte-jornada-da-sustentabilidade\/wp-json\/wp\/v2\/types\/post"}],"author":[{"embeddable":true,"href":"https:\/\/patrocinados.estadao.com.br\/deloitte-jornada-da-sustentabilidade\/wp-json\/wp\/v2\/users\/2"}],"replies":[{"embeddable":true,"href":"https:\/\/patrocinados.estadao.com.br\/deloitte-jornada-da-sustentabilidade\/wp-json\/wp\/v2\/comments?post=189"}],"version-history":[{"count":1,"href":"https:\/\/patrocinados.estadao.com.br\/deloitte-jornada-da-sustentabilidade\/wp-json\/wp\/v2\/posts\/189\/revisions"}],"predecessor-version":[{"id":1966,"href":"https:\/\/patrocinados.estadao.com.br\/deloitte-jornada-da-sustentabilidade\/wp-json\/wp\/v2\/posts\/189\/revisions\/1966"}],"wp:featuredmedia":[{"embeddable":true,"href":"https:\/\/patrocinados.estadao.com.br\/deloitte-jornada-da-sustentabilidade\/wp-json\/wp\/v2\/media\/1739"}],"wp:attachment":[{"href":"https:\/\/patrocinados.estadao.com.br\/deloitte-jornada-da-sustentabilidade\/wp-json\/wp\/v2\/media?parent=189"}],"wp:term":[{"taxonomy":"category","embeddable":true,"href":"https:\/\/patrocinados.estadao.com.br\/deloitte-jornada-da-sustentabilidade\/wp-json\/wp\/v2\/categories?post=189"},{"taxonomy":"post_tag","embeddable":true,"href":"https:\/\/patrocinados.estadao.com.br\/deloitte-jornada-da-sustentabilidade\/wp-json\/wp\/v2\/tags?post=189"}],"curies":[{"name":"wp","href":"https:\/\/api.w.org\/{rel}","templated":true}]}}