{"id":186,"date":"2016-01-05T18:41:25","date_gmt":"2016-01-05T18:41:25","guid":{"rendered":"https:\/\/patrocinados.estadao.com.br\/deloitte-esg-esg\/?p=186"},"modified":"2021-09-20T12:49:38","modified_gmt":"2021-09-20T15:49:38","slug":"auditoria-do-futuro-promove-evolucao-do-trabalho-do-auditor","status":"publish","type":"post","link":"https:\/\/patrocinados.estadao.com.br\/deloitte-jornada-da-sustentabilidade\/2016\/01\/05\/auditoria-do-futuro-promove-evolucao-do-trabalho-do-auditor\/","title":{"rendered":"\u201cAuditoria do futuro\u201d promove evolu\u00e7\u00e3o do trabalho do auditor"},"content":{"rendered":"<p>Dois est\u00edmulos t\u00eam afetado o trabalho da auditoria independente, abrindo caminhos para uma grande mudan\u00e7a. O primeiro vem do mercado em geral. Empresas, reguladores, investidores e a sociedade demandam, cada vez mais, que os auditores sejam mais proativos e prospectivos, incorporando intelig\u00eancia de neg\u00f3cios e tecnologias \u00e0s suas obriga\u00e7\u00f5es regulamentadas, ultrapassando as usuais an\u00e1lises retroativas de demonstra\u00e7\u00f5es financeiras.<\/p>\n<p>O segundo \u00e9, ao mesmo tempo, est\u00edmulo e um dos caminhos que permitir\u00e3o um avan\u00e7o nessa pr\u00e1tica. Trata-se da ascens\u00e3o das tecnologias e do vertiginoso volume de dados dispon\u00edveis. Esses dois fatores municiam o auditor com novos recursos para seu trabalho di\u00e1rio, permitindo a ele continuar a apoiar decis\u00f5es de investimento e diretrizes de governan\u00e7a de forma mais determinante na constru\u00e7\u00e3o de um ambiente de neg\u00f3cios s\u00f3lido.<\/p>\n<p>Juntas, essas frentes movem a atua\u00e7\u00e3o do auditor para um novo momento, que j\u00e1 vem sendo chamado de auditoria do futuro. \u201cEm suma e na pr\u00e1tica, empresas e investidores buscam conclus\u00f5es mais abalizadas e informativas, que os auxiliem a tomar decis\u00f5es mais inteligentes. Isso requer investimentos significativos e uma mentalidade mais ousada do que a vista nas auditorias do passado\u201d, diz Edimar Facco, s\u00f3cio-l\u00edder de Auditoria da Deloitte no Brasil. \u201cEis o paradigma a ser quebrado: o olhar do auditor deve se voltar para o futuro.\u201d<\/p>\n<p>Um estudo elaborado pela Deloitte nos Estados Unidos com 250 agentes investidores, executivos financeiros e membros de comit\u00eas de auditoria ajudou a tra\u00e7ar um panorama a respeito de como ser\u00e1 a auditoria do futuro. Questionados sobre a partir de onde a auditoria se transformar\u00e1, os profissionais apontaram tr\u00eas focos: a necessidade de an\u00e1lises mais profundas, mais agilidade e efici\u00eancia nas entregas e uma abordagem inovadora do trabalho.<\/p>\n<p><strong>Tecnologia e capacita\u00e7\u00e3o<\/strong><\/p>\n<p>O consenso entre os entrevistados \u00e9 de que os profissionais avancem no mapeamento das mudan\u00e7as no cen\u00e1rio econ\u00f4mico e de neg\u00f3cios, adaptando-se mais rapidamente. \u201cH\u00e1 a demanda de que esse trabalho seja cada vez mais amplo, hol\u00edstico e inovador\u201d, diz Facco. \u201cNenhuma evolu\u00e7\u00e3o, por\u00e9m, ocorrer\u00e1 sem considerar dois pontos: tecnologia e capacita\u00e7\u00e3o. Essas frentes s\u00e3o a base da abordagem cognitiva que define a pr\u00e1tica da auditoria do futuro.\u201d<\/p>\n<p>Inova\u00e7\u00f5es tecnol\u00f3gicas, como os conceitos de analytics e de data visualization, al\u00e9m de recursos de business intelligence (BI) ser\u00e3o empregados a favor da auditoria. Do ponto de vista da capacita\u00e7\u00e3o, o caminho para o auditor do futuro inclui atualiza\u00e7\u00e3o constante e observ\u00e2ncia \u00e0s normas. \u201cN\u00e3o se tratar\u00e1 de ter mais trabalho, mas de trabalhar melhor a partir de um c\u00edrculo virtuoso em que se conectam plataformas, solu\u00e7\u00f5es, recursos e pessoas\u201d, diz Facco.<\/p>\n<p><strong>Os 5Is da auditoria do futuro*<\/strong><\/p>\n<p><strong>Intelligent: <\/strong> Ferramentas e tecnologia levam a experi\u00eancia da auditoria a um patamar mais elevado.<\/p>\n<p><strong>Intuitive: <\/strong> Acessar dados em tempo real torna o processo mais intuitivo e ainda mais transparente.<\/p>\n<p><strong>Informed: <\/strong> A execu\u00e7\u00e3o passa a exigir conhecimentos sobre riscos, regula\u00e7\u00f5es, mercados e setores.<\/p>\n<p><strong>Integrated: <\/strong> A entrega ultrapassa fronteiras, exigindo tamb\u00e9m maior intera\u00e7\u00e3o em um ambiente global.<\/p>\n<p><strong>Insightful: <\/strong> Al\u00e9m de fomentar confian\u00e7a e transpar\u00eancia, tamb\u00e9m beneficia a tomada de decis\u00f5es.<\/p>\n<p><em>*Termos em ingl\u00eas para inteligente, intuitiva, informada, integrada e esclarecedora<\/em><\/p>\n","protected":false},"excerpt":{"rendered":"<p>As atuais demandas do mercado e a melhora da tecnologia permitiram um grande avan\u00e7o nesta pr\u00e1tica<\/p>\n","protected":false},"author":2,"featured_media":1738,"comment_status":"open","ping_status":"closed","sticky":false,"template":"","format":"standard","meta":{"_acf_changed":false,"footnotes":""},"categories":[1],"tags":[],"class_list":["post-186","post","type-post","status-publish","format-standard","has-post-thumbnail","hentry","category-sem-categoria"],"acf":[],"yoast_head":"<!-- This site is optimized with the Yoast SEO plugin v27.1.1 - https:\/\/yoast.com\/product\/yoast-seo-wordpress\/ -->\n<title>\u201cAuditoria do futuro\u201d promove evolu\u00e7\u00e3o do trabalho do auditor - Jornada da Sustentabilidade, oferecido por Deloitte<\/title>\n<meta name=\"robots\" content=\"index, follow, max-snippet:-1, max-image-preview:large, max-video-preview:-1\" \/>\n<link rel=\"canonical\" href=\"https:\/\/patrocinados.estadao.com.br\/deloitte-jornada-da-sustentabilidade\/2016\/01\/05\/auditoria-do-futuro-promove-evolucao-do-trabalho-do-auditor\/\" \/>\n<meta property=\"og:locale\" content=\"pt_BR\" \/>\n<meta property=\"og:type\" content=\"article\" \/>\n<meta property=\"og:title\" content=\"\u201cAuditoria do futuro\u201d promove evolu\u00e7\u00e3o do trabalho do auditor - Jornada da Sustentabilidade, oferecido por Deloitte\" \/>\n<meta property=\"og:description\" content=\"As atuais demandas do mercado e a melhora da tecnologia permitiram um grande avan\u00e7o nesta pr\u00e1tica\" \/>\n<meta property=\"og:url\" content=\"https:\/\/patrocinados.estadao.com.br\/deloitte-jornada-da-sustentabilidade\/2016\/01\/05\/auditoria-do-futuro-promove-evolucao-do-trabalho-do-auditor\/\" \/>\n<meta property=\"og:site_name\" content=\"Jornada da Sustentabilidade, oferecido por Deloitte\" \/>\n<meta property=\"article:published_time\" content=\"2016-01-05T18:41:25+00:00\" \/>\n<meta property=\"article:modified_time\" content=\"2021-09-20T15:49:38+00:00\" \/>\n<meta property=\"og:image\" content=\"https:\/\/patrocinados.estadao.com.br\/deloitte-jornada-da-sustentabilidade\/wp-content\/uploads\/2021\/09\/32_932.jpg\" \/>\n\t<meta property=\"og:image:width\" content=\"932\" \/>\n\t<meta property=\"og:image:height\" content=\"524\" \/>\n\t<meta property=\"og:image:type\" content=\"image\/jpeg\" \/>\n<meta name=\"author\" content=\"Geosfera\" \/>\n<meta name=\"twitter:card\" content=\"summary_large_image\" \/>\n<meta name=\"twitter:label1\" content=\"Escrito por\" \/>\n\t<meta name=\"twitter:data1\" content=\"Geosfera\" \/>\n\t<meta name=\"twitter:label2\" content=\"Est. tempo de leitura\" \/>\n\t<meta name=\"twitter:data2\" content=\"3 minutos\" \/>\n<script type=\"application\/ld+json\" class=\"yoast-schema-graph\">{\"@context\":\"https:\/\/schema.org\",\"@graph\":[{\"@type\":\"Article\",\"@id\":\"https:\/\/patrocinados.estadao.com.br\/deloitte-jornada-da-sustentabilidade\/2016\/01\/05\/auditoria-do-futuro-promove-evolucao-do-trabalho-do-auditor\/#article\",\"isPartOf\":{\"@id\":\"https:\/\/patrocinados.estadao.com.br\/deloitte-jornada-da-sustentabilidade\/2016\/01\/05\/auditoria-do-futuro-promove-evolucao-do-trabalho-do-auditor\/\"},\"author\":{\"name\":\"Geosfera\",\"@id\":\"https:\/\/patrocinados.estadao.com.br\/deloitte-jornada-da-sustentabilidade\/#\/schema\/person\/9be56940425d4f31e0c82015d0fd725f\"},\"headline\":\"\u201cAuditoria do futuro\u201d promove evolu\u00e7\u00e3o do trabalho do auditor\",\"datePublished\":\"2016-01-05T18:41:25+00:00\",\"dateModified\":\"2021-09-20T15:49:38+00:00\",\"mainEntityOfPage\":{\"@id\":\"https:\/\/patrocinados.estadao.com.br\/deloitte-jornada-da-sustentabilidade\/2016\/01\/05\/auditoria-do-futuro-promove-evolucao-do-trabalho-do-auditor\/\"},\"wordCount\":575,\"commentCount\":0,\"image\":{\"@id\":\"https:\/\/patrocinados.estadao.com.br\/deloitte-jornada-da-sustentabilidade\/2016\/01\/05\/auditoria-do-futuro-promove-evolucao-do-trabalho-do-auditor\/#primaryimage\"},\"thumbnailUrl\":\"https:\/\/patrocinados.estadao.com.br\/deloitte-jornada-da-sustentabilidade\/wp-content\/uploads\/2021\/09\/32_932.jpg\",\"inLanguage\":\"pt-BR\",\"potentialAction\":[{\"@type\":\"CommentAction\",\"name\":\"Comment\",\"target\":[\"https:\/\/patrocinados.estadao.com.br\/deloitte-jornada-da-sustentabilidade\/2016\/01\/05\/auditoria-do-futuro-promove-evolucao-do-trabalho-do-auditor\/#respond\"]}]},{\"@type\":\"WebPage\",\"@id\":\"https:\/\/patrocinados.estadao.com.br\/deloitte-jornada-da-sustentabilidade\/2016\/01\/05\/auditoria-do-futuro-promove-evolucao-do-trabalho-do-auditor\/\",\"url\":\"https:\/\/patrocinados.estadao.com.br\/deloitte-jornada-da-sustentabilidade\/2016\/01\/05\/auditoria-do-futuro-promove-evolucao-do-trabalho-do-auditor\/\",\"name\":\"\u201cAuditoria do futuro\u201d promove evolu\u00e7\u00e3o do trabalho do auditor - Jornada da Sustentabilidade, oferecido por Deloitte\",\"isPartOf\":{\"@id\":\"https:\/\/patrocinados.estadao.com.br\/deloitte-jornada-da-sustentabilidade\/#website\"},\"primaryImageOfPage\":{\"@id\":\"https:\/\/patrocinados.estadao.com.br\/deloitte-jornada-da-sustentabilidade\/2016\/01\/05\/auditoria-do-futuro-promove-evolucao-do-trabalho-do-auditor\/#primaryimage\"},\"image\":{\"@id\":\"https:\/\/patrocinados.estadao.com.br\/deloitte-jornada-da-sustentabilidade\/2016\/01\/05\/auditoria-do-futuro-promove-evolucao-do-trabalho-do-auditor\/#primaryimage\"},\"thumbnailUrl\":\"https:\/\/patrocinados.estadao.com.br\/deloitte-jornada-da-sustentabilidade\/wp-content\/uploads\/2021\/09\/32_932.jpg\",\"datePublished\":\"2016-01-05T18:41:25+00:00\",\"dateModified\":\"2021-09-20T15:49:38+00:00\",\"author\":{\"@id\":\"https:\/\/patrocinados.estadao.com.br\/deloitte-jornada-da-sustentabilidade\/#\/schema\/person\/9be56940425d4f31e0c82015d0fd725f\"},\"breadcrumb\":{\"@id\":\"https:\/\/patrocinados.estadao.com.br\/deloitte-jornada-da-sustentabilidade\/2016\/01\/05\/auditoria-do-futuro-promove-evolucao-do-trabalho-do-auditor\/#breadcrumb\"},\"inLanguage\":\"pt-BR\",\"potentialAction\":[{\"@type\":\"ReadAction\",\"target\":[\"https:\/\/patrocinados.estadao.com.br\/deloitte-jornada-da-sustentabilidade\/2016\/01\/05\/auditoria-do-futuro-promove-evolucao-do-trabalho-do-auditor\/\"]}]},{\"@type\":\"ImageObject\",\"inLanguage\":\"pt-BR\",\"@id\":\"https:\/\/patrocinados.estadao.com.br\/deloitte-jornada-da-sustentabilidade\/2016\/01\/05\/auditoria-do-futuro-promove-evolucao-do-trabalho-do-auditor\/#primaryimage\",\"url\":\"https:\/\/patrocinados.estadao.com.br\/deloitte-jornada-da-sustentabilidade\/wp-content\/uploads\/2021\/09\/32_932.jpg\",\"contentUrl\":\"https:\/\/patrocinados.estadao.com.br\/deloitte-jornada-da-sustentabilidade\/wp-content\/uploads\/2021\/09\/32_932.jpg\",\"width\":932,\"height\":524},{\"@type\":\"BreadcrumbList\",\"@id\":\"https:\/\/patrocinados.estadao.com.br\/deloitte-jornada-da-sustentabilidade\/2016\/01\/05\/auditoria-do-futuro-promove-evolucao-do-trabalho-do-auditor\/#breadcrumb\",\"itemListElement\":[{\"@type\":\"ListItem\",\"position\":1,\"name\":\"In\u00edcio\",\"item\":\"https:\/\/patrocinados.estadao.com.br\/deloitte-jornada-da-sustentabilidade\/\"},{\"@type\":\"ListItem\",\"position\":2,\"name\":\"\u201cAuditoria do futuro\u201d promove evolu\u00e7\u00e3o do trabalho do auditor\"}]},{\"@type\":\"WebSite\",\"@id\":\"https:\/\/patrocinados.estadao.com.br\/deloitte-jornada-da-sustentabilidade\/#website\",\"url\":\"https:\/\/patrocinados.estadao.com.br\/deloitte-jornada-da-sustentabilidade\/\",\"name\":\"Jornada da Sustentabilidade, oferecido por Deloitte\",\"description\":\"Solu\u00e7\u00f5es de governan\u00e7a corporativa para seus desafios de neg\u00f3cios\",\"potentialAction\":[{\"@type\":\"SearchAction\",\"target\":{\"@type\":\"EntryPoint\",\"urlTemplate\":\"https:\/\/patrocinados.estadao.com.br\/deloitte-jornada-da-sustentabilidade\/?s={search_term_string}\"},\"query-input\":{\"@type\":\"PropertyValueSpecification\",\"valueRequired\":true,\"valueName\":\"search_term_string\"}}],\"inLanguage\":\"pt-BR\"},{\"@type\":\"Person\",\"@id\":\"https:\/\/patrocinados.estadao.com.br\/deloitte-jornada-da-sustentabilidade\/#\/schema\/person\/9be56940425d4f31e0c82015d0fd725f\",\"name\":\"Geosfera\",\"image\":{\"@type\":\"ImageObject\",\"inLanguage\":\"pt-BR\",\"@id\":\"https:\/\/patrocinados.estadao.com.br\/deloitte-jornada-da-sustentabilidade\/#\/schema\/person\/image\/\",\"url\":\"https:\/\/secure.gravatar.com\/avatar\/9d33d40efdce4963188a84bd4777a5f81f7c8e9cfcc15e6853c05f5cfee4c0ab?s=96&d=mm&r=g\",\"contentUrl\":\"https:\/\/secure.gravatar.com\/avatar\/9d33d40efdce4963188a84bd4777a5f81f7c8e9cfcc15e6853c05f5cfee4c0ab?s=96&d=mm&r=g\",\"caption\":\"Geosfera\"},\"sameAs\":[\"http:\/\/geosfera.com.br\"],\"url\":\"https:\/\/patrocinados.estadao.com.br\/deloitte-jornada-da-sustentabilidade\/author\/geosfera_deloitte\/\"}]}<\/script>\n<!-- \/ Yoast SEO plugin. -->","yoast_head_json":{"title":"\u201cAuditoria do futuro\u201d promove evolu\u00e7\u00e3o do trabalho do auditor - Jornada da Sustentabilidade, oferecido por Deloitte","robots":{"index":"index","follow":"follow","max-snippet":"max-snippet:-1","max-image-preview":"max-image-preview:large","max-video-preview":"max-video-preview:-1"},"canonical":"https:\/\/patrocinados.estadao.com.br\/deloitte-jornada-da-sustentabilidade\/2016\/01\/05\/auditoria-do-futuro-promove-evolucao-do-trabalho-do-auditor\/","og_locale":"pt_BR","og_type":"article","og_title":"\u201cAuditoria do futuro\u201d promove evolu\u00e7\u00e3o do trabalho do auditor - Jornada da Sustentabilidade, oferecido por Deloitte","og_description":"As atuais demandas do mercado e a melhora da tecnologia permitiram um grande avan\u00e7o nesta pr\u00e1tica","og_url":"https:\/\/patrocinados.estadao.com.br\/deloitte-jornada-da-sustentabilidade\/2016\/01\/05\/auditoria-do-futuro-promove-evolucao-do-trabalho-do-auditor\/","og_site_name":"Jornada da Sustentabilidade, oferecido por Deloitte","article_published_time":"2016-01-05T18:41:25+00:00","article_modified_time":"2021-09-20T15:49:38+00:00","og_image":[{"width":932,"height":524,"url":"https:\/\/patrocinados.estadao.com.br\/deloitte-jornada-da-sustentabilidade\/wp-content\/uploads\/2021\/09\/32_932.jpg","type":"image\/jpeg"}],"author":"Geosfera","twitter_card":"summary_large_image","twitter_misc":{"Escrito por":"Geosfera","Est. tempo de leitura":"3 minutos"},"schema":{"@context":"https:\/\/schema.org","@graph":[{"@type":"Article","@id":"https:\/\/patrocinados.estadao.com.br\/deloitte-jornada-da-sustentabilidade\/2016\/01\/05\/auditoria-do-futuro-promove-evolucao-do-trabalho-do-auditor\/#article","isPartOf":{"@id":"https:\/\/patrocinados.estadao.com.br\/deloitte-jornada-da-sustentabilidade\/2016\/01\/05\/auditoria-do-futuro-promove-evolucao-do-trabalho-do-auditor\/"},"author":{"name":"Geosfera","@id":"https:\/\/patrocinados.estadao.com.br\/deloitte-jornada-da-sustentabilidade\/#\/schema\/person\/9be56940425d4f31e0c82015d0fd725f"},"headline":"\u201cAuditoria do futuro\u201d promove evolu\u00e7\u00e3o do trabalho do auditor","datePublished":"2016-01-05T18:41:25+00:00","dateModified":"2021-09-20T15:49:38+00:00","mainEntityOfPage":{"@id":"https:\/\/patrocinados.estadao.com.br\/deloitte-jornada-da-sustentabilidade\/2016\/01\/05\/auditoria-do-futuro-promove-evolucao-do-trabalho-do-auditor\/"},"wordCount":575,"commentCount":0,"image":{"@id":"https:\/\/patrocinados.estadao.com.br\/deloitte-jornada-da-sustentabilidade\/2016\/01\/05\/auditoria-do-futuro-promove-evolucao-do-trabalho-do-auditor\/#primaryimage"},"thumbnailUrl":"https:\/\/patrocinados.estadao.com.br\/deloitte-jornada-da-sustentabilidade\/wp-content\/uploads\/2021\/09\/32_932.jpg","inLanguage":"pt-BR","potentialAction":[{"@type":"CommentAction","name":"Comment","target":["https:\/\/patrocinados.estadao.com.br\/deloitte-jornada-da-sustentabilidade\/2016\/01\/05\/auditoria-do-futuro-promove-evolucao-do-trabalho-do-auditor\/#respond"]}]},{"@type":"WebPage","@id":"https:\/\/patrocinados.estadao.com.br\/deloitte-jornada-da-sustentabilidade\/2016\/01\/05\/auditoria-do-futuro-promove-evolucao-do-trabalho-do-auditor\/","url":"https:\/\/patrocinados.estadao.com.br\/deloitte-jornada-da-sustentabilidade\/2016\/01\/05\/auditoria-do-futuro-promove-evolucao-do-trabalho-do-auditor\/","name":"\u201cAuditoria do futuro\u201d promove evolu\u00e7\u00e3o do trabalho do auditor - Jornada da Sustentabilidade, oferecido por Deloitte","isPartOf":{"@id":"https:\/\/patrocinados.estadao.com.br\/deloitte-jornada-da-sustentabilidade\/#website"},"primaryImageOfPage":{"@id":"https:\/\/patrocinados.estadao.com.br\/deloitte-jornada-da-sustentabilidade\/2016\/01\/05\/auditoria-do-futuro-promove-evolucao-do-trabalho-do-auditor\/#primaryimage"},"image":{"@id":"https:\/\/patrocinados.estadao.com.br\/deloitte-jornada-da-sustentabilidade\/2016\/01\/05\/auditoria-do-futuro-promove-evolucao-do-trabalho-do-auditor\/#primaryimage"},"thumbnailUrl":"https:\/\/patrocinados.estadao.com.br\/deloitte-jornada-da-sustentabilidade\/wp-content\/uploads\/2021\/09\/32_932.jpg","datePublished":"2016-01-05T18:41:25+00:00","dateModified":"2021-09-20T15:49:38+00:00","author":{"@id":"https:\/\/patrocinados.estadao.com.br\/deloitte-jornada-da-sustentabilidade\/#\/schema\/person\/9be56940425d4f31e0c82015d0fd725f"},"breadcrumb":{"@id":"https:\/\/patrocinados.estadao.com.br\/deloitte-jornada-da-sustentabilidade\/2016\/01\/05\/auditoria-do-futuro-promove-evolucao-do-trabalho-do-auditor\/#breadcrumb"},"inLanguage":"pt-BR","potentialAction":[{"@type":"ReadAction","target":["https:\/\/patrocinados.estadao.com.br\/deloitte-jornada-da-sustentabilidade\/2016\/01\/05\/auditoria-do-futuro-promove-evolucao-do-trabalho-do-auditor\/"]}]},{"@type":"ImageObject","inLanguage":"pt-BR","@id":"https:\/\/patrocinados.estadao.com.br\/deloitte-jornada-da-sustentabilidade\/2016\/01\/05\/auditoria-do-futuro-promove-evolucao-do-trabalho-do-auditor\/#primaryimage","url":"https:\/\/patrocinados.estadao.com.br\/deloitte-jornada-da-sustentabilidade\/wp-content\/uploads\/2021\/09\/32_932.jpg","contentUrl":"https:\/\/patrocinados.estadao.com.br\/deloitte-jornada-da-sustentabilidade\/wp-content\/uploads\/2021\/09\/32_932.jpg","width":932,"height":524},{"@type":"BreadcrumbList","@id":"https:\/\/patrocinados.estadao.com.br\/deloitte-jornada-da-sustentabilidade\/2016\/01\/05\/auditoria-do-futuro-promove-evolucao-do-trabalho-do-auditor\/#breadcrumb","itemListElement":[{"@type":"ListItem","position":1,"name":"In\u00edcio","item":"https:\/\/patrocinados.estadao.com.br\/deloitte-jornada-da-sustentabilidade\/"},{"@type":"ListItem","position":2,"name":"\u201cAuditoria do futuro\u201d promove evolu\u00e7\u00e3o do trabalho do auditor"}]},{"@type":"WebSite","@id":"https:\/\/patrocinados.estadao.com.br\/deloitte-jornada-da-sustentabilidade\/#website","url":"https:\/\/patrocinados.estadao.com.br\/deloitte-jornada-da-sustentabilidade\/","name":"Jornada da Sustentabilidade, oferecido por Deloitte","description":"Solu\u00e7\u00f5es de governan\u00e7a corporativa para seus desafios de neg\u00f3cios","potentialAction":[{"@type":"SearchAction","target":{"@type":"EntryPoint","urlTemplate":"https:\/\/patrocinados.estadao.com.br\/deloitte-jornada-da-sustentabilidade\/?s={search_term_string}"},"query-input":{"@type":"PropertyValueSpecification","valueRequired":true,"valueName":"search_term_string"}}],"inLanguage":"pt-BR"},{"@type":"Person","@id":"https:\/\/patrocinados.estadao.com.br\/deloitte-jornada-da-sustentabilidade\/#\/schema\/person\/9be56940425d4f31e0c82015d0fd725f","name":"Geosfera","image":{"@type":"ImageObject","inLanguage":"pt-BR","@id":"https:\/\/patrocinados.estadao.com.br\/deloitte-jornada-da-sustentabilidade\/#\/schema\/person\/image\/","url":"https:\/\/secure.gravatar.com\/avatar\/9d33d40efdce4963188a84bd4777a5f81f7c8e9cfcc15e6853c05f5cfee4c0ab?s=96&d=mm&r=g","contentUrl":"https:\/\/secure.gravatar.com\/avatar\/9d33d40efdce4963188a84bd4777a5f81f7c8e9cfcc15e6853c05f5cfee4c0ab?s=96&d=mm&r=g","caption":"Geosfera"},"sameAs":["http:\/\/geosfera.com.br"],"url":"https:\/\/patrocinados.estadao.com.br\/deloitte-jornada-da-sustentabilidade\/author\/geosfera_deloitte\/"}]}},"_links":{"self":[{"href":"https:\/\/patrocinados.estadao.com.br\/deloitte-jornada-da-sustentabilidade\/wp-json\/wp\/v2\/posts\/186","targetHints":{"allow":["GET"]}}],"collection":[{"href":"https:\/\/patrocinados.estadao.com.br\/deloitte-jornada-da-sustentabilidade\/wp-json\/wp\/v2\/posts"}],"about":[{"href":"https:\/\/patrocinados.estadao.com.br\/deloitte-jornada-da-sustentabilidade\/wp-json\/wp\/v2\/types\/post"}],"author":[{"embeddable":true,"href":"https:\/\/patrocinados.estadao.com.br\/deloitte-jornada-da-sustentabilidade\/wp-json\/wp\/v2\/users\/2"}],"replies":[{"embeddable":true,"href":"https:\/\/patrocinados.estadao.com.br\/deloitte-jornada-da-sustentabilidade\/wp-json\/wp\/v2\/comments?post=186"}],"version-history":[{"count":1,"href":"https:\/\/patrocinados.estadao.com.br\/deloitte-jornada-da-sustentabilidade\/wp-json\/wp\/v2\/posts\/186\/revisions"}],"predecessor-version":[{"id":1967,"href":"https:\/\/patrocinados.estadao.com.br\/deloitte-jornada-da-sustentabilidade\/wp-json\/wp\/v2\/posts\/186\/revisions\/1967"}],"wp:featuredmedia":[{"embeddable":true,"href":"https:\/\/patrocinados.estadao.com.br\/deloitte-jornada-da-sustentabilidade\/wp-json\/wp\/v2\/media\/1738"}],"wp:attachment":[{"href":"https:\/\/patrocinados.estadao.com.br\/deloitte-jornada-da-sustentabilidade\/wp-json\/wp\/v2\/media?parent=186"}],"wp:term":[{"taxonomy":"category","embeddable":true,"href":"https:\/\/patrocinados.estadao.com.br\/deloitte-jornada-da-sustentabilidade\/wp-json\/wp\/v2\/categories?post=186"},{"taxonomy":"post_tag","embeddable":true,"href":"https:\/\/patrocinados.estadao.com.br\/deloitte-jornada-da-sustentabilidade\/wp-json\/wp\/v2\/tags?post=186"}],"curies":[{"name":"wp","href":"https:\/\/api.w.org\/{rel}","templated":true}]}}