{"id":177,"date":"2015-11-24T18:26:59","date_gmt":"2015-11-24T18:26:59","guid":{"rendered":"https:\/\/patrocinados.estadao.com.br\/deloitte-esg-esg\/?p=177"},"modified":"2021-09-20T12:50:57","modified_gmt":"2021-09-20T15:50:57","slug":"fase-pre-fusao-exige-planejamento-integrado-e-detalhado","status":"publish","type":"post","link":"https:\/\/patrocinados.estadao.com.br\/deloitte-jornada-da-sustentabilidade\/2015\/11\/24\/fase-pre-fusao-exige-planejamento-integrado-e-detalhado\/","title":{"rendered":"Fase pr\u00e9-fus\u00e3o exige planejamento integrado e detalhado"},"content":{"rendered":"<p>As oportunidades que movem empresas a realizar opera\u00e7\u00f5es de fus\u00f5es e aquisi\u00e7\u00f5es \u2013 ou inaugurar novas iniciativas por meio de joint ventures \u2013 surgem a partir de uma estrat\u00e9gia que pode ser resumida, grosso modo, a duas a\u00e7\u00f5es: aparar redund\u00e2ncias e costurar sinergias. Obviamente, na pr\u00e1tica, a situa\u00e7\u00e3o \u00e9 bem mais complexa, escondendo em seus meandros armadilhas que, para serem desarmadas, exigem investir tempo consider\u00e1vel no planejamento e na execu\u00e7\u00e3o, principalmente, da fase pr\u00e9-fus\u00e3o.<\/p>\n<p>Descuidar dessa fase acaba expondo as empresas a riscos desnecess\u00e1rios em um momento t\u00e3o estrat\u00e9gico. \u201cGerir os neg\u00f3cios, alavancar o crescimento das empresas combinadas e, ao mesmo tempo, realizar os esfor\u00e7os de integra\u00e7\u00e3o n\u00e3o s\u00e3o tarefas triviais\u201d, diz Artur Giannini, s\u00f3cio da \u00e1rea de Financial Advisory da Deloitte. \u201cQuando surgem problemas, a situa\u00e7\u00e3o pode ser comparada a consertar a turbina de um avi\u00e3o em pleno voo. As decis\u00f5es sobre a unifica\u00e7\u00e3o das empresas podem afetar a gest\u00e3o do dia a dia e vice-versa.\u201d<\/p>\n<p>As consequ\u00eancias da falta de um planejamento pr\u00e9-fus\u00e3o podem ser bastante nocivas para os neg\u00f3cios. Os executivos que deveriam tomar decis\u00f5es estrat\u00e9gicas a respeito dos benef\u00edcios da unifica\u00e7\u00e3o, por exemplo, acabam imersos na resolu\u00e7\u00e3o de imprevistos. A integra\u00e7\u00e3o atrasa \u2013 o que acirra a competi\u00e7\u00e3o de agendas entre a gest\u00e3o do dia a dia das empresas separadas e o pensamento das empresas combinadas. Quest\u00f5es operacionais e estrat\u00e9gicas que deveriam estar decididas tamb\u00e9m atrasam, comprometendo a execu\u00e7\u00e3o do plano de neg\u00f3cios inicial.<\/p>\n<p><strong>Uma frente integrada<\/strong><\/p>\n<p>H\u00e1 metodologias bem definidas no mercado para evitar riscos na fase pr\u00e9-fus\u00e3o \u2013 afastando a empresa da estat\u00edstica de falhas nesse tipo de transa\u00e7\u00e3o. \u201cUma delas envolve o que se convencionou a chamar de Clean Team\u201d, diz Giannini. \u201cEssa equipe estrat\u00e9gica \u00e9 formada na fase de pr\u00e9-fus\u00e3o por profissionais-chave das duas empresas em todas as frentes de trabalho, como as \u00e1reas de tecnologia da informa\u00e7\u00e3o, cadeia de suprimentos, comunica\u00e7\u00e3o e branding, finan\u00e7as e recursos humanos, entre outras.\u201d<\/p>\n<p>De acordo com Giannini, a estrutura do Clean Team tem tempo limitado para elaborar um planejamento detalhado, mapear e calcular as sinergias e discutir estrat\u00e9gias para a alavancagem das empresas combinadas. Um processo protocolar \u00e9 definido para garantir a confidencialidade dos dados envolvidos nesse trabalho, uma vez que, com alguma frequ\u00eancia, o planejamento pode ocorrer antes da transa\u00e7\u00e3o ser aprovada pelo Conselho Administrativo de Defesa Econ\u00f4mica (Cade).<\/p>\n<p>Sem controle sobre o que \u00e9 previs\u00edvel, \u00e9 tamb\u00e9m imposs\u00edvel lidar com os imprevistos que, invariavelmente, surgem em qualquer transa\u00e7\u00e3o. \u201cO papel do Clean Team tamb\u00e9m \u00e9 permitir \u00e0 empresa, ap\u00f3s a integra\u00e7\u00e3o, lidar com os desafios comuns da fase p\u00f3s-fus\u00e3o sem acumul\u00e1-los com os desafios que j\u00e1 poderiam estar solucionados ou ter sido prevenidos\u201d, diz Giannini. \u201cEspera-se, como resultado final, a realiza\u00e7\u00e3o da tomada de controle com um planejamento detalhado e robusto, plano de neg\u00f3cios validado e comunica\u00e7\u00e3o interna e externa preparadas para a transa\u00e7\u00e3o se tornar um caso de sucesso.\u201d<\/p>\n","protected":false},"excerpt":{"rendered":"<p>N\u00e3o projetar bem esta etapa pode expor as empresas a riscos desnecess\u00e1rios em um momento t\u00e3o estrat\u00e9gico para os neg\u00f3cios<\/p>\n","protected":false},"author":2,"featured_media":1735,"comment_status":"open","ping_status":"closed","sticky":false,"template":"","format":"standard","meta":{"_acf_changed":false,"footnotes":""},"categories":[1],"tags":[],"class_list":["post-177","post","type-post","status-publish","format-standard","has-post-thumbnail","hentry","category-sem-categoria"],"acf":[],"yoast_head":"<!-- This site is optimized with the Yoast SEO plugin v27.1.1 - https:\/\/yoast.com\/product\/yoast-seo-wordpress\/ -->\n<title>Fase pr\u00e9-fus\u00e3o exige planejamento integrado e detalhado - Jornada da Sustentabilidade, oferecido por Deloitte<\/title>\n<meta name=\"robots\" content=\"index, follow, max-snippet:-1, max-image-preview:large, max-video-preview:-1\" \/>\n<link rel=\"canonical\" href=\"https:\/\/patrocinados.estadao.com.br\/deloitte-jornada-da-sustentabilidade\/2015\/11\/24\/fase-pre-fusao-exige-planejamento-integrado-e-detalhado\/\" \/>\n<meta property=\"og:locale\" content=\"pt_BR\" \/>\n<meta property=\"og:type\" content=\"article\" \/>\n<meta property=\"og:title\" content=\"Fase pr\u00e9-fus\u00e3o exige planejamento integrado e detalhado - Jornada da Sustentabilidade, oferecido por Deloitte\" \/>\n<meta property=\"og:description\" content=\"N\u00e3o projetar bem esta etapa pode expor as empresas a riscos desnecess\u00e1rios em um momento t\u00e3o estrat\u00e9gico para os neg\u00f3cios\" \/>\n<meta property=\"og:url\" content=\"https:\/\/patrocinados.estadao.com.br\/deloitte-jornada-da-sustentabilidade\/2015\/11\/24\/fase-pre-fusao-exige-planejamento-integrado-e-detalhado\/\" \/>\n<meta property=\"og:site_name\" content=\"Jornada da Sustentabilidade, oferecido por Deloitte\" \/>\n<meta property=\"article:published_time\" content=\"2015-11-24T18:26:59+00:00\" \/>\n<meta property=\"article:modified_time\" content=\"2021-09-20T15:50:57+00:00\" \/>\n<meta property=\"og:image\" content=\"https:\/\/patrocinados.estadao.com.br\/deloitte-jornada-da-sustentabilidade\/wp-content\/uploads\/2021\/09\/29_932x524.jpg\" \/>\n\t<meta property=\"og:image:width\" content=\"932\" \/>\n\t<meta property=\"og:image:height\" content=\"524\" \/>\n\t<meta property=\"og:image:type\" content=\"image\/jpeg\" \/>\n<meta name=\"author\" content=\"Geosfera\" \/>\n<meta name=\"twitter:card\" content=\"summary_large_image\" \/>\n<meta name=\"twitter:label1\" content=\"Escrito por\" \/>\n\t<meta name=\"twitter:data1\" content=\"Geosfera\" \/>\n\t<meta name=\"twitter:label2\" content=\"Est. tempo de leitura\" \/>\n\t<meta name=\"twitter:data2\" content=\"3 minutos\" \/>\n<script type=\"application\/ld+json\" class=\"yoast-schema-graph\">{\"@context\":\"https:\/\/schema.org\",\"@graph\":[{\"@type\":\"Article\",\"@id\":\"https:\/\/patrocinados.estadao.com.br\/deloitte-jornada-da-sustentabilidade\/2015\/11\/24\/fase-pre-fusao-exige-planejamento-integrado-e-detalhado\/#article\",\"isPartOf\":{\"@id\":\"https:\/\/patrocinados.estadao.com.br\/deloitte-jornada-da-sustentabilidade\/2015\/11\/24\/fase-pre-fusao-exige-planejamento-integrado-e-detalhado\/\"},\"author\":{\"name\":\"Geosfera\",\"@id\":\"https:\/\/patrocinados.estadao.com.br\/deloitte-jornada-da-sustentabilidade\/#\/schema\/person\/9be56940425d4f31e0c82015d0fd725f\"},\"headline\":\"Fase pr\u00e9-fus\u00e3o exige planejamento integrado e detalhado\",\"datePublished\":\"2015-11-24T18:26:59+00:00\",\"dateModified\":\"2021-09-20T15:50:57+00:00\",\"mainEntityOfPage\":{\"@id\":\"https:\/\/patrocinados.estadao.com.br\/deloitte-jornada-da-sustentabilidade\/2015\/11\/24\/fase-pre-fusao-exige-planejamento-integrado-e-detalhado\/\"},\"wordCount\":546,\"commentCount\":0,\"image\":{\"@id\":\"https:\/\/patrocinados.estadao.com.br\/deloitte-jornada-da-sustentabilidade\/2015\/11\/24\/fase-pre-fusao-exige-planejamento-integrado-e-detalhado\/#primaryimage\"},\"thumbnailUrl\":\"https:\/\/patrocinados.estadao.com.br\/deloitte-jornada-da-sustentabilidade\/wp-content\/uploads\/2021\/09\/29_932x524.jpg\",\"inLanguage\":\"pt-BR\",\"potentialAction\":[{\"@type\":\"CommentAction\",\"name\":\"Comment\",\"target\":[\"https:\/\/patrocinados.estadao.com.br\/deloitte-jornada-da-sustentabilidade\/2015\/11\/24\/fase-pre-fusao-exige-planejamento-integrado-e-detalhado\/#respond\"]}]},{\"@type\":\"WebPage\",\"@id\":\"https:\/\/patrocinados.estadao.com.br\/deloitte-jornada-da-sustentabilidade\/2015\/11\/24\/fase-pre-fusao-exige-planejamento-integrado-e-detalhado\/\",\"url\":\"https:\/\/patrocinados.estadao.com.br\/deloitte-jornada-da-sustentabilidade\/2015\/11\/24\/fase-pre-fusao-exige-planejamento-integrado-e-detalhado\/\",\"name\":\"Fase pr\u00e9-fus\u00e3o exige planejamento integrado e detalhado - Jornada da Sustentabilidade, oferecido por Deloitte\",\"isPartOf\":{\"@id\":\"https:\/\/patrocinados.estadao.com.br\/deloitte-jornada-da-sustentabilidade\/#website\"},\"primaryImageOfPage\":{\"@id\":\"https:\/\/patrocinados.estadao.com.br\/deloitte-jornada-da-sustentabilidade\/2015\/11\/24\/fase-pre-fusao-exige-planejamento-integrado-e-detalhado\/#primaryimage\"},\"image\":{\"@id\":\"https:\/\/patrocinados.estadao.com.br\/deloitte-jornada-da-sustentabilidade\/2015\/11\/24\/fase-pre-fusao-exige-planejamento-integrado-e-detalhado\/#primaryimage\"},\"thumbnailUrl\":\"https:\/\/patrocinados.estadao.com.br\/deloitte-jornada-da-sustentabilidade\/wp-content\/uploads\/2021\/09\/29_932x524.jpg\",\"datePublished\":\"2015-11-24T18:26:59+00:00\",\"dateModified\":\"2021-09-20T15:50:57+00:00\",\"author\":{\"@id\":\"https:\/\/patrocinados.estadao.com.br\/deloitte-jornada-da-sustentabilidade\/#\/schema\/person\/9be56940425d4f31e0c82015d0fd725f\"},\"breadcrumb\":{\"@id\":\"https:\/\/patrocinados.estadao.com.br\/deloitte-jornada-da-sustentabilidade\/2015\/11\/24\/fase-pre-fusao-exige-planejamento-integrado-e-detalhado\/#breadcrumb\"},\"inLanguage\":\"pt-BR\",\"potentialAction\":[{\"@type\":\"ReadAction\",\"target\":[\"https:\/\/patrocinados.estadao.com.br\/deloitte-jornada-da-sustentabilidade\/2015\/11\/24\/fase-pre-fusao-exige-planejamento-integrado-e-detalhado\/\"]}]},{\"@type\":\"ImageObject\",\"inLanguage\":\"pt-BR\",\"@id\":\"https:\/\/patrocinados.estadao.com.br\/deloitte-jornada-da-sustentabilidade\/2015\/11\/24\/fase-pre-fusao-exige-planejamento-integrado-e-detalhado\/#primaryimage\",\"url\":\"https:\/\/patrocinados.estadao.com.br\/deloitte-jornada-da-sustentabilidade\/wp-content\/uploads\/2021\/09\/29_932x524.jpg\",\"contentUrl\":\"https:\/\/patrocinados.estadao.com.br\/deloitte-jornada-da-sustentabilidade\/wp-content\/uploads\/2021\/09\/29_932x524.jpg\",\"width\":932,\"height\":524},{\"@type\":\"BreadcrumbList\",\"@id\":\"https:\/\/patrocinados.estadao.com.br\/deloitte-jornada-da-sustentabilidade\/2015\/11\/24\/fase-pre-fusao-exige-planejamento-integrado-e-detalhado\/#breadcrumb\",\"itemListElement\":[{\"@type\":\"ListItem\",\"position\":1,\"name\":\"In\u00edcio\",\"item\":\"https:\/\/patrocinados.estadao.com.br\/deloitte-jornada-da-sustentabilidade\/\"},{\"@type\":\"ListItem\",\"position\":2,\"name\":\"Fase pr\u00e9-fus\u00e3o exige planejamento integrado e detalhado\"}]},{\"@type\":\"WebSite\",\"@id\":\"https:\/\/patrocinados.estadao.com.br\/deloitte-jornada-da-sustentabilidade\/#website\",\"url\":\"https:\/\/patrocinados.estadao.com.br\/deloitte-jornada-da-sustentabilidade\/\",\"name\":\"Jornada da Sustentabilidade, oferecido por Deloitte\",\"description\":\"Solu\u00e7\u00f5es de governan\u00e7a corporativa para seus desafios de neg\u00f3cios\",\"potentialAction\":[{\"@type\":\"SearchAction\",\"target\":{\"@type\":\"EntryPoint\",\"urlTemplate\":\"https:\/\/patrocinados.estadao.com.br\/deloitte-jornada-da-sustentabilidade\/?s={search_term_string}\"},\"query-input\":{\"@type\":\"PropertyValueSpecification\",\"valueRequired\":true,\"valueName\":\"search_term_string\"}}],\"inLanguage\":\"pt-BR\"},{\"@type\":\"Person\",\"@id\":\"https:\/\/patrocinados.estadao.com.br\/deloitte-jornada-da-sustentabilidade\/#\/schema\/person\/9be56940425d4f31e0c82015d0fd725f\",\"name\":\"Geosfera\",\"image\":{\"@type\":\"ImageObject\",\"inLanguage\":\"pt-BR\",\"@id\":\"https:\/\/patrocinados.estadao.com.br\/deloitte-jornada-da-sustentabilidade\/#\/schema\/person\/image\/\",\"url\":\"https:\/\/secure.gravatar.com\/avatar\/9d33d40efdce4963188a84bd4777a5f81f7c8e9cfcc15e6853c05f5cfee4c0ab?s=96&d=mm&r=g\",\"contentUrl\":\"https:\/\/secure.gravatar.com\/avatar\/9d33d40efdce4963188a84bd4777a5f81f7c8e9cfcc15e6853c05f5cfee4c0ab?s=96&d=mm&r=g\",\"caption\":\"Geosfera\"},\"sameAs\":[\"http:\/\/geosfera.com.br\"],\"url\":\"https:\/\/patrocinados.estadao.com.br\/deloitte-jornada-da-sustentabilidade\/author\/geosfera_deloitte\/\"}]}<\/script>\n<!-- \/ Yoast SEO plugin. -->","yoast_head_json":{"title":"Fase pr\u00e9-fus\u00e3o exige planejamento integrado e detalhado - Jornada da Sustentabilidade, oferecido por Deloitte","robots":{"index":"index","follow":"follow","max-snippet":"max-snippet:-1","max-image-preview":"max-image-preview:large","max-video-preview":"max-video-preview:-1"},"canonical":"https:\/\/patrocinados.estadao.com.br\/deloitte-jornada-da-sustentabilidade\/2015\/11\/24\/fase-pre-fusao-exige-planejamento-integrado-e-detalhado\/","og_locale":"pt_BR","og_type":"article","og_title":"Fase pr\u00e9-fus\u00e3o exige planejamento integrado e detalhado - Jornada da Sustentabilidade, oferecido por Deloitte","og_description":"N\u00e3o projetar bem esta etapa pode expor as empresas a riscos desnecess\u00e1rios em um momento t\u00e3o estrat\u00e9gico para os neg\u00f3cios","og_url":"https:\/\/patrocinados.estadao.com.br\/deloitte-jornada-da-sustentabilidade\/2015\/11\/24\/fase-pre-fusao-exige-planejamento-integrado-e-detalhado\/","og_site_name":"Jornada da Sustentabilidade, oferecido por Deloitte","article_published_time":"2015-11-24T18:26:59+00:00","article_modified_time":"2021-09-20T15:50:57+00:00","og_image":[{"width":932,"height":524,"url":"https:\/\/patrocinados.estadao.com.br\/deloitte-jornada-da-sustentabilidade\/wp-content\/uploads\/2021\/09\/29_932x524.jpg","type":"image\/jpeg"}],"author":"Geosfera","twitter_card":"summary_large_image","twitter_misc":{"Escrito por":"Geosfera","Est. tempo de leitura":"3 minutos"},"schema":{"@context":"https:\/\/schema.org","@graph":[{"@type":"Article","@id":"https:\/\/patrocinados.estadao.com.br\/deloitte-jornada-da-sustentabilidade\/2015\/11\/24\/fase-pre-fusao-exige-planejamento-integrado-e-detalhado\/#article","isPartOf":{"@id":"https:\/\/patrocinados.estadao.com.br\/deloitte-jornada-da-sustentabilidade\/2015\/11\/24\/fase-pre-fusao-exige-planejamento-integrado-e-detalhado\/"},"author":{"name":"Geosfera","@id":"https:\/\/patrocinados.estadao.com.br\/deloitte-jornada-da-sustentabilidade\/#\/schema\/person\/9be56940425d4f31e0c82015d0fd725f"},"headline":"Fase pr\u00e9-fus\u00e3o exige planejamento integrado e detalhado","datePublished":"2015-11-24T18:26:59+00:00","dateModified":"2021-09-20T15:50:57+00:00","mainEntityOfPage":{"@id":"https:\/\/patrocinados.estadao.com.br\/deloitte-jornada-da-sustentabilidade\/2015\/11\/24\/fase-pre-fusao-exige-planejamento-integrado-e-detalhado\/"},"wordCount":546,"commentCount":0,"image":{"@id":"https:\/\/patrocinados.estadao.com.br\/deloitte-jornada-da-sustentabilidade\/2015\/11\/24\/fase-pre-fusao-exige-planejamento-integrado-e-detalhado\/#primaryimage"},"thumbnailUrl":"https:\/\/patrocinados.estadao.com.br\/deloitte-jornada-da-sustentabilidade\/wp-content\/uploads\/2021\/09\/29_932x524.jpg","inLanguage":"pt-BR","potentialAction":[{"@type":"CommentAction","name":"Comment","target":["https:\/\/patrocinados.estadao.com.br\/deloitte-jornada-da-sustentabilidade\/2015\/11\/24\/fase-pre-fusao-exige-planejamento-integrado-e-detalhado\/#respond"]}]},{"@type":"WebPage","@id":"https:\/\/patrocinados.estadao.com.br\/deloitte-jornada-da-sustentabilidade\/2015\/11\/24\/fase-pre-fusao-exige-planejamento-integrado-e-detalhado\/","url":"https:\/\/patrocinados.estadao.com.br\/deloitte-jornada-da-sustentabilidade\/2015\/11\/24\/fase-pre-fusao-exige-planejamento-integrado-e-detalhado\/","name":"Fase pr\u00e9-fus\u00e3o exige planejamento integrado e detalhado - Jornada da Sustentabilidade, oferecido por Deloitte","isPartOf":{"@id":"https:\/\/patrocinados.estadao.com.br\/deloitte-jornada-da-sustentabilidade\/#website"},"primaryImageOfPage":{"@id":"https:\/\/patrocinados.estadao.com.br\/deloitte-jornada-da-sustentabilidade\/2015\/11\/24\/fase-pre-fusao-exige-planejamento-integrado-e-detalhado\/#primaryimage"},"image":{"@id":"https:\/\/patrocinados.estadao.com.br\/deloitte-jornada-da-sustentabilidade\/2015\/11\/24\/fase-pre-fusao-exige-planejamento-integrado-e-detalhado\/#primaryimage"},"thumbnailUrl":"https:\/\/patrocinados.estadao.com.br\/deloitte-jornada-da-sustentabilidade\/wp-content\/uploads\/2021\/09\/29_932x524.jpg","datePublished":"2015-11-24T18:26:59+00:00","dateModified":"2021-09-20T15:50:57+00:00","author":{"@id":"https:\/\/patrocinados.estadao.com.br\/deloitte-jornada-da-sustentabilidade\/#\/schema\/person\/9be56940425d4f31e0c82015d0fd725f"},"breadcrumb":{"@id":"https:\/\/patrocinados.estadao.com.br\/deloitte-jornada-da-sustentabilidade\/2015\/11\/24\/fase-pre-fusao-exige-planejamento-integrado-e-detalhado\/#breadcrumb"},"inLanguage":"pt-BR","potentialAction":[{"@type":"ReadAction","target":["https:\/\/patrocinados.estadao.com.br\/deloitte-jornada-da-sustentabilidade\/2015\/11\/24\/fase-pre-fusao-exige-planejamento-integrado-e-detalhado\/"]}]},{"@type":"ImageObject","inLanguage":"pt-BR","@id":"https:\/\/patrocinados.estadao.com.br\/deloitte-jornada-da-sustentabilidade\/2015\/11\/24\/fase-pre-fusao-exige-planejamento-integrado-e-detalhado\/#primaryimage","url":"https:\/\/patrocinados.estadao.com.br\/deloitte-jornada-da-sustentabilidade\/wp-content\/uploads\/2021\/09\/29_932x524.jpg","contentUrl":"https:\/\/patrocinados.estadao.com.br\/deloitte-jornada-da-sustentabilidade\/wp-content\/uploads\/2021\/09\/29_932x524.jpg","width":932,"height":524},{"@type":"BreadcrumbList","@id":"https:\/\/patrocinados.estadao.com.br\/deloitte-jornada-da-sustentabilidade\/2015\/11\/24\/fase-pre-fusao-exige-planejamento-integrado-e-detalhado\/#breadcrumb","itemListElement":[{"@type":"ListItem","position":1,"name":"In\u00edcio","item":"https:\/\/patrocinados.estadao.com.br\/deloitte-jornada-da-sustentabilidade\/"},{"@type":"ListItem","position":2,"name":"Fase pr\u00e9-fus\u00e3o exige planejamento integrado e detalhado"}]},{"@type":"WebSite","@id":"https:\/\/patrocinados.estadao.com.br\/deloitte-jornada-da-sustentabilidade\/#website","url":"https:\/\/patrocinados.estadao.com.br\/deloitte-jornada-da-sustentabilidade\/","name":"Jornada da Sustentabilidade, oferecido por Deloitte","description":"Solu\u00e7\u00f5es de governan\u00e7a corporativa para seus desafios de neg\u00f3cios","potentialAction":[{"@type":"SearchAction","target":{"@type":"EntryPoint","urlTemplate":"https:\/\/patrocinados.estadao.com.br\/deloitte-jornada-da-sustentabilidade\/?s={search_term_string}"},"query-input":{"@type":"PropertyValueSpecification","valueRequired":true,"valueName":"search_term_string"}}],"inLanguage":"pt-BR"},{"@type":"Person","@id":"https:\/\/patrocinados.estadao.com.br\/deloitte-jornada-da-sustentabilidade\/#\/schema\/person\/9be56940425d4f31e0c82015d0fd725f","name":"Geosfera","image":{"@type":"ImageObject","inLanguage":"pt-BR","@id":"https:\/\/patrocinados.estadao.com.br\/deloitte-jornada-da-sustentabilidade\/#\/schema\/person\/image\/","url":"https:\/\/secure.gravatar.com\/avatar\/9d33d40efdce4963188a84bd4777a5f81f7c8e9cfcc15e6853c05f5cfee4c0ab?s=96&d=mm&r=g","contentUrl":"https:\/\/secure.gravatar.com\/avatar\/9d33d40efdce4963188a84bd4777a5f81f7c8e9cfcc15e6853c05f5cfee4c0ab?s=96&d=mm&r=g","caption":"Geosfera"},"sameAs":["http:\/\/geosfera.com.br"],"url":"https:\/\/patrocinados.estadao.com.br\/deloitte-jornada-da-sustentabilidade\/author\/geosfera_deloitte\/"}]}},"_links":{"self":[{"href":"https:\/\/patrocinados.estadao.com.br\/deloitte-jornada-da-sustentabilidade\/wp-json\/wp\/v2\/posts\/177","targetHints":{"allow":["GET"]}}],"collection":[{"href":"https:\/\/patrocinados.estadao.com.br\/deloitte-jornada-da-sustentabilidade\/wp-json\/wp\/v2\/posts"}],"about":[{"href":"https:\/\/patrocinados.estadao.com.br\/deloitte-jornada-da-sustentabilidade\/wp-json\/wp\/v2\/types\/post"}],"author":[{"embeddable":true,"href":"https:\/\/patrocinados.estadao.com.br\/deloitte-jornada-da-sustentabilidade\/wp-json\/wp\/v2\/users\/2"}],"replies":[{"embeddable":true,"href":"https:\/\/patrocinados.estadao.com.br\/deloitte-jornada-da-sustentabilidade\/wp-json\/wp\/v2\/comments?post=177"}],"version-history":[{"count":1,"href":"https:\/\/patrocinados.estadao.com.br\/deloitte-jornada-da-sustentabilidade\/wp-json\/wp\/v2\/posts\/177\/revisions"}],"predecessor-version":[{"id":1970,"href":"https:\/\/patrocinados.estadao.com.br\/deloitte-jornada-da-sustentabilidade\/wp-json\/wp\/v2\/posts\/177\/revisions\/1970"}],"wp:featuredmedia":[{"embeddable":true,"href":"https:\/\/patrocinados.estadao.com.br\/deloitte-jornada-da-sustentabilidade\/wp-json\/wp\/v2\/media\/1735"}],"wp:attachment":[{"href":"https:\/\/patrocinados.estadao.com.br\/deloitte-jornada-da-sustentabilidade\/wp-json\/wp\/v2\/media?parent=177"}],"wp:term":[{"taxonomy":"category","embeddable":true,"href":"https:\/\/patrocinados.estadao.com.br\/deloitte-jornada-da-sustentabilidade\/wp-json\/wp\/v2\/categories?post=177"},{"taxonomy":"post_tag","embeddable":true,"href":"https:\/\/patrocinados.estadao.com.br\/deloitte-jornada-da-sustentabilidade\/wp-json\/wp\/v2\/tags?post=177"}],"curies":[{"name":"wp","href":"https:\/\/api.w.org\/{rel}","templated":true}]}}