{"id":1672,"date":"2021-07-27T17:15:06","date_gmt":"2021-07-27T17:15:06","guid":{"rendered":"https:\/\/patrocinados.estadao.com.br\/deloitte-esg-esg\/?p=1672"},"modified":"2021-10-07T16:20:16","modified_gmt":"2021-10-07T19:20:16","slug":"a-aceleracao-da-transformacao-digital-das-empresas-depende-de-uma-estrutura-cibernetica-robusta","status":"publish","type":"post","link":"https:\/\/patrocinados.estadao.com.br\/deloitte-jornada-da-sustentabilidade\/2021\/07\/27\/a-aceleracao-da-transformacao-digital-das-empresas-depende-de-uma-estrutura-cibernetica-robusta\/","title":{"rendered":"A acelera\u00e7\u00e3o da transforma\u00e7\u00e3o digital das empresas depende de uma estrutura cibern\u00e9tica robusta"},"content":{"rendered":"<p>Mais investimentos em seguran\u00e7a cibern\u00e9tica abrem caminho para muito mais oportunidades de impulsionar os neg\u00f3cios, dentro de um ambiente seguro que proporciona uma transforma\u00e7\u00e3o digital tranquila, com mais facilidade e menos atritos. \u00c9 o que aponta a pesquisa \u201c<a href=\"https:\/\/www2.deloitte.com\/br\/pt\/pages\/risk\/articles\/estrategias-futuro-cibernetico.html\" target=\"_blank\" rel=\"noopener noreferrer\">Estrat\u00e9gias para um futuro cibern\u00e9tico<\/a>\u201d, rec\u00e9m-divulgada pela Deloitte.<\/p>\n<p>Executivos de 122 empresas que operam no Brasil (27% das quais com faturamento superior a R$ 1 bilh\u00e3o em 2020) compartilharam suas percep\u00e7\u00f5es de que, diante de um crescimento nos investimentos em ciberseguran\u00e7a, teriam mais espa\u00e7o e recursos para aplicar em m\u00e9todos disruptivos e processos digitais que melhorariam o desempenho dos neg\u00f3cios.<\/p>\n<p>De acordo com Andr\u00e9 Gargaro, s\u00f3cio da \u00e1rea de Risk Advisory e l\u00edder de Cyber Services da Deloitte no Brasil, ficou clara a percep\u00e7\u00e3o de que, em um ambiente de maior seguran\u00e7a cibern\u00e9tica, cresce o interesse na ado\u00e7\u00e3o de novas tecnologias.<\/p>\n<p>Um ponto de destaque levantado pelo executivo foi o cen\u00e1rio desafiador imposto pela pandemia, em que ficou evidente a import\u00e2ncia de as empresas contarem com meios de seguran\u00e7a e prote\u00e7\u00e3o de dados seguros e confi\u00e1veis, diante de todos os desafios trazidos pela crise e do aumento da incid\u00eancia de golpes e tentativas de fraudes digitais.<\/p>\n<p><strong>\u00a0<\/strong>O estudo feito pela Deloitte mapeou as \u00e1reas nas quais as organiza\u00e7\u00f5es consideram que colocariam mais recursos, no caso de uma maior percep\u00e7\u00e3o da seguran\u00e7a cibern\u00e9tica. Os tr\u00eas setores com maior potencial de investimentos s\u00e3o customer marketing (62%), automa\u00e7\u00e3o dos processos operacionais (59%) e trabalho remoto (58%).<\/p>\n<p><strong>Desafios da LGPD e futuro da ciberseguran\u00e7a<\/strong><\/p>\n<p>No contexto da Lei Geral de Prote\u00e7\u00e3o de Dados (LGPD), que entrou em vigor no ano passado, a governan\u00e7a e a administra\u00e7\u00e3o de acessos pelos profissionais aos dados pessoais e sens\u00edveis relacionados ao neg\u00f3cio s\u00e3o a pr\u00e1tica mais adotada pelas empresas respondentes da pesquisa da Deloitte (61% das empresas).<\/p>\n<p>Entretanto, outras iniciativas importantes, como capacita\u00e7\u00e3o de pessoas (44%), gest\u00e3o de riscos e de governan\u00e7a da seguran\u00e7a da informa\u00e7\u00e3o (39%), gest\u00e3o de vulnerabilidades (38%) e monitoramento de redes (36%) s\u00e3o implementadas por menos da metade dos participantes.<\/p>\n<p><strong>Medidas contra ataques<\/strong><\/p>\n<p>A pesquisa tamb\u00e9m listou quais foram as medidas adotadas pelas organiza\u00e7\u00f5es que sofreram algum tipo de ataque (41% das empresas ouvidas no estudo disseram j\u00e1 terem sido v\u00edtimas).<\/p>\n<p>Entre as principais medidas adotadas, destacam-se atualiza\u00e7\u00e3o da infraestrutura de tecnologia da informa\u00e7\u00e3o (TI); cria\u00e7\u00e3o de programa de conscientiza\u00e7\u00e3o; maiores investimentos em seguran\u00e7a cibern\u00e9tica; maior monitoramento dos incidentes; revis\u00e3o de configura\u00e7\u00f5es de ambientes em cloud; criptografia de banco de dados e comunica\u00e7\u00e3o; e maior rigidez com fornecedores e terceiros.<\/p>\n<p>Entre as empresas que sofreram ataques, outra medida importante \u2013 al\u00e9m da ado\u00e7\u00e3o\/melhoria de novas tecnologias \u2013 foi a revis\u00e3o de sua governan\u00e7a cibern\u00e9tica, para garantir a adequa\u00e7\u00e3o desses recursos a um contexto din\u00e2mico de riscos emergentes.<\/p>\n<p>Gargaro ainda explica que as empresas devem levar em considera\u00e7\u00e3o fatores que as afetam no caso dos ataques, como quebra de confian\u00e7a com o consumidor e riscos \u00e0 reputa\u00e7\u00e3o, \u00e0 imagem e \u00e0 continuidade dos neg\u00f3cios. \u201cA ado\u00e7\u00e3o de tecnologias e a revis\u00e3o de processos devem ser mais integradas na resposta a ataques cibern\u00e9ticos. O recomendado \u00e9 que elas adotem uma postura estrat\u00e9gica e proativa, que s\u00e3o as pr\u00e1ticas adequadas de seguran\u00e7a cibern\u00e9tica.\u201d<\/p>\n<p>&nbsp;<\/p>\n","protected":false},"excerpt":{"rendered":"<p>Mais investimentos em seguran\u00e7a cibern\u00e9tica abrem caminho para muito mais oportunidades de impulsionar os neg\u00f3cios, dentro de um ambiente seguro que proporciona uma transforma\u00e7\u00e3o digital tranquila, com mais facilidade e menos atritos. \u00c9 o que aponta a pesquisa \u201cEstrat\u00e9gias para um futuro cibern\u00e9tico\u201d, rec\u00e9m-divulgada pela Deloitte. Executivos de 122 empresas que operam no Brasil (27% [&hellip;]<\/p>\n","protected":false},"author":7,"featured_media":1821,"comment_status":"open","ping_status":"closed","sticky":false,"template":"","format":"standard","meta":{"_acf_changed":false,"footnotes":""},"categories":[1],"tags":[8,18,22],"class_list":["post-1672","post","type-post","status-publish","format-standard","has-post-thumbnail","hentry","category-sem-categoria","tag-deloitte","tag-lgpd","tag-seguranca"],"acf":[],"yoast_head":"<!-- This site is optimized with the Yoast SEO plugin v27.1.1 - https:\/\/yoast.com\/product\/yoast-seo-wordpress\/ -->\n<title>A acelera\u00e7\u00e3o da transforma\u00e7\u00e3o digital das empresas depende de uma estrutura cibern\u00e9tica robusta - Jornada da Sustentabilidade, oferecido por Deloitte<\/title>\n<meta name=\"robots\" content=\"index, follow, max-snippet:-1, max-image-preview:large, max-video-preview:-1\" \/>\n<link rel=\"canonical\" href=\"https:\/\/patrocinados.estadao.com.br\/deloitte-jornada-da-sustentabilidade\/2021\/07\/27\/a-aceleracao-da-transformacao-digital-das-empresas-depende-de-uma-estrutura-cibernetica-robusta\/\" \/>\n<meta property=\"og:locale\" content=\"pt_BR\" \/>\n<meta property=\"og:type\" content=\"article\" \/>\n<meta property=\"og:title\" content=\"A acelera\u00e7\u00e3o da transforma\u00e7\u00e3o digital das empresas depende de uma estrutura cibern\u00e9tica robusta - Jornada da Sustentabilidade, oferecido por Deloitte\" \/>\n<meta property=\"og:description\" content=\"Mais investimentos em seguran\u00e7a cibern\u00e9tica abrem caminho para muito mais oportunidades de impulsionar os neg\u00f3cios, dentro de um ambiente seguro que proporciona uma transforma\u00e7\u00e3o digital tranquila, com mais facilidade e menos atritos. \u00c9 o que aponta a pesquisa \u201cEstrat\u00e9gias para um futuro cibern\u00e9tico\u201d, rec\u00e9m-divulgada pela Deloitte. Executivos de 122 empresas que operam no Brasil (27% [&hellip;]\" \/>\n<meta property=\"og:url\" content=\"https:\/\/patrocinados.estadao.com.br\/deloitte-jornada-da-sustentabilidade\/2021\/07\/27\/a-aceleracao-da-transformacao-digital-das-empresas-depende-de-uma-estrutura-cibernetica-robusta\/\" \/>\n<meta property=\"og:site_name\" content=\"Jornada da Sustentabilidade, oferecido por Deloitte\" \/>\n<meta property=\"article:published_time\" content=\"2021-07-27T17:15:06+00:00\" \/>\n<meta property=\"article:modified_time\" content=\"2021-10-07T19:20:16+00:00\" \/>\n<meta property=\"og:image\" content=\"https:\/\/patrocinados.estadao.com.br\/deloitte-jornada-da-sustentabilidade\/wp-content\/uploads\/2021\/09\/Home_Ciberseguranca.jpg\" \/>\n\t<meta property=\"og:image:width\" content=\"2121\" \/>\n\t<meta property=\"og:image:height\" content=\"1414\" \/>\n\t<meta property=\"og:image:type\" content=\"image\/jpeg\" \/>\n<meta name=\"author\" content=\"anapaula\" \/>\n<meta name=\"twitter:card\" content=\"summary_large_image\" \/>\n<meta name=\"twitter:label1\" content=\"Escrito por\" \/>\n\t<meta name=\"twitter:data1\" content=\"anapaula\" \/>\n\t<meta name=\"twitter:label2\" content=\"Est. tempo de leitura\" \/>\n\t<meta name=\"twitter:data2\" content=\"3 minutos\" \/>\n<script type=\"application\/ld+json\" class=\"yoast-schema-graph\">{\"@context\":\"https:\/\/schema.org\",\"@graph\":[{\"@type\":\"Article\",\"@id\":\"https:\/\/patrocinados.estadao.com.br\/deloitte-jornada-da-sustentabilidade\/2021\/07\/27\/a-aceleracao-da-transformacao-digital-das-empresas-depende-de-uma-estrutura-cibernetica-robusta\/#article\",\"isPartOf\":{\"@id\":\"https:\/\/patrocinados.estadao.com.br\/deloitte-jornada-da-sustentabilidade\/2021\/07\/27\/a-aceleracao-da-transformacao-digital-das-empresas-depende-de-uma-estrutura-cibernetica-robusta\/\"},\"author\":{\"name\":\"anapaula\",\"@id\":\"https:\/\/patrocinados.estadao.com.br\/deloitte-jornada-da-sustentabilidade\/#\/schema\/person\/3bf5f57b22430fa33ad7823950842730\"},\"headline\":\"A acelera\u00e7\u00e3o da transforma\u00e7\u00e3o digital das empresas depende de uma estrutura cibern\u00e9tica robusta\",\"datePublished\":\"2021-07-27T17:15:06+00:00\",\"dateModified\":\"2021-10-07T19:20:16+00:00\",\"mainEntityOfPage\":{\"@id\":\"https:\/\/patrocinados.estadao.com.br\/deloitte-jornada-da-sustentabilidade\/2021\/07\/27\/a-aceleracao-da-transformacao-digital-das-empresas-depende-de-uma-estrutura-cibernetica-robusta\/\"},\"wordCount\":600,\"commentCount\":0,\"image\":{\"@id\":\"https:\/\/patrocinados.estadao.com.br\/deloitte-jornada-da-sustentabilidade\/2021\/07\/27\/a-aceleracao-da-transformacao-digital-das-empresas-depende-de-uma-estrutura-cibernetica-robusta\/#primaryimage\"},\"thumbnailUrl\":\"https:\/\/patrocinados.estadao.com.br\/deloitte-jornada-da-sustentabilidade\/wp-content\/uploads\/2021\/09\/Home_Ciberseguranca.jpg\",\"keywords\":[\"Deloitte\",\"LGPD\",\"Seguran\u00e7a\"],\"inLanguage\":\"pt-BR\",\"potentialAction\":[{\"@type\":\"CommentAction\",\"name\":\"Comment\",\"target\":[\"https:\/\/patrocinados.estadao.com.br\/deloitte-jornada-da-sustentabilidade\/2021\/07\/27\/a-aceleracao-da-transformacao-digital-das-empresas-depende-de-uma-estrutura-cibernetica-robusta\/#respond\"]}]},{\"@type\":\"WebPage\",\"@id\":\"https:\/\/patrocinados.estadao.com.br\/deloitte-jornada-da-sustentabilidade\/2021\/07\/27\/a-aceleracao-da-transformacao-digital-das-empresas-depende-de-uma-estrutura-cibernetica-robusta\/\",\"url\":\"https:\/\/patrocinados.estadao.com.br\/deloitte-jornada-da-sustentabilidade\/2021\/07\/27\/a-aceleracao-da-transformacao-digital-das-empresas-depende-de-uma-estrutura-cibernetica-robusta\/\",\"name\":\"A acelera\u00e7\u00e3o da transforma\u00e7\u00e3o digital das empresas depende de uma estrutura cibern\u00e9tica robusta - Jornada da Sustentabilidade, oferecido por Deloitte\",\"isPartOf\":{\"@id\":\"https:\/\/patrocinados.estadao.com.br\/deloitte-jornada-da-sustentabilidade\/#website\"},\"primaryImageOfPage\":{\"@id\":\"https:\/\/patrocinados.estadao.com.br\/deloitte-jornada-da-sustentabilidade\/2021\/07\/27\/a-aceleracao-da-transformacao-digital-das-empresas-depende-de-uma-estrutura-cibernetica-robusta\/#primaryimage\"},\"image\":{\"@id\":\"https:\/\/patrocinados.estadao.com.br\/deloitte-jornada-da-sustentabilidade\/2021\/07\/27\/a-aceleracao-da-transformacao-digital-das-empresas-depende-de-uma-estrutura-cibernetica-robusta\/#primaryimage\"},\"thumbnailUrl\":\"https:\/\/patrocinados.estadao.com.br\/deloitte-jornada-da-sustentabilidade\/wp-content\/uploads\/2021\/09\/Home_Ciberseguranca.jpg\",\"datePublished\":\"2021-07-27T17:15:06+00:00\",\"dateModified\":\"2021-10-07T19:20:16+00:00\",\"author\":{\"@id\":\"https:\/\/patrocinados.estadao.com.br\/deloitte-jornada-da-sustentabilidade\/#\/schema\/person\/3bf5f57b22430fa33ad7823950842730\"},\"breadcrumb\":{\"@id\":\"https:\/\/patrocinados.estadao.com.br\/deloitte-jornada-da-sustentabilidade\/2021\/07\/27\/a-aceleracao-da-transformacao-digital-das-empresas-depende-de-uma-estrutura-cibernetica-robusta\/#breadcrumb\"},\"inLanguage\":\"pt-BR\",\"potentialAction\":[{\"@type\":\"ReadAction\",\"target\":[\"https:\/\/patrocinados.estadao.com.br\/deloitte-jornada-da-sustentabilidade\/2021\/07\/27\/a-aceleracao-da-transformacao-digital-das-empresas-depende-de-uma-estrutura-cibernetica-robusta\/\"]}]},{\"@type\":\"ImageObject\",\"inLanguage\":\"pt-BR\",\"@id\":\"https:\/\/patrocinados.estadao.com.br\/deloitte-jornada-da-sustentabilidade\/2021\/07\/27\/a-aceleracao-da-transformacao-digital-das-empresas-depende-de-uma-estrutura-cibernetica-robusta\/#primaryimage\",\"url\":\"https:\/\/patrocinados.estadao.com.br\/deloitte-jornada-da-sustentabilidade\/wp-content\/uploads\/2021\/09\/Home_Ciberseguranca.jpg\",\"contentUrl\":\"https:\/\/patrocinados.estadao.com.br\/deloitte-jornada-da-sustentabilidade\/wp-content\/uploads\/2021\/09\/Home_Ciberseguranca.jpg\",\"width\":2121,\"height\":1414,\"caption\":\"user typing login and password, cyber security concept, data protection and secured internet access, cybersecurity\"},{\"@type\":\"BreadcrumbList\",\"@id\":\"https:\/\/patrocinados.estadao.com.br\/deloitte-jornada-da-sustentabilidade\/2021\/07\/27\/a-aceleracao-da-transformacao-digital-das-empresas-depende-de-uma-estrutura-cibernetica-robusta\/#breadcrumb\",\"itemListElement\":[{\"@type\":\"ListItem\",\"position\":1,\"name\":\"In\u00edcio\",\"item\":\"https:\/\/patrocinados.estadao.com.br\/deloitte-jornada-da-sustentabilidade\/\"},{\"@type\":\"ListItem\",\"position\":2,\"name\":\"A acelera\u00e7\u00e3o da transforma\u00e7\u00e3o digital das empresas depende de uma estrutura cibern\u00e9tica robusta\"}]},{\"@type\":\"WebSite\",\"@id\":\"https:\/\/patrocinados.estadao.com.br\/deloitte-jornada-da-sustentabilidade\/#website\",\"url\":\"https:\/\/patrocinados.estadao.com.br\/deloitte-jornada-da-sustentabilidade\/\",\"name\":\"Jornada da Sustentabilidade, oferecido por Deloitte\",\"description\":\"Solu\u00e7\u00f5es de governan\u00e7a corporativa para seus desafios de neg\u00f3cios\",\"potentialAction\":[{\"@type\":\"SearchAction\",\"target\":{\"@type\":\"EntryPoint\",\"urlTemplate\":\"https:\/\/patrocinados.estadao.com.br\/deloitte-jornada-da-sustentabilidade\/?s={search_term_string}\"},\"query-input\":{\"@type\":\"PropertyValueSpecification\",\"valueRequired\":true,\"valueName\":\"search_term_string\"}}],\"inLanguage\":\"pt-BR\"},{\"@type\":\"Person\",\"@id\":\"https:\/\/patrocinados.estadao.com.br\/deloitte-jornada-da-sustentabilidade\/#\/schema\/person\/3bf5f57b22430fa33ad7823950842730\",\"name\":\"anapaula\",\"image\":{\"@type\":\"ImageObject\",\"inLanguage\":\"pt-BR\",\"@id\":\"https:\/\/patrocinados.estadao.com.br\/deloitte-jornada-da-sustentabilidade\/#\/schema\/person\/image\/\",\"url\":\"https:\/\/secure.gravatar.com\/avatar\/0170f110dee6c8b7857e996d7130b64c391fad6a5b2446c94908edad6af28cc0?s=96&d=mm&r=g\",\"contentUrl\":\"https:\/\/secure.gravatar.com\/avatar\/0170f110dee6c8b7857e996d7130b64c391fad6a5b2446c94908edad6af28cc0?s=96&d=mm&r=g\",\"caption\":\"anapaula\"},\"url\":\"https:\/\/patrocinados.estadao.com.br\/deloitte-jornada-da-sustentabilidade\/author\/anapaula\/\"}]}<\/script>\n<!-- \/ Yoast SEO plugin. -->","yoast_head_json":{"title":"A acelera\u00e7\u00e3o da transforma\u00e7\u00e3o digital das empresas depende de uma estrutura cibern\u00e9tica robusta - Jornada da Sustentabilidade, oferecido por Deloitte","robots":{"index":"index","follow":"follow","max-snippet":"max-snippet:-1","max-image-preview":"max-image-preview:large","max-video-preview":"max-video-preview:-1"},"canonical":"https:\/\/patrocinados.estadao.com.br\/deloitte-jornada-da-sustentabilidade\/2021\/07\/27\/a-aceleracao-da-transformacao-digital-das-empresas-depende-de-uma-estrutura-cibernetica-robusta\/","og_locale":"pt_BR","og_type":"article","og_title":"A acelera\u00e7\u00e3o da transforma\u00e7\u00e3o digital das empresas depende de uma estrutura cibern\u00e9tica robusta - Jornada da Sustentabilidade, oferecido por Deloitte","og_description":"Mais investimentos em seguran\u00e7a cibern\u00e9tica abrem caminho para muito mais oportunidades de impulsionar os neg\u00f3cios, dentro de um ambiente seguro que proporciona uma transforma\u00e7\u00e3o digital tranquila, com mais facilidade e menos atritos. \u00c9 o que aponta a pesquisa \u201cEstrat\u00e9gias para um futuro cibern\u00e9tico\u201d, rec\u00e9m-divulgada pela Deloitte. Executivos de 122 empresas que operam no Brasil (27% [&hellip;]","og_url":"https:\/\/patrocinados.estadao.com.br\/deloitte-jornada-da-sustentabilidade\/2021\/07\/27\/a-aceleracao-da-transformacao-digital-das-empresas-depende-de-uma-estrutura-cibernetica-robusta\/","og_site_name":"Jornada da Sustentabilidade, oferecido por Deloitte","article_published_time":"2021-07-27T17:15:06+00:00","article_modified_time":"2021-10-07T19:20:16+00:00","og_image":[{"width":2121,"height":1414,"url":"https:\/\/patrocinados.estadao.com.br\/deloitte-jornada-da-sustentabilidade\/wp-content\/uploads\/2021\/09\/Home_Ciberseguranca.jpg","type":"image\/jpeg"}],"author":"anapaula","twitter_card":"summary_large_image","twitter_misc":{"Escrito por":"anapaula","Est. tempo de leitura":"3 minutos"},"schema":{"@context":"https:\/\/schema.org","@graph":[{"@type":"Article","@id":"https:\/\/patrocinados.estadao.com.br\/deloitte-jornada-da-sustentabilidade\/2021\/07\/27\/a-aceleracao-da-transformacao-digital-das-empresas-depende-de-uma-estrutura-cibernetica-robusta\/#article","isPartOf":{"@id":"https:\/\/patrocinados.estadao.com.br\/deloitte-jornada-da-sustentabilidade\/2021\/07\/27\/a-aceleracao-da-transformacao-digital-das-empresas-depende-de-uma-estrutura-cibernetica-robusta\/"},"author":{"name":"anapaula","@id":"https:\/\/patrocinados.estadao.com.br\/deloitte-jornada-da-sustentabilidade\/#\/schema\/person\/3bf5f57b22430fa33ad7823950842730"},"headline":"A acelera\u00e7\u00e3o da transforma\u00e7\u00e3o digital das empresas depende de uma estrutura cibern\u00e9tica robusta","datePublished":"2021-07-27T17:15:06+00:00","dateModified":"2021-10-07T19:20:16+00:00","mainEntityOfPage":{"@id":"https:\/\/patrocinados.estadao.com.br\/deloitte-jornada-da-sustentabilidade\/2021\/07\/27\/a-aceleracao-da-transformacao-digital-das-empresas-depende-de-uma-estrutura-cibernetica-robusta\/"},"wordCount":600,"commentCount":0,"image":{"@id":"https:\/\/patrocinados.estadao.com.br\/deloitte-jornada-da-sustentabilidade\/2021\/07\/27\/a-aceleracao-da-transformacao-digital-das-empresas-depende-de-uma-estrutura-cibernetica-robusta\/#primaryimage"},"thumbnailUrl":"https:\/\/patrocinados.estadao.com.br\/deloitte-jornada-da-sustentabilidade\/wp-content\/uploads\/2021\/09\/Home_Ciberseguranca.jpg","keywords":["Deloitte","LGPD","Seguran\u00e7a"],"inLanguage":"pt-BR","potentialAction":[{"@type":"CommentAction","name":"Comment","target":["https:\/\/patrocinados.estadao.com.br\/deloitte-jornada-da-sustentabilidade\/2021\/07\/27\/a-aceleracao-da-transformacao-digital-das-empresas-depende-de-uma-estrutura-cibernetica-robusta\/#respond"]}]},{"@type":"WebPage","@id":"https:\/\/patrocinados.estadao.com.br\/deloitte-jornada-da-sustentabilidade\/2021\/07\/27\/a-aceleracao-da-transformacao-digital-das-empresas-depende-de-uma-estrutura-cibernetica-robusta\/","url":"https:\/\/patrocinados.estadao.com.br\/deloitte-jornada-da-sustentabilidade\/2021\/07\/27\/a-aceleracao-da-transformacao-digital-das-empresas-depende-de-uma-estrutura-cibernetica-robusta\/","name":"A acelera\u00e7\u00e3o da transforma\u00e7\u00e3o digital das empresas depende de uma estrutura cibern\u00e9tica robusta - Jornada da Sustentabilidade, oferecido por Deloitte","isPartOf":{"@id":"https:\/\/patrocinados.estadao.com.br\/deloitte-jornada-da-sustentabilidade\/#website"},"primaryImageOfPage":{"@id":"https:\/\/patrocinados.estadao.com.br\/deloitte-jornada-da-sustentabilidade\/2021\/07\/27\/a-aceleracao-da-transformacao-digital-das-empresas-depende-de-uma-estrutura-cibernetica-robusta\/#primaryimage"},"image":{"@id":"https:\/\/patrocinados.estadao.com.br\/deloitte-jornada-da-sustentabilidade\/2021\/07\/27\/a-aceleracao-da-transformacao-digital-das-empresas-depende-de-uma-estrutura-cibernetica-robusta\/#primaryimage"},"thumbnailUrl":"https:\/\/patrocinados.estadao.com.br\/deloitte-jornada-da-sustentabilidade\/wp-content\/uploads\/2021\/09\/Home_Ciberseguranca.jpg","datePublished":"2021-07-27T17:15:06+00:00","dateModified":"2021-10-07T19:20:16+00:00","author":{"@id":"https:\/\/patrocinados.estadao.com.br\/deloitte-jornada-da-sustentabilidade\/#\/schema\/person\/3bf5f57b22430fa33ad7823950842730"},"breadcrumb":{"@id":"https:\/\/patrocinados.estadao.com.br\/deloitte-jornada-da-sustentabilidade\/2021\/07\/27\/a-aceleracao-da-transformacao-digital-das-empresas-depende-de-uma-estrutura-cibernetica-robusta\/#breadcrumb"},"inLanguage":"pt-BR","potentialAction":[{"@type":"ReadAction","target":["https:\/\/patrocinados.estadao.com.br\/deloitte-jornada-da-sustentabilidade\/2021\/07\/27\/a-aceleracao-da-transformacao-digital-das-empresas-depende-de-uma-estrutura-cibernetica-robusta\/"]}]},{"@type":"ImageObject","inLanguage":"pt-BR","@id":"https:\/\/patrocinados.estadao.com.br\/deloitte-jornada-da-sustentabilidade\/2021\/07\/27\/a-aceleracao-da-transformacao-digital-das-empresas-depende-de-uma-estrutura-cibernetica-robusta\/#primaryimage","url":"https:\/\/patrocinados.estadao.com.br\/deloitte-jornada-da-sustentabilidade\/wp-content\/uploads\/2021\/09\/Home_Ciberseguranca.jpg","contentUrl":"https:\/\/patrocinados.estadao.com.br\/deloitte-jornada-da-sustentabilidade\/wp-content\/uploads\/2021\/09\/Home_Ciberseguranca.jpg","width":2121,"height":1414,"caption":"user typing login and password, cyber security concept, data protection and secured internet access, cybersecurity"},{"@type":"BreadcrumbList","@id":"https:\/\/patrocinados.estadao.com.br\/deloitte-jornada-da-sustentabilidade\/2021\/07\/27\/a-aceleracao-da-transformacao-digital-das-empresas-depende-de-uma-estrutura-cibernetica-robusta\/#breadcrumb","itemListElement":[{"@type":"ListItem","position":1,"name":"In\u00edcio","item":"https:\/\/patrocinados.estadao.com.br\/deloitte-jornada-da-sustentabilidade\/"},{"@type":"ListItem","position":2,"name":"A acelera\u00e7\u00e3o da transforma\u00e7\u00e3o digital das empresas depende de uma estrutura cibern\u00e9tica robusta"}]},{"@type":"WebSite","@id":"https:\/\/patrocinados.estadao.com.br\/deloitte-jornada-da-sustentabilidade\/#website","url":"https:\/\/patrocinados.estadao.com.br\/deloitte-jornada-da-sustentabilidade\/","name":"Jornada da Sustentabilidade, oferecido por Deloitte","description":"Solu\u00e7\u00f5es de governan\u00e7a corporativa para seus desafios de neg\u00f3cios","potentialAction":[{"@type":"SearchAction","target":{"@type":"EntryPoint","urlTemplate":"https:\/\/patrocinados.estadao.com.br\/deloitte-jornada-da-sustentabilidade\/?s={search_term_string}"},"query-input":{"@type":"PropertyValueSpecification","valueRequired":true,"valueName":"search_term_string"}}],"inLanguage":"pt-BR"},{"@type":"Person","@id":"https:\/\/patrocinados.estadao.com.br\/deloitte-jornada-da-sustentabilidade\/#\/schema\/person\/3bf5f57b22430fa33ad7823950842730","name":"anapaula","image":{"@type":"ImageObject","inLanguage":"pt-BR","@id":"https:\/\/patrocinados.estadao.com.br\/deloitte-jornada-da-sustentabilidade\/#\/schema\/person\/image\/","url":"https:\/\/secure.gravatar.com\/avatar\/0170f110dee6c8b7857e996d7130b64c391fad6a5b2446c94908edad6af28cc0?s=96&d=mm&r=g","contentUrl":"https:\/\/secure.gravatar.com\/avatar\/0170f110dee6c8b7857e996d7130b64c391fad6a5b2446c94908edad6af28cc0?s=96&d=mm&r=g","caption":"anapaula"},"url":"https:\/\/patrocinados.estadao.com.br\/deloitte-jornada-da-sustentabilidade\/author\/anapaula\/"}]}},"_links":{"self":[{"href":"https:\/\/patrocinados.estadao.com.br\/deloitte-jornada-da-sustentabilidade\/wp-json\/wp\/v2\/posts\/1672","targetHints":{"allow":["GET"]}}],"collection":[{"href":"https:\/\/patrocinados.estadao.com.br\/deloitte-jornada-da-sustentabilidade\/wp-json\/wp\/v2\/posts"}],"about":[{"href":"https:\/\/patrocinados.estadao.com.br\/deloitte-jornada-da-sustentabilidade\/wp-json\/wp\/v2\/types\/post"}],"author":[{"embeddable":true,"href":"https:\/\/patrocinados.estadao.com.br\/deloitte-jornada-da-sustentabilidade\/wp-json\/wp\/v2\/users\/7"}],"replies":[{"embeddable":true,"href":"https:\/\/patrocinados.estadao.com.br\/deloitte-jornada-da-sustentabilidade\/wp-json\/wp\/v2\/comments?post=1672"}],"version-history":[{"count":3,"href":"https:\/\/patrocinados.estadao.com.br\/deloitte-jornada-da-sustentabilidade\/wp-json\/wp\/v2\/posts\/1672\/revisions"}],"predecessor-version":[{"id":2046,"href":"https:\/\/patrocinados.estadao.com.br\/deloitte-jornada-da-sustentabilidade\/wp-json\/wp\/v2\/posts\/1672\/revisions\/2046"}],"wp:featuredmedia":[{"embeddable":true,"href":"https:\/\/patrocinados.estadao.com.br\/deloitte-jornada-da-sustentabilidade\/wp-json\/wp\/v2\/media\/1821"}],"wp:attachment":[{"href":"https:\/\/patrocinados.estadao.com.br\/deloitte-jornada-da-sustentabilidade\/wp-json\/wp\/v2\/media?parent=1672"}],"wp:term":[{"taxonomy":"category","embeddable":true,"href":"https:\/\/patrocinados.estadao.com.br\/deloitte-jornada-da-sustentabilidade\/wp-json\/wp\/v2\/categories?post=1672"},{"taxonomy":"post_tag","embeddable":true,"href":"https:\/\/patrocinados.estadao.com.br\/deloitte-jornada-da-sustentabilidade\/wp-json\/wp\/v2\/tags?post=1672"}],"curies":[{"name":"wp","href":"https:\/\/api.w.org\/{rel}","templated":true}]}}