{"id":1575,"date":"2021-02-22T12:27:39","date_gmt":"2021-02-22T12:27:39","guid":{"rendered":"https:\/\/patrocinados.estadao.com.br\/deloitte-esg-esg\/?p=1575"},"modified":"2021-10-07T17:20:35","modified_gmt":"2021-10-07T20:20:35","slug":"empresas-do-futuro","status":"publish","type":"post","link":"https:\/\/patrocinados.estadao.com.br\/deloitte-jornada-da-sustentabilidade\/2021\/02\/22\/empresas-do-futuro\/","title":{"rendered":"Empresas do futuro"},"content":{"rendered":"<p>Um bom planejamento e o investimento antecipado em a\u00e7\u00f5es de transforma\u00e7\u00e3o digital podem ser considerados fundamentais para um excelente desenvolvimento dos neg\u00f3cios. A pandemia acelerou ainda mais a chamada \u201cera da disruptura\u201d: a crise global da covid-19 chamou a aten\u00e7\u00e3o para a necessidade de as organiza\u00e7\u00f5es estarem preparadas para se reinventar diante dos desafios e serem flex\u00edveis o suficiente para adaptar rapidamente seus modelos de atua\u00e7\u00e3o.<\/p>\n<p>A palavra-chave do momento \u00e9 \u201cresili\u00eancia\u201d \u2013 o segredo para a retomada est\u00e1 na capacidade de lidar bem com problemas e adaptar-se a mudan\u00e7as, ultrapassando os obst\u00e1culos. Para entender como as empresas v\u00eam lidando com esse per\u00edodo turbulento, a Deloitte conduziu um estudo chamado<a href=\"https:\/\/www2.deloitte.com\/br\/pt\/pages\/about-deloitte\/articles\/global-resilience-report.html\" target=\"_blank\" rel=\"noopener noreferrer\"> \u201cGlobal Resilience Report 2021: A constru\u00e7\u00e3o de uma organiza\u00e7\u00e3o resiliente\u201d<\/a>, lan\u00e7ado em janeiro de 2021 no F\u00f3rum Econ\u00f4mico Mundial.<\/p>\n<p><strong>Uma vis\u00e3o otimista<\/strong><\/p>\n<p>Foram entrevistados 2.260 executivos tomadores de decis\u00e3o (C-Level) de 21 pa\u00edses \u2013 incluindo 133 entrevistados do Brasil \u2013, representando seis diferentes setores da economia. A principal conclus\u00e3o do estudo foi que, na vis\u00e3o dos executivos de neg\u00f3cios, o novo cen\u00e1rio trazido pela pandemia veio para ficar. A boa not\u00edcia \u00e9 que, de maneira geral, os respondentes brasileiros est\u00e3o mais confiantes do que seus pares em outras partes do mundo.<\/p>\n<p>\u201cOs executivos brasileiros se sentem mais preparados do que a m\u00e9dia global para liderar suas organiza\u00e7\u00f5es diante das incertezas ou interrup\u00e7\u00f5es que possam surgir\u201d, afirma Anselmo Bonservizzi, s\u00f3cio-l\u00edder de Risk Advisory e de ESG (<em>Environmental, Social and Corporate Governance<\/em>) da Deloitte.<\/p>\n<p>O estudo mostrou que 56% dos entrevistados no Brasil se sentem otimistas em assumir esses desafios; e 49% consideram que as empresas poderiam se adaptar rapidamente a qualquer quest\u00e3o diferente que venha a surgir no campo dos neg\u00f3cios. Por outro lado, no restante do mundo, 66% dos executivos admitiram que ainda n\u00e3o se sentem completamente preparados para liderar neste novo cen\u00e1rio; e 70% tamb\u00e9m n\u00e3o expressaram total confian\u00e7a em suas organiza\u00e7\u00f5es para se adaptar \u00e0s dificuldades dos novos tempos.<\/p>\n<p>\u201cO fato de nossos executivos se enxergarem como mais preparados e confiantes do que a m\u00e9dia global reflete, de modo geral, um senso de adapta\u00e7\u00e3o mais r\u00e1pida dos brasileiros \u00e0s situa\u00e7\u00f5es de crise\u201d, analisa Anselmo. Ele alerta, por\u00e9m, ser importante estarmos atentos \u00e0 dimens\u00e3o e \u00e0 profundidade das transforma\u00e7\u00f5es dos desafios atuais, que v\u00e3o exigir ainda muita capacidade de resili\u00eancia das organiza\u00e7\u00f5es no Brasil.<\/p>\n<p><strong>O que as organiza\u00e7\u00f5es resilientes t\u00eam em comum<\/strong><\/p>\n<p>O estudo identificou cinco atributos comuns das organiza\u00e7\u00f5es resilientes. \u201cAs empresas com mais chance de se recuperar de desafios inesperados normalmente s\u00e3o preparadas, adapt\u00e1veis, colaborativas, confiantes e respons\u00e1veis\u201d, explica Anselmo.<\/p>\n<p>No quesito prepara\u00e7\u00e3o, \u00e9 importante dar aten\u00e7\u00e3o a a\u00e7\u00f5es de curto e longo prazo, e a maioria dos executivos que respondeu \u00e0 pesquisa (85%) avalia que se saiu bem em rela\u00e7\u00e3o aos eventos de 2020.<\/p>\n<p>Na quest\u00e3o adapta\u00e7\u00e3o, as empresas que adotaram a flexibilidade na gest\u00e3o do trabalho se sa\u00edram muito melhor. J\u00e1 a colabora\u00e7\u00e3o foi importante, de acordo com os executivos, para a tomada de decis\u00f5es, a mitiga\u00e7\u00e3o de riscos e a incorpora\u00e7\u00e3o de inova\u00e7\u00e3o (para duas a cada tr\u00eas organiza\u00e7\u00f5es). Manter a confiabilidade entre os times tamb\u00e9m foi considerado essencial, embora mais de um a cada tr\u00eas respondentes tenha avaliado que houve dificuldades para manter a confian\u00e7a entre l\u00edderes e funcion\u00e1rios.<\/p>\n<p>Por fim, 87% dos executivos avaliaram positivamente sua pr\u00f3pria atua\u00e7\u00e3o no atributo da responsabilidade em permitir as adapta\u00e7\u00f5es rapidamente e atender \u00e0s necessidades das equipes.<\/p>\n<p><strong>Compromissos com ESG<\/strong><\/p>\n<p>Um dos pontos mais importantes para pavimentar um caminho seguro para o futuro e a recupera\u00e7\u00e3o dos neg\u00f3cios, tamb\u00e9m levantado pela pesquisa junto das organiza\u00e7\u00f5es participantes, foi o compromisso com ESG, em rela\u00e7\u00e3o a temas sociais, ambientais e de sustentabilidade. Entre os participantes brasileiros, 74% disseram que t\u00eam se sa\u00eddo bem ao demonstrar compromisso com uma cultura ESG transparente, enquanto a m\u00e9dia global foi de 69%.<\/p>\n<p>Em rela\u00e7\u00e3o ao desempenho de suas organiza\u00e7\u00f5es nos compromissos sociais, 47% dos executivos brasileiros disseram que se sa\u00edram muito bem e 22% consideram seu desempenho bom, frente a m\u00e9dias globais de 29% e 32%, respectivamente. No que se refere ao cumprimento de compromissos ambientais, o otimismo mais uma vez foi maior entre os brasileiros: 44% dos entrevistados do Brasil avaliaram que se sa\u00edram muito bem (ante 24% da m\u00e9dia global); 23% dos brasileiros consideram que se sa\u00edram bem (35% globalmente).<\/p>\n<p><strong>QUADRO &#8211; A\u00c7\u00d5ES QUE V\u00caM SENDO ADOTADAS<\/strong><\/p>\n<p>A pesquisa da Deloitte apurou as cinco principais a\u00e7\u00f5es que as organiza\u00e7\u00f5es no Brasil e no mundo j\u00e1 realizaram ou est\u00e3o realizando como parte de sua pol\u00edtica ambiental e dos esfor\u00e7os em sustentabilidade, para que enfrentem com maior resili\u00eancia o cen\u00e1rio de crise.<\/p>\n<p>Pr\u00e1ticas adotadas por empresas no Brasil e no mundo:<\/p>\n<ul>\n<li>Implementa\u00e7\u00e3o de tecnologias para rastrear a sustentabilidade em opera\u00e7\u00f5es \u2013 41% de ado\u00e7\u00e3o no Brasil \/ 27% de ado\u00e7\u00e3o global;<\/li>\n<li>Treinamento de funcion\u00e1rios para serem mais ambientalmente sustent\u00e1veis \u2013 40% de ado\u00e7\u00e3o no Brasil \/ 33% de ado\u00e7\u00e3o global;<\/li>\n<li>Design de produtos ou servi\u00e7os em mais formas sustent\u00e1veis \u2013 38% de ado\u00e7\u00e3o no Brasil \/ 32% de ado\u00e7\u00e3o global;<\/li>\n<li>Abordagem de sustentabilidade ambiental em uma ou mais reuni\u00f5es de diretoria durante o ano \u2013 35% de ado\u00e7\u00e3o no Brasil \/ 31% de ado\u00e7\u00e3o global;<\/li>\n<li>Incentivo aos parceiros para encontrar crit\u00e9rios de sustentabilidade \u2013 35% de ado\u00e7\u00e3o no Brasil \/ 28% de ado\u00e7\u00e3o global.<\/li>\n<\/ul>\n<p>&nbsp;<\/p>\n","protected":false},"excerpt":{"rendered":"<p>Um bom planejamento e o investimento antecipado em a\u00e7\u00f5es de transforma\u00e7\u00e3o digital podem ser considerados fundamentais para um excelente desenvolvimento dos neg\u00f3cios. A pandemia acelerou ainda mais a chamada \u201cera da disruptura\u201d: a crise global da covid-19 chamou a aten\u00e7\u00e3o para a necessidade de as organiza\u00e7\u00f5es estarem preparadas para se reinventar diante dos desafios e [&hellip;]<\/p>\n","protected":false},"author":2,"featured_media":1796,"comment_status":"open","ping_status":"closed","sticky":false,"template":"","format":"standard","meta":{"_acf_changed":false,"footnotes":""},"categories":[1],"tags":[7,8,9,13,21,24],"class_list":["post-1575","post","type-post","status-publish","format-standard","has-post-thumbnail","hentry","category-sem-categoria","tag-covid-19","tag-deloitte","tag-esg","tag-governanca","tag-pandemia","tag-sustentabilidade"],"acf":[],"yoast_head":"<!-- This site is optimized with the Yoast SEO plugin v27.1.1 - https:\/\/yoast.com\/product\/yoast-seo-wordpress\/ -->\n<title>Empresas do futuro - Jornada da Sustentabilidade, oferecido por Deloitte<\/title>\n<meta name=\"robots\" content=\"index, follow, max-snippet:-1, max-image-preview:large, max-video-preview:-1\" \/>\n<link rel=\"canonical\" href=\"https:\/\/patrocinados.estadao.com.br\/deloitte-jornada-da-sustentabilidade\/2021\/02\/22\/empresas-do-futuro\/\" \/>\n<meta property=\"og:locale\" content=\"pt_BR\" \/>\n<meta property=\"og:type\" content=\"article\" \/>\n<meta property=\"og:title\" content=\"Empresas do futuro - Jornada da Sustentabilidade, oferecido por Deloitte\" \/>\n<meta property=\"og:description\" content=\"Um bom planejamento e o investimento antecipado em a\u00e7\u00f5es de transforma\u00e7\u00e3o digital podem ser considerados fundamentais para um excelente desenvolvimento dos neg\u00f3cios. A pandemia acelerou ainda mais a chamada \u201cera da disruptura\u201d: a crise global da covid-19 chamou a aten\u00e7\u00e3o para a necessidade de as organiza\u00e7\u00f5es estarem preparadas para se reinventar diante dos desafios e [&hellip;]\" \/>\n<meta property=\"og:url\" content=\"https:\/\/patrocinados.estadao.com.br\/deloitte-jornada-da-sustentabilidade\/2021\/02\/22\/empresas-do-futuro\/\" \/>\n<meta property=\"og:site_name\" content=\"Jornada da Sustentabilidade, oferecido por Deloitte\" \/>\n<meta property=\"article:published_time\" content=\"2021-02-22T12:27:39+00:00\" \/>\n<meta property=\"article:modified_time\" content=\"2021-10-07T20:20:35+00:00\" \/>\n<meta property=\"og:image\" content=\"https:\/\/patrocinados.estadao.com.br\/deloitte-jornada-da-sustentabilidade\/wp-content\/uploads\/2021\/09\/Deloitte-Global-Resilience4.jpg\" \/>\n\t<meta property=\"og:image:width\" content=\"2120\" \/>\n\t<meta property=\"og:image:height\" content=\"1415\" \/>\n\t<meta property=\"og:image:type\" content=\"image\/jpeg\" \/>\n<meta name=\"author\" content=\"Geosfera\" \/>\n<meta name=\"twitter:card\" content=\"summary_large_image\" \/>\n<meta name=\"twitter:label1\" content=\"Escrito por\" \/>\n\t<meta name=\"twitter:data1\" content=\"Geosfera\" \/>\n\t<meta name=\"twitter:label2\" content=\"Est. tempo de leitura\" \/>\n\t<meta name=\"twitter:data2\" content=\"5 minutos\" \/>\n<script type=\"application\/ld+json\" class=\"yoast-schema-graph\">{\"@context\":\"https:\/\/schema.org\",\"@graph\":[{\"@type\":\"Article\",\"@id\":\"https:\/\/patrocinados.estadao.com.br\/deloitte-jornada-da-sustentabilidade\/2021\/02\/22\/empresas-do-futuro\/#article\",\"isPartOf\":{\"@id\":\"https:\/\/patrocinados.estadao.com.br\/deloitte-jornada-da-sustentabilidade\/2021\/02\/22\/empresas-do-futuro\/\"},\"author\":{\"name\":\"Geosfera\",\"@id\":\"https:\/\/patrocinados.estadao.com.br\/deloitte-jornada-da-sustentabilidade\/#\/schema\/person\/9be56940425d4f31e0c82015d0fd725f\"},\"headline\":\"Empresas do futuro\",\"datePublished\":\"2021-02-22T12:27:39+00:00\",\"dateModified\":\"2021-10-07T20:20:35+00:00\",\"mainEntityOfPage\":{\"@id\":\"https:\/\/patrocinados.estadao.com.br\/deloitte-jornada-da-sustentabilidade\/2021\/02\/22\/empresas-do-futuro\/\"},\"wordCount\":946,\"commentCount\":0,\"image\":{\"@id\":\"https:\/\/patrocinados.estadao.com.br\/deloitte-jornada-da-sustentabilidade\/2021\/02\/22\/empresas-do-futuro\/#primaryimage\"},\"thumbnailUrl\":\"https:\/\/patrocinados.estadao.com.br\/deloitte-jornada-da-sustentabilidade\/wp-content\/uploads\/2021\/09\/Deloitte-Global-Resilience4.jpg\",\"keywords\":[\"covid-19\",\"Deloitte\",\"ESG\",\"governan\u00e7a\",\"pandemia\",\"sustentabilidade\"],\"inLanguage\":\"pt-BR\",\"potentialAction\":[{\"@type\":\"CommentAction\",\"name\":\"Comment\",\"target\":[\"https:\/\/patrocinados.estadao.com.br\/deloitte-jornada-da-sustentabilidade\/2021\/02\/22\/empresas-do-futuro\/#respond\"]}]},{\"@type\":\"WebPage\",\"@id\":\"https:\/\/patrocinados.estadao.com.br\/deloitte-jornada-da-sustentabilidade\/2021\/02\/22\/empresas-do-futuro\/\",\"url\":\"https:\/\/patrocinados.estadao.com.br\/deloitte-jornada-da-sustentabilidade\/2021\/02\/22\/empresas-do-futuro\/\",\"name\":\"Empresas do futuro - Jornada da Sustentabilidade, oferecido por Deloitte\",\"isPartOf\":{\"@id\":\"https:\/\/patrocinados.estadao.com.br\/deloitte-jornada-da-sustentabilidade\/#website\"},\"primaryImageOfPage\":{\"@id\":\"https:\/\/patrocinados.estadao.com.br\/deloitte-jornada-da-sustentabilidade\/2021\/02\/22\/empresas-do-futuro\/#primaryimage\"},\"image\":{\"@id\":\"https:\/\/patrocinados.estadao.com.br\/deloitte-jornada-da-sustentabilidade\/2021\/02\/22\/empresas-do-futuro\/#primaryimage\"},\"thumbnailUrl\":\"https:\/\/patrocinados.estadao.com.br\/deloitte-jornada-da-sustentabilidade\/wp-content\/uploads\/2021\/09\/Deloitte-Global-Resilience4.jpg\",\"datePublished\":\"2021-02-22T12:27:39+00:00\",\"dateModified\":\"2021-10-07T20:20:35+00:00\",\"author\":{\"@id\":\"https:\/\/patrocinados.estadao.com.br\/deloitte-jornada-da-sustentabilidade\/#\/schema\/person\/9be56940425d4f31e0c82015d0fd725f\"},\"breadcrumb\":{\"@id\":\"https:\/\/patrocinados.estadao.com.br\/deloitte-jornada-da-sustentabilidade\/2021\/02\/22\/empresas-do-futuro\/#breadcrumb\"},\"inLanguage\":\"pt-BR\",\"potentialAction\":[{\"@type\":\"ReadAction\",\"target\":[\"https:\/\/patrocinados.estadao.com.br\/deloitte-jornada-da-sustentabilidade\/2021\/02\/22\/empresas-do-futuro\/\"]}]},{\"@type\":\"ImageObject\",\"inLanguage\":\"pt-BR\",\"@id\":\"https:\/\/patrocinados.estadao.com.br\/deloitte-jornada-da-sustentabilidade\/2021\/02\/22\/empresas-do-futuro\/#primaryimage\",\"url\":\"https:\/\/patrocinados.estadao.com.br\/deloitte-jornada-da-sustentabilidade\/wp-content\/uploads\/2021\/09\/Deloitte-Global-Resilience4.jpg\",\"contentUrl\":\"https:\/\/patrocinados.estadao.com.br\/deloitte-jornada-da-sustentabilidade\/wp-content\/uploads\/2021\/09\/Deloitte-Global-Resilience4.jpg\",\"width\":2120,\"height\":1415,\"caption\":\"Small plant growing on brick floor\"},{\"@type\":\"BreadcrumbList\",\"@id\":\"https:\/\/patrocinados.estadao.com.br\/deloitte-jornada-da-sustentabilidade\/2021\/02\/22\/empresas-do-futuro\/#breadcrumb\",\"itemListElement\":[{\"@type\":\"ListItem\",\"position\":1,\"name\":\"In\u00edcio\",\"item\":\"https:\/\/patrocinados.estadao.com.br\/deloitte-jornada-da-sustentabilidade\/\"},{\"@type\":\"ListItem\",\"position\":2,\"name\":\"Empresas do futuro\"}]},{\"@type\":\"WebSite\",\"@id\":\"https:\/\/patrocinados.estadao.com.br\/deloitte-jornada-da-sustentabilidade\/#website\",\"url\":\"https:\/\/patrocinados.estadao.com.br\/deloitte-jornada-da-sustentabilidade\/\",\"name\":\"Jornada da Sustentabilidade, oferecido por Deloitte\",\"description\":\"Solu\u00e7\u00f5es de governan\u00e7a corporativa para seus desafios de neg\u00f3cios\",\"potentialAction\":[{\"@type\":\"SearchAction\",\"target\":{\"@type\":\"EntryPoint\",\"urlTemplate\":\"https:\/\/patrocinados.estadao.com.br\/deloitte-jornada-da-sustentabilidade\/?s={search_term_string}\"},\"query-input\":{\"@type\":\"PropertyValueSpecification\",\"valueRequired\":true,\"valueName\":\"search_term_string\"}}],\"inLanguage\":\"pt-BR\"},{\"@type\":\"Person\",\"@id\":\"https:\/\/patrocinados.estadao.com.br\/deloitte-jornada-da-sustentabilidade\/#\/schema\/person\/9be56940425d4f31e0c82015d0fd725f\",\"name\":\"Geosfera\",\"image\":{\"@type\":\"ImageObject\",\"inLanguage\":\"pt-BR\",\"@id\":\"https:\/\/patrocinados.estadao.com.br\/deloitte-jornada-da-sustentabilidade\/#\/schema\/person\/image\/\",\"url\":\"https:\/\/secure.gravatar.com\/avatar\/9d33d40efdce4963188a84bd4777a5f81f7c8e9cfcc15e6853c05f5cfee4c0ab?s=96&d=mm&r=g\",\"contentUrl\":\"https:\/\/secure.gravatar.com\/avatar\/9d33d40efdce4963188a84bd4777a5f81f7c8e9cfcc15e6853c05f5cfee4c0ab?s=96&d=mm&r=g\",\"caption\":\"Geosfera\"},\"sameAs\":[\"http:\/\/geosfera.com.br\"],\"url\":\"https:\/\/patrocinados.estadao.com.br\/deloitte-jornada-da-sustentabilidade\/author\/geosfera_deloitte\/\"}]}<\/script>\n<!-- \/ Yoast SEO plugin. -->","yoast_head_json":{"title":"Empresas do futuro - Jornada da Sustentabilidade, oferecido por Deloitte","robots":{"index":"index","follow":"follow","max-snippet":"max-snippet:-1","max-image-preview":"max-image-preview:large","max-video-preview":"max-video-preview:-1"},"canonical":"https:\/\/patrocinados.estadao.com.br\/deloitte-jornada-da-sustentabilidade\/2021\/02\/22\/empresas-do-futuro\/","og_locale":"pt_BR","og_type":"article","og_title":"Empresas do futuro - Jornada da Sustentabilidade, oferecido por Deloitte","og_description":"Um bom planejamento e o investimento antecipado em a\u00e7\u00f5es de transforma\u00e7\u00e3o digital podem ser considerados fundamentais para um excelente desenvolvimento dos neg\u00f3cios. A pandemia acelerou ainda mais a chamada \u201cera da disruptura\u201d: a crise global da covid-19 chamou a aten\u00e7\u00e3o para a necessidade de as organiza\u00e7\u00f5es estarem preparadas para se reinventar diante dos desafios e [&hellip;]","og_url":"https:\/\/patrocinados.estadao.com.br\/deloitte-jornada-da-sustentabilidade\/2021\/02\/22\/empresas-do-futuro\/","og_site_name":"Jornada da Sustentabilidade, oferecido por Deloitte","article_published_time":"2021-02-22T12:27:39+00:00","article_modified_time":"2021-10-07T20:20:35+00:00","og_image":[{"width":2120,"height":1415,"url":"https:\/\/patrocinados.estadao.com.br\/deloitte-jornada-da-sustentabilidade\/wp-content\/uploads\/2021\/09\/Deloitte-Global-Resilience4.jpg","type":"image\/jpeg"}],"author":"Geosfera","twitter_card":"summary_large_image","twitter_misc":{"Escrito por":"Geosfera","Est. tempo de leitura":"5 minutos"},"schema":{"@context":"https:\/\/schema.org","@graph":[{"@type":"Article","@id":"https:\/\/patrocinados.estadao.com.br\/deloitte-jornada-da-sustentabilidade\/2021\/02\/22\/empresas-do-futuro\/#article","isPartOf":{"@id":"https:\/\/patrocinados.estadao.com.br\/deloitte-jornada-da-sustentabilidade\/2021\/02\/22\/empresas-do-futuro\/"},"author":{"name":"Geosfera","@id":"https:\/\/patrocinados.estadao.com.br\/deloitte-jornada-da-sustentabilidade\/#\/schema\/person\/9be56940425d4f31e0c82015d0fd725f"},"headline":"Empresas do futuro","datePublished":"2021-02-22T12:27:39+00:00","dateModified":"2021-10-07T20:20:35+00:00","mainEntityOfPage":{"@id":"https:\/\/patrocinados.estadao.com.br\/deloitte-jornada-da-sustentabilidade\/2021\/02\/22\/empresas-do-futuro\/"},"wordCount":946,"commentCount":0,"image":{"@id":"https:\/\/patrocinados.estadao.com.br\/deloitte-jornada-da-sustentabilidade\/2021\/02\/22\/empresas-do-futuro\/#primaryimage"},"thumbnailUrl":"https:\/\/patrocinados.estadao.com.br\/deloitte-jornada-da-sustentabilidade\/wp-content\/uploads\/2021\/09\/Deloitte-Global-Resilience4.jpg","keywords":["covid-19","Deloitte","ESG","governan\u00e7a","pandemia","sustentabilidade"],"inLanguage":"pt-BR","potentialAction":[{"@type":"CommentAction","name":"Comment","target":["https:\/\/patrocinados.estadao.com.br\/deloitte-jornada-da-sustentabilidade\/2021\/02\/22\/empresas-do-futuro\/#respond"]}]},{"@type":"WebPage","@id":"https:\/\/patrocinados.estadao.com.br\/deloitte-jornada-da-sustentabilidade\/2021\/02\/22\/empresas-do-futuro\/","url":"https:\/\/patrocinados.estadao.com.br\/deloitte-jornada-da-sustentabilidade\/2021\/02\/22\/empresas-do-futuro\/","name":"Empresas do futuro - Jornada da Sustentabilidade, oferecido por Deloitte","isPartOf":{"@id":"https:\/\/patrocinados.estadao.com.br\/deloitte-jornada-da-sustentabilidade\/#website"},"primaryImageOfPage":{"@id":"https:\/\/patrocinados.estadao.com.br\/deloitte-jornada-da-sustentabilidade\/2021\/02\/22\/empresas-do-futuro\/#primaryimage"},"image":{"@id":"https:\/\/patrocinados.estadao.com.br\/deloitte-jornada-da-sustentabilidade\/2021\/02\/22\/empresas-do-futuro\/#primaryimage"},"thumbnailUrl":"https:\/\/patrocinados.estadao.com.br\/deloitte-jornada-da-sustentabilidade\/wp-content\/uploads\/2021\/09\/Deloitte-Global-Resilience4.jpg","datePublished":"2021-02-22T12:27:39+00:00","dateModified":"2021-10-07T20:20:35+00:00","author":{"@id":"https:\/\/patrocinados.estadao.com.br\/deloitte-jornada-da-sustentabilidade\/#\/schema\/person\/9be56940425d4f31e0c82015d0fd725f"},"breadcrumb":{"@id":"https:\/\/patrocinados.estadao.com.br\/deloitte-jornada-da-sustentabilidade\/2021\/02\/22\/empresas-do-futuro\/#breadcrumb"},"inLanguage":"pt-BR","potentialAction":[{"@type":"ReadAction","target":["https:\/\/patrocinados.estadao.com.br\/deloitte-jornada-da-sustentabilidade\/2021\/02\/22\/empresas-do-futuro\/"]}]},{"@type":"ImageObject","inLanguage":"pt-BR","@id":"https:\/\/patrocinados.estadao.com.br\/deloitte-jornada-da-sustentabilidade\/2021\/02\/22\/empresas-do-futuro\/#primaryimage","url":"https:\/\/patrocinados.estadao.com.br\/deloitte-jornada-da-sustentabilidade\/wp-content\/uploads\/2021\/09\/Deloitte-Global-Resilience4.jpg","contentUrl":"https:\/\/patrocinados.estadao.com.br\/deloitte-jornada-da-sustentabilidade\/wp-content\/uploads\/2021\/09\/Deloitte-Global-Resilience4.jpg","width":2120,"height":1415,"caption":"Small plant growing on brick floor"},{"@type":"BreadcrumbList","@id":"https:\/\/patrocinados.estadao.com.br\/deloitte-jornada-da-sustentabilidade\/2021\/02\/22\/empresas-do-futuro\/#breadcrumb","itemListElement":[{"@type":"ListItem","position":1,"name":"In\u00edcio","item":"https:\/\/patrocinados.estadao.com.br\/deloitte-jornada-da-sustentabilidade\/"},{"@type":"ListItem","position":2,"name":"Empresas do futuro"}]},{"@type":"WebSite","@id":"https:\/\/patrocinados.estadao.com.br\/deloitte-jornada-da-sustentabilidade\/#website","url":"https:\/\/patrocinados.estadao.com.br\/deloitte-jornada-da-sustentabilidade\/","name":"Jornada da Sustentabilidade, oferecido por Deloitte","description":"Solu\u00e7\u00f5es de governan\u00e7a corporativa para seus desafios de neg\u00f3cios","potentialAction":[{"@type":"SearchAction","target":{"@type":"EntryPoint","urlTemplate":"https:\/\/patrocinados.estadao.com.br\/deloitte-jornada-da-sustentabilidade\/?s={search_term_string}"},"query-input":{"@type":"PropertyValueSpecification","valueRequired":true,"valueName":"search_term_string"}}],"inLanguage":"pt-BR"},{"@type":"Person","@id":"https:\/\/patrocinados.estadao.com.br\/deloitte-jornada-da-sustentabilidade\/#\/schema\/person\/9be56940425d4f31e0c82015d0fd725f","name":"Geosfera","image":{"@type":"ImageObject","inLanguage":"pt-BR","@id":"https:\/\/patrocinados.estadao.com.br\/deloitte-jornada-da-sustentabilidade\/#\/schema\/person\/image\/","url":"https:\/\/secure.gravatar.com\/avatar\/9d33d40efdce4963188a84bd4777a5f81f7c8e9cfcc15e6853c05f5cfee4c0ab?s=96&d=mm&r=g","contentUrl":"https:\/\/secure.gravatar.com\/avatar\/9d33d40efdce4963188a84bd4777a5f81f7c8e9cfcc15e6853c05f5cfee4c0ab?s=96&d=mm&r=g","caption":"Geosfera"},"sameAs":["http:\/\/geosfera.com.br"],"url":"https:\/\/patrocinados.estadao.com.br\/deloitte-jornada-da-sustentabilidade\/author\/geosfera_deloitte\/"}]}},"_links":{"self":[{"href":"https:\/\/patrocinados.estadao.com.br\/deloitte-jornada-da-sustentabilidade\/wp-json\/wp\/v2\/posts\/1575","targetHints":{"allow":["GET"]}}],"collection":[{"href":"https:\/\/patrocinados.estadao.com.br\/deloitte-jornada-da-sustentabilidade\/wp-json\/wp\/v2\/posts"}],"about":[{"href":"https:\/\/patrocinados.estadao.com.br\/deloitte-jornada-da-sustentabilidade\/wp-json\/wp\/v2\/types\/post"}],"author":[{"embeddable":true,"href":"https:\/\/patrocinados.estadao.com.br\/deloitte-jornada-da-sustentabilidade\/wp-json\/wp\/v2\/users\/2"}],"replies":[{"embeddable":true,"href":"https:\/\/patrocinados.estadao.com.br\/deloitte-jornada-da-sustentabilidade\/wp-json\/wp\/v2\/comments?post=1575"}],"version-history":[{"count":2,"href":"https:\/\/patrocinados.estadao.com.br\/deloitte-jornada-da-sustentabilidade\/wp-json\/wp\/v2\/posts\/1575\/revisions"}],"predecessor-version":[{"id":2052,"href":"https:\/\/patrocinados.estadao.com.br\/deloitte-jornada-da-sustentabilidade\/wp-json\/wp\/v2\/posts\/1575\/revisions\/2052"}],"wp:featuredmedia":[{"embeddable":true,"href":"https:\/\/patrocinados.estadao.com.br\/deloitte-jornada-da-sustentabilidade\/wp-json\/wp\/v2\/media\/1796"}],"wp:attachment":[{"href":"https:\/\/patrocinados.estadao.com.br\/deloitte-jornada-da-sustentabilidade\/wp-json\/wp\/v2\/media?parent=1575"}],"wp:term":[{"taxonomy":"category","embeddable":true,"href":"https:\/\/patrocinados.estadao.com.br\/deloitte-jornada-da-sustentabilidade\/wp-json\/wp\/v2\/categories?post=1575"},{"taxonomy":"post_tag","embeddable":true,"href":"https:\/\/patrocinados.estadao.com.br\/deloitte-jornada-da-sustentabilidade\/wp-json\/wp\/v2\/tags?post=1575"}],"curies":[{"name":"wp","href":"https:\/\/api.w.org\/{rel}","templated":true}]}}