{"id":1556,"date":"2020-12-22T20:26:02","date_gmt":"2020-12-22T20:26:02","guid":{"rendered":"https:\/\/patrocinados.estadao.com.br\/deloitte-esg-esg\/?p=1556"},"modified":"2021-09-20T09:50:14","modified_gmt":"2021-09-20T12:50:14","slug":"auditoria-interna-mais-relevancia-e-expectativas-crescentes-na-retomada-dos-negocios","status":"publish","type":"post","link":"https:\/\/patrocinados.estadao.com.br\/deloitte-jornada-da-sustentabilidade\/2020\/12\/22\/auditoria-interna-mais-relevancia-e-expectativas-crescentes-na-retomada-dos-negocios\/","title":{"rendered":"Auditoria interna: mais relev\u00e2ncia e expectativas crescentes na retomada dos neg\u00f3cios"},"content":{"rendered":"<p>Com as empresas planejando cuidadosamente seus pr\u00f3ximos passos para a retomada p\u00f3s-crise, a atua\u00e7\u00e3o das \u00e1reas de Auditoria Interna ganhar\u00e1 ainda mais import\u00e2ncia dentro das organiza\u00e7\u00f5es. Isso se dar\u00e1 com um movimento em dire\u00e7\u00e3o a uma atua\u00e7\u00e3o mais consultiva e preditiva, que possibilite \u00e0s lideran\u00e7as obterem insights estrat\u00e9gicos para os neg\u00f3cios, de modo a apoiar as empresas a atravessar essa fase desafiadora da melhor forma poss\u00edvel.<\/p>\n<p>Esse foi um dos destaques da pesquisa <a href=\"https:\/\/mundocorporativo.deloitte.com.br\/auditoria-interna-no-brasil\/\" target=\"_blank\" rel=\"noopener\">Auditoria Interna no Brasil 2020: Percep\u00e7\u00f5es e Expectativas dos Membros de Comit\u00ea de Auditoria<\/a>, realizada pela Deloitte em parceria com o Instituto dos Auditores Internos do Brasil (IIA). O levantamento contou com a participa\u00e7\u00e3o de 140 Comit\u00eas de Auditoria de 20 pa\u00edses, incluindo o Brasil. A conclus\u00e3o mais importante: dentro de qualquer organiza\u00e7\u00e3o, a \u00e1rea de Auditoria Interna precisa se reestruturar para endere\u00e7ar as pautas mais urgentes, em vez de evit\u00e1-las.<\/p>\n<p><strong>Defini\u00e7\u00e3o de pap\u00e9is e habilidades<\/strong><\/p>\n<p>A maioria dos entrevistados (92%) apontou que a Auditoria Interna deve assumir definitivamente o papel de fornecer informa\u00e7\u00f5es que apoiem as organiza\u00e7\u00f5es, em especial os gestores, a se preparar melhor para o momento atual. \u201cNo atual cen\u00e1rio, e considerando os desafios existentes, a Auditoria Interna ganha ainda mais relev\u00e2ncia para atender \u00e0s crescentes demandas dos n\u00edveis executivos e dos Comit\u00eas de Auditoria. Isso exige uma atua\u00e7\u00e3o abrangente, com foco nos riscos priorit\u00e1rios e alinhada \u00e0s diretrizes estrat\u00e9gicas de cada organiza\u00e7\u00e3o\u201d, aponta Paulo Vitale, s\u00f3cio de Risk Advisory da Deloitte.<\/p>\n<p>Paulo Gomes, diretor executivo do IIA Brasil, tem uma vis\u00e3o semelhante e refor\u00e7a as oportunidades criadas pela crise. &#8220;A Auditoria Interna vem sendo acionada para contribuir na solu\u00e7\u00e3o dos grandes desafios que aparecem a todo o tempo\u201d, explica. \u201cAs oportunidades trazidas com o contexto vigente t\u00eam contribu\u00eddo para consolidar a import\u00e2ncia do auditor interno e de sua capacidade de enxergar, de forma abrangente, como a organiza\u00e7\u00e3o pode ser mais eficiente, maximizando suas receitas e otimizando seus custos&#8221;.<\/p>\n<p>Ampliar o leque de habilidades e talentos destas equipes \u2013 sejam os conhecimentos t\u00e9cnicos, ou ainda os pessoais e de neg\u00f3cios \u2013 \u00e9 uma prioridade apontada por 96% dos entrevistados. O objetivo \u00e9 contar com um time qualificado, que possa contribuir de forma efetiva na retomada das atividades das empresas, priorizando o conceito de equipes em vez de talentos individuais, sempre com olhar atento \u00e0s particularidades dos neg\u00f3cios e \u00e0s caracter\u00edsticas e exig\u00eancias de seu segmento de atua\u00e7\u00e3o.<\/p>\n<p><strong>Contexto brasileiro<\/strong><\/p>\n<p>A pesquisa da Deloitte aponta que, no \u00e2mbito local, \u00e9 fundamental que as equipes desenvolvam capacidades para atender a assuntos de governan\u00e7a, sobretudo para endere\u00e7ar quest\u00f5es ligadas \u00e0 ado\u00e7\u00e3o de tecnologias digitais e \u00e0s preocupa\u00e7\u00f5es com riscos cibern\u00e9ticos, ambientais e de prote\u00e7\u00e3o de informa\u00e7\u00f5es.<\/p>\n<p>&#8220;N\u00e3o basta ao auditor interno ter o desenvolvimento t\u00e9cnico: aspectos comportamentais e de postura profissional tornam-se cada vez mais importantes dentro do novo escopo que se espera desses profissionais\u201d, diz Marcos Peccin, auditor, consultor e diretor de Treinamento e Eventos do IIA Brasil.<\/p>\n<p>Ainda sobre o momento do Pa\u00eds, a expectativa \u00e9 que as demandas a serem atendidas pela Auditoria Interna continuem crescendo, apesar de que o or\u00e7amento dessas equipes n\u00e3o tender\u00e1 a crescer. Com base nas perspectivas dos participantes da pesquisa, os auditores internos passar\u00e3o a ter apoio de tecnologias digitais, inclusive no desenvolvimento de novas formas de executar seus trabalhos e no reporte dos seus resultados. &#8220;A evolu\u00e7\u00e3o da tecnologia est\u00e1 transformando o perfil e a atua\u00e7\u00e3o dos auditores internos, que devem se tornar mais preditivos, anal\u00edticos e orientados aos neg\u00f3cios&#8221;, diz Heloisa Santos, diretora da \u00e1rea de Auditoria Interna da Deloitte.<\/p>\n<p><strong>Comunica\u00e7\u00e3o \u00e9 fundamental<\/strong><\/p>\n<p>A import\u00e2ncia de uma comunica\u00e7\u00e3o eficiente, assertiva e direta foi outro aspecto destacado por 86% dos entrevistados para aproximar a Auditoria Interna da gest\u00e3o e auxiliar as suas organiza\u00e7\u00f5es a atender os desafios do novo ambiente de trabalho digital. Um dos t\u00f3picos de aten\u00e7\u00e3o \u00e9 a incorpora\u00e7\u00e3o crescente de robotiza\u00e7\u00e3o e intelig\u00eancia artificial em diversos segmentos de neg\u00f3cios, o que pode gerar novas demandas e desafios.<\/p>\n<p>Os entrevistados apontaram que em muitas organiza\u00e7\u00f5es os gestores das \u00e1reas auditadas s\u00e3o incentivados a apresentar de modo proativo eventuais problemas e amea\u00e7as aos auditores internos e aos Comit\u00eas de Auditoria, e que isso deve ser reconhecido como algo positivo. No entanto, algumas barreiras institucionais e aspectos culturais das organiza\u00e7\u00f5es acabam dificultando essa atitude. Neste sentido, \u00e9 esperado das \u00e1reas de Auditoria Interna uma postura mais proativa e colaborativa, com foco na resolu\u00e7\u00e3o dos problemas e vis\u00e3o de futuro. \u201cA capacidade de se desenvolver continuamente e de estar alinhado aos objetivos estrat\u00e9gicos da organiza\u00e7\u00e3o ajudar\u00e1 o auditor interno a refor\u00e7ar o valor de sua \u00e1rea para a alta administra\u00e7\u00e3o\u201d, comenta Rene Andrich, presidente do Conselho de Administra\u00e7\u00e3o do IIA Brasil.<\/p>\n<p>O estudo evidenciou que a Auditoria Interna precisar\u00e1 cada vez mais ter rapidez na divulga\u00e7\u00e3o de seus resultados, o que ir\u00e1 demandar a ado\u00e7\u00e3o de m\u00e9todos \u00e1geis e de tecnologia nas etapas de planejamento e execu\u00e7\u00e3o de seus trabalhos. A totalidade dos entrevistados na amostra do Brasil concorda que a inova\u00e7\u00e3o na forma de executar e reportar seus trabalhos pode contribuir para elevar a percep\u00e7\u00e3o de qualidade da Auditoria Interna, e que \u00e9 preciso ter protocolos bem definidos para rapidamente levar ao conhecimento dos n\u00edveis executivos e Comit\u00eas de Auditoria os temas mais cr\u00edticos e imediatos ao neg\u00f3cio.<\/p>\n<p>Por fim, ficou claro que a Auditoria Interna est\u00e1 em uma posi\u00e7\u00e3o privilegiada para ajudar as organiza\u00e7\u00f5es a navegar por esses tempos turbulentos e apoi\u00e1-las em suas iniciativas de retomada dos neg\u00f3cios. E para isso a fun\u00e7\u00e3o deve evoluir t\u00e3o rapidamente quanto as amea\u00e7as enfrentadas, o que exigir\u00e1 disposi\u00e7\u00e3o para deixar de lado m\u00e9todos antigos, eliminar inefici\u00eancias, abra\u00e7ar a inova\u00e7\u00e3o e priorizar atividades de maior valor agregado, com foco em temas mais relevantes.<\/p>\n<p>Somente dessa forma a \u00e1rea de Auditoria Interna poder\u00e1 atingir seus objetivos, n\u00e3o apenas para manter as organiza\u00e7\u00f5es \u201cno ar\u201d, mas tamb\u00e9m para orient\u00e1-las a uma nova era pautada por resili\u00eancia, capacidade de resposta e, mesmo em tempos dif\u00edceis, lucratividade.<\/p>\n","protected":false},"excerpt":{"rendered":"<p>Com as empresas planejando cuidadosamente seus pr\u00f3ximos passos para a retomada p\u00f3s-crise, a atua\u00e7\u00e3o das \u00e1reas de Auditoria Interna ganhar\u00e1 ainda mais import\u00e2ncia dentro das organiza\u00e7\u00f5es. Isso se dar\u00e1 com um movimento em dire\u00e7\u00e3o a uma atua\u00e7\u00e3o mais consultiva e preditiva, que possibilite \u00e0s lideran\u00e7as obterem insights estrat\u00e9gicos para os neg\u00f3cios, de modo a apoiar [&hellip;]<\/p>\n","protected":false},"author":2,"featured_media":1790,"comment_status":"open","ping_status":"closed","sticky":false,"template":"","format":"standard","meta":{"_acf_changed":false,"footnotes":""},"categories":[1],"tags":[],"class_list":["post-1556","post","type-post","status-publish","format-standard","has-post-thumbnail","hentry","category-sem-categoria"],"acf":[],"yoast_head":"<!-- This site is optimized with the Yoast SEO plugin v27.1.1 - https:\/\/yoast.com\/product\/yoast-seo-wordpress\/ -->\n<title>Auditoria interna: mais relev\u00e2ncia e expectativas crescentes na retomada dos neg\u00f3cios - Jornada da Sustentabilidade, oferecido por Deloitte<\/title>\n<meta name=\"robots\" content=\"index, follow, max-snippet:-1, max-image-preview:large, max-video-preview:-1\" \/>\n<link rel=\"canonical\" href=\"https:\/\/patrocinados.estadao.com.br\/deloitte-jornada-da-sustentabilidade\/2020\/12\/22\/auditoria-interna-mais-relevancia-e-expectativas-crescentes-na-retomada-dos-negocios\/\" \/>\n<meta property=\"og:locale\" content=\"pt_BR\" \/>\n<meta property=\"og:type\" content=\"article\" \/>\n<meta property=\"og:title\" content=\"Auditoria interna: mais relev\u00e2ncia e expectativas crescentes na retomada dos neg\u00f3cios - Jornada da Sustentabilidade, oferecido por Deloitte\" \/>\n<meta property=\"og:description\" content=\"Com as empresas planejando cuidadosamente seus pr\u00f3ximos passos para a retomada p\u00f3s-crise, a atua\u00e7\u00e3o das \u00e1reas de Auditoria Interna ganhar\u00e1 ainda mais import\u00e2ncia dentro das organiza\u00e7\u00f5es. Isso se dar\u00e1 com um movimento em dire\u00e7\u00e3o a uma atua\u00e7\u00e3o mais consultiva e preditiva, que possibilite \u00e0s lideran\u00e7as obterem insights estrat\u00e9gicos para os neg\u00f3cios, de modo a apoiar [&hellip;]\" \/>\n<meta property=\"og:url\" content=\"https:\/\/patrocinados.estadao.com.br\/deloitte-jornada-da-sustentabilidade\/2020\/12\/22\/auditoria-interna-mais-relevancia-e-expectativas-crescentes-na-retomada-dos-negocios\/\" \/>\n<meta property=\"og:site_name\" content=\"Jornada da Sustentabilidade, oferecido por Deloitte\" \/>\n<meta property=\"article:published_time\" content=\"2020-12-22T20:26:02+00:00\" \/>\n<meta property=\"article:modified_time\" content=\"2021-09-20T12:50:14+00:00\" \/>\n<meta property=\"og:image\" content=\"https:\/\/patrocinados.estadao.com.br\/deloitte-jornada-da-sustentabilidade\/wp-content\/uploads\/2021\/09\/Deloitte-Estadao-Auditoria-Interna.jpg\" \/>\n\t<meta property=\"og:image:width\" content=\"2289\" \/>\n\t<meta property=\"og:image:height\" content=\"1309\" \/>\n\t<meta property=\"og:image:type\" content=\"image\/jpeg\" \/>\n<meta name=\"author\" content=\"Geosfera\" \/>\n<meta name=\"twitter:card\" content=\"summary_large_image\" \/>\n<meta name=\"twitter:label1\" content=\"Escrito por\" \/>\n\t<meta name=\"twitter:data1\" content=\"Geosfera\" \/>\n\t<meta name=\"twitter:label2\" content=\"Est. tempo de leitura\" \/>\n\t<meta name=\"twitter:data2\" content=\"5 minutos\" \/>\n<script type=\"application\/ld+json\" class=\"yoast-schema-graph\">{\"@context\":\"https:\/\/schema.org\",\"@graph\":[{\"@type\":\"Article\",\"@id\":\"https:\/\/patrocinados.estadao.com.br\/deloitte-jornada-da-sustentabilidade\/2020\/12\/22\/auditoria-interna-mais-relevancia-e-expectativas-crescentes-na-retomada-dos-negocios\/#article\",\"isPartOf\":{\"@id\":\"https:\/\/patrocinados.estadao.com.br\/deloitte-jornada-da-sustentabilidade\/2020\/12\/22\/auditoria-interna-mais-relevancia-e-expectativas-crescentes-na-retomada-dos-negocios\/\"},\"author\":{\"name\":\"Geosfera\",\"@id\":\"https:\/\/patrocinados.estadao.com.br\/deloitte-jornada-da-sustentabilidade\/#\/schema\/person\/9be56940425d4f31e0c82015d0fd725f\"},\"headline\":\"Auditoria interna: mais relev\u00e2ncia e expectativas crescentes na retomada dos neg\u00f3cios\",\"datePublished\":\"2020-12-22T20:26:02+00:00\",\"dateModified\":\"2021-09-20T12:50:14+00:00\",\"mainEntityOfPage\":{\"@id\":\"https:\/\/patrocinados.estadao.com.br\/deloitte-jornada-da-sustentabilidade\/2020\/12\/22\/auditoria-interna-mais-relevancia-e-expectativas-crescentes-na-retomada-dos-negocios\/\"},\"wordCount\":1093,\"commentCount\":0,\"image\":{\"@id\":\"https:\/\/patrocinados.estadao.com.br\/deloitte-jornada-da-sustentabilidade\/2020\/12\/22\/auditoria-interna-mais-relevancia-e-expectativas-crescentes-na-retomada-dos-negocios\/#primaryimage\"},\"thumbnailUrl\":\"https:\/\/patrocinados.estadao.com.br\/deloitte-jornada-da-sustentabilidade\/wp-content\/uploads\/2021\/09\/Deloitte-Estadao-Auditoria-Interna.jpg\",\"inLanguage\":\"pt-BR\",\"potentialAction\":[{\"@type\":\"CommentAction\",\"name\":\"Comment\",\"target\":[\"https:\/\/patrocinados.estadao.com.br\/deloitte-jornada-da-sustentabilidade\/2020\/12\/22\/auditoria-interna-mais-relevancia-e-expectativas-crescentes-na-retomada-dos-negocios\/#respond\"]}]},{\"@type\":\"WebPage\",\"@id\":\"https:\/\/patrocinados.estadao.com.br\/deloitte-jornada-da-sustentabilidade\/2020\/12\/22\/auditoria-interna-mais-relevancia-e-expectativas-crescentes-na-retomada-dos-negocios\/\",\"url\":\"https:\/\/patrocinados.estadao.com.br\/deloitte-jornada-da-sustentabilidade\/2020\/12\/22\/auditoria-interna-mais-relevancia-e-expectativas-crescentes-na-retomada-dos-negocios\/\",\"name\":\"Auditoria interna: mais relev\u00e2ncia e expectativas crescentes na retomada dos neg\u00f3cios - Jornada da Sustentabilidade, oferecido por Deloitte\",\"isPartOf\":{\"@id\":\"https:\/\/patrocinados.estadao.com.br\/deloitte-jornada-da-sustentabilidade\/#website\"},\"primaryImageOfPage\":{\"@id\":\"https:\/\/patrocinados.estadao.com.br\/deloitte-jornada-da-sustentabilidade\/2020\/12\/22\/auditoria-interna-mais-relevancia-e-expectativas-crescentes-na-retomada-dos-negocios\/#primaryimage\"},\"image\":{\"@id\":\"https:\/\/patrocinados.estadao.com.br\/deloitte-jornada-da-sustentabilidade\/2020\/12\/22\/auditoria-interna-mais-relevancia-e-expectativas-crescentes-na-retomada-dos-negocios\/#primaryimage\"},\"thumbnailUrl\":\"https:\/\/patrocinados.estadao.com.br\/deloitte-jornada-da-sustentabilidade\/wp-content\/uploads\/2021\/09\/Deloitte-Estadao-Auditoria-Interna.jpg\",\"datePublished\":\"2020-12-22T20:26:02+00:00\",\"dateModified\":\"2021-09-20T12:50:14+00:00\",\"author\":{\"@id\":\"https:\/\/patrocinados.estadao.com.br\/deloitte-jornada-da-sustentabilidade\/#\/schema\/person\/9be56940425d4f31e0c82015d0fd725f\"},\"breadcrumb\":{\"@id\":\"https:\/\/patrocinados.estadao.com.br\/deloitte-jornada-da-sustentabilidade\/2020\/12\/22\/auditoria-interna-mais-relevancia-e-expectativas-crescentes-na-retomada-dos-negocios\/#breadcrumb\"},\"inLanguage\":\"pt-BR\",\"potentialAction\":[{\"@type\":\"ReadAction\",\"target\":[\"https:\/\/patrocinados.estadao.com.br\/deloitte-jornada-da-sustentabilidade\/2020\/12\/22\/auditoria-interna-mais-relevancia-e-expectativas-crescentes-na-retomada-dos-negocios\/\"]}]},{\"@type\":\"ImageObject\",\"inLanguage\":\"pt-BR\",\"@id\":\"https:\/\/patrocinados.estadao.com.br\/deloitte-jornada-da-sustentabilidade\/2020\/12\/22\/auditoria-interna-mais-relevancia-e-expectativas-crescentes-na-retomada-dos-negocios\/#primaryimage\",\"url\":\"https:\/\/patrocinados.estadao.com.br\/deloitte-jornada-da-sustentabilidade\/wp-content\/uploads\/2021\/09\/Deloitte-Estadao-Auditoria-Interna.jpg\",\"contentUrl\":\"https:\/\/patrocinados.estadao.com.br\/deloitte-jornada-da-sustentabilidade\/wp-content\/uploads\/2021\/09\/Deloitte-Estadao-Auditoria-Interna.jpg\",\"width\":2289,\"height\":1309,\"caption\":\"Quality Assurance and Quality Control Concept - Modern graphic interface showing certified standard process, product warranty and quality improvement technology for satisfaction of customer.\"},{\"@type\":\"BreadcrumbList\",\"@id\":\"https:\/\/patrocinados.estadao.com.br\/deloitte-jornada-da-sustentabilidade\/2020\/12\/22\/auditoria-interna-mais-relevancia-e-expectativas-crescentes-na-retomada-dos-negocios\/#breadcrumb\",\"itemListElement\":[{\"@type\":\"ListItem\",\"position\":1,\"name\":\"In\u00edcio\",\"item\":\"https:\/\/patrocinados.estadao.com.br\/deloitte-jornada-da-sustentabilidade\/\"},{\"@type\":\"ListItem\",\"position\":2,\"name\":\"Auditoria interna: mais relev\u00e2ncia e expectativas crescentes na retomada dos neg\u00f3cios\"}]},{\"@type\":\"WebSite\",\"@id\":\"https:\/\/patrocinados.estadao.com.br\/deloitte-jornada-da-sustentabilidade\/#website\",\"url\":\"https:\/\/patrocinados.estadao.com.br\/deloitte-jornada-da-sustentabilidade\/\",\"name\":\"Jornada da Sustentabilidade, oferecido por Deloitte\",\"description\":\"Solu\u00e7\u00f5es de governan\u00e7a corporativa para seus desafios de neg\u00f3cios\",\"potentialAction\":[{\"@type\":\"SearchAction\",\"target\":{\"@type\":\"EntryPoint\",\"urlTemplate\":\"https:\/\/patrocinados.estadao.com.br\/deloitte-jornada-da-sustentabilidade\/?s={search_term_string}\"},\"query-input\":{\"@type\":\"PropertyValueSpecification\",\"valueRequired\":true,\"valueName\":\"search_term_string\"}}],\"inLanguage\":\"pt-BR\"},{\"@type\":\"Person\",\"@id\":\"https:\/\/patrocinados.estadao.com.br\/deloitte-jornada-da-sustentabilidade\/#\/schema\/person\/9be56940425d4f31e0c82015d0fd725f\",\"name\":\"Geosfera\",\"image\":{\"@type\":\"ImageObject\",\"inLanguage\":\"pt-BR\",\"@id\":\"https:\/\/patrocinados.estadao.com.br\/deloitte-jornada-da-sustentabilidade\/#\/schema\/person\/image\/\",\"url\":\"https:\/\/secure.gravatar.com\/avatar\/9d33d40efdce4963188a84bd4777a5f81f7c8e9cfcc15e6853c05f5cfee4c0ab?s=96&d=mm&r=g\",\"contentUrl\":\"https:\/\/secure.gravatar.com\/avatar\/9d33d40efdce4963188a84bd4777a5f81f7c8e9cfcc15e6853c05f5cfee4c0ab?s=96&d=mm&r=g\",\"caption\":\"Geosfera\"},\"sameAs\":[\"http:\/\/geosfera.com.br\"],\"url\":\"https:\/\/patrocinados.estadao.com.br\/deloitte-jornada-da-sustentabilidade\/author\/geosfera_deloitte\/\"}]}<\/script>\n<!-- \/ Yoast SEO plugin. -->","yoast_head_json":{"title":"Auditoria interna: mais relev\u00e2ncia e expectativas crescentes na retomada dos neg\u00f3cios - Jornada da Sustentabilidade, oferecido por Deloitte","robots":{"index":"index","follow":"follow","max-snippet":"max-snippet:-1","max-image-preview":"max-image-preview:large","max-video-preview":"max-video-preview:-1"},"canonical":"https:\/\/patrocinados.estadao.com.br\/deloitte-jornada-da-sustentabilidade\/2020\/12\/22\/auditoria-interna-mais-relevancia-e-expectativas-crescentes-na-retomada-dos-negocios\/","og_locale":"pt_BR","og_type":"article","og_title":"Auditoria interna: mais relev\u00e2ncia e expectativas crescentes na retomada dos neg\u00f3cios - Jornada da Sustentabilidade, oferecido por Deloitte","og_description":"Com as empresas planejando cuidadosamente seus pr\u00f3ximos passos para a retomada p\u00f3s-crise, a atua\u00e7\u00e3o das \u00e1reas de Auditoria Interna ganhar\u00e1 ainda mais import\u00e2ncia dentro das organiza\u00e7\u00f5es. Isso se dar\u00e1 com um movimento em dire\u00e7\u00e3o a uma atua\u00e7\u00e3o mais consultiva e preditiva, que possibilite \u00e0s lideran\u00e7as obterem insights estrat\u00e9gicos para os neg\u00f3cios, de modo a apoiar [&hellip;]","og_url":"https:\/\/patrocinados.estadao.com.br\/deloitte-jornada-da-sustentabilidade\/2020\/12\/22\/auditoria-interna-mais-relevancia-e-expectativas-crescentes-na-retomada-dos-negocios\/","og_site_name":"Jornada da Sustentabilidade, oferecido por Deloitte","article_published_time":"2020-12-22T20:26:02+00:00","article_modified_time":"2021-09-20T12:50:14+00:00","og_image":[{"width":2289,"height":1309,"url":"https:\/\/patrocinados.estadao.com.br\/deloitte-jornada-da-sustentabilidade\/wp-content\/uploads\/2021\/09\/Deloitte-Estadao-Auditoria-Interna.jpg","type":"image\/jpeg"}],"author":"Geosfera","twitter_card":"summary_large_image","twitter_misc":{"Escrito por":"Geosfera","Est. tempo de leitura":"5 minutos"},"schema":{"@context":"https:\/\/schema.org","@graph":[{"@type":"Article","@id":"https:\/\/patrocinados.estadao.com.br\/deloitte-jornada-da-sustentabilidade\/2020\/12\/22\/auditoria-interna-mais-relevancia-e-expectativas-crescentes-na-retomada-dos-negocios\/#article","isPartOf":{"@id":"https:\/\/patrocinados.estadao.com.br\/deloitte-jornada-da-sustentabilidade\/2020\/12\/22\/auditoria-interna-mais-relevancia-e-expectativas-crescentes-na-retomada-dos-negocios\/"},"author":{"name":"Geosfera","@id":"https:\/\/patrocinados.estadao.com.br\/deloitte-jornada-da-sustentabilidade\/#\/schema\/person\/9be56940425d4f31e0c82015d0fd725f"},"headline":"Auditoria interna: mais relev\u00e2ncia e expectativas crescentes na retomada dos neg\u00f3cios","datePublished":"2020-12-22T20:26:02+00:00","dateModified":"2021-09-20T12:50:14+00:00","mainEntityOfPage":{"@id":"https:\/\/patrocinados.estadao.com.br\/deloitte-jornada-da-sustentabilidade\/2020\/12\/22\/auditoria-interna-mais-relevancia-e-expectativas-crescentes-na-retomada-dos-negocios\/"},"wordCount":1093,"commentCount":0,"image":{"@id":"https:\/\/patrocinados.estadao.com.br\/deloitte-jornada-da-sustentabilidade\/2020\/12\/22\/auditoria-interna-mais-relevancia-e-expectativas-crescentes-na-retomada-dos-negocios\/#primaryimage"},"thumbnailUrl":"https:\/\/patrocinados.estadao.com.br\/deloitte-jornada-da-sustentabilidade\/wp-content\/uploads\/2021\/09\/Deloitte-Estadao-Auditoria-Interna.jpg","inLanguage":"pt-BR","potentialAction":[{"@type":"CommentAction","name":"Comment","target":["https:\/\/patrocinados.estadao.com.br\/deloitte-jornada-da-sustentabilidade\/2020\/12\/22\/auditoria-interna-mais-relevancia-e-expectativas-crescentes-na-retomada-dos-negocios\/#respond"]}]},{"@type":"WebPage","@id":"https:\/\/patrocinados.estadao.com.br\/deloitte-jornada-da-sustentabilidade\/2020\/12\/22\/auditoria-interna-mais-relevancia-e-expectativas-crescentes-na-retomada-dos-negocios\/","url":"https:\/\/patrocinados.estadao.com.br\/deloitte-jornada-da-sustentabilidade\/2020\/12\/22\/auditoria-interna-mais-relevancia-e-expectativas-crescentes-na-retomada-dos-negocios\/","name":"Auditoria interna: mais relev\u00e2ncia e expectativas crescentes na retomada dos neg\u00f3cios - Jornada da Sustentabilidade, oferecido por Deloitte","isPartOf":{"@id":"https:\/\/patrocinados.estadao.com.br\/deloitte-jornada-da-sustentabilidade\/#website"},"primaryImageOfPage":{"@id":"https:\/\/patrocinados.estadao.com.br\/deloitte-jornada-da-sustentabilidade\/2020\/12\/22\/auditoria-interna-mais-relevancia-e-expectativas-crescentes-na-retomada-dos-negocios\/#primaryimage"},"image":{"@id":"https:\/\/patrocinados.estadao.com.br\/deloitte-jornada-da-sustentabilidade\/2020\/12\/22\/auditoria-interna-mais-relevancia-e-expectativas-crescentes-na-retomada-dos-negocios\/#primaryimage"},"thumbnailUrl":"https:\/\/patrocinados.estadao.com.br\/deloitte-jornada-da-sustentabilidade\/wp-content\/uploads\/2021\/09\/Deloitte-Estadao-Auditoria-Interna.jpg","datePublished":"2020-12-22T20:26:02+00:00","dateModified":"2021-09-20T12:50:14+00:00","author":{"@id":"https:\/\/patrocinados.estadao.com.br\/deloitte-jornada-da-sustentabilidade\/#\/schema\/person\/9be56940425d4f31e0c82015d0fd725f"},"breadcrumb":{"@id":"https:\/\/patrocinados.estadao.com.br\/deloitte-jornada-da-sustentabilidade\/2020\/12\/22\/auditoria-interna-mais-relevancia-e-expectativas-crescentes-na-retomada-dos-negocios\/#breadcrumb"},"inLanguage":"pt-BR","potentialAction":[{"@type":"ReadAction","target":["https:\/\/patrocinados.estadao.com.br\/deloitte-jornada-da-sustentabilidade\/2020\/12\/22\/auditoria-interna-mais-relevancia-e-expectativas-crescentes-na-retomada-dos-negocios\/"]}]},{"@type":"ImageObject","inLanguage":"pt-BR","@id":"https:\/\/patrocinados.estadao.com.br\/deloitte-jornada-da-sustentabilidade\/2020\/12\/22\/auditoria-interna-mais-relevancia-e-expectativas-crescentes-na-retomada-dos-negocios\/#primaryimage","url":"https:\/\/patrocinados.estadao.com.br\/deloitte-jornada-da-sustentabilidade\/wp-content\/uploads\/2021\/09\/Deloitte-Estadao-Auditoria-Interna.jpg","contentUrl":"https:\/\/patrocinados.estadao.com.br\/deloitte-jornada-da-sustentabilidade\/wp-content\/uploads\/2021\/09\/Deloitte-Estadao-Auditoria-Interna.jpg","width":2289,"height":1309,"caption":"Quality Assurance and Quality Control Concept - Modern graphic interface showing certified standard process, product warranty and quality improvement technology for satisfaction of customer."},{"@type":"BreadcrumbList","@id":"https:\/\/patrocinados.estadao.com.br\/deloitte-jornada-da-sustentabilidade\/2020\/12\/22\/auditoria-interna-mais-relevancia-e-expectativas-crescentes-na-retomada-dos-negocios\/#breadcrumb","itemListElement":[{"@type":"ListItem","position":1,"name":"In\u00edcio","item":"https:\/\/patrocinados.estadao.com.br\/deloitte-jornada-da-sustentabilidade\/"},{"@type":"ListItem","position":2,"name":"Auditoria interna: mais relev\u00e2ncia e expectativas crescentes na retomada dos neg\u00f3cios"}]},{"@type":"WebSite","@id":"https:\/\/patrocinados.estadao.com.br\/deloitte-jornada-da-sustentabilidade\/#website","url":"https:\/\/patrocinados.estadao.com.br\/deloitte-jornada-da-sustentabilidade\/","name":"Jornada da Sustentabilidade, oferecido por Deloitte","description":"Solu\u00e7\u00f5es de governan\u00e7a corporativa para seus desafios de neg\u00f3cios","potentialAction":[{"@type":"SearchAction","target":{"@type":"EntryPoint","urlTemplate":"https:\/\/patrocinados.estadao.com.br\/deloitte-jornada-da-sustentabilidade\/?s={search_term_string}"},"query-input":{"@type":"PropertyValueSpecification","valueRequired":true,"valueName":"search_term_string"}}],"inLanguage":"pt-BR"},{"@type":"Person","@id":"https:\/\/patrocinados.estadao.com.br\/deloitte-jornada-da-sustentabilidade\/#\/schema\/person\/9be56940425d4f31e0c82015d0fd725f","name":"Geosfera","image":{"@type":"ImageObject","inLanguage":"pt-BR","@id":"https:\/\/patrocinados.estadao.com.br\/deloitte-jornada-da-sustentabilidade\/#\/schema\/person\/image\/","url":"https:\/\/secure.gravatar.com\/avatar\/9d33d40efdce4963188a84bd4777a5f81f7c8e9cfcc15e6853c05f5cfee4c0ab?s=96&d=mm&r=g","contentUrl":"https:\/\/secure.gravatar.com\/avatar\/9d33d40efdce4963188a84bd4777a5f81f7c8e9cfcc15e6853c05f5cfee4c0ab?s=96&d=mm&r=g","caption":"Geosfera"},"sameAs":["http:\/\/geosfera.com.br"],"url":"https:\/\/patrocinados.estadao.com.br\/deloitte-jornada-da-sustentabilidade\/author\/geosfera_deloitte\/"}]}},"_links":{"self":[{"href":"https:\/\/patrocinados.estadao.com.br\/deloitte-jornada-da-sustentabilidade\/wp-json\/wp\/v2\/posts\/1556","targetHints":{"allow":["GET"]}}],"collection":[{"href":"https:\/\/patrocinados.estadao.com.br\/deloitte-jornada-da-sustentabilidade\/wp-json\/wp\/v2\/posts"}],"about":[{"href":"https:\/\/patrocinados.estadao.com.br\/deloitte-jornada-da-sustentabilidade\/wp-json\/wp\/v2\/types\/post"}],"author":[{"embeddable":true,"href":"https:\/\/patrocinados.estadao.com.br\/deloitte-jornada-da-sustentabilidade\/wp-json\/wp\/v2\/users\/2"}],"replies":[{"embeddable":true,"href":"https:\/\/patrocinados.estadao.com.br\/deloitte-jornada-da-sustentabilidade\/wp-json\/wp\/v2\/comments?post=1556"}],"version-history":[{"count":1,"href":"https:\/\/patrocinados.estadao.com.br\/deloitte-jornada-da-sustentabilidade\/wp-json\/wp\/v2\/posts\/1556\/revisions"}],"predecessor-version":[{"id":1856,"href":"https:\/\/patrocinados.estadao.com.br\/deloitte-jornada-da-sustentabilidade\/wp-json\/wp\/v2\/posts\/1556\/revisions\/1856"}],"wp:featuredmedia":[{"embeddable":true,"href":"https:\/\/patrocinados.estadao.com.br\/deloitte-jornada-da-sustentabilidade\/wp-json\/wp\/v2\/media\/1790"}],"wp:attachment":[{"href":"https:\/\/patrocinados.estadao.com.br\/deloitte-jornada-da-sustentabilidade\/wp-json\/wp\/v2\/media?parent=1556"}],"wp:term":[{"taxonomy":"category","embeddable":true,"href":"https:\/\/patrocinados.estadao.com.br\/deloitte-jornada-da-sustentabilidade\/wp-json\/wp\/v2\/categories?post=1556"},{"taxonomy":"post_tag","embeddable":true,"href":"https:\/\/patrocinados.estadao.com.br\/deloitte-jornada-da-sustentabilidade\/wp-json\/wp\/v2\/tags?post=1556"}],"curies":[{"name":"wp","href":"https:\/\/api.w.org\/{rel}","templated":true}]}}