{"id":1541,"date":"2020-10-26T19:21:08","date_gmt":"2020-10-26T19:21:08","guid":{"rendered":"https:\/\/patrocinados.estadao.com.br\/deloitte-esg-esg\/?p=1541"},"modified":"2021-09-20T11:18:51","modified_gmt":"2021-09-20T14:18:51","slug":"uso-de-tecnologia-na-area-tributaria-ganha-forca-no-cenario-pos-covid","status":"publish","type":"post","link":"https:\/\/patrocinados.estadao.com.br\/deloitte-jornada-da-sustentabilidade\/2020\/10\/26\/uso-de-tecnologia-na-area-tributaria-ganha-forca-no-cenario-pos-covid\/","title":{"rendered":"Uso de tecnologia na \u00e1rea tribut\u00e1ria ganha for\u00e7a no cen\u00e1rio p\u00f3s-Covid"},"content":{"rendered":"<p>Como ocorre em todo o mundo desde o in\u00edcio da crise causada pela pandemia da Covid-19, as empresas brasileiras v\u00eam trabalhando para garantir a sobreviv\u00eancia, reorganizar seus neg\u00f3cios e reinvent\u00e1-los frente ao novo cen\u00e1rio da economia e da sociedade. Nesse contexto, a complexidade do ambiente tribut\u00e1rio brasileiro pode apresentar entraves para uma retomada r\u00e1pida, segura e eficaz.<\/p>\n<p>Impulsionar os neg\u00f3cios e retomar as atividades frente aos desafios impostos pela Covid-19 s\u00e3o apenas alguns dos pontos que precisam ser endere\u00e7ados. As organiza\u00e7\u00f5es precisam tamb\u00e9m procurar entender a reforma tribut\u00e1ria, que tramita no Congresso desde julho e prev\u00ea novo modelo da tributa\u00e7\u00e3o da receita de bens e servi\u00e7os. Isso \u00e9 necess\u00e1rio para mapear quais tipos de impactos o texto vai causar a suas atividades. A grande maioria das empresas (75%), por\u00e9m, ainda n\u00e3o o fez.<\/p>\n<p>A pesquisa <a href=\"https:\/\/www2.deloitte.com\/br\/pt\/pages\/tax\/articles\/pesquisa-tax-amanha.html\" target=\"_blank\" rel=\"noopener noreferrer\">\u201cTax do Amanh\u00e3\u201d<\/a>, da Deloitte, mapeou uma s\u00e9rie de pontos de aten\u00e7\u00e3o comuns a empresas de todos os perfis e portes, al\u00e9m de levantar as expectativas das organiza\u00e7\u00f5es para a \u00e1rea tribut\u00e1rias \u2013 levando em conta o surgimento de tecnologias que auxiliam a desvendar o cen\u00e1rio espinhoso dos impostos no Pa\u00eds.<\/p>\n<p>Um total de 159 empresas foram ouvidas para o estudo. De maneira geral, o relat\u00f3rio mostrou que elas querem simplifica\u00e7\u00e3o de impostos e tecnologias que ampliem a efici\u00eancia tribut\u00e1ria. S\u00f3 a metade, por\u00e9m, pretende adotar processos de intelig\u00eancia artificial e automa\u00e7\u00e3o rob\u00f3tica na \u00e1rea. A expressiva maioria (96% ) acredita que a qualidade das an\u00e1lises tribut\u00e1rias vai melhorar com o uso de intelig\u00eancia artificial e tecnologias cognitivas. Tamb\u00e9m h\u00e1 expectativa de que a reforma tribut\u00e1ria traga benef\u00edcios e simplifique o emaranhado fiscal e de impostos no Pa\u00eds.<\/p>\n<p>Gustavo Rotta, s\u00f3cio de Tax Technology, Innovation e Business Tax da Deloitte, explica que a pesquisa foi realizada antes dos principais impactos da pandemia e, por isso, a evolu\u00e7\u00e3o do cen\u00e1rio tribut\u00e1rio deve ser ainda mais r\u00e1pida diante da necessidade de retomada. A transforma\u00e7\u00e3o digital, que j\u00e1 aparecia com destaque no radar das empresas, tende a ganhar for\u00e7a no cen\u00e1rio p\u00f3s-pandemia. \u201cAgora, a transforma\u00e7\u00e3o passa a evoluir ainda mais rapidamente do que antes e a completa integra\u00e7\u00e3o da tecnologia aos processos renovados, com equipes engajadas e habilitadas, ser\u00e1 fundamental para lidar com antigos e novos desafios de um ambiente de neg\u00f3cios din\u00e2mico, no qual o l\u00edder de Tax deve assumir seu protagonismo\u201d, aponta Rotta.<\/p>\n<p>O estudo da Deloitte mostrou que 63% das empresas perceberam, em 2019, um aumento na demanda por treinamento em novas metodologias de legisla\u00e7\u00e3o e tecnologias para melhor atender a seus pr\u00f3prios processos de neg\u00f3cio e ao fisco, em rela\u00e7\u00e3o ao ano anterior. \u201cCom a complexidade da gest\u00e3o fiscal e tribut\u00e1ria no Brasil \u2013 e considerando os impactos da Covid-19 no ambiente de neg\u00f3cios \u2013, a tecnologia \u00e9 um recurso fundamental para que as empresas tenham resili\u00eancia e possam garantir a continuidade e a efici\u00eancia no cumprimento de suas obriga\u00e7\u00f5es tribut\u00e1rias. \u00c9 preciso estar, mais do que nunca, atento e aberto a essas novas solu\u00e7\u00f5es\u201d, destaca o especialista da Deloitte.<\/p>\n<p>Entre essas tecnologias est\u00e3o sistemas de machine learning, data analytics e automa\u00e7\u00e3o de processos, que aprimoram a coleta das informa\u00e7\u00f5es, e aceleram e trazem mais precis\u00e3o \u00e0s an\u00e1lises tribut\u00e1rias.\u00a0\u201cA maioria das empresas pesquisadas (96%) j\u00e1 trabalha com o aux\u00edlio de ferramentas digitais na \u00e1rea\u201d, enumera Rotta &#8211; a emiss\u00e3o de notas fiscais, a entrega de obriga\u00e7\u00f5es e os lan\u00e7amentos de sa\u00edda s\u00e3o a\u00e7\u00f5es realizadas automaticamente por mais de sete em cada dez empresas pesquisadas, de acordo com a Deloitte. Ainda que esses dados possam parecer positivos em uma primeira an\u00e1lise, \u00e9 importante chamar aten\u00e7\u00e3o para o fato de que 25% das empresas ainda n\u00e3o automatizaram o processo de emiss\u00e3o de notas fiscais.<\/p>\n<p>\u201cJ\u00e1 a ado\u00e7\u00e3o de cloud para hospedar tais processos est\u00e1 nos planos de 61% das organiza\u00e7\u00f5es\u201d, explica o executivo \u2013 por motivos que v\u00e3o do interesse em ter acesso a essas novas tecnologias (47%), obter r\u00e1pida escalabilidade (tamb\u00e9m 47%), facilitar a implanta\u00e7\u00e3o (46%), ganhar com as inova\u00e7\u00f5es na \u00e1rea de tecnologia da informa\u00e7\u00e3o (31%), acelerar o tempo de entrada no mercado (29%) e garantir a seguran\u00e7a de dados (2%). Sobre esse \u00faltimo item em espec\u00edfico, embora estudos tenham demonstrado que, na maioria das vezes, o cloud pode ser mais seguro do que as instala\u00e7\u00f5es tradicionais (on premises), essa percep\u00e7\u00e3o n\u00e3o \u00e9 compartilhada pelos respondentes. As expectativas para o futuro, em especial em torno da reforma tribut\u00e1ria s\u00e3o muitas \u2013 e a maioria (71%) espera cinco anos para a consolida\u00e7\u00e3o do novo modelo, assim que a reforma for aprovada.<\/p>\n<p><strong>Investimentos na \u00e1rea tribut\u00e1ria<\/strong><\/p>\n<p>A pesquisa <a href=\"https:\/\/www2.deloitte.com\/br\/pt\/pages\/tax\/articles\/pesquisa-tax-amanha.html\" target=\"_blank\" rel=\"noopener noreferrer\">&#8220;Tax do Amanh\u00e3&#8221;<\/a> mapeou os seguintes pontos previstos pelas organiza\u00e7\u00f5es: a simplifica\u00e7\u00e3o dos impostos (esperada por 61%); elimina\u00e7\u00e3o de redund\u00e2ncia das obriga\u00e7\u00f5es acess\u00f3rias (49%); menores custos de compliance tribut\u00e1rio (43%); redu\u00e7\u00e3o das obriga\u00e7\u00f5es acess\u00f3rias (31%) e maior seguran\u00e7a jur\u00eddica (26%).<\/p>\n<p>Ainda foram citados: melhor defini\u00e7\u00e3o sobre fator gerador e conceitos em um cen\u00e1rio de IBS (o Imposto sobre Bens e Servi\u00e7os, que est\u00e1 sendo proposto para unificar os atuais <a href=\"https:\/\/www.dootax.com.br\/pis-e-cofins\/\" target=\"_blank\" rel=\"noopener noreferrer\">PIS, Cofins<\/a>, <a href=\"https:\/\/www.dootax.com.br\/ipi-imposto-sobre-produtos-industrializados\/\" target=\"_blank\" rel=\"noopener noreferrer\">IPI<\/a>, <a href=\"http:\/\/www.dootax.com.br\/icms-imposto-sobre-circulacao-de-mercadorias-e-servicos\/\">ICMS<\/a> e <a href=\"https:\/\/www.dootax.com.br\/entenda-o-iss\/\" target=\"_blank\" rel=\"noopener noreferrer\">ISS<\/a>, citado por 18%); maior transpar\u00eancia da carga tribut\u00e1ria, racionaliza\u00e7\u00e3o de processos, menor frequ\u00eancia de altera\u00e7\u00f5es de normas tribut\u00e1rias, menor propor\u00e7\u00e3o de impostos ao longo da cadeia produtiva, menor litigiosidade administrativa\/judicial e substitui\u00e7\u00e3o por um modelo de tributa\u00e7\u00e3o sobre movimenta\u00e7\u00f5es financeiras.<\/p>\n<p>Entre outros pontos, a pesquisa da Deloitte levantou que, para atender aos desafios tribut\u00e1rios, manter as obriga\u00e7\u00f5es em dia e responder adequadamente \u00e0s demandas fiscalizat\u00f3rias, 49% das empresas preferem manter profissionais pr\u00f3prios operando nesta \u00e1rea do neg\u00f3cio. As demais utilizam, em maior parte, terceirizados e colaboradores pr\u00f3prios atuando em conjunto.<\/p>\n<p>Por conta das mudan\u00e7as previstas no panorama tribut\u00e1rio, os investimentos na \u00e1rea tribut\u00e1ria tamb\u00e9m est\u00e3o em estudo nas empresas, para identificar eventuais aumentos no or\u00e7amento, o que foi citado por dois ter\u00e7os dos executivos que responderam \u00e0 pesquisa. Um quinto dos participantes do estudo indicou a otimiza\u00e7\u00e3o dos processos j\u00e1 existentes como um caminho prov\u00e1vel para a jornada tribut\u00e1ria.<\/p>\n<p>&nbsp;<\/p>\n<p>&nbsp;<\/p>\n<p>&nbsp;<\/p>\n","protected":false},"excerpt":{"rendered":"<p>Como ocorre em todo o mundo desde o in\u00edcio da crise causada pela pandemia da Covid-19, as empresas brasileiras v\u00eam trabalhando para garantir a sobreviv\u00eancia, reorganizar seus neg\u00f3cios e reinvent\u00e1-los frente ao novo cen\u00e1rio da economia e da sociedade. Nesse contexto, a complexidade do ambiente tribut\u00e1rio brasileiro pode apresentar entraves para uma retomada r\u00e1pida, segura [&hellip;]<\/p>\n","protected":false},"author":2,"featured_media":1793,"comment_status":"open","ping_status":"closed","sticky":false,"template":"","format":"standard","meta":{"_acf_changed":false,"footnotes":""},"categories":[1],"tags":[],"class_list":["post-1541","post","type-post","status-publish","format-standard","has-post-thumbnail","hentry","category-sem-categoria"],"acf":[],"yoast_head":"<!-- This site is optimized with the Yoast SEO plugin v27.1.1 - https:\/\/yoast.com\/product\/yoast-seo-wordpress\/ -->\n<title>Uso de tecnologia na \u00e1rea tribut\u00e1ria ganha for\u00e7a no cen\u00e1rio p\u00f3s-Covid - Jornada da Sustentabilidade, oferecido por Deloitte<\/title>\n<meta name=\"robots\" content=\"index, follow, max-snippet:-1, max-image-preview:large, max-video-preview:-1\" \/>\n<link rel=\"canonical\" href=\"https:\/\/patrocinados.estadao.com.br\/deloitte-jornada-da-sustentabilidade\/2020\/10\/26\/uso-de-tecnologia-na-area-tributaria-ganha-forca-no-cenario-pos-covid\/\" \/>\n<meta property=\"og:locale\" content=\"pt_BR\" \/>\n<meta property=\"og:type\" content=\"article\" \/>\n<meta property=\"og:title\" content=\"Uso de tecnologia na \u00e1rea tribut\u00e1ria ganha for\u00e7a no cen\u00e1rio p\u00f3s-Covid - Jornada da Sustentabilidade, oferecido por Deloitte\" \/>\n<meta property=\"og:description\" content=\"Como ocorre em todo o mundo desde o in\u00edcio da crise causada pela pandemia da Covid-19, as empresas brasileiras v\u00eam trabalhando para garantir a sobreviv\u00eancia, reorganizar seus neg\u00f3cios e reinvent\u00e1-los frente ao novo cen\u00e1rio da economia e da sociedade. Nesse contexto, a complexidade do ambiente tribut\u00e1rio brasileiro pode apresentar entraves para uma retomada r\u00e1pida, segura [&hellip;]\" \/>\n<meta property=\"og:url\" content=\"https:\/\/patrocinados.estadao.com.br\/deloitte-jornada-da-sustentabilidade\/2020\/10\/26\/uso-de-tecnologia-na-area-tributaria-ganha-forca-no-cenario-pos-covid\/\" \/>\n<meta property=\"og:site_name\" content=\"Jornada da Sustentabilidade, oferecido por Deloitte\" \/>\n<meta property=\"article:published_time\" content=\"2020-10-26T19:21:08+00:00\" \/>\n<meta property=\"article:modified_time\" content=\"2021-09-20T14:18:51+00:00\" \/>\n<meta property=\"og:image\" content=\"https:\/\/patrocinados.estadao.com.br\/deloitte-jornada-da-sustentabilidade\/wp-content\/uploads\/2021\/09\/Deloitte-Estadao-Tax-AmanhaHOME.jpg\" \/>\n\t<meta property=\"og:image:width\" content=\"760\" \/>\n\t<meta property=\"og:image:height\" content=\"428\" \/>\n\t<meta property=\"og:image:type\" content=\"image\/jpeg\" \/>\n<meta name=\"author\" content=\"Geosfera\" \/>\n<meta name=\"twitter:card\" content=\"summary_large_image\" \/>\n<meta name=\"twitter:label1\" content=\"Escrito por\" \/>\n\t<meta name=\"twitter:data1\" content=\"Geosfera\" \/>\n\t<meta name=\"twitter:label2\" content=\"Est. tempo de leitura\" \/>\n\t<meta name=\"twitter:data2\" content=\"5 minutos\" \/>\n<script type=\"application\/ld+json\" class=\"yoast-schema-graph\">{\"@context\":\"https:\/\/schema.org\",\"@graph\":[{\"@type\":\"Article\",\"@id\":\"https:\/\/patrocinados.estadao.com.br\/deloitte-jornada-da-sustentabilidade\/2020\/10\/26\/uso-de-tecnologia-na-area-tributaria-ganha-forca-no-cenario-pos-covid\/#article\",\"isPartOf\":{\"@id\":\"https:\/\/patrocinados.estadao.com.br\/deloitte-jornada-da-sustentabilidade\/2020\/10\/26\/uso-de-tecnologia-na-area-tributaria-ganha-forca-no-cenario-pos-covid\/\"},\"author\":{\"name\":\"Geosfera\",\"@id\":\"https:\/\/patrocinados.estadao.com.br\/deloitte-jornada-da-sustentabilidade\/#\/schema\/person\/9be56940425d4f31e0c82015d0fd725f\"},\"headline\":\"Uso de tecnologia na \u00e1rea tribut\u00e1ria ganha for\u00e7a no cen\u00e1rio p\u00f3s-Covid\",\"datePublished\":\"2020-10-26T19:21:08+00:00\",\"dateModified\":\"2021-09-20T14:18:51+00:00\",\"mainEntityOfPage\":{\"@id\":\"https:\/\/patrocinados.estadao.com.br\/deloitte-jornada-da-sustentabilidade\/2020\/10\/26\/uso-de-tecnologia-na-area-tributaria-ganha-forca-no-cenario-pos-covid\/\"},\"wordCount\":1104,\"commentCount\":0,\"image\":{\"@id\":\"https:\/\/patrocinados.estadao.com.br\/deloitte-jornada-da-sustentabilidade\/2020\/10\/26\/uso-de-tecnologia-na-area-tributaria-ganha-forca-no-cenario-pos-covid\/#primaryimage\"},\"thumbnailUrl\":\"https:\/\/patrocinados.estadao.com.br\/deloitte-jornada-da-sustentabilidade\/wp-content\/uploads\/2021\/09\/Deloitte-Estadao-Tax-AmanhaHOME.jpg\",\"inLanguage\":\"pt-BR\",\"potentialAction\":[{\"@type\":\"CommentAction\",\"name\":\"Comment\",\"target\":[\"https:\/\/patrocinados.estadao.com.br\/deloitte-jornada-da-sustentabilidade\/2020\/10\/26\/uso-de-tecnologia-na-area-tributaria-ganha-forca-no-cenario-pos-covid\/#respond\"]}]},{\"@type\":\"WebPage\",\"@id\":\"https:\/\/patrocinados.estadao.com.br\/deloitte-jornada-da-sustentabilidade\/2020\/10\/26\/uso-de-tecnologia-na-area-tributaria-ganha-forca-no-cenario-pos-covid\/\",\"url\":\"https:\/\/patrocinados.estadao.com.br\/deloitte-jornada-da-sustentabilidade\/2020\/10\/26\/uso-de-tecnologia-na-area-tributaria-ganha-forca-no-cenario-pos-covid\/\",\"name\":\"Uso de tecnologia na \u00e1rea tribut\u00e1ria ganha for\u00e7a no cen\u00e1rio p\u00f3s-Covid - Jornada da Sustentabilidade, oferecido por Deloitte\",\"isPartOf\":{\"@id\":\"https:\/\/patrocinados.estadao.com.br\/deloitte-jornada-da-sustentabilidade\/#website\"},\"primaryImageOfPage\":{\"@id\":\"https:\/\/patrocinados.estadao.com.br\/deloitte-jornada-da-sustentabilidade\/2020\/10\/26\/uso-de-tecnologia-na-area-tributaria-ganha-forca-no-cenario-pos-covid\/#primaryimage\"},\"image\":{\"@id\":\"https:\/\/patrocinados.estadao.com.br\/deloitte-jornada-da-sustentabilidade\/2020\/10\/26\/uso-de-tecnologia-na-area-tributaria-ganha-forca-no-cenario-pos-covid\/#primaryimage\"},\"thumbnailUrl\":\"https:\/\/patrocinados.estadao.com.br\/deloitte-jornada-da-sustentabilidade\/wp-content\/uploads\/2021\/09\/Deloitte-Estadao-Tax-AmanhaHOME.jpg\",\"datePublished\":\"2020-10-26T19:21:08+00:00\",\"dateModified\":\"2021-09-20T14:18:51+00:00\",\"author\":{\"@id\":\"https:\/\/patrocinados.estadao.com.br\/deloitte-jornada-da-sustentabilidade\/#\/schema\/person\/9be56940425d4f31e0c82015d0fd725f\"},\"breadcrumb\":{\"@id\":\"https:\/\/patrocinados.estadao.com.br\/deloitte-jornada-da-sustentabilidade\/2020\/10\/26\/uso-de-tecnologia-na-area-tributaria-ganha-forca-no-cenario-pos-covid\/#breadcrumb\"},\"inLanguage\":\"pt-BR\",\"potentialAction\":[{\"@type\":\"ReadAction\",\"target\":[\"https:\/\/patrocinados.estadao.com.br\/deloitte-jornada-da-sustentabilidade\/2020\/10\/26\/uso-de-tecnologia-na-area-tributaria-ganha-forca-no-cenario-pos-covid\/\"]}]},{\"@type\":\"ImageObject\",\"inLanguage\":\"pt-BR\",\"@id\":\"https:\/\/patrocinados.estadao.com.br\/deloitte-jornada-da-sustentabilidade\/2020\/10\/26\/uso-de-tecnologia-na-area-tributaria-ganha-forca-no-cenario-pos-covid\/#primaryimage\",\"url\":\"https:\/\/patrocinados.estadao.com.br\/deloitte-jornada-da-sustentabilidade\/wp-content\/uploads\/2021\/09\/Deloitte-Estadao-Tax-AmanhaHOME.jpg\",\"contentUrl\":\"https:\/\/patrocinados.estadao.com.br\/deloitte-jornada-da-sustentabilidade\/wp-content\/uploads\/2021\/09\/Deloitte-Estadao-Tax-AmanhaHOME.jpg\",\"width\":760,\"height\":428,\"caption\":\"1154906770\"},{\"@type\":\"BreadcrumbList\",\"@id\":\"https:\/\/patrocinados.estadao.com.br\/deloitte-jornada-da-sustentabilidade\/2020\/10\/26\/uso-de-tecnologia-na-area-tributaria-ganha-forca-no-cenario-pos-covid\/#breadcrumb\",\"itemListElement\":[{\"@type\":\"ListItem\",\"position\":1,\"name\":\"In\u00edcio\",\"item\":\"https:\/\/patrocinados.estadao.com.br\/deloitte-jornada-da-sustentabilidade\/\"},{\"@type\":\"ListItem\",\"position\":2,\"name\":\"Uso de tecnologia na \u00e1rea tribut\u00e1ria ganha for\u00e7a no cen\u00e1rio p\u00f3s-Covid\"}]},{\"@type\":\"WebSite\",\"@id\":\"https:\/\/patrocinados.estadao.com.br\/deloitte-jornada-da-sustentabilidade\/#website\",\"url\":\"https:\/\/patrocinados.estadao.com.br\/deloitte-jornada-da-sustentabilidade\/\",\"name\":\"Jornada da Sustentabilidade, oferecido por Deloitte\",\"description\":\"Solu\u00e7\u00f5es de governan\u00e7a corporativa para seus desafios de neg\u00f3cios\",\"potentialAction\":[{\"@type\":\"SearchAction\",\"target\":{\"@type\":\"EntryPoint\",\"urlTemplate\":\"https:\/\/patrocinados.estadao.com.br\/deloitte-jornada-da-sustentabilidade\/?s={search_term_string}\"},\"query-input\":{\"@type\":\"PropertyValueSpecification\",\"valueRequired\":true,\"valueName\":\"search_term_string\"}}],\"inLanguage\":\"pt-BR\"},{\"@type\":\"Person\",\"@id\":\"https:\/\/patrocinados.estadao.com.br\/deloitte-jornada-da-sustentabilidade\/#\/schema\/person\/9be56940425d4f31e0c82015d0fd725f\",\"name\":\"Geosfera\",\"image\":{\"@type\":\"ImageObject\",\"inLanguage\":\"pt-BR\",\"@id\":\"https:\/\/patrocinados.estadao.com.br\/deloitte-jornada-da-sustentabilidade\/#\/schema\/person\/image\/\",\"url\":\"https:\/\/secure.gravatar.com\/avatar\/9d33d40efdce4963188a84bd4777a5f81f7c8e9cfcc15e6853c05f5cfee4c0ab?s=96&d=mm&r=g\",\"contentUrl\":\"https:\/\/secure.gravatar.com\/avatar\/9d33d40efdce4963188a84bd4777a5f81f7c8e9cfcc15e6853c05f5cfee4c0ab?s=96&d=mm&r=g\",\"caption\":\"Geosfera\"},\"sameAs\":[\"http:\/\/geosfera.com.br\"],\"url\":\"https:\/\/patrocinados.estadao.com.br\/deloitte-jornada-da-sustentabilidade\/author\/geosfera_deloitte\/\"}]}<\/script>\n<!-- \/ Yoast SEO plugin. -->","yoast_head_json":{"title":"Uso de tecnologia na \u00e1rea tribut\u00e1ria ganha for\u00e7a no cen\u00e1rio p\u00f3s-Covid - Jornada da Sustentabilidade, oferecido por Deloitte","robots":{"index":"index","follow":"follow","max-snippet":"max-snippet:-1","max-image-preview":"max-image-preview:large","max-video-preview":"max-video-preview:-1"},"canonical":"https:\/\/patrocinados.estadao.com.br\/deloitte-jornada-da-sustentabilidade\/2020\/10\/26\/uso-de-tecnologia-na-area-tributaria-ganha-forca-no-cenario-pos-covid\/","og_locale":"pt_BR","og_type":"article","og_title":"Uso de tecnologia na \u00e1rea tribut\u00e1ria ganha for\u00e7a no cen\u00e1rio p\u00f3s-Covid - Jornada da Sustentabilidade, oferecido por Deloitte","og_description":"Como ocorre em todo o mundo desde o in\u00edcio da crise causada pela pandemia da Covid-19, as empresas brasileiras v\u00eam trabalhando para garantir a sobreviv\u00eancia, reorganizar seus neg\u00f3cios e reinvent\u00e1-los frente ao novo cen\u00e1rio da economia e da sociedade. Nesse contexto, a complexidade do ambiente tribut\u00e1rio brasileiro pode apresentar entraves para uma retomada r\u00e1pida, segura [&hellip;]","og_url":"https:\/\/patrocinados.estadao.com.br\/deloitte-jornada-da-sustentabilidade\/2020\/10\/26\/uso-de-tecnologia-na-area-tributaria-ganha-forca-no-cenario-pos-covid\/","og_site_name":"Jornada da Sustentabilidade, oferecido por Deloitte","article_published_time":"2020-10-26T19:21:08+00:00","article_modified_time":"2021-09-20T14:18:51+00:00","og_image":[{"width":760,"height":428,"url":"https:\/\/patrocinados.estadao.com.br\/deloitte-jornada-da-sustentabilidade\/wp-content\/uploads\/2021\/09\/Deloitte-Estadao-Tax-AmanhaHOME.jpg","type":"image\/jpeg"}],"author":"Geosfera","twitter_card":"summary_large_image","twitter_misc":{"Escrito por":"Geosfera","Est. tempo de leitura":"5 minutos"},"schema":{"@context":"https:\/\/schema.org","@graph":[{"@type":"Article","@id":"https:\/\/patrocinados.estadao.com.br\/deloitte-jornada-da-sustentabilidade\/2020\/10\/26\/uso-de-tecnologia-na-area-tributaria-ganha-forca-no-cenario-pos-covid\/#article","isPartOf":{"@id":"https:\/\/patrocinados.estadao.com.br\/deloitte-jornada-da-sustentabilidade\/2020\/10\/26\/uso-de-tecnologia-na-area-tributaria-ganha-forca-no-cenario-pos-covid\/"},"author":{"name":"Geosfera","@id":"https:\/\/patrocinados.estadao.com.br\/deloitte-jornada-da-sustentabilidade\/#\/schema\/person\/9be56940425d4f31e0c82015d0fd725f"},"headline":"Uso de tecnologia na \u00e1rea tribut\u00e1ria ganha for\u00e7a no cen\u00e1rio p\u00f3s-Covid","datePublished":"2020-10-26T19:21:08+00:00","dateModified":"2021-09-20T14:18:51+00:00","mainEntityOfPage":{"@id":"https:\/\/patrocinados.estadao.com.br\/deloitte-jornada-da-sustentabilidade\/2020\/10\/26\/uso-de-tecnologia-na-area-tributaria-ganha-forca-no-cenario-pos-covid\/"},"wordCount":1104,"commentCount":0,"image":{"@id":"https:\/\/patrocinados.estadao.com.br\/deloitte-jornada-da-sustentabilidade\/2020\/10\/26\/uso-de-tecnologia-na-area-tributaria-ganha-forca-no-cenario-pos-covid\/#primaryimage"},"thumbnailUrl":"https:\/\/patrocinados.estadao.com.br\/deloitte-jornada-da-sustentabilidade\/wp-content\/uploads\/2021\/09\/Deloitte-Estadao-Tax-AmanhaHOME.jpg","inLanguage":"pt-BR","potentialAction":[{"@type":"CommentAction","name":"Comment","target":["https:\/\/patrocinados.estadao.com.br\/deloitte-jornada-da-sustentabilidade\/2020\/10\/26\/uso-de-tecnologia-na-area-tributaria-ganha-forca-no-cenario-pos-covid\/#respond"]}]},{"@type":"WebPage","@id":"https:\/\/patrocinados.estadao.com.br\/deloitte-jornada-da-sustentabilidade\/2020\/10\/26\/uso-de-tecnologia-na-area-tributaria-ganha-forca-no-cenario-pos-covid\/","url":"https:\/\/patrocinados.estadao.com.br\/deloitte-jornada-da-sustentabilidade\/2020\/10\/26\/uso-de-tecnologia-na-area-tributaria-ganha-forca-no-cenario-pos-covid\/","name":"Uso de tecnologia na \u00e1rea tribut\u00e1ria ganha for\u00e7a no cen\u00e1rio p\u00f3s-Covid - Jornada da Sustentabilidade, oferecido por Deloitte","isPartOf":{"@id":"https:\/\/patrocinados.estadao.com.br\/deloitte-jornada-da-sustentabilidade\/#website"},"primaryImageOfPage":{"@id":"https:\/\/patrocinados.estadao.com.br\/deloitte-jornada-da-sustentabilidade\/2020\/10\/26\/uso-de-tecnologia-na-area-tributaria-ganha-forca-no-cenario-pos-covid\/#primaryimage"},"image":{"@id":"https:\/\/patrocinados.estadao.com.br\/deloitte-jornada-da-sustentabilidade\/2020\/10\/26\/uso-de-tecnologia-na-area-tributaria-ganha-forca-no-cenario-pos-covid\/#primaryimage"},"thumbnailUrl":"https:\/\/patrocinados.estadao.com.br\/deloitte-jornada-da-sustentabilidade\/wp-content\/uploads\/2021\/09\/Deloitte-Estadao-Tax-AmanhaHOME.jpg","datePublished":"2020-10-26T19:21:08+00:00","dateModified":"2021-09-20T14:18:51+00:00","author":{"@id":"https:\/\/patrocinados.estadao.com.br\/deloitte-jornada-da-sustentabilidade\/#\/schema\/person\/9be56940425d4f31e0c82015d0fd725f"},"breadcrumb":{"@id":"https:\/\/patrocinados.estadao.com.br\/deloitte-jornada-da-sustentabilidade\/2020\/10\/26\/uso-de-tecnologia-na-area-tributaria-ganha-forca-no-cenario-pos-covid\/#breadcrumb"},"inLanguage":"pt-BR","potentialAction":[{"@type":"ReadAction","target":["https:\/\/patrocinados.estadao.com.br\/deloitte-jornada-da-sustentabilidade\/2020\/10\/26\/uso-de-tecnologia-na-area-tributaria-ganha-forca-no-cenario-pos-covid\/"]}]},{"@type":"ImageObject","inLanguage":"pt-BR","@id":"https:\/\/patrocinados.estadao.com.br\/deloitte-jornada-da-sustentabilidade\/2020\/10\/26\/uso-de-tecnologia-na-area-tributaria-ganha-forca-no-cenario-pos-covid\/#primaryimage","url":"https:\/\/patrocinados.estadao.com.br\/deloitte-jornada-da-sustentabilidade\/wp-content\/uploads\/2021\/09\/Deloitte-Estadao-Tax-AmanhaHOME.jpg","contentUrl":"https:\/\/patrocinados.estadao.com.br\/deloitte-jornada-da-sustentabilidade\/wp-content\/uploads\/2021\/09\/Deloitte-Estadao-Tax-AmanhaHOME.jpg","width":760,"height":428,"caption":"1154906770"},{"@type":"BreadcrumbList","@id":"https:\/\/patrocinados.estadao.com.br\/deloitte-jornada-da-sustentabilidade\/2020\/10\/26\/uso-de-tecnologia-na-area-tributaria-ganha-forca-no-cenario-pos-covid\/#breadcrumb","itemListElement":[{"@type":"ListItem","position":1,"name":"In\u00edcio","item":"https:\/\/patrocinados.estadao.com.br\/deloitte-jornada-da-sustentabilidade\/"},{"@type":"ListItem","position":2,"name":"Uso de tecnologia na \u00e1rea tribut\u00e1ria ganha for\u00e7a no cen\u00e1rio p\u00f3s-Covid"}]},{"@type":"WebSite","@id":"https:\/\/patrocinados.estadao.com.br\/deloitte-jornada-da-sustentabilidade\/#website","url":"https:\/\/patrocinados.estadao.com.br\/deloitte-jornada-da-sustentabilidade\/","name":"Jornada da Sustentabilidade, oferecido por Deloitte","description":"Solu\u00e7\u00f5es de governan\u00e7a corporativa para seus desafios de neg\u00f3cios","potentialAction":[{"@type":"SearchAction","target":{"@type":"EntryPoint","urlTemplate":"https:\/\/patrocinados.estadao.com.br\/deloitte-jornada-da-sustentabilidade\/?s={search_term_string}"},"query-input":{"@type":"PropertyValueSpecification","valueRequired":true,"valueName":"search_term_string"}}],"inLanguage":"pt-BR"},{"@type":"Person","@id":"https:\/\/patrocinados.estadao.com.br\/deloitte-jornada-da-sustentabilidade\/#\/schema\/person\/9be56940425d4f31e0c82015d0fd725f","name":"Geosfera","image":{"@type":"ImageObject","inLanguage":"pt-BR","@id":"https:\/\/patrocinados.estadao.com.br\/deloitte-jornada-da-sustentabilidade\/#\/schema\/person\/image\/","url":"https:\/\/secure.gravatar.com\/avatar\/9d33d40efdce4963188a84bd4777a5f81f7c8e9cfcc15e6853c05f5cfee4c0ab?s=96&d=mm&r=g","contentUrl":"https:\/\/secure.gravatar.com\/avatar\/9d33d40efdce4963188a84bd4777a5f81f7c8e9cfcc15e6853c05f5cfee4c0ab?s=96&d=mm&r=g","caption":"Geosfera"},"sameAs":["http:\/\/geosfera.com.br"],"url":"https:\/\/patrocinados.estadao.com.br\/deloitte-jornada-da-sustentabilidade\/author\/geosfera_deloitte\/"}]}},"_links":{"self":[{"href":"https:\/\/patrocinados.estadao.com.br\/deloitte-jornada-da-sustentabilidade\/wp-json\/wp\/v2\/posts\/1541","targetHints":{"allow":["GET"]}}],"collection":[{"href":"https:\/\/patrocinados.estadao.com.br\/deloitte-jornada-da-sustentabilidade\/wp-json\/wp\/v2\/posts"}],"about":[{"href":"https:\/\/patrocinados.estadao.com.br\/deloitte-jornada-da-sustentabilidade\/wp-json\/wp\/v2\/types\/post"}],"author":[{"embeddable":true,"href":"https:\/\/patrocinados.estadao.com.br\/deloitte-jornada-da-sustentabilidade\/wp-json\/wp\/v2\/users\/2"}],"replies":[{"embeddable":true,"href":"https:\/\/patrocinados.estadao.com.br\/deloitte-jornada-da-sustentabilidade\/wp-json\/wp\/v2\/comments?post=1541"}],"version-history":[{"count":1,"href":"https:\/\/patrocinados.estadao.com.br\/deloitte-jornada-da-sustentabilidade\/wp-json\/wp\/v2\/posts\/1541\/revisions"}],"predecessor-version":[{"id":1858,"href":"https:\/\/patrocinados.estadao.com.br\/deloitte-jornada-da-sustentabilidade\/wp-json\/wp\/v2\/posts\/1541\/revisions\/1858"}],"wp:featuredmedia":[{"embeddable":true,"href":"https:\/\/patrocinados.estadao.com.br\/deloitte-jornada-da-sustentabilidade\/wp-json\/wp\/v2\/media\/1793"}],"wp:attachment":[{"href":"https:\/\/patrocinados.estadao.com.br\/deloitte-jornada-da-sustentabilidade\/wp-json\/wp\/v2\/media?parent=1541"}],"wp:term":[{"taxonomy":"category","embeddable":true,"href":"https:\/\/patrocinados.estadao.com.br\/deloitte-jornada-da-sustentabilidade\/wp-json\/wp\/v2\/categories?post=1541"},{"taxonomy":"post_tag","embeddable":true,"href":"https:\/\/patrocinados.estadao.com.br\/deloitte-jornada-da-sustentabilidade\/wp-json\/wp\/v2\/tags?post=1541"}],"curies":[{"name":"wp","href":"https:\/\/api.w.org\/{rel}","templated":true}]}}