{"id":1534,"date":"2020-09-11T20:07:51","date_gmt":"2020-09-11T20:07:51","guid":{"rendered":"https:\/\/patrocinados.estadao.com.br\/deloitte-esg-esg\/?p=1534"},"modified":"2021-09-20T11:19:32","modified_gmt":"2021-09-20T14:19:32","slug":"gestao-eficiente-diminui-riscos-causados-por-desvios-de-conduta-nas-organizacoes","status":"publish","type":"post","link":"https:\/\/patrocinados.estadao.com.br\/deloitte-jornada-da-sustentabilidade\/2020\/09\/11\/gestao-eficiente-diminui-riscos-causados-por-desvios-de-conduta-nas-organizacoes\/","title":{"rendered":"Gest\u00e3o eficiente diminui riscos causados por desvios de conduta nas organiza\u00e7\u00f5es"},"content":{"rendered":"<p>&nbsp;<\/p>\n<p>Desvios de conduta por parte de colaboradores, intencionais ou n\u00e3o, podem impactar fortemente um neg\u00f3cio, prejudicando clientes, outros profissionais, o mercado ou a pr\u00f3pria organiza\u00e7\u00e3o, caso as pr\u00e1ticas de m\u00e1 conduta n\u00e3o sejam identificadas, tratadas adequadamente e reparadas a tempo. Preveni-las sempre que poss\u00edvel deve estar no radar de toda e qualquer empresa, independente da \u00e1rea do neg\u00f3cio. Por\u00e9m, como fazer isso de maneira assertiva?<\/p>\n<p>A resposta cl\u00e1ssica sempre residiu em estabelecer meios eficientes de verifica\u00e7\u00e3o, canais de comunica\u00e7\u00e3o funcionais e bons mecanismos de controle, al\u00e9m de pol\u00edticas internas robustas, que reflitam a preocupa\u00e7\u00e3o da alta administra\u00e7\u00e3o em dar o exemplo aos demais profissionais.<\/p>\n<p><strong>Covid-19 refor\u00e7a necessidade de preven\u00e7\u00e3o<\/strong><\/p>\n<p>A pandemia, no entanto, trouxe uma nova dimens\u00e3o aos desafios de identificar e prevenir desvios de conduta. Em pesquisa conduzida pela Association of Certified Fraud Examiners (ACFE) em 2020, 68% dos respondentes observaram um aumento de fraudes desde o in\u00edcio da crise da Covid-19. O aumento de atividades fraudulentas no pr\u00f3ximo ano \u00e9 esperado por 93% dos respondentes da pesquisa, como um reflexo da pandemia.<\/p>\n<p>\u201cCom a crise, para que as empresas pudessem continuar operando, elas tiveram que flexibilizar seus processos. E a flexibiliza\u00e7\u00e3o, embora necess\u00e1ria, traz tamb\u00e9m brechas para que ocorram eventos de desvios de conduta, pois a gest\u00e3o se tornou mais distante da opera\u00e7\u00e3o\u201d, explica Camila Boretti, s\u00f3cia de Risk Advisory e l\u00edder da pr\u00e1tica de Riscos Operacionais da Deloitte.<\/p>\n<p>\u201cAlgumas empresas v\u00eam enfrentando, sim, problemas reais nesta crise, em fun\u00e7\u00e3o de seus protocolos de opera\u00e7\u00e3o. Em outras, quando se fala da conduta com base em fraudes, surge uma possibilidade futura no aumento de relatos destes casos\u201d, analisa Alex Borges, s\u00f3cio de Risk Advisory e l\u00edder das pr\u00e1ticas de Riscos Regulat\u00f3rios e Riscos Estrat\u00e9gicos da Deloitte.<\/p>\n<p><strong>Olhar atento \u00e9 essencial<\/strong><\/p>\n<p>Entre os desvios de conduta mais comuns, e que trazem mais riscos potenciais \u00e0s organiza\u00e7\u00f5es, est\u00e3o: fraudes em compras, licita\u00e7\u00f5es ou em processos concorrenciais; situa\u00e7\u00f5es de conflitos de interesse; adultera\u00e7\u00e3o de dados em relat\u00f3rios de resultados e balan\u00e7os financeiros; desvios de recursos ou de bens da organiza\u00e7\u00e3o; suborno e pagamento de propina; lavagem de dinheiro; vazamento de informa\u00e7\u00f5es; ass\u00e9dios (moral, sexual); corrup\u00e7\u00e3o ou tentativa de corrup\u00e7\u00e3o. Caso cheguem ao conhecimento do mercado, tais fatos podem ter consequ\u00eancias desastrosas.<\/p>\n<p>Eduardo Rocha, diretor da \u00e1rea de Risk Advisory da Deloitte, ressalta que os riscos de conduta podem ser gerados por colaboradores conscientes, ou n\u00e3o, de estarem agindo em desacordo com os valores de integridade e de \u00e9tica organizacional. Por isso, \u00e9 importante a empresa ter um olhar para dentro e mapear seus riscos de exposi\u00e7\u00e3o (<strong>veja quadro abaixo<\/strong>).<\/p>\n<p>A tens\u00e3o no ambiente de neg\u00f3cios e as naturais press\u00f5es que surgem, sobretudo no contexto da pandemia, com a necessidade de reinven\u00e7\u00e3o para a pr\u00f3pria sobreviv\u00eancia, dificuldades financeiras e desafios de caixa, preocupa\u00e7\u00f5es com a manuten\u00e7\u00e3o dos postos de trabalho e maior propens\u00e3o a ataques cibern\u00e9ticos aumentam os riscos, segundo Camila Boretti. \u201cMuitas vezes, observamos a cultura com base em resultados a qualquer custo. Quando se fala \u2018a qualquer custo\u2019, o padr\u00e3o de certo e errado come\u00e7a a ficar distorcido\u201d.<\/p>\n<p>\u201cSem mecanismos de gest\u00e3o e de vigil\u00e2ncia que consigam garantir que o comportamento dos colaboradores esteja em linha com a cultura \u00e9tica da organiza\u00e7\u00e3o, haver\u00e1 invariavelmente uma exposi\u00e7\u00e3o de imagem, reputa\u00e7\u00e3o, impactos financeiros e confian\u00e7a do mercado\u201d, diz Eduardo Rocha.<\/p>\n<p><strong>Perfil dos colaboradores<\/strong><\/p>\n<p>Tradicionalmente, trabalha-se com a identifica\u00e7\u00e3o e monitoramento de diferentes perfis de colaboradores na gest\u00e3o dos riscos de conduta no dia a dia das organiza\u00e7\u00f5es.O perfil verde (profissionais plenamente alinhados aos princ\u00edpios \u00e9ticos da empresa) \u00e9 composto pelos colaboradores que nunca cometer\u00e3o nenhum ato il\u00edcito, mesmo que tenham a oportunidade. Eles representam cerca de 10% do corpo de uma organiza\u00e7\u00e3o.<\/p>\n<p>Cerca de 80% dos colaboradores est\u00e3o no chamado perfil amarelo. S\u00e3o aqueles profissionais que, se conseguirmos trazer a vis\u00e3o da \u00e9tica e das boas pr\u00e1ticas da organiza\u00e7\u00e3o, com apoio de mecanismos e orienta\u00e7\u00f5es de \u00e9tica e conduta, seguir\u00e3o para a chamada linha verde. Em oposi\u00e7\u00e3o, os restantes 10% (perfil vermelho) s\u00e3o os que mais podem causar riscos e danos \u2013 de fraudes em processos, documentos e relat\u00f3rios a repassar dados e informa\u00e7\u00f5es a concorrentes, por exemplo, passando por pr\u00e1ticas de ass\u00e9dio e outras m\u00e1s condutas.<\/p>\n<p>Para que a empresa n\u00e3o corra riscos, as normas de conduta precisam estar cada vez mais consolidadas nas organiza\u00e7\u00f5es, com regras claras e canais de comunica\u00e7\u00e3o eficientes sobre os procedimentos e pr\u00e1ticas a seguir. Camila Boretti destaca que a cultura da organiza\u00e7\u00e3o \u00e9 muito importante, por estar vinculada \u00e0 estrutura da empresa. \u201cAbrir uma den\u00fancia num canal de ouvidoria, por exemplo, est\u00e1 muito relacionado \u00e0 maturidade que a empresa tem para lidar com o assunto\u201d. Hoje, por conta do contexto da crise, os controles podem ficar prejudicados pelo receio em fazer den\u00fancias, diante da necessidade de preservar o pr\u00f3prio emprego.<\/p>\n<p><strong>Solu\u00e7\u00f5es de defesa<\/strong><\/p>\n<p>H\u00e1 tr\u00eas linhas de defesa que devem ser endere\u00e7adas para que as organiza\u00e7\u00f5es possam mitigar os riscos da pr\u00e1tica de m\u00e1 conduta o mais cedo poss\u00edvel. \u201cMuitas organiza\u00e7\u00f5es j\u00e1 contam hoje com o conceito de um diretor de Riscos de Conduta, para supervisionar o assunto, trazendo o protagonismo e responsabilidade dessa gest\u00e3o tamb\u00e9m para sua primeira linha de defesa\u201d, afirma o especialista da Deloitte.<\/p>\n<p>Esse gerenciamento envolve aspectos de governan\u00e7a, cultura organizacional, riscos e implementa\u00e7\u00e3o de tecnologias para controle. \u201cA abordagem precisa ser extremamente ampla e hol\u00edstica, de forma a gerir melhor os riscos, em aspectos preventivos e detectivos. H\u00e1 um trabalho direto com a cultura, nos pilares de conscientiza\u00e7\u00e3o, mensagens que vem de cima para baixo, pol\u00edticas e procedimentos\u201d.<\/p>\n<p>Em primeiro lugar, a empresa deve se preocupar em gerenciar suas pr\u00e1ticas de neg\u00f3cio e aspectos de governan\u00e7a, estabelecendo com clareza pap\u00e9is e responsabilidades, estruturando seus comit\u00eas de \u00e9tica e conduta e os c\u00f3digos de procedimentos, que devem ser comunicados e operacionalizados com efici\u00eancia. A segunda etapa compreende, entre outros pontos, trabalhar nos aspectos culturais das organiza\u00e7\u00f5es e entender os riscos mapeando os processos que causam a maior exposi\u00e7\u00e3o da empresa, o que deve ser acompanhado de treinamentos dos colaboradores e refor\u00e7o das mensagens, principalmente, vindas da alta administra\u00e7\u00e3o, o chamado <em>tone at the top<\/em>.<\/p>\n<p><em>\u00a0<\/em>Na terceira fase, a organiza\u00e7\u00e3o deve se preocupar em mitigar os riscos adotando linhas de defesa, como respostas regulat\u00f3rias a incidentes de conduta; auditoria interna com foco em gest\u00e3o de conduta e preven\u00e7\u00e3o a perda; apura\u00e7\u00e3o de relatos feitos em canais de den\u00fancias; pol\u00edticas de consequ\u00eancias e at\u00e9 mesmo a realiza\u00e7\u00e3o de entrevistas demissionais com maior aprofundamento. Por fim, entram tecnologia e solu\u00e7\u00f5es de data analytics, para dar mais intelig\u00eancia e efici\u00eancia aos processos, j\u00e1 na fase de evolu\u00e7\u00e3o, inclusive com a cria\u00e7\u00e3o de modelos preditivos.<\/p>\n<p>&nbsp;<\/p>\n<p><a href=\"https:\/\/patrocinados.estadao.com.br\/deloitte-esg-esg\/wp-content\/uploads\/sites\/39\/2020\/09\/boxedeloitte.jpg\"><img loading=\"lazy\" decoding=\"async\" class=\"aligncenter wp-image-1535 size-large\" src=\"https:\/\/patrocinados.estadao.com.br\/deloitte-esg-esg\/wp-content\/uploads\/sites\/39\/2020\/09\/boxedeloitte-535x1024.jpg\" alt=\"\" width=\"535\" height=\"1024\" \/><\/a><\/p>\n","protected":false},"excerpt":{"rendered":"<p>&nbsp; Desvios de conduta por parte de colaboradores, intencionais ou n\u00e3o, podem impactar fortemente um neg\u00f3cio, prejudicando clientes, outros profissionais, o mercado ou a pr\u00f3pria organiza\u00e7\u00e3o, caso as pr\u00e1ticas de m\u00e1 conduta n\u00e3o sejam identificadas, tratadas adequadamente e reparadas a tempo. Preveni-las sempre que poss\u00edvel deve estar no radar de toda e qualquer empresa, independente [&hellip;]<\/p>\n","protected":false},"author":2,"featured_media":1792,"comment_status":"open","ping_status":"closed","sticky":false,"template":"","format":"standard","meta":{"_acf_changed":false,"footnotes":""},"categories":[1],"tags":[],"class_list":["post-1534","post","type-post","status-publish","format-standard","has-post-thumbnail","hentry","category-sem-categoria"],"acf":[],"yoast_head":"<!-- This site is optimized with the Yoast SEO plugin v27.1.1 - https:\/\/yoast.com\/product\/yoast-seo-wordpress\/ -->\n<title>Gest\u00e3o eficiente diminui riscos causados por desvios de conduta nas organiza\u00e7\u00f5es - Jornada da Sustentabilidade, oferecido por Deloitte<\/title>\n<meta name=\"robots\" content=\"index, follow, max-snippet:-1, max-image-preview:large, max-video-preview:-1\" \/>\n<link rel=\"canonical\" href=\"https:\/\/patrocinados.estadao.com.br\/deloitte-jornada-da-sustentabilidade\/2020\/09\/11\/gestao-eficiente-diminui-riscos-causados-por-desvios-de-conduta-nas-organizacoes\/\" \/>\n<meta property=\"og:locale\" content=\"pt_BR\" \/>\n<meta property=\"og:type\" content=\"article\" \/>\n<meta property=\"og:title\" content=\"Gest\u00e3o eficiente diminui riscos causados por desvios de conduta nas organiza\u00e7\u00f5es - Jornada da Sustentabilidade, oferecido por Deloitte\" \/>\n<meta property=\"og:description\" content=\"&nbsp; Desvios de conduta por parte de colaboradores, intencionais ou n\u00e3o, podem impactar fortemente um neg\u00f3cio, prejudicando clientes, outros profissionais, o mercado ou a pr\u00f3pria organiza\u00e7\u00e3o, caso as pr\u00e1ticas de m\u00e1 conduta n\u00e3o sejam identificadas, tratadas adequadamente e reparadas a tempo. Preveni-las sempre que poss\u00edvel deve estar no radar de toda e qualquer empresa, independente [&hellip;]\" \/>\n<meta property=\"og:url\" content=\"https:\/\/patrocinados.estadao.com.br\/deloitte-jornada-da-sustentabilidade\/2020\/09\/11\/gestao-eficiente-diminui-riscos-causados-por-desvios-de-conduta-nas-organizacoes\/\" \/>\n<meta property=\"og:site_name\" content=\"Jornada da Sustentabilidade, oferecido por Deloitte\" \/>\n<meta property=\"article:published_time\" content=\"2020-09-11T20:07:51+00:00\" \/>\n<meta property=\"article:modified_time\" content=\"2021-09-20T14:19:32+00:00\" \/>\n<meta property=\"og:image\" content=\"https:\/\/patrocinados.estadao.com.br\/deloitte-jornada-da-sustentabilidade\/wp-content\/uploads\/2021\/09\/Deloitte-Estadao-Risco-CondutaHOME.jpg\" \/>\n\t<meta property=\"og:image:width\" content=\"760\" \/>\n\t<meta property=\"og:image:height\" content=\"428\" \/>\n\t<meta property=\"og:image:type\" content=\"image\/jpeg\" \/>\n<meta name=\"author\" content=\"Geosfera\" \/>\n<meta name=\"twitter:card\" content=\"summary_large_image\" \/>\n<meta name=\"twitter:label1\" content=\"Escrito por\" \/>\n\t<meta name=\"twitter:data1\" content=\"Geosfera\" \/>\n\t<meta name=\"twitter:label2\" content=\"Est. tempo de leitura\" \/>\n\t<meta name=\"twitter:data2\" content=\"6 minutos\" \/>\n<script type=\"application\/ld+json\" class=\"yoast-schema-graph\">{\"@context\":\"https:\/\/schema.org\",\"@graph\":[{\"@type\":\"Article\",\"@id\":\"https:\/\/patrocinados.estadao.com.br\/deloitte-jornada-da-sustentabilidade\/2020\/09\/11\/gestao-eficiente-diminui-riscos-causados-por-desvios-de-conduta-nas-organizacoes\/#article\",\"isPartOf\":{\"@id\":\"https:\/\/patrocinados.estadao.com.br\/deloitte-jornada-da-sustentabilidade\/2020\/09\/11\/gestao-eficiente-diminui-riscos-causados-por-desvios-de-conduta-nas-organizacoes\/\"},\"author\":{\"name\":\"Geosfera\",\"@id\":\"https:\/\/patrocinados.estadao.com.br\/deloitte-jornada-da-sustentabilidade\/#\/schema\/person\/9be56940425d4f31e0c82015d0fd725f\"},\"headline\":\"Gest\u00e3o eficiente diminui riscos causados por desvios de conduta nas organiza\u00e7\u00f5es\",\"datePublished\":\"2020-09-11T20:07:51+00:00\",\"dateModified\":\"2021-09-20T14:19:32+00:00\",\"mainEntityOfPage\":{\"@id\":\"https:\/\/patrocinados.estadao.com.br\/deloitte-jornada-da-sustentabilidade\/2020\/09\/11\/gestao-eficiente-diminui-riscos-causados-por-desvios-de-conduta-nas-organizacoes\/\"},\"wordCount\":1238,\"commentCount\":0,\"image\":{\"@id\":\"https:\/\/patrocinados.estadao.com.br\/deloitte-jornada-da-sustentabilidade\/2020\/09\/11\/gestao-eficiente-diminui-riscos-causados-por-desvios-de-conduta-nas-organizacoes\/#primaryimage\"},\"thumbnailUrl\":\"https:\/\/patrocinados.estadao.com.br\/deloitte-jornada-da-sustentabilidade\/wp-content\/uploads\/2021\/09\/Deloitte-Estadao-Risco-CondutaHOME.jpg\",\"inLanguage\":\"pt-BR\",\"potentialAction\":[{\"@type\":\"CommentAction\",\"name\":\"Comment\",\"target\":[\"https:\/\/patrocinados.estadao.com.br\/deloitte-jornada-da-sustentabilidade\/2020\/09\/11\/gestao-eficiente-diminui-riscos-causados-por-desvios-de-conduta-nas-organizacoes\/#respond\"]}]},{\"@type\":\"WebPage\",\"@id\":\"https:\/\/patrocinados.estadao.com.br\/deloitte-jornada-da-sustentabilidade\/2020\/09\/11\/gestao-eficiente-diminui-riscos-causados-por-desvios-de-conduta-nas-organizacoes\/\",\"url\":\"https:\/\/patrocinados.estadao.com.br\/deloitte-jornada-da-sustentabilidade\/2020\/09\/11\/gestao-eficiente-diminui-riscos-causados-por-desvios-de-conduta-nas-organizacoes\/\",\"name\":\"Gest\u00e3o eficiente diminui riscos causados por desvios de conduta nas organiza\u00e7\u00f5es - Jornada da Sustentabilidade, oferecido por Deloitte\",\"isPartOf\":{\"@id\":\"https:\/\/patrocinados.estadao.com.br\/deloitte-jornada-da-sustentabilidade\/#website\"},\"primaryImageOfPage\":{\"@id\":\"https:\/\/patrocinados.estadao.com.br\/deloitte-jornada-da-sustentabilidade\/2020\/09\/11\/gestao-eficiente-diminui-riscos-causados-por-desvios-de-conduta-nas-organizacoes\/#primaryimage\"},\"image\":{\"@id\":\"https:\/\/patrocinados.estadao.com.br\/deloitte-jornada-da-sustentabilidade\/2020\/09\/11\/gestao-eficiente-diminui-riscos-causados-por-desvios-de-conduta-nas-organizacoes\/#primaryimage\"},\"thumbnailUrl\":\"https:\/\/patrocinados.estadao.com.br\/deloitte-jornada-da-sustentabilidade\/wp-content\/uploads\/2021\/09\/Deloitte-Estadao-Risco-CondutaHOME.jpg\",\"datePublished\":\"2020-09-11T20:07:51+00:00\",\"dateModified\":\"2021-09-20T14:19:32+00:00\",\"author\":{\"@id\":\"https:\/\/patrocinados.estadao.com.br\/deloitte-jornada-da-sustentabilidade\/#\/schema\/person\/9be56940425d4f31e0c82015d0fd725f\"},\"breadcrumb\":{\"@id\":\"https:\/\/patrocinados.estadao.com.br\/deloitte-jornada-da-sustentabilidade\/2020\/09\/11\/gestao-eficiente-diminui-riscos-causados-por-desvios-de-conduta-nas-organizacoes\/#breadcrumb\"},\"inLanguage\":\"pt-BR\",\"potentialAction\":[{\"@type\":\"ReadAction\",\"target\":[\"https:\/\/patrocinados.estadao.com.br\/deloitte-jornada-da-sustentabilidade\/2020\/09\/11\/gestao-eficiente-diminui-riscos-causados-por-desvios-de-conduta-nas-organizacoes\/\"]}]},{\"@type\":\"ImageObject\",\"inLanguage\":\"pt-BR\",\"@id\":\"https:\/\/patrocinados.estadao.com.br\/deloitte-jornada-da-sustentabilidade\/2020\/09\/11\/gestao-eficiente-diminui-riscos-causados-por-desvios-de-conduta-nas-organizacoes\/#primaryimage\",\"url\":\"https:\/\/patrocinados.estadao.com.br\/deloitte-jornada-da-sustentabilidade\/wp-content\/uploads\/2021\/09\/Deloitte-Estadao-Risco-CondutaHOME.jpg\",\"contentUrl\":\"https:\/\/patrocinados.estadao.com.br\/deloitte-jornada-da-sustentabilidade\/wp-content\/uploads\/2021\/09\/Deloitte-Estadao-Risco-CondutaHOME.jpg\",\"width\":760,\"height\":428,\"caption\":\"1230164752\"},{\"@type\":\"BreadcrumbList\",\"@id\":\"https:\/\/patrocinados.estadao.com.br\/deloitte-jornada-da-sustentabilidade\/2020\/09\/11\/gestao-eficiente-diminui-riscos-causados-por-desvios-de-conduta-nas-organizacoes\/#breadcrumb\",\"itemListElement\":[{\"@type\":\"ListItem\",\"position\":1,\"name\":\"In\u00edcio\",\"item\":\"https:\/\/patrocinados.estadao.com.br\/deloitte-jornada-da-sustentabilidade\/\"},{\"@type\":\"ListItem\",\"position\":2,\"name\":\"Gest\u00e3o eficiente diminui riscos causados por desvios de conduta nas organiza\u00e7\u00f5es\"}]},{\"@type\":\"WebSite\",\"@id\":\"https:\/\/patrocinados.estadao.com.br\/deloitte-jornada-da-sustentabilidade\/#website\",\"url\":\"https:\/\/patrocinados.estadao.com.br\/deloitte-jornada-da-sustentabilidade\/\",\"name\":\"Jornada da Sustentabilidade, oferecido por Deloitte\",\"description\":\"Solu\u00e7\u00f5es de governan\u00e7a corporativa para seus desafios de neg\u00f3cios\",\"potentialAction\":[{\"@type\":\"SearchAction\",\"target\":{\"@type\":\"EntryPoint\",\"urlTemplate\":\"https:\/\/patrocinados.estadao.com.br\/deloitte-jornada-da-sustentabilidade\/?s={search_term_string}\"},\"query-input\":{\"@type\":\"PropertyValueSpecification\",\"valueRequired\":true,\"valueName\":\"search_term_string\"}}],\"inLanguage\":\"pt-BR\"},{\"@type\":\"Person\",\"@id\":\"https:\/\/patrocinados.estadao.com.br\/deloitte-jornada-da-sustentabilidade\/#\/schema\/person\/9be56940425d4f31e0c82015d0fd725f\",\"name\":\"Geosfera\",\"image\":{\"@type\":\"ImageObject\",\"inLanguage\":\"pt-BR\",\"@id\":\"https:\/\/patrocinados.estadao.com.br\/deloitte-jornada-da-sustentabilidade\/#\/schema\/person\/image\/\",\"url\":\"https:\/\/secure.gravatar.com\/avatar\/9d33d40efdce4963188a84bd4777a5f81f7c8e9cfcc15e6853c05f5cfee4c0ab?s=96&d=mm&r=g\",\"contentUrl\":\"https:\/\/secure.gravatar.com\/avatar\/9d33d40efdce4963188a84bd4777a5f81f7c8e9cfcc15e6853c05f5cfee4c0ab?s=96&d=mm&r=g\",\"caption\":\"Geosfera\"},\"sameAs\":[\"http:\/\/geosfera.com.br\"],\"url\":\"https:\/\/patrocinados.estadao.com.br\/deloitte-jornada-da-sustentabilidade\/author\/geosfera_deloitte\/\"}]}<\/script>\n<!-- \/ Yoast SEO plugin. -->","yoast_head_json":{"title":"Gest\u00e3o eficiente diminui riscos causados por desvios de conduta nas organiza\u00e7\u00f5es - Jornada da Sustentabilidade, oferecido por Deloitte","robots":{"index":"index","follow":"follow","max-snippet":"max-snippet:-1","max-image-preview":"max-image-preview:large","max-video-preview":"max-video-preview:-1"},"canonical":"https:\/\/patrocinados.estadao.com.br\/deloitte-jornada-da-sustentabilidade\/2020\/09\/11\/gestao-eficiente-diminui-riscos-causados-por-desvios-de-conduta-nas-organizacoes\/","og_locale":"pt_BR","og_type":"article","og_title":"Gest\u00e3o eficiente diminui riscos causados por desvios de conduta nas organiza\u00e7\u00f5es - Jornada da Sustentabilidade, oferecido por Deloitte","og_description":"&nbsp; Desvios de conduta por parte de colaboradores, intencionais ou n\u00e3o, podem impactar fortemente um neg\u00f3cio, prejudicando clientes, outros profissionais, o mercado ou a pr\u00f3pria organiza\u00e7\u00e3o, caso as pr\u00e1ticas de m\u00e1 conduta n\u00e3o sejam identificadas, tratadas adequadamente e reparadas a tempo. Preveni-las sempre que poss\u00edvel deve estar no radar de toda e qualquer empresa, independente [&hellip;]","og_url":"https:\/\/patrocinados.estadao.com.br\/deloitte-jornada-da-sustentabilidade\/2020\/09\/11\/gestao-eficiente-diminui-riscos-causados-por-desvios-de-conduta-nas-organizacoes\/","og_site_name":"Jornada da Sustentabilidade, oferecido por Deloitte","article_published_time":"2020-09-11T20:07:51+00:00","article_modified_time":"2021-09-20T14:19:32+00:00","og_image":[{"width":760,"height":428,"url":"https:\/\/patrocinados.estadao.com.br\/deloitte-jornada-da-sustentabilidade\/wp-content\/uploads\/2021\/09\/Deloitte-Estadao-Risco-CondutaHOME.jpg","type":"image\/jpeg"}],"author":"Geosfera","twitter_card":"summary_large_image","twitter_misc":{"Escrito por":"Geosfera","Est. tempo de leitura":"6 minutos"},"schema":{"@context":"https:\/\/schema.org","@graph":[{"@type":"Article","@id":"https:\/\/patrocinados.estadao.com.br\/deloitte-jornada-da-sustentabilidade\/2020\/09\/11\/gestao-eficiente-diminui-riscos-causados-por-desvios-de-conduta-nas-organizacoes\/#article","isPartOf":{"@id":"https:\/\/patrocinados.estadao.com.br\/deloitte-jornada-da-sustentabilidade\/2020\/09\/11\/gestao-eficiente-diminui-riscos-causados-por-desvios-de-conduta-nas-organizacoes\/"},"author":{"name":"Geosfera","@id":"https:\/\/patrocinados.estadao.com.br\/deloitte-jornada-da-sustentabilidade\/#\/schema\/person\/9be56940425d4f31e0c82015d0fd725f"},"headline":"Gest\u00e3o eficiente diminui riscos causados por desvios de conduta nas organiza\u00e7\u00f5es","datePublished":"2020-09-11T20:07:51+00:00","dateModified":"2021-09-20T14:19:32+00:00","mainEntityOfPage":{"@id":"https:\/\/patrocinados.estadao.com.br\/deloitte-jornada-da-sustentabilidade\/2020\/09\/11\/gestao-eficiente-diminui-riscos-causados-por-desvios-de-conduta-nas-organizacoes\/"},"wordCount":1238,"commentCount":0,"image":{"@id":"https:\/\/patrocinados.estadao.com.br\/deloitte-jornada-da-sustentabilidade\/2020\/09\/11\/gestao-eficiente-diminui-riscos-causados-por-desvios-de-conduta-nas-organizacoes\/#primaryimage"},"thumbnailUrl":"https:\/\/patrocinados.estadao.com.br\/deloitte-jornada-da-sustentabilidade\/wp-content\/uploads\/2021\/09\/Deloitte-Estadao-Risco-CondutaHOME.jpg","inLanguage":"pt-BR","potentialAction":[{"@type":"CommentAction","name":"Comment","target":["https:\/\/patrocinados.estadao.com.br\/deloitte-jornada-da-sustentabilidade\/2020\/09\/11\/gestao-eficiente-diminui-riscos-causados-por-desvios-de-conduta-nas-organizacoes\/#respond"]}]},{"@type":"WebPage","@id":"https:\/\/patrocinados.estadao.com.br\/deloitte-jornada-da-sustentabilidade\/2020\/09\/11\/gestao-eficiente-diminui-riscos-causados-por-desvios-de-conduta-nas-organizacoes\/","url":"https:\/\/patrocinados.estadao.com.br\/deloitte-jornada-da-sustentabilidade\/2020\/09\/11\/gestao-eficiente-diminui-riscos-causados-por-desvios-de-conduta-nas-organizacoes\/","name":"Gest\u00e3o eficiente diminui riscos causados por desvios de conduta nas organiza\u00e7\u00f5es - Jornada da Sustentabilidade, oferecido por Deloitte","isPartOf":{"@id":"https:\/\/patrocinados.estadao.com.br\/deloitte-jornada-da-sustentabilidade\/#website"},"primaryImageOfPage":{"@id":"https:\/\/patrocinados.estadao.com.br\/deloitte-jornada-da-sustentabilidade\/2020\/09\/11\/gestao-eficiente-diminui-riscos-causados-por-desvios-de-conduta-nas-organizacoes\/#primaryimage"},"image":{"@id":"https:\/\/patrocinados.estadao.com.br\/deloitte-jornada-da-sustentabilidade\/2020\/09\/11\/gestao-eficiente-diminui-riscos-causados-por-desvios-de-conduta-nas-organizacoes\/#primaryimage"},"thumbnailUrl":"https:\/\/patrocinados.estadao.com.br\/deloitte-jornada-da-sustentabilidade\/wp-content\/uploads\/2021\/09\/Deloitte-Estadao-Risco-CondutaHOME.jpg","datePublished":"2020-09-11T20:07:51+00:00","dateModified":"2021-09-20T14:19:32+00:00","author":{"@id":"https:\/\/patrocinados.estadao.com.br\/deloitte-jornada-da-sustentabilidade\/#\/schema\/person\/9be56940425d4f31e0c82015d0fd725f"},"breadcrumb":{"@id":"https:\/\/patrocinados.estadao.com.br\/deloitte-jornada-da-sustentabilidade\/2020\/09\/11\/gestao-eficiente-diminui-riscos-causados-por-desvios-de-conduta-nas-organizacoes\/#breadcrumb"},"inLanguage":"pt-BR","potentialAction":[{"@type":"ReadAction","target":["https:\/\/patrocinados.estadao.com.br\/deloitte-jornada-da-sustentabilidade\/2020\/09\/11\/gestao-eficiente-diminui-riscos-causados-por-desvios-de-conduta-nas-organizacoes\/"]}]},{"@type":"ImageObject","inLanguage":"pt-BR","@id":"https:\/\/patrocinados.estadao.com.br\/deloitte-jornada-da-sustentabilidade\/2020\/09\/11\/gestao-eficiente-diminui-riscos-causados-por-desvios-de-conduta-nas-organizacoes\/#primaryimage","url":"https:\/\/patrocinados.estadao.com.br\/deloitte-jornada-da-sustentabilidade\/wp-content\/uploads\/2021\/09\/Deloitte-Estadao-Risco-CondutaHOME.jpg","contentUrl":"https:\/\/patrocinados.estadao.com.br\/deloitte-jornada-da-sustentabilidade\/wp-content\/uploads\/2021\/09\/Deloitte-Estadao-Risco-CondutaHOME.jpg","width":760,"height":428,"caption":"1230164752"},{"@type":"BreadcrumbList","@id":"https:\/\/patrocinados.estadao.com.br\/deloitte-jornada-da-sustentabilidade\/2020\/09\/11\/gestao-eficiente-diminui-riscos-causados-por-desvios-de-conduta-nas-organizacoes\/#breadcrumb","itemListElement":[{"@type":"ListItem","position":1,"name":"In\u00edcio","item":"https:\/\/patrocinados.estadao.com.br\/deloitte-jornada-da-sustentabilidade\/"},{"@type":"ListItem","position":2,"name":"Gest\u00e3o eficiente diminui riscos causados por desvios de conduta nas organiza\u00e7\u00f5es"}]},{"@type":"WebSite","@id":"https:\/\/patrocinados.estadao.com.br\/deloitte-jornada-da-sustentabilidade\/#website","url":"https:\/\/patrocinados.estadao.com.br\/deloitte-jornada-da-sustentabilidade\/","name":"Jornada da Sustentabilidade, oferecido por Deloitte","description":"Solu\u00e7\u00f5es de governan\u00e7a corporativa para seus desafios de neg\u00f3cios","potentialAction":[{"@type":"SearchAction","target":{"@type":"EntryPoint","urlTemplate":"https:\/\/patrocinados.estadao.com.br\/deloitte-jornada-da-sustentabilidade\/?s={search_term_string}"},"query-input":{"@type":"PropertyValueSpecification","valueRequired":true,"valueName":"search_term_string"}}],"inLanguage":"pt-BR"},{"@type":"Person","@id":"https:\/\/patrocinados.estadao.com.br\/deloitte-jornada-da-sustentabilidade\/#\/schema\/person\/9be56940425d4f31e0c82015d0fd725f","name":"Geosfera","image":{"@type":"ImageObject","inLanguage":"pt-BR","@id":"https:\/\/patrocinados.estadao.com.br\/deloitte-jornada-da-sustentabilidade\/#\/schema\/person\/image\/","url":"https:\/\/secure.gravatar.com\/avatar\/9d33d40efdce4963188a84bd4777a5f81f7c8e9cfcc15e6853c05f5cfee4c0ab?s=96&d=mm&r=g","contentUrl":"https:\/\/secure.gravatar.com\/avatar\/9d33d40efdce4963188a84bd4777a5f81f7c8e9cfcc15e6853c05f5cfee4c0ab?s=96&d=mm&r=g","caption":"Geosfera"},"sameAs":["http:\/\/geosfera.com.br"],"url":"https:\/\/patrocinados.estadao.com.br\/deloitte-jornada-da-sustentabilidade\/author\/geosfera_deloitte\/"}]}},"_links":{"self":[{"href":"https:\/\/patrocinados.estadao.com.br\/deloitte-jornada-da-sustentabilidade\/wp-json\/wp\/v2\/posts\/1534","targetHints":{"allow":["GET"]}}],"collection":[{"href":"https:\/\/patrocinados.estadao.com.br\/deloitte-jornada-da-sustentabilidade\/wp-json\/wp\/v2\/posts"}],"about":[{"href":"https:\/\/patrocinados.estadao.com.br\/deloitte-jornada-da-sustentabilidade\/wp-json\/wp\/v2\/types\/post"}],"author":[{"embeddable":true,"href":"https:\/\/patrocinados.estadao.com.br\/deloitte-jornada-da-sustentabilidade\/wp-json\/wp\/v2\/users\/2"}],"replies":[{"embeddable":true,"href":"https:\/\/patrocinados.estadao.com.br\/deloitte-jornada-da-sustentabilidade\/wp-json\/wp\/v2\/comments?post=1534"}],"version-history":[{"count":1,"href":"https:\/\/patrocinados.estadao.com.br\/deloitte-jornada-da-sustentabilidade\/wp-json\/wp\/v2\/posts\/1534\/revisions"}],"predecessor-version":[{"id":1859,"href":"https:\/\/patrocinados.estadao.com.br\/deloitte-jornada-da-sustentabilidade\/wp-json\/wp\/v2\/posts\/1534\/revisions\/1859"}],"wp:featuredmedia":[{"embeddable":true,"href":"https:\/\/patrocinados.estadao.com.br\/deloitte-jornada-da-sustentabilidade\/wp-json\/wp\/v2\/media\/1792"}],"wp:attachment":[{"href":"https:\/\/patrocinados.estadao.com.br\/deloitte-jornada-da-sustentabilidade\/wp-json\/wp\/v2\/media?parent=1534"}],"wp:term":[{"taxonomy":"category","embeddable":true,"href":"https:\/\/patrocinados.estadao.com.br\/deloitte-jornada-da-sustentabilidade\/wp-json\/wp\/v2\/categories?post=1534"},{"taxonomy":"post_tag","embeddable":true,"href":"https:\/\/patrocinados.estadao.com.br\/deloitte-jornada-da-sustentabilidade\/wp-json\/wp\/v2\/tags?post=1534"}],"curies":[{"name":"wp","href":"https:\/\/api.w.org\/{rel}","templated":true}]}}