{"id":1454,"date":"2020-05-28T20:12:34","date_gmt":"2020-05-28T20:12:34","guid":{"rendered":"https:\/\/patrocinados.estadao.com.br\/deloitte-esg-esg\/?p=1454"},"modified":"2021-09-20T11:22:03","modified_gmt":"2021-09-20T14:22:03","slug":"impactos-globais-da-crise-demandam-atencao-das-empresas-a-cadeia-de-suprimentos","status":"publish","type":"post","link":"https:\/\/patrocinados.estadao.com.br\/deloitte-jornada-da-sustentabilidade\/2020\/05\/28\/impactos-globais-da-crise-demandam-atencao-das-empresas-a-cadeia-de-suprimentos\/","title":{"rendered":"Impactos globais da crise demandam aten\u00e7\u00e3o das empresas \u00e0 cadeia de suprimentos"},"content":{"rendered":"<p>Entre as a\u00e7\u00f5es a serem adotadas imediatamente pelas empresas que planejam atravessar o per\u00edodo de pandemia com a menor <a href=\"https:\/\/patrocinados.estadao.com.br\/deloitte-esg-esg\/2020\/04\/18\/plano-de-100-dias-traz-seis-linhas-de-acao-imediatas-para-os-negocios-em-meio-a-crise\/\" target=\"_blank\" rel=\"noopener noreferrer\">influ\u00eancia poss\u00edvel em seus neg\u00f3cios<\/a>, dispensar aten\u00e7\u00e3o especial \u00e0 cadeia de suprimentos, com transpar\u00eancia e responsabilidade, possui papel central para a reestrutura\u00e7\u00e3o das opera\u00e7\u00f5es.<\/p>\n<p>A crise da Covid-19 n\u00e3o afetou apenas um setor de neg\u00f3cio ou uma regi\u00e3o do mundo. O problema \u00e9 global e estendeu seus tent\u00e1culos para os setores p\u00fablico e privado, com reflexos humanit\u00e1rios, sociais, econ\u00f4micos e culturais. \u201cQuanto mais a empresa entender os impactos causados em seus parceiros \u2013 fornecedores, clientes, estoques, redes de log\u00edstica e transporte e outros pontos da cadeia \u2013, mais f\u00e1cil ficar\u00e1 identificar as dores alheias e levar essas dificuldades e particularidades em conta no planejamento do futuro, que n\u00e3o pode esperar. Quem come\u00e7ar a dar essa resposta \u00e0 crise antes ter\u00e1 muito mais chances de se recuperar\u201d, diz Celso Kassab, s\u00f3cio de Consultoria Empresarial da Deloitte.<\/p>\n<p>Provavelmente, as empresas ter\u00e3o que realizar renegocia\u00e7\u00f5es ou reformula\u00e7\u00f5es de diversos aspectos do neg\u00f3cio (financeiros, prazos de recebimento e pagamentos, linhas de produtos e servi\u00e7os, recursos humanos, junto de clientes, fornecedores etc). Portanto, a abordagem dever\u00e1 ser hol\u00edstica, analisando todos os pontos da cadeia, sem exce\u00e7\u00f5es.<\/p>\n<p><strong>Readequa\u00e7\u00f5es <\/strong><\/p>\n<p>De acordo com estudo feito pela Deloitte, as empresas precisar\u00e3o redefinir sua cadeia de suprimentos local, regional e global e elaborar estrat\u00e9gias claras de gerenciamento de riscos, porque a crise da Covid-19 causar\u00e1 impactos macroecon\u00f4micos, fora do controle da organiza\u00e7\u00e3o. Eles afetar\u00e3o toda a cadeia. Al\u00e9m disso, riscos externos e internos devem ser analisados.<\/p>\n<p>\u201cDeve-se identificar as rupturas j\u00e1 existentes e potenciais riscos futuros para fazer as readequa\u00e7\u00f5es necess\u00e1rias \u2013 por exemplo, mapeando quais s\u00e3o as mat\u00e9rias-primas, embalagens, materiais e servi\u00e7os essenciais para a continuidade da manufatura dos produtos cr\u00edticos para o neg\u00f3cio\u201d, analisa Kassab.<\/p>\n<p>O trato com os fornecedores deve ser feito com responsabilidade e cautela, entendendo os preju\u00edzos destes e formalizando um plano de a\u00e7\u00e3o conjunto, contemplando pontos como otimiza\u00e7\u00e3o de cargas, estabelecimento de planos de produ\u00e7\u00e3o integrados, gest\u00e3o colaborativa de capacidades etc.<\/p>\n<p>A identifica\u00e7\u00e3o de qual parceiro est\u00e1 mais exposto \u00e0 crise deve ser clara, considerando a possibilidade da realiza\u00e7\u00e3o de aportes financeiros ou adiantamento para manter a normalidade nas opera\u00e7\u00f5es, bem como as a\u00e7\u00f5es de renegocia\u00e7\u00e3o de prazos de pagamento e o planejamento log\u00edstico de toda a rela\u00e7\u00e3o de fornecimento.<\/p>\n<p>Tamb\u00e9m \u00e9 fundamental que a empresa olhe para dentro, definindo como otimizar os ativos e recursos dispon\u00edveis dentro do pr\u00f3prio grupo econ\u00f4mico. Por exemplo: ve\u00edculos para transporte de produtos, capacidades produtivas, capital de giro e realoca\u00e7\u00e3o tempor\u00e1ria de especialistas para melhor gest\u00e3o desses temas.<\/p>\n<p>\u201cAvalie a ocorr\u00eancia e o potencial de oscila\u00e7\u00f5es muito grandes de demanda e de oferta de suprimentos, desenvolva estrat\u00e9gias para minimizar riscos e volatilidades e reavalie o plano de inova\u00e7\u00f5es para identificar a possibilidade de antecipar o lan\u00e7amento de novos produtos com menor complexidade produtiva e que favore\u00e7am a sociedade neste momento de crise\u201d, conclui o especialista da Deloitte.<\/p>\n<p><strong>A\u00e7\u00f5es imediatas da cadeia de suprimentos<\/strong><\/p>\n<p><strong>1<\/strong> Definir estrat\u00e9gia de segmenta\u00e7\u00e3o de atendimento da opera\u00e7\u00e3o interna, revendo estrat\u00e9gia de curto prazo e sincronizando a demanda-oferta<\/p>\n<p><strong>2<\/strong> Concentrar foco em volume ao inv\u00e9s de varia\u00e7\u00e3o na produ\u00e7\u00e3o<\/p>\n<p><strong>3<\/strong> Refor\u00e7ar protocolos de triagem, colaboradores, fornecedores e materiais<\/p>\n<p><strong>4<\/strong> Preparar-se para aumento na taxa de absentismo<\/p>\n<p><strong>5<\/strong> Alinhar sistemas de TI e suporte a evolu\u00e7\u00e3o das necessidades de trabalho<\/p>\n<p><strong>6<\/strong> Preparar planos de sucess\u00e3o para posi\u00e7\u00f5es de executivo-chave<\/p>\n<p>7 Concentrar-se no fluxo de caixa<\/p>\n<p><strong>8<\/strong> Buscar diferencia\u00e7\u00e3o e alternativas: canal de venda, distribui\u00e7\u00e3o, last mile, atendimento do cliente<\/p>\n<p><strong>9<\/strong> Concentrar-se no risco de fornecedores n\u00edvel 1<\/p>\n<p><strong>10<\/strong> Atualizar pol\u00edtica de invent\u00e1rio e par\u00e2metros de planejamento<\/p>\n<p><strong>11<\/strong> Ampliar a transpar\u00eancia e colabora\u00e7\u00e3o com os parceiros<\/p>\n<p>&nbsp;<\/p>\n<p>&nbsp;<\/p>\n","protected":false},"excerpt":{"rendered":"<p>Empresas devem refor\u00e7ar transpar\u00eancia com parceiros e definir estrat\u00e9gias de gerenciamento de riscos<\/p>\n","protected":false},"author":2,"featured_media":1822,"comment_status":"open","ping_status":"closed","sticky":false,"template":"","format":"standard","meta":{"_acf_changed":false,"footnotes":""},"categories":[1],"tags":[],"class_list":["post-1454","post","type-post","status-publish","format-standard","has-post-thumbnail","hentry","category-sem-categoria"],"acf":[],"yoast_head":"<!-- This site is optimized with the Yoast SEO plugin v27.1.1 - https:\/\/yoast.com\/product\/yoast-seo-wordpress\/ -->\n<title>Impactos globais da crise demandam aten\u00e7\u00e3o das empresas \u00e0 cadeia de suprimentos - Jornada da Sustentabilidade, oferecido por Deloitte<\/title>\n<meta name=\"robots\" content=\"index, follow, max-snippet:-1, max-image-preview:large, max-video-preview:-1\" \/>\n<link rel=\"canonical\" href=\"https:\/\/patrocinados.estadao.com.br\/deloitte-jornada-da-sustentabilidade\/2020\/05\/28\/impactos-globais-da-crise-demandam-atencao-das-empresas-a-cadeia-de-suprimentos\/\" \/>\n<meta property=\"og:locale\" content=\"pt_BR\" \/>\n<meta property=\"og:type\" content=\"article\" \/>\n<meta property=\"og:title\" content=\"Impactos globais da crise demandam aten\u00e7\u00e3o das empresas \u00e0 cadeia de suprimentos - Jornada da Sustentabilidade, oferecido por Deloitte\" \/>\n<meta property=\"og:description\" content=\"Empresas devem refor\u00e7ar transpar\u00eancia com parceiros e definir estrat\u00e9gias de gerenciamento de riscos\" \/>\n<meta property=\"og:url\" content=\"https:\/\/patrocinados.estadao.com.br\/deloitte-jornada-da-sustentabilidade\/2020\/05\/28\/impactos-globais-da-crise-demandam-atencao-das-empresas-a-cadeia-de-suprimentos\/\" \/>\n<meta property=\"og:site_name\" content=\"Jornada da Sustentabilidade, oferecido por Deloitte\" \/>\n<meta property=\"article:published_time\" content=\"2020-05-28T20:12:34+00:00\" \/>\n<meta property=\"article:modified_time\" content=\"2021-09-20T14:22:03+00:00\" \/>\n<meta property=\"og:image\" content=\"https:\/\/patrocinados.estadao.com.br\/deloitte-jornada-da-sustentabilidade\/wp-content\/uploads\/2021\/09\/home_foto.jpg\" \/>\n\t<meta property=\"og:image:width\" content=\"760\" \/>\n\t<meta property=\"og:image:height\" content=\"428\" \/>\n\t<meta property=\"og:image:type\" content=\"image\/jpeg\" \/>\n<meta name=\"author\" content=\"Geosfera\" \/>\n<meta name=\"twitter:card\" content=\"summary_large_image\" \/>\n<meta name=\"twitter:label1\" content=\"Escrito por\" \/>\n\t<meta name=\"twitter:data1\" content=\"Geosfera\" \/>\n\t<meta name=\"twitter:label2\" content=\"Est. tempo de leitura\" \/>\n\t<meta name=\"twitter:data2\" content=\"3 minutos\" \/>\n<script type=\"application\/ld+json\" class=\"yoast-schema-graph\">{\"@context\":\"https:\/\/schema.org\",\"@graph\":[{\"@type\":\"Article\",\"@id\":\"https:\/\/patrocinados.estadao.com.br\/deloitte-jornada-da-sustentabilidade\/2020\/05\/28\/impactos-globais-da-crise-demandam-atencao-das-empresas-a-cadeia-de-suprimentos\/#article\",\"isPartOf\":{\"@id\":\"https:\/\/patrocinados.estadao.com.br\/deloitte-jornada-da-sustentabilidade\/2020\/05\/28\/impactos-globais-da-crise-demandam-atencao-das-empresas-a-cadeia-de-suprimentos\/\"},\"author\":{\"name\":\"Geosfera\",\"@id\":\"https:\/\/patrocinados.estadao.com.br\/deloitte-jornada-da-sustentabilidade\/#\/schema\/person\/9be56940425d4f31e0c82015d0fd725f\"},\"headline\":\"Impactos globais da crise demandam aten\u00e7\u00e3o das empresas \u00e0 cadeia de suprimentos\",\"datePublished\":\"2020-05-28T20:12:34+00:00\",\"dateModified\":\"2021-09-20T14:22:03+00:00\",\"mainEntityOfPage\":{\"@id\":\"https:\/\/patrocinados.estadao.com.br\/deloitte-jornada-da-sustentabilidade\/2020\/05\/28\/impactos-globais-da-crise-demandam-atencao-das-empresas-a-cadeia-de-suprimentos\/\"},\"wordCount\":691,\"commentCount\":0,\"image\":{\"@id\":\"https:\/\/patrocinados.estadao.com.br\/deloitte-jornada-da-sustentabilidade\/2020\/05\/28\/impactos-globais-da-crise-demandam-atencao-das-empresas-a-cadeia-de-suprimentos\/#primaryimage\"},\"thumbnailUrl\":\"https:\/\/patrocinados.estadao.com.br\/deloitte-jornada-da-sustentabilidade\/wp-content\/uploads\/2021\/09\/home_foto.jpg\",\"inLanguage\":\"pt-BR\",\"potentialAction\":[{\"@type\":\"CommentAction\",\"name\":\"Comment\",\"target\":[\"https:\/\/patrocinados.estadao.com.br\/deloitte-jornada-da-sustentabilidade\/2020\/05\/28\/impactos-globais-da-crise-demandam-atencao-das-empresas-a-cadeia-de-suprimentos\/#respond\"]}]},{\"@type\":\"WebPage\",\"@id\":\"https:\/\/patrocinados.estadao.com.br\/deloitte-jornada-da-sustentabilidade\/2020\/05\/28\/impactos-globais-da-crise-demandam-atencao-das-empresas-a-cadeia-de-suprimentos\/\",\"url\":\"https:\/\/patrocinados.estadao.com.br\/deloitte-jornada-da-sustentabilidade\/2020\/05\/28\/impactos-globais-da-crise-demandam-atencao-das-empresas-a-cadeia-de-suprimentos\/\",\"name\":\"Impactos globais da crise demandam aten\u00e7\u00e3o das empresas \u00e0 cadeia de suprimentos - Jornada da Sustentabilidade, oferecido por Deloitte\",\"isPartOf\":{\"@id\":\"https:\/\/patrocinados.estadao.com.br\/deloitte-jornada-da-sustentabilidade\/#website\"},\"primaryImageOfPage\":{\"@id\":\"https:\/\/patrocinados.estadao.com.br\/deloitte-jornada-da-sustentabilidade\/2020\/05\/28\/impactos-globais-da-crise-demandam-atencao-das-empresas-a-cadeia-de-suprimentos\/#primaryimage\"},\"image\":{\"@id\":\"https:\/\/patrocinados.estadao.com.br\/deloitte-jornada-da-sustentabilidade\/2020\/05\/28\/impactos-globais-da-crise-demandam-atencao-das-empresas-a-cadeia-de-suprimentos\/#primaryimage\"},\"thumbnailUrl\":\"https:\/\/patrocinados.estadao.com.br\/deloitte-jornada-da-sustentabilidade\/wp-content\/uploads\/2021\/09\/home_foto.jpg\",\"datePublished\":\"2020-05-28T20:12:34+00:00\",\"dateModified\":\"2021-09-20T14:22:03+00:00\",\"author\":{\"@id\":\"https:\/\/patrocinados.estadao.com.br\/deloitte-jornada-da-sustentabilidade\/#\/schema\/person\/9be56940425d4f31e0c82015d0fd725f\"},\"breadcrumb\":{\"@id\":\"https:\/\/patrocinados.estadao.com.br\/deloitte-jornada-da-sustentabilidade\/2020\/05\/28\/impactos-globais-da-crise-demandam-atencao-das-empresas-a-cadeia-de-suprimentos\/#breadcrumb\"},\"inLanguage\":\"pt-BR\",\"potentialAction\":[{\"@type\":\"ReadAction\",\"target\":[\"https:\/\/patrocinados.estadao.com.br\/deloitte-jornada-da-sustentabilidade\/2020\/05\/28\/impactos-globais-da-crise-demandam-atencao-das-empresas-a-cadeia-de-suprimentos\/\"]}]},{\"@type\":\"ImageObject\",\"inLanguage\":\"pt-BR\",\"@id\":\"https:\/\/patrocinados.estadao.com.br\/deloitte-jornada-da-sustentabilidade\/2020\/05\/28\/impactos-globais-da-crise-demandam-atencao-das-empresas-a-cadeia-de-suprimentos\/#primaryimage\",\"url\":\"https:\/\/patrocinados.estadao.com.br\/deloitte-jornada-da-sustentabilidade\/wp-content\/uploads\/2021\/09\/home_foto.jpg\",\"contentUrl\":\"https:\/\/patrocinados.estadao.com.br\/deloitte-jornada-da-sustentabilidade\/wp-content\/uploads\/2021\/09\/home_foto.jpg\",\"width\":760,\"height\":428},{\"@type\":\"BreadcrumbList\",\"@id\":\"https:\/\/patrocinados.estadao.com.br\/deloitte-jornada-da-sustentabilidade\/2020\/05\/28\/impactos-globais-da-crise-demandam-atencao-das-empresas-a-cadeia-de-suprimentos\/#breadcrumb\",\"itemListElement\":[{\"@type\":\"ListItem\",\"position\":1,\"name\":\"In\u00edcio\",\"item\":\"https:\/\/patrocinados.estadao.com.br\/deloitte-jornada-da-sustentabilidade\/\"},{\"@type\":\"ListItem\",\"position\":2,\"name\":\"Impactos globais da crise demandam aten\u00e7\u00e3o das empresas \u00e0 cadeia de suprimentos\"}]},{\"@type\":\"WebSite\",\"@id\":\"https:\/\/patrocinados.estadao.com.br\/deloitte-jornada-da-sustentabilidade\/#website\",\"url\":\"https:\/\/patrocinados.estadao.com.br\/deloitte-jornada-da-sustentabilidade\/\",\"name\":\"Jornada da Sustentabilidade, oferecido por Deloitte\",\"description\":\"Solu\u00e7\u00f5es de governan\u00e7a corporativa para seus desafios de neg\u00f3cios\",\"potentialAction\":[{\"@type\":\"SearchAction\",\"target\":{\"@type\":\"EntryPoint\",\"urlTemplate\":\"https:\/\/patrocinados.estadao.com.br\/deloitte-jornada-da-sustentabilidade\/?s={search_term_string}\"},\"query-input\":{\"@type\":\"PropertyValueSpecification\",\"valueRequired\":true,\"valueName\":\"search_term_string\"}}],\"inLanguage\":\"pt-BR\"},{\"@type\":\"Person\",\"@id\":\"https:\/\/patrocinados.estadao.com.br\/deloitte-jornada-da-sustentabilidade\/#\/schema\/person\/9be56940425d4f31e0c82015d0fd725f\",\"name\":\"Geosfera\",\"image\":{\"@type\":\"ImageObject\",\"inLanguage\":\"pt-BR\",\"@id\":\"https:\/\/patrocinados.estadao.com.br\/deloitte-jornada-da-sustentabilidade\/#\/schema\/person\/image\/\",\"url\":\"https:\/\/secure.gravatar.com\/avatar\/9d33d40efdce4963188a84bd4777a5f81f7c8e9cfcc15e6853c05f5cfee4c0ab?s=96&d=mm&r=g\",\"contentUrl\":\"https:\/\/secure.gravatar.com\/avatar\/9d33d40efdce4963188a84bd4777a5f81f7c8e9cfcc15e6853c05f5cfee4c0ab?s=96&d=mm&r=g\",\"caption\":\"Geosfera\"},\"sameAs\":[\"http:\/\/geosfera.com.br\"],\"url\":\"https:\/\/patrocinados.estadao.com.br\/deloitte-jornada-da-sustentabilidade\/author\/geosfera_deloitte\/\"}]}<\/script>\n<!-- \/ Yoast SEO plugin. -->","yoast_head_json":{"title":"Impactos globais da crise demandam aten\u00e7\u00e3o das empresas \u00e0 cadeia de suprimentos - Jornada da Sustentabilidade, oferecido por Deloitte","robots":{"index":"index","follow":"follow","max-snippet":"max-snippet:-1","max-image-preview":"max-image-preview:large","max-video-preview":"max-video-preview:-1"},"canonical":"https:\/\/patrocinados.estadao.com.br\/deloitte-jornada-da-sustentabilidade\/2020\/05\/28\/impactos-globais-da-crise-demandam-atencao-das-empresas-a-cadeia-de-suprimentos\/","og_locale":"pt_BR","og_type":"article","og_title":"Impactos globais da crise demandam aten\u00e7\u00e3o das empresas \u00e0 cadeia de suprimentos - Jornada da Sustentabilidade, oferecido por Deloitte","og_description":"Empresas devem refor\u00e7ar transpar\u00eancia com parceiros e definir estrat\u00e9gias de gerenciamento de riscos","og_url":"https:\/\/patrocinados.estadao.com.br\/deloitte-jornada-da-sustentabilidade\/2020\/05\/28\/impactos-globais-da-crise-demandam-atencao-das-empresas-a-cadeia-de-suprimentos\/","og_site_name":"Jornada da Sustentabilidade, oferecido por Deloitte","article_published_time":"2020-05-28T20:12:34+00:00","article_modified_time":"2021-09-20T14:22:03+00:00","og_image":[{"width":760,"height":428,"url":"https:\/\/patrocinados.estadao.com.br\/deloitte-jornada-da-sustentabilidade\/wp-content\/uploads\/2021\/09\/home_foto.jpg","type":"image\/jpeg"}],"author":"Geosfera","twitter_card":"summary_large_image","twitter_misc":{"Escrito por":"Geosfera","Est. tempo de leitura":"3 minutos"},"schema":{"@context":"https:\/\/schema.org","@graph":[{"@type":"Article","@id":"https:\/\/patrocinados.estadao.com.br\/deloitte-jornada-da-sustentabilidade\/2020\/05\/28\/impactos-globais-da-crise-demandam-atencao-das-empresas-a-cadeia-de-suprimentos\/#article","isPartOf":{"@id":"https:\/\/patrocinados.estadao.com.br\/deloitte-jornada-da-sustentabilidade\/2020\/05\/28\/impactos-globais-da-crise-demandam-atencao-das-empresas-a-cadeia-de-suprimentos\/"},"author":{"name":"Geosfera","@id":"https:\/\/patrocinados.estadao.com.br\/deloitte-jornada-da-sustentabilidade\/#\/schema\/person\/9be56940425d4f31e0c82015d0fd725f"},"headline":"Impactos globais da crise demandam aten\u00e7\u00e3o das empresas \u00e0 cadeia de suprimentos","datePublished":"2020-05-28T20:12:34+00:00","dateModified":"2021-09-20T14:22:03+00:00","mainEntityOfPage":{"@id":"https:\/\/patrocinados.estadao.com.br\/deloitte-jornada-da-sustentabilidade\/2020\/05\/28\/impactos-globais-da-crise-demandam-atencao-das-empresas-a-cadeia-de-suprimentos\/"},"wordCount":691,"commentCount":0,"image":{"@id":"https:\/\/patrocinados.estadao.com.br\/deloitte-jornada-da-sustentabilidade\/2020\/05\/28\/impactos-globais-da-crise-demandam-atencao-das-empresas-a-cadeia-de-suprimentos\/#primaryimage"},"thumbnailUrl":"https:\/\/patrocinados.estadao.com.br\/deloitte-jornada-da-sustentabilidade\/wp-content\/uploads\/2021\/09\/home_foto.jpg","inLanguage":"pt-BR","potentialAction":[{"@type":"CommentAction","name":"Comment","target":["https:\/\/patrocinados.estadao.com.br\/deloitte-jornada-da-sustentabilidade\/2020\/05\/28\/impactos-globais-da-crise-demandam-atencao-das-empresas-a-cadeia-de-suprimentos\/#respond"]}]},{"@type":"WebPage","@id":"https:\/\/patrocinados.estadao.com.br\/deloitte-jornada-da-sustentabilidade\/2020\/05\/28\/impactos-globais-da-crise-demandam-atencao-das-empresas-a-cadeia-de-suprimentos\/","url":"https:\/\/patrocinados.estadao.com.br\/deloitte-jornada-da-sustentabilidade\/2020\/05\/28\/impactos-globais-da-crise-demandam-atencao-das-empresas-a-cadeia-de-suprimentos\/","name":"Impactos globais da crise demandam aten\u00e7\u00e3o das empresas \u00e0 cadeia de suprimentos - Jornada da Sustentabilidade, oferecido por Deloitte","isPartOf":{"@id":"https:\/\/patrocinados.estadao.com.br\/deloitte-jornada-da-sustentabilidade\/#website"},"primaryImageOfPage":{"@id":"https:\/\/patrocinados.estadao.com.br\/deloitte-jornada-da-sustentabilidade\/2020\/05\/28\/impactos-globais-da-crise-demandam-atencao-das-empresas-a-cadeia-de-suprimentos\/#primaryimage"},"image":{"@id":"https:\/\/patrocinados.estadao.com.br\/deloitte-jornada-da-sustentabilidade\/2020\/05\/28\/impactos-globais-da-crise-demandam-atencao-das-empresas-a-cadeia-de-suprimentos\/#primaryimage"},"thumbnailUrl":"https:\/\/patrocinados.estadao.com.br\/deloitte-jornada-da-sustentabilidade\/wp-content\/uploads\/2021\/09\/home_foto.jpg","datePublished":"2020-05-28T20:12:34+00:00","dateModified":"2021-09-20T14:22:03+00:00","author":{"@id":"https:\/\/patrocinados.estadao.com.br\/deloitte-jornada-da-sustentabilidade\/#\/schema\/person\/9be56940425d4f31e0c82015d0fd725f"},"breadcrumb":{"@id":"https:\/\/patrocinados.estadao.com.br\/deloitte-jornada-da-sustentabilidade\/2020\/05\/28\/impactos-globais-da-crise-demandam-atencao-das-empresas-a-cadeia-de-suprimentos\/#breadcrumb"},"inLanguage":"pt-BR","potentialAction":[{"@type":"ReadAction","target":["https:\/\/patrocinados.estadao.com.br\/deloitte-jornada-da-sustentabilidade\/2020\/05\/28\/impactos-globais-da-crise-demandam-atencao-das-empresas-a-cadeia-de-suprimentos\/"]}]},{"@type":"ImageObject","inLanguage":"pt-BR","@id":"https:\/\/patrocinados.estadao.com.br\/deloitte-jornada-da-sustentabilidade\/2020\/05\/28\/impactos-globais-da-crise-demandam-atencao-das-empresas-a-cadeia-de-suprimentos\/#primaryimage","url":"https:\/\/patrocinados.estadao.com.br\/deloitte-jornada-da-sustentabilidade\/wp-content\/uploads\/2021\/09\/home_foto.jpg","contentUrl":"https:\/\/patrocinados.estadao.com.br\/deloitte-jornada-da-sustentabilidade\/wp-content\/uploads\/2021\/09\/home_foto.jpg","width":760,"height":428},{"@type":"BreadcrumbList","@id":"https:\/\/patrocinados.estadao.com.br\/deloitte-jornada-da-sustentabilidade\/2020\/05\/28\/impactos-globais-da-crise-demandam-atencao-das-empresas-a-cadeia-de-suprimentos\/#breadcrumb","itemListElement":[{"@type":"ListItem","position":1,"name":"In\u00edcio","item":"https:\/\/patrocinados.estadao.com.br\/deloitte-jornada-da-sustentabilidade\/"},{"@type":"ListItem","position":2,"name":"Impactos globais da crise demandam aten\u00e7\u00e3o das empresas \u00e0 cadeia de suprimentos"}]},{"@type":"WebSite","@id":"https:\/\/patrocinados.estadao.com.br\/deloitte-jornada-da-sustentabilidade\/#website","url":"https:\/\/patrocinados.estadao.com.br\/deloitte-jornada-da-sustentabilidade\/","name":"Jornada da Sustentabilidade, oferecido por Deloitte","description":"Solu\u00e7\u00f5es de governan\u00e7a corporativa para seus desafios de neg\u00f3cios","potentialAction":[{"@type":"SearchAction","target":{"@type":"EntryPoint","urlTemplate":"https:\/\/patrocinados.estadao.com.br\/deloitte-jornada-da-sustentabilidade\/?s={search_term_string}"},"query-input":{"@type":"PropertyValueSpecification","valueRequired":true,"valueName":"search_term_string"}}],"inLanguage":"pt-BR"},{"@type":"Person","@id":"https:\/\/patrocinados.estadao.com.br\/deloitte-jornada-da-sustentabilidade\/#\/schema\/person\/9be56940425d4f31e0c82015d0fd725f","name":"Geosfera","image":{"@type":"ImageObject","inLanguage":"pt-BR","@id":"https:\/\/patrocinados.estadao.com.br\/deloitte-jornada-da-sustentabilidade\/#\/schema\/person\/image\/","url":"https:\/\/secure.gravatar.com\/avatar\/9d33d40efdce4963188a84bd4777a5f81f7c8e9cfcc15e6853c05f5cfee4c0ab?s=96&d=mm&r=g","contentUrl":"https:\/\/secure.gravatar.com\/avatar\/9d33d40efdce4963188a84bd4777a5f81f7c8e9cfcc15e6853c05f5cfee4c0ab?s=96&d=mm&r=g","caption":"Geosfera"},"sameAs":["http:\/\/geosfera.com.br"],"url":"https:\/\/patrocinados.estadao.com.br\/deloitte-jornada-da-sustentabilidade\/author\/geosfera_deloitte\/"}]}},"_links":{"self":[{"href":"https:\/\/patrocinados.estadao.com.br\/deloitte-jornada-da-sustentabilidade\/wp-json\/wp\/v2\/posts\/1454","targetHints":{"allow":["GET"]}}],"collection":[{"href":"https:\/\/patrocinados.estadao.com.br\/deloitte-jornada-da-sustentabilidade\/wp-json\/wp\/v2\/posts"}],"about":[{"href":"https:\/\/patrocinados.estadao.com.br\/deloitte-jornada-da-sustentabilidade\/wp-json\/wp\/v2\/types\/post"}],"author":[{"embeddable":true,"href":"https:\/\/patrocinados.estadao.com.br\/deloitte-jornada-da-sustentabilidade\/wp-json\/wp\/v2\/users\/2"}],"replies":[{"embeddable":true,"href":"https:\/\/patrocinados.estadao.com.br\/deloitte-jornada-da-sustentabilidade\/wp-json\/wp\/v2\/comments?post=1454"}],"version-history":[{"count":1,"href":"https:\/\/patrocinados.estadao.com.br\/deloitte-jornada-da-sustentabilidade\/wp-json\/wp\/v2\/posts\/1454\/revisions"}],"predecessor-version":[{"id":1863,"href":"https:\/\/patrocinados.estadao.com.br\/deloitte-jornada-da-sustentabilidade\/wp-json\/wp\/v2\/posts\/1454\/revisions\/1863"}],"wp:featuredmedia":[{"embeddable":true,"href":"https:\/\/patrocinados.estadao.com.br\/deloitte-jornada-da-sustentabilidade\/wp-json\/wp\/v2\/media\/1822"}],"wp:attachment":[{"href":"https:\/\/patrocinados.estadao.com.br\/deloitte-jornada-da-sustentabilidade\/wp-json\/wp\/v2\/media?parent=1454"}],"wp:term":[{"taxonomy":"category","embeddable":true,"href":"https:\/\/patrocinados.estadao.com.br\/deloitte-jornada-da-sustentabilidade\/wp-json\/wp\/v2\/categories?post=1454"},{"taxonomy":"post_tag","embeddable":true,"href":"https:\/\/patrocinados.estadao.com.br\/deloitte-jornada-da-sustentabilidade\/wp-json\/wp\/v2\/tags?post=1454"}],"curies":[{"name":"wp","href":"https:\/\/api.w.org\/{rel}","templated":true}]}}